{"id":115376,"date":"2024-06-25T14:02:52","date_gmt":"2024-06-25T18:02:52","guid":{"rendered":"https:\/\/adf-magazine.com\/?p=115376"},"modified":"2024-06-25T14:03:30","modified_gmt":"2024-06-25T18:03:30","slug":"quenia-vai-processar-piratas-detidos-pela-operacao-atalanta","status":"publish","type":"post","link":"https:\/\/adf-magazine.com\/pt-pt\/2024\/06\/quenia-vai-processar-piratas-detidos-pela-operacao-atalanta\/","title":{"rendered":"Qu\u00e9nia Vai Processar Piratas Detidos pela Opera\u00e7\u00e3o Atalanta"},"content":{"rendered":"<p style=\"font-weight: 400;\">EQUIPA DA ADF<\/p>\n<p>O Qu\u00e9nia reafirmou o seu compromisso de ajudar a processar os suspeitos de pirataria e outros criminosos do mar, num contexto de inseguran\u00e7a provocado pelo recente aumento de ataques de piratas na Som\u00e1lia e pelos rebeldes Houthi do I\u00e9men.<\/p>\n<p>O Qu\u00e9nia vai processar os piratas capturados pela Opera\u00e7\u00e3o Atalanta da For\u00e7a Naval da Uni\u00e3o Europeia (EUNAVFOR) que, nos \u00faltimos meses, deteve v\u00e1rios suspeitos de serem piratas somalis durante opera\u00e7\u00f5es no Oceano \u00cdndico e no Golfo de \u00c1den. A EUNAVFOR n\u00e3o tem autoridade para processar ou deter suspeitos durante muito tempo sem acusa\u00e7\u00e3o formal.<\/p>\n<p><em>O Comandante da Opera\u00e7\u00e3o EUNAVFOR, Vice-Almirante Jos\u00e9<\/em> M. <em>N\u00fa\u00f1ez<\/em>, afirmou que um \u201cacabamento legal\u201d fi\u00e1vel pode ter um \u201cenorme efeito dissuasor\u201d sobre a pirataria.<\/p>\n<p>O recrudescimento da actividade dos piratas somalis come\u00e7ou no final de 2023, ap\u00f3s uma pausa de seis anos, que foi atribu\u00edda a opera\u00e7\u00f5es navais de combate \u00e0 pirataria coordenadas, a medidas de seguran\u00e7a como guardas armados nos navios e ao aumento da persegui\u00e7\u00e3o e pris\u00e3o de piratas.<\/p>\n<p>\u201cO acabamento legal est\u00e1 enraizado no nosso DNA, no nosso DNA operacional,\u201d disse o consultor jur\u00eddico da EUNAVFOR, Tenente-Coronel Rodrigo Lorenzo. \u201cSempre estivemos envolvidos, desde o in\u00edcio, na luta contra a pirataria e outras actividades il\u00edcitas, no acabamento legal, que \u00e9 um constructo. Pode definir-se que somos uma Marinha que n\u00e3o s\u00f3 interrompe, n\u00e3o s\u00f3 interdita, se virmos qualquer actividade ou carga ilegal. Apreendemos a carga, detemos os suspeitos e depois recorremos a qualquer um dos Estados costeiros que esteja disposto a processar os suspeitos.\u201d<\/p>\n<p>As Seychelles tamb\u00e9m concordaram em processar judicialmente os criminosos do mar detidos pela EUNAVFOR.<\/p>\n<p>Em meados de Maio, um navio de guerra da Opera\u00e7\u00e3o Atalanta transferiu seis suspeitos de pirataria para as Seychelles para serem julgados ap\u00f3s um incidente de pirataria no Golfo de \u00c1den. Os presum\u00edveis piratas atacaram o petroleiro Chrystal Arctic, com pavilh\u00e3o das Ilhas Marshall, com espingardas do tipo Kalashnikov e granadas de propuls\u00e3o por foguete. Foram detidos na sequ\u00eancia de um tiroteio com uma fragata italiana, a Federico Martinego, tamb\u00e9m adstrita \u00e0 Opera\u00e7\u00e3o Atalanta, segundo a EUNAVFOR.<\/p>\n<p>Os incidentes de pirataria na Som\u00e1lia t\u00eam aumentado \u00e0 medida que as marinhas internacionais abandonam as \u00e1guas em torno da Som\u00e1lia para se protegerem dos repetidos ataques da mil\u00edcia Houthi do I\u00e9men no Mar Vermelho e noutras \u00e1guas regionais. Registaram-se cinco incidentes de pirataria somali no primeiro trimestre de 2024, em compara\u00e7\u00e3o com zero incidentes no mesmo per\u00edodo do ano passado, de acordo com o Gabinete Mar\u00edtimo Internacional da C\u00e2mara de Com\u00e9rcio Internacional.<\/p>\n<p>A converg\u00eancia dos ataques dos piratas somalis e dos Houthi est\u00e1 a perturbar o com\u00e9rcio mundial. Todos os anos, 20.000 embarca\u00e7\u00f5es passam pelo Golfo de \u00c1den a caminho do Mar Vermelho e do Canal de Suez \u2014 a rota mar\u00edtima mais curta entre a Europa e a \u00c1sia.<\/p>\n<p>Isaiah Nakoru, que dirige o Departamento de Navega\u00e7\u00e3o e Assuntos Mar\u00edtimos do Qu\u00e9nia, disse que o seu pa\u00eds est\u00e1 ansioso por promover a seguran\u00e7a e a livre circula\u00e7\u00e3o de bens e pessoas.<\/p>\n<p>\u201cTemos de trabalhar em conjunto para garantir que alcan\u00e7amos a aspira\u00e7\u00e3o de garantir a sustentabilidade e a seguran\u00e7a, e todas as actividades que amea\u00e7am os meios de subsist\u00eancia das pessoas e os movimentos de pessoas t\u00eam de ser abordados em parceria com todos aqueles que t\u00eam interesse,\u201d Nakoru disse \u00e0 Voz da Am\u00e9rica.<\/p>\n<p><span style=\"font-weight: 400;\">Ian Ralby, especialista em seguran\u00e7a mar\u00edtima, observou que o acordo n\u00e3o \u00e9 novo, uma vez que se insere no \u00e2mbito do Programa de Luta contra a Pirataria da Comiss\u00e3o Europeia e do Escrit\u00f3rio das Na\u00e7\u00f5es Unidas contra a Droga e o Crime, criado em 2009. Ralby disse acreditar que os esfor\u00e7os est\u00e3o provavelmente a ser republicados, tendo em conta os recentes ataques piratas. Considera tamb\u00e9m que a ac\u00e7\u00e3o penal contra os suspeitos de pirataria \u00e9 um meio de dissuas\u00e3o eficaz.<\/span><\/p>\n<p>\u201cNada altera mais o c\u00e1lculo do risco-recompensa do que ser julgado e condenado a um longo per\u00edodo de pris\u00e3o quando se fala de pirataria,\u201d Ralby, director-executivo da I.R. Consilium, disse \u00e0 ADF. \u201c\u00c9 um risco que a maioria n\u00e3o quer correr, e a recompensa \u00e9 dif\u00edcil de alcan\u00e7ar se tivermos a presen\u00e7a constante de for\u00e7as navais dispostas a fazer pontaria com uma espingarda ou a recolh\u00ea-los e lev\u00e1-los a tribunal.\u201d<\/p>\n<p>Desde 2012, as Seychelles julgaram 17 casos de pirataria e o Qu\u00e9nia cerca de 19, de acordo com o Instituto Dinamarqu\u00eas de Estudos Internacionais.<\/p>\n<p>No final de Maio, a Opera\u00e7\u00e3o Atalanta realizou, pela primeira vez, um exerc\u00edcio conjunto multiag\u00eancias com a Marinha e a Guarda Costeira do Qu\u00e9nia. O exerc\u00edcio teve como objectivo refor\u00e7ar a partilha de informa\u00e7\u00f5es, a seguran\u00e7a mar\u00edtima, a coopera\u00e7\u00e3o e o di\u00e1logo sobre quest\u00f5es de paz e seguran\u00e7a regionais.<\/p>\n","protected":false},"excerpt":{"rendered":"<p>EQUIPA DA ADF O Qu\u00e9nia reafirmou o seu compromisso de ajudar a processar os suspeitos de pirataria e outros criminosos do mar, num contexto de inseguran\u00e7a provocado pelo recente aumento de ataques de piratas na Som\u00e1lia e pelos rebeldes Houthi do I\u00e9men. O Qu\u00e9nia vai processar os piratas capturados pela Opera\u00e7\u00e3o Atalanta da For\u00e7a Naval<\/p>\n","protected":false},"author":1,"featured_media":115374,"comment_status":"open","ping_status":"closed","sticky":false,"template":"","format":"standard","meta":{"_acf_changed":false,"_monsterinsights_skip_tracking":false,"_monsterinsights_sitenote_active":false,"_monsterinsights_sitenote_note":"","_monsterinsights_sitenote_category":0,"_uf_show_specific_survey":0,"_uf_disable_surveys":false,"footnotes":""},"categories":[363],"tags":[543,1467,1478,1030,474,1669,1718,835,1377],"class_list":{"0":"post-115376","1":"post","2":"type-post","3":"status-publish","4":"format-standard","5":"has-post-thumbnail","7":"category-melhores-historias","8":"tag-pesca-ilegal","9":"tag-pesca-ilegal-pt-pt","10":"tag-pirataria-pt-pt","11":"tag-pirataria","12":"tag-quenia","13":"tag-quenia-pt-pt","14":"tag-seicheles-pt-pt","15":"tag-seicheles","16":"tag-uniao-europeia"},"acf":[],"yoast_head":"<!-- This site is optimized with the Yoast SEO plugin v27.5 - https:\/\/yoast.com\/product\/yoast-seo-wordpress\/ -->\n<title>Qu\u00e9nia Vai Processar Piratas Detidos pela Opera\u00e7\u00e3o Atalanta - Africa Defense Forum<\/title>\n<meta name=\"robots\" content=\"index, follow, max-snippet:-1, max-image-preview:large, max-video-preview:-1\" \/>\n<link rel=\"canonical\" href=\"https:\/\/adf-magazine.com\/pt-pt\/2024\/06\/quenia-vai-processar-piratas-detidos-pela-operacao-atalanta\/\" \/>\n<meta property=\"og:locale\" content=\"pt_PT\" \/>\n<meta property=\"og:type\" content=\"article\" \/>\n<meta property=\"og:title\" content=\"Qu\u00e9nia Vai Processar Piratas Detidos pela Opera\u00e7\u00e3o Atalanta - Africa Defense Forum\" \/>\n<meta property=\"og:description\" content=\"EQUIPA DA ADF O Qu\u00e9nia reafirmou o seu compromisso de ajudar a processar os suspeitos de pirataria e outros criminosos do mar, num contexto de inseguran\u00e7a provocado pelo recente aumento de ataques de piratas na Som\u00e1lia e pelos rebeldes Houthi do I\u00e9men. O Qu\u00e9nia vai processar os piratas capturados pela Opera\u00e7\u00e3o Atalanta da For\u00e7a Naval\" \/>\n<meta property=\"og:url\" content=\"https:\/\/adf-magazine.com\/pt-pt\/2024\/06\/quenia-vai-processar-piratas-detidos-pela-operacao-atalanta\/\" \/>\n<meta property=\"og:site_name\" content=\"Africa Defense Forum\" \/>\n<meta property=\"article:publisher\" content=\"https:\/\/www.facebook.com\/ADFmagazine\/\" \/>\n<meta property=\"article:published_time\" content=\"2024-06-25T18:02:52+00:00\" \/>\n<meta property=\"article:modified_time\" content=\"2024-06-25T18:03:30+00:00\" \/>\n<meta property=\"og:image\" content=\"https:\/\/adf-magazine.com\/wp-content\/uploads\/2024\/06\/KENYA-PROSECUTE-ONE.jpeg\" \/>\n\t<meta property=\"og:image:width\" content=\"650\" \/>\n\t<meta property=\"og:image:height\" content=\"488\" \/>\n\t<meta property=\"og:image:type\" content=\"image\/jpeg\" \/>\n<meta name=\"author\" content=\"ADF\" \/>\n<meta name=\"twitter:card\" content=\"summary_large_image\" \/>\n<meta name=\"twitter:creator\" content=\"@ADFmagazine\" \/>\n<meta name=\"twitter:site\" content=\"@ADFmagazine\" \/>\n<meta name=\"twitter:label1\" content=\"Escrito por\" \/>\n\t<meta name=\"twitter:data1\" content=\"ADF\" \/>\n\t<meta name=\"twitter:label2\" content=\"Tempo estimado de leitura\" \/>\n\t<meta name=\"twitter:data2\" content=\"4 minutos\" \/>\n<script type=\"application\/ld+json\" class=\"yoast-schema-graph\">{\"@context\":\"https:\\\/\\\/schema.org\",\"@graph\":[{\"@type\":\"Article\",\"@id\":\"https:\\\/\\\/adf-magazine.com\\\/pt-pt\\\/2024\\\/06\\\/quenia-vai-processar-piratas-detidos-pela-operacao-atalanta\\\/#article\",\"isPartOf\":{\"@id\":\"https:\\\/\\\/adf-magazine.com\\\/pt-pt\\\/2024\\\/06\\\/quenia-vai-processar-piratas-detidos-pela-operacao-atalanta\\\/\"},\"author\":{\"name\":\"ADF\",\"@id\":\"https:\\\/\\\/adf-magazine.com\\\/#\\\/schema\\\/person\\\/f266a6061389568b5a11465bb38bc025\"},\"headline\":\"Qu\u00e9nia Vai Processar Piratas Detidos pela Opera\u00e7\u00e3o Atalanta\",\"datePublished\":\"2024-06-25T18:02:52+00:00\",\"dateModified\":\"2024-06-25T18:03:30+00:00\",\"mainEntityOfPage\":{\"@id\":\"https:\\\/\\\/adf-magazine.com\\\/pt-pt\\\/2024\\\/06\\\/quenia-vai-processar-piratas-detidos-pela-operacao-atalanta\\\/\"},\"wordCount\":865,\"commentCount\":0,\"image\":{\"@id\":\"https:\\\/\\\/adf-magazine.com\\\/pt-pt\\\/2024\\\/06\\\/quenia-vai-processar-piratas-detidos-pela-operacao-atalanta\\\/#primaryimage\"},\"thumbnailUrl\":\"https:\\\/\\\/adf-magazine.com\\\/wp-content\\\/uploads\\\/2024\\\/06\\\/KENYA-PROSECUTE-ONE.jpeg\",\"keywords\":[\"pesca ilegal\",\"pesca ilegal\",\"pirataria\",\"pirataria\",\"Qu\u00e9nia\",\"Qu\u00e9nia\",\"Seicheles\",\"Seicheles\",\"Uni\u00e3o Europeia\"],\"articleSection\":[\"Not\u00edcias diaries\"],\"inLanguage\":\"pt-PT\",\"potentialAction\":[{\"@type\":\"CommentAction\",\"name\":\"Comment\",\"target\":[\"https:\\\/\\\/adf-magazine.com\\\/pt-pt\\\/2024\\\/06\\\/quenia-vai-processar-piratas-detidos-pela-operacao-atalanta\\\/#respond\"]}]},{\"@type\":\"WebPage\",\"@id\":\"https:\\\/\\\/adf-magazine.com\\\/pt-pt\\\/2024\\\/06\\\/quenia-vai-processar-piratas-detidos-pela-operacao-atalanta\\\/\",\"url\":\"https:\\\/\\\/adf-magazine.com\\\/pt-pt\\\/2024\\\/06\\\/quenia-vai-processar-piratas-detidos-pela-operacao-atalanta\\\/\",\"name\":\"Qu\u00e9nia Vai Processar Piratas Detidos pela Opera\u00e7\u00e3o Atalanta - Africa Defense Forum\",\"isPartOf\":{\"@id\":\"https:\\\/\\\/adf-magazine.com\\\/#website\"},\"primaryImageOfPage\":{\"@id\":\"https:\\\/\\\/adf-magazine.com\\\/pt-pt\\\/2024\\\/06\\\/quenia-vai-processar-piratas-detidos-pela-operacao-atalanta\\\/#primaryimage\"},\"image\":{\"@id\":\"https:\\\/\\\/adf-magazine.com\\\/pt-pt\\\/2024\\\/06\\\/quenia-vai-processar-piratas-detidos-pela-operacao-atalanta\\\/#primaryimage\"},\"thumbnailUrl\":\"https:\\\/\\\/adf-magazine.com\\\/wp-content\\\/uploads\\\/2024\\\/06\\\/KENYA-PROSECUTE-ONE.jpeg\",\"datePublished\":\"2024-06-25T18:02:52+00:00\",\"dateModified\":\"2024-06-25T18:03:30+00:00\",\"author\":{\"@id\":\"https:\\\/\\\/adf-magazine.com\\\/#\\\/schema\\\/person\\\/f266a6061389568b5a11465bb38bc025\"},\"breadcrumb\":{\"@id\":\"https:\\\/\\\/adf-magazine.com\\\/pt-pt\\\/2024\\\/06\\\/quenia-vai-processar-piratas-detidos-pela-operacao-atalanta\\\/#breadcrumb\"},\"inLanguage\":\"pt-PT\",\"potentialAction\":[{\"@type\":\"ReadAction\",\"target\":[\"https:\\\/\\\/adf-magazine.com\\\/pt-pt\\\/2024\\\/06\\\/quenia-vai-processar-piratas-detidos-pela-operacao-atalanta\\\/\"]}]},{\"@type\":\"ImageObject\",\"inLanguage\":\"pt-PT\",\"@id\":\"https:\\\/\\\/adf-magazine.com\\\/pt-pt\\\/2024\\\/06\\\/quenia-vai-processar-piratas-detidos-pela-operacao-atalanta\\\/#primaryimage\",\"url\":\"https:\\\/\\\/adf-magazine.com\\\/wp-content\\\/uploads\\\/2024\\\/06\\\/KENYA-PROSECUTE-ONE.jpeg\",\"contentUrl\":\"https:\\\/\\\/adf-magazine.com\\\/wp-content\\\/uploads\\\/2024\\\/06\\\/KENYA-PROSECUTE-ONE.jpeg\",\"width\":650,\"height\":488,\"caption\":\"Presum\u00edveis piratas somalis chegam \u00e0s Seychelles para serem julgados. \u00a9 FOR\u00c7A NAVAL DA UNI\u00c3O EUROPEIA \u2014 OPERA\u00c7\u00c3O ATALANTA\"},{\"@type\":\"BreadcrumbList\",\"@id\":\"https:\\\/\\\/adf-magazine.com\\\/pt-pt\\\/2024\\\/06\\\/quenia-vai-processar-piratas-detidos-pela-operacao-atalanta\\\/#breadcrumb\",\"itemListElement\":[{\"@type\":\"ListItem\",\"position\":1,\"name\":\"Home\",\"item\":\"https:\\\/\\\/adf-magazine.com\\\/\"},{\"@type\":\"ListItem\",\"position\":2,\"name\":\"Qu\u00e9nia Vai Processar Piratas Detidos pela Opera\u00e7\u00e3o Atalanta\"}]},{\"@type\":\"WebSite\",\"@id\":\"https:\\\/\\\/adf-magazine.com\\\/#website\",\"url\":\"https:\\\/\\\/adf-magazine.com\\\/\",\"name\":\"Africa Defense Forum\",\"description\":\"Africa Defense Forum\",\"potentialAction\":[{\"@type\":\"SearchAction\",\"target\":{\"@type\":\"EntryPoint\",\"urlTemplate\":\"https:\\\/\\\/adf-magazine.com\\\/?s={search_term_string}\"},\"query-input\":{\"@type\":\"PropertyValueSpecification\",\"valueRequired\":true,\"valueName\":\"search_term_string\"}}],\"inLanguage\":\"pt-PT\"},{\"@type\":\"Person\",\"@id\":\"https:\\\/\\\/adf-magazine.com\\\/#\\\/schema\\\/person\\\/f266a6061389568b5a11465bb38bc025\",\"name\":\"ADF\",\"image\":{\"@type\":\"ImageObject\",\"inLanguage\":\"pt-PT\",\"@id\":\"https:\\\/\\\/adf-magazine.com\\\/wp-content\\\/uploads\\\/2020\\\/05\\\/cropped-ADF_icon.jpg\",\"url\":\"https:\\\/\\\/adf-magazine.com\\\/wp-content\\\/uploads\\\/2020\\\/05\\\/cropped-ADF_icon.jpg\",\"contentUrl\":\"https:\\\/\\\/adf-magazine.com\\\/wp-content\\\/uploads\\\/2020\\\/05\\\/cropped-ADF_icon.jpg\",\"caption\":\"ADF\"},\"description\":\"ADF is a professional military magazine published quarterly by U.S. Africa Command to provide an international forum for African security professionals. ADF covers topics such as counter terrorism strategies, security and defense operations, transnational crime, and all other issues affecting peace, stability, and good governance on the African continent.\",\"sameAs\":[\"https:\\\/\\\/x.com\\\/ADFmagazine\"],\"url\":\"https:\\\/\\\/adf-magazine.com\\\/pt-pt\\\/author\\\/adf\\\/\"}]}<\/script>\n<!-- \/ Yoast SEO plugin. -->","yoast_head_json":{"title":"Qu\u00e9nia Vai Processar Piratas Detidos pela Opera\u00e7\u00e3o Atalanta - Africa Defense Forum","robots":{"index":"index","follow":"follow","max-snippet":"max-snippet:-1","max-image-preview":"max-image-preview:large","max-video-preview":"max-video-preview:-1"},"canonical":"https:\/\/adf-magazine.com\/pt-pt\/2024\/06\/quenia-vai-processar-piratas-detidos-pela-operacao-atalanta\/","og_locale":"pt_PT","og_type":"article","og_title":"Qu\u00e9nia Vai Processar Piratas Detidos pela Opera\u00e7\u00e3o Atalanta - Africa Defense Forum","og_description":"EQUIPA DA ADF O Qu\u00e9nia reafirmou o seu compromisso de ajudar a processar os suspeitos de pirataria e outros criminosos do mar, num contexto de inseguran\u00e7a provocado pelo recente aumento de ataques de piratas na Som\u00e1lia e pelos rebeldes Houthi do I\u00e9men. O Qu\u00e9nia vai processar os piratas capturados pela Opera\u00e7\u00e3o Atalanta da For\u00e7a Naval","og_url":"https:\/\/adf-magazine.com\/pt-pt\/2024\/06\/quenia-vai-processar-piratas-detidos-pela-operacao-atalanta\/","og_site_name":"Africa Defense Forum","article_publisher":"https:\/\/www.facebook.com\/ADFmagazine\/","article_published_time":"2024-06-25T18:02:52+00:00","article_modified_time":"2024-06-25T18:03:30+00:00","og_image":[{"width":650,"height":488,"url":"https:\/\/adf-magazine.com\/wp-content\/uploads\/2024\/06\/KENYA-PROSECUTE-ONE.jpeg","type":"image\/jpeg"}],"author":"ADF","twitter_card":"summary_large_image","twitter_creator":"@ADFmagazine","twitter_site":"@ADFmagazine","twitter_misc":{"Escrito por":"ADF","Tempo estimado de leitura":"4 minutos"},"schema":{"@context":"https:\/\/schema.org","@graph":[{"@type":"Article","@id":"https:\/\/adf-magazine.com\/pt-pt\/2024\/06\/quenia-vai-processar-piratas-detidos-pela-operacao-atalanta\/#article","isPartOf":{"@id":"https:\/\/adf-magazine.com\/pt-pt\/2024\/06\/quenia-vai-processar-piratas-detidos-pela-operacao-atalanta\/"},"author":{"name":"ADF","@id":"https:\/\/adf-magazine.com\/#\/schema\/person\/f266a6061389568b5a11465bb38bc025"},"headline":"Qu\u00e9nia Vai Processar Piratas Detidos pela Opera\u00e7\u00e3o Atalanta","datePublished":"2024-06-25T18:02:52+00:00","dateModified":"2024-06-25T18:03:30+00:00","mainEntityOfPage":{"@id":"https:\/\/adf-magazine.com\/pt-pt\/2024\/06\/quenia-vai-processar-piratas-detidos-pela-operacao-atalanta\/"},"wordCount":865,"commentCount":0,"image":{"@id":"https:\/\/adf-magazine.com\/pt-pt\/2024\/06\/quenia-vai-processar-piratas-detidos-pela-operacao-atalanta\/#primaryimage"},"thumbnailUrl":"https:\/\/adf-magazine.com\/wp-content\/uploads\/2024\/06\/KENYA-PROSECUTE-ONE.jpeg","keywords":["pesca ilegal","pesca ilegal","pirataria","pirataria","Qu\u00e9nia","Qu\u00e9nia","Seicheles","Seicheles","Uni\u00e3o Europeia"],"articleSection":["Not\u00edcias diaries"],"inLanguage":"pt-PT","potentialAction":[{"@type":"CommentAction","name":"Comment","target":["https:\/\/adf-magazine.com\/pt-pt\/2024\/06\/quenia-vai-processar-piratas-detidos-pela-operacao-atalanta\/#respond"]}]},{"@type":"WebPage","@id":"https:\/\/adf-magazine.com\/pt-pt\/2024\/06\/quenia-vai-processar-piratas-detidos-pela-operacao-atalanta\/","url":"https:\/\/adf-magazine.com\/pt-pt\/2024\/06\/quenia-vai-processar-piratas-detidos-pela-operacao-atalanta\/","name":"Qu\u00e9nia Vai Processar Piratas Detidos pela Opera\u00e7\u00e3o Atalanta - Africa Defense Forum","isPartOf":{"@id":"https:\/\/adf-magazine.com\/#website"},"primaryImageOfPage":{"@id":"https:\/\/adf-magazine.com\/pt-pt\/2024\/06\/quenia-vai-processar-piratas-detidos-pela-operacao-atalanta\/#primaryimage"},"image":{"@id":"https:\/\/adf-magazine.com\/pt-pt\/2024\/06\/quenia-vai-processar-piratas-detidos-pela-operacao-atalanta\/#primaryimage"},"thumbnailUrl":"https:\/\/adf-magazine.com\/wp-content\/uploads\/2024\/06\/KENYA-PROSECUTE-ONE.jpeg","datePublished":"2024-06-25T18:02:52+00:00","dateModified":"2024-06-25T18:03:30+00:00","author":{"@id":"https:\/\/adf-magazine.com\/#\/schema\/person\/f266a6061389568b5a11465bb38bc025"},"breadcrumb":{"@id":"https:\/\/adf-magazine.com\/pt-pt\/2024\/06\/quenia-vai-processar-piratas-detidos-pela-operacao-atalanta\/#breadcrumb"},"inLanguage":"pt-PT","potentialAction":[{"@type":"ReadAction","target":["https:\/\/adf-magazine.com\/pt-pt\/2024\/06\/quenia-vai-processar-piratas-detidos-pela-operacao-atalanta\/"]}]},{"@type":"ImageObject","inLanguage":"pt-PT","@id":"https:\/\/adf-magazine.com\/pt-pt\/2024\/06\/quenia-vai-processar-piratas-detidos-pela-operacao-atalanta\/#primaryimage","url":"https:\/\/adf-magazine.com\/wp-content\/uploads\/2024\/06\/KENYA-PROSECUTE-ONE.jpeg","contentUrl":"https:\/\/adf-magazine.com\/wp-content\/uploads\/2024\/06\/KENYA-PROSECUTE-ONE.jpeg","width":650,"height":488,"caption":"Presum\u00edveis piratas somalis chegam \u00e0s Seychelles para serem julgados. \u00a9 FOR\u00c7A NAVAL DA UNI\u00c3O EUROPEIA \u2014 OPERA\u00c7\u00c3O ATALANTA"},{"@type":"BreadcrumbList","@id":"https:\/\/adf-magazine.com\/pt-pt\/2024\/06\/quenia-vai-processar-piratas-detidos-pela-operacao-atalanta\/#breadcrumb","itemListElement":[{"@type":"ListItem","position":1,"name":"Home","item":"https:\/\/adf-magazine.com\/"},{"@type":"ListItem","position":2,"name":"Qu\u00e9nia Vai Processar Piratas Detidos pela Opera\u00e7\u00e3o Atalanta"}]},{"@type":"WebSite","@id":"https:\/\/adf-magazine.com\/#website","url":"https:\/\/adf-magazine.com\/","name":"Africa Defense Forum","description":"Africa Defense Forum","potentialAction":[{"@type":"SearchAction","target":{"@type":"EntryPoint","urlTemplate":"https:\/\/adf-magazine.com\/?s={search_term_string}"},"query-input":{"@type":"PropertyValueSpecification","valueRequired":true,"valueName":"search_term_string"}}],"inLanguage":"pt-PT"},{"@type":"Person","@id":"https:\/\/adf-magazine.com\/#\/schema\/person\/f266a6061389568b5a11465bb38bc025","name":"ADF","image":{"@type":"ImageObject","inLanguage":"pt-PT","@id":"https:\/\/adf-magazine.com\/wp-content\/uploads\/2020\/05\/cropped-ADF_icon.jpg","url":"https:\/\/adf-magazine.com\/wp-content\/uploads\/2020\/05\/cropped-ADF_icon.jpg","contentUrl":"https:\/\/adf-magazine.com\/wp-content\/uploads\/2020\/05\/cropped-ADF_icon.jpg","caption":"ADF"},"description":"ADF is a professional military magazine published quarterly by U.S. Africa Command to provide an international forum for African security professionals. ADF covers topics such as counter terrorism strategies, security and defense operations, transnational crime, and all other issues affecting peace, stability, and good governance on the African continent.","sameAs":["https:\/\/x.com\/ADFmagazine"],"url":"https:\/\/adf-magazine.com\/pt-pt\/author\/adf\/"}]}},"_links":{"self":[{"href":"https:\/\/adf-magazine.com\/pt-pt\/wp-json\/wp\/v2\/posts\/115376","targetHints":{"allow":["GET"]}}],"collection":[{"href":"https:\/\/adf-magazine.com\/pt-pt\/wp-json\/wp\/v2\/posts"}],"about":[{"href":"https:\/\/adf-magazine.com\/pt-pt\/wp-json\/wp\/v2\/types\/post"}],"author":[{"embeddable":true,"href":"https:\/\/adf-magazine.com\/pt-pt\/wp-json\/wp\/v2\/users\/1"}],"replies":[{"embeddable":true,"href":"https:\/\/adf-magazine.com\/pt-pt\/wp-json\/wp\/v2\/comments?post=115376"}],"version-history":[{"count":0,"href":"https:\/\/adf-magazine.com\/pt-pt\/wp-json\/wp\/v2\/posts\/115376\/revisions"}],"wp:featuredmedia":[{"embeddable":true,"href":"https:\/\/adf-magazine.com\/pt-pt\/wp-json\/wp\/v2\/media\/115374"}],"wp:attachment":[{"href":"https:\/\/adf-magazine.com\/pt-pt\/wp-json\/wp\/v2\/media?parent=115376"}],"wp:term":[{"taxonomy":"category","embeddable":true,"href":"https:\/\/adf-magazine.com\/pt-pt\/wp-json\/wp\/v2\/categories?post=115376"},{"taxonomy":"post_tag","embeddable":true,"href":"https:\/\/adf-magazine.com\/pt-pt\/wp-json\/wp\/v2\/tags?post=115376"}],"curies":[{"name":"wp","href":"https:\/\/api.w.org\/{rel}","templated":true}]}}