{"id":112744,"date":"2024-02-27T15:32:07","date_gmt":"2024-02-27T20:32:07","guid":{"rendered":"https:\/\/adf-magazine.com\/?p=112744"},"modified":"2024-02-27T15:33:00","modified_gmt":"2024-02-27T20:33:00","slug":"junta-do-burquina-faso-utiliza-recrutamento-forcado-para-silenciar-dissidencia","status":"publish","type":"post","link":"https:\/\/adf-magazine.com\/pt-pt\/2024\/02\/junta-do-burquina-faso-utiliza-recrutamento-forcado-para-silenciar-dissidencia\/","title":{"rendered":"Junta do Burquina Faso Utiliza Recrutamento For\u00e7ado para Silenciar Dissid\u00eancia"},"content":{"rendered":"<p style=\"font-weight: 400;\">EQUIPA DA ADF<\/p>\n<p style=\"font-weight: 400;\">O anestesista Dr. Arouna Lour\u00e9 estava a atender pacientes quando soldados armados irromperam subitamente na sala de opera\u00e7\u00f5es do seu hospital em Ouagadougou, capital do Burquina Faso.<\/p>\n<p style=\"font-weight: 400;\">\u201cFizeram-me compreender que me podiam obrigar a sair usando o m\u00e9todo suave ou o m\u00e9todo violento,\u201d disse o homem de 38 anos \u00e0 BBC.<\/p>\n<p style=\"font-weight: 400;\">Os soldados meteram-no numa carrinha e levaram-no para um campo de treino militar a centenas de quil\u00f3metros de dist\u00e2ncia, onde foi recrutado, recebeu um treino militar m\u00ednimo e foi destacado para a linha da frente da guerra brutal do pa\u00eds contra v\u00e1rios grupos extremistas violentos.<\/p>\n<p style=\"font-weight: 400;\">Lour\u00e9 foi raptado em Setembro de 2023. Serviu durante cerca de tr\u00eas meses em tr\u00eas zonas, incluindo Koumbri, um dos locais mais perigosos da regi\u00e3o norte.<\/p>\n<p style=\"font-weight: 400;\">Actualmente, Lour\u00e9 fala sobre os muitos casos em que a junta no poder silencia os cr\u00edticos atrav\u00e9s do recrutamento for\u00e7ado. Considera que foi castigado por uma publica\u00e7\u00e3o no Facebook em que se referia aos governantes militares como \u201cdesertores constitucionais\u201d e criticava a reac\u00e7\u00e3o do ex\u00e9rcito a um ataque de militantes. \u201cNeste pa\u00eds, j\u00e1 n\u00e3o somos livres de dizer o que pensamos,\u201d afirmou.<\/p>\n<p style=\"font-weight: 400;\">Lour\u00e9 \u00e9 um dos pelo menos 15 homens burquinab\u00eas que desapareceram recentemente ou foram for\u00e7ados a juntarem-se \u00e0 mil\u00edcia Volunt\u00e1rios para a Defesa da P\u00e1tria (VDP), de acordo com grupos de defesa de direitos humanos. O governo civil do Burquina Faso formou o VDP em 2020.<\/p>\n<p style=\"font-weight: 400;\">A lista inclui jornalistas, activistas da sociedade civil, um imame e o antigo Ministro dos Neg\u00f3cios Estrangeiros, Ablass\u00e9 Ou\u00e9draogo, um pol\u00edtico da oposi\u00e7\u00e3o que foi detido no final de Dezembro. Cada um deles criticou a junta por abusar de civis e por n\u00e3o conseguir derrotar os insurgentes com uma abordagem exclusivamente militar.<\/p>\n<p style=\"font-weight: 400;\">\u201cO objectivo [da junta] \u00e9 humilhar,\u201d disse Lour\u00e9. \u201cSe obedecermos, tiram-nos uma fotografia e publicam-na nas redes sociais para nos humilharem. Se fugir do pa\u00eds, v\u00e3o chamar-lhe cobarde.\u201d<\/p>\n<p style=\"font-weight: 400;\">Grupos de defesa de direitos humanos e advogados do Burquina Faso afirmam que a junta est\u00e1 a abusar do decreto de \u201cmobiliza\u00e7\u00e3o geral\u201d aprovado em 2023, que lhe d\u00e1 o poder de recrutar qualquer pessoa com mais de 18 anos.<\/p>\n<p style=\"font-weight: 400;\">\u201cAs autoridades burquinab\u00eas est\u00e3o a travar uma guerra leg\u00edtima, mas responder aos abusos com abusos n\u00e3o \u00e9 a solu\u00e7\u00e3o,\u201d Ilaria Allegrozzi, investigadora s\u00e9nior da Human Rights Watch para o Sahel, disse \u00e0 BBC.<\/p>\n<p style=\"font-weight: 400;\">O l\u00edder da Junta, Capit\u00e3o Ibrahim Traor\u00e9, utiliza o VDP para refor\u00e7ar as for\u00e7as armadas burquinab\u00eas, que h\u00e1 mais de sete anos combatem extremistas ligados ao grupo do Estado Isl\u00e2mico e \u00e0 al-Qaeda. Os combatentes extremistas mataram milhares de pessoas e for\u00e7aram mais de 2 milh\u00f5es a abandonar as suas casas, segundo as Na\u00e7\u00f5es Unidas.<\/p>\n<p style=\"font-weight: 400;\">As autoridades governamentais afirmaram que 50.000 pessoas se ofereceram para aderir ao VDP. No entanto, os insurgentes conseguiram controlar metade do territ\u00f3rio do pa\u00eds, principalmente no norte.<\/p>\n<p style=\"font-weight: 400;\">Quando tomou o poder em Setembro de 2022, Traor\u00e9 prometeu melhorar a seguran\u00e7a dentro de \u201cdois a tr\u00eas meses\u201d e restabelecer o regime civil at\u00e9 Julho de 2024. Por\u00e9m, ele voltou atr\u00e1s.<\/p>\n<p style=\"font-weight: 400;\">\u201cN\u00e3o haver\u00e1 uma elei\u00e7\u00e3o que se concentre apenas em Ouagadougou, Bobo-Dioulasso e outras cidades pr\u00f3ximas,\u201d afirmou num discurso proferido em Novembro de 2023, deixando tamb\u00e9m clara a sua opini\u00e3o sobre o recrutamento. \u201cAs liberdades individuais n\u00e3o [s\u00e3o] superiores \u00e0 liberdade nacional.\u201d<\/p>\n<p style=\"font-weight: 400;\">Em Fevereiro de 2024, circularam nas redes sociais fotografias de Ou\u00e9draogo, de 70 anos, envergando fardas e realizando manobras militares com uma AK-47. Foi a primeira vez que foi visto desde a sua deten\u00e7\u00e3o.<\/p>\n<p style=\"font-weight: 400;\">Depois de ter sido liberto e regressado a casa no final de Dezembro, Lour\u00e9 disse que o seu recrutamento for\u00e7ado apenas refor\u00e7ou a sua convic\u00e7\u00e3o de que a abordagem antiterrorista da junta est\u00e1 a falhar e que o silenciamento dos dissidentes est\u00e1 a agravar o perigo para os civis.<\/p>\n<p><span style=\"font-weight: 400;\">\u201cEsta prova de vida refor\u00e7a a minha convic\u00e7\u00e3o de que a base para a constru\u00e7\u00e3o de uma na\u00e7\u00e3o de paz e prosperidade duradoura continua a ser o Estado de direito,\u201d publicou no Facebook a 13 de Dezembro de 2023.<\/span><\/p>\n","protected":false},"excerpt":{"rendered":"<p>EQUIPA DA ADF O anestesista Dr. Arouna Lour\u00e9 estava a atender pacientes quando soldados armados irromperam subitamente na sala de opera\u00e7\u00f5es do seu hospital em Ouagadougou, capital do Burquina Faso. \u201cFizeram-me compreender que me podiam obrigar a sair usando o m\u00e9todo suave ou o m\u00e9todo violento,\u201d disse o homem de 38 anos \u00e0 BBC. Os<\/p>\n","protected":false},"author":1,"featured_media":112742,"comment_status":"open","ping_status":"closed","sticky":false,"template":"","format":"standard","meta":{"_acf_changed":false,"_monsterinsights_skip_tracking":false,"_monsterinsights_sitenote_active":false,"_monsterinsights_sitenote_note":"","_monsterinsights_sitenote_category":0,"_uf_show_specific_survey":0,"_uf_disable_surveys":false,"footnotes":""},"categories":[363],"tags":[503,1207,499,706,501,1139],"class_list":{"0":"post-112744","1":"post","2":"type-post","3":"status-publish","4":"format-standard","5":"has-post-thumbnail","7":"category-melhores-historias","8":"tag-burkina-faso-pt-pt","9":"tag-estado-islamico","10":"tag-extremismo","11":"tag-golpes","12":"tag-sahel-pt-pt","13":"tag-terrorism-pt-pt"},"acf":[],"yoast_head":"<!-- This site is optimized with the Yoast SEO plugin v27.4 - https:\/\/yoast.com\/product\/yoast-seo-wordpress\/ -->\n<title>Junta do Burquina Faso Utiliza Recrutamento For\u00e7ado para Silenciar Dissid\u00eancia - Africa Defense Forum<\/title>\n<meta name=\"robots\" content=\"index, follow, max-snippet:-1, max-image-preview:large, max-video-preview:-1\" \/>\n<link rel=\"canonical\" href=\"https:\/\/adf-magazine.com\/pt-pt\/2024\/02\/junta-do-burquina-faso-utiliza-recrutamento-forcado-para-silenciar-dissidencia\/\" \/>\n<meta property=\"og:locale\" content=\"pt_PT\" \/>\n<meta property=\"og:type\" content=\"article\" \/>\n<meta property=\"og:title\" content=\"Junta do Burquina Faso Utiliza Recrutamento For\u00e7ado para Silenciar Dissid\u00eancia - Africa Defense Forum\" \/>\n<meta property=\"og:description\" content=\"EQUIPA DA ADF O anestesista Dr. Arouna Lour\u00e9 estava a atender pacientes quando soldados armados irromperam subitamente na sala de opera\u00e7\u00f5es do seu hospital em Ouagadougou, capital do Burquina Faso. \u201cFizeram-me compreender que me podiam obrigar a sair usando o m\u00e9todo suave ou o m\u00e9todo violento,\u201d disse o homem de 38 anos \u00e0 BBC. Os\" \/>\n<meta property=\"og:url\" content=\"https:\/\/adf-magazine.com\/pt-pt\/2024\/02\/junta-do-burquina-faso-utiliza-recrutamento-forcado-para-silenciar-dissidencia\/\" \/>\n<meta property=\"og:site_name\" content=\"Africa Defense Forum\" \/>\n<meta property=\"article:publisher\" content=\"https:\/\/www.facebook.com\/ADFmagazine\/\" \/>\n<meta property=\"article:published_time\" content=\"2024-02-27T20:32:07+00:00\" \/>\n<meta property=\"article:modified_time\" content=\"2024-02-27T20:33:00+00:00\" \/>\n<meta property=\"og:image\" content=\"https:\/\/adf-magazine.com\/wp-content\/uploads\/2024\/02\/BFCONSCRIPTS1.jpg\" \/>\n\t<meta property=\"og:image:width\" content=\"756\" \/>\n\t<meta property=\"og:image:height\" content=\"521\" \/>\n\t<meta property=\"og:image:type\" content=\"image\/jpeg\" \/>\n<meta name=\"author\" content=\"ADF\" \/>\n<meta name=\"twitter:card\" content=\"summary_large_image\" \/>\n<meta name=\"twitter:creator\" content=\"@ADFmagazine\" \/>\n<meta name=\"twitter:site\" content=\"@ADFmagazine\" \/>\n<meta name=\"twitter:label1\" content=\"Escrito por\" \/>\n\t<meta name=\"twitter:data1\" content=\"ADF\" \/>\n\t<meta name=\"twitter:label2\" content=\"Tempo estimado de leitura\" \/>\n\t<meta name=\"twitter:data2\" content=\"4 minutos\" \/>\n<script type=\"application\/ld+json\" class=\"yoast-schema-graph\">{\"@context\":\"https:\\\/\\\/schema.org\",\"@graph\":[{\"@type\":\"Article\",\"@id\":\"https:\\\/\\\/adf-magazine.com\\\/pt-pt\\\/2024\\\/02\\\/junta-do-burquina-faso-utiliza-recrutamento-forcado-para-silenciar-dissidencia\\\/#article\",\"isPartOf\":{\"@id\":\"https:\\\/\\\/adf-magazine.com\\\/pt-pt\\\/2024\\\/02\\\/junta-do-burquina-faso-utiliza-recrutamento-forcado-para-silenciar-dissidencia\\\/\"},\"author\":{\"name\":\"ADF\",\"@id\":\"https:\\\/\\\/adf-magazine.com\\\/#\\\/schema\\\/person\\\/f266a6061389568b5a11465bb38bc025\"},\"headline\":\"Junta do Burquina Faso Utiliza Recrutamento For\u00e7ado para Silenciar Dissid\u00eancia\",\"datePublished\":\"2024-02-27T20:32:07+00:00\",\"dateModified\":\"2024-02-27T20:33:00+00:00\",\"mainEntityOfPage\":{\"@id\":\"https:\\\/\\\/adf-magazine.com\\\/pt-pt\\\/2024\\\/02\\\/junta-do-burquina-faso-utiliza-recrutamento-forcado-para-silenciar-dissidencia\\\/\"},\"wordCount\":721,\"commentCount\":0,\"image\":{\"@id\":\"https:\\\/\\\/adf-magazine.com\\\/pt-pt\\\/2024\\\/02\\\/junta-do-burquina-faso-utiliza-recrutamento-forcado-para-silenciar-dissidencia\\\/#primaryimage\"},\"thumbnailUrl\":\"https:\\\/\\\/adf-magazine.com\\\/wp-content\\\/uploads\\\/2024\\\/02\\\/BFCONSCRIPTS1.jpg\",\"keywords\":[\"Burkina Faso\",\"Estado Isl\u00e2mico\",\"extremismo\",\"golpes\",\"Sahel\",\"Terrorism\"],\"articleSection\":[\"Not\u00edcias diaries\"],\"inLanguage\":\"pt-PT\",\"potentialAction\":[{\"@type\":\"CommentAction\",\"name\":\"Comment\",\"target\":[\"https:\\\/\\\/adf-magazine.com\\\/pt-pt\\\/2024\\\/02\\\/junta-do-burquina-faso-utiliza-recrutamento-forcado-para-silenciar-dissidencia\\\/#respond\"]}]},{\"@type\":\"WebPage\",\"@id\":\"https:\\\/\\\/adf-magazine.com\\\/pt-pt\\\/2024\\\/02\\\/junta-do-burquina-faso-utiliza-recrutamento-forcado-para-silenciar-dissidencia\\\/\",\"url\":\"https:\\\/\\\/adf-magazine.com\\\/pt-pt\\\/2024\\\/02\\\/junta-do-burquina-faso-utiliza-recrutamento-forcado-para-silenciar-dissidencia\\\/\",\"name\":\"Junta do Burquina Faso Utiliza Recrutamento For\u00e7ado para Silenciar Dissid\u00eancia - Africa Defense Forum\",\"isPartOf\":{\"@id\":\"https:\\\/\\\/adf-magazine.com\\\/#website\"},\"primaryImageOfPage\":{\"@id\":\"https:\\\/\\\/adf-magazine.com\\\/pt-pt\\\/2024\\\/02\\\/junta-do-burquina-faso-utiliza-recrutamento-forcado-para-silenciar-dissidencia\\\/#primaryimage\"},\"image\":{\"@id\":\"https:\\\/\\\/adf-magazine.com\\\/pt-pt\\\/2024\\\/02\\\/junta-do-burquina-faso-utiliza-recrutamento-forcado-para-silenciar-dissidencia\\\/#primaryimage\"},\"thumbnailUrl\":\"https:\\\/\\\/adf-magazine.com\\\/wp-content\\\/uploads\\\/2024\\\/02\\\/BFCONSCRIPTS1.jpg\",\"datePublished\":\"2024-02-27T20:32:07+00:00\",\"dateModified\":\"2024-02-27T20:33:00+00:00\",\"author\":{\"@id\":\"https:\\\/\\\/adf-magazine.com\\\/#\\\/schema\\\/person\\\/f266a6061389568b5a11465bb38bc025\"},\"breadcrumb\":{\"@id\":\"https:\\\/\\\/adf-magazine.com\\\/pt-pt\\\/2024\\\/02\\\/junta-do-burquina-faso-utiliza-recrutamento-forcado-para-silenciar-dissidencia\\\/#breadcrumb\"},\"inLanguage\":\"pt-PT\",\"potentialAction\":[{\"@type\":\"ReadAction\",\"target\":[\"https:\\\/\\\/adf-magazine.com\\\/pt-pt\\\/2024\\\/02\\\/junta-do-burquina-faso-utiliza-recrutamento-forcado-para-silenciar-dissidencia\\\/\"]}]},{\"@type\":\"ImageObject\",\"inLanguage\":\"pt-PT\",\"@id\":\"https:\\\/\\\/adf-magazine.com\\\/pt-pt\\\/2024\\\/02\\\/junta-do-burquina-faso-utiliza-recrutamento-forcado-para-silenciar-dissidencia\\\/#primaryimage\",\"url\":\"https:\\\/\\\/adf-magazine.com\\\/wp-content\\\/uploads\\\/2024\\\/02\\\/BFCONSCRIPTS1.jpg\",\"contentUrl\":\"https:\\\/\\\/adf-magazine.com\\\/wp-content\\\/uploads\\\/2024\\\/02\\\/BFCONSCRIPTS1.jpg\",\"width\":756,\"height\":521,\"caption\":\"O Dr. Arouna Lour\u00e9 foi obrigado a cumprir o servi\u00e7o militar depois de ter criticado a junta do Burquina Faso no Facebook. Depois de ser liberto em Dezembro, publicou esta fotografia do tempo que passou na linha da frente. AROUNA LOUR\u00c9\"},{\"@type\":\"BreadcrumbList\",\"@id\":\"https:\\\/\\\/adf-magazine.com\\\/pt-pt\\\/2024\\\/02\\\/junta-do-burquina-faso-utiliza-recrutamento-forcado-para-silenciar-dissidencia\\\/#breadcrumb\",\"itemListElement\":[{\"@type\":\"ListItem\",\"position\":1,\"name\":\"Home\",\"item\":\"https:\\\/\\\/adf-magazine.com\\\/\"},{\"@type\":\"ListItem\",\"position\":2,\"name\":\"Junta do Burquina Faso Utiliza Recrutamento For\u00e7ado para Silenciar Dissid\u00eancia\"}]},{\"@type\":\"WebSite\",\"@id\":\"https:\\\/\\\/adf-magazine.com\\\/#website\",\"url\":\"https:\\\/\\\/adf-magazine.com\\\/\",\"name\":\"Africa Defense Forum\",\"description\":\"Africa Defense Forum\",\"potentialAction\":[{\"@type\":\"SearchAction\",\"target\":{\"@type\":\"EntryPoint\",\"urlTemplate\":\"https:\\\/\\\/adf-magazine.com\\\/?s={search_term_string}\"},\"query-input\":{\"@type\":\"PropertyValueSpecification\",\"valueRequired\":true,\"valueName\":\"search_term_string\"}}],\"inLanguage\":\"pt-PT\"},{\"@type\":\"Person\",\"@id\":\"https:\\\/\\\/adf-magazine.com\\\/#\\\/schema\\\/person\\\/f266a6061389568b5a11465bb38bc025\",\"name\":\"ADF\",\"image\":{\"@type\":\"ImageObject\",\"inLanguage\":\"pt-PT\",\"@id\":\"https:\\\/\\\/adf-magazine.com\\\/wp-content\\\/uploads\\\/2020\\\/05\\\/cropped-ADF_icon.jpg\",\"url\":\"https:\\\/\\\/adf-magazine.com\\\/wp-content\\\/uploads\\\/2020\\\/05\\\/cropped-ADF_icon.jpg\",\"contentUrl\":\"https:\\\/\\\/adf-magazine.com\\\/wp-content\\\/uploads\\\/2020\\\/05\\\/cropped-ADF_icon.jpg\",\"caption\":\"ADF\"},\"description\":\"ADF is a professional military magazine published quarterly by U.S. Africa Command to provide an international forum for African security professionals. ADF covers topics such as counter terrorism strategies, security and defense operations, transnational crime, and all other issues affecting peace, stability, and good governance on the African continent.\",\"sameAs\":[\"https:\\\/\\\/x.com\\\/ADFmagazine\"],\"url\":\"https:\\\/\\\/adf-magazine.com\\\/pt-pt\\\/author\\\/adf\\\/\"}]}<\/script>\n<!-- \/ Yoast SEO plugin. -->","yoast_head_json":{"title":"Junta do Burquina Faso Utiliza Recrutamento For\u00e7ado para Silenciar Dissid\u00eancia - Africa Defense Forum","robots":{"index":"index","follow":"follow","max-snippet":"max-snippet:-1","max-image-preview":"max-image-preview:large","max-video-preview":"max-video-preview:-1"},"canonical":"https:\/\/adf-magazine.com\/pt-pt\/2024\/02\/junta-do-burquina-faso-utiliza-recrutamento-forcado-para-silenciar-dissidencia\/","og_locale":"pt_PT","og_type":"article","og_title":"Junta do Burquina Faso Utiliza Recrutamento For\u00e7ado para Silenciar Dissid\u00eancia - Africa Defense Forum","og_description":"EQUIPA DA ADF O anestesista Dr. Arouna Lour\u00e9 estava a atender pacientes quando soldados armados irromperam subitamente na sala de opera\u00e7\u00f5es do seu hospital em Ouagadougou, capital do Burquina Faso. \u201cFizeram-me compreender que me podiam obrigar a sair usando o m\u00e9todo suave ou o m\u00e9todo violento,\u201d disse o homem de 38 anos \u00e0 BBC. Os","og_url":"https:\/\/adf-magazine.com\/pt-pt\/2024\/02\/junta-do-burquina-faso-utiliza-recrutamento-forcado-para-silenciar-dissidencia\/","og_site_name":"Africa Defense Forum","article_publisher":"https:\/\/www.facebook.com\/ADFmagazine\/","article_published_time":"2024-02-27T20:32:07+00:00","article_modified_time":"2024-02-27T20:33:00+00:00","og_image":[{"width":756,"height":521,"url":"https:\/\/adf-magazine.com\/wp-content\/uploads\/2024\/02\/BFCONSCRIPTS1.jpg","type":"image\/jpeg"}],"author":"ADF","twitter_card":"summary_large_image","twitter_creator":"@ADFmagazine","twitter_site":"@ADFmagazine","twitter_misc":{"Escrito por":"ADF","Tempo estimado de leitura":"4 minutos"},"schema":{"@context":"https:\/\/schema.org","@graph":[{"@type":"Article","@id":"https:\/\/adf-magazine.com\/pt-pt\/2024\/02\/junta-do-burquina-faso-utiliza-recrutamento-forcado-para-silenciar-dissidencia\/#article","isPartOf":{"@id":"https:\/\/adf-magazine.com\/pt-pt\/2024\/02\/junta-do-burquina-faso-utiliza-recrutamento-forcado-para-silenciar-dissidencia\/"},"author":{"name":"ADF","@id":"https:\/\/adf-magazine.com\/#\/schema\/person\/f266a6061389568b5a11465bb38bc025"},"headline":"Junta do Burquina Faso Utiliza Recrutamento For\u00e7ado para Silenciar Dissid\u00eancia","datePublished":"2024-02-27T20:32:07+00:00","dateModified":"2024-02-27T20:33:00+00:00","mainEntityOfPage":{"@id":"https:\/\/adf-magazine.com\/pt-pt\/2024\/02\/junta-do-burquina-faso-utiliza-recrutamento-forcado-para-silenciar-dissidencia\/"},"wordCount":721,"commentCount":0,"image":{"@id":"https:\/\/adf-magazine.com\/pt-pt\/2024\/02\/junta-do-burquina-faso-utiliza-recrutamento-forcado-para-silenciar-dissidencia\/#primaryimage"},"thumbnailUrl":"https:\/\/adf-magazine.com\/wp-content\/uploads\/2024\/02\/BFCONSCRIPTS1.jpg","keywords":["Burkina Faso","Estado Isl\u00e2mico","extremismo","golpes","Sahel","Terrorism"],"articleSection":["Not\u00edcias diaries"],"inLanguage":"pt-PT","potentialAction":[{"@type":"CommentAction","name":"Comment","target":["https:\/\/adf-magazine.com\/pt-pt\/2024\/02\/junta-do-burquina-faso-utiliza-recrutamento-forcado-para-silenciar-dissidencia\/#respond"]}]},{"@type":"WebPage","@id":"https:\/\/adf-magazine.com\/pt-pt\/2024\/02\/junta-do-burquina-faso-utiliza-recrutamento-forcado-para-silenciar-dissidencia\/","url":"https:\/\/adf-magazine.com\/pt-pt\/2024\/02\/junta-do-burquina-faso-utiliza-recrutamento-forcado-para-silenciar-dissidencia\/","name":"Junta do Burquina Faso Utiliza Recrutamento For\u00e7ado para Silenciar Dissid\u00eancia - Africa Defense Forum","isPartOf":{"@id":"https:\/\/adf-magazine.com\/#website"},"primaryImageOfPage":{"@id":"https:\/\/adf-magazine.com\/pt-pt\/2024\/02\/junta-do-burquina-faso-utiliza-recrutamento-forcado-para-silenciar-dissidencia\/#primaryimage"},"image":{"@id":"https:\/\/adf-magazine.com\/pt-pt\/2024\/02\/junta-do-burquina-faso-utiliza-recrutamento-forcado-para-silenciar-dissidencia\/#primaryimage"},"thumbnailUrl":"https:\/\/adf-magazine.com\/wp-content\/uploads\/2024\/02\/BFCONSCRIPTS1.jpg","datePublished":"2024-02-27T20:32:07+00:00","dateModified":"2024-02-27T20:33:00+00:00","author":{"@id":"https:\/\/adf-magazine.com\/#\/schema\/person\/f266a6061389568b5a11465bb38bc025"},"breadcrumb":{"@id":"https:\/\/adf-magazine.com\/pt-pt\/2024\/02\/junta-do-burquina-faso-utiliza-recrutamento-forcado-para-silenciar-dissidencia\/#breadcrumb"},"inLanguage":"pt-PT","potentialAction":[{"@type":"ReadAction","target":["https:\/\/adf-magazine.com\/pt-pt\/2024\/02\/junta-do-burquina-faso-utiliza-recrutamento-forcado-para-silenciar-dissidencia\/"]}]},{"@type":"ImageObject","inLanguage":"pt-PT","@id":"https:\/\/adf-magazine.com\/pt-pt\/2024\/02\/junta-do-burquina-faso-utiliza-recrutamento-forcado-para-silenciar-dissidencia\/#primaryimage","url":"https:\/\/adf-magazine.com\/wp-content\/uploads\/2024\/02\/BFCONSCRIPTS1.jpg","contentUrl":"https:\/\/adf-magazine.com\/wp-content\/uploads\/2024\/02\/BFCONSCRIPTS1.jpg","width":756,"height":521,"caption":"O Dr. Arouna Lour\u00e9 foi obrigado a cumprir o servi\u00e7o militar depois de ter criticado a junta do Burquina Faso no Facebook. Depois de ser liberto em Dezembro, publicou esta fotografia do tempo que passou na linha da frente. AROUNA LOUR\u00c9"},{"@type":"BreadcrumbList","@id":"https:\/\/adf-magazine.com\/pt-pt\/2024\/02\/junta-do-burquina-faso-utiliza-recrutamento-forcado-para-silenciar-dissidencia\/#breadcrumb","itemListElement":[{"@type":"ListItem","position":1,"name":"Home","item":"https:\/\/adf-magazine.com\/"},{"@type":"ListItem","position":2,"name":"Junta do Burquina Faso Utiliza Recrutamento For\u00e7ado para Silenciar Dissid\u00eancia"}]},{"@type":"WebSite","@id":"https:\/\/adf-magazine.com\/#website","url":"https:\/\/adf-magazine.com\/","name":"Africa Defense Forum","description":"Africa Defense Forum","potentialAction":[{"@type":"SearchAction","target":{"@type":"EntryPoint","urlTemplate":"https:\/\/adf-magazine.com\/?s={search_term_string}"},"query-input":{"@type":"PropertyValueSpecification","valueRequired":true,"valueName":"search_term_string"}}],"inLanguage":"pt-PT"},{"@type":"Person","@id":"https:\/\/adf-magazine.com\/#\/schema\/person\/f266a6061389568b5a11465bb38bc025","name":"ADF","image":{"@type":"ImageObject","inLanguage":"pt-PT","@id":"https:\/\/adf-magazine.com\/wp-content\/uploads\/2020\/05\/cropped-ADF_icon.jpg","url":"https:\/\/adf-magazine.com\/wp-content\/uploads\/2020\/05\/cropped-ADF_icon.jpg","contentUrl":"https:\/\/adf-magazine.com\/wp-content\/uploads\/2020\/05\/cropped-ADF_icon.jpg","caption":"ADF"},"description":"ADF is a professional military magazine published quarterly by U.S. Africa Command to provide an international forum for African security professionals. ADF covers topics such as counter terrorism strategies, security and defense operations, transnational crime, and all other issues affecting peace, stability, and good governance on the African continent.","sameAs":["https:\/\/x.com\/ADFmagazine"],"url":"https:\/\/adf-magazine.com\/pt-pt\/author\/adf\/"}]}},"_links":{"self":[{"href":"https:\/\/adf-magazine.com\/pt-pt\/wp-json\/wp\/v2\/posts\/112744","targetHints":{"allow":["GET"]}}],"collection":[{"href":"https:\/\/adf-magazine.com\/pt-pt\/wp-json\/wp\/v2\/posts"}],"about":[{"href":"https:\/\/adf-magazine.com\/pt-pt\/wp-json\/wp\/v2\/types\/post"}],"author":[{"embeddable":true,"href":"https:\/\/adf-magazine.com\/pt-pt\/wp-json\/wp\/v2\/users\/1"}],"replies":[{"embeddable":true,"href":"https:\/\/adf-magazine.com\/pt-pt\/wp-json\/wp\/v2\/comments?post=112744"}],"version-history":[{"count":0,"href":"https:\/\/adf-magazine.com\/pt-pt\/wp-json\/wp\/v2\/posts\/112744\/revisions"}],"wp:featuredmedia":[{"embeddable":true,"href":"https:\/\/adf-magazine.com\/pt-pt\/wp-json\/wp\/v2\/media\/112742"}],"wp:attachment":[{"href":"https:\/\/adf-magazine.com\/pt-pt\/wp-json\/wp\/v2\/media?parent=112744"}],"wp:term":[{"taxonomy":"category","embeddable":true,"href":"https:\/\/adf-magazine.com\/pt-pt\/wp-json\/wp\/v2\/categories?post=112744"},{"taxonomy":"post_tag","embeddable":true,"href":"https:\/\/adf-magazine.com\/pt-pt\/wp-json\/wp\/v2\/tags?post=112744"}],"curies":[{"name":"wp","href":"https:\/\/api.w.org\/{rel}","templated":true}]}}