{"id":112609,"date":"2024-02-20T12:25:02","date_gmt":"2024-02-20T17:25:02","guid":{"rendered":"https:\/\/adf-magazine.com\/?p=112609"},"modified":"2024-02-20T12:27:53","modified_gmt":"2024-02-20T17:27:53","slug":"combatentes-rebeldes-do-ola-provocam-aumento-de-raptos-na-regiao-de-oromia-na-etiopia","status":"publish","type":"post","link":"https:\/\/adf-magazine.com\/pt-pt\/2024\/02\/combatentes-rebeldes-do-ola-provocam-aumento-de-raptos-na-regiao-de-oromia-na-etiopia\/","title":{"rendered":"Combatentes Rebeldes do OLA Provocam Aumento de Raptos na Regi\u00e3o de Oromia na Eti\u00f3pia"},"content":{"rendered":"<p style=\"font-weight: 400;\">EQUIPA DA ADF<\/p>\n<p style=\"font-weight: 400;\">O empres\u00e1rio et\u00edope Tola Tesfaye estava a regressar a Adis Abeba quando homens armados pararam o seu ve\u00edculo e o raptaram, pedindo um resgate de 1,3 milh\u00f5es de birr (23.000 d\u00f3lares).<\/p>\n<p style=\"font-weight: 400;\">A experi\u00eancia de Tesfaye est\u00e1 a tornar-se rotineira no Estado de Oromia, no centro da Eti\u00f3pia, sob o comando do Ex\u00e9rcito de Liberta\u00e7\u00e3o Oromo (OLA). O grupo rebelde tem lutado contra o governo da Eti\u00f3pia desde 2018, quando rompeu com a sua ala pol\u00edtica, a Frente de Liberta\u00e7\u00e3o Oromo (OLF), depois de a OLF ter feito as pazes com o governo nacional.<\/p>\n<p style=\"font-weight: 400;\">Desde 2018, o conflito cont\u00ednuo do OLA com o governo federal aumentou a inseguran\u00e7a no cora\u00e7\u00e3o do pa\u00eds. O OLA tamb\u00e9m foi respons\u00e1vel por centenas de mortes de civis, para al\u00e9m de raptos. O governo federal classificou o grupo como uma organiza\u00e7\u00e3o terrorista.<\/p>\n<p style=\"font-weight: 400;\">\u201cDesde que os alegados raptores sejam membros do OLA, normalmente invocamos a proclama\u00e7\u00e3o antiterrorismo para os processar, mesmo que se trate de um julgamento in absentia,\u201d um procurador s\u00e9nior do Gabinete de Justi\u00e7a do Estado Regional de Oromia disse ao Instituto de Estudos de Seguran\u00e7a (ISS), sob condi\u00e7\u00e3o de anonimato.<\/p>\n<p style=\"font-weight: 400;\">At\u00e9 h\u00e1 pouco tempo, os raptores do OLA actuavam sobretudo na Oromia ocidental e eram motivados mais pela pol\u00edtica do que pelo dinheiro. Estes raptos visavam a pol\u00edcia, os funcion\u00e1rios do governo e as suas fam\u00edlias. Isso come\u00e7ou a mudar.<\/p>\n<p style=\"font-weight: 400;\">Segundo os peritos, o OLA recorreu aos raptos para gerar receitas, para al\u00e9m de fazer valer as suas reivindica\u00e7\u00f5es pol\u00edticas. Os raptores sequestraram investigadores de campo, trabalhadores de centrais el\u00e9ctricas, passageiros de autocarros, participantes em festivais e at\u00e9 l\u00edderes pol\u00edticos, como Bekele Kacha, o governador do distrito de Saden Sodo, na zona sudoeste de Shoa, em Oromia. Kacha foi raptado em Junho de 2023 e encontrado morto alguns dias depois, quando a sua fam\u00edlia estava a angariar o seu resgate de 177.000 d\u00f3lares.<\/p>\n<p style=\"font-weight: 400;\">O rapto pelo OLA de trabalhadores de uma f\u00e1brica de cimento na zona de Shoa Norte de Oromia, em Outubro de 2023, ocorreu depois de o grupo ter tentado tomar o controlo da capital da zona, a cidade de Fiche. A tentativa terminou ap\u00f3s uma feroz batalha com as for\u00e7as governamentais.<\/p>\n<p style=\"font-weight: 400;\">\u201cMesmo que se limitem a pagar impostos, os combatentes atacam-vos. \u00c9 muito raro encontrar uma fam\u00edlia na nossa zona que n\u00e3o tenha sido afectada por um rapto,\u201d uma v\u00edtima recente de rapto, chamada Alemetu, disse ao The Guardian.<\/p>\n<p style=\"font-weight: 400;\">Alemetu, a mulher de um funcion\u00e1rio p\u00fablico, foi levada de casa quando estava gr\u00e1vida, amarrada a uma \u00e1rvore e espancada com um chicote enquanto os raptores exigiam que a sua fam\u00edlia pagasse um resgate. Ao mesmo tempo, a sua fam\u00edlia estava a tentar libertar o tio, que tamb\u00e9m tinha sido raptado. Os dois resgates deixaram a sua fam\u00edlia na mis\u00e9ria.<\/p>\n<p style=\"font-weight: 400;\">Segundo o Conselho dos Direitos Humanos da Eti\u00f3pia, as v\u00edtimas de rapto s\u00e3o frequentemente v\u00edtimas de tortura e de condi\u00e7\u00f5es e tratamentos desumanos.<\/p>\n<p style=\"font-weight: 400;\">Os raptores t\u00eam concentrado grande parte da sua aten\u00e7\u00e3o na estrada que liga Adis Abeba a Djibouti, que \u00e9 o principal porto da Eti\u00f3pia sem litoral. Cerca de 95% das importa\u00e7\u00f5es da Eti\u00f3pia passam por esse corredor, o que faz com que os raptos em Oromia constituam uma amea\u00e7a para a economia nacional, segundo os especialistas.<\/p>\n<p style=\"font-weight: 400;\">Suspeita-se que os pagamentos de resgates alimentem conflitos e ajudem o tr\u00e1fico transnacional de armas e os crimes financeiros, segundo Tadesse Simie Metekia e Messay Asgedom Gobena, que escreveram recentemente para o ISS.<\/p>\n<p><span style=\"font-weight: 400;\">Tadesse e Messay apelaram \u00e0s autoridades federais et\u00edopes para que aprofundassem as suas investiga\u00e7\u00f5es sobre as actividades do OLA, em especial no que se refere ao rapto com pedido de resgate. \u201cIndependentemente de os raptos serem actos de banditismo, terrorismo ou crime organizado, a Eti\u00f3pia deve conduzir investiga\u00e7\u00f5es minuciosas com base em informa\u00e7\u00f5es e formular uma estrat\u00e9gia espec\u00edfica para combater estes crimes,\u201d escreveram.<\/span><\/p>\n","protected":false},"excerpt":{"rendered":"<p>EQUIPA DA ADF O empres\u00e1rio et\u00edope Tola Tesfaye estava a regressar a Adis Abeba quando homens armados pararam o seu ve\u00edculo e o raptaram, pedindo um resgate de 1,3 milh\u00f5es de birr (23.000 d\u00f3lares). A experi\u00eancia de Tesfaye est\u00e1 a tornar-se rotineira no Estado de Oromia, no centro da Eti\u00f3pia, sob o comando do Ex\u00e9rcito<\/p>\n","protected":false},"author":1,"featured_media":112607,"comment_status":"open","ping_status":"closed","sticky":false,"template":"","format":"standard","meta":{"_acf_changed":false,"_monsterinsights_skip_tracking":false,"_monsterinsights_sitenote_active":false,"_monsterinsights_sitenote_note":"","_monsterinsights_sitenote_category":0,"_uf_show_specific_survey":0,"_uf_disable_surveys":false,"footnotes":""},"categories":[363],"tags":[762,1330,1139],"class_list":{"0":"post-112609","1":"post","2":"type-post","3":"status-publish","4":"format-standard","5":"has-post-thumbnail","7":"category-melhores-historias","8":"tag-etiopia","9":"tag-sequestro","10":"tag-terrorism-pt-pt"},"acf":[],"yoast_head":"<!-- This site is optimized with the Yoast SEO plugin v27.4 - https:\/\/yoast.com\/product\/yoast-seo-wordpress\/ -->\n<title>Combatentes Rebeldes do OLA Provocam Aumento de Raptos na Regi\u00e3o de Oromia na Eti\u00f3pia - Africa Defense Forum<\/title>\n<meta name=\"robots\" content=\"index, follow, max-snippet:-1, max-image-preview:large, max-video-preview:-1\" \/>\n<link rel=\"canonical\" href=\"https:\/\/adf-magazine.com\/pt-pt\/2024\/02\/combatentes-rebeldes-do-ola-provocam-aumento-de-raptos-na-regiao-de-oromia-na-etiopia\/\" \/>\n<meta property=\"og:locale\" content=\"pt_PT\" \/>\n<meta property=\"og:type\" content=\"article\" \/>\n<meta property=\"og:title\" content=\"Combatentes Rebeldes do OLA Provocam Aumento de Raptos na Regi\u00e3o de Oromia na Eti\u00f3pia - Africa Defense Forum\" \/>\n<meta property=\"og:description\" content=\"EQUIPA DA ADF O empres\u00e1rio et\u00edope Tola Tesfaye estava a regressar a Adis Abeba quando homens armados pararam o seu ve\u00edculo e o raptaram, pedindo um resgate de 1,3 milh\u00f5es de birr (23.000 d\u00f3lares). A experi\u00eancia de Tesfaye est\u00e1 a tornar-se rotineira no Estado de Oromia, no centro da Eti\u00f3pia, sob o comando do Ex\u00e9rcito\" \/>\n<meta property=\"og:url\" content=\"https:\/\/adf-magazine.com\/pt-pt\/2024\/02\/combatentes-rebeldes-do-ola-provocam-aumento-de-raptos-na-regiao-de-oromia-na-etiopia\/\" \/>\n<meta property=\"og:site_name\" content=\"Africa Defense Forum\" \/>\n<meta property=\"article:publisher\" content=\"https:\/\/www.facebook.com\/ADFmagazine\/\" \/>\n<meta property=\"article:published_time\" content=\"2024-02-20T17:25:02+00:00\" \/>\n<meta property=\"article:modified_time\" content=\"2024-02-20T17:27:53+00:00\" \/>\n<meta property=\"og:image\" content=\"https:\/\/adf-magazine.com\/wp-content\/uploads\/2024\/02\/GettyImages-1131021769.jpg\" \/>\n\t<meta property=\"og:image:width\" content=\"1024\" \/>\n\t<meta property=\"og:image:height\" content=\"683\" \/>\n\t<meta property=\"og:image:type\" content=\"image\/jpeg\" \/>\n<meta name=\"author\" content=\"ADF\" \/>\n<meta name=\"twitter:card\" content=\"summary_large_image\" \/>\n<meta name=\"twitter:creator\" content=\"@ADFmagazine\" \/>\n<meta name=\"twitter:site\" content=\"@ADFmagazine\" \/>\n<meta name=\"twitter:label1\" content=\"Escrito por\" \/>\n\t<meta name=\"twitter:data1\" content=\"ADF\" \/>\n\t<meta name=\"twitter:label2\" content=\"Tempo estimado de leitura\" \/>\n\t<meta name=\"twitter:data2\" content=\"3 minutos\" \/>\n<script type=\"application\/ld+json\" class=\"yoast-schema-graph\">{\"@context\":\"https:\\\/\\\/schema.org\",\"@graph\":[{\"@type\":\"Article\",\"@id\":\"https:\\\/\\\/adf-magazine.com\\\/pt-pt\\\/2024\\\/02\\\/combatentes-rebeldes-do-ola-provocam-aumento-de-raptos-na-regiao-de-oromia-na-etiopia\\\/#article\",\"isPartOf\":{\"@id\":\"https:\\\/\\\/adf-magazine.com\\\/pt-pt\\\/2024\\\/02\\\/combatentes-rebeldes-do-ola-provocam-aumento-de-raptos-na-regiao-de-oromia-na-etiopia\\\/\"},\"author\":{\"name\":\"ADF\",\"@id\":\"https:\\\/\\\/adf-magazine.com\\\/#\\\/schema\\\/person\\\/f266a6061389568b5a11465bb38bc025\"},\"headline\":\"Combatentes Rebeldes do OLA Provocam Aumento de Raptos na Regi\u00e3o de Oromia na Eti\u00f3pia\",\"datePublished\":\"2024-02-20T17:25:02+00:00\",\"dateModified\":\"2024-02-20T17:27:53+00:00\",\"mainEntityOfPage\":{\"@id\":\"https:\\\/\\\/adf-magazine.com\\\/pt-pt\\\/2024\\\/02\\\/combatentes-rebeldes-do-ola-provocam-aumento-de-raptos-na-regiao-de-oromia-na-etiopia\\\/\"},\"wordCount\":713,\"commentCount\":0,\"image\":{\"@id\":\"https:\\\/\\\/adf-magazine.com\\\/pt-pt\\\/2024\\\/02\\\/combatentes-rebeldes-do-ola-provocam-aumento-de-raptos-na-regiao-de-oromia-na-etiopia\\\/#primaryimage\"},\"thumbnailUrl\":\"https:\\\/\\\/adf-magazine.com\\\/wp-content\\\/uploads\\\/2024\\\/02\\\/GettyImages-1131021769.jpg\",\"keywords\":[\"Eti\u00f3pia\",\"sequestro\",\"Terrorism\"],\"articleSection\":[\"Not\u00edcias diaries\"],\"inLanguage\":\"pt-PT\",\"potentialAction\":[{\"@type\":\"CommentAction\",\"name\":\"Comment\",\"target\":[\"https:\\\/\\\/adf-magazine.com\\\/pt-pt\\\/2024\\\/02\\\/combatentes-rebeldes-do-ola-provocam-aumento-de-raptos-na-regiao-de-oromia-na-etiopia\\\/#respond\"]}]},{\"@type\":\"WebPage\",\"@id\":\"https:\\\/\\\/adf-magazine.com\\\/pt-pt\\\/2024\\\/02\\\/combatentes-rebeldes-do-ola-provocam-aumento-de-raptos-na-regiao-de-oromia-na-etiopia\\\/\",\"url\":\"https:\\\/\\\/adf-magazine.com\\\/pt-pt\\\/2024\\\/02\\\/combatentes-rebeldes-do-ola-provocam-aumento-de-raptos-na-regiao-de-oromia-na-etiopia\\\/\",\"name\":\"Combatentes Rebeldes do OLA Provocam Aumento de Raptos na Regi\u00e3o de Oromia na Eti\u00f3pia - Africa Defense Forum\",\"isPartOf\":{\"@id\":\"https:\\\/\\\/adf-magazine.com\\\/#website\"},\"primaryImageOfPage\":{\"@id\":\"https:\\\/\\\/adf-magazine.com\\\/pt-pt\\\/2024\\\/02\\\/combatentes-rebeldes-do-ola-provocam-aumento-de-raptos-na-regiao-de-oromia-na-etiopia\\\/#primaryimage\"},\"image\":{\"@id\":\"https:\\\/\\\/adf-magazine.com\\\/pt-pt\\\/2024\\\/02\\\/combatentes-rebeldes-do-ola-provocam-aumento-de-raptos-na-regiao-de-oromia-na-etiopia\\\/#primaryimage\"},\"thumbnailUrl\":\"https:\\\/\\\/adf-magazine.com\\\/wp-content\\\/uploads\\\/2024\\\/02\\\/GettyImages-1131021769.jpg\",\"datePublished\":\"2024-02-20T17:25:02+00:00\",\"dateModified\":\"2024-02-20T17:27:53+00:00\",\"author\":{\"@id\":\"https:\\\/\\\/adf-magazine.com\\\/#\\\/schema\\\/person\\\/f266a6061389568b5a11465bb38bc025\"},\"breadcrumb\":{\"@id\":\"https:\\\/\\\/adf-magazine.com\\\/pt-pt\\\/2024\\\/02\\\/combatentes-rebeldes-do-ola-provocam-aumento-de-raptos-na-regiao-de-oromia-na-etiopia\\\/#breadcrumb\"},\"inLanguage\":\"pt-PT\",\"potentialAction\":[{\"@type\":\"ReadAction\",\"target\":[\"https:\\\/\\\/adf-magazine.com\\\/pt-pt\\\/2024\\\/02\\\/combatentes-rebeldes-do-ola-provocam-aumento-de-raptos-na-regiao-de-oromia-na-etiopia\\\/\"]}]},{\"@type\":\"ImageObject\",\"inLanguage\":\"pt-PT\",\"@id\":\"https:\\\/\\\/adf-magazine.com\\\/pt-pt\\\/2024\\\/02\\\/combatentes-rebeldes-do-ola-provocam-aumento-de-raptos-na-regiao-de-oromia-na-etiopia\\\/#primaryimage\",\"url\":\"https:\\\/\\\/adf-magazine.com\\\/wp-content\\\/uploads\\\/2024\\\/02\\\/GettyImages-1131021769.jpg\",\"contentUrl\":\"https:\\\/\\\/adf-magazine.com\\\/wp-content\\\/uploads\\\/2024\\\/02\\\/GettyImages-1131021769.jpg\",\"width\":1024,\"height\":683,\"caption\":\"Os raptos est\u00e3o a aumentar na regi\u00e3o de Oromia, na Eti\u00f3pia, devido ao conflito entre o governo federal e o Ex\u00e9rcito de Liberta\u00e7\u00e3o Oromo. AFP\\\/GETTY IMAGES\"},{\"@type\":\"BreadcrumbList\",\"@id\":\"https:\\\/\\\/adf-magazine.com\\\/pt-pt\\\/2024\\\/02\\\/combatentes-rebeldes-do-ola-provocam-aumento-de-raptos-na-regiao-de-oromia-na-etiopia\\\/#breadcrumb\",\"itemListElement\":[{\"@type\":\"ListItem\",\"position\":1,\"name\":\"Home\",\"item\":\"https:\\\/\\\/adf-magazine.com\\\/\"},{\"@type\":\"ListItem\",\"position\":2,\"name\":\"Combatentes Rebeldes do OLA Provocam Aumento de Raptos na Regi\u00e3o de Oromia na Eti\u00f3pia\"}]},{\"@type\":\"WebSite\",\"@id\":\"https:\\\/\\\/adf-magazine.com\\\/#website\",\"url\":\"https:\\\/\\\/adf-magazine.com\\\/\",\"name\":\"Africa Defense Forum\",\"description\":\"Africa Defense Forum\",\"potentialAction\":[{\"@type\":\"SearchAction\",\"target\":{\"@type\":\"EntryPoint\",\"urlTemplate\":\"https:\\\/\\\/adf-magazine.com\\\/?s={search_term_string}\"},\"query-input\":{\"@type\":\"PropertyValueSpecification\",\"valueRequired\":true,\"valueName\":\"search_term_string\"}}],\"inLanguage\":\"pt-PT\"},{\"@type\":\"Person\",\"@id\":\"https:\\\/\\\/adf-magazine.com\\\/#\\\/schema\\\/person\\\/f266a6061389568b5a11465bb38bc025\",\"name\":\"ADF\",\"image\":{\"@type\":\"ImageObject\",\"inLanguage\":\"pt-PT\",\"@id\":\"https:\\\/\\\/adf-magazine.com\\\/wp-content\\\/uploads\\\/2020\\\/05\\\/cropped-ADF_icon.jpg\",\"url\":\"https:\\\/\\\/adf-magazine.com\\\/wp-content\\\/uploads\\\/2020\\\/05\\\/cropped-ADF_icon.jpg\",\"contentUrl\":\"https:\\\/\\\/adf-magazine.com\\\/wp-content\\\/uploads\\\/2020\\\/05\\\/cropped-ADF_icon.jpg\",\"caption\":\"ADF\"},\"description\":\"ADF is a professional military magazine published quarterly by U.S. Africa Command to provide an international forum for African security professionals. ADF covers topics such as counter terrorism strategies, security and defense operations, transnational crime, and all other issues affecting peace, stability, and good governance on the African continent.\",\"sameAs\":[\"https:\\\/\\\/x.com\\\/ADFmagazine\"],\"url\":\"https:\\\/\\\/adf-magazine.com\\\/pt-pt\\\/author\\\/adf\\\/\"}]}<\/script>\n<!-- \/ Yoast SEO plugin. -->","yoast_head_json":{"title":"Combatentes Rebeldes do OLA Provocam Aumento de Raptos na Regi\u00e3o de Oromia na Eti\u00f3pia - Africa Defense Forum","robots":{"index":"index","follow":"follow","max-snippet":"max-snippet:-1","max-image-preview":"max-image-preview:large","max-video-preview":"max-video-preview:-1"},"canonical":"https:\/\/adf-magazine.com\/pt-pt\/2024\/02\/combatentes-rebeldes-do-ola-provocam-aumento-de-raptos-na-regiao-de-oromia-na-etiopia\/","og_locale":"pt_PT","og_type":"article","og_title":"Combatentes Rebeldes do OLA Provocam Aumento de Raptos na Regi\u00e3o de Oromia na Eti\u00f3pia - Africa Defense Forum","og_description":"EQUIPA DA ADF O empres\u00e1rio et\u00edope Tola Tesfaye estava a regressar a Adis Abeba quando homens armados pararam o seu ve\u00edculo e o raptaram, pedindo um resgate de 1,3 milh\u00f5es de birr (23.000 d\u00f3lares). A experi\u00eancia de Tesfaye est\u00e1 a tornar-se rotineira no Estado de Oromia, no centro da Eti\u00f3pia, sob o comando do Ex\u00e9rcito","og_url":"https:\/\/adf-magazine.com\/pt-pt\/2024\/02\/combatentes-rebeldes-do-ola-provocam-aumento-de-raptos-na-regiao-de-oromia-na-etiopia\/","og_site_name":"Africa Defense Forum","article_publisher":"https:\/\/www.facebook.com\/ADFmagazine\/","article_published_time":"2024-02-20T17:25:02+00:00","article_modified_time":"2024-02-20T17:27:53+00:00","og_image":[{"width":1024,"height":683,"url":"https:\/\/adf-magazine.com\/wp-content\/uploads\/2024\/02\/GettyImages-1131021769.jpg","type":"image\/jpeg"}],"author":"ADF","twitter_card":"summary_large_image","twitter_creator":"@ADFmagazine","twitter_site":"@ADFmagazine","twitter_misc":{"Escrito por":"ADF","Tempo estimado de leitura":"3 minutos"},"schema":{"@context":"https:\/\/schema.org","@graph":[{"@type":"Article","@id":"https:\/\/adf-magazine.com\/pt-pt\/2024\/02\/combatentes-rebeldes-do-ola-provocam-aumento-de-raptos-na-regiao-de-oromia-na-etiopia\/#article","isPartOf":{"@id":"https:\/\/adf-magazine.com\/pt-pt\/2024\/02\/combatentes-rebeldes-do-ola-provocam-aumento-de-raptos-na-regiao-de-oromia-na-etiopia\/"},"author":{"name":"ADF","@id":"https:\/\/adf-magazine.com\/#\/schema\/person\/f266a6061389568b5a11465bb38bc025"},"headline":"Combatentes Rebeldes do OLA Provocam Aumento de Raptos na Regi\u00e3o de Oromia na Eti\u00f3pia","datePublished":"2024-02-20T17:25:02+00:00","dateModified":"2024-02-20T17:27:53+00:00","mainEntityOfPage":{"@id":"https:\/\/adf-magazine.com\/pt-pt\/2024\/02\/combatentes-rebeldes-do-ola-provocam-aumento-de-raptos-na-regiao-de-oromia-na-etiopia\/"},"wordCount":713,"commentCount":0,"image":{"@id":"https:\/\/adf-magazine.com\/pt-pt\/2024\/02\/combatentes-rebeldes-do-ola-provocam-aumento-de-raptos-na-regiao-de-oromia-na-etiopia\/#primaryimage"},"thumbnailUrl":"https:\/\/adf-magazine.com\/wp-content\/uploads\/2024\/02\/GettyImages-1131021769.jpg","keywords":["Eti\u00f3pia","sequestro","Terrorism"],"articleSection":["Not\u00edcias diaries"],"inLanguage":"pt-PT","potentialAction":[{"@type":"CommentAction","name":"Comment","target":["https:\/\/adf-magazine.com\/pt-pt\/2024\/02\/combatentes-rebeldes-do-ola-provocam-aumento-de-raptos-na-regiao-de-oromia-na-etiopia\/#respond"]}]},{"@type":"WebPage","@id":"https:\/\/adf-magazine.com\/pt-pt\/2024\/02\/combatentes-rebeldes-do-ola-provocam-aumento-de-raptos-na-regiao-de-oromia-na-etiopia\/","url":"https:\/\/adf-magazine.com\/pt-pt\/2024\/02\/combatentes-rebeldes-do-ola-provocam-aumento-de-raptos-na-regiao-de-oromia-na-etiopia\/","name":"Combatentes Rebeldes do OLA Provocam Aumento de Raptos na Regi\u00e3o de Oromia na Eti\u00f3pia - Africa Defense Forum","isPartOf":{"@id":"https:\/\/adf-magazine.com\/#website"},"primaryImageOfPage":{"@id":"https:\/\/adf-magazine.com\/pt-pt\/2024\/02\/combatentes-rebeldes-do-ola-provocam-aumento-de-raptos-na-regiao-de-oromia-na-etiopia\/#primaryimage"},"image":{"@id":"https:\/\/adf-magazine.com\/pt-pt\/2024\/02\/combatentes-rebeldes-do-ola-provocam-aumento-de-raptos-na-regiao-de-oromia-na-etiopia\/#primaryimage"},"thumbnailUrl":"https:\/\/adf-magazine.com\/wp-content\/uploads\/2024\/02\/GettyImages-1131021769.jpg","datePublished":"2024-02-20T17:25:02+00:00","dateModified":"2024-02-20T17:27:53+00:00","author":{"@id":"https:\/\/adf-magazine.com\/#\/schema\/person\/f266a6061389568b5a11465bb38bc025"},"breadcrumb":{"@id":"https:\/\/adf-magazine.com\/pt-pt\/2024\/02\/combatentes-rebeldes-do-ola-provocam-aumento-de-raptos-na-regiao-de-oromia-na-etiopia\/#breadcrumb"},"inLanguage":"pt-PT","potentialAction":[{"@type":"ReadAction","target":["https:\/\/adf-magazine.com\/pt-pt\/2024\/02\/combatentes-rebeldes-do-ola-provocam-aumento-de-raptos-na-regiao-de-oromia-na-etiopia\/"]}]},{"@type":"ImageObject","inLanguage":"pt-PT","@id":"https:\/\/adf-magazine.com\/pt-pt\/2024\/02\/combatentes-rebeldes-do-ola-provocam-aumento-de-raptos-na-regiao-de-oromia-na-etiopia\/#primaryimage","url":"https:\/\/adf-magazine.com\/wp-content\/uploads\/2024\/02\/GettyImages-1131021769.jpg","contentUrl":"https:\/\/adf-magazine.com\/wp-content\/uploads\/2024\/02\/GettyImages-1131021769.jpg","width":1024,"height":683,"caption":"Os raptos est\u00e3o a aumentar na regi\u00e3o de Oromia, na Eti\u00f3pia, devido ao conflito entre o governo federal e o Ex\u00e9rcito de Liberta\u00e7\u00e3o Oromo. AFP\/GETTY IMAGES"},{"@type":"BreadcrumbList","@id":"https:\/\/adf-magazine.com\/pt-pt\/2024\/02\/combatentes-rebeldes-do-ola-provocam-aumento-de-raptos-na-regiao-de-oromia-na-etiopia\/#breadcrumb","itemListElement":[{"@type":"ListItem","position":1,"name":"Home","item":"https:\/\/adf-magazine.com\/"},{"@type":"ListItem","position":2,"name":"Combatentes Rebeldes do OLA Provocam Aumento de Raptos na Regi\u00e3o de Oromia na Eti\u00f3pia"}]},{"@type":"WebSite","@id":"https:\/\/adf-magazine.com\/#website","url":"https:\/\/adf-magazine.com\/","name":"Africa Defense Forum","description":"Africa Defense Forum","potentialAction":[{"@type":"SearchAction","target":{"@type":"EntryPoint","urlTemplate":"https:\/\/adf-magazine.com\/?s={search_term_string}"},"query-input":{"@type":"PropertyValueSpecification","valueRequired":true,"valueName":"search_term_string"}}],"inLanguage":"pt-PT"},{"@type":"Person","@id":"https:\/\/adf-magazine.com\/#\/schema\/person\/f266a6061389568b5a11465bb38bc025","name":"ADF","image":{"@type":"ImageObject","inLanguage":"pt-PT","@id":"https:\/\/adf-magazine.com\/wp-content\/uploads\/2020\/05\/cropped-ADF_icon.jpg","url":"https:\/\/adf-magazine.com\/wp-content\/uploads\/2020\/05\/cropped-ADF_icon.jpg","contentUrl":"https:\/\/adf-magazine.com\/wp-content\/uploads\/2020\/05\/cropped-ADF_icon.jpg","caption":"ADF"},"description":"ADF is a professional military magazine published quarterly by U.S. Africa Command to provide an international forum for African security professionals. ADF covers topics such as counter terrorism strategies, security and defense operations, transnational crime, and all other issues affecting peace, stability, and good governance on the African continent.","sameAs":["https:\/\/x.com\/ADFmagazine"],"url":"https:\/\/adf-magazine.com\/pt-pt\/author\/adf\/"}]}},"_links":{"self":[{"href":"https:\/\/adf-magazine.com\/pt-pt\/wp-json\/wp\/v2\/posts\/112609","targetHints":{"allow":["GET"]}}],"collection":[{"href":"https:\/\/adf-magazine.com\/pt-pt\/wp-json\/wp\/v2\/posts"}],"about":[{"href":"https:\/\/adf-magazine.com\/pt-pt\/wp-json\/wp\/v2\/types\/post"}],"author":[{"embeddable":true,"href":"https:\/\/adf-magazine.com\/pt-pt\/wp-json\/wp\/v2\/users\/1"}],"replies":[{"embeddable":true,"href":"https:\/\/adf-magazine.com\/pt-pt\/wp-json\/wp\/v2\/comments?post=112609"}],"version-history":[{"count":0,"href":"https:\/\/adf-magazine.com\/pt-pt\/wp-json\/wp\/v2\/posts\/112609\/revisions"}],"wp:featuredmedia":[{"embeddable":true,"href":"https:\/\/adf-magazine.com\/pt-pt\/wp-json\/wp\/v2\/media\/112607"}],"wp:attachment":[{"href":"https:\/\/adf-magazine.com\/pt-pt\/wp-json\/wp\/v2\/media?parent=112609"}],"wp:term":[{"taxonomy":"category","embeddable":true,"href":"https:\/\/adf-magazine.com\/pt-pt\/wp-json\/wp\/v2\/categories?post=112609"},{"taxonomy":"post_tag","embeddable":true,"href":"https:\/\/adf-magazine.com\/pt-pt\/wp-json\/wp\/v2\/tags?post=112609"}],"curies":[{"name":"wp","href":"https:\/\/api.w.org\/{rel}","templated":true}]}}