{"id":112161,"date":"2024-01-23T14:55:14","date_gmt":"2024-01-23T19:55:14","guid":{"rendered":"https:\/\/adf-magazine.com\/?p=112161"},"modified":"2024-01-23T14:55:37","modified_gmt":"2024-01-23T19:55:37","slug":"forcas-de-manutencao-da-paz-da-liberia-regressam-a-casa-com-honras","status":"publish","type":"post","link":"https:\/\/adf-magazine.com\/pt-pt\/2024\/01\/forcas-de-manutencao-da-paz-da-liberia-regressam-a-casa-com-honras\/","title":{"rendered":"For\u00e7as de Manuten\u00e7\u00e3o da Paz da Lib\u00e9ria Regressam a Casa com Honras"},"content":{"rendered":"<p style=\"font-weight: 400;\">EQUIPA DA ADF<\/p>\n<p style=\"font-weight: 400;\">A Lib\u00e9ria acaba de fechar o c\u00edrculo de duas d\u00e9cadas nas for\u00e7as de manuten\u00e7\u00e3o da paz das Na\u00e7\u00f5es Unidas.<\/p>\n<p style=\"font-weight: 400;\">A precisar de apoio ap\u00f3s 14 anos de conflitos e duas guerras civis, o pa\u00eds da \u00c1frica Ocidental acolheu uma miss\u00e3o de manuten\u00e7\u00e3o da paz da ONU em 2003. Dez anos depois, as For\u00e7as Armadas da Lib\u00e9ria (AFL), reconstru\u00eddas, destacaram um pelot\u00e3o como parte da miss\u00e3o de estabiliza\u00e7\u00e3o das Na\u00e7\u00f5es Unidas no Mali (MINUSMA).<\/p>\n<p style=\"font-weight: 400;\">No dia 21 de Dezembro de 2023, com o encerramento da MINUSMA, o contingente de 162 soldados da paz da Lib\u00e9ria regressou do Mali e foi recebido com gratid\u00e3o e orgulho.<\/p>\n<p style=\"font-weight: 400;\">\u201cVoc\u00eas s\u00e3o agora o farol da esperan\u00e7a, n\u00e3o s\u00f3 para a Lib\u00e9ria, mas para a regi\u00e3o e n\u00e3o s\u00f3,\u201d o Presidente George Weah disse \u00e0s tropas durante uma cerim\u00f3nia no Centro de Forma\u00e7\u00e3o Barclay, em Monr\u00f3via.<\/p>\n<p style=\"font-weight: 400;\">Quando o pelot\u00e3o inicial de 45 soldados liberianos foi destacado como parte da MINUSMA a 23 de Junho de 2013, foi a primeira vez que as AFL operaram no estrangeiro desde que apoiaram a opera\u00e7\u00e3o da ONU na Rep\u00fablica Democr\u00e1tica do Congo, no in\u00edcio da d\u00e9cada de 1960.<\/p>\n<p style=\"font-weight: 400;\">As AFL destacaram cerca de 800 dos seus 2.000 efectivos para o Mali durante oito rota\u00e7\u00f5es entre 2013 e 2023.<\/p>\n<p style=\"font-weight: 400;\">O Chefe do Estado-Maior das AFL, Major-General Prince C. Johnson III, juntou-se ao presidente cessante para elogiar o regresso das for\u00e7as de manuten\u00e7\u00e3o da paz. Agradeceu igualmente os Estados Unidos pela sua parceria e apoio na ajuda \u00e0 reconstru\u00e7\u00e3o das for\u00e7as armadas do pa\u00eds.<\/p>\n<p style=\"font-weight: 400;\">\u201cO m\u00e9rito vai sobretudo para o povo da Lib\u00e9ria, pela confian\u00e7a que deposita nas nossas novas for\u00e7as armadas\u201d, afirmou durante a cerim\u00f3nia. \u201cIsso mostra a rapidez com que, com a forma\u00e7\u00e3o e o equipamento do governo dos EUA \u2014 gosto sempre de lhe chamar o dinheiro dos contribuintes dos EUA \u2014 as For\u00e7as Armadas da Lib\u00e9ria, a n\u00edvel internacional, aumentaram para quatro o n\u00famero de pa\u00edses que apoiam.\u201d<\/p>\n<p style=\"font-weight: 400;\">Desde 2013, a Lib\u00e9ria tem contribu\u00eddo com observadores militares para as miss\u00f5es da ONU no Sud\u00e3o do Sul e no Sud\u00e3o. Prestou igualmente apoio \u00e0 miss\u00e3o da Comunidade Econ\u00f3mica dos Estados da \u00c1frica Ocidental na Guin\u00e9-Bissau.<\/p>\n<p style=\"font-weight: 400;\">Weah disse que a Lib\u00e9ria aspira a que as AFL estejam continuamente empenhadas na responsabilidade de servir a humanidade, assegurando simultaneamente a paz internacional.<\/p>\n<p style=\"font-weight: 400;\">\u201cN\u00e3o tenho d\u00favidas de que, depois do vosso not\u00e1vel desempenho no Mali, tanto a n\u00edvel das tropas como dos oficiais do Estado-Maior, estais no caminho da grandeza da manuten\u00e7\u00e3o da paz internacional,\u201d afirmou.<\/p>\n<p style=\"font-weight: 400;\">A Lib\u00e9ria e as AFL tornaram-se pilares da democracia e da estabilidade na regi\u00e3o da \u00c1frica Ocidental, que tem registado uma instabilidade crescente com m\u00faltiplos golpes de Estado e insurg\u00eancias violentas.<\/p>\n<p style=\"font-weight: 400;\">Jean-Pierre Lacroix, o subsecret\u00e1rio-geral da ONU para as opera\u00e7\u00f5es de paz, saudou a transforma\u00e7\u00e3o da Lib\u00e9ria.<\/p>\n<p style=\"font-weight: 400;\">\u201cA Lib\u00e9ria \u00e9 um exemplo do impacto tang\u00edvel que a manuten\u00e7\u00e3o da paz tem nos pa\u00edses afectados por conflitos\u201d, afirmou. \u201cHoje, a Lib\u00e9ria \u00e9 um pa\u00eds em paz, gra\u00e7as aos esfor\u00e7os de milhares de soldados da paz de todo o mundo. Actualmente, a Lib\u00e9ria, por sua vez, envia \u2018Capacetes Azuis\u2019 para ajudar outros pa\u00edses a percorrer o dif\u00edcil caminho entre o conflito e a paz.\u201d<\/p>\n<p style=\"font-weight: 400;\">No rescaldo da segunda guerra civil liberiana, os EUA ajudaram a reconstruir as AFL e apoiaram a entrada da Lib\u00e9ria no dom\u00ednio da manuten\u00e7\u00e3o da paz.<\/p>\n<p style=\"font-weight: 400;\">O Major-General do Ex\u00e9rcito dos EUA, Paul Rogers, felicitou as AFL num comunicado. A Guarda Nacional do Michigan, de Rogers, tem trabalhado com a Lib\u00e9ria desde 2009, atrav\u00e9s do Programa de Parceria Estadual, e esteve envolvida na Reforma do Sector de Seguran\u00e7a da Lib\u00e9ria, atrav\u00e9s da Opera\u00e7\u00e3o Onward Liberty, patrocinada pelo Comando dos EUA para \u00c1frica.<\/p>\n<p><span style=\"font-weight: 400;\">\u201cO desempenho das AFL na MINUSMA \u00e9 uma prova not\u00e1vel de qu\u00e3o longe as for\u00e7as armadas liberianas chegaram como organiza\u00e7\u00e3o militar profissional e disciplinada,\u201d disse Rogers. \u201cDe destinat\u00e1rios de uma miss\u00e3o de manuten\u00e7\u00e3o da paz da ONU a elementos de manuten\u00e7\u00e3o da paz cred\u00edveis e fi\u00e1veis na regi\u00e3o, o percurso das AFL em menos de duas d\u00e9cadas \u00e9 verdadeiramente extraordin\u00e1rio.\u201d<\/span><\/p>\n","protected":false},"excerpt":{"rendered":"<p>EQUIPA DA ADF A Lib\u00e9ria acaba de fechar o c\u00edrculo de duas d\u00e9cadas nas for\u00e7as de manuten\u00e7\u00e3o da paz das Na\u00e7\u00f5es Unidas. A precisar de apoio ap\u00f3s 14 anos de conflitos e duas guerras civis, o pa\u00eds da \u00c1frica Ocidental acolheu uma miss\u00e3o de manuten\u00e7\u00e3o da paz da ONU em 2003. Dez anos depois, as<\/p>\n","protected":false},"author":1,"featured_media":112159,"comment_status":"open","ping_status":"closed","sticky":false,"template":"","format":"standard","meta":{"_acf_changed":false,"_monsterinsights_skip_tracking":false,"_monsterinsights_sitenote_active":false,"_monsterinsights_sitenote_note":"","_monsterinsights_sitenote_category":0,"_uf_show_specific_survey":0,"_uf_disable_surveys":false,"footnotes":""},"categories":[363],"tags":[558,799,669,452,745,885,629,1336],"class_list":{"0":"post-112161","1":"post","2":"type-post","3":"status-publish","4":"format-standard","5":"has-post-thumbnail","7":"category-melhores-historias","8":"tag-africa-ocidental","9":"tag-guerra-civil-pt-pt","10":"tag-liberia-pt-pt","11":"tag-mali-pt-pt","12":"tag-manutencao-de-paz","13":"tag-minusma-pt-pt","14":"tag-nacoes-unidas","15":"tag-rss-pt-pt"},"acf":[],"yoast_head":"<!-- This site is optimized with the Yoast SEO plugin v27.5 - https:\/\/yoast.com\/product\/yoast-seo-wordpress\/ -->\n<title>For\u00e7as de Manuten\u00e7\u00e3o da Paz da Lib\u00e9ria Regressam a Casa com Honras - Africa Defense Forum<\/title>\n<meta name=\"robots\" content=\"index, follow, max-snippet:-1, max-image-preview:large, max-video-preview:-1\" \/>\n<link rel=\"canonical\" href=\"https:\/\/adf-magazine.com\/pt-pt\/2024\/01\/forcas-de-manutencao-da-paz-da-liberia-regressam-a-casa-com-honras\/\" \/>\n<meta property=\"og:locale\" content=\"pt_PT\" \/>\n<meta property=\"og:type\" content=\"article\" \/>\n<meta property=\"og:title\" content=\"For\u00e7as de Manuten\u00e7\u00e3o da Paz da Lib\u00e9ria Regressam a Casa com Honras - Africa Defense Forum\" \/>\n<meta property=\"og:description\" content=\"EQUIPA DA ADF A Lib\u00e9ria acaba de fechar o c\u00edrculo de duas d\u00e9cadas nas for\u00e7as de manuten\u00e7\u00e3o da paz das Na\u00e7\u00f5es Unidas. A precisar de apoio ap\u00f3s 14 anos de conflitos e duas guerras civis, o pa\u00eds da \u00c1frica Ocidental acolheu uma miss\u00e3o de manuten\u00e7\u00e3o da paz da ONU em 2003. Dez anos depois, as\" \/>\n<meta property=\"og:url\" content=\"https:\/\/adf-magazine.com\/pt-pt\/2024\/01\/forcas-de-manutencao-da-paz-da-liberia-regressam-a-casa-com-honras\/\" \/>\n<meta property=\"og:site_name\" content=\"Africa Defense Forum\" \/>\n<meta property=\"article:publisher\" content=\"https:\/\/www.facebook.com\/ADFmagazine\/\" \/>\n<meta property=\"article:published_time\" content=\"2024-01-23T19:55:14+00:00\" \/>\n<meta property=\"article:modified_time\" content=\"2024-01-23T19:55:37+00:00\" \/>\n<meta property=\"og:image\" content=\"https:\/\/adf-magazine.com\/wp-content\/uploads\/2024\/01\/AFLCONCLUDES1.jpg\" \/>\n\t<meta property=\"og:image:width\" content=\"1232\" \/>\n\t<meta property=\"og:image:height\" content=\"816\" \/>\n\t<meta property=\"og:image:type\" content=\"image\/jpeg\" \/>\n<meta name=\"author\" content=\"ADF\" \/>\n<meta name=\"twitter:card\" content=\"summary_large_image\" \/>\n<meta name=\"twitter:creator\" content=\"@ADFmagazine\" \/>\n<meta name=\"twitter:site\" content=\"@ADFmagazine\" \/>\n<meta name=\"twitter:label1\" content=\"Escrito por\" \/>\n\t<meta name=\"twitter:data1\" content=\"ADF\" \/>\n\t<meta name=\"twitter:label2\" content=\"Tempo estimado de leitura\" \/>\n\t<meta name=\"twitter:data2\" content=\"4 minutos\" \/>\n<script type=\"application\/ld+json\" class=\"yoast-schema-graph\">{\"@context\":\"https:\\\/\\\/schema.org\",\"@graph\":[{\"@type\":\"Article\",\"@id\":\"https:\\\/\\\/adf-magazine.com\\\/pt-pt\\\/2024\\\/01\\\/forcas-de-manutencao-da-paz-da-liberia-regressam-a-casa-com-honras\\\/#article\",\"isPartOf\":{\"@id\":\"https:\\\/\\\/adf-magazine.com\\\/pt-pt\\\/2024\\\/01\\\/forcas-de-manutencao-da-paz-da-liberia-regressam-a-casa-com-honras\\\/\"},\"author\":{\"name\":\"ADF\",\"@id\":\"https:\\\/\\\/adf-magazine.com\\\/#\\\/schema\\\/person\\\/f266a6061389568b5a11465bb38bc025\"},\"headline\":\"For\u00e7as de Manuten\u00e7\u00e3o da Paz da Lib\u00e9ria Regressam a Casa com Honras\",\"datePublished\":\"2024-01-23T19:55:14+00:00\",\"dateModified\":\"2024-01-23T19:55:37+00:00\",\"mainEntityOfPage\":{\"@id\":\"https:\\\/\\\/adf-magazine.com\\\/pt-pt\\\/2024\\\/01\\\/forcas-de-manutencao-da-paz-da-liberia-regressam-a-casa-com-honras\\\/\"},\"wordCount\":770,\"commentCount\":0,\"image\":{\"@id\":\"https:\\\/\\\/adf-magazine.com\\\/pt-pt\\\/2024\\\/01\\\/forcas-de-manutencao-da-paz-da-liberia-regressam-a-casa-com-honras\\\/#primaryimage\"},\"thumbnailUrl\":\"https:\\\/\\\/adf-magazine.com\\\/wp-content\\\/uploads\\\/2024\\\/01\\\/AFLCONCLUDES1.jpg\",\"keywords\":[\"\u00c1frica Ocidental\",\"guerra civil\",\"Liberia\",\"Mali\",\"Manuten\u00e7\u00e3o de Paz\",\"MINUSMA\",\"Na\u00e7\u00f5es Unidas\",\"RSS\"],\"articleSection\":[\"Not\u00edcias diaries\"],\"inLanguage\":\"pt-PT\",\"potentialAction\":[{\"@type\":\"CommentAction\",\"name\":\"Comment\",\"target\":[\"https:\\\/\\\/adf-magazine.com\\\/pt-pt\\\/2024\\\/01\\\/forcas-de-manutencao-da-paz-da-liberia-regressam-a-casa-com-honras\\\/#respond\"]}]},{\"@type\":\"WebPage\",\"@id\":\"https:\\\/\\\/adf-magazine.com\\\/pt-pt\\\/2024\\\/01\\\/forcas-de-manutencao-da-paz-da-liberia-regressam-a-casa-com-honras\\\/\",\"url\":\"https:\\\/\\\/adf-magazine.com\\\/pt-pt\\\/2024\\\/01\\\/forcas-de-manutencao-da-paz-da-liberia-regressam-a-casa-com-honras\\\/\",\"name\":\"For\u00e7as de Manuten\u00e7\u00e3o da Paz da Lib\u00e9ria Regressam a Casa com Honras - Africa Defense Forum\",\"isPartOf\":{\"@id\":\"https:\\\/\\\/adf-magazine.com\\\/#website\"},\"primaryImageOfPage\":{\"@id\":\"https:\\\/\\\/adf-magazine.com\\\/pt-pt\\\/2024\\\/01\\\/forcas-de-manutencao-da-paz-da-liberia-regressam-a-casa-com-honras\\\/#primaryimage\"},\"image\":{\"@id\":\"https:\\\/\\\/adf-magazine.com\\\/pt-pt\\\/2024\\\/01\\\/forcas-de-manutencao-da-paz-da-liberia-regressam-a-casa-com-honras\\\/#primaryimage\"},\"thumbnailUrl\":\"https:\\\/\\\/adf-magazine.com\\\/wp-content\\\/uploads\\\/2024\\\/01\\\/AFLCONCLUDES1.jpg\",\"datePublished\":\"2024-01-23T19:55:14+00:00\",\"dateModified\":\"2024-01-23T19:55:37+00:00\",\"author\":{\"@id\":\"https:\\\/\\\/adf-magazine.com\\\/#\\\/schema\\\/person\\\/f266a6061389568b5a11465bb38bc025\"},\"breadcrumb\":{\"@id\":\"https:\\\/\\\/adf-magazine.com\\\/pt-pt\\\/2024\\\/01\\\/forcas-de-manutencao-da-paz-da-liberia-regressam-a-casa-com-honras\\\/#breadcrumb\"},\"inLanguage\":\"pt-PT\",\"potentialAction\":[{\"@type\":\"ReadAction\",\"target\":[\"https:\\\/\\\/adf-magazine.com\\\/pt-pt\\\/2024\\\/01\\\/forcas-de-manutencao-da-paz-da-liberia-regressam-a-casa-com-honras\\\/\"]}]},{\"@type\":\"ImageObject\",\"inLanguage\":\"pt-PT\",\"@id\":\"https:\\\/\\\/adf-magazine.com\\\/pt-pt\\\/2024\\\/01\\\/forcas-de-manutencao-da-paz-da-liberia-regressam-a-casa-com-honras\\\/#primaryimage\",\"url\":\"https:\\\/\\\/adf-magazine.com\\\/wp-content\\\/uploads\\\/2024\\\/01\\\/AFLCONCLUDES1.jpg\",\"contentUrl\":\"https:\\\/\\\/adf-magazine.com\\\/wp-content\\\/uploads\\\/2024\\\/01\\\/AFLCONCLUDES1.jpg\",\"width\":1232,\"height\":816,\"caption\":\"As for\u00e7as de manuten\u00e7\u00e3o da paz liberianas participam numa cerim\u00f3nia em Monr\u00f3via para celebrar o seu regresso de uma miss\u00e3o das Na\u00e7\u00f5es Unidas no Mali, no dia 21 de Dezembro de 2023. MINIST\u00c9RIO DA DEFESA NACIONAL DA LIB\u00c9RIA\"},{\"@type\":\"BreadcrumbList\",\"@id\":\"https:\\\/\\\/adf-magazine.com\\\/pt-pt\\\/2024\\\/01\\\/forcas-de-manutencao-da-paz-da-liberia-regressam-a-casa-com-honras\\\/#breadcrumb\",\"itemListElement\":[{\"@type\":\"ListItem\",\"position\":1,\"name\":\"Home\",\"item\":\"https:\\\/\\\/adf-magazine.com\\\/\"},{\"@type\":\"ListItem\",\"position\":2,\"name\":\"For\u00e7as de Manuten\u00e7\u00e3o da Paz da Lib\u00e9ria Regressam a Casa com Honras\"}]},{\"@type\":\"WebSite\",\"@id\":\"https:\\\/\\\/adf-magazine.com\\\/#website\",\"url\":\"https:\\\/\\\/adf-magazine.com\\\/\",\"name\":\"Africa Defense Forum\",\"description\":\"Africa Defense Forum\",\"potentialAction\":[{\"@type\":\"SearchAction\",\"target\":{\"@type\":\"EntryPoint\",\"urlTemplate\":\"https:\\\/\\\/adf-magazine.com\\\/?s={search_term_string}\"},\"query-input\":{\"@type\":\"PropertyValueSpecification\",\"valueRequired\":true,\"valueName\":\"search_term_string\"}}],\"inLanguage\":\"pt-PT\"},{\"@type\":\"Person\",\"@id\":\"https:\\\/\\\/adf-magazine.com\\\/#\\\/schema\\\/person\\\/f266a6061389568b5a11465bb38bc025\",\"name\":\"ADF\",\"image\":{\"@type\":\"ImageObject\",\"inLanguage\":\"pt-PT\",\"@id\":\"https:\\\/\\\/adf-magazine.com\\\/wp-content\\\/uploads\\\/2020\\\/05\\\/cropped-ADF_icon.jpg\",\"url\":\"https:\\\/\\\/adf-magazine.com\\\/wp-content\\\/uploads\\\/2020\\\/05\\\/cropped-ADF_icon.jpg\",\"contentUrl\":\"https:\\\/\\\/adf-magazine.com\\\/wp-content\\\/uploads\\\/2020\\\/05\\\/cropped-ADF_icon.jpg\",\"caption\":\"ADF\"},\"description\":\"ADF is a professional military magazine published quarterly by U.S. Africa Command to provide an international forum for African security professionals. ADF covers topics such as counter terrorism strategies, security and defense operations, transnational crime, and all other issues affecting peace, stability, and good governance on the African continent.\",\"sameAs\":[\"https:\\\/\\\/x.com\\\/ADFmagazine\"],\"url\":\"https:\\\/\\\/adf-magazine.com\\\/pt-pt\\\/author\\\/adf\\\/\"}]}<\/script>\n<!-- \/ Yoast SEO plugin. -->","yoast_head_json":{"title":"For\u00e7as de Manuten\u00e7\u00e3o da Paz da Lib\u00e9ria Regressam a Casa com Honras - Africa Defense Forum","robots":{"index":"index","follow":"follow","max-snippet":"max-snippet:-1","max-image-preview":"max-image-preview:large","max-video-preview":"max-video-preview:-1"},"canonical":"https:\/\/adf-magazine.com\/pt-pt\/2024\/01\/forcas-de-manutencao-da-paz-da-liberia-regressam-a-casa-com-honras\/","og_locale":"pt_PT","og_type":"article","og_title":"For\u00e7as de Manuten\u00e7\u00e3o da Paz da Lib\u00e9ria Regressam a Casa com Honras - Africa Defense Forum","og_description":"EQUIPA DA ADF A Lib\u00e9ria acaba de fechar o c\u00edrculo de duas d\u00e9cadas nas for\u00e7as de manuten\u00e7\u00e3o da paz das Na\u00e7\u00f5es Unidas. A precisar de apoio ap\u00f3s 14 anos de conflitos e duas guerras civis, o pa\u00eds da \u00c1frica Ocidental acolheu uma miss\u00e3o de manuten\u00e7\u00e3o da paz da ONU em 2003. Dez anos depois, as","og_url":"https:\/\/adf-magazine.com\/pt-pt\/2024\/01\/forcas-de-manutencao-da-paz-da-liberia-regressam-a-casa-com-honras\/","og_site_name":"Africa Defense Forum","article_publisher":"https:\/\/www.facebook.com\/ADFmagazine\/","article_published_time":"2024-01-23T19:55:14+00:00","article_modified_time":"2024-01-23T19:55:37+00:00","og_image":[{"width":1232,"height":816,"url":"https:\/\/adf-magazine.com\/wp-content\/uploads\/2024\/01\/AFLCONCLUDES1.jpg","type":"image\/jpeg"}],"author":"ADF","twitter_card":"summary_large_image","twitter_creator":"@ADFmagazine","twitter_site":"@ADFmagazine","twitter_misc":{"Escrito por":"ADF","Tempo estimado de leitura":"4 minutos"},"schema":{"@context":"https:\/\/schema.org","@graph":[{"@type":"Article","@id":"https:\/\/adf-magazine.com\/pt-pt\/2024\/01\/forcas-de-manutencao-da-paz-da-liberia-regressam-a-casa-com-honras\/#article","isPartOf":{"@id":"https:\/\/adf-magazine.com\/pt-pt\/2024\/01\/forcas-de-manutencao-da-paz-da-liberia-regressam-a-casa-com-honras\/"},"author":{"name":"ADF","@id":"https:\/\/adf-magazine.com\/#\/schema\/person\/f266a6061389568b5a11465bb38bc025"},"headline":"For\u00e7as de Manuten\u00e7\u00e3o da Paz da Lib\u00e9ria Regressam a Casa com Honras","datePublished":"2024-01-23T19:55:14+00:00","dateModified":"2024-01-23T19:55:37+00:00","mainEntityOfPage":{"@id":"https:\/\/adf-magazine.com\/pt-pt\/2024\/01\/forcas-de-manutencao-da-paz-da-liberia-regressam-a-casa-com-honras\/"},"wordCount":770,"commentCount":0,"image":{"@id":"https:\/\/adf-magazine.com\/pt-pt\/2024\/01\/forcas-de-manutencao-da-paz-da-liberia-regressam-a-casa-com-honras\/#primaryimage"},"thumbnailUrl":"https:\/\/adf-magazine.com\/wp-content\/uploads\/2024\/01\/AFLCONCLUDES1.jpg","keywords":["\u00c1frica Ocidental","guerra civil","Liberia","Mali","Manuten\u00e7\u00e3o de Paz","MINUSMA","Na\u00e7\u00f5es Unidas","RSS"],"articleSection":["Not\u00edcias diaries"],"inLanguage":"pt-PT","potentialAction":[{"@type":"CommentAction","name":"Comment","target":["https:\/\/adf-magazine.com\/pt-pt\/2024\/01\/forcas-de-manutencao-da-paz-da-liberia-regressam-a-casa-com-honras\/#respond"]}]},{"@type":"WebPage","@id":"https:\/\/adf-magazine.com\/pt-pt\/2024\/01\/forcas-de-manutencao-da-paz-da-liberia-regressam-a-casa-com-honras\/","url":"https:\/\/adf-magazine.com\/pt-pt\/2024\/01\/forcas-de-manutencao-da-paz-da-liberia-regressam-a-casa-com-honras\/","name":"For\u00e7as de Manuten\u00e7\u00e3o da Paz da Lib\u00e9ria Regressam a Casa com Honras - Africa Defense Forum","isPartOf":{"@id":"https:\/\/adf-magazine.com\/#website"},"primaryImageOfPage":{"@id":"https:\/\/adf-magazine.com\/pt-pt\/2024\/01\/forcas-de-manutencao-da-paz-da-liberia-regressam-a-casa-com-honras\/#primaryimage"},"image":{"@id":"https:\/\/adf-magazine.com\/pt-pt\/2024\/01\/forcas-de-manutencao-da-paz-da-liberia-regressam-a-casa-com-honras\/#primaryimage"},"thumbnailUrl":"https:\/\/adf-magazine.com\/wp-content\/uploads\/2024\/01\/AFLCONCLUDES1.jpg","datePublished":"2024-01-23T19:55:14+00:00","dateModified":"2024-01-23T19:55:37+00:00","author":{"@id":"https:\/\/adf-magazine.com\/#\/schema\/person\/f266a6061389568b5a11465bb38bc025"},"breadcrumb":{"@id":"https:\/\/adf-magazine.com\/pt-pt\/2024\/01\/forcas-de-manutencao-da-paz-da-liberia-regressam-a-casa-com-honras\/#breadcrumb"},"inLanguage":"pt-PT","potentialAction":[{"@type":"ReadAction","target":["https:\/\/adf-magazine.com\/pt-pt\/2024\/01\/forcas-de-manutencao-da-paz-da-liberia-regressam-a-casa-com-honras\/"]}]},{"@type":"ImageObject","inLanguage":"pt-PT","@id":"https:\/\/adf-magazine.com\/pt-pt\/2024\/01\/forcas-de-manutencao-da-paz-da-liberia-regressam-a-casa-com-honras\/#primaryimage","url":"https:\/\/adf-magazine.com\/wp-content\/uploads\/2024\/01\/AFLCONCLUDES1.jpg","contentUrl":"https:\/\/adf-magazine.com\/wp-content\/uploads\/2024\/01\/AFLCONCLUDES1.jpg","width":1232,"height":816,"caption":"As for\u00e7as de manuten\u00e7\u00e3o da paz liberianas participam numa cerim\u00f3nia em Monr\u00f3via para celebrar o seu regresso de uma miss\u00e3o das Na\u00e7\u00f5es Unidas no Mali, no dia 21 de Dezembro de 2023. MINIST\u00c9RIO DA DEFESA NACIONAL DA LIB\u00c9RIA"},{"@type":"BreadcrumbList","@id":"https:\/\/adf-magazine.com\/pt-pt\/2024\/01\/forcas-de-manutencao-da-paz-da-liberia-regressam-a-casa-com-honras\/#breadcrumb","itemListElement":[{"@type":"ListItem","position":1,"name":"Home","item":"https:\/\/adf-magazine.com\/"},{"@type":"ListItem","position":2,"name":"For\u00e7as de Manuten\u00e7\u00e3o da Paz da Lib\u00e9ria Regressam a Casa com Honras"}]},{"@type":"WebSite","@id":"https:\/\/adf-magazine.com\/#website","url":"https:\/\/adf-magazine.com\/","name":"Africa Defense Forum","description":"Africa Defense Forum","potentialAction":[{"@type":"SearchAction","target":{"@type":"EntryPoint","urlTemplate":"https:\/\/adf-magazine.com\/?s={search_term_string}"},"query-input":{"@type":"PropertyValueSpecification","valueRequired":true,"valueName":"search_term_string"}}],"inLanguage":"pt-PT"},{"@type":"Person","@id":"https:\/\/adf-magazine.com\/#\/schema\/person\/f266a6061389568b5a11465bb38bc025","name":"ADF","image":{"@type":"ImageObject","inLanguage":"pt-PT","@id":"https:\/\/adf-magazine.com\/wp-content\/uploads\/2020\/05\/cropped-ADF_icon.jpg","url":"https:\/\/adf-magazine.com\/wp-content\/uploads\/2020\/05\/cropped-ADF_icon.jpg","contentUrl":"https:\/\/adf-magazine.com\/wp-content\/uploads\/2020\/05\/cropped-ADF_icon.jpg","caption":"ADF"},"description":"ADF is a professional military magazine published quarterly by U.S. Africa Command to provide an international forum for African security professionals. ADF covers topics such as counter terrorism strategies, security and defense operations, transnational crime, and all other issues affecting peace, stability, and good governance on the African continent.","sameAs":["https:\/\/x.com\/ADFmagazine"],"url":"https:\/\/adf-magazine.com\/pt-pt\/author\/adf\/"}]}},"_links":{"self":[{"href":"https:\/\/adf-magazine.com\/pt-pt\/wp-json\/wp\/v2\/posts\/112161","targetHints":{"allow":["GET"]}}],"collection":[{"href":"https:\/\/adf-magazine.com\/pt-pt\/wp-json\/wp\/v2\/posts"}],"about":[{"href":"https:\/\/adf-magazine.com\/pt-pt\/wp-json\/wp\/v2\/types\/post"}],"author":[{"embeddable":true,"href":"https:\/\/adf-magazine.com\/pt-pt\/wp-json\/wp\/v2\/users\/1"}],"replies":[{"embeddable":true,"href":"https:\/\/adf-magazine.com\/pt-pt\/wp-json\/wp\/v2\/comments?post=112161"}],"version-history":[{"count":0,"href":"https:\/\/adf-magazine.com\/pt-pt\/wp-json\/wp\/v2\/posts\/112161\/revisions"}],"wp:featuredmedia":[{"embeddable":true,"href":"https:\/\/adf-magazine.com\/pt-pt\/wp-json\/wp\/v2\/media\/112159"}],"wp:attachment":[{"href":"https:\/\/adf-magazine.com\/pt-pt\/wp-json\/wp\/v2\/media?parent=112161"}],"wp:term":[{"taxonomy":"category","embeddable":true,"href":"https:\/\/adf-magazine.com\/pt-pt\/wp-json\/wp\/v2\/categories?post=112161"},{"taxonomy":"post_tag","embeddable":true,"href":"https:\/\/adf-magazine.com\/pt-pt\/wp-json\/wp\/v2\/tags?post=112161"}],"curies":[{"name":"wp","href":"https:\/\/api.w.org\/{rel}","templated":true}]}}