{"id":112149,"date":"2024-01-23T14:48:43","date_gmt":"2024-01-23T19:48:43","guid":{"rendered":"https:\/\/adf-magazine.com\/?p=112149"},"modified":"2024-01-23T14:49:09","modified_gmt":"2024-01-23T19:49:09","slug":"abordagem-da-india-para-africa-preve-o-desenvolvimento-juntos-como-iguais","status":"publish","type":"post","link":"https:\/\/adf-magazine.com\/pt-pt\/2024\/01\/abordagem-da-india-para-africa-preve-o-desenvolvimento-juntos-como-iguais\/","title":{"rendered":"Abordagem da \u00cdndia para \u00c1frica Prev\u00ea o Desenvolvimento \u2018Juntos Como Iguais\u2019"},"content":{"rendered":"<p style=\"font-weight: 400;\">EQUIPA DA ADF<\/p>\n<p style=\"font-weight: 400;\">Mairame Ba juntou-se a um grupo especial de mulheres em 2022, quando terminou um curso de forma\u00e7\u00e3o de seis meses para ser uma das primeiras \u201cSolar Mamas\u201d do Senegal.<\/p>\n<p style=\"font-weight: 400;\">O curso, ministrado pelo Barefoot College International da \u00cdndia, tem como objectivo formar mulheres de aldeias de toda a \u00c1frica para serem especialistas na constru\u00e7\u00e3o e manuten\u00e7\u00e3o de sistemas de energia solar para as suas comunidades.<\/p>\n<p style=\"font-weight: 400;\">\u201cNunca imaginei que pudesse ser uma profissional da energia solar com a minha idade \u2014 e sem nunca ter frequentado a escola,\u201d Ba, na altura com 59 anos, disse ao The Wall Street Journal depois de se formar em 2022.<\/p>\n<p style=\"font-weight: 400;\">O programa Solar Mamas \u00e9 um exemplo da rela\u00e7\u00e3o de longa data da \u00cdndia com os pa\u00edses africanos que visa ajudar tanto a \u00cdndia como os seus parceiros africanos a desenvolverem-se, nas palavras das autoridades indianas, \u201cjuntos como iguais.\u201d O governo indiano alargou o Solar Mamas a 36 pa\u00edses africanos e a 733 milh\u00f5es de pessoas que vivem sem electricidade fi\u00e1vel.<\/p>\n<p style=\"font-weight: 400;\">A \u00cdndia \u00e9 o terceiro maior parceiro comercial de \u00c1frica e o seu com\u00e9rcio com os pa\u00edses africanos cresceu 18% por ano nos \u00faltimos 20 anos. Atingir\u00e1 103 bilh\u00f5es de d\u00f3lares em 2023.<\/p>\n<p style=\"font-weight: 400;\">A \u00cdndia e a China adoptaram abordagens dramaticamente diferentes em rela\u00e7\u00e3o a \u00c1frica. Atrav\u00e9s da sua Iniciativa do Cintur\u00e3o e Rota, a China passou mais de uma d\u00e9cada a emprestar bilh\u00f5es de d\u00f3lares a pa\u00edses africanos \u2014 d\u00edvida que alguns est\u00e3o agora a ter dificuldades para pagar. A \u00cdndia, por outro lado, canalizou 70 bilh\u00f5es de d\u00f3lares em investimentos atrav\u00e9s do Banco Africano de Desenvolvimento (BAD) para financiar projectos p\u00fablicos em todo o continente.<\/p>\n<p style=\"font-weight: 400;\">Em Setembro de 2023, um grupo de empresas indianas comprometeu-se a investir 14 bilh\u00f5es de d\u00f3lares na Nig\u00e9ria numa s\u00e9rie de sectores, desde a siderurgia \u00e0s energias renov\u00e1veis. A Confedera\u00e7\u00e3o da Ind\u00fastria Indiana quer aumentar a pegada econ\u00f3mica da \u00cdndia em \u00c1frica para 150 bilh\u00f5es de d\u00f3lares at\u00e9 2030.<\/p>\n<p style=\"font-weight: 400;\">O Banco de Exporta\u00e7\u00e3o-Importa\u00e7\u00e3o da \u00cdndia destina metade do seu financiamento internacional, ajuda t\u00e9cnica e com\u00e9rcio a \u00c1frica. A Rede Electr\u00f3nica Pan-Africana, o maior projecto digital de \u00c1frica, liga os pa\u00edses africanos \u00e0 \u00cdndia e entre si para partilhar conhecimentos em mat\u00e9ria de cuidados de sa\u00fade, identifica\u00e7\u00e3o de recursos, telecomunica\u00e7\u00f5es e muito mais.<\/p>\n<p style=\"font-weight: 400;\">A \u00cdndia e as tropas africanas tamb\u00e9m participam em exerc\u00edcios militares conjuntos, como o AFINDEX 2023, que reuniu 124 participantes de 25 pa\u00edses africanos para desenvolver rela\u00e7\u00f5es com as for\u00e7as indianas.<\/p>\n<p style=\"font-weight: 400;\">\u201cA \u00cdndia e os pa\u00edses africanos percorreram um longo caminho desde os dias de luta comum contra o colonialismo at\u00e9 uma parceria evolutiva e multifacetada do s\u00e9culo XXI no \u00e2mbito do quadro de coopera\u00e7\u00e3o Sul-Sul,\u201d o legislador indiano, Abhishek Mishra, disse ao Instituto Manohar Parrikar de Estudos e An\u00e1lises de Defesa.<\/p>\n<p style=\"font-weight: 400;\">Os 10 pontos dos Princ\u00edpios de Kampala da \u00cdndia, que o Primeiro-Ministro Narendra Modi exp\u00f4s em 2018 perante o parlamento do Uganda, apelam a que se fa\u00e7a de \u00c1frica uma prioridade m\u00e1xima para os investimentos econ\u00f3micos e diplom\u00e1ticos indianos.<\/p>\n<p style=\"font-weight: 400;\">\u201cA hist\u00f3ria \u00fanica da \u00cdndia em \u00c1frica d\u00e1 textura ao seu compromisso estrat\u00e9gico,\u201d o empres\u00e1rio e investidor queniano-indiano, Aly-Khan Satchu, disse ao Centro de Estudos Estrat\u00e9gicos de \u00c1frica (ACSS).<\/p>\n<p style=\"font-weight: 400;\">Satchu \u00e9 um dos 3 milh\u00f5es de cidad\u00e3os africanos de origem indiana, muitos dos quais concentrados na \u00c1frica Oriental, na \u00c1frica do Sul e no Gana. Muitos t\u00eam ra\u00edzes nestes pa\u00edses que remontam a s\u00e9culos e consideram-se africanos, mas continuam a ter la\u00e7os familiares ou comerciais estreitos com a \u00cdndia. Os cidad\u00e3os afro-indianos do continente desempenham pap\u00e9is essenciais nos sistemas de educa\u00e7\u00e3o e de sa\u00fade de \u00c1frica, bem como na pol\u00edtica e nas for\u00e7as armadas.<\/p>\n<p style=\"font-weight: 400;\">\u201cT\u00eam sido frequentemente um interlocutor fundamental para as empresas indianas conseguirem neg\u00f3cios no continente e impulsionarem os investimentos indianos,\u201d Barnaby Dye, professor de pol\u00edticas de desenvolvimento na Universidade de York, disse ao site FDI Intelligence, que cobre o investimento directo estrangeiro.<\/p>\n<p style=\"font-weight: 400;\">\u201cOs empres\u00e1rios com contactos na \u00cdndia t\u00eam sido capazes de trazer e oferecer os seus servi\u00e7os a empresas indianas que pretendem expandir-se no continente,\u201d acrescentou Dye.<\/p>\n<p style=\"font-weight: 400;\">Estas liga\u00e7\u00f5es ajudaram a \u00cdndia a construir uma rela\u00e7\u00e3o com as na\u00e7\u00f5es africanas que \u00e9 muito diferente da rela\u00e7\u00e3o, em grande parte transaccional, que t\u00eam com a rival da \u00cdndia, a China.<\/p>\n<p><span style=\"font-weight: 400;\">\u201cUma coisa que ouvimos dos colegas africanos \u00e9 que a \u00cdndia n\u00e3o actua nem fala como um doador,\u201d Veda Vaidyanathan disse ao ACSS. \u201cCentra-se na cria\u00e7\u00e3o de espa\u00e7o para trabalhar em conjunto como iguais, permitindo que o lado africano exer\u00e7a ag\u00eancia e lideran\u00e7a, enquanto a \u00cdndia facilita.\u201d<\/span><\/p>\n","protected":false},"excerpt":{"rendered":"<p>EQUIPA DA ADF Mairame Ba juntou-se a um grupo especial de mulheres em 2022, quando terminou um curso de forma\u00e7\u00e3o de seis meses para ser uma das primeiras \u201cSolar Mamas\u201d do Senegal. O curso, ministrado pelo Barefoot College International da \u00cdndia, tem como objectivo formar mulheres de aldeias de toda a \u00c1frica para serem especialistas<\/p>\n","protected":false},"author":1,"featured_media":112147,"comment_status":"open","ping_status":"closed","sticky":false,"template":"","format":"standard","meta":{"_acf_changed":false,"_monsterinsights_skip_tracking":false,"_monsterinsights_sitenote_active":false,"_monsterinsights_sitenote_note":"","_monsterinsights_sitenote_category":0,"_uf_show_specific_survey":0,"_uf_disable_surveys":false,"footnotes":""},"categories":[363],"tags":[403,472,546,449,474],"class_list":{"0":"post-112149","1":"post","2":"type-post","3":"status-publish","4":"format-standard","5":"has-post-thumbnail","7":"category-melhores-historias","8":"tag-africa-do-sul","9":"tag-africa-oriental","10":"tag-china-pt-pt","11":"tag-gana","12":"tag-quenia"},"acf":[],"yoast_head":"<!-- This site is optimized with the Yoast SEO plugin v27.4 - https:\/\/yoast.com\/product\/yoast-seo-wordpress\/ -->\n<title>Abordagem da \u00cdndia para \u00c1frica Prev\u00ea o Desenvolvimento \u2018Juntos Como Iguais\u2019 - Africa Defense Forum<\/title>\n<meta name=\"robots\" content=\"index, follow, max-snippet:-1, max-image-preview:large, max-video-preview:-1\" \/>\n<link rel=\"canonical\" href=\"https:\/\/adf-magazine.com\/pt-pt\/2024\/01\/abordagem-da-india-para-africa-preve-o-desenvolvimento-juntos-como-iguais\/\" \/>\n<meta property=\"og:locale\" content=\"pt_PT\" \/>\n<meta property=\"og:type\" content=\"article\" \/>\n<meta property=\"og:title\" content=\"Abordagem da \u00cdndia para \u00c1frica Prev\u00ea o Desenvolvimento \u2018Juntos Como Iguais\u2019 - Africa Defense Forum\" \/>\n<meta property=\"og:description\" content=\"EQUIPA DA ADF Mairame Ba juntou-se a um grupo especial de mulheres em 2022, quando terminou um curso de forma\u00e7\u00e3o de seis meses para ser uma das primeiras \u201cSolar Mamas\u201d do Senegal. O curso, ministrado pelo Barefoot College International da \u00cdndia, tem como objectivo formar mulheres de aldeias de toda a \u00c1frica para serem especialistas\" \/>\n<meta property=\"og:url\" content=\"https:\/\/adf-magazine.com\/pt-pt\/2024\/01\/abordagem-da-india-para-africa-preve-o-desenvolvimento-juntos-como-iguais\/\" \/>\n<meta property=\"og:site_name\" content=\"Africa Defense Forum\" \/>\n<meta property=\"article:publisher\" content=\"https:\/\/www.facebook.com\/ADFmagazine\/\" \/>\n<meta property=\"article:published_time\" content=\"2024-01-23T19:48:43+00:00\" \/>\n<meta property=\"article:modified_time\" content=\"2024-01-23T19:49:09+00:00\" \/>\n<meta property=\"og:image\" content=\"https:\/\/adf-magazine.com\/wp-content\/uploads\/2024\/01\/GettyImages-1824178179.jpg\" \/>\n\t<meta property=\"og:image:width\" content=\"1024\" \/>\n\t<meta property=\"og:image:height\" content=\"683\" \/>\n\t<meta property=\"og:image:type\" content=\"image\/jpeg\" \/>\n<meta name=\"author\" content=\"ADF\" \/>\n<meta name=\"twitter:card\" content=\"summary_large_image\" \/>\n<meta name=\"twitter:creator\" content=\"@ADFmagazine\" \/>\n<meta name=\"twitter:site\" content=\"@ADFmagazine\" \/>\n<meta name=\"twitter:label1\" content=\"Escrito por\" \/>\n\t<meta name=\"twitter:data1\" content=\"ADF\" \/>\n\t<meta name=\"twitter:label2\" content=\"Tempo estimado de leitura\" \/>\n\t<meta name=\"twitter:data2\" content=\"4 minutos\" \/>\n<script type=\"application\/ld+json\" class=\"yoast-schema-graph\">{\"@context\":\"https:\\\/\\\/schema.org\",\"@graph\":[{\"@type\":\"Article\",\"@id\":\"https:\\\/\\\/adf-magazine.com\\\/pt-pt\\\/2024\\\/01\\\/abordagem-da-india-para-africa-preve-o-desenvolvimento-juntos-como-iguais\\\/#article\",\"isPartOf\":{\"@id\":\"https:\\\/\\\/adf-magazine.com\\\/pt-pt\\\/2024\\\/01\\\/abordagem-da-india-para-africa-preve-o-desenvolvimento-juntos-como-iguais\\\/\"},\"author\":{\"name\":\"ADF\",\"@id\":\"https:\\\/\\\/adf-magazine.com\\\/#\\\/schema\\\/person\\\/f266a6061389568b5a11465bb38bc025\"},\"headline\":\"Abordagem da \u00cdndia para \u00c1frica Prev\u00ea o Desenvolvimento \u2018Juntos Como Iguais\u2019\",\"datePublished\":\"2024-01-23T19:48:43+00:00\",\"dateModified\":\"2024-01-23T19:49:09+00:00\",\"mainEntityOfPage\":{\"@id\":\"https:\\\/\\\/adf-magazine.com\\\/pt-pt\\\/2024\\\/01\\\/abordagem-da-india-para-africa-preve-o-desenvolvimento-juntos-como-iguais\\\/\"},\"wordCount\":826,\"commentCount\":0,\"image\":{\"@id\":\"https:\\\/\\\/adf-magazine.com\\\/pt-pt\\\/2024\\\/01\\\/abordagem-da-india-para-africa-preve-o-desenvolvimento-juntos-como-iguais\\\/#primaryimage\"},\"thumbnailUrl\":\"https:\\\/\\\/adf-magazine.com\\\/wp-content\\\/uploads\\\/2024\\\/01\\\/GettyImages-1824178179.jpg\",\"keywords\":[\"\u00c1frica do Sul\",\"\u00c1frica Oriental\",\"China\",\"Gana\",\"Qu\u00e9nia\"],\"articleSection\":[\"Not\u00edcias diaries\"],\"inLanguage\":\"pt-PT\",\"potentialAction\":[{\"@type\":\"CommentAction\",\"name\":\"Comment\",\"target\":[\"https:\\\/\\\/adf-magazine.com\\\/pt-pt\\\/2024\\\/01\\\/abordagem-da-india-para-africa-preve-o-desenvolvimento-juntos-como-iguais\\\/#respond\"]}]},{\"@type\":\"WebPage\",\"@id\":\"https:\\\/\\\/adf-magazine.com\\\/pt-pt\\\/2024\\\/01\\\/abordagem-da-india-para-africa-preve-o-desenvolvimento-juntos-como-iguais\\\/\",\"url\":\"https:\\\/\\\/adf-magazine.com\\\/pt-pt\\\/2024\\\/01\\\/abordagem-da-india-para-africa-preve-o-desenvolvimento-juntos-como-iguais\\\/\",\"name\":\"Abordagem da \u00cdndia para \u00c1frica Prev\u00ea o Desenvolvimento \u2018Juntos Como Iguais\u2019 - Africa Defense Forum\",\"isPartOf\":{\"@id\":\"https:\\\/\\\/adf-magazine.com\\\/#website\"},\"primaryImageOfPage\":{\"@id\":\"https:\\\/\\\/adf-magazine.com\\\/pt-pt\\\/2024\\\/01\\\/abordagem-da-india-para-africa-preve-o-desenvolvimento-juntos-como-iguais\\\/#primaryimage\"},\"image\":{\"@id\":\"https:\\\/\\\/adf-magazine.com\\\/pt-pt\\\/2024\\\/01\\\/abordagem-da-india-para-africa-preve-o-desenvolvimento-juntos-como-iguais\\\/#primaryimage\"},\"thumbnailUrl\":\"https:\\\/\\\/adf-magazine.com\\\/wp-content\\\/uploads\\\/2024\\\/01\\\/GettyImages-1824178179.jpg\",\"datePublished\":\"2024-01-23T19:48:43+00:00\",\"dateModified\":\"2024-01-23T19:49:09+00:00\",\"author\":{\"@id\":\"https:\\\/\\\/adf-magazine.com\\\/#\\\/schema\\\/person\\\/f266a6061389568b5a11465bb38bc025\"},\"breadcrumb\":{\"@id\":\"https:\\\/\\\/adf-magazine.com\\\/pt-pt\\\/2024\\\/01\\\/abordagem-da-india-para-africa-preve-o-desenvolvimento-juntos-como-iguais\\\/#breadcrumb\"},\"inLanguage\":\"pt-PT\",\"potentialAction\":[{\"@type\":\"ReadAction\",\"target\":[\"https:\\\/\\\/adf-magazine.com\\\/pt-pt\\\/2024\\\/01\\\/abordagem-da-india-para-africa-preve-o-desenvolvimento-juntos-como-iguais\\\/\"]}]},{\"@type\":\"ImageObject\",\"inLanguage\":\"pt-PT\",\"@id\":\"https:\\\/\\\/adf-magazine.com\\\/pt-pt\\\/2024\\\/01\\\/abordagem-da-india-para-africa-preve-o-desenvolvimento-juntos-como-iguais\\\/#primaryimage\",\"url\":\"https:\\\/\\\/adf-magazine.com\\\/wp-content\\\/uploads\\\/2024\\\/01\\\/GettyImages-1824178179.jpg\",\"contentUrl\":\"https:\\\/\\\/adf-magazine.com\\\/wp-content\\\/uploads\\\/2024\\\/01\\\/GettyImages-1824178179.jpg\",\"width\":1024,\"height\":683,\"caption\":\"A \u00cdndia planeia desenvolver as suas rela\u00e7\u00f5es de d\u00e9cadas com \u00c1frica, expandindo o investimento em ind\u00fastrias como a siderurgia e as energias renov\u00e1veis, bem como atrav\u00e9s de exerc\u00edcios militares conjuntos, como o AFINDEX de 2023, que incluiu tropas de 25 pa\u00edses africanos. AFP\\\/GETTY IMAGES\"},{\"@type\":\"BreadcrumbList\",\"@id\":\"https:\\\/\\\/adf-magazine.com\\\/pt-pt\\\/2024\\\/01\\\/abordagem-da-india-para-africa-preve-o-desenvolvimento-juntos-como-iguais\\\/#breadcrumb\",\"itemListElement\":[{\"@type\":\"ListItem\",\"position\":1,\"name\":\"Home\",\"item\":\"https:\\\/\\\/adf-magazine.com\\\/\"},{\"@type\":\"ListItem\",\"position\":2,\"name\":\"Abordagem da \u00cdndia para \u00c1frica Prev\u00ea o Desenvolvimento \u2018Juntos Como Iguais\u2019\"}]},{\"@type\":\"WebSite\",\"@id\":\"https:\\\/\\\/adf-magazine.com\\\/#website\",\"url\":\"https:\\\/\\\/adf-magazine.com\\\/\",\"name\":\"Africa Defense Forum\",\"description\":\"Africa Defense Forum\",\"potentialAction\":[{\"@type\":\"SearchAction\",\"target\":{\"@type\":\"EntryPoint\",\"urlTemplate\":\"https:\\\/\\\/adf-magazine.com\\\/?s={search_term_string}\"},\"query-input\":{\"@type\":\"PropertyValueSpecification\",\"valueRequired\":true,\"valueName\":\"search_term_string\"}}],\"inLanguage\":\"pt-PT\"},{\"@type\":\"Person\",\"@id\":\"https:\\\/\\\/adf-magazine.com\\\/#\\\/schema\\\/person\\\/f266a6061389568b5a11465bb38bc025\",\"name\":\"ADF\",\"image\":{\"@type\":\"ImageObject\",\"inLanguage\":\"pt-PT\",\"@id\":\"https:\\\/\\\/adf-magazine.com\\\/wp-content\\\/uploads\\\/2020\\\/05\\\/cropped-ADF_icon.jpg\",\"url\":\"https:\\\/\\\/adf-magazine.com\\\/wp-content\\\/uploads\\\/2020\\\/05\\\/cropped-ADF_icon.jpg\",\"contentUrl\":\"https:\\\/\\\/adf-magazine.com\\\/wp-content\\\/uploads\\\/2020\\\/05\\\/cropped-ADF_icon.jpg\",\"caption\":\"ADF\"},\"description\":\"ADF is a professional military magazine published quarterly by U.S. Africa Command to provide an international forum for African security professionals. ADF covers topics such as counter terrorism strategies, security and defense operations, transnational crime, and all other issues affecting peace, stability, and good governance on the African continent.\",\"sameAs\":[\"https:\\\/\\\/x.com\\\/ADFmagazine\"],\"url\":\"https:\\\/\\\/adf-magazine.com\\\/pt-pt\\\/author\\\/adf\\\/\"}]}<\/script>\n<!-- \/ Yoast SEO plugin. -->","yoast_head_json":{"title":"Abordagem da \u00cdndia para \u00c1frica Prev\u00ea o Desenvolvimento \u2018Juntos Como Iguais\u2019 - Africa Defense Forum","robots":{"index":"index","follow":"follow","max-snippet":"max-snippet:-1","max-image-preview":"max-image-preview:large","max-video-preview":"max-video-preview:-1"},"canonical":"https:\/\/adf-magazine.com\/pt-pt\/2024\/01\/abordagem-da-india-para-africa-preve-o-desenvolvimento-juntos-como-iguais\/","og_locale":"pt_PT","og_type":"article","og_title":"Abordagem da \u00cdndia para \u00c1frica Prev\u00ea o Desenvolvimento \u2018Juntos Como Iguais\u2019 - Africa Defense Forum","og_description":"EQUIPA DA ADF Mairame Ba juntou-se a um grupo especial de mulheres em 2022, quando terminou um curso de forma\u00e7\u00e3o de seis meses para ser uma das primeiras \u201cSolar Mamas\u201d do Senegal. O curso, ministrado pelo Barefoot College International da \u00cdndia, tem como objectivo formar mulheres de aldeias de toda a \u00c1frica para serem especialistas","og_url":"https:\/\/adf-magazine.com\/pt-pt\/2024\/01\/abordagem-da-india-para-africa-preve-o-desenvolvimento-juntos-como-iguais\/","og_site_name":"Africa Defense Forum","article_publisher":"https:\/\/www.facebook.com\/ADFmagazine\/","article_published_time":"2024-01-23T19:48:43+00:00","article_modified_time":"2024-01-23T19:49:09+00:00","og_image":[{"width":1024,"height":683,"url":"https:\/\/adf-magazine.com\/wp-content\/uploads\/2024\/01\/GettyImages-1824178179.jpg","type":"image\/jpeg"}],"author":"ADF","twitter_card":"summary_large_image","twitter_creator":"@ADFmagazine","twitter_site":"@ADFmagazine","twitter_misc":{"Escrito por":"ADF","Tempo estimado de leitura":"4 minutos"},"schema":{"@context":"https:\/\/schema.org","@graph":[{"@type":"Article","@id":"https:\/\/adf-magazine.com\/pt-pt\/2024\/01\/abordagem-da-india-para-africa-preve-o-desenvolvimento-juntos-como-iguais\/#article","isPartOf":{"@id":"https:\/\/adf-magazine.com\/pt-pt\/2024\/01\/abordagem-da-india-para-africa-preve-o-desenvolvimento-juntos-como-iguais\/"},"author":{"name":"ADF","@id":"https:\/\/adf-magazine.com\/#\/schema\/person\/f266a6061389568b5a11465bb38bc025"},"headline":"Abordagem da \u00cdndia para \u00c1frica Prev\u00ea o Desenvolvimento \u2018Juntos Como Iguais\u2019","datePublished":"2024-01-23T19:48:43+00:00","dateModified":"2024-01-23T19:49:09+00:00","mainEntityOfPage":{"@id":"https:\/\/adf-magazine.com\/pt-pt\/2024\/01\/abordagem-da-india-para-africa-preve-o-desenvolvimento-juntos-como-iguais\/"},"wordCount":826,"commentCount":0,"image":{"@id":"https:\/\/adf-magazine.com\/pt-pt\/2024\/01\/abordagem-da-india-para-africa-preve-o-desenvolvimento-juntos-como-iguais\/#primaryimage"},"thumbnailUrl":"https:\/\/adf-magazine.com\/wp-content\/uploads\/2024\/01\/GettyImages-1824178179.jpg","keywords":["\u00c1frica do Sul","\u00c1frica Oriental","China","Gana","Qu\u00e9nia"],"articleSection":["Not\u00edcias diaries"],"inLanguage":"pt-PT","potentialAction":[{"@type":"CommentAction","name":"Comment","target":["https:\/\/adf-magazine.com\/pt-pt\/2024\/01\/abordagem-da-india-para-africa-preve-o-desenvolvimento-juntos-como-iguais\/#respond"]}]},{"@type":"WebPage","@id":"https:\/\/adf-magazine.com\/pt-pt\/2024\/01\/abordagem-da-india-para-africa-preve-o-desenvolvimento-juntos-como-iguais\/","url":"https:\/\/adf-magazine.com\/pt-pt\/2024\/01\/abordagem-da-india-para-africa-preve-o-desenvolvimento-juntos-como-iguais\/","name":"Abordagem da \u00cdndia para \u00c1frica Prev\u00ea o Desenvolvimento \u2018Juntos Como Iguais\u2019 - Africa Defense Forum","isPartOf":{"@id":"https:\/\/adf-magazine.com\/#website"},"primaryImageOfPage":{"@id":"https:\/\/adf-magazine.com\/pt-pt\/2024\/01\/abordagem-da-india-para-africa-preve-o-desenvolvimento-juntos-como-iguais\/#primaryimage"},"image":{"@id":"https:\/\/adf-magazine.com\/pt-pt\/2024\/01\/abordagem-da-india-para-africa-preve-o-desenvolvimento-juntos-como-iguais\/#primaryimage"},"thumbnailUrl":"https:\/\/adf-magazine.com\/wp-content\/uploads\/2024\/01\/GettyImages-1824178179.jpg","datePublished":"2024-01-23T19:48:43+00:00","dateModified":"2024-01-23T19:49:09+00:00","author":{"@id":"https:\/\/adf-magazine.com\/#\/schema\/person\/f266a6061389568b5a11465bb38bc025"},"breadcrumb":{"@id":"https:\/\/adf-magazine.com\/pt-pt\/2024\/01\/abordagem-da-india-para-africa-preve-o-desenvolvimento-juntos-como-iguais\/#breadcrumb"},"inLanguage":"pt-PT","potentialAction":[{"@type":"ReadAction","target":["https:\/\/adf-magazine.com\/pt-pt\/2024\/01\/abordagem-da-india-para-africa-preve-o-desenvolvimento-juntos-como-iguais\/"]}]},{"@type":"ImageObject","inLanguage":"pt-PT","@id":"https:\/\/adf-magazine.com\/pt-pt\/2024\/01\/abordagem-da-india-para-africa-preve-o-desenvolvimento-juntos-como-iguais\/#primaryimage","url":"https:\/\/adf-magazine.com\/wp-content\/uploads\/2024\/01\/GettyImages-1824178179.jpg","contentUrl":"https:\/\/adf-magazine.com\/wp-content\/uploads\/2024\/01\/GettyImages-1824178179.jpg","width":1024,"height":683,"caption":"A \u00cdndia planeia desenvolver as suas rela\u00e7\u00f5es de d\u00e9cadas com \u00c1frica, expandindo o investimento em ind\u00fastrias como a siderurgia e as energias renov\u00e1veis, bem como atrav\u00e9s de exerc\u00edcios militares conjuntos, como o AFINDEX de 2023, que incluiu tropas de 25 pa\u00edses africanos. AFP\/GETTY IMAGES"},{"@type":"BreadcrumbList","@id":"https:\/\/adf-magazine.com\/pt-pt\/2024\/01\/abordagem-da-india-para-africa-preve-o-desenvolvimento-juntos-como-iguais\/#breadcrumb","itemListElement":[{"@type":"ListItem","position":1,"name":"Home","item":"https:\/\/adf-magazine.com\/"},{"@type":"ListItem","position":2,"name":"Abordagem da \u00cdndia para \u00c1frica Prev\u00ea o Desenvolvimento \u2018Juntos Como Iguais\u2019"}]},{"@type":"WebSite","@id":"https:\/\/adf-magazine.com\/#website","url":"https:\/\/adf-magazine.com\/","name":"Africa Defense Forum","description":"Africa Defense Forum","potentialAction":[{"@type":"SearchAction","target":{"@type":"EntryPoint","urlTemplate":"https:\/\/adf-magazine.com\/?s={search_term_string}"},"query-input":{"@type":"PropertyValueSpecification","valueRequired":true,"valueName":"search_term_string"}}],"inLanguage":"pt-PT"},{"@type":"Person","@id":"https:\/\/adf-magazine.com\/#\/schema\/person\/f266a6061389568b5a11465bb38bc025","name":"ADF","image":{"@type":"ImageObject","inLanguage":"pt-PT","@id":"https:\/\/adf-magazine.com\/wp-content\/uploads\/2020\/05\/cropped-ADF_icon.jpg","url":"https:\/\/adf-magazine.com\/wp-content\/uploads\/2020\/05\/cropped-ADF_icon.jpg","contentUrl":"https:\/\/adf-magazine.com\/wp-content\/uploads\/2020\/05\/cropped-ADF_icon.jpg","caption":"ADF"},"description":"ADF is a professional military magazine published quarterly by U.S. Africa Command to provide an international forum for African security professionals. ADF covers topics such as counter terrorism strategies, security and defense operations, transnational crime, and all other issues affecting peace, stability, and good governance on the African continent.","sameAs":["https:\/\/x.com\/ADFmagazine"],"url":"https:\/\/adf-magazine.com\/pt-pt\/author\/adf\/"}]}},"_links":{"self":[{"href":"https:\/\/adf-magazine.com\/pt-pt\/wp-json\/wp\/v2\/posts\/112149","targetHints":{"allow":["GET"]}}],"collection":[{"href":"https:\/\/adf-magazine.com\/pt-pt\/wp-json\/wp\/v2\/posts"}],"about":[{"href":"https:\/\/adf-magazine.com\/pt-pt\/wp-json\/wp\/v2\/types\/post"}],"author":[{"embeddable":true,"href":"https:\/\/adf-magazine.com\/pt-pt\/wp-json\/wp\/v2\/users\/1"}],"replies":[{"embeddable":true,"href":"https:\/\/adf-magazine.com\/pt-pt\/wp-json\/wp\/v2\/comments?post=112149"}],"version-history":[{"count":0,"href":"https:\/\/adf-magazine.com\/pt-pt\/wp-json\/wp\/v2\/posts\/112149\/revisions"}],"wp:featuredmedia":[{"embeddable":true,"href":"https:\/\/adf-magazine.com\/pt-pt\/wp-json\/wp\/v2\/media\/112147"}],"wp:attachment":[{"href":"https:\/\/adf-magazine.com\/pt-pt\/wp-json\/wp\/v2\/media?parent=112149"}],"wp:term":[{"taxonomy":"category","embeddable":true,"href":"https:\/\/adf-magazine.com\/pt-pt\/wp-json\/wp\/v2\/categories?post=112149"},{"taxonomy":"post_tag","embeddable":true,"href":"https:\/\/adf-magazine.com\/pt-pt\/wp-json\/wp\/v2\/tags?post=112149"}],"curies":[{"name":"wp","href":"https:\/\/api.w.org\/{rel}","templated":true}]}}