{"id":111842,"date":"2024-01-03T10:25:36","date_gmt":"2024-01-03T15:25:36","guid":{"rendered":"https:\/\/adf-magazine.com\/?p=111842"},"modified":"2024-01-03T10:26:00","modified_gmt":"2024-01-03T15:26:00","slug":"grupo-extremista-aumenta-ataques-no-oeste-do-uganda","status":"publish","type":"post","link":"https:\/\/adf-magazine.com\/pt-pt\/2024\/01\/grupo-extremista-aumenta-ataques-no-oeste-do-uganda\/","title":{"rendered":"Grupo Extremista Aumenta Ataques no Oeste do Uganda"},"content":{"rendered":"<p style=\"font-weight: 400;\">EQUIPA DA ADF<\/p>\n<p><span style=\"font-weight: 400;\">O Uganda obteve uma vit\u00f3ria significativa sobre o grupo do Estado Isl\u00e2mico (EI) em Novembro, quando capturou um comandante de topo conhecido por \u201cNjovu\u201d durante um ataque em que foram mortos seis membros do seu grupo.<\/span><\/p>\n<p>Os combatentes pertenciam \u00e0s For\u00e7as Democr\u00e1ticas Aliadas, que t\u00eam a sua base na vizinha Rep\u00fablica Democr\u00e1tica do Congo (RDC). O grupo tem atacado cada vez mais a parte ocidental do Uganda, de onde \u00e9 origin\u00e1rio.<\/p>\n<p>\u201cEsta foi uma opera\u00e7\u00e3o conjunta de intelig\u00eancia militar bem-sucedida, e todo o esquadr\u00e3o que tinha sido enviado pelas [For\u00e7as Democr\u00e1ticas Aliadas] para causar o caos, matar turistas, queimar escolas, hospitais, foi eliminado,\u201d o porta-voz militar ugand\u00eas, Deo Akiiki, disse \u00e0 Agence France-Presse.<\/p>\n<p>As For\u00e7as Democr\u00e1ticas Aliadas s\u00e3o em grande parte financiadas atrav\u00e9s de opera\u00e7\u00f5es ilegais de extrac\u00e7\u00e3o mineira e de explora\u00e7\u00e3o madeireira e de raptos para obten\u00e7\u00e3o de resgate. O grupo visa frequentemente os crist\u00e3os na sua propaganda e, segundo os analistas, recebe tamb\u00e9m um financiamento consider\u00e1vel do EI.<\/p>\n<p>O governo do Uganda responsabilizou o grupo de Njovu pelo assassinato, em Outubro, de um casal que acabada de contrair matrim\u00f3nio, oriundo do Reino Unido e da \u00c1frica do Sul, e do seu guia ugand\u00eas, quando faziam um safari no Parque Nacional Rainha Isabel, perto da fronteira com a RDC. O EI reivindicou o ataque no dia seguinte \u00e0s mortes, dizendo que tinha matado \u201ctr\u00eas turistas crist\u00e3os\u201d com metralhadoras, noticiou a Al-Jazeera.<\/p>\n<p>Tratou-se do quarto ataque do EI no Uganda desde Dezembro de 2022.<\/p>\n<p>\u201cTendo em conta as tend\u00eancias t\u00e1cticas do passado, a incurs\u00e3o [no Uganda] continuar\u00e1 provavelmente a visar civis e poder\u00e1, em \u00faltima an\u00e1lise, procurar restabelecer uma presen\u00e7a sustentada da guerrilha no oeste do Uganda \u2014 tudo em nome do Estado Isl\u00e2mico,\u201d Caleb Weiss e Ryan O\u2019Farrell, investigadores da Bridgeway Foundations, escreveram no <span style=\"font-weight: 400;\"><a href=\"https:\/\/www.fdd.org\/about-fdd\/\">Long War Journal, da <\/a><\/span><span style=\"font-weight: 400;\">Foundation for Defense of Democracies.<\/span><\/p>\n<p>Nos \u00faltimos tr\u00eas anos, todos os ataques no Uganda foram atribu\u00eddos \u00e0s For\u00e7as Democr\u00e1ticas Aliadas. O pa\u00eds tinha passado mais de uma d\u00e9cada sem um ataque terrorista no seu territ\u00f3rio at\u00e9 uma s\u00e9rie de ataques lan\u00e7ados pelo grupo terrorista em 2021.<\/p>\n<p>Dias antes do ataque no Parque Nacional Rainha Isabel, combatentes do EI que se acredita pertencerem ao grupo de Njovu atacaram um cami\u00e3o civil que transportava legumes para um mercado local no oeste do Uganda, a menos de 3 quil\u00f3metros da fronteira com a RDC. Pelo menos uma pessoa foi morta.<\/p>\n<p>Em meados de Junho, o grupo matou 42 pessoas, incluindo 37 alunos, que foram cortadas com catanas, baleadas ou queimadas at\u00e9 \u00e0 morte na Escola Secund\u00e1ria de Lhubirira, em Mpondwe, perto da fronteira com a RDC. Seis alunos foram raptados e uma 43.\u00aa v\u00edtima morreu dias depois devido aos ferimentos sofridos no ataque.<\/p>\n<p>O aluno Godwin Mumbere sobreviveu.<\/p>\n<p>Mumbere, de 18 anos, disse que o ataque come\u00e7ou por volta das 22h30. Ele lembra que os terroristas exigiram que os alunos abrissem as portas dos dormit\u00f3rios.<\/p>\n<p>\u201cTodos os meus amigos do dormit\u00f3rio recusaram,\u201d disse Mumbere \u00e0 Al-Jazeera.<\/p>\n<p>Mumbere escondeu-se debaixo da cama enquanto os atacantes disparavam balas atrav\u00e9s das janelas e da porta trancada. Mumbere foi atingido na m\u00e3o.<\/p>\n<p>Poucos dias depois, a pol\u00edcia prendeu 20 suspeitos de pertencerem \u00e0s For\u00e7as Democr\u00e1ticas Aliadas e estarem ligados ao ataque.<\/p>\n<p>Em meados de Outubro, as autoridades ugandesas impediram ataques a duas igrejas no centro de Kebbi.<\/p>\n<p>Os investigadores descobriram que duas bombas foram ligadas a sistemas de som p\u00fablicos e enviadas aos pastores disfar\u00e7adas de presentes. No entanto, os cidad\u00e3os suspeitaram dos aparelhos e alertaram a pol\u00edcia, segundo o Presidente do Uganda, Yoweri Museveni, que atribuiu a conspira\u00e7\u00e3o \u00e0 organiza\u00e7\u00e3o terrorista.<\/p>\n<p>Tais opera\u00e7\u00f5es est\u00e3o pr\u00f3ximas das t\u00e1cticas que o grupo emprega na RDC \u2014 onde as For\u00e7as Democr\u00e1ticas Aliadas s\u00e3o respons\u00e1veis pela morte de 12 pessoas e pelo ferimento de pelo menos 50 quando uma bomba detonou durante uma cerim\u00f3nia religiosa em Janeiro \u2014 bem como de uma insurg\u00eancia transfronteiri\u00e7a que levou a cabo no in\u00edcio da d\u00e9cada de 2000.<\/p>\n","protected":false},"excerpt":{"rendered":"<p>EQUIPA DA ADF O Uganda obteve uma vit\u00f3ria significativa sobre o grupo do Estado Isl\u00e2mico (EI) em Novembro, quando capturou um comandante de topo conhecido por \u201cNjovu\u201d durante um ataque em que foram mortos seis membros do seu grupo. Os combatentes pertenciam \u00e0s For\u00e7as Democr\u00e1ticas Aliadas, que t\u00eam a sua base na vizinha Rep\u00fablica Democr\u00e1tica<\/p>\n","protected":false},"author":1,"featured_media":111834,"comment_status":"open","ping_status":"closed","sticky":false,"template":"","format":"standard","meta":{"_acf_changed":false,"_monsterinsights_skip_tracking":false,"_monsterinsights_sitenote_active":false,"_monsterinsights_sitenote_note":"","_monsterinsights_sitenote_category":0,"_uf_show_specific_survey":0,"_uf_disable_surveys":false,"footnotes":""},"categories":[363],"tags":[1207,499,1139,455],"class_list":{"0":"post-111842","1":"post","2":"type-post","3":"status-publish","4":"format-standard","5":"has-post-thumbnail","7":"category-melhores-historias","8":"tag-estado-islamico","9":"tag-extremismo","10":"tag-terrorism-pt-pt","11":"tag-uganda-pt-pt"},"acf":[],"yoast_head":"<!-- This site is optimized with the Yoast SEO plugin v27.5 - https:\/\/yoast.com\/product\/yoast-seo-wordpress\/ -->\n<title>Grupo Extremista Aumenta Ataques no Oeste do Uganda - Africa Defense Forum<\/title>\n<meta name=\"robots\" content=\"index, follow, max-snippet:-1, max-image-preview:large, max-video-preview:-1\" \/>\n<link rel=\"canonical\" href=\"https:\/\/adf-magazine.com\/pt-pt\/2024\/01\/grupo-extremista-aumenta-ataques-no-oeste-do-uganda\/\" \/>\n<meta property=\"og:locale\" content=\"pt_PT\" \/>\n<meta property=\"og:type\" content=\"article\" \/>\n<meta property=\"og:title\" content=\"Grupo Extremista Aumenta Ataques no Oeste do Uganda - Africa Defense Forum\" \/>\n<meta property=\"og:description\" content=\"EQUIPA DA ADF O Uganda obteve uma vit\u00f3ria significativa sobre o grupo do Estado Isl\u00e2mico (EI) em Novembro, quando capturou um comandante de topo conhecido por \u201cNjovu\u201d durante um ataque em que foram mortos seis membros do seu grupo. Os combatentes pertenciam \u00e0s For\u00e7as Democr\u00e1ticas Aliadas, que t\u00eam a sua base na vizinha Rep\u00fablica Democr\u00e1tica\" \/>\n<meta property=\"og:url\" content=\"https:\/\/adf-magazine.com\/pt-pt\/2024\/01\/grupo-extremista-aumenta-ataques-no-oeste-do-uganda\/\" \/>\n<meta property=\"og:site_name\" content=\"Africa Defense Forum\" \/>\n<meta property=\"article:publisher\" content=\"https:\/\/www.facebook.com\/ADFmagazine\/\" \/>\n<meta property=\"article:published_time\" content=\"2024-01-03T15:25:36+00:00\" \/>\n<meta property=\"article:modified_time\" content=\"2024-01-03T15:26:00+00:00\" \/>\n<meta property=\"og:image\" content=\"https:\/\/adf-magazine.com\/wp-content\/uploads\/2024\/01\/GettyImages-1258792055.jpg\" \/>\n\t<meta property=\"og:image:width\" content=\"1024\" \/>\n\t<meta property=\"og:image:height\" content=\"683\" \/>\n\t<meta property=\"og:image:type\" content=\"image\/jpeg\" \/>\n<meta name=\"author\" content=\"ADF\" \/>\n<meta name=\"twitter:card\" content=\"summary_large_image\" \/>\n<meta name=\"twitter:creator\" content=\"@ADFmagazine\" \/>\n<meta name=\"twitter:site\" content=\"@ADFmagazine\" \/>\n<meta name=\"twitter:label1\" content=\"Escrito por\" \/>\n\t<meta name=\"twitter:data1\" content=\"ADF\" \/>\n\t<meta name=\"twitter:label2\" content=\"Tempo estimado de leitura\" \/>\n\t<meta name=\"twitter:data2\" content=\"4 minutos\" \/>\n<script type=\"application\/ld+json\" class=\"yoast-schema-graph\">{\"@context\":\"https:\\\/\\\/schema.org\",\"@graph\":[{\"@type\":\"Article\",\"@id\":\"https:\\\/\\\/adf-magazine.com\\\/pt-pt\\\/2024\\\/01\\\/grupo-extremista-aumenta-ataques-no-oeste-do-uganda\\\/#article\",\"isPartOf\":{\"@id\":\"https:\\\/\\\/adf-magazine.com\\\/pt-pt\\\/2024\\\/01\\\/grupo-extremista-aumenta-ataques-no-oeste-do-uganda\\\/\"},\"author\":{\"name\":\"ADF\",\"@id\":\"https:\\\/\\\/adf-magazine.com\\\/#\\\/schema\\\/person\\\/f266a6061389568b5a11465bb38bc025\"},\"headline\":\"Grupo Extremista Aumenta Ataques no Oeste do Uganda\",\"datePublished\":\"2024-01-03T15:25:36+00:00\",\"dateModified\":\"2024-01-03T15:26:00+00:00\",\"mainEntityOfPage\":{\"@id\":\"https:\\\/\\\/adf-magazine.com\\\/pt-pt\\\/2024\\\/01\\\/grupo-extremista-aumenta-ataques-no-oeste-do-uganda\\\/\"},\"wordCount\":721,\"commentCount\":0,\"image\":{\"@id\":\"https:\\\/\\\/adf-magazine.com\\\/pt-pt\\\/2024\\\/01\\\/grupo-extremista-aumenta-ataques-no-oeste-do-uganda\\\/#primaryimage\"},\"thumbnailUrl\":\"https:\\\/\\\/adf-magazine.com\\\/wp-content\\\/uploads\\\/2024\\\/01\\\/GettyImages-1258792055.jpg\",\"keywords\":[\"Estado Isl\u00e2mico\",\"extremismo\",\"Terrorism\",\"Uganda\"],\"articleSection\":[\"Not\u00edcias diaries\"],\"inLanguage\":\"pt-PT\",\"potentialAction\":[{\"@type\":\"CommentAction\",\"name\":\"Comment\",\"target\":[\"https:\\\/\\\/adf-magazine.com\\\/pt-pt\\\/2024\\\/01\\\/grupo-extremista-aumenta-ataques-no-oeste-do-uganda\\\/#respond\"]}]},{\"@type\":\"WebPage\",\"@id\":\"https:\\\/\\\/adf-magazine.com\\\/pt-pt\\\/2024\\\/01\\\/grupo-extremista-aumenta-ataques-no-oeste-do-uganda\\\/\",\"url\":\"https:\\\/\\\/adf-magazine.com\\\/pt-pt\\\/2024\\\/01\\\/grupo-extremista-aumenta-ataques-no-oeste-do-uganda\\\/\",\"name\":\"Grupo Extremista Aumenta Ataques no Oeste do Uganda - Africa Defense Forum\",\"isPartOf\":{\"@id\":\"https:\\\/\\\/adf-magazine.com\\\/#website\"},\"primaryImageOfPage\":{\"@id\":\"https:\\\/\\\/adf-magazine.com\\\/pt-pt\\\/2024\\\/01\\\/grupo-extremista-aumenta-ataques-no-oeste-do-uganda\\\/#primaryimage\"},\"image\":{\"@id\":\"https:\\\/\\\/adf-magazine.com\\\/pt-pt\\\/2024\\\/01\\\/grupo-extremista-aumenta-ataques-no-oeste-do-uganda\\\/#primaryimage\"},\"thumbnailUrl\":\"https:\\\/\\\/adf-magazine.com\\\/wp-content\\\/uploads\\\/2024\\\/01\\\/GettyImages-1258792055.jpg\",\"datePublished\":\"2024-01-03T15:25:36+00:00\",\"dateModified\":\"2024-01-03T15:26:00+00:00\",\"author\":{\"@id\":\"https:\\\/\\\/adf-magazine.com\\\/#\\\/schema\\\/person\\\/f266a6061389568b5a11465bb38bc025\"},\"breadcrumb\":{\"@id\":\"https:\\\/\\\/adf-magazine.com\\\/pt-pt\\\/2024\\\/01\\\/grupo-extremista-aumenta-ataques-no-oeste-do-uganda\\\/#breadcrumb\"},\"inLanguage\":\"pt-PT\",\"potentialAction\":[{\"@type\":\"ReadAction\",\"target\":[\"https:\\\/\\\/adf-magazine.com\\\/pt-pt\\\/2024\\\/01\\\/grupo-extremista-aumenta-ataques-no-oeste-do-uganda\\\/\"]}]},{\"@type\":\"ImageObject\",\"inLanguage\":\"pt-PT\",\"@id\":\"https:\\\/\\\/adf-magazine.com\\\/pt-pt\\\/2024\\\/01\\\/grupo-extremista-aumenta-ataques-no-oeste-do-uganda\\\/#primaryimage\",\"url\":\"https:\\\/\\\/adf-magazine.com\\\/wp-content\\\/uploads\\\/2024\\\/01\\\/GettyImages-1258792055.jpg\",\"contentUrl\":\"https:\\\/\\\/adf-magazine.com\\\/wp-content\\\/uploads\\\/2024\\\/01\\\/GettyImages-1258792055.jpg\",\"width\":1024,\"height\":683,\"caption\":\"Uma mulher \u00e9 confortada durante o funeral de dois alunos mortos pelas For\u00e7as Democr\u00e1ticas Aliadas durante um massacre numa escola em Junho. AFP\\\/GETTY IMAGES\"},{\"@type\":\"BreadcrumbList\",\"@id\":\"https:\\\/\\\/adf-magazine.com\\\/pt-pt\\\/2024\\\/01\\\/grupo-extremista-aumenta-ataques-no-oeste-do-uganda\\\/#breadcrumb\",\"itemListElement\":[{\"@type\":\"ListItem\",\"position\":1,\"name\":\"Home\",\"item\":\"https:\\\/\\\/adf-magazine.com\\\/\"},{\"@type\":\"ListItem\",\"position\":2,\"name\":\"Grupo Extremista Aumenta Ataques no Oeste do Uganda\"}]},{\"@type\":\"WebSite\",\"@id\":\"https:\\\/\\\/adf-magazine.com\\\/#website\",\"url\":\"https:\\\/\\\/adf-magazine.com\\\/\",\"name\":\"Africa Defense Forum\",\"description\":\"Africa Defense Forum\",\"potentialAction\":[{\"@type\":\"SearchAction\",\"target\":{\"@type\":\"EntryPoint\",\"urlTemplate\":\"https:\\\/\\\/adf-magazine.com\\\/?s={search_term_string}\"},\"query-input\":{\"@type\":\"PropertyValueSpecification\",\"valueRequired\":true,\"valueName\":\"search_term_string\"}}],\"inLanguage\":\"pt-PT\"},{\"@type\":\"Person\",\"@id\":\"https:\\\/\\\/adf-magazine.com\\\/#\\\/schema\\\/person\\\/f266a6061389568b5a11465bb38bc025\",\"name\":\"ADF\",\"image\":{\"@type\":\"ImageObject\",\"inLanguage\":\"pt-PT\",\"@id\":\"https:\\\/\\\/adf-magazine.com\\\/wp-content\\\/uploads\\\/2020\\\/05\\\/cropped-ADF_icon.jpg\",\"url\":\"https:\\\/\\\/adf-magazine.com\\\/wp-content\\\/uploads\\\/2020\\\/05\\\/cropped-ADF_icon.jpg\",\"contentUrl\":\"https:\\\/\\\/adf-magazine.com\\\/wp-content\\\/uploads\\\/2020\\\/05\\\/cropped-ADF_icon.jpg\",\"caption\":\"ADF\"},\"description\":\"ADF is a professional military magazine published quarterly by U.S. Africa Command to provide an international forum for African security professionals. ADF covers topics such as counter terrorism strategies, security and defense operations, transnational crime, and all other issues affecting peace, stability, and good governance on the African continent.\",\"sameAs\":[\"https:\\\/\\\/x.com\\\/ADFmagazine\"],\"url\":\"https:\\\/\\\/adf-magazine.com\\\/pt-pt\\\/author\\\/adf\\\/\"}]}<\/script>\n<!-- \/ Yoast SEO plugin. -->","yoast_head_json":{"title":"Grupo Extremista Aumenta Ataques no Oeste do Uganda - Africa Defense Forum","robots":{"index":"index","follow":"follow","max-snippet":"max-snippet:-1","max-image-preview":"max-image-preview:large","max-video-preview":"max-video-preview:-1"},"canonical":"https:\/\/adf-magazine.com\/pt-pt\/2024\/01\/grupo-extremista-aumenta-ataques-no-oeste-do-uganda\/","og_locale":"pt_PT","og_type":"article","og_title":"Grupo Extremista Aumenta Ataques no Oeste do Uganda - Africa Defense Forum","og_description":"EQUIPA DA ADF O Uganda obteve uma vit\u00f3ria significativa sobre o grupo do Estado Isl\u00e2mico (EI) em Novembro, quando capturou um comandante de topo conhecido por \u201cNjovu\u201d durante um ataque em que foram mortos seis membros do seu grupo. Os combatentes pertenciam \u00e0s For\u00e7as Democr\u00e1ticas Aliadas, que t\u00eam a sua base na vizinha Rep\u00fablica Democr\u00e1tica","og_url":"https:\/\/adf-magazine.com\/pt-pt\/2024\/01\/grupo-extremista-aumenta-ataques-no-oeste-do-uganda\/","og_site_name":"Africa Defense Forum","article_publisher":"https:\/\/www.facebook.com\/ADFmagazine\/","article_published_time":"2024-01-03T15:25:36+00:00","article_modified_time":"2024-01-03T15:26:00+00:00","og_image":[{"width":1024,"height":683,"url":"https:\/\/adf-magazine.com\/wp-content\/uploads\/2024\/01\/GettyImages-1258792055.jpg","type":"image\/jpeg"}],"author":"ADF","twitter_card":"summary_large_image","twitter_creator":"@ADFmagazine","twitter_site":"@ADFmagazine","twitter_misc":{"Escrito por":"ADF","Tempo estimado de leitura":"4 minutos"},"schema":{"@context":"https:\/\/schema.org","@graph":[{"@type":"Article","@id":"https:\/\/adf-magazine.com\/pt-pt\/2024\/01\/grupo-extremista-aumenta-ataques-no-oeste-do-uganda\/#article","isPartOf":{"@id":"https:\/\/adf-magazine.com\/pt-pt\/2024\/01\/grupo-extremista-aumenta-ataques-no-oeste-do-uganda\/"},"author":{"name":"ADF","@id":"https:\/\/adf-magazine.com\/#\/schema\/person\/f266a6061389568b5a11465bb38bc025"},"headline":"Grupo Extremista Aumenta Ataques no Oeste do Uganda","datePublished":"2024-01-03T15:25:36+00:00","dateModified":"2024-01-03T15:26:00+00:00","mainEntityOfPage":{"@id":"https:\/\/adf-magazine.com\/pt-pt\/2024\/01\/grupo-extremista-aumenta-ataques-no-oeste-do-uganda\/"},"wordCount":721,"commentCount":0,"image":{"@id":"https:\/\/adf-magazine.com\/pt-pt\/2024\/01\/grupo-extremista-aumenta-ataques-no-oeste-do-uganda\/#primaryimage"},"thumbnailUrl":"https:\/\/adf-magazine.com\/wp-content\/uploads\/2024\/01\/GettyImages-1258792055.jpg","keywords":["Estado Isl\u00e2mico","extremismo","Terrorism","Uganda"],"articleSection":["Not\u00edcias diaries"],"inLanguage":"pt-PT","potentialAction":[{"@type":"CommentAction","name":"Comment","target":["https:\/\/adf-magazine.com\/pt-pt\/2024\/01\/grupo-extremista-aumenta-ataques-no-oeste-do-uganda\/#respond"]}]},{"@type":"WebPage","@id":"https:\/\/adf-magazine.com\/pt-pt\/2024\/01\/grupo-extremista-aumenta-ataques-no-oeste-do-uganda\/","url":"https:\/\/adf-magazine.com\/pt-pt\/2024\/01\/grupo-extremista-aumenta-ataques-no-oeste-do-uganda\/","name":"Grupo Extremista Aumenta Ataques no Oeste do Uganda - Africa Defense Forum","isPartOf":{"@id":"https:\/\/adf-magazine.com\/#website"},"primaryImageOfPage":{"@id":"https:\/\/adf-magazine.com\/pt-pt\/2024\/01\/grupo-extremista-aumenta-ataques-no-oeste-do-uganda\/#primaryimage"},"image":{"@id":"https:\/\/adf-magazine.com\/pt-pt\/2024\/01\/grupo-extremista-aumenta-ataques-no-oeste-do-uganda\/#primaryimage"},"thumbnailUrl":"https:\/\/adf-magazine.com\/wp-content\/uploads\/2024\/01\/GettyImages-1258792055.jpg","datePublished":"2024-01-03T15:25:36+00:00","dateModified":"2024-01-03T15:26:00+00:00","author":{"@id":"https:\/\/adf-magazine.com\/#\/schema\/person\/f266a6061389568b5a11465bb38bc025"},"breadcrumb":{"@id":"https:\/\/adf-magazine.com\/pt-pt\/2024\/01\/grupo-extremista-aumenta-ataques-no-oeste-do-uganda\/#breadcrumb"},"inLanguage":"pt-PT","potentialAction":[{"@type":"ReadAction","target":["https:\/\/adf-magazine.com\/pt-pt\/2024\/01\/grupo-extremista-aumenta-ataques-no-oeste-do-uganda\/"]}]},{"@type":"ImageObject","inLanguage":"pt-PT","@id":"https:\/\/adf-magazine.com\/pt-pt\/2024\/01\/grupo-extremista-aumenta-ataques-no-oeste-do-uganda\/#primaryimage","url":"https:\/\/adf-magazine.com\/wp-content\/uploads\/2024\/01\/GettyImages-1258792055.jpg","contentUrl":"https:\/\/adf-magazine.com\/wp-content\/uploads\/2024\/01\/GettyImages-1258792055.jpg","width":1024,"height":683,"caption":"Uma mulher \u00e9 confortada durante o funeral de dois alunos mortos pelas For\u00e7as Democr\u00e1ticas Aliadas durante um massacre numa escola em Junho. AFP\/GETTY IMAGES"},{"@type":"BreadcrumbList","@id":"https:\/\/adf-magazine.com\/pt-pt\/2024\/01\/grupo-extremista-aumenta-ataques-no-oeste-do-uganda\/#breadcrumb","itemListElement":[{"@type":"ListItem","position":1,"name":"Home","item":"https:\/\/adf-magazine.com\/"},{"@type":"ListItem","position":2,"name":"Grupo Extremista Aumenta Ataques no Oeste do Uganda"}]},{"@type":"WebSite","@id":"https:\/\/adf-magazine.com\/#website","url":"https:\/\/adf-magazine.com\/","name":"Africa Defense Forum","description":"Africa Defense Forum","potentialAction":[{"@type":"SearchAction","target":{"@type":"EntryPoint","urlTemplate":"https:\/\/adf-magazine.com\/?s={search_term_string}"},"query-input":{"@type":"PropertyValueSpecification","valueRequired":true,"valueName":"search_term_string"}}],"inLanguage":"pt-PT"},{"@type":"Person","@id":"https:\/\/adf-magazine.com\/#\/schema\/person\/f266a6061389568b5a11465bb38bc025","name":"ADF","image":{"@type":"ImageObject","inLanguage":"pt-PT","@id":"https:\/\/adf-magazine.com\/wp-content\/uploads\/2020\/05\/cropped-ADF_icon.jpg","url":"https:\/\/adf-magazine.com\/wp-content\/uploads\/2020\/05\/cropped-ADF_icon.jpg","contentUrl":"https:\/\/adf-magazine.com\/wp-content\/uploads\/2020\/05\/cropped-ADF_icon.jpg","caption":"ADF"},"description":"ADF is a professional military magazine published quarterly by U.S. Africa Command to provide an international forum for African security professionals. ADF covers topics such as counter terrorism strategies, security and defense operations, transnational crime, and all other issues affecting peace, stability, and good governance on the African continent.","sameAs":["https:\/\/x.com\/ADFmagazine"],"url":"https:\/\/adf-magazine.com\/pt-pt\/author\/adf\/"}]}},"_links":{"self":[{"href":"https:\/\/adf-magazine.com\/pt-pt\/wp-json\/wp\/v2\/posts\/111842","targetHints":{"allow":["GET"]}}],"collection":[{"href":"https:\/\/adf-magazine.com\/pt-pt\/wp-json\/wp\/v2\/posts"}],"about":[{"href":"https:\/\/adf-magazine.com\/pt-pt\/wp-json\/wp\/v2\/types\/post"}],"author":[{"embeddable":true,"href":"https:\/\/adf-magazine.com\/pt-pt\/wp-json\/wp\/v2\/users\/1"}],"replies":[{"embeddable":true,"href":"https:\/\/adf-magazine.com\/pt-pt\/wp-json\/wp\/v2\/comments?post=111842"}],"version-history":[{"count":0,"href":"https:\/\/adf-magazine.com\/pt-pt\/wp-json\/wp\/v2\/posts\/111842\/revisions"}],"wp:featuredmedia":[{"embeddable":true,"href":"https:\/\/adf-magazine.com\/pt-pt\/wp-json\/wp\/v2\/media\/111834"}],"wp:attachment":[{"href":"https:\/\/adf-magazine.com\/pt-pt\/wp-json\/wp\/v2\/media?parent=111842"}],"wp:term":[{"taxonomy":"category","embeddable":true,"href":"https:\/\/adf-magazine.com\/pt-pt\/wp-json\/wp\/v2\/categories?post=111842"},{"taxonomy":"post_tag","embeddable":true,"href":"https:\/\/adf-magazine.com\/pt-pt\/wp-json\/wp\/v2\/tags?post=111842"}],"curies":[{"name":"wp","href":"https:\/\/api.w.org\/{rel}","templated":true}]}}