{"id":111421,"date":"2023-12-19T11:41:53","date_gmt":"2023-12-19T16:41:53","guid":{"rendered":"https:\/\/adf-magazine.com\/?p=111421"},"modified":"2024-01-01T08:43:07","modified_gmt":"2024-01-01T13:43:07","slug":"nigeria-abre-centro-nacional-de-combate-ao-terrorismo","status":"publish","type":"post","link":"https:\/\/adf-magazine.com\/pt-pt\/2023\/12\/nigeria-abre-centro-nacional-de-combate-ao-terrorismo\/","title":{"rendered":"NIG\u00c9RIA Abre Centro Nacional de Combate ao Terrorismo"},"content":{"rendered":"<p>EQUIPA DA ADF<span class=\"Apple-converted-space\">\u00a0<\/span><\/p>\n<p>A Nig\u00e9ria inaugurou duas novas instala\u00e7\u00f5es que ser\u00e3o o centro nevr\u00e1lgico da sua luta contra o terrorismo. <span class=\"Apple-converted-space\">\u00a0<\/span><\/p>\n<p>Numa cerim\u00f3nia realizada em Mar\u00e7o de 2023, perto do final do seu mandato presidencial, o ent\u00e3o Presidente Muhammadu Buhari inaugurou o novo Gabinete do Conselheiro de Seguran\u00e7a Nacional e o Centro Nacional de Combate ao Terrorismo, em Abuja. Buhari afirmou que as instala\u00e7\u00f5es de \u00faltima gera\u00e7\u00e3o dotar\u00e3o a nova administra\u00e7\u00e3o da Nig\u00e9ria de infra-estruturas para coordenar eficazmente os esfor\u00e7os de seguran\u00e7a nacional e de combate ao terrorismo. <span class=\"Apple-converted-space\">\u00a0<\/span><\/p>\n<p>As instala\u00e7\u00f5es incluem escrit\u00f3rios, salas de reuni\u00f5es, laborat\u00f3rios, uma sala de confer\u00eancias, um audit\u00f3rio e um centro de opera\u00e7\u00f5es\/crise.<span class=\"Apple-converted-space\">\u00a0<\/span><\/p>\n<p>H\u00e1 14 anos que a Nig\u00e9ria \u00e9 afectada pelo extremismo violento, em especial no nordeste do pa\u00eds, que causou a morte de 65.000 pessoas. <span class=\"Apple-converted-space\">\u00a0<\/span><\/p>\n<p>No dia 5 de Junho, o Presidente Bola Ahmed Tinubu visitou o centro, poucos dias depois de ter tomado posse. Ele exortou as for\u00e7as armadas e todos os sectores do governo e da sociedade civil a trabalharem em conjunto para combater o terrorismo. <span class=\"Apple-converted-space\">\u00a0<\/span><\/p>\n<p>\u201cN\u00e3o pode haver desarmonia numa orquestra deste plano de seguran\u00e7a,\u201d disse Tinubu. \u201cTemos de nos concentrar num s\u00f3 t\u00fanel, coordenar informa\u00e7\u00f5es partilhadas, intelig\u00eancia partilhada, coordena\u00e7\u00e3o e trabalhar mais arduamente.\u201d<span class=\"Apple-converted-space\">\u00a0<\/span><\/p>\n<p>O complexo \u00e9 o resultado de novas pol\u00edticas de seguran\u00e7a adoptadas pelo pa\u00eds para coordenar a sua abordagem de combate ao terrorismo. Estas incluem a Estrat\u00e9gia Nacional de Combate ao Terrorismo de 2016, a Estrat\u00e9gia Nacional de Seguran\u00e7a de 2019, a Pol\u00edtica e Estrat\u00e9gia Nacional de Ciberseguran\u00e7a de 2021 e a Doutrina Nacional de Gest\u00e3o de Crises de 2022.<span class=\"Apple-converted-space\">\u00a0<\/span><\/p>\n<p>\u201cEm termos gerais, estes documentos de pol\u00edticas enfatizam uma abordagem de todo o governo, envolvendo todos os minist\u00e9rios, departamentos e ag\u00eancias, em combina\u00e7\u00e3o com uma abordagem de toda a sociedade, envolvendo as organiza\u00e7\u00f5es da sociedade civil e os cidad\u00e3os,\u201d afirmou Buhari em Mar\u00e7o de 2023. <span class=\"Apple-converted-space\">\u00a0<\/span><\/p>\n<p>O centro foi criado como um \u00f3rg\u00e3o de coordena\u00e7\u00e3o para combater o terrorismo e o financiamento do terrorismo no pa\u00eds. \u00c9 composto por representantes de ag\u00eancias e departamentos governamentais e alberga a Sec\u00e7\u00e3o de An\u00e1lise Conjunta do Terrorismo da Nig\u00e9ria, a Estrat\u00e9gia Nacional de Combate ao Terrorismo, o Gabinete de An\u00e1lise de Dispositivos Explosivos e a Unidade de Preven\u00e7\u00e3o e Combate ao Extremismo Violento.<span class=\"Apple-converted-space\">\u00a0<\/span><\/p>\n","protected":false},"excerpt":{"rendered":"<p>EQUIPA DA ADF\u00a0 A Nig\u00e9ria inaugurou duas novas instala\u00e7\u00f5es que ser\u00e3o o centro nevr\u00e1lgico da sua luta contra o terrorismo. \u00a0 Numa cerim\u00f3nia realizada em Mar\u00e7o de 2023, perto do final do seu mandato presidencial, o ent\u00e3o Presidente Muhammadu Buhari inaugurou o novo Gabinete do Conselheiro de Seguran\u00e7a Nacional e o Centro Nacional de Combate<\/p>\n","protected":false},"author":1,"featured_media":111182,"comment_status":"closed","ping_status":"closed","sticky":false,"template":"","format":"standard","meta":{"_acf_changed":false,"_monsterinsights_skip_tracking":false,"_monsterinsights_sitenote_active":false,"_monsterinsights_sitenote_note":"","_monsterinsights_sitenote_category":0,"_uf_show_specific_survey":0,"_uf_disable_surveys":false,"footnotes":""},"categories":[335,341],"tags":[],"class_list":{"0":"post-111421","1":"post","2":"type-post","3":"status-publish","4":"format-standard","5":"has-post-thumbnail","7":"category-colunas","8":"category-defesa-e-seguranca"},"acf":[],"yoast_head":"<!-- This site is optimized with the Yoast SEO plugin v27.4 - https:\/\/yoast.com\/product\/yoast-seo-wordpress\/ -->\n<title>NIG\u00c9RIA Abre Centro Nacional de Combate ao Terrorismo - Africa Defense Forum<\/title>\n<meta name=\"robots\" content=\"index, follow, max-snippet:-1, max-image-preview:large, max-video-preview:-1\" \/>\n<link rel=\"canonical\" href=\"https:\/\/adf-magazine.com\/pt-pt\/2023\/12\/nigeria-abre-centro-nacional-de-combate-ao-terrorismo\/\" \/>\n<meta property=\"og:locale\" content=\"pt_PT\" \/>\n<meta property=\"og:type\" content=\"article\" \/>\n<meta property=\"og:title\" content=\"NIG\u00c9RIA Abre Centro Nacional de Combate ao Terrorismo - Africa Defense Forum\" \/>\n<meta property=\"og:description\" content=\"EQUIPA DA ADF\u00a0 A Nig\u00e9ria inaugurou duas novas instala\u00e7\u00f5es que ser\u00e3o o centro nevr\u00e1lgico da sua luta contra o terrorismo. \u00a0 Numa cerim\u00f3nia realizada em Mar\u00e7o de 2023, perto do final do seu mandato presidencial, o ent\u00e3o Presidente Muhammadu Buhari inaugurou o novo Gabinete do Conselheiro de Seguran\u00e7a Nacional e o Centro Nacional de Combate\" \/>\n<meta property=\"og:url\" content=\"https:\/\/adf-magazine.com\/pt-pt\/2023\/12\/nigeria-abre-centro-nacional-de-combate-ao-terrorismo\/\" \/>\n<meta property=\"og:site_name\" content=\"Africa Defense Forum\" \/>\n<meta property=\"article:publisher\" content=\"https:\/\/www.facebook.com\/ADFmagazine\/\" \/>\n<meta property=\"article:published_time\" content=\"2023-12-19T16:41:53+00:00\" \/>\n<meta property=\"article:modified_time\" content=\"2024-01-01T13:43:07+00:00\" \/>\n<meta property=\"og:image\" content=\"https:\/\/adf-magazine.com\/wp-content\/uploads\/2023\/12\/IMG-20230322-WA0028.jpg\" \/>\n\t<meta property=\"og:image:width\" content=\"1080\" \/>\n\t<meta property=\"og:image:height\" content=\"720\" \/>\n\t<meta property=\"og:image:type\" content=\"image\/jpeg\" \/>\n<meta name=\"author\" content=\"ADF\" \/>\n<meta name=\"twitter:card\" content=\"summary_large_image\" \/>\n<meta name=\"twitter:creator\" content=\"@ADFmagazine\" \/>\n<meta name=\"twitter:site\" content=\"@ADFmagazine\" \/>\n<meta name=\"twitter:label1\" content=\"Escrito por\" \/>\n\t<meta name=\"twitter:data1\" content=\"ADF\" \/>\n\t<meta name=\"twitter:label2\" content=\"Tempo estimado de leitura\" \/>\n\t<meta name=\"twitter:data2\" content=\"2 minutos\" \/>\n<script type=\"application\/ld+json\" class=\"yoast-schema-graph\">{\"@context\":\"https:\\\/\\\/schema.org\",\"@graph\":[{\"@type\":\"Article\",\"@id\":\"https:\\\/\\\/adf-magazine.com\\\/pt-pt\\\/2023\\\/12\\\/nigeria-abre-centro-nacional-de-combate-ao-terrorismo\\\/#article\",\"isPartOf\":{\"@id\":\"https:\\\/\\\/adf-magazine.com\\\/pt-pt\\\/2023\\\/12\\\/nigeria-abre-centro-nacional-de-combate-ao-terrorismo\\\/\"},\"author\":{\"name\":\"ADF\",\"@id\":\"https:\\\/\\\/adf-magazine.com\\\/#\\\/schema\\\/person\\\/f266a6061389568b5a11465bb38bc025\"},\"headline\":\"NIG\u00c9RIA Abre Centro Nacional de Combate ao Terrorismo\",\"datePublished\":\"2023-12-19T16:41:53+00:00\",\"dateModified\":\"2024-01-01T13:43:07+00:00\",\"mainEntityOfPage\":{\"@id\":\"https:\\\/\\\/adf-magazine.com\\\/pt-pt\\\/2023\\\/12\\\/nigeria-abre-centro-nacional-de-combate-ao-terrorismo\\\/\"},\"wordCount\":426,\"image\":{\"@id\":\"https:\\\/\\\/adf-magazine.com\\\/pt-pt\\\/2023\\\/12\\\/nigeria-abre-centro-nacional-de-combate-ao-terrorismo\\\/#primaryimage\"},\"thumbnailUrl\":\"https:\\\/\\\/adf-magazine.com\\\/wp-content\\\/uploads\\\/2023\\\/12\\\/IMG-20230322-WA0028.jpg\",\"articleSection\":[\"Colunas\",\"Defesa e Seguran\u00e7a\"],\"inLanguage\":\"pt-PT\"},{\"@type\":\"WebPage\",\"@id\":\"https:\\\/\\\/adf-magazine.com\\\/pt-pt\\\/2023\\\/12\\\/nigeria-abre-centro-nacional-de-combate-ao-terrorismo\\\/\",\"url\":\"https:\\\/\\\/adf-magazine.com\\\/pt-pt\\\/2023\\\/12\\\/nigeria-abre-centro-nacional-de-combate-ao-terrorismo\\\/\",\"name\":\"NIG\u00c9RIA Abre Centro Nacional de Combate ao Terrorismo - Africa Defense Forum\",\"isPartOf\":{\"@id\":\"https:\\\/\\\/adf-magazine.com\\\/#website\"},\"primaryImageOfPage\":{\"@id\":\"https:\\\/\\\/adf-magazine.com\\\/pt-pt\\\/2023\\\/12\\\/nigeria-abre-centro-nacional-de-combate-ao-terrorismo\\\/#primaryimage\"},\"image\":{\"@id\":\"https:\\\/\\\/adf-magazine.com\\\/pt-pt\\\/2023\\\/12\\\/nigeria-abre-centro-nacional-de-combate-ao-terrorismo\\\/#primaryimage\"},\"thumbnailUrl\":\"https:\\\/\\\/adf-magazine.com\\\/wp-content\\\/uploads\\\/2023\\\/12\\\/IMG-20230322-WA0028.jpg\",\"datePublished\":\"2023-12-19T16:41:53+00:00\",\"dateModified\":\"2024-01-01T13:43:07+00:00\",\"author\":{\"@id\":\"https:\\\/\\\/adf-magazine.com\\\/#\\\/schema\\\/person\\\/f266a6061389568b5a11465bb38bc025\"},\"breadcrumb\":{\"@id\":\"https:\\\/\\\/adf-magazine.com\\\/pt-pt\\\/2023\\\/12\\\/nigeria-abre-centro-nacional-de-combate-ao-terrorismo\\\/#breadcrumb\"},\"inLanguage\":\"pt-PT\",\"potentialAction\":[{\"@type\":\"ReadAction\",\"target\":[\"https:\\\/\\\/adf-magazine.com\\\/pt-pt\\\/2023\\\/12\\\/nigeria-abre-centro-nacional-de-combate-ao-terrorismo\\\/\"]}]},{\"@type\":\"ImageObject\",\"inLanguage\":\"pt-PT\",\"@id\":\"https:\\\/\\\/adf-magazine.com\\\/pt-pt\\\/2023\\\/12\\\/nigeria-abre-centro-nacional-de-combate-ao-terrorismo\\\/#primaryimage\",\"url\":\"https:\\\/\\\/adf-magazine.com\\\/wp-content\\\/uploads\\\/2023\\\/12\\\/IMG-20230322-WA0028.jpg\",\"contentUrl\":\"https:\\\/\\\/adf-magazine.com\\\/wp-content\\\/uploads\\\/2023\\\/12\\\/IMG-20230322-WA0028.jpg\",\"width\":1080,\"height\":720},{\"@type\":\"BreadcrumbList\",\"@id\":\"https:\\\/\\\/adf-magazine.com\\\/pt-pt\\\/2023\\\/12\\\/nigeria-abre-centro-nacional-de-combate-ao-terrorismo\\\/#breadcrumb\",\"itemListElement\":[{\"@type\":\"ListItem\",\"position\":1,\"name\":\"Home\",\"item\":\"https:\\\/\\\/adf-magazine.com\\\/\"},{\"@type\":\"ListItem\",\"position\":2,\"name\":\"NIG\u00c9RIA Abre Centro Nacional de Combate ao Terrorismo\"}]},{\"@type\":\"WebSite\",\"@id\":\"https:\\\/\\\/adf-magazine.com\\\/#website\",\"url\":\"https:\\\/\\\/adf-magazine.com\\\/\",\"name\":\"Africa Defense Forum\",\"description\":\"Africa Defense Forum\",\"potentialAction\":[{\"@type\":\"SearchAction\",\"target\":{\"@type\":\"EntryPoint\",\"urlTemplate\":\"https:\\\/\\\/adf-magazine.com\\\/?s={search_term_string}\"},\"query-input\":{\"@type\":\"PropertyValueSpecification\",\"valueRequired\":true,\"valueName\":\"search_term_string\"}}],\"inLanguage\":\"pt-PT\"},{\"@type\":\"Person\",\"@id\":\"https:\\\/\\\/adf-magazine.com\\\/#\\\/schema\\\/person\\\/f266a6061389568b5a11465bb38bc025\",\"name\":\"ADF\",\"image\":{\"@type\":\"ImageObject\",\"inLanguage\":\"pt-PT\",\"@id\":\"https:\\\/\\\/adf-magazine.com\\\/wp-content\\\/uploads\\\/2020\\\/05\\\/cropped-ADF_icon.jpg\",\"url\":\"https:\\\/\\\/adf-magazine.com\\\/wp-content\\\/uploads\\\/2020\\\/05\\\/cropped-ADF_icon.jpg\",\"contentUrl\":\"https:\\\/\\\/adf-magazine.com\\\/wp-content\\\/uploads\\\/2020\\\/05\\\/cropped-ADF_icon.jpg\",\"caption\":\"ADF\"},\"description\":\"ADF is a professional military magazine published quarterly by U.S. Africa Command to provide an international forum for African security professionals. ADF covers topics such as counter terrorism strategies, security and defense operations, transnational crime, and all other issues affecting peace, stability, and good governance on the African continent.\",\"sameAs\":[\"https:\\\/\\\/x.com\\\/ADFmagazine\"],\"url\":\"https:\\\/\\\/adf-magazine.com\\\/pt-pt\\\/author\\\/adf\\\/\"}]}<\/script>\n<!-- \/ Yoast SEO plugin. -->","yoast_head_json":{"title":"NIG\u00c9RIA Abre Centro Nacional de Combate ao Terrorismo - Africa Defense Forum","robots":{"index":"index","follow":"follow","max-snippet":"max-snippet:-1","max-image-preview":"max-image-preview:large","max-video-preview":"max-video-preview:-1"},"canonical":"https:\/\/adf-magazine.com\/pt-pt\/2023\/12\/nigeria-abre-centro-nacional-de-combate-ao-terrorismo\/","og_locale":"pt_PT","og_type":"article","og_title":"NIG\u00c9RIA Abre Centro Nacional de Combate ao Terrorismo - Africa Defense Forum","og_description":"EQUIPA DA ADF\u00a0 A Nig\u00e9ria inaugurou duas novas instala\u00e7\u00f5es que ser\u00e3o o centro nevr\u00e1lgico da sua luta contra o terrorismo. \u00a0 Numa cerim\u00f3nia realizada em Mar\u00e7o de 2023, perto do final do seu mandato presidencial, o ent\u00e3o Presidente Muhammadu Buhari inaugurou o novo Gabinete do Conselheiro de Seguran\u00e7a Nacional e o Centro Nacional de Combate","og_url":"https:\/\/adf-magazine.com\/pt-pt\/2023\/12\/nigeria-abre-centro-nacional-de-combate-ao-terrorismo\/","og_site_name":"Africa Defense Forum","article_publisher":"https:\/\/www.facebook.com\/ADFmagazine\/","article_published_time":"2023-12-19T16:41:53+00:00","article_modified_time":"2024-01-01T13:43:07+00:00","og_image":[{"width":1080,"height":720,"url":"https:\/\/adf-magazine.com\/wp-content\/uploads\/2023\/12\/IMG-20230322-WA0028.jpg","type":"image\/jpeg"}],"author":"ADF","twitter_card":"summary_large_image","twitter_creator":"@ADFmagazine","twitter_site":"@ADFmagazine","twitter_misc":{"Escrito por":"ADF","Tempo estimado de leitura":"2 minutos"},"schema":{"@context":"https:\/\/schema.org","@graph":[{"@type":"Article","@id":"https:\/\/adf-magazine.com\/pt-pt\/2023\/12\/nigeria-abre-centro-nacional-de-combate-ao-terrorismo\/#article","isPartOf":{"@id":"https:\/\/adf-magazine.com\/pt-pt\/2023\/12\/nigeria-abre-centro-nacional-de-combate-ao-terrorismo\/"},"author":{"name":"ADF","@id":"https:\/\/adf-magazine.com\/#\/schema\/person\/f266a6061389568b5a11465bb38bc025"},"headline":"NIG\u00c9RIA Abre Centro Nacional de Combate ao Terrorismo","datePublished":"2023-12-19T16:41:53+00:00","dateModified":"2024-01-01T13:43:07+00:00","mainEntityOfPage":{"@id":"https:\/\/adf-magazine.com\/pt-pt\/2023\/12\/nigeria-abre-centro-nacional-de-combate-ao-terrorismo\/"},"wordCount":426,"image":{"@id":"https:\/\/adf-magazine.com\/pt-pt\/2023\/12\/nigeria-abre-centro-nacional-de-combate-ao-terrorismo\/#primaryimage"},"thumbnailUrl":"https:\/\/adf-magazine.com\/wp-content\/uploads\/2023\/12\/IMG-20230322-WA0028.jpg","articleSection":["Colunas","Defesa e Seguran\u00e7a"],"inLanguage":"pt-PT"},{"@type":"WebPage","@id":"https:\/\/adf-magazine.com\/pt-pt\/2023\/12\/nigeria-abre-centro-nacional-de-combate-ao-terrorismo\/","url":"https:\/\/adf-magazine.com\/pt-pt\/2023\/12\/nigeria-abre-centro-nacional-de-combate-ao-terrorismo\/","name":"NIG\u00c9RIA Abre Centro Nacional de Combate ao Terrorismo - Africa Defense Forum","isPartOf":{"@id":"https:\/\/adf-magazine.com\/#website"},"primaryImageOfPage":{"@id":"https:\/\/adf-magazine.com\/pt-pt\/2023\/12\/nigeria-abre-centro-nacional-de-combate-ao-terrorismo\/#primaryimage"},"image":{"@id":"https:\/\/adf-magazine.com\/pt-pt\/2023\/12\/nigeria-abre-centro-nacional-de-combate-ao-terrorismo\/#primaryimage"},"thumbnailUrl":"https:\/\/adf-magazine.com\/wp-content\/uploads\/2023\/12\/IMG-20230322-WA0028.jpg","datePublished":"2023-12-19T16:41:53+00:00","dateModified":"2024-01-01T13:43:07+00:00","author":{"@id":"https:\/\/adf-magazine.com\/#\/schema\/person\/f266a6061389568b5a11465bb38bc025"},"breadcrumb":{"@id":"https:\/\/adf-magazine.com\/pt-pt\/2023\/12\/nigeria-abre-centro-nacional-de-combate-ao-terrorismo\/#breadcrumb"},"inLanguage":"pt-PT","potentialAction":[{"@type":"ReadAction","target":["https:\/\/adf-magazine.com\/pt-pt\/2023\/12\/nigeria-abre-centro-nacional-de-combate-ao-terrorismo\/"]}]},{"@type":"ImageObject","inLanguage":"pt-PT","@id":"https:\/\/adf-magazine.com\/pt-pt\/2023\/12\/nigeria-abre-centro-nacional-de-combate-ao-terrorismo\/#primaryimage","url":"https:\/\/adf-magazine.com\/wp-content\/uploads\/2023\/12\/IMG-20230322-WA0028.jpg","contentUrl":"https:\/\/adf-magazine.com\/wp-content\/uploads\/2023\/12\/IMG-20230322-WA0028.jpg","width":1080,"height":720},{"@type":"BreadcrumbList","@id":"https:\/\/adf-magazine.com\/pt-pt\/2023\/12\/nigeria-abre-centro-nacional-de-combate-ao-terrorismo\/#breadcrumb","itemListElement":[{"@type":"ListItem","position":1,"name":"Home","item":"https:\/\/adf-magazine.com\/"},{"@type":"ListItem","position":2,"name":"NIG\u00c9RIA Abre Centro Nacional de Combate ao Terrorismo"}]},{"@type":"WebSite","@id":"https:\/\/adf-magazine.com\/#website","url":"https:\/\/adf-magazine.com\/","name":"Africa Defense Forum","description":"Africa Defense Forum","potentialAction":[{"@type":"SearchAction","target":{"@type":"EntryPoint","urlTemplate":"https:\/\/adf-magazine.com\/?s={search_term_string}"},"query-input":{"@type":"PropertyValueSpecification","valueRequired":true,"valueName":"search_term_string"}}],"inLanguage":"pt-PT"},{"@type":"Person","@id":"https:\/\/adf-magazine.com\/#\/schema\/person\/f266a6061389568b5a11465bb38bc025","name":"ADF","image":{"@type":"ImageObject","inLanguage":"pt-PT","@id":"https:\/\/adf-magazine.com\/wp-content\/uploads\/2020\/05\/cropped-ADF_icon.jpg","url":"https:\/\/adf-magazine.com\/wp-content\/uploads\/2020\/05\/cropped-ADF_icon.jpg","contentUrl":"https:\/\/adf-magazine.com\/wp-content\/uploads\/2020\/05\/cropped-ADF_icon.jpg","caption":"ADF"},"description":"ADF is a professional military magazine published quarterly by U.S. Africa Command to provide an international forum for African security professionals. ADF covers topics such as counter terrorism strategies, security and defense operations, transnational crime, and all other issues affecting peace, stability, and good governance on the African continent.","sameAs":["https:\/\/x.com\/ADFmagazine"],"url":"https:\/\/adf-magazine.com\/pt-pt\/author\/adf\/"}]}},"_links":{"self":[{"href":"https:\/\/adf-magazine.com\/pt-pt\/wp-json\/wp\/v2\/posts\/111421","targetHints":{"allow":["GET"]}}],"collection":[{"href":"https:\/\/adf-magazine.com\/pt-pt\/wp-json\/wp\/v2\/posts"}],"about":[{"href":"https:\/\/adf-magazine.com\/pt-pt\/wp-json\/wp\/v2\/types\/post"}],"author":[{"embeddable":true,"href":"https:\/\/adf-magazine.com\/pt-pt\/wp-json\/wp\/v2\/users\/1"}],"replies":[{"embeddable":true,"href":"https:\/\/adf-magazine.com\/pt-pt\/wp-json\/wp\/v2\/comments?post=111421"}],"version-history":[{"count":0,"href":"https:\/\/adf-magazine.com\/pt-pt\/wp-json\/wp\/v2\/posts\/111421\/revisions"}],"wp:featuredmedia":[{"embeddable":true,"href":"https:\/\/adf-magazine.com\/pt-pt\/wp-json\/wp\/v2\/media\/111182"}],"wp:attachment":[{"href":"https:\/\/adf-magazine.com\/pt-pt\/wp-json\/wp\/v2\/media?parent=111421"}],"wp:term":[{"taxonomy":"category","embeddable":true,"href":"https:\/\/adf-magazine.com\/pt-pt\/wp-json\/wp\/v2\/categories?post=111421"},{"taxonomy":"post_tag","embeddable":true,"href":"https:\/\/adf-magazine.com\/pt-pt\/wp-json\/wp\/v2\/tags?post=111421"}],"curies":[{"name":"wp","href":"https:\/\/api.w.org\/{rel}","templated":true}]}}