{"id":111373,"date":"2023-12-19T10:44:08","date_gmt":"2023-12-19T15:44:08","guid":{"rendered":"https:\/\/adf-magazine.com\/?p=111373"},"modified":"2024-01-01T08:43:39","modified_gmt":"2024-01-01T13:43:39","slug":"marrocos-e-brasil-forjam-lacos-de-defesa","status":"publish","type":"post","link":"https:\/\/adf-magazine.com\/pt-pt\/2023\/12\/marrocos-e-brasil-forjam-lacos-de-defesa\/","title":{"rendered":"Marrocos E Brasil Forjam La\u00e7os De Defesa"},"content":{"rendered":"<p>EQUIPA DA ADF<\/p>\n<p>O<span class=\"Apple-converted-space\">\u00a0<\/span>Marrocos e o Brasil est\u00e3o a explorar um acordo de coopera\u00e7\u00e3o no dom\u00ednio da defesa, que inclui investiga\u00e7\u00e3o, desenvolvimento, compra de armas e apoio log\u00edstico.<span class=\"Apple-converted-space\">\u00a0<\/span><\/p>\n<p>O Senado brasileiro aprovou o pacto em Maio de 2023.<span class=\"Apple-converted-space\">\u00a0<\/span><\/p>\n<p>O acordo de coopera\u00e7\u00e3o inscreve-se na estrat\u00e9gia marroquina de diversifica\u00e7\u00e3o das suas parcerias de seguran\u00e7a a n\u00edvel mundial. De acordo com a empresa de informa\u00e7\u00f5es estrat\u00e9gicas ADIT, as despesas militares de Marrocos ascenderam a 5 bilh\u00f5es de d\u00f3lares, quase 4% do seu produto interno bruto em 2022.<\/p>\n<p>Marrocos e o Brasil assinaram um acordo, em 2019, para partilhar tecnologia militar, o que tem sido visto como um in\u00edcio da inten\u00e7\u00e3o de Marrocos de desenvolver a sua pr\u00f3pria ind\u00fastria de defesa e reduzir a sua depend\u00eancia de armas de fabrico estrangeiro. Segundo a ADIT, o acordo prev\u00ea a partilha de ci\u00eancia e tecnologia militares entre o Brasil e o Marrocos, bem como a forma\u00e7\u00e3o de oficiais marroquinos em tecnologias militares avan\u00e7adas.<\/p>\n<p>Os dois pa\u00edses, separados por 7.000 quil\u00f3metros, tamb\u00e9m se apoiam mutuamente de outras formas. Reuniram-se no Brasil, em Maio de 2023, para uma reuni\u00e3o do Grupo Parlamentar de Amizade Brasil-Marrocos. O grupo pretende refor\u00e7ar o di\u00e1logo entre os deputados dos dois pa\u00edses e \u201cpromover a parceria cultural, econ\u00f3mica e comercial,\u201d segundo o The North Africa Post. O Presidente Ti\u00e3o Medeiros afirmou que os dois pa\u00edses partilham os mesmos valores democr\u00e1ticos e posi\u00e7\u00f5es sobre quest\u00f5es de interesse comum, incluindo o desenvolvimento sustent\u00e1vel, a luta contra o racismo, as altera\u00e7\u00f5es clim\u00e1ticas e a promo\u00e7\u00e3o da paz e da seguran\u00e7a regionais e internacionais.<\/p>\n","protected":false},"excerpt":{"rendered":"<p>EQUIPA DA ADF O\u00a0Marrocos e o Brasil est\u00e3o a explorar um acordo de coopera\u00e7\u00e3o no dom\u00ednio da defesa, que inclui investiga\u00e7\u00e3o, desenvolvimento, compra de armas e apoio log\u00edstico.\u00a0 O Senado brasileiro aprovou o pacto em Maio de 2023.\u00a0 O acordo de coopera\u00e7\u00e3o inscreve-se na estrat\u00e9gia marroquina de diversifica\u00e7\u00e3o das suas parcerias de seguran\u00e7a a n\u00edvel<\/p>\n","protected":false},"author":1,"featured_media":111150,"comment_status":"open","ping_status":"closed","sticky":false,"template":"","format":"standard","meta":{"_acf_changed":false,"_monsterinsights_skip_tracking":false,"_monsterinsights_sitenote_active":false,"_monsterinsights_sitenote_note":"","_monsterinsights_sitenote_category":0,"_uf_show_specific_survey":0,"_uf_disable_surveys":false,"footnotes":""},"categories":[335,1239],"tags":[],"class_list":{"0":"post-111373","1":"post","2":"type-post","3":"status-publish","4":"format-standard","5":"has-post-thumbnail","7":"category-colunas","8":"category-trabalho-em-equipa"},"acf":[],"yoast_head":"<!-- This site is optimized with the Yoast SEO plugin v27.4 - https:\/\/yoast.com\/product\/yoast-seo-wordpress\/ -->\n<title>Marrocos E Brasil Forjam La\u00e7os De Defesa - Africa Defense Forum<\/title>\n<meta name=\"robots\" content=\"index, follow, max-snippet:-1, max-image-preview:large, max-video-preview:-1\" \/>\n<link rel=\"canonical\" href=\"https:\/\/adf-magazine.com\/pt-pt\/2023\/12\/marrocos-e-brasil-forjam-lacos-de-defesa\/\" \/>\n<meta property=\"og:locale\" content=\"pt_PT\" \/>\n<meta property=\"og:type\" content=\"article\" \/>\n<meta property=\"og:title\" content=\"Marrocos E Brasil Forjam La\u00e7os De Defesa - Africa Defense Forum\" \/>\n<meta property=\"og:description\" content=\"EQUIPA DA ADF O\u00a0Marrocos e o Brasil est\u00e3o a explorar um acordo de coopera\u00e7\u00e3o no dom\u00ednio da defesa, que inclui investiga\u00e7\u00e3o, desenvolvimento, compra de armas e apoio log\u00edstico.\u00a0 O Senado brasileiro aprovou o pacto em Maio de 2023.\u00a0 O acordo de coopera\u00e7\u00e3o inscreve-se na estrat\u00e9gia marroquina de diversifica\u00e7\u00e3o das suas parcerias de seguran\u00e7a a n\u00edvel\" \/>\n<meta property=\"og:url\" content=\"https:\/\/adf-magazine.com\/pt-pt\/2023\/12\/marrocos-e-brasil-forjam-lacos-de-defesa\/\" \/>\n<meta property=\"og:site_name\" content=\"Africa Defense Forum\" \/>\n<meta property=\"article:publisher\" content=\"https:\/\/www.facebook.com\/ADFmagazine\/\" \/>\n<meta property=\"article:published_time\" content=\"2023-12-19T15:44:08+00:00\" \/>\n<meta property=\"article:modified_time\" content=\"2024-01-01T13:43:39+00:00\" \/>\n<meta property=\"og:image\" content=\"https:\/\/adf-magazine.com\/wp-content\/uploads\/2023\/12\/GettyImages-1233460101.jpg\" \/>\n\t<meta property=\"og:image:width\" content=\"1080\" \/>\n\t<meta property=\"og:image:height\" content=\"712\" \/>\n\t<meta property=\"og:image:type\" content=\"image\/jpeg\" \/>\n<meta name=\"author\" content=\"ADF\" \/>\n<meta name=\"twitter:card\" content=\"summary_large_image\" \/>\n<meta name=\"twitter:creator\" content=\"@ADFmagazine\" \/>\n<meta name=\"twitter:site\" content=\"@ADFmagazine\" \/>\n<meta name=\"twitter:label1\" content=\"Escrito por\" \/>\n\t<meta name=\"twitter:data1\" content=\"ADF\" \/>\n\t<meta name=\"twitter:label2\" content=\"Tempo estimado de leitura\" \/>\n\t<meta name=\"twitter:data2\" content=\"1 minuto\" \/>\n<script type=\"application\/ld+json\" class=\"yoast-schema-graph\">{\"@context\":\"https:\\\/\\\/schema.org\",\"@graph\":[{\"@type\":\"Article\",\"@id\":\"https:\\\/\\\/adf-magazine.com\\\/pt-pt\\\/2023\\\/12\\\/marrocos-e-brasil-forjam-lacos-de-defesa\\\/#article\",\"isPartOf\":{\"@id\":\"https:\\\/\\\/adf-magazine.com\\\/pt-pt\\\/2023\\\/12\\\/marrocos-e-brasil-forjam-lacos-de-defesa\\\/\"},\"author\":{\"name\":\"ADF\",\"@id\":\"https:\\\/\\\/adf-magazine.com\\\/#\\\/schema\\\/person\\\/f266a6061389568b5a11465bb38bc025\"},\"headline\":\"Marrocos E Brasil Forjam La\u00e7os De Defesa\",\"datePublished\":\"2023-12-19T15:44:08+00:00\",\"dateModified\":\"2024-01-01T13:43:39+00:00\",\"mainEntityOfPage\":{\"@id\":\"https:\\\/\\\/adf-magazine.com\\\/pt-pt\\\/2023\\\/12\\\/marrocos-e-brasil-forjam-lacos-de-defesa\\\/\"},\"wordCount\":300,\"commentCount\":0,\"image\":{\"@id\":\"https:\\\/\\\/adf-magazine.com\\\/pt-pt\\\/2023\\\/12\\\/marrocos-e-brasil-forjam-lacos-de-defesa\\\/#primaryimage\"},\"thumbnailUrl\":\"https:\\\/\\\/adf-magazine.com\\\/wp-content\\\/uploads\\\/2023\\\/12\\\/GettyImages-1233460101.jpg\",\"articleSection\":[\"Colunas\",\"Trabalho em Equipa\"],\"inLanguage\":\"pt-PT\",\"potentialAction\":[{\"@type\":\"CommentAction\",\"name\":\"Comment\",\"target\":[\"https:\\\/\\\/adf-magazine.com\\\/pt-pt\\\/2023\\\/12\\\/marrocos-e-brasil-forjam-lacos-de-defesa\\\/#respond\"]}]},{\"@type\":\"WebPage\",\"@id\":\"https:\\\/\\\/adf-magazine.com\\\/pt-pt\\\/2023\\\/12\\\/marrocos-e-brasil-forjam-lacos-de-defesa\\\/\",\"url\":\"https:\\\/\\\/adf-magazine.com\\\/pt-pt\\\/2023\\\/12\\\/marrocos-e-brasil-forjam-lacos-de-defesa\\\/\",\"name\":\"Marrocos E Brasil Forjam La\u00e7os De Defesa - Africa Defense Forum\",\"isPartOf\":{\"@id\":\"https:\\\/\\\/adf-magazine.com\\\/#website\"},\"primaryImageOfPage\":{\"@id\":\"https:\\\/\\\/adf-magazine.com\\\/pt-pt\\\/2023\\\/12\\\/marrocos-e-brasil-forjam-lacos-de-defesa\\\/#primaryimage\"},\"image\":{\"@id\":\"https:\\\/\\\/adf-magazine.com\\\/pt-pt\\\/2023\\\/12\\\/marrocos-e-brasil-forjam-lacos-de-defesa\\\/#primaryimage\"},\"thumbnailUrl\":\"https:\\\/\\\/adf-magazine.com\\\/wp-content\\\/uploads\\\/2023\\\/12\\\/GettyImages-1233460101.jpg\",\"datePublished\":\"2023-12-19T15:44:08+00:00\",\"dateModified\":\"2024-01-01T13:43:39+00:00\",\"author\":{\"@id\":\"https:\\\/\\\/adf-magazine.com\\\/#\\\/schema\\\/person\\\/f266a6061389568b5a11465bb38bc025\"},\"breadcrumb\":{\"@id\":\"https:\\\/\\\/adf-magazine.com\\\/pt-pt\\\/2023\\\/12\\\/marrocos-e-brasil-forjam-lacos-de-defesa\\\/#breadcrumb\"},\"inLanguage\":\"pt-PT\",\"potentialAction\":[{\"@type\":\"ReadAction\",\"target\":[\"https:\\\/\\\/adf-magazine.com\\\/pt-pt\\\/2023\\\/12\\\/marrocos-e-brasil-forjam-lacos-de-defesa\\\/\"]}]},{\"@type\":\"ImageObject\",\"inLanguage\":\"pt-PT\",\"@id\":\"https:\\\/\\\/adf-magazine.com\\\/pt-pt\\\/2023\\\/12\\\/marrocos-e-brasil-forjam-lacos-de-defesa\\\/#primaryimage\",\"url\":\"https:\\\/\\\/adf-magazine.com\\\/wp-content\\\/uploads\\\/2023\\\/12\\\/GettyImages-1233460101.jpg\",\"contentUrl\":\"https:\\\/\\\/adf-magazine.com\\\/wp-content\\\/uploads\\\/2023\\\/12\\\/GettyImages-1233460101.jpg\",\"width\":1080,\"height\":712},{\"@type\":\"BreadcrumbList\",\"@id\":\"https:\\\/\\\/adf-magazine.com\\\/pt-pt\\\/2023\\\/12\\\/marrocos-e-brasil-forjam-lacos-de-defesa\\\/#breadcrumb\",\"itemListElement\":[{\"@type\":\"ListItem\",\"position\":1,\"name\":\"Home\",\"item\":\"https:\\\/\\\/adf-magazine.com\\\/\"},{\"@type\":\"ListItem\",\"position\":2,\"name\":\"Marrocos E Brasil Forjam La\u00e7os De Defesa\"}]},{\"@type\":\"WebSite\",\"@id\":\"https:\\\/\\\/adf-magazine.com\\\/#website\",\"url\":\"https:\\\/\\\/adf-magazine.com\\\/\",\"name\":\"Africa Defense Forum\",\"description\":\"Africa Defense Forum\",\"potentialAction\":[{\"@type\":\"SearchAction\",\"target\":{\"@type\":\"EntryPoint\",\"urlTemplate\":\"https:\\\/\\\/adf-magazine.com\\\/?s={search_term_string}\"},\"query-input\":{\"@type\":\"PropertyValueSpecification\",\"valueRequired\":true,\"valueName\":\"search_term_string\"}}],\"inLanguage\":\"pt-PT\"},{\"@type\":\"Person\",\"@id\":\"https:\\\/\\\/adf-magazine.com\\\/#\\\/schema\\\/person\\\/f266a6061389568b5a11465bb38bc025\",\"name\":\"ADF\",\"image\":{\"@type\":\"ImageObject\",\"inLanguage\":\"pt-PT\",\"@id\":\"https:\\\/\\\/adf-magazine.com\\\/wp-content\\\/uploads\\\/2020\\\/05\\\/cropped-ADF_icon.jpg\",\"url\":\"https:\\\/\\\/adf-magazine.com\\\/wp-content\\\/uploads\\\/2020\\\/05\\\/cropped-ADF_icon.jpg\",\"contentUrl\":\"https:\\\/\\\/adf-magazine.com\\\/wp-content\\\/uploads\\\/2020\\\/05\\\/cropped-ADF_icon.jpg\",\"caption\":\"ADF\"},\"description\":\"ADF is a professional military magazine published quarterly by U.S. Africa Command to provide an international forum for African security professionals. ADF covers topics such as counter terrorism strategies, security and defense operations, transnational crime, and all other issues affecting peace, stability, and good governance on the African continent.\",\"sameAs\":[\"https:\\\/\\\/x.com\\\/ADFmagazine\"],\"url\":\"https:\\\/\\\/adf-magazine.com\\\/pt-pt\\\/author\\\/adf\\\/\"}]}<\/script>\n<!-- \/ Yoast SEO plugin. -->","yoast_head_json":{"title":"Marrocos E Brasil Forjam La\u00e7os De Defesa - Africa Defense Forum","robots":{"index":"index","follow":"follow","max-snippet":"max-snippet:-1","max-image-preview":"max-image-preview:large","max-video-preview":"max-video-preview:-1"},"canonical":"https:\/\/adf-magazine.com\/pt-pt\/2023\/12\/marrocos-e-brasil-forjam-lacos-de-defesa\/","og_locale":"pt_PT","og_type":"article","og_title":"Marrocos E Brasil Forjam La\u00e7os De Defesa - Africa Defense Forum","og_description":"EQUIPA DA ADF O\u00a0Marrocos e o Brasil est\u00e3o a explorar um acordo de coopera\u00e7\u00e3o no dom\u00ednio da defesa, que inclui investiga\u00e7\u00e3o, desenvolvimento, compra de armas e apoio log\u00edstico.\u00a0 O Senado brasileiro aprovou o pacto em Maio de 2023.\u00a0 O acordo de coopera\u00e7\u00e3o inscreve-se na estrat\u00e9gia marroquina de diversifica\u00e7\u00e3o das suas parcerias de seguran\u00e7a a n\u00edvel","og_url":"https:\/\/adf-magazine.com\/pt-pt\/2023\/12\/marrocos-e-brasil-forjam-lacos-de-defesa\/","og_site_name":"Africa Defense Forum","article_publisher":"https:\/\/www.facebook.com\/ADFmagazine\/","article_published_time":"2023-12-19T15:44:08+00:00","article_modified_time":"2024-01-01T13:43:39+00:00","og_image":[{"width":1080,"height":712,"url":"https:\/\/adf-magazine.com\/wp-content\/uploads\/2023\/12\/GettyImages-1233460101.jpg","type":"image\/jpeg"}],"author":"ADF","twitter_card":"summary_large_image","twitter_creator":"@ADFmagazine","twitter_site":"@ADFmagazine","twitter_misc":{"Escrito por":"ADF","Tempo estimado de leitura":"1 minuto"},"schema":{"@context":"https:\/\/schema.org","@graph":[{"@type":"Article","@id":"https:\/\/adf-magazine.com\/pt-pt\/2023\/12\/marrocos-e-brasil-forjam-lacos-de-defesa\/#article","isPartOf":{"@id":"https:\/\/adf-magazine.com\/pt-pt\/2023\/12\/marrocos-e-brasil-forjam-lacos-de-defesa\/"},"author":{"name":"ADF","@id":"https:\/\/adf-magazine.com\/#\/schema\/person\/f266a6061389568b5a11465bb38bc025"},"headline":"Marrocos E Brasil Forjam La\u00e7os De Defesa","datePublished":"2023-12-19T15:44:08+00:00","dateModified":"2024-01-01T13:43:39+00:00","mainEntityOfPage":{"@id":"https:\/\/adf-magazine.com\/pt-pt\/2023\/12\/marrocos-e-brasil-forjam-lacos-de-defesa\/"},"wordCount":300,"commentCount":0,"image":{"@id":"https:\/\/adf-magazine.com\/pt-pt\/2023\/12\/marrocos-e-brasil-forjam-lacos-de-defesa\/#primaryimage"},"thumbnailUrl":"https:\/\/adf-magazine.com\/wp-content\/uploads\/2023\/12\/GettyImages-1233460101.jpg","articleSection":["Colunas","Trabalho em Equipa"],"inLanguage":"pt-PT","potentialAction":[{"@type":"CommentAction","name":"Comment","target":["https:\/\/adf-magazine.com\/pt-pt\/2023\/12\/marrocos-e-brasil-forjam-lacos-de-defesa\/#respond"]}]},{"@type":"WebPage","@id":"https:\/\/adf-magazine.com\/pt-pt\/2023\/12\/marrocos-e-brasil-forjam-lacos-de-defesa\/","url":"https:\/\/adf-magazine.com\/pt-pt\/2023\/12\/marrocos-e-brasil-forjam-lacos-de-defesa\/","name":"Marrocos E Brasil Forjam La\u00e7os De Defesa - Africa Defense Forum","isPartOf":{"@id":"https:\/\/adf-magazine.com\/#website"},"primaryImageOfPage":{"@id":"https:\/\/adf-magazine.com\/pt-pt\/2023\/12\/marrocos-e-brasil-forjam-lacos-de-defesa\/#primaryimage"},"image":{"@id":"https:\/\/adf-magazine.com\/pt-pt\/2023\/12\/marrocos-e-brasil-forjam-lacos-de-defesa\/#primaryimage"},"thumbnailUrl":"https:\/\/adf-magazine.com\/wp-content\/uploads\/2023\/12\/GettyImages-1233460101.jpg","datePublished":"2023-12-19T15:44:08+00:00","dateModified":"2024-01-01T13:43:39+00:00","author":{"@id":"https:\/\/adf-magazine.com\/#\/schema\/person\/f266a6061389568b5a11465bb38bc025"},"breadcrumb":{"@id":"https:\/\/adf-magazine.com\/pt-pt\/2023\/12\/marrocos-e-brasil-forjam-lacos-de-defesa\/#breadcrumb"},"inLanguage":"pt-PT","potentialAction":[{"@type":"ReadAction","target":["https:\/\/adf-magazine.com\/pt-pt\/2023\/12\/marrocos-e-brasil-forjam-lacos-de-defesa\/"]}]},{"@type":"ImageObject","inLanguage":"pt-PT","@id":"https:\/\/adf-magazine.com\/pt-pt\/2023\/12\/marrocos-e-brasil-forjam-lacos-de-defesa\/#primaryimage","url":"https:\/\/adf-magazine.com\/wp-content\/uploads\/2023\/12\/GettyImages-1233460101.jpg","contentUrl":"https:\/\/adf-magazine.com\/wp-content\/uploads\/2023\/12\/GettyImages-1233460101.jpg","width":1080,"height":712},{"@type":"BreadcrumbList","@id":"https:\/\/adf-magazine.com\/pt-pt\/2023\/12\/marrocos-e-brasil-forjam-lacos-de-defesa\/#breadcrumb","itemListElement":[{"@type":"ListItem","position":1,"name":"Home","item":"https:\/\/adf-magazine.com\/"},{"@type":"ListItem","position":2,"name":"Marrocos E Brasil Forjam La\u00e7os De Defesa"}]},{"@type":"WebSite","@id":"https:\/\/adf-magazine.com\/#website","url":"https:\/\/adf-magazine.com\/","name":"Africa Defense Forum","description":"Africa Defense Forum","potentialAction":[{"@type":"SearchAction","target":{"@type":"EntryPoint","urlTemplate":"https:\/\/adf-magazine.com\/?s={search_term_string}"},"query-input":{"@type":"PropertyValueSpecification","valueRequired":true,"valueName":"search_term_string"}}],"inLanguage":"pt-PT"},{"@type":"Person","@id":"https:\/\/adf-magazine.com\/#\/schema\/person\/f266a6061389568b5a11465bb38bc025","name":"ADF","image":{"@type":"ImageObject","inLanguage":"pt-PT","@id":"https:\/\/adf-magazine.com\/wp-content\/uploads\/2020\/05\/cropped-ADF_icon.jpg","url":"https:\/\/adf-magazine.com\/wp-content\/uploads\/2020\/05\/cropped-ADF_icon.jpg","contentUrl":"https:\/\/adf-magazine.com\/wp-content\/uploads\/2020\/05\/cropped-ADF_icon.jpg","caption":"ADF"},"description":"ADF is a professional military magazine published quarterly by U.S. Africa Command to provide an international forum for African security professionals. ADF covers topics such as counter terrorism strategies, security and defense operations, transnational crime, and all other issues affecting peace, stability, and good governance on the African continent.","sameAs":["https:\/\/x.com\/ADFmagazine"],"url":"https:\/\/adf-magazine.com\/pt-pt\/author\/adf\/"}]}},"_links":{"self":[{"href":"https:\/\/adf-magazine.com\/pt-pt\/wp-json\/wp\/v2\/posts\/111373","targetHints":{"allow":["GET"]}}],"collection":[{"href":"https:\/\/adf-magazine.com\/pt-pt\/wp-json\/wp\/v2\/posts"}],"about":[{"href":"https:\/\/adf-magazine.com\/pt-pt\/wp-json\/wp\/v2\/types\/post"}],"author":[{"embeddable":true,"href":"https:\/\/adf-magazine.com\/pt-pt\/wp-json\/wp\/v2\/users\/1"}],"replies":[{"embeddable":true,"href":"https:\/\/adf-magazine.com\/pt-pt\/wp-json\/wp\/v2\/comments?post=111373"}],"version-history":[{"count":0,"href":"https:\/\/adf-magazine.com\/pt-pt\/wp-json\/wp\/v2\/posts\/111373\/revisions"}],"wp:featuredmedia":[{"embeddable":true,"href":"https:\/\/adf-magazine.com\/pt-pt\/wp-json\/wp\/v2\/media\/111150"}],"wp:attachment":[{"href":"https:\/\/adf-magazine.com\/pt-pt\/wp-json\/wp\/v2\/media?parent=111373"}],"wp:term":[{"taxonomy":"category","embeddable":true,"href":"https:\/\/adf-magazine.com\/pt-pt\/wp-json\/wp\/v2\/categories?post=111373"},{"taxonomy":"post_tag","embeddable":true,"href":"https:\/\/adf-magazine.com\/pt-pt\/wp-json\/wp\/v2\/tags?post=111373"}],"curies":[{"name":"wp","href":"https:\/\/api.w.org\/{rel}","templated":true}]}}