{"id":110798,"date":"2023-12-05T13:19:48","date_gmt":"2023-12-05T18:19:48","guid":{"rendered":"https:\/\/adf-magazine.com\/?p=110798"},"modified":"2023-12-05T13:20:26","modified_gmt":"2023-12-05T18:20:26","slug":"zambia-trabalhar-para-construir-o-exercito-do-povo","status":"publish","type":"post","link":"https:\/\/adf-magazine.com\/pt-pt\/2023\/12\/zambia-trabalhar-para-construir-o-exercito-do-povo\/","title":{"rendered":"Z\u00e2mbia Trabalhar para Construir o \u2018Ex\u00e9rcito do Povo\u2019"},"content":{"rendered":"<p style=\"font-weight: 400;\">EQUIPA DA ADF<\/p>\n<p style=\"font-weight: 400;\">O Ex\u00e9rcito da Z\u00e2mbia decidiu transformar-se, com um novo enfoque sobre o conceito civil-militar e iniciativas para profissionalizar os seus oficiais n\u00e3o-comissionados (NCO), desenvolver as for\u00e7as alistadas e melhorar as rela\u00e7\u00f5es p\u00fablicas com a sociedade zambiana.<\/p>\n<p style=\"font-weight: 400;\">A Sargento Betty Kaluwa, especialista em comunica\u00e7\u00f5es e protocolo, na Direc\u00e7\u00e3o de Rela\u00e7\u00f5es P\u00fablicas e Liga\u00e7\u00e3o com o Estrangeiro, do Ex\u00e9rcito da Z\u00e2mbia, chamou ao esfor\u00e7o \u201cuma mudan\u00e7a de paradigma monumental\u201d e referiu-se ao princ\u00edpio orientador de um \u201cEx\u00e9rcito do Povo.\u201d<\/p>\n<p style=\"font-weight: 400;\">\u201cA transforma\u00e7\u00e3o do Ex\u00e9rcito da Z\u00e2mbia num Ex\u00e9rcito do Povo significa uma evolu\u00e7\u00e3o abrangente que engloba a transpar\u00eancia, o envolvimento do p\u00fablico, o compromisso de cumprir os deveres constitucionais e a comunica\u00e7\u00e3o respons\u00e1vel no interesse da seguran\u00e7a nacional,\u201d escreveu num artigo publicado no jornal Zambia Daily Mail a 11 de Novembro.<\/p>\n<p style=\"font-weight: 400;\">O Ex\u00e9rcito diz que a sua miss\u00e3o \u00e9 proteger a na\u00e7\u00e3o, prevenir conflitos, lidar com cat\u00e1strofes e treinar e preparar-se para o futuro.<\/p>\n<p style=\"font-weight: 400;\">Kaluwa descreveu algumas das novas iniciativas:<\/p>\n<ul>\n<li>Envolver o p\u00fablico atrav\u00e9s de uma comunica\u00e7\u00e3o transparente e sistem\u00e1tica em diversas plataformas de comunica\u00e7\u00e3o: \u201cA transi\u00e7\u00e3o da natureza tradicionalmente velada das opera\u00e7\u00f5es militares para a abertura \u00e9 um passo significativo,\u201d escreveu.<\/li>\n<li>Apoiar a Constitui\u00e7\u00e3o da Z\u00e2mbia e alinhar-se pelos princ\u00edpios democr\u00e1ticos: \u201cIsso assegura que as for\u00e7as armadas funcionem como uma entidade protectora sob a supervis\u00e3o de civis, refor\u00e7ando assim a responsabilidade das for\u00e7as armadas.\u201d<\/li>\n<li>Equilibrar a transpar\u00eancia com a salvaguarda das informa\u00e7\u00f5es confidenciais \u00e9 crucial para a seguran\u00e7a nacional: \u201cEste equil\u00edbrio n\u00e3o \u00e9 apenas essencial; \u00e9 a base de opera\u00e7\u00f5es militares respons\u00e1veis.\u201d<\/li>\n<li>Destacar a dedica\u00e7\u00e3o, o profissionalismo e a diplomacia: \u201cTrata-se de redefinir a pr\u00f3pria ess\u00eancia do servi\u00e7o militar&#8230; mostrar os soldados n\u00e3o s\u00f3 como protectores, mas tamb\u00e9m como embaixadores da na\u00e7\u00e3o.\u201d<\/li>\n<li>Contribuir para as miss\u00f5es de manuten\u00e7\u00e3o da paz das Na\u00e7\u00f5es Unidas e da Uni\u00e3o Africana em zonas de conflito em todo o mundo: Isso exemplifica \u201ca dedica\u00e7\u00e3o mais alargada do Ex\u00e9rcito \u00e0 paz e \u00e0 estabilidade globais.\u201d<\/li>\n<\/ul>\n<p style=\"font-weight: 400;\">O Coronel (reformado) Hamwwinde Munamunungu assistiu na primeira fila \u00e0 evolu\u00e7\u00e3o do Ex\u00e9rcito da Z\u00e2mbia desde os seus primeiros dias de comando expatriado na d\u00e9cada de 1960 at\u00e9 ao presente, o que lhe deu \u201cgrande orgulho por ter feito parte do seu crescimento e moderniza\u00e7\u00e3o.\u201d<\/p>\n<p style=\"font-weight: 400;\">Atribui ao General Kingsley Chinkuli a vis\u00e3o de estabelecer rapidamente um projecto para as for\u00e7as armadas depois de se ter tornado o primeiro comandante ind\u00edgena do Ex\u00e9rcito da Z\u00e2mbia, em 1970.<\/p>\n<p style=\"font-weight: 400;\">\u201cJ\u00e1 vi de tudo,\u201d escreveu Munamunungu numa s\u00e9rie de recorda\u00e7\u00f5es hist\u00f3ricas publicadas na p\u00e1gina da internet do Ex\u00e9rcito. \u201cN\u00e3o havia brigadas de infantaria, nem regimentos de artilharia, nem regimentos blindados, nem regimentos de engenharia, nem direc\u00e7\u00e3o de informa\u00e7\u00f5es e seguran\u00e7a, nem investiga\u00e7\u00e3o e desenvolvimento, nem batalh\u00f5es de ordenan\u00e7as. Nem isto, nem aquilo.<\/p>\n<p style=\"font-weight: 400;\">\u201cEstava literalmente a come\u00e7ar do princ\u00edpio de tudo o que um ex\u00e9rcito deve ser.\u201d<\/p>\n<p style=\"font-weight: 400;\">Estes esfor\u00e7os deliberados do Ex\u00e9rcito para se transformar continuam sob a lideran\u00e7a do Tenente-General Dennis Alibuzwi, que entrou para o Ex\u00e9rcito da Z\u00e2mbia em Agosto de 1983 e foi nomeado comandante em Agosto de 2021.<\/p>\n<p style=\"font-weight: 400;\">A sua vis\u00e3o declarada \u00e9 \u201ctransformar o Ex\u00e9rcito numa for\u00e7a altamente profissional, atrav\u00e9s de uma forma\u00e7\u00e3o adequada, da moderniza\u00e7\u00e3o e da melhoria do bem-estar dos oficiais e dos soldados.\u201d<\/p>\n<p style=\"font-weight: 400;\">Um porta-voz disse que Alibuzwi procura ter \u201cum ex\u00e9rcito profissional e eficiente que satisfa\u00e7a as aspira\u00e7\u00f5es do povo da Z\u00e2mbia at\u00e9 ao ano de 2025.\u201d<\/p>\n<p style=\"font-weight: 400;\">Kaluwa considera que a consolida\u00e7\u00e3o das rela\u00e7\u00f5es civis-militares e a promo\u00e7\u00e3o do esp\u00edrito de um Ex\u00e9rcito do Povo se enquadram na Vis\u00e3o 2025 de Alibuzwi.<\/p>\n<p style=\"font-weight: 400;\">\u201cEsta transforma\u00e7\u00e3o sublinha a dedica\u00e7\u00e3o inabal\u00e1vel dos militares \u00e0 responsabiliza\u00e7\u00e3o e \u00e0 liga\u00e7\u00e3o com as pessoas que servem, reflectindo um compromisso m\u00fatuo para com a seguran\u00e7a e a prosperidade da na\u00e7\u00e3o,\u201d escreveu.<\/p>\n<p><span style=\"font-weight: 400;\">\u201cEsta viagem n\u00e3o s\u00f3 redefine as for\u00e7as armadas, como tamb\u00e9m redefine a pr\u00f3pria ess\u00eancia da seguran\u00e7a nacional num quadro democr\u00e1tico, criando um precedente poderoso para as na\u00e7\u00f5es de todo o mundo.\u201d<\/span><\/p>\n","protected":false},"excerpt":{"rendered":"<p>EQUIPA DA ADF O Ex\u00e9rcito da Z\u00e2mbia decidiu transformar-se, com um novo enfoque sobre o conceito civil-militar e iniciativas para profissionalizar os seus oficiais n\u00e3o-comissionados (NCO), desenvolver as for\u00e7as alistadas e melhorar as rela\u00e7\u00f5es p\u00fablicas com a sociedade zambiana. A Sargento Betty Kaluwa, especialista em comunica\u00e7\u00f5es e protocolo, na Direc\u00e7\u00e3o de Rela\u00e7\u00f5es P\u00fablicas e Liga\u00e7\u00e3o<\/p>\n","protected":false},"author":1,"featured_media":110796,"comment_status":"open","ping_status":"closed","sticky":false,"template":"","format":"standard","meta":{"_acf_changed":false,"_monsterinsights_skip_tracking":false,"_monsterinsights_sitenote_active":false,"_monsterinsights_sitenote_note":"","_monsterinsights_sitenote_category":0,"_uf_show_specific_survey":0,"_uf_disable_surveys":false,"footnotes":""},"categories":[363],"tags":[498,560,1018,734],"class_list":{"0":"post-110798","1":"post","2":"type-post","3":"status-publish","4":"format-standard","5":"has-post-thumbnail","7":"category-melhores-historias","8":"tag-exercito","9":"tag-relacoes-com-a-comunidade","10":"tag-seguranca-nacional","11":"tag-zambia-pt-pt"},"acf":[],"yoast_head":"<!-- This site is optimized with the Yoast SEO plugin v27.4 - https:\/\/yoast.com\/product\/yoast-seo-wordpress\/ -->\n<title>Z\u00e2mbia Trabalhar para Construir o \u2018Ex\u00e9rcito do Povo\u2019 - Africa Defense Forum<\/title>\n<meta name=\"robots\" content=\"index, follow, max-snippet:-1, max-image-preview:large, max-video-preview:-1\" \/>\n<link rel=\"canonical\" href=\"https:\/\/adf-magazine.com\/pt-pt\/2023\/12\/zambia-trabalhar-para-construir-o-exercito-do-povo\/\" \/>\n<meta property=\"og:locale\" content=\"pt_PT\" \/>\n<meta property=\"og:type\" content=\"article\" \/>\n<meta property=\"og:title\" content=\"Z\u00e2mbia Trabalhar para Construir o \u2018Ex\u00e9rcito do Povo\u2019 - Africa Defense Forum\" \/>\n<meta property=\"og:description\" content=\"EQUIPA DA ADF O Ex\u00e9rcito da Z\u00e2mbia decidiu transformar-se, com um novo enfoque sobre o conceito civil-militar e iniciativas para profissionalizar os seus oficiais n\u00e3o-comissionados (NCO), desenvolver as for\u00e7as alistadas e melhorar as rela\u00e7\u00f5es p\u00fablicas com a sociedade zambiana. A Sargento Betty Kaluwa, especialista em comunica\u00e7\u00f5es e protocolo, na Direc\u00e7\u00e3o de Rela\u00e7\u00f5es P\u00fablicas e Liga\u00e7\u00e3o\" \/>\n<meta property=\"og:url\" content=\"https:\/\/adf-magazine.com\/pt-pt\/2023\/12\/zambia-trabalhar-para-construir-o-exercito-do-povo\/\" \/>\n<meta property=\"og:site_name\" content=\"Africa Defense Forum\" \/>\n<meta property=\"article:publisher\" content=\"https:\/\/www.facebook.com\/ADFmagazine\/\" \/>\n<meta property=\"article:published_time\" content=\"2023-12-05T18:19:48+00:00\" \/>\n<meta property=\"article:modified_time\" content=\"2023-12-05T18:20:26+00:00\" \/>\n<meta property=\"og:image\" content=\"https:\/\/adf-magazine.com\/wp-content\/uploads\/2023\/12\/PEOPLESARMY1.jpg\" \/>\n\t<meta property=\"og:image:width\" content=\"1440\" \/>\n\t<meta property=\"og:image:height\" content=\"954\" \/>\n\t<meta property=\"og:image:type\" content=\"image\/jpeg\" \/>\n<meta name=\"author\" content=\"ADF\" \/>\n<meta name=\"twitter:card\" content=\"summary_large_image\" \/>\n<meta name=\"twitter:creator\" content=\"@ADFmagazine\" \/>\n<meta name=\"twitter:site\" content=\"@ADFmagazine\" \/>\n<meta name=\"twitter:label1\" content=\"Escrito por\" \/>\n\t<meta name=\"twitter:data1\" content=\"ADF\" \/>\n\t<meta name=\"twitter:label2\" content=\"Tempo estimado de leitura\" \/>\n\t<meta name=\"twitter:data2\" content=\"4 minutos\" \/>\n<script type=\"application\/ld+json\" class=\"yoast-schema-graph\">{\"@context\":\"https:\\\/\\\/schema.org\",\"@graph\":[{\"@type\":\"Article\",\"@id\":\"https:\\\/\\\/adf-magazine.com\\\/pt-pt\\\/2023\\\/12\\\/zambia-trabalhar-para-construir-o-exercito-do-povo\\\/#article\",\"isPartOf\":{\"@id\":\"https:\\\/\\\/adf-magazine.com\\\/pt-pt\\\/2023\\\/12\\\/zambia-trabalhar-para-construir-o-exercito-do-povo\\\/\"},\"author\":{\"name\":\"ADF\",\"@id\":\"https:\\\/\\\/adf-magazine.com\\\/#\\\/schema\\\/person\\\/f266a6061389568b5a11465bb38bc025\"},\"headline\":\"Z\u00e2mbia Trabalhar para Construir o \u2018Ex\u00e9rcito do Povo\u2019\",\"datePublished\":\"2023-12-05T18:19:48+00:00\",\"dateModified\":\"2023-12-05T18:20:26+00:00\",\"mainEntityOfPage\":{\"@id\":\"https:\\\/\\\/adf-magazine.com\\\/pt-pt\\\/2023\\\/12\\\/zambia-trabalhar-para-construir-o-exercito-do-povo\\\/\"},\"wordCount\":759,\"commentCount\":0,\"image\":{\"@id\":\"https:\\\/\\\/adf-magazine.com\\\/pt-pt\\\/2023\\\/12\\\/zambia-trabalhar-para-construir-o-exercito-do-povo\\\/#primaryimage\"},\"thumbnailUrl\":\"https:\\\/\\\/adf-magazine.com\\\/wp-content\\\/uploads\\\/2023\\\/12\\\/PEOPLESARMY1.jpg\",\"keywords\":[\"Ex\u00e9rcito\",\"rela\u00e7\u00f5es com a comunidade\",\"seguran\u00e7a nacional\",\"Zambia\"],\"articleSection\":[\"Not\u00edcias diaries\"],\"inLanguage\":\"pt-PT\",\"potentialAction\":[{\"@type\":\"CommentAction\",\"name\":\"Comment\",\"target\":[\"https:\\\/\\\/adf-magazine.com\\\/pt-pt\\\/2023\\\/12\\\/zambia-trabalhar-para-construir-o-exercito-do-povo\\\/#respond\"]}]},{\"@type\":\"WebPage\",\"@id\":\"https:\\\/\\\/adf-magazine.com\\\/pt-pt\\\/2023\\\/12\\\/zambia-trabalhar-para-construir-o-exercito-do-povo\\\/\",\"url\":\"https:\\\/\\\/adf-magazine.com\\\/pt-pt\\\/2023\\\/12\\\/zambia-trabalhar-para-construir-o-exercito-do-povo\\\/\",\"name\":\"Z\u00e2mbia Trabalhar para Construir o \u2018Ex\u00e9rcito do Povo\u2019 - Africa Defense Forum\",\"isPartOf\":{\"@id\":\"https:\\\/\\\/adf-magazine.com\\\/#website\"},\"primaryImageOfPage\":{\"@id\":\"https:\\\/\\\/adf-magazine.com\\\/pt-pt\\\/2023\\\/12\\\/zambia-trabalhar-para-construir-o-exercito-do-povo\\\/#primaryimage\"},\"image\":{\"@id\":\"https:\\\/\\\/adf-magazine.com\\\/pt-pt\\\/2023\\\/12\\\/zambia-trabalhar-para-construir-o-exercito-do-povo\\\/#primaryimage\"},\"thumbnailUrl\":\"https:\\\/\\\/adf-magazine.com\\\/wp-content\\\/uploads\\\/2023\\\/12\\\/PEOPLESARMY1.jpg\",\"datePublished\":\"2023-12-05T18:19:48+00:00\",\"dateModified\":\"2023-12-05T18:20:26+00:00\",\"author\":{\"@id\":\"https:\\\/\\\/adf-magazine.com\\\/#\\\/schema\\\/person\\\/f266a6061389568b5a11465bb38bc025\"},\"breadcrumb\":{\"@id\":\"https:\\\/\\\/adf-magazine.com\\\/pt-pt\\\/2023\\\/12\\\/zambia-trabalhar-para-construir-o-exercito-do-povo\\\/#breadcrumb\"},\"inLanguage\":\"pt-PT\",\"potentialAction\":[{\"@type\":\"ReadAction\",\"target\":[\"https:\\\/\\\/adf-magazine.com\\\/pt-pt\\\/2023\\\/12\\\/zambia-trabalhar-para-construir-o-exercito-do-povo\\\/\"]}]},{\"@type\":\"ImageObject\",\"inLanguage\":\"pt-PT\",\"@id\":\"https:\\\/\\\/adf-magazine.com\\\/pt-pt\\\/2023\\\/12\\\/zambia-trabalhar-para-construir-o-exercito-do-povo\\\/#primaryimage\",\"url\":\"https:\\\/\\\/adf-magazine.com\\\/wp-content\\\/uploads\\\/2023\\\/12\\\/PEOPLESARMY1.jpg\",\"contentUrl\":\"https:\\\/\\\/adf-magazine.com\\\/wp-content\\\/uploads\\\/2023\\\/12\\\/PEOPLESARMY1.jpg\",\"width\":1440,\"height\":954,\"caption\":\"Os soldados zambianos foram elogiados pela sua contribui\u00e7\u00e3o para o desenvolvimento econ\u00f3mico da cidade pelo Conselho Municipal de Kabwe durante um desfile no dia 17 de Novembro de 2023. EX\u00c9RCITO DA Z\u00c2MBIA\"},{\"@type\":\"BreadcrumbList\",\"@id\":\"https:\\\/\\\/adf-magazine.com\\\/pt-pt\\\/2023\\\/12\\\/zambia-trabalhar-para-construir-o-exercito-do-povo\\\/#breadcrumb\",\"itemListElement\":[{\"@type\":\"ListItem\",\"position\":1,\"name\":\"Home\",\"item\":\"https:\\\/\\\/adf-magazine.com\\\/\"},{\"@type\":\"ListItem\",\"position\":2,\"name\":\"Z\u00e2mbia Trabalhar para Construir o \u2018Ex\u00e9rcito do Povo\u2019\"}]},{\"@type\":\"WebSite\",\"@id\":\"https:\\\/\\\/adf-magazine.com\\\/#website\",\"url\":\"https:\\\/\\\/adf-magazine.com\\\/\",\"name\":\"Africa Defense Forum\",\"description\":\"Africa Defense Forum\",\"potentialAction\":[{\"@type\":\"SearchAction\",\"target\":{\"@type\":\"EntryPoint\",\"urlTemplate\":\"https:\\\/\\\/adf-magazine.com\\\/?s={search_term_string}\"},\"query-input\":{\"@type\":\"PropertyValueSpecification\",\"valueRequired\":true,\"valueName\":\"search_term_string\"}}],\"inLanguage\":\"pt-PT\"},{\"@type\":\"Person\",\"@id\":\"https:\\\/\\\/adf-magazine.com\\\/#\\\/schema\\\/person\\\/f266a6061389568b5a11465bb38bc025\",\"name\":\"ADF\",\"image\":{\"@type\":\"ImageObject\",\"inLanguage\":\"pt-PT\",\"@id\":\"https:\\\/\\\/adf-magazine.com\\\/wp-content\\\/uploads\\\/2020\\\/05\\\/cropped-ADF_icon.jpg\",\"url\":\"https:\\\/\\\/adf-magazine.com\\\/wp-content\\\/uploads\\\/2020\\\/05\\\/cropped-ADF_icon.jpg\",\"contentUrl\":\"https:\\\/\\\/adf-magazine.com\\\/wp-content\\\/uploads\\\/2020\\\/05\\\/cropped-ADF_icon.jpg\",\"caption\":\"ADF\"},\"description\":\"ADF is a professional military magazine published quarterly by U.S. Africa Command to provide an international forum for African security professionals. ADF covers topics such as counter terrorism strategies, security and defense operations, transnational crime, and all other issues affecting peace, stability, and good governance on the African continent.\",\"sameAs\":[\"https:\\\/\\\/x.com\\\/ADFmagazine\"],\"url\":\"https:\\\/\\\/adf-magazine.com\\\/pt-pt\\\/author\\\/adf\\\/\"}]}<\/script>\n<!-- \/ Yoast SEO plugin. -->","yoast_head_json":{"title":"Z\u00e2mbia Trabalhar para Construir o \u2018Ex\u00e9rcito do Povo\u2019 - Africa Defense Forum","robots":{"index":"index","follow":"follow","max-snippet":"max-snippet:-1","max-image-preview":"max-image-preview:large","max-video-preview":"max-video-preview:-1"},"canonical":"https:\/\/adf-magazine.com\/pt-pt\/2023\/12\/zambia-trabalhar-para-construir-o-exercito-do-povo\/","og_locale":"pt_PT","og_type":"article","og_title":"Z\u00e2mbia Trabalhar para Construir o \u2018Ex\u00e9rcito do Povo\u2019 - Africa Defense Forum","og_description":"EQUIPA DA ADF O Ex\u00e9rcito da Z\u00e2mbia decidiu transformar-se, com um novo enfoque sobre o conceito civil-militar e iniciativas para profissionalizar os seus oficiais n\u00e3o-comissionados (NCO), desenvolver as for\u00e7as alistadas e melhorar as rela\u00e7\u00f5es p\u00fablicas com a sociedade zambiana. A Sargento Betty Kaluwa, especialista em comunica\u00e7\u00f5es e protocolo, na Direc\u00e7\u00e3o de Rela\u00e7\u00f5es P\u00fablicas e Liga\u00e7\u00e3o","og_url":"https:\/\/adf-magazine.com\/pt-pt\/2023\/12\/zambia-trabalhar-para-construir-o-exercito-do-povo\/","og_site_name":"Africa Defense Forum","article_publisher":"https:\/\/www.facebook.com\/ADFmagazine\/","article_published_time":"2023-12-05T18:19:48+00:00","article_modified_time":"2023-12-05T18:20:26+00:00","og_image":[{"width":1440,"height":954,"url":"https:\/\/adf-magazine.com\/wp-content\/uploads\/2023\/12\/PEOPLESARMY1.jpg","type":"image\/jpeg"}],"author":"ADF","twitter_card":"summary_large_image","twitter_creator":"@ADFmagazine","twitter_site":"@ADFmagazine","twitter_misc":{"Escrito por":"ADF","Tempo estimado de leitura":"4 minutos"},"schema":{"@context":"https:\/\/schema.org","@graph":[{"@type":"Article","@id":"https:\/\/adf-magazine.com\/pt-pt\/2023\/12\/zambia-trabalhar-para-construir-o-exercito-do-povo\/#article","isPartOf":{"@id":"https:\/\/adf-magazine.com\/pt-pt\/2023\/12\/zambia-trabalhar-para-construir-o-exercito-do-povo\/"},"author":{"name":"ADF","@id":"https:\/\/adf-magazine.com\/#\/schema\/person\/f266a6061389568b5a11465bb38bc025"},"headline":"Z\u00e2mbia Trabalhar para Construir o \u2018Ex\u00e9rcito do Povo\u2019","datePublished":"2023-12-05T18:19:48+00:00","dateModified":"2023-12-05T18:20:26+00:00","mainEntityOfPage":{"@id":"https:\/\/adf-magazine.com\/pt-pt\/2023\/12\/zambia-trabalhar-para-construir-o-exercito-do-povo\/"},"wordCount":759,"commentCount":0,"image":{"@id":"https:\/\/adf-magazine.com\/pt-pt\/2023\/12\/zambia-trabalhar-para-construir-o-exercito-do-povo\/#primaryimage"},"thumbnailUrl":"https:\/\/adf-magazine.com\/wp-content\/uploads\/2023\/12\/PEOPLESARMY1.jpg","keywords":["Ex\u00e9rcito","rela\u00e7\u00f5es com a comunidade","seguran\u00e7a nacional","Zambia"],"articleSection":["Not\u00edcias diaries"],"inLanguage":"pt-PT","potentialAction":[{"@type":"CommentAction","name":"Comment","target":["https:\/\/adf-magazine.com\/pt-pt\/2023\/12\/zambia-trabalhar-para-construir-o-exercito-do-povo\/#respond"]}]},{"@type":"WebPage","@id":"https:\/\/adf-magazine.com\/pt-pt\/2023\/12\/zambia-trabalhar-para-construir-o-exercito-do-povo\/","url":"https:\/\/adf-magazine.com\/pt-pt\/2023\/12\/zambia-trabalhar-para-construir-o-exercito-do-povo\/","name":"Z\u00e2mbia Trabalhar para Construir o \u2018Ex\u00e9rcito do Povo\u2019 - Africa Defense Forum","isPartOf":{"@id":"https:\/\/adf-magazine.com\/#website"},"primaryImageOfPage":{"@id":"https:\/\/adf-magazine.com\/pt-pt\/2023\/12\/zambia-trabalhar-para-construir-o-exercito-do-povo\/#primaryimage"},"image":{"@id":"https:\/\/adf-magazine.com\/pt-pt\/2023\/12\/zambia-trabalhar-para-construir-o-exercito-do-povo\/#primaryimage"},"thumbnailUrl":"https:\/\/adf-magazine.com\/wp-content\/uploads\/2023\/12\/PEOPLESARMY1.jpg","datePublished":"2023-12-05T18:19:48+00:00","dateModified":"2023-12-05T18:20:26+00:00","author":{"@id":"https:\/\/adf-magazine.com\/#\/schema\/person\/f266a6061389568b5a11465bb38bc025"},"breadcrumb":{"@id":"https:\/\/adf-magazine.com\/pt-pt\/2023\/12\/zambia-trabalhar-para-construir-o-exercito-do-povo\/#breadcrumb"},"inLanguage":"pt-PT","potentialAction":[{"@type":"ReadAction","target":["https:\/\/adf-magazine.com\/pt-pt\/2023\/12\/zambia-trabalhar-para-construir-o-exercito-do-povo\/"]}]},{"@type":"ImageObject","inLanguage":"pt-PT","@id":"https:\/\/adf-magazine.com\/pt-pt\/2023\/12\/zambia-trabalhar-para-construir-o-exercito-do-povo\/#primaryimage","url":"https:\/\/adf-magazine.com\/wp-content\/uploads\/2023\/12\/PEOPLESARMY1.jpg","contentUrl":"https:\/\/adf-magazine.com\/wp-content\/uploads\/2023\/12\/PEOPLESARMY1.jpg","width":1440,"height":954,"caption":"Os soldados zambianos foram elogiados pela sua contribui\u00e7\u00e3o para o desenvolvimento econ\u00f3mico da cidade pelo Conselho Municipal de Kabwe durante um desfile no dia 17 de Novembro de 2023. EX\u00c9RCITO DA Z\u00c2MBIA"},{"@type":"BreadcrumbList","@id":"https:\/\/adf-magazine.com\/pt-pt\/2023\/12\/zambia-trabalhar-para-construir-o-exercito-do-povo\/#breadcrumb","itemListElement":[{"@type":"ListItem","position":1,"name":"Home","item":"https:\/\/adf-magazine.com\/"},{"@type":"ListItem","position":2,"name":"Z\u00e2mbia Trabalhar para Construir o \u2018Ex\u00e9rcito do Povo\u2019"}]},{"@type":"WebSite","@id":"https:\/\/adf-magazine.com\/#website","url":"https:\/\/adf-magazine.com\/","name":"Africa Defense Forum","description":"Africa Defense Forum","potentialAction":[{"@type":"SearchAction","target":{"@type":"EntryPoint","urlTemplate":"https:\/\/adf-magazine.com\/?s={search_term_string}"},"query-input":{"@type":"PropertyValueSpecification","valueRequired":true,"valueName":"search_term_string"}}],"inLanguage":"pt-PT"},{"@type":"Person","@id":"https:\/\/adf-magazine.com\/#\/schema\/person\/f266a6061389568b5a11465bb38bc025","name":"ADF","image":{"@type":"ImageObject","inLanguage":"pt-PT","@id":"https:\/\/adf-magazine.com\/wp-content\/uploads\/2020\/05\/cropped-ADF_icon.jpg","url":"https:\/\/adf-magazine.com\/wp-content\/uploads\/2020\/05\/cropped-ADF_icon.jpg","contentUrl":"https:\/\/adf-magazine.com\/wp-content\/uploads\/2020\/05\/cropped-ADF_icon.jpg","caption":"ADF"},"description":"ADF is a professional military magazine published quarterly by U.S. Africa Command to provide an international forum for African security professionals. ADF covers topics such as counter terrorism strategies, security and defense operations, transnational crime, and all other issues affecting peace, stability, and good governance on the African continent.","sameAs":["https:\/\/x.com\/ADFmagazine"],"url":"https:\/\/adf-magazine.com\/pt-pt\/author\/adf\/"}]}},"_links":{"self":[{"href":"https:\/\/adf-magazine.com\/pt-pt\/wp-json\/wp\/v2\/posts\/110798","targetHints":{"allow":["GET"]}}],"collection":[{"href":"https:\/\/adf-magazine.com\/pt-pt\/wp-json\/wp\/v2\/posts"}],"about":[{"href":"https:\/\/adf-magazine.com\/pt-pt\/wp-json\/wp\/v2\/types\/post"}],"author":[{"embeddable":true,"href":"https:\/\/adf-magazine.com\/pt-pt\/wp-json\/wp\/v2\/users\/1"}],"replies":[{"embeddable":true,"href":"https:\/\/adf-magazine.com\/pt-pt\/wp-json\/wp\/v2\/comments?post=110798"}],"version-history":[{"count":0,"href":"https:\/\/adf-magazine.com\/pt-pt\/wp-json\/wp\/v2\/posts\/110798\/revisions"}],"wp:featuredmedia":[{"embeddable":true,"href":"https:\/\/adf-magazine.com\/pt-pt\/wp-json\/wp\/v2\/media\/110796"}],"wp:attachment":[{"href":"https:\/\/adf-magazine.com\/pt-pt\/wp-json\/wp\/v2\/media?parent=110798"}],"wp:term":[{"taxonomy":"category","embeddable":true,"href":"https:\/\/adf-magazine.com\/pt-pt\/wp-json\/wp\/v2\/categories?post=110798"},{"taxonomy":"post_tag","embeddable":true,"href":"https:\/\/adf-magazine.com\/pt-pt\/wp-json\/wp\/v2\/tags?post=110798"}],"curies":[{"name":"wp","href":"https:\/\/api.w.org\/{rel}","templated":true}]}}