{"id":108457,"date":"2023-08-15T16:37:41","date_gmt":"2023-08-15T20:37:41","guid":{"rendered":"https:\/\/adf-magazine.com\/?p=108457"},"modified":"2023-08-15T16:40:30","modified_gmt":"2023-08-15T20:40:30","slug":"violencia-no-mali-sai-do-controlo-do-governo-da-junta","status":"publish","type":"post","link":"https:\/\/adf-magazine.com\/pt-pt\/2023\/08\/violencia-no-mali-sai-do-controlo-do-governo-da-junta\/","title":{"rendered":"Viol\u00eancia no Mali Sai do Controlo do Governo da Junta"},"content":{"rendered":"<div>\n<p class=\"p1\"><span lang=\"PT\">EQUIPA DA <\/span><span lang=\"PT\">ADF<br \/>\n<\/span><span lang=\"PT\"><br \/>\n<\/span><span lang=\"PT\">V\u00e1rios soldados malianos morreram quando foram emboscados por terroristas ligados ao grupo do Estado Isl\u00e2mico (EI) no nordeste da regi\u00e3o de M\u00e9naka, perto da fronteira com o N\u00edger, no in\u00edcio de Agosto. Os soldados encontravam-se numa coluna que se dirigia para o N\u00edger, nove dias ap\u00f3s o golpe militar naquele pa\u00eds.<\/span><\/p>\n<p>Um funcion\u00e1rio eleito disse que os mercen\u00e1rios russos do Grupo Wagner tamb\u00e9m est\u00e3o destacados na zona.<\/p>\n<p>\u201cDe acordo com uma avalia\u00e7\u00e3o inicial, perdemos seis homens,\u201d disse um oficial militar \u00e0 Agence France-Presse (AFP). \u201cLan\u00e7\u00e1mos hoje a busca de outros (desaparecidos), mas os terroristas perderam pelo menos 15 combatentes.\u201d<\/p>\n<p>O Mali \u00e9, desde h\u00e1 muito, um campo de batalha para grupos terroristas como o Jama\u2019at Nusrat al-Islam wal-Muslimin (JNIM), ligado \u00e0 al-Qaeda, e o Estado Isl\u00e2mico no Grande Sahel (ISGS). H\u00e1 anos que os dois grupos atacam civis, for\u00e7as de seguran\u00e7a e um ao outro.<\/p>\n<p><span lang=\"PT\">A junta no poder no Mali utilizou a amea\u00e7a terrorista como justifica\u00e7\u00e3o para os golpes de Estado de 2020 e 2021, mas desde ent\u00e3o a viol\u00eancia ficou fora de controlo. No dia 22 de Abril, o Mali foi palco de uma s\u00e9rie de ataques terroristas em todo o pa\u00eds. O primeiro ataque ocorreu em S\u00e9var\u00e9, na regi\u00e3o de Mopti, no centro do Mali.<\/span><\/p>\n<p>Amadou Djiguiba disse que tinha acabado de rezar quando ouviu por uma s\u00e9rie de ru\u00eddos fortes. N\u00e3o se apercebeu que era o som de carros-bomba a detonar perto de um acampamento militar do Mali. O ataque resultou na morte de 10 civis, tr\u00eas soldados e 88 terroristas, segundo a junta no poder no Mali.<\/p>\n<p>\u201cNo in\u00edcio, pens\u00e1mos que a trag\u00e9dia tinha acontecido em casa,\u201d Djiguiba disse \u00e0 AFP. \u201cAlgumas pessoas pensaram que tinha sido um edif\u00edcio a ruir, mas vieram pedir-nos ajuda na esta\u00e7\u00e3o. Fomos ao acampamento para informar o comandante. Alert\u00e1mos tamb\u00e9m a protec\u00e7\u00e3o civil.\u00a0Por volta das 6 horas da manh\u00e3, as autoridades chegaram e, em conjunto, evacu\u00e1mos os feridos e os mortos. Foi muito dif\u00edcil.\u201d<\/p>\n<\/div>\n<div><span lang=\"PT\"><span lang=\"PT\"><br \/>\nEm Julho, o Mali estava a caminho de registar mais de 1.000 eventos violentos envolvendo grupos militantes isl\u00e2micos em 2023, eclipsando os n\u00edveis recorde de viol\u00eancia do ano passado e um aumento de quase tr\u00eas vezes desde que a junta tomou o poder pela primeira vez, de acordo com o Centro de Estudos Estrat\u00e9gicos de \u00c1frica (ACSS).<\/span><\/span>De meados de 2022 a meados de 2023, os eventos violentos ligados a \u201cgrupos isl\u00e2micos militantes\u201d aumentaram para 1.024, contra 862 no per\u00edodo anterior, de acordo com o relat\u00f3rio do ACSS. Os acontecimentos violentos incluem ataques \u00e0s for\u00e7as de seguran\u00e7a e a civis.<\/p>\n<p>No primeiro semestre de 2023, registaram-se 16 epis\u00f3dios de \u201cviol\u00eancia militante isl\u00e2mica\u201d num raio de 150 quil\u00f3metros de Bamako, a capital do pa\u00eds, em compara\u00e7\u00e3o com cinco desses eventos nos seis meses anteriores. Desde 2021, a viol\u00eancia contra civis aumentou 278%, com mais de 1.600 v\u00edtimas mortais registadas, segundo o relat\u00f3rio.<\/p>\n<p>O Conselho de Seguran\u00e7a das Na\u00e7\u00f5es Unidas votou por unanimidade, em Junho, pelo fim da sua miss\u00e3o de manuten\u00e7\u00e3o da paz de 10 anos, vulgarmente conhecida por MINUSMA, depois de a junta militar do Mali, liderada pelo Coronel Assimi Go\u00efta, ter pedido \u00e0 for\u00e7a de 13.000 homens que partisse \u201csem demora.\u201d Em Agosto de 2022, as \u00faltimas tropas francesas sa\u00edram do pa\u00eds devido a tens\u00f5es com Go\u00efta.<\/p>\n<p>Com a partida da MINUSMA e das tropas francesas, o Grupo Wagner entrou com um custo de quase 11 milh\u00f5es de d\u00f3lares por m\u00eas para garantir seguran\u00e7a e forma\u00e7\u00e3o \u2013 ao mesmo tempo que explorava a extrac\u00e7\u00e3o de ouro.<\/p>\n<p>Mas, em vez de conter o derramamento de sangue, o grupo parece estar a caus\u00e1-lo. No total, 71% do envolvimento do Grupo Wagner na viol\u00eancia pol\u00edtica no Mali assumiu a forma de ataques contra civis, de acordo com o Projecto de Localiza\u00e7\u00e3o de Conflitos Armados e Dados de Eventos.<\/p>\n<p>O grupo tem como alvo civis durante os ataques nas regi\u00f5es de Mopti, Koulikoro, Segou e Tombuctu. Centenas de civis morreram nesses ataques, que inclu\u00edram o massacre de mais de 500 pessoas em Moura, na regi\u00e3o de Mopti, em Mar\u00e7o de 2022. O ataque foi perpetrado pelas tropas malianas e pelo Grupo Wagner.<\/p>\n<p>Testemunhas disseram \u00e0 Reuters que as tropas e os mercen\u00e1rios chegaram em helic\u00f3pteros, espalharam-se pela cidade e dispararam contra civis.<\/p>\n<p>Um homem chamado Amadou disse que foi capturado e levado para uma margem do rio, onde milhares de homens estavam sentados com as m\u00e3os atadas. Durante quatro dias, foram mantidos com pouca comida ou \u00e1gua e sem protec\u00e7\u00e3o contra o sol escaldante. Os homens foram levados em pequenos grupos para a beira de uma vala comum e fuzilados.<\/p>\n<p>\u201cFoi inimagin\u00e1vel,\u201d disse Amadou \u00e0 Reuters. \u201cVinham, pegavam 15, 20 pessoas e punham-nas em fila. Obrigavam-nas a ajoelhar e disparavam contra elas.\u201d<\/p>\n<\/div>\n","protected":false},"excerpt":{"rendered":"<p>EQUIPA DA ADF V\u00e1rios soldados malianos morreram quando foram emboscados por terroristas ligados ao grupo do Estado Isl\u00e2mico (EI) no nordeste da regi\u00e3o de M\u00e9naka, perto da fronteira com o N\u00edger, no in\u00edcio de Agosto. Os soldados encontravam-se numa coluna que se dirigia para o N\u00edger, nove dias ap\u00f3s o golpe militar naquele pa\u00eds. Um<\/p>\n","protected":false},"author":1,"featured_media":108455,"comment_status":"open","ping_status":"closed","sticky":false,"template":"","format":"standard","meta":{"_acf_changed":false,"_monsterinsights_skip_tracking":false,"_monsterinsights_sitenote_active":false,"_monsterinsights_sitenote_note":"","_monsterinsights_sitenote_category":0,"_uf_show_specific_survey":0,"_uf_disable_surveys":false,"footnotes":""},"categories":[363],"tags":[1139],"class_list":{"0":"post-108457","1":"post","2":"type-post","3":"status-publish","4":"format-standard","5":"has-post-thumbnail","7":"category-melhores-historias","8":"tag-terrorism-pt-pt"},"acf":[],"yoast_head":"<!-- This site is optimized with the Yoast SEO plugin v27.5 - https:\/\/yoast.com\/product\/yoast-seo-wordpress\/ -->\n<title>Viol\u00eancia no Mali Sai do Controlo do Governo da Junta - Africa Defense Forum<\/title>\n<meta name=\"robots\" content=\"index, follow, max-snippet:-1, max-image-preview:large, max-video-preview:-1\" \/>\n<link rel=\"canonical\" href=\"https:\/\/adf-magazine.com\/pt-pt\/2023\/08\/violencia-no-mali-sai-do-controlo-do-governo-da-junta\/\" \/>\n<meta property=\"og:locale\" content=\"pt_PT\" \/>\n<meta property=\"og:type\" content=\"article\" \/>\n<meta property=\"og:title\" content=\"Viol\u00eancia no Mali Sai do Controlo do Governo da Junta - Africa Defense Forum\" \/>\n<meta property=\"og:description\" content=\"EQUIPA DA ADF V\u00e1rios soldados malianos morreram quando foram emboscados por terroristas ligados ao grupo do Estado Isl\u00e2mico (EI) no nordeste da regi\u00e3o de M\u00e9naka, perto da fronteira com o N\u00edger, no in\u00edcio de Agosto. Os soldados encontravam-se numa coluna que se dirigia para o N\u00edger, nove dias ap\u00f3s o golpe militar naquele pa\u00eds. Um\" \/>\n<meta property=\"og:url\" content=\"https:\/\/adf-magazine.com\/pt-pt\/2023\/08\/violencia-no-mali-sai-do-controlo-do-governo-da-junta\/\" \/>\n<meta property=\"og:site_name\" content=\"Africa Defense Forum\" \/>\n<meta property=\"article:publisher\" content=\"https:\/\/www.facebook.com\/ADFmagazine\/\" \/>\n<meta property=\"article:published_time\" content=\"2023-08-15T20:37:41+00:00\" \/>\n<meta property=\"article:modified_time\" content=\"2023-08-15T20:40:30+00:00\" \/>\n<meta property=\"og:image\" content=\"https:\/\/adf-magazine.com\/wp-content\/uploads\/2023\/08\/ENGULF-MALI-TWO.jpg\" \/>\n\t<meta property=\"og:image:width\" content=\"1200\" \/>\n\t<meta property=\"og:image:height\" content=\"695\" \/>\n\t<meta property=\"og:image:type\" content=\"image\/jpeg\" \/>\n<meta name=\"author\" content=\"ADF\" \/>\n<meta name=\"twitter:card\" content=\"summary_large_image\" \/>\n<meta name=\"twitter:creator\" content=\"@ADFmagazine\" \/>\n<meta name=\"twitter:site\" content=\"@ADFmagazine\" \/>\n<meta name=\"twitter:label1\" content=\"Escrito por\" \/>\n\t<meta name=\"twitter:data1\" content=\"ADF\" \/>\n\t<meta name=\"twitter:label2\" content=\"Tempo estimado de leitura\" \/>\n\t<meta name=\"twitter:data2\" content=\"4 minutos\" \/>\n<script type=\"application\/ld+json\" class=\"yoast-schema-graph\">{\"@context\":\"https:\\\/\\\/schema.org\",\"@graph\":[{\"@type\":\"Article\",\"@id\":\"https:\\\/\\\/adf-magazine.com\\\/pt-pt\\\/2023\\\/08\\\/violencia-no-mali-sai-do-controlo-do-governo-da-junta\\\/#article\",\"isPartOf\":{\"@id\":\"https:\\\/\\\/adf-magazine.com\\\/pt-pt\\\/2023\\\/08\\\/violencia-no-mali-sai-do-controlo-do-governo-da-junta\\\/\"},\"author\":{\"name\":\"ADF\",\"@id\":\"https:\\\/\\\/adf-magazine.com\\\/#\\\/schema\\\/person\\\/f266a6061389568b5a11465bb38bc025\"},\"headline\":\"Viol\u00eancia no Mali Sai do Controlo do Governo da Junta\",\"datePublished\":\"2023-08-15T20:37:41+00:00\",\"dateModified\":\"2023-08-15T20:40:30+00:00\",\"mainEntityOfPage\":{\"@id\":\"https:\\\/\\\/adf-magazine.com\\\/pt-pt\\\/2023\\\/08\\\/violencia-no-mali-sai-do-controlo-do-governo-da-junta\\\/\"},\"wordCount\":852,\"commentCount\":0,\"image\":{\"@id\":\"https:\\\/\\\/adf-magazine.com\\\/pt-pt\\\/2023\\\/08\\\/violencia-no-mali-sai-do-controlo-do-governo-da-junta\\\/#primaryimage\"},\"thumbnailUrl\":\"https:\\\/\\\/adf-magazine.com\\\/wp-content\\\/uploads\\\/2023\\\/08\\\/ENGULF-MALI-TWO.jpg\",\"keywords\":[\"Terrorism\"],\"articleSection\":[\"Not\u00edcias diaries\"],\"inLanguage\":\"pt-PT\",\"potentialAction\":[{\"@type\":\"CommentAction\",\"name\":\"Comment\",\"target\":[\"https:\\\/\\\/adf-magazine.com\\\/pt-pt\\\/2023\\\/08\\\/violencia-no-mali-sai-do-controlo-do-governo-da-junta\\\/#respond\"]}]},{\"@type\":\"WebPage\",\"@id\":\"https:\\\/\\\/adf-magazine.com\\\/pt-pt\\\/2023\\\/08\\\/violencia-no-mali-sai-do-controlo-do-governo-da-junta\\\/\",\"url\":\"https:\\\/\\\/adf-magazine.com\\\/pt-pt\\\/2023\\\/08\\\/violencia-no-mali-sai-do-controlo-do-governo-da-junta\\\/\",\"name\":\"Viol\u00eancia no Mali Sai do Controlo do Governo da Junta - Africa Defense Forum\",\"isPartOf\":{\"@id\":\"https:\\\/\\\/adf-magazine.com\\\/#website\"},\"primaryImageOfPage\":{\"@id\":\"https:\\\/\\\/adf-magazine.com\\\/pt-pt\\\/2023\\\/08\\\/violencia-no-mali-sai-do-controlo-do-governo-da-junta\\\/#primaryimage\"},\"image\":{\"@id\":\"https:\\\/\\\/adf-magazine.com\\\/pt-pt\\\/2023\\\/08\\\/violencia-no-mali-sai-do-controlo-do-governo-da-junta\\\/#primaryimage\"},\"thumbnailUrl\":\"https:\\\/\\\/adf-magazine.com\\\/wp-content\\\/uploads\\\/2023\\\/08\\\/ENGULF-MALI-TWO.jpg\",\"datePublished\":\"2023-08-15T20:37:41+00:00\",\"dateModified\":\"2023-08-15T20:40:30+00:00\",\"author\":{\"@id\":\"https:\\\/\\\/adf-magazine.com\\\/#\\\/schema\\\/person\\\/f266a6061389568b5a11465bb38bc025\"},\"breadcrumb\":{\"@id\":\"https:\\\/\\\/adf-magazine.com\\\/pt-pt\\\/2023\\\/08\\\/violencia-no-mali-sai-do-controlo-do-governo-da-junta\\\/#breadcrumb\"},\"inLanguage\":\"pt-PT\",\"potentialAction\":[{\"@type\":\"ReadAction\",\"target\":[\"https:\\\/\\\/adf-magazine.com\\\/pt-pt\\\/2023\\\/08\\\/violencia-no-mali-sai-do-controlo-do-governo-da-junta\\\/\"]}]},{\"@type\":\"ImageObject\",\"inLanguage\":\"pt-PT\",\"@id\":\"https:\\\/\\\/adf-magazine.com\\\/pt-pt\\\/2023\\\/08\\\/violencia-no-mali-sai-do-controlo-do-governo-da-junta\\\/#primaryimage\",\"url\":\"https:\\\/\\\/adf-magazine.com\\\/wp-content\\\/uploads\\\/2023\\\/08\\\/ENGULF-MALI-TWO.jpg\",\"contentUrl\":\"https:\\\/\\\/adf-magazine.com\\\/wp-content\\\/uploads\\\/2023\\\/08\\\/ENGULF-MALI-TWO.jpg\",\"width\":1200,\"height\":695,\"caption\":\"Pessoal de seguran\u00e7a procura dispositivos explosivos improvisados no Mali. MINUSMA\"},{\"@type\":\"BreadcrumbList\",\"@id\":\"https:\\\/\\\/adf-magazine.com\\\/pt-pt\\\/2023\\\/08\\\/violencia-no-mali-sai-do-controlo-do-governo-da-junta\\\/#breadcrumb\",\"itemListElement\":[{\"@type\":\"ListItem\",\"position\":1,\"name\":\"Home\",\"item\":\"https:\\\/\\\/adf-magazine.com\\\/\"},{\"@type\":\"ListItem\",\"position\":2,\"name\":\"Viol\u00eancia no Mali Sai do Controlo do Governo da Junta\"}]},{\"@type\":\"WebSite\",\"@id\":\"https:\\\/\\\/adf-magazine.com\\\/#website\",\"url\":\"https:\\\/\\\/adf-magazine.com\\\/\",\"name\":\"Africa Defense Forum\",\"description\":\"Africa Defense Forum\",\"potentialAction\":[{\"@type\":\"SearchAction\",\"target\":{\"@type\":\"EntryPoint\",\"urlTemplate\":\"https:\\\/\\\/adf-magazine.com\\\/?s={search_term_string}\"},\"query-input\":{\"@type\":\"PropertyValueSpecification\",\"valueRequired\":true,\"valueName\":\"search_term_string\"}}],\"inLanguage\":\"pt-PT\"},{\"@type\":\"Person\",\"@id\":\"https:\\\/\\\/adf-magazine.com\\\/#\\\/schema\\\/person\\\/f266a6061389568b5a11465bb38bc025\",\"name\":\"ADF\",\"image\":{\"@type\":\"ImageObject\",\"inLanguage\":\"pt-PT\",\"@id\":\"https:\\\/\\\/adf-magazine.com\\\/wp-content\\\/uploads\\\/2020\\\/05\\\/cropped-ADF_icon.jpg\",\"url\":\"https:\\\/\\\/adf-magazine.com\\\/wp-content\\\/uploads\\\/2020\\\/05\\\/cropped-ADF_icon.jpg\",\"contentUrl\":\"https:\\\/\\\/adf-magazine.com\\\/wp-content\\\/uploads\\\/2020\\\/05\\\/cropped-ADF_icon.jpg\",\"caption\":\"ADF\"},\"description\":\"ADF is a professional military magazine published quarterly by U.S. Africa Command to provide an international forum for African security professionals. ADF covers topics such as counter terrorism strategies, security and defense operations, transnational crime, and all other issues affecting peace, stability, and good governance on the African continent.\",\"sameAs\":[\"https:\\\/\\\/x.com\\\/ADFmagazine\"],\"url\":\"https:\\\/\\\/adf-magazine.com\\\/pt-pt\\\/author\\\/adf\\\/\"}]}<\/script>\n<!-- \/ Yoast SEO plugin. -->","yoast_head_json":{"title":"Viol\u00eancia no Mali Sai do Controlo do Governo da Junta - Africa Defense Forum","robots":{"index":"index","follow":"follow","max-snippet":"max-snippet:-1","max-image-preview":"max-image-preview:large","max-video-preview":"max-video-preview:-1"},"canonical":"https:\/\/adf-magazine.com\/pt-pt\/2023\/08\/violencia-no-mali-sai-do-controlo-do-governo-da-junta\/","og_locale":"pt_PT","og_type":"article","og_title":"Viol\u00eancia no Mali Sai do Controlo do Governo da Junta - Africa Defense Forum","og_description":"EQUIPA DA ADF V\u00e1rios soldados malianos morreram quando foram emboscados por terroristas ligados ao grupo do Estado Isl\u00e2mico (EI) no nordeste da regi\u00e3o de M\u00e9naka, perto da fronteira com o N\u00edger, no in\u00edcio de Agosto. Os soldados encontravam-se numa coluna que se dirigia para o N\u00edger, nove dias ap\u00f3s o golpe militar naquele pa\u00eds. Um","og_url":"https:\/\/adf-magazine.com\/pt-pt\/2023\/08\/violencia-no-mali-sai-do-controlo-do-governo-da-junta\/","og_site_name":"Africa Defense Forum","article_publisher":"https:\/\/www.facebook.com\/ADFmagazine\/","article_published_time":"2023-08-15T20:37:41+00:00","article_modified_time":"2023-08-15T20:40:30+00:00","og_image":[{"width":1200,"height":695,"url":"https:\/\/adf-magazine.com\/wp-content\/uploads\/2023\/08\/ENGULF-MALI-TWO.jpg","type":"image\/jpeg"}],"author":"ADF","twitter_card":"summary_large_image","twitter_creator":"@ADFmagazine","twitter_site":"@ADFmagazine","twitter_misc":{"Escrito por":"ADF","Tempo estimado de leitura":"4 minutos"},"schema":{"@context":"https:\/\/schema.org","@graph":[{"@type":"Article","@id":"https:\/\/adf-magazine.com\/pt-pt\/2023\/08\/violencia-no-mali-sai-do-controlo-do-governo-da-junta\/#article","isPartOf":{"@id":"https:\/\/adf-magazine.com\/pt-pt\/2023\/08\/violencia-no-mali-sai-do-controlo-do-governo-da-junta\/"},"author":{"name":"ADF","@id":"https:\/\/adf-magazine.com\/#\/schema\/person\/f266a6061389568b5a11465bb38bc025"},"headline":"Viol\u00eancia no Mali Sai do Controlo do Governo da Junta","datePublished":"2023-08-15T20:37:41+00:00","dateModified":"2023-08-15T20:40:30+00:00","mainEntityOfPage":{"@id":"https:\/\/adf-magazine.com\/pt-pt\/2023\/08\/violencia-no-mali-sai-do-controlo-do-governo-da-junta\/"},"wordCount":852,"commentCount":0,"image":{"@id":"https:\/\/adf-magazine.com\/pt-pt\/2023\/08\/violencia-no-mali-sai-do-controlo-do-governo-da-junta\/#primaryimage"},"thumbnailUrl":"https:\/\/adf-magazine.com\/wp-content\/uploads\/2023\/08\/ENGULF-MALI-TWO.jpg","keywords":["Terrorism"],"articleSection":["Not\u00edcias diaries"],"inLanguage":"pt-PT","potentialAction":[{"@type":"CommentAction","name":"Comment","target":["https:\/\/adf-magazine.com\/pt-pt\/2023\/08\/violencia-no-mali-sai-do-controlo-do-governo-da-junta\/#respond"]}]},{"@type":"WebPage","@id":"https:\/\/adf-magazine.com\/pt-pt\/2023\/08\/violencia-no-mali-sai-do-controlo-do-governo-da-junta\/","url":"https:\/\/adf-magazine.com\/pt-pt\/2023\/08\/violencia-no-mali-sai-do-controlo-do-governo-da-junta\/","name":"Viol\u00eancia no Mali Sai do Controlo do Governo da Junta - Africa Defense Forum","isPartOf":{"@id":"https:\/\/adf-magazine.com\/#website"},"primaryImageOfPage":{"@id":"https:\/\/adf-magazine.com\/pt-pt\/2023\/08\/violencia-no-mali-sai-do-controlo-do-governo-da-junta\/#primaryimage"},"image":{"@id":"https:\/\/adf-magazine.com\/pt-pt\/2023\/08\/violencia-no-mali-sai-do-controlo-do-governo-da-junta\/#primaryimage"},"thumbnailUrl":"https:\/\/adf-magazine.com\/wp-content\/uploads\/2023\/08\/ENGULF-MALI-TWO.jpg","datePublished":"2023-08-15T20:37:41+00:00","dateModified":"2023-08-15T20:40:30+00:00","author":{"@id":"https:\/\/adf-magazine.com\/#\/schema\/person\/f266a6061389568b5a11465bb38bc025"},"breadcrumb":{"@id":"https:\/\/adf-magazine.com\/pt-pt\/2023\/08\/violencia-no-mali-sai-do-controlo-do-governo-da-junta\/#breadcrumb"},"inLanguage":"pt-PT","potentialAction":[{"@type":"ReadAction","target":["https:\/\/adf-magazine.com\/pt-pt\/2023\/08\/violencia-no-mali-sai-do-controlo-do-governo-da-junta\/"]}]},{"@type":"ImageObject","inLanguage":"pt-PT","@id":"https:\/\/adf-magazine.com\/pt-pt\/2023\/08\/violencia-no-mali-sai-do-controlo-do-governo-da-junta\/#primaryimage","url":"https:\/\/adf-magazine.com\/wp-content\/uploads\/2023\/08\/ENGULF-MALI-TWO.jpg","contentUrl":"https:\/\/adf-magazine.com\/wp-content\/uploads\/2023\/08\/ENGULF-MALI-TWO.jpg","width":1200,"height":695,"caption":"Pessoal de seguran\u00e7a procura dispositivos explosivos improvisados no Mali. MINUSMA"},{"@type":"BreadcrumbList","@id":"https:\/\/adf-magazine.com\/pt-pt\/2023\/08\/violencia-no-mali-sai-do-controlo-do-governo-da-junta\/#breadcrumb","itemListElement":[{"@type":"ListItem","position":1,"name":"Home","item":"https:\/\/adf-magazine.com\/"},{"@type":"ListItem","position":2,"name":"Viol\u00eancia no Mali Sai do Controlo do Governo da Junta"}]},{"@type":"WebSite","@id":"https:\/\/adf-magazine.com\/#website","url":"https:\/\/adf-magazine.com\/","name":"Africa Defense Forum","description":"Africa Defense Forum","potentialAction":[{"@type":"SearchAction","target":{"@type":"EntryPoint","urlTemplate":"https:\/\/adf-magazine.com\/?s={search_term_string}"},"query-input":{"@type":"PropertyValueSpecification","valueRequired":true,"valueName":"search_term_string"}}],"inLanguage":"pt-PT"},{"@type":"Person","@id":"https:\/\/adf-magazine.com\/#\/schema\/person\/f266a6061389568b5a11465bb38bc025","name":"ADF","image":{"@type":"ImageObject","inLanguage":"pt-PT","@id":"https:\/\/adf-magazine.com\/wp-content\/uploads\/2020\/05\/cropped-ADF_icon.jpg","url":"https:\/\/adf-magazine.com\/wp-content\/uploads\/2020\/05\/cropped-ADF_icon.jpg","contentUrl":"https:\/\/adf-magazine.com\/wp-content\/uploads\/2020\/05\/cropped-ADF_icon.jpg","caption":"ADF"},"description":"ADF is a professional military magazine published quarterly by U.S. Africa Command to provide an international forum for African security professionals. ADF covers topics such as counter terrorism strategies, security and defense operations, transnational crime, and all other issues affecting peace, stability, and good governance on the African continent.","sameAs":["https:\/\/x.com\/ADFmagazine"],"url":"https:\/\/adf-magazine.com\/pt-pt\/author\/adf\/"}]}},"_links":{"self":[{"href":"https:\/\/adf-magazine.com\/pt-pt\/wp-json\/wp\/v2\/posts\/108457","targetHints":{"allow":["GET"]}}],"collection":[{"href":"https:\/\/adf-magazine.com\/pt-pt\/wp-json\/wp\/v2\/posts"}],"about":[{"href":"https:\/\/adf-magazine.com\/pt-pt\/wp-json\/wp\/v2\/types\/post"}],"author":[{"embeddable":true,"href":"https:\/\/adf-magazine.com\/pt-pt\/wp-json\/wp\/v2\/users\/1"}],"replies":[{"embeddable":true,"href":"https:\/\/adf-magazine.com\/pt-pt\/wp-json\/wp\/v2\/comments?post=108457"}],"version-history":[{"count":0,"href":"https:\/\/adf-magazine.com\/pt-pt\/wp-json\/wp\/v2\/posts\/108457\/revisions"}],"wp:featuredmedia":[{"embeddable":true,"href":"https:\/\/adf-magazine.com\/pt-pt\/wp-json\/wp\/v2\/media\/108455"}],"wp:attachment":[{"href":"https:\/\/adf-magazine.com\/pt-pt\/wp-json\/wp\/v2\/media?parent=108457"}],"wp:term":[{"taxonomy":"category","embeddable":true,"href":"https:\/\/adf-magazine.com\/pt-pt\/wp-json\/wp\/v2\/categories?post=108457"},{"taxonomy":"post_tag","embeddable":true,"href":"https:\/\/adf-magazine.com\/pt-pt\/wp-json\/wp\/v2\/tags?post=108457"}],"curies":[{"name":"wp","href":"https:\/\/api.w.org\/{rel}","templated":true}]}}