{"id":108058,"date":"2023-07-25T13:36:38","date_gmt":"2023-07-25T17:36:38","guid":{"rendered":"https:\/\/adf-magazine.com\/?p=108058"},"modified":"2023-07-25T13:37:46","modified_gmt":"2023-07-25T17:37:46","slug":"terrorismo-mocambicano-tem-ecos-do-boko-haram","status":"publish","type":"post","link":"https:\/\/adf-magazine.com\/pt-pt\/2023\/07\/terrorismo-mocambicano-tem-ecos-do-boko-haram\/","title":{"rendered":"Terrorismo Mo\u00e7ambicano Tem Ecos do Boko Haram"},"content":{"rendered":"<p style=\"font-weight: 400;\">EQUIPA DA ADF<\/p>\n<p>No norte da Nig\u00e9ria e no norte de Mo\u00e7ambique, dois grupos extremistas violentos est\u00e3o separados por milhares de quil\u00f3metros, mas ligados por certas caracter\u00edsticas.<\/p>\n<p style=\"font-weight: 400;\">Ambos surgiram em regi\u00f5es onde a seguran\u00e7a do Estado era praticamente inexistente e onde as queixas locais contra o governo tinham aumentado. Ambas as insurg\u00eancias pregavam a rejei\u00e7\u00e3o da educa\u00e7\u00e3o tradicional em favor de uma forma radical do Isl\u00e3o. Ambos os movimentos s\u00e3o financiados atrav\u00e9s da economia il\u00edcita. E, em ambos os casos, uma reac\u00e7\u00e3o inicial de m\u00e3o pesada por parte do ex\u00e9rcito n\u00e3o impediu os ataques e poder\u00e1 ter contribu\u00eddo para o recrutamento de extremistas.<\/p>\n<p>Em Mo\u00e7ambique, o Ansar al-Sunna (ASWJ) tem sido associado a ataques contra civis e for\u00e7as de seguran\u00e7a na prov\u00edncia de Cabo Delgado, onde mais de 4.000 pessoas foram mortas e mais de 800.000 foram deslocadas pela viol\u00eancia desde 2017.<\/p>\n<p>As t\u00e1cticas do grupo \u2014 e os desafios que colocam \u2014 s\u00e3o semelhantes \u00e0s utilizadas pelo Boko Haram na Nig\u00e9ria, de acordo com Theo Neethling, professor de ci\u00eancia pol\u00edtica na Universidade do Estado Livre, da \u00c1frica do Sul. O Boko Haram tem causado estragos no norte da Nig\u00e9ria desde 2002.<\/p>\n<p style=\"font-weight: 400;\">\u201cA fragilidade do Estado e as limita\u00e7\u00f5es da governa\u00e7\u00e3o n\u00e3o proporcionaram apenas um terreno f\u00e9rtil para a ascens\u00e3o do Boko Haram e do Ansar al-Sunna. Tamb\u00e9m impedem as institui\u00e7\u00f5es estatais relevantes na Nig\u00e9ria e em Mo\u00e7ambique de resolver o problema,\u201d Neethling escreveu no The Conversation.<\/p>\n<p><span style=\"font-weight: 400;\">O ASWJ ganhou a aten\u00e7\u00e3o internacional quando os militantes tomaram e aterrorizaram Palma, uma cidade portu\u00e1ria estrat\u00e9gica com 75.000 habitantes, numa batalha prolongada entre o final de Mar\u00e7o e o in\u00edcio de Abril de 2021. O grupo matou dezenas de civis e soldados, desalojou dezenas de milhares de pessoas e destruiu v\u00e1rios edif\u00edcios.<\/span><\/p>\n<p>Segundo Neethling, tanto o ASWJ como o Boko Haram \u201csurgiram como movimentos isl\u00e2micos militantes empenhados em estabelecer califados isl\u00e2micos nos seus pa\u00edses.\u201d<\/p>\n<p>N\u00e3o h\u00e1 provas de que o ASWJ ou o Boko Haram sejam controlados por organiza\u00e7\u00f5es extremistas estrangeiras.<\/p>\n<p>\u201cIsso implica contexto e factores fortes e locais,\u201d escreveu Neethling. \u201cMas h\u00e1 liga\u00e7\u00f5es ou sentimentos ideol\u00f3gicos claros. Ambos comunicam com grupos jihadistas regionais ou internacionais.\u201d<\/p>\n<p><span style=\"font-weight: 400;\">Os grupos tamb\u00e9m financiam as suas actividades de forma ilegal. O ASWJ est\u00e1 envolvido em actividades mineiras e madeireiras ilegais e apreende dinheiro e bens durante os ataques.<\/span><\/p>\n<p>O Boko Haram obt\u00e9m os seus rendimentos atrav\u00e9s de raptos com pedido de resgate, assaltos a bancos, cobran\u00e7a de impostos e roubo de gado.<\/p>\n<p><strong>Explorando a Seguran\u00e7a Limitada<\/strong><\/p>\n<p>Conforme observou Neethling, ambos os grupos operam normalmente em zonas pobres dos seus pa\u00edses, onde a seguran\u00e7a formal \u00e9 limitada.<\/p>\n<p>O Boko Haram tem aterrorizado vastas \u00e1reas do norte da Nig\u00e9ria desde 2009. Durante esse per\u00edodo, mais de 35.000 pessoas foram mortas e mais de 2 milh\u00f5es de pessoas fugiram do pa\u00eds.<\/p>\n<p>Bappa Tambaya, um pastor de gado de 57 anos, do norte da Nig\u00e9ria, ficou marcado por balas de ca\u00e7adeira ap\u00f3s um suposto ataque do Boko Haram, em Mar\u00e7o. Tambaya estava a dormir \u00e0 sombra de uma \u00e1rvore, depois de um longo dia a apascentar o seu gado, quando ouviu as motos a aproximarem-se. N\u00e3o havia for\u00e7as de seguran\u00e7a na zona.<\/p>\n<p>Tambaya viu armas e pegou no seu arco e flecha. Disparou v\u00e1rias vezes, mas s\u00f3 se apercebeu de que havia algu\u00e9m atr\u00e1s de si quando ouviu tiros e sentiu uma dor aguda na cabe\u00e7a. Acreditou ter atingido alguns dos atacantes porque estes fugiram.<\/p>\n<p>\u201cPerdi a consci\u00eancia depois de disparar a minha flecha aben\u00e7oada,\u201d Tambaya, que tem cicatrizes de balas no lado da cara, disse \u00e0 HumAngle Media, da Nig\u00e9ria. \u201cCa\u00ed no ch\u00e3o e fiquei coberto de sangue.\u201d<\/p>\n<p>Segundo Neethling, a fragilidade do Estado e as limita\u00e7\u00f5es da governa\u00e7\u00e3o proporcionaram um terreno f\u00e9rtil para a ascens\u00e3o do ASWJ e do Boko Haram.<\/p>\n<p>Esses factores \u201ctamb\u00e9m impedem as institui\u00e7\u00f5es estatais relevantes na Nig\u00e9ria e em Mo\u00e7ambique de resolverem o problema,\u201d escreveu Neethling, que argumentou que uma abordagem que trate das causas profundas das insurg\u00eancias \u00e9 mais eficaz do que uma abordagem militar.<\/p>\n<p><strong>SADC Alarga Miss\u00e3o em Cabo Delgado<\/strong><\/p>\n<p>As for\u00e7as militares obtiveram ganhos em Mo\u00e7ambique.<\/p>\n<p>Um pacto militar bilateral com o Ruanda e os seus 2.800 soldados ajudou a estabilizar Palma, enquanto a Miss\u00e3o da Comunidade para o Desenvolvimento da \u00c1frica Austral em Mo\u00e7ambique (SAMIM) e os seus 1.900 efectivos ajudaram a melhorar a situa\u00e7\u00e3o de seguran\u00e7a noutras partes de Cabo Delgado.<\/p>\n<p>No entanto, em Junho, a viol\u00eancia renovada provocou a morte de pelo menos 53 pessoas em seis distritos da prov\u00edncia. Mais de 60.000 pessoas, incluindo cerca de 33.000 crian\u00e7as, fugiram das suas resid\u00eancias, de acordo com a organiza\u00e7\u00e3o de caridade Save the Children.<\/p>\n<p>Em resposta, a SADC prorrogou a SAMIM por mais um ano, a partir de 16 de Julho. O objectivo \u00e9 facilitar o regresso seguro dos civis que fugiram da viol\u00eancia em Cabo Delgado, de acordo com uma reportagem da 360 Mozambique.<\/p>\n","protected":false},"excerpt":{"rendered":"<p>EQUIPA DA ADF No norte da Nig\u00e9ria e no norte de Mo\u00e7ambique, dois grupos extremistas violentos est\u00e3o separados por milhares de quil\u00f3metros, mas ligados por certas caracter\u00edsticas. Ambos surgiram em regi\u00f5es onde a seguran\u00e7a do Estado era praticamente inexistente e onde as queixas locais contra o governo tinham aumentado. Ambas as insurg\u00eancias pregavam a rejei\u00e7\u00e3o<\/p>\n","protected":false},"author":1,"featured_media":108056,"comment_status":"open","ping_status":"closed","sticky":false,"template":"","format":"standard","meta":{"_acf_changed":false,"_monsterinsights_skip_tracking":false,"_monsterinsights_sitenote_active":false,"_monsterinsights_sitenote_note":"","_monsterinsights_sitenote_category":0,"_uf_show_specific_survey":0,"_uf_disable_surveys":false,"footnotes":""},"categories":[363],"tags":[1312,1208,473,453],"class_list":{"0":"post-108058","1":"post","2":"type-post","3":"status-publish","4":"format-standard","5":"has-post-thumbnail","7":"category-melhores-historias","8":"tag-aswj-pt-pt","9":"tag-boko-haram-pt-pt","10":"tag-mocambique","11":"tag-nigeria-pt-pt"},"acf":[],"yoast_head":"<!-- This site is optimized with the Yoast SEO plugin v27.5 - https:\/\/yoast.com\/product\/yoast-seo-wordpress\/ -->\n<title>Terrorismo Mo\u00e7ambicano Tem Ecos do Boko Haram - Africa Defense Forum<\/title>\n<meta name=\"robots\" content=\"index, follow, max-snippet:-1, max-image-preview:large, max-video-preview:-1\" \/>\n<link rel=\"canonical\" href=\"https:\/\/adf-magazine.com\/pt-pt\/2023\/07\/terrorismo-mocambicano-tem-ecos-do-boko-haram\/\" \/>\n<meta property=\"og:locale\" content=\"pt_PT\" \/>\n<meta property=\"og:type\" content=\"article\" \/>\n<meta property=\"og:title\" content=\"Terrorismo Mo\u00e7ambicano Tem Ecos do Boko Haram - Africa Defense Forum\" \/>\n<meta property=\"og:description\" content=\"EQUIPA DA ADF No norte da Nig\u00e9ria e no norte de Mo\u00e7ambique, dois grupos extremistas violentos est\u00e3o separados por milhares de quil\u00f3metros, mas ligados por certas caracter\u00edsticas. Ambos surgiram em regi\u00f5es onde a seguran\u00e7a do Estado era praticamente inexistente e onde as queixas locais contra o governo tinham aumentado. Ambas as insurg\u00eancias pregavam a rejei\u00e7\u00e3o\" \/>\n<meta property=\"og:url\" content=\"https:\/\/adf-magazine.com\/pt-pt\/2023\/07\/terrorismo-mocambicano-tem-ecos-do-boko-haram\/\" \/>\n<meta property=\"og:site_name\" content=\"Africa Defense Forum\" \/>\n<meta property=\"article:publisher\" content=\"https:\/\/www.facebook.com\/ADFmagazine\/\" \/>\n<meta property=\"article:published_time\" content=\"2023-07-25T17:36:38+00:00\" \/>\n<meta property=\"article:modified_time\" content=\"2023-07-25T17:37:46+00:00\" \/>\n<meta property=\"og:image\" content=\"https:\/\/adf-magazine.com\/wp-content\/uploads\/2023\/07\/GettyImages-1243857706.jpg\" \/>\n\t<meta property=\"og:image:width\" content=\"1024\" \/>\n\t<meta property=\"og:image:height\" content=\"683\" \/>\n\t<meta property=\"og:image:type\" content=\"image\/jpeg\" \/>\n<meta name=\"author\" content=\"ADF\" \/>\n<meta name=\"twitter:card\" content=\"summary_large_image\" \/>\n<meta name=\"twitter:creator\" content=\"@ADFmagazine\" \/>\n<meta name=\"twitter:site\" content=\"@ADFmagazine\" \/>\n<meta name=\"twitter:label1\" content=\"Escrito por\" \/>\n\t<meta name=\"twitter:data1\" content=\"ADF\" \/>\n\t<meta name=\"twitter:label2\" content=\"Tempo estimado de leitura\" \/>\n\t<meta name=\"twitter:data2\" content=\"4 minutos\" \/>\n<script type=\"application\/ld+json\" class=\"yoast-schema-graph\">{\"@context\":\"https:\\\/\\\/schema.org\",\"@graph\":[{\"@type\":\"Article\",\"@id\":\"https:\\\/\\\/adf-magazine.com\\\/pt-pt\\\/2023\\\/07\\\/terrorismo-mocambicano-tem-ecos-do-boko-haram\\\/#article\",\"isPartOf\":{\"@id\":\"https:\\\/\\\/adf-magazine.com\\\/pt-pt\\\/2023\\\/07\\\/terrorismo-mocambicano-tem-ecos-do-boko-haram\\\/\"},\"author\":{\"name\":\"ADF\",\"@id\":\"https:\\\/\\\/adf-magazine.com\\\/#\\\/schema\\\/person\\\/f266a6061389568b5a11465bb38bc025\"},\"headline\":\"Terrorismo Mo\u00e7ambicano Tem Ecos do Boko Haram\",\"datePublished\":\"2023-07-25T17:36:38+00:00\",\"dateModified\":\"2023-07-25T17:37:46+00:00\",\"mainEntityOfPage\":{\"@id\":\"https:\\\/\\\/adf-magazine.com\\\/pt-pt\\\/2023\\\/07\\\/terrorismo-mocambicano-tem-ecos-do-boko-haram\\\/\"},\"wordCount\":891,\"commentCount\":0,\"image\":{\"@id\":\"https:\\\/\\\/adf-magazine.com\\\/pt-pt\\\/2023\\\/07\\\/terrorismo-mocambicano-tem-ecos-do-boko-haram\\\/#primaryimage\"},\"thumbnailUrl\":\"https:\\\/\\\/adf-magazine.com\\\/wp-content\\\/uploads\\\/2023\\\/07\\\/GettyImages-1243857706.jpg\",\"keywords\":[\"ASWJ\",\"Boko Haram\",\"Mo\u00e7ambique\",\"Nigeria\"],\"articleSection\":[\"Not\u00edcias diaries\"],\"inLanguage\":\"pt-PT\",\"potentialAction\":[{\"@type\":\"CommentAction\",\"name\":\"Comment\",\"target\":[\"https:\\\/\\\/adf-magazine.com\\\/pt-pt\\\/2023\\\/07\\\/terrorismo-mocambicano-tem-ecos-do-boko-haram\\\/#respond\"]}]},{\"@type\":\"WebPage\",\"@id\":\"https:\\\/\\\/adf-magazine.com\\\/pt-pt\\\/2023\\\/07\\\/terrorismo-mocambicano-tem-ecos-do-boko-haram\\\/\",\"url\":\"https:\\\/\\\/adf-magazine.com\\\/pt-pt\\\/2023\\\/07\\\/terrorismo-mocambicano-tem-ecos-do-boko-haram\\\/\",\"name\":\"Terrorismo Mo\u00e7ambicano Tem Ecos do Boko Haram - Africa Defense Forum\",\"isPartOf\":{\"@id\":\"https:\\\/\\\/adf-magazine.com\\\/#website\"},\"primaryImageOfPage\":{\"@id\":\"https:\\\/\\\/adf-magazine.com\\\/pt-pt\\\/2023\\\/07\\\/terrorismo-mocambicano-tem-ecos-do-boko-haram\\\/#primaryimage\"},\"image\":{\"@id\":\"https:\\\/\\\/adf-magazine.com\\\/pt-pt\\\/2023\\\/07\\\/terrorismo-mocambicano-tem-ecos-do-boko-haram\\\/#primaryimage\"},\"thumbnailUrl\":\"https:\\\/\\\/adf-magazine.com\\\/wp-content\\\/uploads\\\/2023\\\/07\\\/GettyImages-1243857706.jpg\",\"datePublished\":\"2023-07-25T17:36:38+00:00\",\"dateModified\":\"2023-07-25T17:37:46+00:00\",\"author\":{\"@id\":\"https:\\\/\\\/adf-magazine.com\\\/#\\\/schema\\\/person\\\/f266a6061389568b5a11465bb38bc025\"},\"breadcrumb\":{\"@id\":\"https:\\\/\\\/adf-magazine.com\\\/pt-pt\\\/2023\\\/07\\\/terrorismo-mocambicano-tem-ecos-do-boko-haram\\\/#breadcrumb\"},\"inLanguage\":\"pt-PT\",\"potentialAction\":[{\"@type\":\"ReadAction\",\"target\":[\"https:\\\/\\\/adf-magazine.com\\\/pt-pt\\\/2023\\\/07\\\/terrorismo-mocambicano-tem-ecos-do-boko-haram\\\/\"]}]},{\"@type\":\"ImageObject\",\"inLanguage\":\"pt-PT\",\"@id\":\"https:\\\/\\\/adf-magazine.com\\\/pt-pt\\\/2023\\\/07\\\/terrorismo-mocambicano-tem-ecos-do-boko-haram\\\/#primaryimage\",\"url\":\"https:\\\/\\\/adf-magazine.com\\\/wp-content\\\/uploads\\\/2023\\\/07\\\/GettyImages-1243857706.jpg\",\"contentUrl\":\"https:\\\/\\\/adf-magazine.com\\\/wp-content\\\/uploads\\\/2023\\\/07\\\/GettyImages-1243857706.jpg\",\"width\":1024,\"height\":683,\"caption\":\"Pessoal de seguran\u00e7a ruand\u00eas vigia um projecto de g\u00e1s natural liquefeito amea\u00e7ado por terroristas em Cabo Delgado, Mo\u00e7ambique. AFP\\\/GETTY IMAGES\"},{\"@type\":\"BreadcrumbList\",\"@id\":\"https:\\\/\\\/adf-magazine.com\\\/pt-pt\\\/2023\\\/07\\\/terrorismo-mocambicano-tem-ecos-do-boko-haram\\\/#breadcrumb\",\"itemListElement\":[{\"@type\":\"ListItem\",\"position\":1,\"name\":\"Home\",\"item\":\"https:\\\/\\\/adf-magazine.com\\\/\"},{\"@type\":\"ListItem\",\"position\":2,\"name\":\"Terrorismo Mo\u00e7ambicano Tem Ecos do Boko Haram\"}]},{\"@type\":\"WebSite\",\"@id\":\"https:\\\/\\\/adf-magazine.com\\\/#website\",\"url\":\"https:\\\/\\\/adf-magazine.com\\\/\",\"name\":\"Africa Defense Forum\",\"description\":\"Africa Defense Forum\",\"potentialAction\":[{\"@type\":\"SearchAction\",\"target\":{\"@type\":\"EntryPoint\",\"urlTemplate\":\"https:\\\/\\\/adf-magazine.com\\\/?s={search_term_string}\"},\"query-input\":{\"@type\":\"PropertyValueSpecification\",\"valueRequired\":true,\"valueName\":\"search_term_string\"}}],\"inLanguage\":\"pt-PT\"},{\"@type\":\"Person\",\"@id\":\"https:\\\/\\\/adf-magazine.com\\\/#\\\/schema\\\/person\\\/f266a6061389568b5a11465bb38bc025\",\"name\":\"ADF\",\"image\":{\"@type\":\"ImageObject\",\"inLanguage\":\"pt-PT\",\"@id\":\"https:\\\/\\\/adf-magazine.com\\\/wp-content\\\/uploads\\\/2020\\\/05\\\/cropped-ADF_icon.jpg\",\"url\":\"https:\\\/\\\/adf-magazine.com\\\/wp-content\\\/uploads\\\/2020\\\/05\\\/cropped-ADF_icon.jpg\",\"contentUrl\":\"https:\\\/\\\/adf-magazine.com\\\/wp-content\\\/uploads\\\/2020\\\/05\\\/cropped-ADF_icon.jpg\",\"caption\":\"ADF\"},\"description\":\"ADF is a professional military magazine published quarterly by U.S. Africa Command to provide an international forum for African security professionals. ADF covers topics such as counter terrorism strategies, security and defense operations, transnational crime, and all other issues affecting peace, stability, and good governance on the African continent.\",\"sameAs\":[\"https:\\\/\\\/x.com\\\/ADFmagazine\"],\"url\":\"https:\\\/\\\/adf-magazine.com\\\/pt-pt\\\/author\\\/adf\\\/\"}]}<\/script>\n<!-- \/ Yoast SEO plugin. -->","yoast_head_json":{"title":"Terrorismo Mo\u00e7ambicano Tem Ecos do Boko Haram - Africa Defense Forum","robots":{"index":"index","follow":"follow","max-snippet":"max-snippet:-1","max-image-preview":"max-image-preview:large","max-video-preview":"max-video-preview:-1"},"canonical":"https:\/\/adf-magazine.com\/pt-pt\/2023\/07\/terrorismo-mocambicano-tem-ecos-do-boko-haram\/","og_locale":"pt_PT","og_type":"article","og_title":"Terrorismo Mo\u00e7ambicano Tem Ecos do Boko Haram - Africa Defense Forum","og_description":"EQUIPA DA ADF No norte da Nig\u00e9ria e no norte de Mo\u00e7ambique, dois grupos extremistas violentos est\u00e3o separados por milhares de quil\u00f3metros, mas ligados por certas caracter\u00edsticas. Ambos surgiram em regi\u00f5es onde a seguran\u00e7a do Estado era praticamente inexistente e onde as queixas locais contra o governo tinham aumentado. Ambas as insurg\u00eancias pregavam a rejei\u00e7\u00e3o","og_url":"https:\/\/adf-magazine.com\/pt-pt\/2023\/07\/terrorismo-mocambicano-tem-ecos-do-boko-haram\/","og_site_name":"Africa Defense Forum","article_publisher":"https:\/\/www.facebook.com\/ADFmagazine\/","article_published_time":"2023-07-25T17:36:38+00:00","article_modified_time":"2023-07-25T17:37:46+00:00","og_image":[{"width":1024,"height":683,"url":"https:\/\/adf-magazine.com\/wp-content\/uploads\/2023\/07\/GettyImages-1243857706.jpg","type":"image\/jpeg"}],"author":"ADF","twitter_card":"summary_large_image","twitter_creator":"@ADFmagazine","twitter_site":"@ADFmagazine","twitter_misc":{"Escrito por":"ADF","Tempo estimado de leitura":"4 minutos"},"schema":{"@context":"https:\/\/schema.org","@graph":[{"@type":"Article","@id":"https:\/\/adf-magazine.com\/pt-pt\/2023\/07\/terrorismo-mocambicano-tem-ecos-do-boko-haram\/#article","isPartOf":{"@id":"https:\/\/adf-magazine.com\/pt-pt\/2023\/07\/terrorismo-mocambicano-tem-ecos-do-boko-haram\/"},"author":{"name":"ADF","@id":"https:\/\/adf-magazine.com\/#\/schema\/person\/f266a6061389568b5a11465bb38bc025"},"headline":"Terrorismo Mo\u00e7ambicano Tem Ecos do Boko Haram","datePublished":"2023-07-25T17:36:38+00:00","dateModified":"2023-07-25T17:37:46+00:00","mainEntityOfPage":{"@id":"https:\/\/adf-magazine.com\/pt-pt\/2023\/07\/terrorismo-mocambicano-tem-ecos-do-boko-haram\/"},"wordCount":891,"commentCount":0,"image":{"@id":"https:\/\/adf-magazine.com\/pt-pt\/2023\/07\/terrorismo-mocambicano-tem-ecos-do-boko-haram\/#primaryimage"},"thumbnailUrl":"https:\/\/adf-magazine.com\/wp-content\/uploads\/2023\/07\/GettyImages-1243857706.jpg","keywords":["ASWJ","Boko Haram","Mo\u00e7ambique","Nigeria"],"articleSection":["Not\u00edcias diaries"],"inLanguage":"pt-PT","potentialAction":[{"@type":"CommentAction","name":"Comment","target":["https:\/\/adf-magazine.com\/pt-pt\/2023\/07\/terrorismo-mocambicano-tem-ecos-do-boko-haram\/#respond"]}]},{"@type":"WebPage","@id":"https:\/\/adf-magazine.com\/pt-pt\/2023\/07\/terrorismo-mocambicano-tem-ecos-do-boko-haram\/","url":"https:\/\/adf-magazine.com\/pt-pt\/2023\/07\/terrorismo-mocambicano-tem-ecos-do-boko-haram\/","name":"Terrorismo Mo\u00e7ambicano Tem Ecos do Boko Haram - Africa Defense Forum","isPartOf":{"@id":"https:\/\/adf-magazine.com\/#website"},"primaryImageOfPage":{"@id":"https:\/\/adf-magazine.com\/pt-pt\/2023\/07\/terrorismo-mocambicano-tem-ecos-do-boko-haram\/#primaryimage"},"image":{"@id":"https:\/\/adf-magazine.com\/pt-pt\/2023\/07\/terrorismo-mocambicano-tem-ecos-do-boko-haram\/#primaryimage"},"thumbnailUrl":"https:\/\/adf-magazine.com\/wp-content\/uploads\/2023\/07\/GettyImages-1243857706.jpg","datePublished":"2023-07-25T17:36:38+00:00","dateModified":"2023-07-25T17:37:46+00:00","author":{"@id":"https:\/\/adf-magazine.com\/#\/schema\/person\/f266a6061389568b5a11465bb38bc025"},"breadcrumb":{"@id":"https:\/\/adf-magazine.com\/pt-pt\/2023\/07\/terrorismo-mocambicano-tem-ecos-do-boko-haram\/#breadcrumb"},"inLanguage":"pt-PT","potentialAction":[{"@type":"ReadAction","target":["https:\/\/adf-magazine.com\/pt-pt\/2023\/07\/terrorismo-mocambicano-tem-ecos-do-boko-haram\/"]}]},{"@type":"ImageObject","inLanguage":"pt-PT","@id":"https:\/\/adf-magazine.com\/pt-pt\/2023\/07\/terrorismo-mocambicano-tem-ecos-do-boko-haram\/#primaryimage","url":"https:\/\/adf-magazine.com\/wp-content\/uploads\/2023\/07\/GettyImages-1243857706.jpg","contentUrl":"https:\/\/adf-magazine.com\/wp-content\/uploads\/2023\/07\/GettyImages-1243857706.jpg","width":1024,"height":683,"caption":"Pessoal de seguran\u00e7a ruand\u00eas vigia um projecto de g\u00e1s natural liquefeito amea\u00e7ado por terroristas em Cabo Delgado, Mo\u00e7ambique. AFP\/GETTY IMAGES"},{"@type":"BreadcrumbList","@id":"https:\/\/adf-magazine.com\/pt-pt\/2023\/07\/terrorismo-mocambicano-tem-ecos-do-boko-haram\/#breadcrumb","itemListElement":[{"@type":"ListItem","position":1,"name":"Home","item":"https:\/\/adf-magazine.com\/"},{"@type":"ListItem","position":2,"name":"Terrorismo Mo\u00e7ambicano Tem Ecos do Boko Haram"}]},{"@type":"WebSite","@id":"https:\/\/adf-magazine.com\/#website","url":"https:\/\/adf-magazine.com\/","name":"Africa Defense Forum","description":"Africa Defense Forum","potentialAction":[{"@type":"SearchAction","target":{"@type":"EntryPoint","urlTemplate":"https:\/\/adf-magazine.com\/?s={search_term_string}"},"query-input":{"@type":"PropertyValueSpecification","valueRequired":true,"valueName":"search_term_string"}}],"inLanguage":"pt-PT"},{"@type":"Person","@id":"https:\/\/adf-magazine.com\/#\/schema\/person\/f266a6061389568b5a11465bb38bc025","name":"ADF","image":{"@type":"ImageObject","inLanguage":"pt-PT","@id":"https:\/\/adf-magazine.com\/wp-content\/uploads\/2020\/05\/cropped-ADF_icon.jpg","url":"https:\/\/adf-magazine.com\/wp-content\/uploads\/2020\/05\/cropped-ADF_icon.jpg","contentUrl":"https:\/\/adf-magazine.com\/wp-content\/uploads\/2020\/05\/cropped-ADF_icon.jpg","caption":"ADF"},"description":"ADF is a professional military magazine published quarterly by U.S. Africa Command to provide an international forum for African security professionals. ADF covers topics such as counter terrorism strategies, security and defense operations, transnational crime, and all other issues affecting peace, stability, and good governance on the African continent.","sameAs":["https:\/\/x.com\/ADFmagazine"],"url":"https:\/\/adf-magazine.com\/pt-pt\/author\/adf\/"}]}},"_links":{"self":[{"href":"https:\/\/adf-magazine.com\/pt-pt\/wp-json\/wp\/v2\/posts\/108058","targetHints":{"allow":["GET"]}}],"collection":[{"href":"https:\/\/adf-magazine.com\/pt-pt\/wp-json\/wp\/v2\/posts"}],"about":[{"href":"https:\/\/adf-magazine.com\/pt-pt\/wp-json\/wp\/v2\/types\/post"}],"author":[{"embeddable":true,"href":"https:\/\/adf-magazine.com\/pt-pt\/wp-json\/wp\/v2\/users\/1"}],"replies":[{"embeddable":true,"href":"https:\/\/adf-magazine.com\/pt-pt\/wp-json\/wp\/v2\/comments?post=108058"}],"version-history":[{"count":0,"href":"https:\/\/adf-magazine.com\/pt-pt\/wp-json\/wp\/v2\/posts\/108058\/revisions"}],"wp:featuredmedia":[{"embeddable":true,"href":"https:\/\/adf-magazine.com\/pt-pt\/wp-json\/wp\/v2\/media\/108056"}],"wp:attachment":[{"href":"https:\/\/adf-magazine.com\/pt-pt\/wp-json\/wp\/v2\/media?parent=108058"}],"wp:term":[{"taxonomy":"category","embeddable":true,"href":"https:\/\/adf-magazine.com\/pt-pt\/wp-json\/wp\/v2\/categories?post=108058"},{"taxonomy":"post_tag","embeddable":true,"href":"https:\/\/adf-magazine.com\/pt-pt\/wp-json\/wp\/v2\/tags?post=108058"}],"curies":[{"name":"wp","href":"https:\/\/api.w.org\/{rel}","templated":true}]}}