{"id":107182,"date":"2023-07-11T21:45:30","date_gmt":"2023-07-12T01:45:30","guid":{"rendered":"https:\/\/adf-magazine.com\/?p=107182"},"modified":"2023-07-11T21:45:30","modified_gmt":"2023-07-12T01:45:30","slug":"com-aumento-da-violencia-no-sudao-peritos-apelam-a-ua-para-lancar-tropas-no-terreno","status":"publish","type":"post","link":"https:\/\/adf-magazine.com\/pt-pt\/2023\/07\/com-aumento-da-violencia-no-sudao-peritos-apelam-a-ua-para-lancar-tropas-no-terreno\/","title":{"rendered":"Com Aumento da Viol\u00eancia no Sud\u00e3o, Peritos Apelam \u00e0 UA para Lan\u00e7ar \u2018Tropas no Terreno\u2019"},"content":{"rendered":"<p>EQUIPA DA ADF<\/p>\n<p>A crescente viol\u00eancia entre os generais em guerra no Sud\u00e3o levou alguns especialistas a apelar \u00e0 interven\u00e7\u00e3o da Uni\u00e3o Africana (UA) atrav\u00e9s da sua For\u00e7a Africana em Estado de Alerta.<\/p>\n<p>\u201cTendo em conta a escalada de destrui\u00e7\u00e3o do conflito, \u00e9 urgente p\u00f4r termo \u00e0s hostilidades, estabelecer um corredor humanit\u00e1rio e proteger os civis e as infra-estruturas,\u201d escreveu recentemente o analista Maram Mahdi para o Instituto de Estudos de Seguran\u00e7a. \u201cPara se conseguir alguma coisa, essa abordagem tem de ser mais dura do que os esfor\u00e7os actuais.\u201d<\/p>\n<p>A For\u00e7a Africana em Estado de Alerta (FAA) conta com um total de 25.000 soldados contribu\u00eddos pelos membros da UA espalhados pelas cinco regi\u00f5es econ\u00f3micas do continente. Desde 2017, foram destacadas for\u00e7as regionais de reserva para v\u00e1rios pa\u00edses, mais recentemente para a Rep\u00fablica Democr\u00e1tica do Congo.<\/p>\n<p>As hostilidades eclodiram a 15 de Abril entre o General Abdel Fattah al-Burhan, chefe das For\u00e7as Armadas do Sud\u00e3o (SAF) e l\u00edder de facto do pa\u00eds, e o seu antigo adjunto e rival de longa data conhecido por Hemedti, l\u00edder da mil\u00edcia das For\u00e7as de Apoio R\u00e1pido (RSF).<\/p>\n<p>Os combates devastaram a capital, Cartum, e reacenderam a viol\u00eancia brutal na regi\u00e3o de Darfur, onde o antecessor das RSF, a mil\u00edcia Janjaweed, levou a cabo um ataque apoiado pelo governo contra a popula\u00e7\u00e3o n\u00e3o \u00e1rabe h\u00e1 20 anos.<\/p>\n<p>As partes beligerantes declararam e depois quebraram rapidamente numerosos cessar-fogos, incluindo um durante o Eid al-Adha no final de Junho.<\/p>\n<p>O Conselho de Paz e Seguran\u00e7a da UA (CPS) reuniu-se no dia seguinte ao in\u00edcio das hostilidades e emitiu uma declara\u00e7\u00e3o condenando os combates e exigindo que ambas as partes resolvessem os seus problemas pacificamente. Desde ent\u00e3o, a UA tem-se mantido \u00e0 margem, enquanto outras partes tentam levar os beligerantes a uma solu\u00e7\u00e3o negociada nas conversa\u00e7\u00f5es em Jeddah, na Ar\u00e1bia Saudita.<\/p>\n<p>O conflito no Sud\u00e3o \u00e9 exactamente o tipo de situa\u00e7\u00e3o que levou a UA a criar a sua doutrina de n\u00e3o indiferen\u00e7a e a criar a for\u00e7a de em estado de alerta, segundo Mahdi.<\/p>\n<p>\u201cUma for\u00e7a com uma capacidade de reac\u00e7\u00e3o r\u00e1pida permitiria \u00e0 UA responder rapidamente \u00e0 actual crise do Sud\u00e3o, que at\u00e9 agora tem sido dif\u00edcil de conter,\u201d escreveu Mahdi para o ISS.<\/p>\n<p>Pouco depois do in\u00edcio dos combates, o Presidente das Comores e actual Presidente da UA, Azali Assoumani, comunicou ter falado por telefone com al-Burhan e Hemedti nos dias 23 e 25 de Abril, respectivamente. Alguns dias mais tarde, um comunicado da UA descreveu as conversa\u00e7\u00f5es como \u201cconstrutivas e promissoras.\u201d<\/p>\n<p>\u201cNo entanto, parece que essas conversas \u2018promissoras\u2019 n\u00e3o produziram resultados significativos,\u201d escreveu recentemente o analista Taki Mhaka para a Al-Jazeera.<\/p>\n<p>Em Maio, o CPS adoptou o seu roteiro para p\u00f4r termo \u00e0s hostilidades, colocando o Sud\u00e3o de novo na rota de um governo civil.<\/p>\n<p>Por essa raz\u00e3o, parece ser o momento ideal para uma interven\u00e7\u00e3o mais forte, segundo Mahdi.<\/p>\n<p>A UA n\u00e3o precisa de impor um plano ao Sud\u00e3o; precisa simplesmente de p\u00f4r em pr\u00e1tica o plano que os sudaneses negociaram entre si, acrescentou Mahdi. O \u00faltimo desses planos, elaborado em Dezembro de 2022, foi posto de lado com o in\u00edcio dos combates.<\/p>\n<p>Embora o roteiro da UA exija que os vizinhos do Sud\u00e3o se envolvam no restabelecimento da paz, Mahdi recomenda que se lance uma rede alargada de for\u00e7as de manuten\u00e7\u00e3o da paz.<\/p>\n<p>\u201cOs interesses regionais concorrentes e o desalinhamento dos actores externos podem facilmente comprometer os esfor\u00e7os de interven\u00e7\u00e3o,\u201d escreveu Mahdi. \u201cAssim, atrair tropas de fora dos pa\u00edses vizinhos imediatos do Sud\u00e3o, como o Qu\u00e9nia e o Burundi, seria uma vantagem adicional.\u201d<\/p>\n","protected":false},"excerpt":{"rendered":"<p>EQUIPA DA ADF A crescente viol\u00eancia entre os generais em guerra no Sud\u00e3o levou alguns especialistas a apelar \u00e0 interven\u00e7\u00e3o da Uni\u00e3o Africana (UA) atrav\u00e9s da sua For\u00e7a Africana em Estado de Alerta. \u201cTendo em conta a escalada de destrui\u00e7\u00e3o do conflito, \u00e9 urgente p\u00f4r termo \u00e0s hostilidades, estabelecer um corredor humanit\u00e1rio e proteger os<\/p>\n","protected":false},"author":1,"featured_media":107176,"comment_status":"open","ping_status":"closed","sticky":false,"template":"","format":"standard","meta":{"_acf_changed":false,"_monsterinsights_skip_tracking":false,"_monsterinsights_sitenote_active":false,"_monsterinsights_sitenote_note":"","_monsterinsights_sitenote_category":0,"_uf_show_specific_survey":0,"_uf_disable_surveys":false,"footnotes":""},"categories":[363],"tags":[745,637,508],"class_list":{"0":"post-107182","1":"post","2":"type-post","3":"status-publish","4":"format-standard","5":"has-post-thumbnail","7":"category-melhores-historias","8":"tag-manutencao-de-paz","9":"tag-sudao","10":"tag-uniao-africana"},"acf":[],"yoast_head":"<!-- This site is optimized with the Yoast SEO plugin v27.4 - https:\/\/yoast.com\/product\/yoast-seo-wordpress\/ -->\n<title>Com Aumento da Viol\u00eancia no Sud\u00e3o, Peritos Apelam \u00e0 UA para Lan\u00e7ar \u2018Tropas no Terreno\u2019 - Africa Defense Forum<\/title>\n<meta name=\"robots\" content=\"index, follow, max-snippet:-1, max-image-preview:large, max-video-preview:-1\" \/>\n<link rel=\"canonical\" href=\"https:\/\/adf-magazine.com\/pt-pt\/2023\/07\/com-aumento-da-violencia-no-sudao-peritos-apelam-a-ua-para-lancar-tropas-no-terreno\/\" \/>\n<meta property=\"og:locale\" content=\"pt_PT\" \/>\n<meta property=\"og:type\" content=\"article\" \/>\n<meta property=\"og:title\" content=\"Com Aumento da Viol\u00eancia no Sud\u00e3o, Peritos Apelam \u00e0 UA para Lan\u00e7ar \u2018Tropas no Terreno\u2019 - Africa Defense Forum\" \/>\n<meta property=\"og:description\" content=\"EQUIPA DA ADF A crescente viol\u00eancia entre os generais em guerra no Sud\u00e3o levou alguns especialistas a apelar \u00e0 interven\u00e7\u00e3o da Uni\u00e3o Africana (UA) atrav\u00e9s da sua For\u00e7a Africana em Estado de Alerta. \u201cTendo em conta a escalada de destrui\u00e7\u00e3o do conflito, \u00e9 urgente p\u00f4r termo \u00e0s hostilidades, estabelecer um corredor humanit\u00e1rio e proteger os\" \/>\n<meta property=\"og:url\" content=\"https:\/\/adf-magazine.com\/pt-pt\/2023\/07\/com-aumento-da-violencia-no-sudao-peritos-apelam-a-ua-para-lancar-tropas-no-terreno\/\" \/>\n<meta property=\"og:site_name\" content=\"Africa Defense Forum\" \/>\n<meta property=\"article:publisher\" content=\"https:\/\/www.facebook.com\/ADFmagazine\/\" \/>\n<meta property=\"article:published_time\" content=\"2023-07-12T01:45:30+00:00\" \/>\n<meta property=\"og:image\" content=\"https:\/\/adf-magazine.com\/wp-content\/uploads\/2023\/07\/GettyImages-1258630404.jpg\" \/>\n\t<meta property=\"og:image:width\" content=\"1024\" \/>\n\t<meta property=\"og:image:height\" content=\"682\" \/>\n\t<meta property=\"og:image:type\" content=\"image\/jpeg\" \/>\n<meta name=\"author\" content=\"ADF\" \/>\n<meta name=\"twitter:card\" content=\"summary_large_image\" \/>\n<meta name=\"twitter:creator\" content=\"@ADFmagazine\" \/>\n<meta name=\"twitter:site\" content=\"@ADFmagazine\" \/>\n<meta name=\"twitter:label1\" content=\"Escrito por\" \/>\n\t<meta name=\"twitter:data1\" content=\"ADF\" \/>\n\t<meta name=\"twitter:label2\" content=\"Tempo estimado de leitura\" \/>\n\t<meta name=\"twitter:data2\" content=\"3 minutos\" \/>\n<script type=\"application\/ld+json\" class=\"yoast-schema-graph\">{\"@context\":\"https:\\\/\\\/schema.org\",\"@graph\":[{\"@type\":\"Article\",\"@id\":\"https:\\\/\\\/adf-magazine.com\\\/pt-pt\\\/2023\\\/07\\\/com-aumento-da-violencia-no-sudao-peritos-apelam-a-ua-para-lancar-tropas-no-terreno\\\/#article\",\"isPartOf\":{\"@id\":\"https:\\\/\\\/adf-magazine.com\\\/pt-pt\\\/2023\\\/07\\\/com-aumento-da-violencia-no-sudao-peritos-apelam-a-ua-para-lancar-tropas-no-terreno\\\/\"},\"author\":{\"name\":\"ADF\",\"@id\":\"https:\\\/\\\/adf-magazine.com\\\/#\\\/schema\\\/person\\\/f266a6061389568b5a11465bb38bc025\"},\"headline\":\"Com Aumento da Viol\u00eancia no Sud\u00e3o, Peritos Apelam \u00e0 UA para Lan\u00e7ar \u2018Tropas no Terreno\u2019\",\"datePublished\":\"2023-07-12T01:45:30+00:00\",\"mainEntityOfPage\":{\"@id\":\"https:\\\/\\\/adf-magazine.com\\\/pt-pt\\\/2023\\\/07\\\/com-aumento-da-violencia-no-sudao-peritos-apelam-a-ua-para-lancar-tropas-no-terreno\\\/\"},\"wordCount\":665,\"commentCount\":0,\"image\":{\"@id\":\"https:\\\/\\\/adf-magazine.com\\\/pt-pt\\\/2023\\\/07\\\/com-aumento-da-violencia-no-sudao-peritos-apelam-a-ua-para-lancar-tropas-no-terreno\\\/#primaryimage\"},\"thumbnailUrl\":\"https:\\\/\\\/adf-magazine.com\\\/wp-content\\\/uploads\\\/2023\\\/07\\\/GettyImages-1258630404.jpg\",\"keywords\":[\"Manuten\u00e7\u00e3o de Paz\",\"Sud\u00e3o\",\"Uni\u00e3o Africana\"],\"articleSection\":[\"Not\u00edcias diaries\"],\"inLanguage\":\"pt-PT\",\"potentialAction\":[{\"@type\":\"CommentAction\",\"name\":\"Comment\",\"target\":[\"https:\\\/\\\/adf-magazine.com\\\/pt-pt\\\/2023\\\/07\\\/com-aumento-da-violencia-no-sudao-peritos-apelam-a-ua-para-lancar-tropas-no-terreno\\\/#respond\"]}]},{\"@type\":\"WebPage\",\"@id\":\"https:\\\/\\\/adf-magazine.com\\\/pt-pt\\\/2023\\\/07\\\/com-aumento-da-violencia-no-sudao-peritos-apelam-a-ua-para-lancar-tropas-no-terreno\\\/\",\"url\":\"https:\\\/\\\/adf-magazine.com\\\/pt-pt\\\/2023\\\/07\\\/com-aumento-da-violencia-no-sudao-peritos-apelam-a-ua-para-lancar-tropas-no-terreno\\\/\",\"name\":\"Com Aumento da Viol\u00eancia no Sud\u00e3o, Peritos Apelam \u00e0 UA para Lan\u00e7ar \u2018Tropas no Terreno\u2019 - Africa Defense Forum\",\"isPartOf\":{\"@id\":\"https:\\\/\\\/adf-magazine.com\\\/#website\"},\"primaryImageOfPage\":{\"@id\":\"https:\\\/\\\/adf-magazine.com\\\/pt-pt\\\/2023\\\/07\\\/com-aumento-da-violencia-no-sudao-peritos-apelam-a-ua-para-lancar-tropas-no-terreno\\\/#primaryimage\"},\"image\":{\"@id\":\"https:\\\/\\\/adf-magazine.com\\\/pt-pt\\\/2023\\\/07\\\/com-aumento-da-violencia-no-sudao-peritos-apelam-a-ua-para-lancar-tropas-no-terreno\\\/#primaryimage\"},\"thumbnailUrl\":\"https:\\\/\\\/adf-magazine.com\\\/wp-content\\\/uploads\\\/2023\\\/07\\\/GettyImages-1258630404.jpg\",\"datePublished\":\"2023-07-12T01:45:30+00:00\",\"author\":{\"@id\":\"https:\\\/\\\/adf-magazine.com\\\/#\\\/schema\\\/person\\\/f266a6061389568b5a11465bb38bc025\"},\"breadcrumb\":{\"@id\":\"https:\\\/\\\/adf-magazine.com\\\/pt-pt\\\/2023\\\/07\\\/com-aumento-da-violencia-no-sudao-peritos-apelam-a-ua-para-lancar-tropas-no-terreno\\\/#breadcrumb\"},\"inLanguage\":\"pt-PT\",\"potentialAction\":[{\"@type\":\"ReadAction\",\"target\":[\"https:\\\/\\\/adf-magazine.com\\\/pt-pt\\\/2023\\\/07\\\/com-aumento-da-violencia-no-sudao-peritos-apelam-a-ua-para-lancar-tropas-no-terreno\\\/\"]}]},{\"@type\":\"ImageObject\",\"inLanguage\":\"pt-PT\",\"@id\":\"https:\\\/\\\/adf-magazine.com\\\/pt-pt\\\/2023\\\/07\\\/com-aumento-da-violencia-no-sudao-peritos-apelam-a-ua-para-lancar-tropas-no-terreno\\\/#primaryimage\",\"url\":\"https:\\\/\\\/adf-magazine.com\\\/wp-content\\\/uploads\\\/2023\\\/07\\\/GettyImages-1258630404.jpg\",\"contentUrl\":\"https:\\\/\\\/adf-magazine.com\\\/wp-content\\\/uploads\\\/2023\\\/07\\\/GettyImages-1258630404.jpg\",\"width\":1024,\"height\":682,\"caption\":\"A escalada do conflito entre os generais em guerra no Sud\u00e3o leva alguns especialistas a apelarem \u00e0 Uni\u00e3o Africana para lan\u00e7ar \u201ctropas no terreno\u201d para restabelecer a transi\u00e7\u00e3o para o regime civil. AFP\\\/GETTY IMAGES\"},{\"@type\":\"BreadcrumbList\",\"@id\":\"https:\\\/\\\/adf-magazine.com\\\/pt-pt\\\/2023\\\/07\\\/com-aumento-da-violencia-no-sudao-peritos-apelam-a-ua-para-lancar-tropas-no-terreno\\\/#breadcrumb\",\"itemListElement\":[{\"@type\":\"ListItem\",\"position\":1,\"name\":\"Home\",\"item\":\"https:\\\/\\\/adf-magazine.com\\\/\"},{\"@type\":\"ListItem\",\"position\":2,\"name\":\"Com Aumento da Viol\u00eancia no Sud\u00e3o, Peritos Apelam \u00e0 UA para Lan\u00e7ar \u2018Tropas no Terreno\u2019\"}]},{\"@type\":\"WebSite\",\"@id\":\"https:\\\/\\\/adf-magazine.com\\\/#website\",\"url\":\"https:\\\/\\\/adf-magazine.com\\\/\",\"name\":\"Africa Defense Forum\",\"description\":\"Africa Defense Forum\",\"potentialAction\":[{\"@type\":\"SearchAction\",\"target\":{\"@type\":\"EntryPoint\",\"urlTemplate\":\"https:\\\/\\\/adf-magazine.com\\\/?s={search_term_string}\"},\"query-input\":{\"@type\":\"PropertyValueSpecification\",\"valueRequired\":true,\"valueName\":\"search_term_string\"}}],\"inLanguage\":\"pt-PT\"},{\"@type\":\"Person\",\"@id\":\"https:\\\/\\\/adf-magazine.com\\\/#\\\/schema\\\/person\\\/f266a6061389568b5a11465bb38bc025\",\"name\":\"ADF\",\"image\":{\"@type\":\"ImageObject\",\"inLanguage\":\"pt-PT\",\"@id\":\"https:\\\/\\\/adf-magazine.com\\\/wp-content\\\/uploads\\\/2020\\\/05\\\/cropped-ADF_icon.jpg\",\"url\":\"https:\\\/\\\/adf-magazine.com\\\/wp-content\\\/uploads\\\/2020\\\/05\\\/cropped-ADF_icon.jpg\",\"contentUrl\":\"https:\\\/\\\/adf-magazine.com\\\/wp-content\\\/uploads\\\/2020\\\/05\\\/cropped-ADF_icon.jpg\",\"caption\":\"ADF\"},\"description\":\"ADF is a professional military magazine published quarterly by U.S. Africa Command to provide an international forum for African security professionals. ADF covers topics such as counter terrorism strategies, security and defense operations, transnational crime, and all other issues affecting peace, stability, and good governance on the African continent.\",\"sameAs\":[\"https:\\\/\\\/x.com\\\/ADFmagazine\"],\"url\":\"https:\\\/\\\/adf-magazine.com\\\/pt-pt\\\/author\\\/adf\\\/\"}]}<\/script>\n<!-- \/ Yoast SEO plugin. -->","yoast_head_json":{"title":"Com Aumento da Viol\u00eancia no Sud\u00e3o, Peritos Apelam \u00e0 UA para Lan\u00e7ar \u2018Tropas no Terreno\u2019 - Africa Defense Forum","robots":{"index":"index","follow":"follow","max-snippet":"max-snippet:-1","max-image-preview":"max-image-preview:large","max-video-preview":"max-video-preview:-1"},"canonical":"https:\/\/adf-magazine.com\/pt-pt\/2023\/07\/com-aumento-da-violencia-no-sudao-peritos-apelam-a-ua-para-lancar-tropas-no-terreno\/","og_locale":"pt_PT","og_type":"article","og_title":"Com Aumento da Viol\u00eancia no Sud\u00e3o, Peritos Apelam \u00e0 UA para Lan\u00e7ar \u2018Tropas no Terreno\u2019 - Africa Defense Forum","og_description":"EQUIPA DA ADF A crescente viol\u00eancia entre os generais em guerra no Sud\u00e3o levou alguns especialistas a apelar \u00e0 interven\u00e7\u00e3o da Uni\u00e3o Africana (UA) atrav\u00e9s da sua For\u00e7a Africana em Estado de Alerta. \u201cTendo em conta a escalada de destrui\u00e7\u00e3o do conflito, \u00e9 urgente p\u00f4r termo \u00e0s hostilidades, estabelecer um corredor humanit\u00e1rio e proteger os","og_url":"https:\/\/adf-magazine.com\/pt-pt\/2023\/07\/com-aumento-da-violencia-no-sudao-peritos-apelam-a-ua-para-lancar-tropas-no-terreno\/","og_site_name":"Africa Defense Forum","article_publisher":"https:\/\/www.facebook.com\/ADFmagazine\/","article_published_time":"2023-07-12T01:45:30+00:00","og_image":[{"width":1024,"height":682,"url":"https:\/\/adf-magazine.com\/wp-content\/uploads\/2023\/07\/GettyImages-1258630404.jpg","type":"image\/jpeg"}],"author":"ADF","twitter_card":"summary_large_image","twitter_creator":"@ADFmagazine","twitter_site":"@ADFmagazine","twitter_misc":{"Escrito por":"ADF","Tempo estimado de leitura":"3 minutos"},"schema":{"@context":"https:\/\/schema.org","@graph":[{"@type":"Article","@id":"https:\/\/adf-magazine.com\/pt-pt\/2023\/07\/com-aumento-da-violencia-no-sudao-peritos-apelam-a-ua-para-lancar-tropas-no-terreno\/#article","isPartOf":{"@id":"https:\/\/adf-magazine.com\/pt-pt\/2023\/07\/com-aumento-da-violencia-no-sudao-peritos-apelam-a-ua-para-lancar-tropas-no-terreno\/"},"author":{"name":"ADF","@id":"https:\/\/adf-magazine.com\/#\/schema\/person\/f266a6061389568b5a11465bb38bc025"},"headline":"Com Aumento da Viol\u00eancia no Sud\u00e3o, Peritos Apelam \u00e0 UA para Lan\u00e7ar \u2018Tropas no Terreno\u2019","datePublished":"2023-07-12T01:45:30+00:00","mainEntityOfPage":{"@id":"https:\/\/adf-magazine.com\/pt-pt\/2023\/07\/com-aumento-da-violencia-no-sudao-peritos-apelam-a-ua-para-lancar-tropas-no-terreno\/"},"wordCount":665,"commentCount":0,"image":{"@id":"https:\/\/adf-magazine.com\/pt-pt\/2023\/07\/com-aumento-da-violencia-no-sudao-peritos-apelam-a-ua-para-lancar-tropas-no-terreno\/#primaryimage"},"thumbnailUrl":"https:\/\/adf-magazine.com\/wp-content\/uploads\/2023\/07\/GettyImages-1258630404.jpg","keywords":["Manuten\u00e7\u00e3o de Paz","Sud\u00e3o","Uni\u00e3o Africana"],"articleSection":["Not\u00edcias diaries"],"inLanguage":"pt-PT","potentialAction":[{"@type":"CommentAction","name":"Comment","target":["https:\/\/adf-magazine.com\/pt-pt\/2023\/07\/com-aumento-da-violencia-no-sudao-peritos-apelam-a-ua-para-lancar-tropas-no-terreno\/#respond"]}]},{"@type":"WebPage","@id":"https:\/\/adf-magazine.com\/pt-pt\/2023\/07\/com-aumento-da-violencia-no-sudao-peritos-apelam-a-ua-para-lancar-tropas-no-terreno\/","url":"https:\/\/adf-magazine.com\/pt-pt\/2023\/07\/com-aumento-da-violencia-no-sudao-peritos-apelam-a-ua-para-lancar-tropas-no-terreno\/","name":"Com Aumento da Viol\u00eancia no Sud\u00e3o, Peritos Apelam \u00e0 UA para Lan\u00e7ar \u2018Tropas no Terreno\u2019 - Africa Defense Forum","isPartOf":{"@id":"https:\/\/adf-magazine.com\/#website"},"primaryImageOfPage":{"@id":"https:\/\/adf-magazine.com\/pt-pt\/2023\/07\/com-aumento-da-violencia-no-sudao-peritos-apelam-a-ua-para-lancar-tropas-no-terreno\/#primaryimage"},"image":{"@id":"https:\/\/adf-magazine.com\/pt-pt\/2023\/07\/com-aumento-da-violencia-no-sudao-peritos-apelam-a-ua-para-lancar-tropas-no-terreno\/#primaryimage"},"thumbnailUrl":"https:\/\/adf-magazine.com\/wp-content\/uploads\/2023\/07\/GettyImages-1258630404.jpg","datePublished":"2023-07-12T01:45:30+00:00","author":{"@id":"https:\/\/adf-magazine.com\/#\/schema\/person\/f266a6061389568b5a11465bb38bc025"},"breadcrumb":{"@id":"https:\/\/adf-magazine.com\/pt-pt\/2023\/07\/com-aumento-da-violencia-no-sudao-peritos-apelam-a-ua-para-lancar-tropas-no-terreno\/#breadcrumb"},"inLanguage":"pt-PT","potentialAction":[{"@type":"ReadAction","target":["https:\/\/adf-magazine.com\/pt-pt\/2023\/07\/com-aumento-da-violencia-no-sudao-peritos-apelam-a-ua-para-lancar-tropas-no-terreno\/"]}]},{"@type":"ImageObject","inLanguage":"pt-PT","@id":"https:\/\/adf-magazine.com\/pt-pt\/2023\/07\/com-aumento-da-violencia-no-sudao-peritos-apelam-a-ua-para-lancar-tropas-no-terreno\/#primaryimage","url":"https:\/\/adf-magazine.com\/wp-content\/uploads\/2023\/07\/GettyImages-1258630404.jpg","contentUrl":"https:\/\/adf-magazine.com\/wp-content\/uploads\/2023\/07\/GettyImages-1258630404.jpg","width":1024,"height":682,"caption":"A escalada do conflito entre os generais em guerra no Sud\u00e3o leva alguns especialistas a apelarem \u00e0 Uni\u00e3o Africana para lan\u00e7ar \u201ctropas no terreno\u201d para restabelecer a transi\u00e7\u00e3o para o regime civil. AFP\/GETTY IMAGES"},{"@type":"BreadcrumbList","@id":"https:\/\/adf-magazine.com\/pt-pt\/2023\/07\/com-aumento-da-violencia-no-sudao-peritos-apelam-a-ua-para-lancar-tropas-no-terreno\/#breadcrumb","itemListElement":[{"@type":"ListItem","position":1,"name":"Home","item":"https:\/\/adf-magazine.com\/"},{"@type":"ListItem","position":2,"name":"Com Aumento da Viol\u00eancia no Sud\u00e3o, Peritos Apelam \u00e0 UA para Lan\u00e7ar \u2018Tropas no Terreno\u2019"}]},{"@type":"WebSite","@id":"https:\/\/adf-magazine.com\/#website","url":"https:\/\/adf-magazine.com\/","name":"Africa Defense Forum","description":"Africa Defense Forum","potentialAction":[{"@type":"SearchAction","target":{"@type":"EntryPoint","urlTemplate":"https:\/\/adf-magazine.com\/?s={search_term_string}"},"query-input":{"@type":"PropertyValueSpecification","valueRequired":true,"valueName":"search_term_string"}}],"inLanguage":"pt-PT"},{"@type":"Person","@id":"https:\/\/adf-magazine.com\/#\/schema\/person\/f266a6061389568b5a11465bb38bc025","name":"ADF","image":{"@type":"ImageObject","inLanguage":"pt-PT","@id":"https:\/\/adf-magazine.com\/wp-content\/uploads\/2020\/05\/cropped-ADF_icon.jpg","url":"https:\/\/adf-magazine.com\/wp-content\/uploads\/2020\/05\/cropped-ADF_icon.jpg","contentUrl":"https:\/\/adf-magazine.com\/wp-content\/uploads\/2020\/05\/cropped-ADF_icon.jpg","caption":"ADF"},"description":"ADF is a professional military magazine published quarterly by U.S. Africa Command to provide an international forum for African security professionals. ADF covers topics such as counter terrorism strategies, security and defense operations, transnational crime, and all other issues affecting peace, stability, and good governance on the African continent.","sameAs":["https:\/\/x.com\/ADFmagazine"],"url":"https:\/\/adf-magazine.com\/pt-pt\/author\/adf\/"}]}},"_links":{"self":[{"href":"https:\/\/adf-magazine.com\/pt-pt\/wp-json\/wp\/v2\/posts\/107182","targetHints":{"allow":["GET"]}}],"collection":[{"href":"https:\/\/adf-magazine.com\/pt-pt\/wp-json\/wp\/v2\/posts"}],"about":[{"href":"https:\/\/adf-magazine.com\/pt-pt\/wp-json\/wp\/v2\/types\/post"}],"author":[{"embeddable":true,"href":"https:\/\/adf-magazine.com\/pt-pt\/wp-json\/wp\/v2\/users\/1"}],"replies":[{"embeddable":true,"href":"https:\/\/adf-magazine.com\/pt-pt\/wp-json\/wp\/v2\/comments?post=107182"}],"version-history":[{"count":0,"href":"https:\/\/adf-magazine.com\/pt-pt\/wp-json\/wp\/v2\/posts\/107182\/revisions"}],"wp:featuredmedia":[{"embeddable":true,"href":"https:\/\/adf-magazine.com\/pt-pt\/wp-json\/wp\/v2\/media\/107176"}],"wp:attachment":[{"href":"https:\/\/adf-magazine.com\/pt-pt\/wp-json\/wp\/v2\/media?parent=107182"}],"wp:term":[{"taxonomy":"category","embeddable":true,"href":"https:\/\/adf-magazine.com\/pt-pt\/wp-json\/wp\/v2\/categories?post=107182"},{"taxonomy":"post_tag","embeddable":true,"href":"https:\/\/adf-magazine.com\/pt-pt\/wp-json\/wp\/v2\/tags?post=107182"}],"curies":[{"name":"wp","href":"https:\/\/api.w.org\/{rel}","templated":true}]}}