{"id":107158,"date":"2023-07-11T19:54:28","date_gmt":"2023-07-11T23:54:28","guid":{"rendered":"https:\/\/adf-magazine.com\/?p=107158"},"modified":"2023-07-11T19:54:28","modified_gmt":"2023-07-11T23:54:28","slug":"onu-necessaria-cooperacao-e-abordagem-das-causas-fundamentais-na-luta-contra-a-pirataria","status":"publish","type":"post","link":"https:\/\/adf-magazine.com\/pt-pt\/2023\/07\/onu-necessaria-cooperacao-e-abordagem-das-causas-fundamentais-na-luta-contra-a-pirataria\/","title":{"rendered":"ONU: Necess\u00e1ria Coopera\u00e7\u00e3o e Abordagem das Causas Fundamentais na Luta Contra a Pirataria"},"content":{"rendered":"<p>EQUIPA DA ADF<\/p>\n<p>A pirataria est\u00e1 a diminuir drasticamente no Golfo da Guin\u00e9, mas os especialistas dizem que \u00e9 poss\u00edvel fazer mais para eliminar a amea\u00e7a.<\/p>\n<p>O n\u00famero de incidentes de pirataria na regi\u00e3o diminuiu de 81 em 2020 para 34 em 2021, altura em que o Golfo da Guin\u00e9 tamb\u00e9m foi respons\u00e1vel por todos os raptos no mar a n\u00edvel mundial. Em 2022, foram registados apenas tr\u00eas ataques no Golfo.<\/p>\n<p>Registaram-se cinco incidentes de pirataria e ataques armados registados na regi\u00e3o no primeiro trimestre de 2023, de acordo com o Conselho de Seguran\u00e7a das Na\u00e7\u00f5es Unidas.<\/p>\n<p>Apesar do decl\u00ednio da amea\u00e7a, \u201cos incidentes de pirataria continuaram a amea\u00e7ar a seguran\u00e7a do tr\u00e1fego mar\u00edtimo na regi\u00e3o\u201d este ano, Martha Pobee, secret\u00e1ria-geral adjunta da ONU para \u00c1frica, disse ao Conselho de Seguran\u00e7a no final de Junho.<\/p>\n<p>Este facto foi sublinhado em Mar\u00e7o, quando piratas atacaram um navio petroleiro e qu\u00edmico de propriedade dinamarquesa, conhecido como Monjasa Reformer, a cerca de 140 milhas n\u00e1uticas da costa da Rep\u00fablica Democr\u00e1tica do Congo. Mais tarde, as autoridades encontraram o navio ao largo da costa de S\u00e3o Tom\u00e9 e Pr\u00edncipe, mas seis dos seus 16 tripulantes tinham sido raptados.<\/p>\n<p>Pobee afirmou que o decl\u00ednio dos incidentes de pirataria e de assaltos \u00e0 m\u00e3o armada no mar pode ser atribu\u00eddo ao facto de as redes criminosas estarem a mudar para outras formas de criminalidade mar\u00edtima, como o abastecimento de petr\u00f3leo e o roubo.<\/p>\n<p>Para eliminar a pirataria, as autoridades devem abordar as suas causas profundas, fornecer melhor equipamento \u00e0s for\u00e7as policiais mar\u00edtimas e assegurar um financiamento sustent\u00e1vel para aplicar adequadamente o C\u00f3digo de Conduta de Yaound\u00e9, disse Pobee ao Conselho de Seguran\u00e7a. O objectivo do C\u00f3digo de Yaound\u00e9 \u00e9 levar os pa\u00edses-membros a cooperar na luta contra todas as formas de crime mar\u00edtimo.<\/p>\n<p>Os m\u00e9ritos de afitar dinheiro para combater a pirataria foram vistos na Nig\u00e9ria, onde os ataques ca\u00edram de 48 em 2018 para seis em 2021, quando o Presidente Muhammadu Buhari \u00a0revelou 195 milh\u00f5es de d\u00f3lares em barcos, ve\u00edculos e aeronaves para fazer face \u00e0 amea\u00e7a. A Nig\u00e9ria n\u00e3o registou incidentes de pirataria em 2022.<\/p>\n<p><strong>Causas Fundamentais<\/strong><\/p>\n<p>A pobreza generalizada, os servi\u00e7os p\u00fablicos deficientes e os efeitos da pesca ilegal, n\u00e3o declarada e n\u00e3o regulamentada (INN) alimentaram o aumento da pirataria na regi\u00e3o, informou Pobee no ano passado. A \u00c1frica Ocidental \u00e9 considerada o epicentro mundial da pesca INN.<\/p>\n<p>Segundo os peritos, as pessoas que recorrem \u00e0 pirataria s\u00e3o frequentemente pescadores artesanais cujos territ\u00f3rios foram invadidos h\u00e1 d\u00e9cadas por frotas estrangeiras que pescam frequentemente de forma ilegal. A China, que comanda a maior frota de pesca long\u00ednqua do mundo, \u00e9 de longe o pior actor da pesca INN na \u00c1frica Ocidental.<\/p>\n<p>Segundo Pobee, os grupos piratas atacam indiscriminadamente navios de todos os tipos, incluindo navios de pesca, e cometem cada vez mais crimes em mares mais distantes.<\/p>\n<p>O refor\u00e7o da coordena\u00e7\u00e3o entre o Centro de Coordena\u00e7\u00e3o Inter-regional, a Comiss\u00e3o do Golfo da Guin\u00e9, a Comunidade Econ\u00f3mica dos Estados da \u00c1frica Ocidental (CEDEAO) e a Comunidade Econ\u00f3mica dos Estados da \u00c1frica Central (CEEAC) continua a ser essencial, declarou Pobee. Dados recentes sugerem que os incidentes de pirataria est\u00e3o a deslocar-se constantemente das \u00e1guas da CEDEAO para as \u00e1guas da CEEAC.<\/p>\n<p>\u201cEstes esfor\u00e7os, incluindo a forma\u00e7\u00e3o de grupos de trabalho navais conjuntos, refor\u00e7aram a coopera\u00e7\u00e3o e a partilha de informa\u00e7\u00f5es, criando simultaneamente um processo centralizado de seguran\u00e7a mar\u00edtima que colmata as lacunas de capacidade nacionais e regionais,\u201d afirmou Pobee numa reportagem do jornal nigeriano Peoples Gazette.<\/p>\n<p><strong>Esfor\u00e7os Regionais<\/strong><\/p>\n<p>A cria\u00e7\u00e3o do Centro Regional de Monitoriza\u00e7\u00e3o, Controlo e Vigil\u00e2ncia (RMCSC) de Tema, Gana, em 2021, e a abertura do <strong>Centro Regional de Seguran\u00e7a Mar\u00edtima da \u00c1frica Ocidental (CRESMAO) em Abidjan, na <\/strong>Costa do Marfim<strong>, <\/strong>em 2022, ajudaram a reduzir drasticamente os incidentes de pirataria.<\/p>\n<p>O RMCSC est\u00e1 equipado com sistemas de localiza\u00e7\u00e3o de navios e pode recolher dados sobre os navios de pesca autorizados em toda a regi\u00e3o. O CRESMAO<strong> assegura a gest\u00e3o e a partilha de informa\u00e7\u00f5es, o acompanhamento operacional, a coordena\u00e7\u00e3o de crises, a forma\u00e7\u00e3o e o refor\u00e7o das capacidades.<\/strong><\/p>\n<p>Carolyn Abena Anima Oppong-Ntiri, representante permanente adjunta do Gana, no Conselho de Seguran\u00e7a, afirmou que uma abordagem de colabora\u00e7\u00e3o \u00e9 a \u00fanica forma de p\u00f4r termo \u00e0 pirataria.<\/p>\n<p>\u201c\u00c9 essencial dar prioridade \u00e0 aplica\u00e7\u00e3o dos instrumentos regionais destinados a combater a inseguran\u00e7a mar\u00edtima, combater as causas profundas da pirataria e dos assaltos \u00e0 m\u00e3o armada no mar e adoptar uma abordagem global que inclua o sector privado e as comunidades locais,\u201d declarou Oppong-Ntiri na reportagem do Peoples Gazette.<\/p>\n","protected":false},"excerpt":{"rendered":"<p>EQUIPA DA ADF A pirataria est\u00e1 a diminuir drasticamente no Golfo da Guin\u00e9, mas os especialistas dizem que \u00e9 poss\u00edvel fazer mais para eliminar a amea\u00e7a. O n\u00famero de incidentes de pirataria na regi\u00e3o diminuiu de 81 em 2020 para 34 em 2021, altura em que o Golfo da Guin\u00e9 tamb\u00e9m foi respons\u00e1vel por todos<\/p>\n","protected":false},"author":1,"featured_media":107152,"comment_status":"open","ping_status":"closed","sticky":false,"template":"","format":"standard","meta":{"_acf_changed":false,"_monsterinsights_skip_tracking":false,"_monsterinsights_sitenote_active":false,"_monsterinsights_sitenote_note":"","_monsterinsights_sitenote_category":0,"_uf_show_specific_survey":0,"_uf_disable_surveys":false,"footnotes":""},"categories":[363],"tags":[558,544,1030],"class_list":{"0":"post-107158","1":"post","2":"type-post","3":"status-publish","4":"format-standard","5":"has-post-thumbnail","7":"category-melhores-historias","8":"tag-africa-ocidental","9":"tag-golfo-da-guine","10":"tag-pirataria"},"acf":[],"yoast_head":"<!-- This site is optimized with the Yoast SEO plugin v27.4 - https:\/\/yoast.com\/product\/yoast-seo-wordpress\/ -->\n<title>ONU: Necess\u00e1ria Coopera\u00e7\u00e3o e Abordagem das Causas Fundamentais na Luta Contra a Pirataria - Africa Defense Forum<\/title>\n<meta name=\"robots\" content=\"index, follow, max-snippet:-1, max-image-preview:large, max-video-preview:-1\" \/>\n<link rel=\"canonical\" href=\"https:\/\/adf-magazine.com\/pt-pt\/2023\/07\/onu-necessaria-cooperacao-e-abordagem-das-causas-fundamentais-na-luta-contra-a-pirataria\/\" \/>\n<meta property=\"og:locale\" content=\"pt_PT\" \/>\n<meta property=\"og:type\" content=\"article\" \/>\n<meta property=\"og:title\" content=\"ONU: Necess\u00e1ria Coopera\u00e7\u00e3o e Abordagem das Causas Fundamentais na Luta Contra a Pirataria - Africa Defense Forum\" \/>\n<meta property=\"og:description\" content=\"EQUIPA DA ADF A pirataria est\u00e1 a diminuir drasticamente no Golfo da Guin\u00e9, mas os especialistas dizem que \u00e9 poss\u00edvel fazer mais para eliminar a amea\u00e7a. O n\u00famero de incidentes de pirataria na regi\u00e3o diminuiu de 81 em 2020 para 34 em 2021, altura em que o Golfo da Guin\u00e9 tamb\u00e9m foi respons\u00e1vel por todos\" \/>\n<meta property=\"og:url\" content=\"https:\/\/adf-magazine.com\/pt-pt\/2023\/07\/onu-necessaria-cooperacao-e-abordagem-das-causas-fundamentais-na-luta-contra-a-pirataria\/\" \/>\n<meta property=\"og:site_name\" content=\"Africa Defense Forum\" \/>\n<meta property=\"article:publisher\" content=\"https:\/\/www.facebook.com\/ADFmagazine\/\" \/>\n<meta property=\"article:published_time\" content=\"2023-07-11T23:54:28+00:00\" \/>\n<meta property=\"og:image\" content=\"https:\/\/adf-magazine.com\/wp-content\/uploads\/2023\/07\/GettyImages-1179874692.jpg\" \/>\n\t<meta property=\"og:image:width\" content=\"1024\" \/>\n\t<meta property=\"og:image:height\" content=\"682\" \/>\n\t<meta property=\"og:image:type\" content=\"image\/jpeg\" \/>\n<meta name=\"author\" content=\"ADF\" \/>\n<meta name=\"twitter:card\" content=\"summary_large_image\" \/>\n<meta name=\"twitter:creator\" content=\"@ADFmagazine\" \/>\n<meta name=\"twitter:site\" content=\"@ADFmagazine\" \/>\n<meta name=\"twitter:label1\" content=\"Escrito por\" \/>\n\t<meta name=\"twitter:data1\" content=\"ADF\" \/>\n\t<meta name=\"twitter:label2\" content=\"Tempo estimado de leitura\" \/>\n\t<meta name=\"twitter:data2\" content=\"4 minutos\" \/>\n<script type=\"application\/ld+json\" class=\"yoast-schema-graph\">{\"@context\":\"https:\\\/\\\/schema.org\",\"@graph\":[{\"@type\":\"Article\",\"@id\":\"https:\\\/\\\/adf-magazine.com\\\/pt-pt\\\/2023\\\/07\\\/onu-necessaria-cooperacao-e-abordagem-das-causas-fundamentais-na-luta-contra-a-pirataria\\\/#article\",\"isPartOf\":{\"@id\":\"https:\\\/\\\/adf-magazine.com\\\/pt-pt\\\/2023\\\/07\\\/onu-necessaria-cooperacao-e-abordagem-das-causas-fundamentais-na-luta-contra-a-pirataria\\\/\"},\"author\":{\"name\":\"ADF\",\"@id\":\"https:\\\/\\\/adf-magazine.com\\\/#\\\/schema\\\/person\\\/f266a6061389568b5a11465bb38bc025\"},\"headline\":\"ONU: Necess\u00e1ria Coopera\u00e7\u00e3o e Abordagem das Causas Fundamentais na Luta Contra a Pirataria\",\"datePublished\":\"2023-07-11T23:54:28+00:00\",\"mainEntityOfPage\":{\"@id\":\"https:\\\/\\\/adf-magazine.com\\\/pt-pt\\\/2023\\\/07\\\/onu-necessaria-cooperacao-e-abordagem-das-causas-fundamentais-na-luta-contra-a-pirataria\\\/\"},\"wordCount\":833,\"commentCount\":0,\"image\":{\"@id\":\"https:\\\/\\\/adf-magazine.com\\\/pt-pt\\\/2023\\\/07\\\/onu-necessaria-cooperacao-e-abordagem-das-causas-fundamentais-na-luta-contra-a-pirataria\\\/#primaryimage\"},\"thumbnailUrl\":\"https:\\\/\\\/adf-magazine.com\\\/wp-content\\\/uploads\\\/2023\\\/07\\\/GettyImages-1179874692.jpg\",\"keywords\":[\"\u00c1frica Ocidental\",\"Golfo da Guin\u00e9\",\"pirataria\"],\"articleSection\":[\"Not\u00edcias diaries\"],\"inLanguage\":\"pt-PT\",\"potentialAction\":[{\"@type\":\"CommentAction\",\"name\":\"Comment\",\"target\":[\"https:\\\/\\\/adf-magazine.com\\\/pt-pt\\\/2023\\\/07\\\/onu-necessaria-cooperacao-e-abordagem-das-causas-fundamentais-na-luta-contra-a-pirataria\\\/#respond\"]}]},{\"@type\":\"WebPage\",\"@id\":\"https:\\\/\\\/adf-magazine.com\\\/pt-pt\\\/2023\\\/07\\\/onu-necessaria-cooperacao-e-abordagem-das-causas-fundamentais-na-luta-contra-a-pirataria\\\/\",\"url\":\"https:\\\/\\\/adf-magazine.com\\\/pt-pt\\\/2023\\\/07\\\/onu-necessaria-cooperacao-e-abordagem-das-causas-fundamentais-na-luta-contra-a-pirataria\\\/\",\"name\":\"ONU: Necess\u00e1ria Coopera\u00e7\u00e3o e Abordagem das Causas Fundamentais na Luta Contra a Pirataria - Africa Defense Forum\",\"isPartOf\":{\"@id\":\"https:\\\/\\\/adf-magazine.com\\\/#website\"},\"primaryImageOfPage\":{\"@id\":\"https:\\\/\\\/adf-magazine.com\\\/pt-pt\\\/2023\\\/07\\\/onu-necessaria-cooperacao-e-abordagem-das-causas-fundamentais-na-luta-contra-a-pirataria\\\/#primaryimage\"},\"image\":{\"@id\":\"https:\\\/\\\/adf-magazine.com\\\/pt-pt\\\/2023\\\/07\\\/onu-necessaria-cooperacao-e-abordagem-das-causas-fundamentais-na-luta-contra-a-pirataria\\\/#primaryimage\"},\"thumbnailUrl\":\"https:\\\/\\\/adf-magazine.com\\\/wp-content\\\/uploads\\\/2023\\\/07\\\/GettyImages-1179874692.jpg\",\"datePublished\":\"2023-07-11T23:54:28+00:00\",\"author\":{\"@id\":\"https:\\\/\\\/adf-magazine.com\\\/#\\\/schema\\\/person\\\/f266a6061389568b5a11465bb38bc025\"},\"breadcrumb\":{\"@id\":\"https:\\\/\\\/adf-magazine.com\\\/pt-pt\\\/2023\\\/07\\\/onu-necessaria-cooperacao-e-abordagem-das-causas-fundamentais-na-luta-contra-a-pirataria\\\/#breadcrumb\"},\"inLanguage\":\"pt-PT\",\"potentialAction\":[{\"@type\":\"ReadAction\",\"target\":[\"https:\\\/\\\/adf-magazine.com\\\/pt-pt\\\/2023\\\/07\\\/onu-necessaria-cooperacao-e-abordagem-das-causas-fundamentais-na-luta-contra-a-pirataria\\\/\"]}]},{\"@type\":\"ImageObject\",\"inLanguage\":\"pt-PT\",\"@id\":\"https:\\\/\\\/adf-magazine.com\\\/pt-pt\\\/2023\\\/07\\\/onu-necessaria-cooperacao-e-abordagem-das-causas-fundamentais-na-luta-contra-a-pirataria\\\/#primaryimage\",\"url\":\"https:\\\/\\\/adf-magazine.com\\\/wp-content\\\/uploads\\\/2023\\\/07\\\/GettyImages-1179874692.jpg\",\"contentUrl\":\"https:\\\/\\\/adf-magazine.com\\\/wp-content\\\/uploads\\\/2023\\\/07\\\/GettyImages-1179874692.jpg\",\"width\":1024,\"height\":682,\"caption\":\"For\u00e7as Especiais nigerianas participam num exerc\u00edcio de seguran\u00e7a mar\u00edtima. Os observadores consideram que, para acabar com a pirataria no Golfo da Guin\u00e9, \u00e9 necess\u00e1ria uma maior coopera\u00e7\u00e3o regional e o combate \u00e0s causas profundas. AFP\\\/GETTY IMAGES\"},{\"@type\":\"BreadcrumbList\",\"@id\":\"https:\\\/\\\/adf-magazine.com\\\/pt-pt\\\/2023\\\/07\\\/onu-necessaria-cooperacao-e-abordagem-das-causas-fundamentais-na-luta-contra-a-pirataria\\\/#breadcrumb\",\"itemListElement\":[{\"@type\":\"ListItem\",\"position\":1,\"name\":\"Home\",\"item\":\"https:\\\/\\\/adf-magazine.com\\\/\"},{\"@type\":\"ListItem\",\"position\":2,\"name\":\"ONU: Necess\u00e1ria Coopera\u00e7\u00e3o e Abordagem das Causas Fundamentais na Luta Contra a Pirataria\"}]},{\"@type\":\"WebSite\",\"@id\":\"https:\\\/\\\/adf-magazine.com\\\/#website\",\"url\":\"https:\\\/\\\/adf-magazine.com\\\/\",\"name\":\"Africa Defense Forum\",\"description\":\"Africa Defense Forum\",\"potentialAction\":[{\"@type\":\"SearchAction\",\"target\":{\"@type\":\"EntryPoint\",\"urlTemplate\":\"https:\\\/\\\/adf-magazine.com\\\/?s={search_term_string}\"},\"query-input\":{\"@type\":\"PropertyValueSpecification\",\"valueRequired\":true,\"valueName\":\"search_term_string\"}}],\"inLanguage\":\"pt-PT\"},{\"@type\":\"Person\",\"@id\":\"https:\\\/\\\/adf-magazine.com\\\/#\\\/schema\\\/person\\\/f266a6061389568b5a11465bb38bc025\",\"name\":\"ADF\",\"image\":{\"@type\":\"ImageObject\",\"inLanguage\":\"pt-PT\",\"@id\":\"https:\\\/\\\/adf-magazine.com\\\/wp-content\\\/uploads\\\/2020\\\/05\\\/cropped-ADF_icon.jpg\",\"url\":\"https:\\\/\\\/adf-magazine.com\\\/wp-content\\\/uploads\\\/2020\\\/05\\\/cropped-ADF_icon.jpg\",\"contentUrl\":\"https:\\\/\\\/adf-magazine.com\\\/wp-content\\\/uploads\\\/2020\\\/05\\\/cropped-ADF_icon.jpg\",\"caption\":\"ADF\"},\"description\":\"ADF is a professional military magazine published quarterly by U.S. Africa Command to provide an international forum for African security professionals. ADF covers topics such as counter terrorism strategies, security and defense operations, transnational crime, and all other issues affecting peace, stability, and good governance on the African continent.\",\"sameAs\":[\"https:\\\/\\\/x.com\\\/ADFmagazine\"],\"url\":\"https:\\\/\\\/adf-magazine.com\\\/pt-pt\\\/author\\\/adf\\\/\"}]}<\/script>\n<!-- \/ Yoast SEO plugin. -->","yoast_head_json":{"title":"ONU: Necess\u00e1ria Coopera\u00e7\u00e3o e Abordagem das Causas Fundamentais na Luta Contra a Pirataria - Africa Defense Forum","robots":{"index":"index","follow":"follow","max-snippet":"max-snippet:-1","max-image-preview":"max-image-preview:large","max-video-preview":"max-video-preview:-1"},"canonical":"https:\/\/adf-magazine.com\/pt-pt\/2023\/07\/onu-necessaria-cooperacao-e-abordagem-das-causas-fundamentais-na-luta-contra-a-pirataria\/","og_locale":"pt_PT","og_type":"article","og_title":"ONU: Necess\u00e1ria Coopera\u00e7\u00e3o e Abordagem das Causas Fundamentais na Luta Contra a Pirataria - Africa Defense Forum","og_description":"EQUIPA DA ADF A pirataria est\u00e1 a diminuir drasticamente no Golfo da Guin\u00e9, mas os especialistas dizem que \u00e9 poss\u00edvel fazer mais para eliminar a amea\u00e7a. O n\u00famero de incidentes de pirataria na regi\u00e3o diminuiu de 81 em 2020 para 34 em 2021, altura em que o Golfo da Guin\u00e9 tamb\u00e9m foi respons\u00e1vel por todos","og_url":"https:\/\/adf-magazine.com\/pt-pt\/2023\/07\/onu-necessaria-cooperacao-e-abordagem-das-causas-fundamentais-na-luta-contra-a-pirataria\/","og_site_name":"Africa Defense Forum","article_publisher":"https:\/\/www.facebook.com\/ADFmagazine\/","article_published_time":"2023-07-11T23:54:28+00:00","og_image":[{"width":1024,"height":682,"url":"https:\/\/adf-magazine.com\/wp-content\/uploads\/2023\/07\/GettyImages-1179874692.jpg","type":"image\/jpeg"}],"author":"ADF","twitter_card":"summary_large_image","twitter_creator":"@ADFmagazine","twitter_site":"@ADFmagazine","twitter_misc":{"Escrito por":"ADF","Tempo estimado de leitura":"4 minutos"},"schema":{"@context":"https:\/\/schema.org","@graph":[{"@type":"Article","@id":"https:\/\/adf-magazine.com\/pt-pt\/2023\/07\/onu-necessaria-cooperacao-e-abordagem-das-causas-fundamentais-na-luta-contra-a-pirataria\/#article","isPartOf":{"@id":"https:\/\/adf-magazine.com\/pt-pt\/2023\/07\/onu-necessaria-cooperacao-e-abordagem-das-causas-fundamentais-na-luta-contra-a-pirataria\/"},"author":{"name":"ADF","@id":"https:\/\/adf-magazine.com\/#\/schema\/person\/f266a6061389568b5a11465bb38bc025"},"headline":"ONU: Necess\u00e1ria Coopera\u00e7\u00e3o e Abordagem das Causas Fundamentais na Luta Contra a Pirataria","datePublished":"2023-07-11T23:54:28+00:00","mainEntityOfPage":{"@id":"https:\/\/adf-magazine.com\/pt-pt\/2023\/07\/onu-necessaria-cooperacao-e-abordagem-das-causas-fundamentais-na-luta-contra-a-pirataria\/"},"wordCount":833,"commentCount":0,"image":{"@id":"https:\/\/adf-magazine.com\/pt-pt\/2023\/07\/onu-necessaria-cooperacao-e-abordagem-das-causas-fundamentais-na-luta-contra-a-pirataria\/#primaryimage"},"thumbnailUrl":"https:\/\/adf-magazine.com\/wp-content\/uploads\/2023\/07\/GettyImages-1179874692.jpg","keywords":["\u00c1frica Ocidental","Golfo da Guin\u00e9","pirataria"],"articleSection":["Not\u00edcias diaries"],"inLanguage":"pt-PT","potentialAction":[{"@type":"CommentAction","name":"Comment","target":["https:\/\/adf-magazine.com\/pt-pt\/2023\/07\/onu-necessaria-cooperacao-e-abordagem-das-causas-fundamentais-na-luta-contra-a-pirataria\/#respond"]}]},{"@type":"WebPage","@id":"https:\/\/adf-magazine.com\/pt-pt\/2023\/07\/onu-necessaria-cooperacao-e-abordagem-das-causas-fundamentais-na-luta-contra-a-pirataria\/","url":"https:\/\/adf-magazine.com\/pt-pt\/2023\/07\/onu-necessaria-cooperacao-e-abordagem-das-causas-fundamentais-na-luta-contra-a-pirataria\/","name":"ONU: Necess\u00e1ria Coopera\u00e7\u00e3o e Abordagem das Causas Fundamentais na Luta Contra a Pirataria - Africa Defense Forum","isPartOf":{"@id":"https:\/\/adf-magazine.com\/#website"},"primaryImageOfPage":{"@id":"https:\/\/adf-magazine.com\/pt-pt\/2023\/07\/onu-necessaria-cooperacao-e-abordagem-das-causas-fundamentais-na-luta-contra-a-pirataria\/#primaryimage"},"image":{"@id":"https:\/\/adf-magazine.com\/pt-pt\/2023\/07\/onu-necessaria-cooperacao-e-abordagem-das-causas-fundamentais-na-luta-contra-a-pirataria\/#primaryimage"},"thumbnailUrl":"https:\/\/adf-magazine.com\/wp-content\/uploads\/2023\/07\/GettyImages-1179874692.jpg","datePublished":"2023-07-11T23:54:28+00:00","author":{"@id":"https:\/\/adf-magazine.com\/#\/schema\/person\/f266a6061389568b5a11465bb38bc025"},"breadcrumb":{"@id":"https:\/\/adf-magazine.com\/pt-pt\/2023\/07\/onu-necessaria-cooperacao-e-abordagem-das-causas-fundamentais-na-luta-contra-a-pirataria\/#breadcrumb"},"inLanguage":"pt-PT","potentialAction":[{"@type":"ReadAction","target":["https:\/\/adf-magazine.com\/pt-pt\/2023\/07\/onu-necessaria-cooperacao-e-abordagem-das-causas-fundamentais-na-luta-contra-a-pirataria\/"]}]},{"@type":"ImageObject","inLanguage":"pt-PT","@id":"https:\/\/adf-magazine.com\/pt-pt\/2023\/07\/onu-necessaria-cooperacao-e-abordagem-das-causas-fundamentais-na-luta-contra-a-pirataria\/#primaryimage","url":"https:\/\/adf-magazine.com\/wp-content\/uploads\/2023\/07\/GettyImages-1179874692.jpg","contentUrl":"https:\/\/adf-magazine.com\/wp-content\/uploads\/2023\/07\/GettyImages-1179874692.jpg","width":1024,"height":682,"caption":"For\u00e7as Especiais nigerianas participam num exerc\u00edcio de seguran\u00e7a mar\u00edtima. Os observadores consideram que, para acabar com a pirataria no Golfo da Guin\u00e9, \u00e9 necess\u00e1ria uma maior coopera\u00e7\u00e3o regional e o combate \u00e0s causas profundas. AFP\/GETTY IMAGES"},{"@type":"BreadcrumbList","@id":"https:\/\/adf-magazine.com\/pt-pt\/2023\/07\/onu-necessaria-cooperacao-e-abordagem-das-causas-fundamentais-na-luta-contra-a-pirataria\/#breadcrumb","itemListElement":[{"@type":"ListItem","position":1,"name":"Home","item":"https:\/\/adf-magazine.com\/"},{"@type":"ListItem","position":2,"name":"ONU: Necess\u00e1ria Coopera\u00e7\u00e3o e Abordagem das Causas Fundamentais na Luta Contra a Pirataria"}]},{"@type":"WebSite","@id":"https:\/\/adf-magazine.com\/#website","url":"https:\/\/adf-magazine.com\/","name":"Africa Defense Forum","description":"Africa Defense Forum","potentialAction":[{"@type":"SearchAction","target":{"@type":"EntryPoint","urlTemplate":"https:\/\/adf-magazine.com\/?s={search_term_string}"},"query-input":{"@type":"PropertyValueSpecification","valueRequired":true,"valueName":"search_term_string"}}],"inLanguage":"pt-PT"},{"@type":"Person","@id":"https:\/\/adf-magazine.com\/#\/schema\/person\/f266a6061389568b5a11465bb38bc025","name":"ADF","image":{"@type":"ImageObject","inLanguage":"pt-PT","@id":"https:\/\/adf-magazine.com\/wp-content\/uploads\/2020\/05\/cropped-ADF_icon.jpg","url":"https:\/\/adf-magazine.com\/wp-content\/uploads\/2020\/05\/cropped-ADF_icon.jpg","contentUrl":"https:\/\/adf-magazine.com\/wp-content\/uploads\/2020\/05\/cropped-ADF_icon.jpg","caption":"ADF"},"description":"ADF is a professional military magazine published quarterly by U.S. Africa Command to provide an international forum for African security professionals. ADF covers topics such as counter terrorism strategies, security and defense operations, transnational crime, and all other issues affecting peace, stability, and good governance on the African continent.","sameAs":["https:\/\/x.com\/ADFmagazine"],"url":"https:\/\/adf-magazine.com\/pt-pt\/author\/adf\/"}]}},"_links":{"self":[{"href":"https:\/\/adf-magazine.com\/pt-pt\/wp-json\/wp\/v2\/posts\/107158","targetHints":{"allow":["GET"]}}],"collection":[{"href":"https:\/\/adf-magazine.com\/pt-pt\/wp-json\/wp\/v2\/posts"}],"about":[{"href":"https:\/\/adf-magazine.com\/pt-pt\/wp-json\/wp\/v2\/types\/post"}],"author":[{"embeddable":true,"href":"https:\/\/adf-magazine.com\/pt-pt\/wp-json\/wp\/v2\/users\/1"}],"replies":[{"embeddable":true,"href":"https:\/\/adf-magazine.com\/pt-pt\/wp-json\/wp\/v2\/comments?post=107158"}],"version-history":[{"count":0,"href":"https:\/\/adf-magazine.com\/pt-pt\/wp-json\/wp\/v2\/posts\/107158\/revisions"}],"wp:featuredmedia":[{"embeddable":true,"href":"https:\/\/adf-magazine.com\/pt-pt\/wp-json\/wp\/v2\/media\/107152"}],"wp:attachment":[{"href":"https:\/\/adf-magazine.com\/pt-pt\/wp-json\/wp\/v2\/media?parent=107158"}],"wp:term":[{"taxonomy":"category","embeddable":true,"href":"https:\/\/adf-magazine.com\/pt-pt\/wp-json\/wp\/v2\/categories?post=107158"},{"taxonomy":"post_tag","embeddable":true,"href":"https:\/\/adf-magazine.com\/pt-pt\/wp-json\/wp\/v2\/tags?post=107158"}],"curies":[{"name":"wp","href":"https:\/\/api.w.org\/{rel}","templated":true}]}}