{"id":107079,"date":"2023-07-05T14:39:35","date_gmt":"2023-07-05T18:39:35","guid":{"rendered":"https:\/\/adf-magazine.com\/?p=107079"},"modified":"2023-07-05T14:39:52","modified_gmt":"2023-07-05T18:39:52","slug":"grupo-do-estado-islamico-financia-terrorismo-ao-longo-da-fronteira-entre-rdc-e-uganda","status":"publish","type":"post","link":"https:\/\/adf-magazine.com\/pt-pt\/2023\/07\/grupo-do-estado-islamico-financia-terrorismo-ao-longo-da-fronteira-entre-rdc-e-uganda\/","title":{"rendered":"Grupo do Estado Isl\u00e2mico Financia Terrorismo ao Longo da Fronteira entre RDC e Uganda"},"content":{"rendered":"<p style=\"font-weight: 400;\">EQUIPA DA ADF<\/p>\n<p style=\"font-weight: 400;\">Novo relat\u00f3rio mostra como o grupo Estado Isl\u00e2mico tem financiado as For\u00e7as Democr\u00e1ticas Aliadas h\u00e1 pelo menos quatro anos, levando a uma escala crescente de brutalidade.<\/p>\n<p style=\"font-weight: 400;\">O relat\u00f3rio de um painel de especialistas das Na\u00e7\u00f5es Unidas descreve a mais recente evolu\u00e7\u00e3o da rela\u00e7\u00e3o entre um dos grupos terroristas mais mort\u00edferos da \u00c1frica Central e o grupo Estado Isl\u00e2mico, que procura expandir a sua presen\u00e7a no continente depois de ter perdido terreno no M\u00e9dio Oriente.<\/p>\n<p style=\"font-weight: 400;\">As For\u00e7as Democr\u00e1ticas Aliadas, baseadas na Rep\u00fablica Democr\u00e1tica do Congo (RDC), s\u00e3o acusadas de atacar um dormit\u00f3rio no oeste do Uganda em meados de Junho, provocando 41 mortos. Os atacantes incendiaram o edif\u00edcio, dispararam descontroladamente e depois usaram catanas para cortar os sobreviventes at\u00e9 \u00e0 morte. Tratou-se do ataque mais mort\u00edfero no Uganda em mais de uma d\u00e9cada.<\/p>\n<p style=\"font-weight: 400;\">\u201cContinuo a ouvir as vozes daqueles estudantes a implorar pelas suas vidas,\u201d disse uma testemunha \u00e0 BBC. \u201cN\u00e3o tenho conseguido comer porque n\u00e3o paro de ouvir os gritos das crian\u00e7as.\u201d<\/p>\n<p style=\"font-weight: 400;\">Formadas em 1995, as For\u00e7as Democr\u00e1ticas Aliadas, em 2018, juraram publicamente fidelidade ao grupo Estado Isl\u00e2mico, que as apelidou de Estado Isl\u00e2mico na Rep\u00fablica Centro-Africana (ISCAP) e reivindicou alguns dos ataques do grupo no oeste do Uganda e no leste da RDC.<\/p>\n<p style=\"font-weight: 400;\">Desde 2017, o Kivu Security Tracker regista 999 incidentes envolvendo as For\u00e7as Democr\u00e1ticas Aliadas nas prov\u00edncias do leste da RDC que fazem fronteira com o Uganda e o Ruanda. Em Outubro de 2020, o grupo Estado Isl\u00e2mico tinha reivindicado a autoria de 72 ataques na RDC, 65% dos quais directamente relacionados com ataques verificados das For\u00e7as Democr\u00e1ticas Aliadas.<\/p>\n<p style=\"font-weight: 400;\">De acordo com o rastreador, um grande n\u00famero de ataques teve lugar do outro lado da fronteira, na prov\u00edncia de Kasese, no Uganda, onde ocorreu o tiroteio numa escola em Junho.<\/p>\n<p style=\"font-weight: 400;\">De acordo com o relat\u00f3rio da ONU, o grupo Estado Isl\u00e2mico tem financiado as For\u00e7as Democr\u00e1ticas Aliadas desde 2019 atrav\u00e9s de uma rede de mecanismos financeiros que passam pelo Qu\u00e9nia, Som\u00e1lia, \u00c1frica do Sul e Uganda. O relat\u00f3rio tamb\u00e9m observa que as For\u00e7as Democr\u00e1ticas Aliadas enviaram combatentes para al\u00e9m da sua base no Kivu do Norte e em Ituri, numa tentativa de expandir as suas opera\u00e7\u00f5es na regi\u00e3o \u2014 possivelmente at\u00e9 \u00e0 capital da RDC, Kinshasa.<\/p>\n<p style=\"font-weight: 400;\">\u201c\u00c9 de notar que o seu objectivo \u00e9 levar a cabo actos de terror que fa\u00e7am grande publicidade,\u201d disse o porta-voz do governo da RDC, Patrick Muyaya, numa confer\u00eancia de imprensa ap\u00f3s a divulga\u00e7\u00e3o do relat\u00f3rio da ONU.<\/p>\n<p style=\"font-weight: 400;\">A viragem das For\u00e7as Democr\u00e1ticas Aliadas para o grupo do Estado Isl\u00e2mico foi mais pragm\u00e1tica do que ideol\u00f3gica: um membro do grupo que se opunha \u00e0 viragem disse aos analistas que a esperan\u00e7a era que o grupo Estado Isl\u00e2mico os \u201cenchesse de d\u00f3lares, armas e muni\u00e7\u00f5es,\u201d de acordo com um relat\u00f3rio de 2021 do Programa sobre Extremismo, da Universidade George Washington.<\/p>\n<p style=\"font-weight: 400;\">As For\u00e7as Democr\u00e1ticas Aliadas ter\u00e3o matado milhares de civis e centenas de soldados e ter\u00e3o deslocado centenas de milhares de outras pessoas na RDC na \u00faltima d\u00e9cada. Desde 2019, as actividades das For\u00e7as Democr\u00e1ticas Aliadas t\u00eam merecido destaque nos meios de comunica\u00e7\u00e3o social do grupo Estado Isl\u00e2mico.<\/p>\n<p style=\"font-weight: 400;\">\u201c\u00c9 evidente que o Estado Isl\u00e2mico est\u00e1 a tirar partido destas actividades para demonstrar que continua a ser um movimento relevante e activo com um amplo alcance transnacional, apesar da perda de controlo territorial na S\u00edria e no Iraque,\u201d escreveram os analistas do Programa sobre Extremismo, no seu relat\u00f3rio \u201cO Estado Isl\u00e2mico no Congo.\u201d<\/p>\n<p style=\"font-weight: 400;\">O relat\u00f3rio da ONU tamb\u00e9m encontrou liga\u00e7\u00f5es entre as For\u00e7as Democr\u00e1ticas Aliadas e a mil\u00edcia Ahlu Sunnah Wal Jama&#8217;a em Mo\u00e7ambique, que tamb\u00e9m declarou lealdade ao Estado Isl\u00e2mico.<\/p>\n<p><span style=\"font-weight: 400;\">Com filiais formais do Estado Isl\u00e2mico e grupos pr\u00f3-Estado Isl\u00e2mico espalhados por toda a \u00c1frica, o potencial de colabora\u00e7\u00e3o transfronteiri\u00e7a e o movimento de um maior n\u00famero de combatentes estrangeiros podem amea\u00e7ar a estabilidade regional, segundo o relat\u00f3rio.<\/span><\/p>\n","protected":false},"excerpt":{"rendered":"<p>EQUIPA DA ADF Novo relat\u00f3rio mostra como o grupo Estado Isl\u00e2mico tem financiado as For\u00e7as Democr\u00e1ticas Aliadas h\u00e1 pelo menos quatro anos, levando a uma escala crescente de brutalidade. O relat\u00f3rio de um painel de especialistas das Na\u00e7\u00f5es Unidas descreve a mais recente evolu\u00e7\u00e3o da rela\u00e7\u00e3o entre um dos grupos terroristas mais mort\u00edferos da \u00c1frica<\/p>\n","protected":false},"author":1,"featured_media":107075,"comment_status":"open","ping_status":"closed","sticky":false,"template":"","format":"standard","meta":{"_acf_changed":false,"_monsterinsights_skip_tracking":false,"_monsterinsights_sitenote_active":false,"_monsterinsights_sitenote_note":"","_monsterinsights_sitenote_category":0,"_uf_show_specific_survey":0,"_uf_disable_surveys":false,"footnotes":""},"categories":[363],"tags":[447,534,1290],"class_list":{"0":"post-107079","1":"post","2":"type-post","3":"status-publish","4":"format-standard","5":"has-post-thumbnail","7":"category-melhores-historias","8":"tag-republica-democratica-do-congo","9":"tag-terrorismo","10":"tag-uganday-pt-pt"},"acf":[],"yoast_head":"<!-- This site is optimized with the Yoast SEO plugin v27.4 - https:\/\/yoast.com\/product\/yoast-seo-wordpress\/ -->\n<title>Grupo do Estado Isl\u00e2mico Financia Terrorismo ao Longo da Fronteira entre RDC e Uganda - Africa Defense Forum<\/title>\n<meta name=\"robots\" content=\"index, follow, max-snippet:-1, max-image-preview:large, max-video-preview:-1\" \/>\n<link rel=\"canonical\" href=\"https:\/\/adf-magazine.com\/pt-pt\/2023\/07\/grupo-do-estado-islamico-financia-terrorismo-ao-longo-da-fronteira-entre-rdc-e-uganda\/\" \/>\n<meta property=\"og:locale\" content=\"pt_PT\" \/>\n<meta property=\"og:type\" content=\"article\" \/>\n<meta property=\"og:title\" content=\"Grupo do Estado Isl\u00e2mico Financia Terrorismo ao Longo da Fronteira entre RDC e Uganda - Africa Defense Forum\" \/>\n<meta property=\"og:description\" content=\"EQUIPA DA ADF Novo relat\u00f3rio mostra como o grupo Estado Isl\u00e2mico tem financiado as For\u00e7as Democr\u00e1ticas Aliadas h\u00e1 pelo menos quatro anos, levando a uma escala crescente de brutalidade. O relat\u00f3rio de um painel de especialistas das Na\u00e7\u00f5es Unidas descreve a mais recente evolu\u00e7\u00e3o da rela\u00e7\u00e3o entre um dos grupos terroristas mais mort\u00edferos da \u00c1frica\" \/>\n<meta property=\"og:url\" content=\"https:\/\/adf-magazine.com\/pt-pt\/2023\/07\/grupo-do-estado-islamico-financia-terrorismo-ao-longo-da-fronteira-entre-rdc-e-uganda\/\" \/>\n<meta property=\"og:site_name\" content=\"Africa Defense Forum\" \/>\n<meta property=\"article:publisher\" content=\"https:\/\/www.facebook.com\/ADFmagazine\/\" \/>\n<meta property=\"article:published_time\" content=\"2023-07-05T18:39:35+00:00\" \/>\n<meta property=\"article:modified_time\" content=\"2023-07-05T18:39:52+00:00\" \/>\n<meta property=\"og:image\" content=\"https:\/\/adf-magazine.com\/wp-content\/uploads\/2023\/07\/2018-12-07T000000Z_1418399956_RC1545B846D0_RTRMADP_3_CONGO-VIOLENCE.jpg\" \/>\n\t<meta property=\"og:image:width\" content=\"1080\" \/>\n\t<meta property=\"og:image:height\" content=\"718\" \/>\n\t<meta property=\"og:image:type\" content=\"image\/jpeg\" \/>\n<meta name=\"author\" content=\"ADF\" \/>\n<meta name=\"twitter:card\" content=\"summary_large_image\" \/>\n<meta name=\"twitter:creator\" content=\"@ADFmagazine\" \/>\n<meta name=\"twitter:site\" content=\"@ADFmagazine\" \/>\n<meta name=\"twitter:label1\" content=\"Escrito por\" \/>\n\t<meta name=\"twitter:data1\" content=\"ADF\" \/>\n\t<meta name=\"twitter:label2\" content=\"Tempo estimado de leitura\" \/>\n\t<meta name=\"twitter:data2\" content=\"4 minutos\" \/>\n<script type=\"application\/ld+json\" class=\"yoast-schema-graph\">{\"@context\":\"https:\\\/\\\/schema.org\",\"@graph\":[{\"@type\":\"Article\",\"@id\":\"https:\\\/\\\/adf-magazine.com\\\/pt-pt\\\/2023\\\/07\\\/grupo-do-estado-islamico-financia-terrorismo-ao-longo-da-fronteira-entre-rdc-e-uganda\\\/#article\",\"isPartOf\":{\"@id\":\"https:\\\/\\\/adf-magazine.com\\\/pt-pt\\\/2023\\\/07\\\/grupo-do-estado-islamico-financia-terrorismo-ao-longo-da-fronteira-entre-rdc-e-uganda\\\/\"},\"author\":{\"name\":\"ADF\",\"@id\":\"https:\\\/\\\/adf-magazine.com\\\/#\\\/schema\\\/person\\\/f266a6061389568b5a11465bb38bc025\"},\"headline\":\"Grupo do Estado Isl\u00e2mico Financia Terrorismo ao Longo da Fronteira entre RDC e Uganda\",\"datePublished\":\"2023-07-05T18:39:35+00:00\",\"dateModified\":\"2023-07-05T18:39:52+00:00\",\"mainEntityOfPage\":{\"@id\":\"https:\\\/\\\/adf-magazine.com\\\/pt-pt\\\/2023\\\/07\\\/grupo-do-estado-islamico-financia-terrorismo-ao-longo-da-fronteira-entre-rdc-e-uganda\\\/\"},\"wordCount\":732,\"commentCount\":0,\"image\":{\"@id\":\"https:\\\/\\\/adf-magazine.com\\\/pt-pt\\\/2023\\\/07\\\/grupo-do-estado-islamico-financia-terrorismo-ao-longo-da-fronteira-entre-rdc-e-uganda\\\/#primaryimage\"},\"thumbnailUrl\":\"https:\\\/\\\/adf-magazine.com\\\/wp-content\\\/uploads\\\/2023\\\/07\\\/2018-12-07T000000Z_1418399956_RC1545B846D0_RTRMADP_3_CONGO-VIOLENCE.jpg\",\"keywords\":[\"Rep\u00fablica Democr\u00e1tica do Congo\",\"Terrorismo\",\"Uganday\"],\"articleSection\":[\"Not\u00edcias diaries\"],\"inLanguage\":\"pt-PT\",\"potentialAction\":[{\"@type\":\"CommentAction\",\"name\":\"Comment\",\"target\":[\"https:\\\/\\\/adf-magazine.com\\\/pt-pt\\\/2023\\\/07\\\/grupo-do-estado-islamico-financia-terrorismo-ao-longo-da-fronteira-entre-rdc-e-uganda\\\/#respond\"]}]},{\"@type\":\"WebPage\",\"@id\":\"https:\\\/\\\/adf-magazine.com\\\/pt-pt\\\/2023\\\/07\\\/grupo-do-estado-islamico-financia-terrorismo-ao-longo-da-fronteira-entre-rdc-e-uganda\\\/\",\"url\":\"https:\\\/\\\/adf-magazine.com\\\/pt-pt\\\/2023\\\/07\\\/grupo-do-estado-islamico-financia-terrorismo-ao-longo-da-fronteira-entre-rdc-e-uganda\\\/\",\"name\":\"Grupo do Estado Isl\u00e2mico Financia Terrorismo ao Longo da Fronteira entre RDC e Uganda - Africa Defense Forum\",\"isPartOf\":{\"@id\":\"https:\\\/\\\/adf-magazine.com\\\/#website\"},\"primaryImageOfPage\":{\"@id\":\"https:\\\/\\\/adf-magazine.com\\\/pt-pt\\\/2023\\\/07\\\/grupo-do-estado-islamico-financia-terrorismo-ao-longo-da-fronteira-entre-rdc-e-uganda\\\/#primaryimage\"},\"image\":{\"@id\":\"https:\\\/\\\/adf-magazine.com\\\/pt-pt\\\/2023\\\/07\\\/grupo-do-estado-islamico-financia-terrorismo-ao-longo-da-fronteira-entre-rdc-e-uganda\\\/#primaryimage\"},\"thumbnailUrl\":\"https:\\\/\\\/adf-magazine.com\\\/wp-content\\\/uploads\\\/2023\\\/07\\\/2018-12-07T000000Z_1418399956_RC1545B846D0_RTRMADP_3_CONGO-VIOLENCE.jpg\",\"datePublished\":\"2023-07-05T18:39:35+00:00\",\"dateModified\":\"2023-07-05T18:39:52+00:00\",\"author\":{\"@id\":\"https:\\\/\\\/adf-magazine.com\\\/#\\\/schema\\\/person\\\/f266a6061389568b5a11465bb38bc025\"},\"breadcrumb\":{\"@id\":\"https:\\\/\\\/adf-magazine.com\\\/pt-pt\\\/2023\\\/07\\\/grupo-do-estado-islamico-financia-terrorismo-ao-longo-da-fronteira-entre-rdc-e-uganda\\\/#breadcrumb\"},\"inLanguage\":\"pt-PT\",\"potentialAction\":[{\"@type\":\"ReadAction\",\"target\":[\"https:\\\/\\\/adf-magazine.com\\\/pt-pt\\\/2023\\\/07\\\/grupo-do-estado-islamico-financia-terrorismo-ao-longo-da-fronteira-entre-rdc-e-uganda\\\/\"]}]},{\"@type\":\"ImageObject\",\"inLanguage\":\"pt-PT\",\"@id\":\"https:\\\/\\\/adf-magazine.com\\\/pt-pt\\\/2023\\\/07\\\/grupo-do-estado-islamico-financia-terrorismo-ao-longo-da-fronteira-entre-rdc-e-uganda\\\/#primaryimage\",\"url\":\"https:\\\/\\\/adf-magazine.com\\\/wp-content\\\/uploads\\\/2023\\\/07\\\/2018-12-07T000000Z_1418399956_RC1545B846D0_RTRMADP_3_CONGO-VIOLENCE.jpg\",\"contentUrl\":\"https:\\\/\\\/adf-magazine.com\\\/wp-content\\\/uploads\\\/2023\\\/07\\\/2018-12-07T000000Z_1418399956_RC1545B846D0_RTRMADP_3_CONGO-VIOLENCE.jpg\",\"width\":1080,\"height\":718,\"caption\":\"Soldados do Uganda e da Rep\u00fablica Democr\u00e1tica do Congo continuam a perseguir os combatentes das For\u00e7as Democr\u00e1ticas Aliadas, que, segundo as Na\u00e7\u00f5es Unidas, come\u00e7aram a receber financiamento do Estado Isl\u00e2mico em 2019. REUTERS\"},{\"@type\":\"BreadcrumbList\",\"@id\":\"https:\\\/\\\/adf-magazine.com\\\/pt-pt\\\/2023\\\/07\\\/grupo-do-estado-islamico-financia-terrorismo-ao-longo-da-fronteira-entre-rdc-e-uganda\\\/#breadcrumb\",\"itemListElement\":[{\"@type\":\"ListItem\",\"position\":1,\"name\":\"Home\",\"item\":\"https:\\\/\\\/adf-magazine.com\\\/\"},{\"@type\":\"ListItem\",\"position\":2,\"name\":\"Grupo do Estado Isl\u00e2mico Financia Terrorismo ao Longo da Fronteira entre RDC e Uganda\"}]},{\"@type\":\"WebSite\",\"@id\":\"https:\\\/\\\/adf-magazine.com\\\/#website\",\"url\":\"https:\\\/\\\/adf-magazine.com\\\/\",\"name\":\"Africa Defense Forum\",\"description\":\"Africa Defense Forum\",\"potentialAction\":[{\"@type\":\"SearchAction\",\"target\":{\"@type\":\"EntryPoint\",\"urlTemplate\":\"https:\\\/\\\/adf-magazine.com\\\/?s={search_term_string}\"},\"query-input\":{\"@type\":\"PropertyValueSpecification\",\"valueRequired\":true,\"valueName\":\"search_term_string\"}}],\"inLanguage\":\"pt-PT\"},{\"@type\":\"Person\",\"@id\":\"https:\\\/\\\/adf-magazine.com\\\/#\\\/schema\\\/person\\\/f266a6061389568b5a11465bb38bc025\",\"name\":\"ADF\",\"image\":{\"@type\":\"ImageObject\",\"inLanguage\":\"pt-PT\",\"@id\":\"https:\\\/\\\/adf-magazine.com\\\/wp-content\\\/uploads\\\/2020\\\/05\\\/cropped-ADF_icon.jpg\",\"url\":\"https:\\\/\\\/adf-magazine.com\\\/wp-content\\\/uploads\\\/2020\\\/05\\\/cropped-ADF_icon.jpg\",\"contentUrl\":\"https:\\\/\\\/adf-magazine.com\\\/wp-content\\\/uploads\\\/2020\\\/05\\\/cropped-ADF_icon.jpg\",\"caption\":\"ADF\"},\"description\":\"ADF is a professional military magazine published quarterly by U.S. Africa Command to provide an international forum for African security professionals. ADF covers topics such as counter terrorism strategies, security and defense operations, transnational crime, and all other issues affecting peace, stability, and good governance on the African continent.\",\"sameAs\":[\"https:\\\/\\\/x.com\\\/ADFmagazine\"],\"url\":\"https:\\\/\\\/adf-magazine.com\\\/pt-pt\\\/author\\\/adf\\\/\"}]}<\/script>\n<!-- \/ Yoast SEO plugin. -->","yoast_head_json":{"title":"Grupo do Estado Isl\u00e2mico Financia Terrorismo ao Longo da Fronteira entre RDC e Uganda - Africa Defense Forum","robots":{"index":"index","follow":"follow","max-snippet":"max-snippet:-1","max-image-preview":"max-image-preview:large","max-video-preview":"max-video-preview:-1"},"canonical":"https:\/\/adf-magazine.com\/pt-pt\/2023\/07\/grupo-do-estado-islamico-financia-terrorismo-ao-longo-da-fronteira-entre-rdc-e-uganda\/","og_locale":"pt_PT","og_type":"article","og_title":"Grupo do Estado Isl\u00e2mico Financia Terrorismo ao Longo da Fronteira entre RDC e Uganda - Africa Defense Forum","og_description":"EQUIPA DA ADF Novo relat\u00f3rio mostra como o grupo Estado Isl\u00e2mico tem financiado as For\u00e7as Democr\u00e1ticas Aliadas h\u00e1 pelo menos quatro anos, levando a uma escala crescente de brutalidade. O relat\u00f3rio de um painel de especialistas das Na\u00e7\u00f5es Unidas descreve a mais recente evolu\u00e7\u00e3o da rela\u00e7\u00e3o entre um dos grupos terroristas mais mort\u00edferos da \u00c1frica","og_url":"https:\/\/adf-magazine.com\/pt-pt\/2023\/07\/grupo-do-estado-islamico-financia-terrorismo-ao-longo-da-fronteira-entre-rdc-e-uganda\/","og_site_name":"Africa Defense Forum","article_publisher":"https:\/\/www.facebook.com\/ADFmagazine\/","article_published_time":"2023-07-05T18:39:35+00:00","article_modified_time":"2023-07-05T18:39:52+00:00","og_image":[{"width":1080,"height":718,"url":"https:\/\/adf-magazine.com\/wp-content\/uploads\/2023\/07\/2018-12-07T000000Z_1418399956_RC1545B846D0_RTRMADP_3_CONGO-VIOLENCE.jpg","type":"image\/jpeg"}],"author":"ADF","twitter_card":"summary_large_image","twitter_creator":"@ADFmagazine","twitter_site":"@ADFmagazine","twitter_misc":{"Escrito por":"ADF","Tempo estimado de leitura":"4 minutos"},"schema":{"@context":"https:\/\/schema.org","@graph":[{"@type":"Article","@id":"https:\/\/adf-magazine.com\/pt-pt\/2023\/07\/grupo-do-estado-islamico-financia-terrorismo-ao-longo-da-fronteira-entre-rdc-e-uganda\/#article","isPartOf":{"@id":"https:\/\/adf-magazine.com\/pt-pt\/2023\/07\/grupo-do-estado-islamico-financia-terrorismo-ao-longo-da-fronteira-entre-rdc-e-uganda\/"},"author":{"name":"ADF","@id":"https:\/\/adf-magazine.com\/#\/schema\/person\/f266a6061389568b5a11465bb38bc025"},"headline":"Grupo do Estado Isl\u00e2mico Financia Terrorismo ao Longo da Fronteira entre RDC e Uganda","datePublished":"2023-07-05T18:39:35+00:00","dateModified":"2023-07-05T18:39:52+00:00","mainEntityOfPage":{"@id":"https:\/\/adf-magazine.com\/pt-pt\/2023\/07\/grupo-do-estado-islamico-financia-terrorismo-ao-longo-da-fronteira-entre-rdc-e-uganda\/"},"wordCount":732,"commentCount":0,"image":{"@id":"https:\/\/adf-magazine.com\/pt-pt\/2023\/07\/grupo-do-estado-islamico-financia-terrorismo-ao-longo-da-fronteira-entre-rdc-e-uganda\/#primaryimage"},"thumbnailUrl":"https:\/\/adf-magazine.com\/wp-content\/uploads\/2023\/07\/2018-12-07T000000Z_1418399956_RC1545B846D0_RTRMADP_3_CONGO-VIOLENCE.jpg","keywords":["Rep\u00fablica Democr\u00e1tica do Congo","Terrorismo","Uganday"],"articleSection":["Not\u00edcias diaries"],"inLanguage":"pt-PT","potentialAction":[{"@type":"CommentAction","name":"Comment","target":["https:\/\/adf-magazine.com\/pt-pt\/2023\/07\/grupo-do-estado-islamico-financia-terrorismo-ao-longo-da-fronteira-entre-rdc-e-uganda\/#respond"]}]},{"@type":"WebPage","@id":"https:\/\/adf-magazine.com\/pt-pt\/2023\/07\/grupo-do-estado-islamico-financia-terrorismo-ao-longo-da-fronteira-entre-rdc-e-uganda\/","url":"https:\/\/adf-magazine.com\/pt-pt\/2023\/07\/grupo-do-estado-islamico-financia-terrorismo-ao-longo-da-fronteira-entre-rdc-e-uganda\/","name":"Grupo do Estado Isl\u00e2mico Financia Terrorismo ao Longo da Fronteira entre RDC e Uganda - Africa Defense Forum","isPartOf":{"@id":"https:\/\/adf-magazine.com\/#website"},"primaryImageOfPage":{"@id":"https:\/\/adf-magazine.com\/pt-pt\/2023\/07\/grupo-do-estado-islamico-financia-terrorismo-ao-longo-da-fronteira-entre-rdc-e-uganda\/#primaryimage"},"image":{"@id":"https:\/\/adf-magazine.com\/pt-pt\/2023\/07\/grupo-do-estado-islamico-financia-terrorismo-ao-longo-da-fronteira-entre-rdc-e-uganda\/#primaryimage"},"thumbnailUrl":"https:\/\/adf-magazine.com\/wp-content\/uploads\/2023\/07\/2018-12-07T000000Z_1418399956_RC1545B846D0_RTRMADP_3_CONGO-VIOLENCE.jpg","datePublished":"2023-07-05T18:39:35+00:00","dateModified":"2023-07-05T18:39:52+00:00","author":{"@id":"https:\/\/adf-magazine.com\/#\/schema\/person\/f266a6061389568b5a11465bb38bc025"},"breadcrumb":{"@id":"https:\/\/adf-magazine.com\/pt-pt\/2023\/07\/grupo-do-estado-islamico-financia-terrorismo-ao-longo-da-fronteira-entre-rdc-e-uganda\/#breadcrumb"},"inLanguage":"pt-PT","potentialAction":[{"@type":"ReadAction","target":["https:\/\/adf-magazine.com\/pt-pt\/2023\/07\/grupo-do-estado-islamico-financia-terrorismo-ao-longo-da-fronteira-entre-rdc-e-uganda\/"]}]},{"@type":"ImageObject","inLanguage":"pt-PT","@id":"https:\/\/adf-magazine.com\/pt-pt\/2023\/07\/grupo-do-estado-islamico-financia-terrorismo-ao-longo-da-fronteira-entre-rdc-e-uganda\/#primaryimage","url":"https:\/\/adf-magazine.com\/wp-content\/uploads\/2023\/07\/2018-12-07T000000Z_1418399956_RC1545B846D0_RTRMADP_3_CONGO-VIOLENCE.jpg","contentUrl":"https:\/\/adf-magazine.com\/wp-content\/uploads\/2023\/07\/2018-12-07T000000Z_1418399956_RC1545B846D0_RTRMADP_3_CONGO-VIOLENCE.jpg","width":1080,"height":718,"caption":"Soldados do Uganda e da Rep\u00fablica Democr\u00e1tica do Congo continuam a perseguir os combatentes das For\u00e7as Democr\u00e1ticas Aliadas, que, segundo as Na\u00e7\u00f5es Unidas, come\u00e7aram a receber financiamento do Estado Isl\u00e2mico em 2019. REUTERS"},{"@type":"BreadcrumbList","@id":"https:\/\/adf-magazine.com\/pt-pt\/2023\/07\/grupo-do-estado-islamico-financia-terrorismo-ao-longo-da-fronteira-entre-rdc-e-uganda\/#breadcrumb","itemListElement":[{"@type":"ListItem","position":1,"name":"Home","item":"https:\/\/adf-magazine.com\/"},{"@type":"ListItem","position":2,"name":"Grupo do Estado Isl\u00e2mico Financia Terrorismo ao Longo da Fronteira entre RDC e Uganda"}]},{"@type":"WebSite","@id":"https:\/\/adf-magazine.com\/#website","url":"https:\/\/adf-magazine.com\/","name":"Africa Defense Forum","description":"Africa Defense Forum","potentialAction":[{"@type":"SearchAction","target":{"@type":"EntryPoint","urlTemplate":"https:\/\/adf-magazine.com\/?s={search_term_string}"},"query-input":{"@type":"PropertyValueSpecification","valueRequired":true,"valueName":"search_term_string"}}],"inLanguage":"pt-PT"},{"@type":"Person","@id":"https:\/\/adf-magazine.com\/#\/schema\/person\/f266a6061389568b5a11465bb38bc025","name":"ADF","image":{"@type":"ImageObject","inLanguage":"pt-PT","@id":"https:\/\/adf-magazine.com\/wp-content\/uploads\/2020\/05\/cropped-ADF_icon.jpg","url":"https:\/\/adf-magazine.com\/wp-content\/uploads\/2020\/05\/cropped-ADF_icon.jpg","contentUrl":"https:\/\/adf-magazine.com\/wp-content\/uploads\/2020\/05\/cropped-ADF_icon.jpg","caption":"ADF"},"description":"ADF is a professional military magazine published quarterly by U.S. Africa Command to provide an international forum for African security professionals. ADF covers topics such as counter terrorism strategies, security and defense operations, transnational crime, and all other issues affecting peace, stability, and good governance on the African continent.","sameAs":["https:\/\/x.com\/ADFmagazine"],"url":"https:\/\/adf-magazine.com\/pt-pt\/author\/adf\/"}]}},"_links":{"self":[{"href":"https:\/\/adf-magazine.com\/pt-pt\/wp-json\/wp\/v2\/posts\/107079","targetHints":{"allow":["GET"]}}],"collection":[{"href":"https:\/\/adf-magazine.com\/pt-pt\/wp-json\/wp\/v2\/posts"}],"about":[{"href":"https:\/\/adf-magazine.com\/pt-pt\/wp-json\/wp\/v2\/types\/post"}],"author":[{"embeddable":true,"href":"https:\/\/adf-magazine.com\/pt-pt\/wp-json\/wp\/v2\/users\/1"}],"replies":[{"embeddable":true,"href":"https:\/\/adf-magazine.com\/pt-pt\/wp-json\/wp\/v2\/comments?post=107079"}],"version-history":[{"count":0,"href":"https:\/\/adf-magazine.com\/pt-pt\/wp-json\/wp\/v2\/posts\/107079\/revisions"}],"wp:featuredmedia":[{"embeddable":true,"href":"https:\/\/adf-magazine.com\/pt-pt\/wp-json\/wp\/v2\/media\/107075"}],"wp:attachment":[{"href":"https:\/\/adf-magazine.com\/pt-pt\/wp-json\/wp\/v2\/media?parent=107079"}],"wp:term":[{"taxonomy":"category","embeddable":true,"href":"https:\/\/adf-magazine.com\/pt-pt\/wp-json\/wp\/v2\/categories?post=107079"},{"taxonomy":"post_tag","embeddable":true,"href":"https:\/\/adf-magazine.com\/pt-pt\/wp-json\/wp\/v2\/tags?post=107079"}],"curies":[{"name":"wp","href":"https:\/\/api.w.org\/{rel}","templated":true}]}}