{"id":107067,"date":"2023-07-05T14:31:47","date_gmt":"2023-07-05T18:31:47","guid":{"rendered":"https:\/\/adf-magazine.com\/?p=107067"},"modified":"2023-07-05T14:32:10","modified_gmt":"2023-07-05T18:32:10","slug":"situacao-em-darfur-leva-alguns-especialistas-a-apelar-ao-regresso-das-forcas-de-manutencao-da-paz-da-onu","status":"publish","type":"post","link":"https:\/\/adf-magazine.com\/pt-pt\/2023\/07\/situacao-em-darfur-leva-alguns-especialistas-a-apelar-ao-regresso-das-forcas-de-manutencao-da-paz-da-onu\/","title":{"rendered":"Situa\u00e7\u00e3o em Darfur Leva Alguns Especialistas a Apelar ao Regresso das For\u00e7as de Manuten\u00e7\u00e3o da Paz da ONU"},"content":{"rendered":"<p style=\"font-weight: 400;\">EQUIPA DA ADF<\/p>\n<p style=\"font-weight: 400;\">Homens armados expulsaram Dawoud Adam Ishak da sua resid\u00eancia na regi\u00e3o sudanesa de Darfur.<\/p>\n<p style=\"font-weight: 400;\">\u201cEles vieram \u00e0 noite, quando est\u00e1vamos a dormir,\u201d disse Ishak \u00e0 Voz da Am\u00e9rica. \u201cEnt\u00e3o, acord\u00e1mos e fugimos.\u201d<\/p>\n<p style=\"font-weight: 400;\">Ishak juntou-se a mais de 100.000 sudaneses que atravessaram a fronteira para o Chade desde o in\u00edcio dos combates, a 15 de Abril, entre as For\u00e7as Armadas do Sud\u00e3o (SAF) e as For\u00e7as de Apoio R\u00e1pido (RSF) paramilitares.<\/p>\n<p style=\"font-weight: 400;\">Os combates que come\u00e7aram em Cartum estenderam-se desde ent\u00e3o \u00e0 regi\u00e3o de Darfur, onde as RSF t\u00eam a sua base. Ataques brutais em todo o Darfur Ocidental e no Darfur do Norte queimaram aldeias, mataram milhares de pessoas e fizeram com que outros milhares fugissem para salvar as suas vidas.<\/p>\n<p style=\"font-weight: 400;\">A viol\u00eancia em curso faz lembrar os ataques genocidas contra grupos n\u00e3o \u00e1rabes levados a cabo h\u00e1 20 anos pela mil\u00edcia Janjaweed, apoiada pelo governo e precursora das RSF. Este facto, por sua vez, leva alguns especialistas a perguntar: dever\u00e3o as for\u00e7as de manuten\u00e7\u00e3o da paz regressar para Darfur?<\/p>\n<p style=\"font-weight: 400;\">\u201cSim,\u201d o especialista em seguran\u00e7a, Alistair Edgar, da Escola Balsillie de Assuntos Internacionais, disse \u00e0 Voz da Am\u00e9rica. \u201cH\u00e1 uma resposta muito r\u00e1pida para si.\u201d<\/p>\n<p style=\"font-weight: 400;\">Edgar disse que \u00e9 necess\u00e1ria uma nova miss\u00e3o de manuten\u00e7\u00e3o da paz \u201cdevido ao n\u00edvel de viol\u00eancia e tamb\u00e9m devido ao potencial de propaga\u00e7\u00e3o dessa viol\u00eancia para o exterior \u2014 para o Chade e tamb\u00e9m para al\u00e9m das fronteiras.\u201d<\/p>\n<p style=\"font-weight: 400;\">O anterior esfor\u00e7o de manuten\u00e7\u00e3o da paz no Darfur foi a UNAMID, a Miss\u00e3o das Na\u00e7\u00f5es Unidas e da Uni\u00e3o Africana em Darfur. Foi encerrada a 30 de Junho de 2021, ap\u00f3s 13 anos, sob press\u00e3o do Conselho de Soberania que governou o Sud\u00e3o ap\u00f3s o derrube do ditador Omar al-Bashir, em 2019.<\/p>\n<p style=\"font-weight: 400;\">A opera\u00e7\u00e3o h\u00edbrida de 19.000 pessoas foi criticada pela sua incapacidade de p\u00f4r termo aos assassinatos de civis e aos ataques \u00e0s comunidades por parte da mil\u00edcia Janjaweed e das for\u00e7as governamentais ent\u00e3o controladas por al-Bashir. Nalguns casos, os cr\u00edticos descreveram as for\u00e7as de manuten\u00e7\u00e3o da paz da UNAMID como estando paradas enquanto as mil\u00edcias atacavam civis.<\/p>\n<p style=\"font-weight: 400;\">Escrevendo para a ag\u00eancia The New Humanitarian, Mohammed Amin e Phillip Kleinfeld referem que \u201ca capacidade da UNAMID para proteger os civis foi, muitas vezes, prejudicada pelo regime de al-Bashir, que intimidou e obstruiu as for\u00e7as de manuten\u00e7\u00e3o da paz que procuravam aceder a locais sens\u00edveis, negou autoriza\u00e7\u00f5es de voo aos avi\u00f5es da miss\u00e3o e recusou in\u00fameros vistos a membros do pessoal.\u201d<\/p>\n<p style=\"font-weight: 400;\">\u00c0 medida que a miss\u00e3o foi terminando, as suas bases foram sendo atacadas e saqueadas pelas mil\u00edcias de toda a regi\u00e3o.<\/p>\n<p style=\"font-weight: 400;\">N\u00e3o est\u00e1 claro se uma tentativa de relan\u00e7ar a UNAMID ou de autorizar uma opera\u00e7\u00e3o de manuten\u00e7\u00e3o da paz semelhante poderia obter os votos necess\u00e1rios no Conselho de Seguran\u00e7a da ONU. As RSF, respons\u00e1veis por grande parte das mortes no Darfur, est\u00e3o estreitamente ligada aos mercen\u00e1rios russos do Grupo Wagner.<\/p>\n<p style=\"font-weight: 400;\">No passado, a R\u00fassia utilizou o seu veto no Conselho de Seguran\u00e7a para bloquear as ac\u00e7\u00f5es da ONU na Rep\u00fablica Centro-Africana, onde o Grupo Wagner est\u00e1 profundamente envolvido com o governo e com a extrac\u00e7\u00e3o de ouro e diamante. Em 2016, a R\u00fassia bloqueou um relat\u00f3rio da ONU que detalhava o contrabando de ouro pelas mil\u00edcias de Darfur e um ataque \u00e0s for\u00e7as da UNAMID pela mil\u00edcia Janjaweed.<\/p>\n<p style=\"font-weight: 400;\">O especialista em seguran\u00e7a, Walter Dorn, do Col\u00e9gio Militar Real do Canad\u00e1, disse \u00e0 VOA que a renova\u00e7\u00e3o de uma miss\u00e3o de paz da ONU em Darfur \u00e9 improv\u00e1vel a curto prazo.<\/p>\n<p><span style=\"font-weight: 400;\">\u201cActualmente, n\u00e3o parece haver vontade pol\u00edtica para criar uma for\u00e7a de manuten\u00e7\u00e3o da paz em Darfur,\u201d disse Dorn, \u201cmas \u00e0 medida que a situa\u00e7\u00e3o se agrava, haver\u00e1 cada vez mais apelos nesse sentido.\u201d<\/span><\/p>\n","protected":false},"excerpt":{"rendered":"<p>EQUIPA DA ADF Homens armados expulsaram Dawoud Adam Ishak da sua resid\u00eancia na regi\u00e3o sudanesa de Darfur. \u201cEles vieram \u00e0 noite, quando est\u00e1vamos a dormir,\u201d disse Ishak \u00e0 Voz da Am\u00e9rica. \u201cEnt\u00e3o, acord\u00e1mos e fugimos.\u201d Ishak juntou-se a mais de 100.000 sudaneses que atravessaram a fronteira para o Chade desde o in\u00edcio dos combates, a<\/p>\n","protected":false},"author":1,"featured_media":107063,"comment_status":"open","ping_status":"closed","sticky":false,"template":"","format":"standard","meta":{"_acf_changed":false,"_monsterinsights_skip_tracking":false,"_monsterinsights_sitenote_active":false,"_monsterinsights_sitenote_note":"","_monsterinsights_sitenote_category":0,"_uf_show_specific_survey":0,"_uf_disable_surveys":false,"footnotes":""},"categories":[363],"tags":[500,799,745,609,611,637],"class_list":{"0":"post-107067","1":"post","2":"type-post","3":"status-publish","4":"format-standard","5":"has-post-thumbnail","7":"category-melhores-historias","8":"tag-chade","9":"tag-guerra-civil-pt-pt","10":"tag-manutencao-de-paz","11":"tag-republica-centro-africana","12":"tag-russia-pt-pt","13":"tag-sudao"},"acf":[],"yoast_head":"<!-- This site is optimized with the Yoast SEO plugin v27.4 - https:\/\/yoast.com\/product\/yoast-seo-wordpress\/ -->\n<title>Situa\u00e7\u00e3o em Darfur Leva Alguns Especialistas a Apelar ao Regresso das For\u00e7as de Manuten\u00e7\u00e3o da Paz da ONU - Africa Defense Forum<\/title>\n<meta name=\"robots\" content=\"index, follow, max-snippet:-1, max-image-preview:large, max-video-preview:-1\" \/>\n<link rel=\"canonical\" href=\"https:\/\/adf-magazine.com\/pt-pt\/2023\/07\/situacao-em-darfur-leva-alguns-especialistas-a-apelar-ao-regresso-das-forcas-de-manutencao-da-paz-da-onu\/\" \/>\n<meta property=\"og:locale\" content=\"pt_PT\" \/>\n<meta property=\"og:type\" content=\"article\" \/>\n<meta property=\"og:title\" content=\"Situa\u00e7\u00e3o em Darfur Leva Alguns Especialistas a Apelar ao Regresso das For\u00e7as de Manuten\u00e7\u00e3o da Paz da ONU - Africa Defense Forum\" \/>\n<meta property=\"og:description\" content=\"EQUIPA DA ADF Homens armados expulsaram Dawoud Adam Ishak da sua resid\u00eancia na regi\u00e3o sudanesa de Darfur. \u201cEles vieram \u00e0 noite, quando est\u00e1vamos a dormir,\u201d disse Ishak \u00e0 Voz da Am\u00e9rica. \u201cEnt\u00e3o, acord\u00e1mos e fugimos.\u201d Ishak juntou-se a mais de 100.000 sudaneses que atravessaram a fronteira para o Chade desde o in\u00edcio dos combates, a\" \/>\n<meta property=\"og:url\" content=\"https:\/\/adf-magazine.com\/pt-pt\/2023\/07\/situacao-em-darfur-leva-alguns-especialistas-a-apelar-ao-regresso-das-forcas-de-manutencao-da-paz-da-onu\/\" \/>\n<meta property=\"og:site_name\" content=\"Africa Defense Forum\" \/>\n<meta property=\"article:publisher\" content=\"https:\/\/www.facebook.com\/ADFmagazine\/\" \/>\n<meta property=\"article:published_time\" content=\"2023-07-05T18:31:47+00:00\" \/>\n<meta property=\"article:modified_time\" content=\"2023-07-05T18:32:10+00:00\" \/>\n<meta property=\"og:image\" content=\"https:\/\/adf-magazine.com\/wp-content\/uploads\/2023\/07\/GettyImages-1231199786.jpg\" \/>\n\t<meta property=\"og:image:width\" content=\"1024\" \/>\n\t<meta property=\"og:image:height\" content=\"580\" \/>\n\t<meta property=\"og:image:type\" content=\"image\/jpeg\" \/>\n<meta name=\"author\" content=\"ADF\" \/>\n<meta name=\"twitter:card\" content=\"summary_large_image\" \/>\n<meta name=\"twitter:creator\" content=\"@ADFmagazine\" \/>\n<meta name=\"twitter:site\" content=\"@ADFmagazine\" \/>\n<meta name=\"twitter:label1\" content=\"Escrito por\" \/>\n\t<meta name=\"twitter:data1\" content=\"ADF\" \/>\n\t<meta name=\"twitter:label2\" content=\"Tempo estimado de leitura\" \/>\n\t<meta name=\"twitter:data2\" content=\"3 minutos\" \/>\n<script type=\"application\/ld+json\" class=\"yoast-schema-graph\">{\"@context\":\"https:\\\/\\\/schema.org\",\"@graph\":[{\"@type\":\"Article\",\"@id\":\"https:\\\/\\\/adf-magazine.com\\\/pt-pt\\\/2023\\\/07\\\/situacao-em-darfur-leva-alguns-especialistas-a-apelar-ao-regresso-das-forcas-de-manutencao-da-paz-da-onu\\\/#article\",\"isPartOf\":{\"@id\":\"https:\\\/\\\/adf-magazine.com\\\/pt-pt\\\/2023\\\/07\\\/situacao-em-darfur-leva-alguns-especialistas-a-apelar-ao-regresso-das-forcas-de-manutencao-da-paz-da-onu\\\/\"},\"author\":{\"name\":\"ADF\",\"@id\":\"https:\\\/\\\/adf-magazine.com\\\/#\\\/schema\\\/person\\\/f266a6061389568b5a11465bb38bc025\"},\"headline\":\"Situa\u00e7\u00e3o em Darfur Leva Alguns Especialistas a Apelar ao Regresso das For\u00e7as de Manuten\u00e7\u00e3o da Paz da ONU\",\"datePublished\":\"2023-07-05T18:31:47+00:00\",\"dateModified\":\"2023-07-05T18:32:10+00:00\",\"mainEntityOfPage\":{\"@id\":\"https:\\\/\\\/adf-magazine.com\\\/pt-pt\\\/2023\\\/07\\\/situacao-em-darfur-leva-alguns-especialistas-a-apelar-ao-regresso-das-forcas-de-manutencao-da-paz-da-onu\\\/\"},\"wordCount\":707,\"commentCount\":0,\"image\":{\"@id\":\"https:\\\/\\\/adf-magazine.com\\\/pt-pt\\\/2023\\\/07\\\/situacao-em-darfur-leva-alguns-especialistas-a-apelar-ao-regresso-das-forcas-de-manutencao-da-paz-da-onu\\\/#primaryimage\"},\"thumbnailUrl\":\"https:\\\/\\\/adf-magazine.com\\\/wp-content\\\/uploads\\\/2023\\\/07\\\/GettyImages-1231199786.jpg\",\"keywords\":[\"Chade\",\"guerra civil\",\"Manuten\u00e7\u00e3o de Paz\",\"Rep\u00fablica Centro-Africana\",\"Russia\",\"Sud\u00e3o\"],\"articleSection\":[\"Not\u00edcias diaries\"],\"inLanguage\":\"pt-PT\",\"potentialAction\":[{\"@type\":\"CommentAction\",\"name\":\"Comment\",\"target\":[\"https:\\\/\\\/adf-magazine.com\\\/pt-pt\\\/2023\\\/07\\\/situacao-em-darfur-leva-alguns-especialistas-a-apelar-ao-regresso-das-forcas-de-manutencao-da-paz-da-onu\\\/#respond\"]}]},{\"@type\":\"WebPage\",\"@id\":\"https:\\\/\\\/adf-magazine.com\\\/pt-pt\\\/2023\\\/07\\\/situacao-em-darfur-leva-alguns-especialistas-a-apelar-ao-regresso-das-forcas-de-manutencao-da-paz-da-onu\\\/\",\"url\":\"https:\\\/\\\/adf-magazine.com\\\/pt-pt\\\/2023\\\/07\\\/situacao-em-darfur-leva-alguns-especialistas-a-apelar-ao-regresso-das-forcas-de-manutencao-da-paz-da-onu\\\/\",\"name\":\"Situa\u00e7\u00e3o em Darfur Leva Alguns Especialistas a Apelar ao Regresso das For\u00e7as de Manuten\u00e7\u00e3o da Paz da ONU - Africa Defense Forum\",\"isPartOf\":{\"@id\":\"https:\\\/\\\/adf-magazine.com\\\/#website\"},\"primaryImageOfPage\":{\"@id\":\"https:\\\/\\\/adf-magazine.com\\\/pt-pt\\\/2023\\\/07\\\/situacao-em-darfur-leva-alguns-especialistas-a-apelar-ao-regresso-das-forcas-de-manutencao-da-paz-da-onu\\\/#primaryimage\"},\"image\":{\"@id\":\"https:\\\/\\\/adf-magazine.com\\\/pt-pt\\\/2023\\\/07\\\/situacao-em-darfur-leva-alguns-especialistas-a-apelar-ao-regresso-das-forcas-de-manutencao-da-paz-da-onu\\\/#primaryimage\"},\"thumbnailUrl\":\"https:\\\/\\\/adf-magazine.com\\\/wp-content\\\/uploads\\\/2023\\\/07\\\/GettyImages-1231199786.jpg\",\"datePublished\":\"2023-07-05T18:31:47+00:00\",\"dateModified\":\"2023-07-05T18:32:10+00:00\",\"author\":{\"@id\":\"https:\\\/\\\/adf-magazine.com\\\/#\\\/schema\\\/person\\\/f266a6061389568b5a11465bb38bc025\"},\"breadcrumb\":{\"@id\":\"https:\\\/\\\/adf-magazine.com\\\/pt-pt\\\/2023\\\/07\\\/situacao-em-darfur-leva-alguns-especialistas-a-apelar-ao-regresso-das-forcas-de-manutencao-da-paz-da-onu\\\/#breadcrumb\"},\"inLanguage\":\"pt-PT\",\"potentialAction\":[{\"@type\":\"ReadAction\",\"target\":[\"https:\\\/\\\/adf-magazine.com\\\/pt-pt\\\/2023\\\/07\\\/situacao-em-darfur-leva-alguns-especialistas-a-apelar-ao-regresso-das-forcas-de-manutencao-da-paz-da-onu\\\/\"]}]},{\"@type\":\"ImageObject\",\"inLanguage\":\"pt-PT\",\"@id\":\"https:\\\/\\\/adf-magazine.com\\\/pt-pt\\\/2023\\\/07\\\/situacao-em-darfur-leva-alguns-especialistas-a-apelar-ao-regresso-das-forcas-de-manutencao-da-paz-da-onu\\\/#primaryimage\",\"url\":\"https:\\\/\\\/adf-magazine.com\\\/wp-content\\\/uploads\\\/2023\\\/07\\\/GettyImages-1231199786.jpg\",\"contentUrl\":\"https:\\\/\\\/adf-magazine.com\\\/wp-content\\\/uploads\\\/2023\\\/07\\\/GettyImages-1231199786.jpg\",\"width\":1024,\"height\":580,\"caption\":\"A escalada da viol\u00eancia na regi\u00e3o sudanesa de Darfur levou alguns peritos internacionais a apelar ao regresso das for\u00e7as de manuten\u00e7\u00e3o da paz, dois anos ap\u00f3s o fim da anterior miss\u00e3o conjunta da Uni\u00e3o Africana e das Na\u00e7\u00f5es Unidas. AFP\\\/GETTY IMAGES\"},{\"@type\":\"BreadcrumbList\",\"@id\":\"https:\\\/\\\/adf-magazine.com\\\/pt-pt\\\/2023\\\/07\\\/situacao-em-darfur-leva-alguns-especialistas-a-apelar-ao-regresso-das-forcas-de-manutencao-da-paz-da-onu\\\/#breadcrumb\",\"itemListElement\":[{\"@type\":\"ListItem\",\"position\":1,\"name\":\"Home\",\"item\":\"https:\\\/\\\/adf-magazine.com\\\/\"},{\"@type\":\"ListItem\",\"position\":2,\"name\":\"Situa\u00e7\u00e3o em Darfur Leva Alguns Especialistas a Apelar ao Regresso das For\u00e7as de Manuten\u00e7\u00e3o da Paz da ONU\"}]},{\"@type\":\"WebSite\",\"@id\":\"https:\\\/\\\/adf-magazine.com\\\/#website\",\"url\":\"https:\\\/\\\/adf-magazine.com\\\/\",\"name\":\"Africa Defense Forum\",\"description\":\"Africa Defense Forum\",\"potentialAction\":[{\"@type\":\"SearchAction\",\"target\":{\"@type\":\"EntryPoint\",\"urlTemplate\":\"https:\\\/\\\/adf-magazine.com\\\/?s={search_term_string}\"},\"query-input\":{\"@type\":\"PropertyValueSpecification\",\"valueRequired\":true,\"valueName\":\"search_term_string\"}}],\"inLanguage\":\"pt-PT\"},{\"@type\":\"Person\",\"@id\":\"https:\\\/\\\/adf-magazine.com\\\/#\\\/schema\\\/person\\\/f266a6061389568b5a11465bb38bc025\",\"name\":\"ADF\",\"image\":{\"@type\":\"ImageObject\",\"inLanguage\":\"pt-PT\",\"@id\":\"https:\\\/\\\/adf-magazine.com\\\/wp-content\\\/uploads\\\/2020\\\/05\\\/cropped-ADF_icon.jpg\",\"url\":\"https:\\\/\\\/adf-magazine.com\\\/wp-content\\\/uploads\\\/2020\\\/05\\\/cropped-ADF_icon.jpg\",\"contentUrl\":\"https:\\\/\\\/adf-magazine.com\\\/wp-content\\\/uploads\\\/2020\\\/05\\\/cropped-ADF_icon.jpg\",\"caption\":\"ADF\"},\"description\":\"ADF is a professional military magazine published quarterly by U.S. Africa Command to provide an international forum for African security professionals. ADF covers topics such as counter terrorism strategies, security and defense operations, transnational crime, and all other issues affecting peace, stability, and good governance on the African continent.\",\"sameAs\":[\"https:\\\/\\\/x.com\\\/ADFmagazine\"],\"url\":\"https:\\\/\\\/adf-magazine.com\\\/pt-pt\\\/author\\\/adf\\\/\"}]}<\/script>\n<!-- \/ Yoast SEO plugin. -->","yoast_head_json":{"title":"Situa\u00e7\u00e3o em Darfur Leva Alguns Especialistas a Apelar ao Regresso das For\u00e7as de Manuten\u00e7\u00e3o da Paz da ONU - Africa Defense Forum","robots":{"index":"index","follow":"follow","max-snippet":"max-snippet:-1","max-image-preview":"max-image-preview:large","max-video-preview":"max-video-preview:-1"},"canonical":"https:\/\/adf-magazine.com\/pt-pt\/2023\/07\/situacao-em-darfur-leva-alguns-especialistas-a-apelar-ao-regresso-das-forcas-de-manutencao-da-paz-da-onu\/","og_locale":"pt_PT","og_type":"article","og_title":"Situa\u00e7\u00e3o em Darfur Leva Alguns Especialistas a Apelar ao Regresso das For\u00e7as de Manuten\u00e7\u00e3o da Paz da ONU - Africa Defense Forum","og_description":"EQUIPA DA ADF Homens armados expulsaram Dawoud Adam Ishak da sua resid\u00eancia na regi\u00e3o sudanesa de Darfur. \u201cEles vieram \u00e0 noite, quando est\u00e1vamos a dormir,\u201d disse Ishak \u00e0 Voz da Am\u00e9rica. \u201cEnt\u00e3o, acord\u00e1mos e fugimos.\u201d Ishak juntou-se a mais de 100.000 sudaneses que atravessaram a fronteira para o Chade desde o in\u00edcio dos combates, a","og_url":"https:\/\/adf-magazine.com\/pt-pt\/2023\/07\/situacao-em-darfur-leva-alguns-especialistas-a-apelar-ao-regresso-das-forcas-de-manutencao-da-paz-da-onu\/","og_site_name":"Africa Defense Forum","article_publisher":"https:\/\/www.facebook.com\/ADFmagazine\/","article_published_time":"2023-07-05T18:31:47+00:00","article_modified_time":"2023-07-05T18:32:10+00:00","og_image":[{"width":1024,"height":580,"url":"https:\/\/adf-magazine.com\/wp-content\/uploads\/2023\/07\/GettyImages-1231199786.jpg","type":"image\/jpeg"}],"author":"ADF","twitter_card":"summary_large_image","twitter_creator":"@ADFmagazine","twitter_site":"@ADFmagazine","twitter_misc":{"Escrito por":"ADF","Tempo estimado de leitura":"3 minutos"},"schema":{"@context":"https:\/\/schema.org","@graph":[{"@type":"Article","@id":"https:\/\/adf-magazine.com\/pt-pt\/2023\/07\/situacao-em-darfur-leva-alguns-especialistas-a-apelar-ao-regresso-das-forcas-de-manutencao-da-paz-da-onu\/#article","isPartOf":{"@id":"https:\/\/adf-magazine.com\/pt-pt\/2023\/07\/situacao-em-darfur-leva-alguns-especialistas-a-apelar-ao-regresso-das-forcas-de-manutencao-da-paz-da-onu\/"},"author":{"name":"ADF","@id":"https:\/\/adf-magazine.com\/#\/schema\/person\/f266a6061389568b5a11465bb38bc025"},"headline":"Situa\u00e7\u00e3o em Darfur Leva Alguns Especialistas a Apelar ao Regresso das For\u00e7as de Manuten\u00e7\u00e3o da Paz da ONU","datePublished":"2023-07-05T18:31:47+00:00","dateModified":"2023-07-05T18:32:10+00:00","mainEntityOfPage":{"@id":"https:\/\/adf-magazine.com\/pt-pt\/2023\/07\/situacao-em-darfur-leva-alguns-especialistas-a-apelar-ao-regresso-das-forcas-de-manutencao-da-paz-da-onu\/"},"wordCount":707,"commentCount":0,"image":{"@id":"https:\/\/adf-magazine.com\/pt-pt\/2023\/07\/situacao-em-darfur-leva-alguns-especialistas-a-apelar-ao-regresso-das-forcas-de-manutencao-da-paz-da-onu\/#primaryimage"},"thumbnailUrl":"https:\/\/adf-magazine.com\/wp-content\/uploads\/2023\/07\/GettyImages-1231199786.jpg","keywords":["Chade","guerra civil","Manuten\u00e7\u00e3o de Paz","Rep\u00fablica Centro-Africana","Russia","Sud\u00e3o"],"articleSection":["Not\u00edcias diaries"],"inLanguage":"pt-PT","potentialAction":[{"@type":"CommentAction","name":"Comment","target":["https:\/\/adf-magazine.com\/pt-pt\/2023\/07\/situacao-em-darfur-leva-alguns-especialistas-a-apelar-ao-regresso-das-forcas-de-manutencao-da-paz-da-onu\/#respond"]}]},{"@type":"WebPage","@id":"https:\/\/adf-magazine.com\/pt-pt\/2023\/07\/situacao-em-darfur-leva-alguns-especialistas-a-apelar-ao-regresso-das-forcas-de-manutencao-da-paz-da-onu\/","url":"https:\/\/adf-magazine.com\/pt-pt\/2023\/07\/situacao-em-darfur-leva-alguns-especialistas-a-apelar-ao-regresso-das-forcas-de-manutencao-da-paz-da-onu\/","name":"Situa\u00e7\u00e3o em Darfur Leva Alguns Especialistas a Apelar ao Regresso das For\u00e7as de Manuten\u00e7\u00e3o da Paz da ONU - Africa Defense Forum","isPartOf":{"@id":"https:\/\/adf-magazine.com\/#website"},"primaryImageOfPage":{"@id":"https:\/\/adf-magazine.com\/pt-pt\/2023\/07\/situacao-em-darfur-leva-alguns-especialistas-a-apelar-ao-regresso-das-forcas-de-manutencao-da-paz-da-onu\/#primaryimage"},"image":{"@id":"https:\/\/adf-magazine.com\/pt-pt\/2023\/07\/situacao-em-darfur-leva-alguns-especialistas-a-apelar-ao-regresso-das-forcas-de-manutencao-da-paz-da-onu\/#primaryimage"},"thumbnailUrl":"https:\/\/adf-magazine.com\/wp-content\/uploads\/2023\/07\/GettyImages-1231199786.jpg","datePublished":"2023-07-05T18:31:47+00:00","dateModified":"2023-07-05T18:32:10+00:00","author":{"@id":"https:\/\/adf-magazine.com\/#\/schema\/person\/f266a6061389568b5a11465bb38bc025"},"breadcrumb":{"@id":"https:\/\/adf-magazine.com\/pt-pt\/2023\/07\/situacao-em-darfur-leva-alguns-especialistas-a-apelar-ao-regresso-das-forcas-de-manutencao-da-paz-da-onu\/#breadcrumb"},"inLanguage":"pt-PT","potentialAction":[{"@type":"ReadAction","target":["https:\/\/adf-magazine.com\/pt-pt\/2023\/07\/situacao-em-darfur-leva-alguns-especialistas-a-apelar-ao-regresso-das-forcas-de-manutencao-da-paz-da-onu\/"]}]},{"@type":"ImageObject","inLanguage":"pt-PT","@id":"https:\/\/adf-magazine.com\/pt-pt\/2023\/07\/situacao-em-darfur-leva-alguns-especialistas-a-apelar-ao-regresso-das-forcas-de-manutencao-da-paz-da-onu\/#primaryimage","url":"https:\/\/adf-magazine.com\/wp-content\/uploads\/2023\/07\/GettyImages-1231199786.jpg","contentUrl":"https:\/\/adf-magazine.com\/wp-content\/uploads\/2023\/07\/GettyImages-1231199786.jpg","width":1024,"height":580,"caption":"A escalada da viol\u00eancia na regi\u00e3o sudanesa de Darfur levou alguns peritos internacionais a apelar ao regresso das for\u00e7as de manuten\u00e7\u00e3o da paz, dois anos ap\u00f3s o fim da anterior miss\u00e3o conjunta da Uni\u00e3o Africana e das Na\u00e7\u00f5es Unidas. AFP\/GETTY IMAGES"},{"@type":"BreadcrumbList","@id":"https:\/\/adf-magazine.com\/pt-pt\/2023\/07\/situacao-em-darfur-leva-alguns-especialistas-a-apelar-ao-regresso-das-forcas-de-manutencao-da-paz-da-onu\/#breadcrumb","itemListElement":[{"@type":"ListItem","position":1,"name":"Home","item":"https:\/\/adf-magazine.com\/"},{"@type":"ListItem","position":2,"name":"Situa\u00e7\u00e3o em Darfur Leva Alguns Especialistas a Apelar ao Regresso das For\u00e7as de Manuten\u00e7\u00e3o da Paz da ONU"}]},{"@type":"WebSite","@id":"https:\/\/adf-magazine.com\/#website","url":"https:\/\/adf-magazine.com\/","name":"Africa Defense Forum","description":"Africa Defense Forum","potentialAction":[{"@type":"SearchAction","target":{"@type":"EntryPoint","urlTemplate":"https:\/\/adf-magazine.com\/?s={search_term_string}"},"query-input":{"@type":"PropertyValueSpecification","valueRequired":true,"valueName":"search_term_string"}}],"inLanguage":"pt-PT"},{"@type":"Person","@id":"https:\/\/adf-magazine.com\/#\/schema\/person\/f266a6061389568b5a11465bb38bc025","name":"ADF","image":{"@type":"ImageObject","inLanguage":"pt-PT","@id":"https:\/\/adf-magazine.com\/wp-content\/uploads\/2020\/05\/cropped-ADF_icon.jpg","url":"https:\/\/adf-magazine.com\/wp-content\/uploads\/2020\/05\/cropped-ADF_icon.jpg","contentUrl":"https:\/\/adf-magazine.com\/wp-content\/uploads\/2020\/05\/cropped-ADF_icon.jpg","caption":"ADF"},"description":"ADF is a professional military magazine published quarterly by U.S. Africa Command to provide an international forum for African security professionals. ADF covers topics such as counter terrorism strategies, security and defense operations, transnational crime, and all other issues affecting peace, stability, and good governance on the African continent.","sameAs":["https:\/\/x.com\/ADFmagazine"],"url":"https:\/\/adf-magazine.com\/pt-pt\/author\/adf\/"}]}},"_links":{"self":[{"href":"https:\/\/adf-magazine.com\/pt-pt\/wp-json\/wp\/v2\/posts\/107067","targetHints":{"allow":["GET"]}}],"collection":[{"href":"https:\/\/adf-magazine.com\/pt-pt\/wp-json\/wp\/v2\/posts"}],"about":[{"href":"https:\/\/adf-magazine.com\/pt-pt\/wp-json\/wp\/v2\/types\/post"}],"author":[{"embeddable":true,"href":"https:\/\/adf-magazine.com\/pt-pt\/wp-json\/wp\/v2\/users\/1"}],"replies":[{"embeddable":true,"href":"https:\/\/adf-magazine.com\/pt-pt\/wp-json\/wp\/v2\/comments?post=107067"}],"version-history":[{"count":0,"href":"https:\/\/adf-magazine.com\/pt-pt\/wp-json\/wp\/v2\/posts\/107067\/revisions"}],"wp:featuredmedia":[{"embeddable":true,"href":"https:\/\/adf-magazine.com\/pt-pt\/wp-json\/wp\/v2\/media\/107063"}],"wp:attachment":[{"href":"https:\/\/adf-magazine.com\/pt-pt\/wp-json\/wp\/v2\/media?parent=107067"}],"wp:term":[{"taxonomy":"category","embeddable":true,"href":"https:\/\/adf-magazine.com\/pt-pt\/wp-json\/wp\/v2\/categories?post=107067"},{"taxonomy":"post_tag","embeddable":true,"href":"https:\/\/adf-magazine.com\/pt-pt\/wp-json\/wp\/v2\/tags?post=107067"}],"curies":[{"name":"wp","href":"https:\/\/api.w.org\/{rel}","templated":true}]}}