{"id":106134,"date":"2023-05-23T14:37:59","date_gmt":"2023-05-23T18:37:59","guid":{"rendered":"https:\/\/adf-magazine.com\/?p=106134"},"modified":"2023-05-23T14:42:02","modified_gmt":"2023-05-23T18:42:02","slug":"lideres-de-inteligencia-militar-debatem-cooperacao-numa-conferencia-em-angola","status":"publish","type":"post","link":"https:\/\/adf-magazine.com\/pt-pt\/2023\/05\/lideres-de-inteligencia-militar-debatem-cooperacao-numa-conferencia-em-angola\/","title":{"rendered":"L\u00edderes de Intelig\u00eancia Militar Debatem Coopera\u00e7\u00e3o Numa Confer\u00eancia em Angola"},"content":{"rendered":"<div><span lang=\"pt\">EQUIPA DA ADF<br \/>\n<\/span><\/div>\n<div><span lang=\"pt\">\u00a0<\/span><\/div>\n<div>\n<p><span lang=\"pt\">Combater o extremismo violento exige que os militares partilhem o que sabem e coordenem as ac\u00e7\u00f5es com os seus aliados.<\/span><\/p>\n<p>Esta foi uma das conclus\u00f5es da Confer\u00eancia dos Directores de Intelig\u00eancia Militar de 2023 em Luanda, Angola, no final de Abril. O evento foi organizado pelo Servi\u00e7o de Intelig\u00eancia e Seguran\u00e7a Militar de Angola e pelo Comando dos Estados Unidos para \u00c1frica (AFRICOM).<\/p>\n<p><span class=\"y2iqfc\">A confer\u00eancia ofereceu uma plataforma para os l\u00edderes dos servi\u00e7os de informa\u00e7\u00f5es militares desenvolverem solu\u00e7\u00f5es para os desafios partilhados pelas na\u00e7\u00f5es africanas, onde grupos <\/span>extremistas como o al-Shabaab, o Ansaroul Islam, o Boko Haram, o Estado Isl\u00e2mico e o Jama&#8217;at Nusrat al-Islam wal Muslimeen est\u00e3o a tentar expandir o seu alcance.<br \/>\n<span class=\"y2iqfc\"><br \/>\n<\/span>\u201cSozinhos, estamos condenados ao fracasso,\u201d disse o General Jo\u00e3o Pereira Massano, director do Servi\u00e7o de Intelig\u00eancia e Seguran\u00e7a Militar de Angola.<span class=\"contentpasted0\">\u201c<\/span>Se pretendemos vencer, temos de cooperar, estar unidos, ser tecnicamente capazes e, com a precis\u00e3o certa, seremos bem-sucedidos.\u201d<\/p>\n<p><span class=\"y2iqfc\">Massano acrescentou que os l\u00edderes da intelig\u00eancia militar t\u00eam a \u201cresponsabilidade estrat\u00e9gica\u201d de ajudar no planeamento e nas decis\u00f5es dos l\u00edderes pol\u00edticos. Defendeu tamb\u00e9m o refor\u00e7o das parcerias e solu\u00e7\u00f5es inovadoras para que os Estados possam ultrapassar os desafios que os servi\u00e7os de intelig\u00eancia enfrentam.<\/span><\/p>\n<p>A confer\u00eancia foi oportuna, uma vez que a viol\u00eancia extremista no continente atingiu um ponto de ebuli\u00e7\u00e3o. Em 2021, quase metade de todas as mortes relacionadas com o terrorismo global ocorreram na \u00c1frica Subsaariana, de acordo com o Programa das Na\u00e7\u00f5es Unidas para o Desenvolvimento.<\/p>\n<p>Em \u00e1reas com fraca seguran\u00e7a, as organiza\u00e7\u00f5es terroristas assumem o controlo das principais rotas comerciais, aplicam uma justi\u00e7a brutal, cobram impostos \u00e0s empresas locais e cometem raptos para obter resgate. Um n\u00famero crescente de jovens desempregados est\u00e1 a juntar-se \u00e0s suas fileiras.<\/p>\n<p>Massano sublinhou os resultados positivos da coopera\u00e7\u00e3o internacional e dos esfor\u00e7os diplom\u00e1ticos contra o terrorismo na prov\u00edncia mo\u00e7ambicana de Cabo Delgado, onde as opera\u00e7\u00f5es militares internacionais ajudaram a recuperar \u00e1reas-chave dos insurgentes, incluindo a cidade portu\u00e1ria de <em>Moc\u00edmboa da Praia<\/em>.<\/p>\n<p>Desde que a R\u00fassia invadiu a Ucr\u00e2nia, os esfor\u00e7os para combater as organiza\u00e7\u00f5es extremistas e terroristas no continente t\u00eam vacilado. Os analistas dizem que a presen\u00e7a do Grupo Wagner, de mercen\u00e1rios russos, em \u00c1frica, desestabilizou ainda muitas mais \u00e1reas. O grupo \u00e9 acusado de pilhar recursos naturais e cometer abusos de direitos humanos, o que leva alguns civis a estarem do lado de grupos terroristas.<\/p>\n<p><span class=\"y2iqfc\">Como observou Massano, a guerra da R\u00fassia gera perdas nas economias mundiais, especialmente nas emergentes, que s\u00e3o for\u00e7adas a reprogramar os seus planos de desenvolvimento nacional.<\/span><\/p>\n<p>A Brigadeira-General Rose Keravuori, directora-adjunta dos servi\u00e7os de intelig\u00eancia do AFRICOM, afirmou que a luta contra o extremismo exige um equil\u00edbrio entre diplomacia, coopera\u00e7\u00e3o e for\u00e7a.<\/p>\n<p>\u201cOs militares sozinhos n\u00e3o conseguem alcan\u00e7ar a paz,\u201d disse Keravuori.<\/p>\n<p>Keravuori tamb\u00e9m sublinhou a import\u00e2ncia de refor\u00e7ar a partilha de informa\u00e7\u00f5es entre os l\u00edderes dos servi\u00e7os de intelig\u00eancia para melhor enfrentar as amea\u00e7as globais, acrescentando que a \u00c1frica tem um papel central como uma \u201cenorme for\u00e7a geopol\u00edtica.\u201d<\/p>\n<p>Keravuori defendeu uma maior representa\u00e7\u00e3o das na\u00e7\u00f5es africanas nos organismos mundiais.<\/p>\n<p>\u201cEst\u00e3o a ser envidados esfor\u00e7os no sentido de reformar o actual quadro do sistema global para que as na\u00e7\u00f5es africanas tenham finalmente um lugar \u00e0 mesa das decis\u00f5es, para que as vozes africanas sejam ouvidas em institui\u00e7\u00f5es multilaterais globais influentes, como o Banco Mundial e o FMI [Fundo Monet\u00e1rio Internacional],\u201d afirmou Keravuori. \u201cOs EUA apoiam a atribui\u00e7\u00e3o de um lugar permanente da Uni\u00e3o Africana no Conselho de Seguran\u00e7a da ONU e a inclus\u00e3o de \u00c1frica no G-20.\u201d<\/p>\n<\/div>\n","protected":false},"excerpt":{"rendered":"<p>EQUIPA DA ADF \u00a0 Combater o extremismo violento exige que os militares partilhem o que sabem e coordenem as ac\u00e7\u00f5es com os seus aliados. Esta foi uma das conclus\u00f5es da Confer\u00eancia dos Directores de Intelig\u00eancia Militar de 2023 em Luanda, Angola, no final de Abril. O evento foi organizado pelo Servi\u00e7o de Intelig\u00eancia e Seguran\u00e7a<\/p>\n","protected":false},"author":1,"featured_media":106132,"comment_status":"open","ping_status":"closed","sticky":false,"template":"","format":"standard","meta":{"_acf_changed":false,"_monsterinsights_skip_tracking":false,"_monsterinsights_sitenote_active":false,"_monsterinsights_sitenote_note":"","_monsterinsights_sitenote_category":0,"_uf_show_specific_survey":0,"_uf_disable_surveys":false,"footnotes":""},"categories":[363],"tags":[574,561,534],"class_list":{"0":"post-106134","1":"post","2":"type-post","3":"status-publish","4":"format-standard","5":"has-post-thumbnail","7":"category-melhores-historias","8":"tag-angola-pt-pt","9":"tag-extremism-pt-pt","10":"tag-terrorismo"},"acf":[],"yoast_head":"<!-- This site is optimized with the Yoast SEO plugin v27.5 - https:\/\/yoast.com\/product\/yoast-seo-wordpress\/ -->\n<title>L\u00edderes de Intelig\u00eancia Militar Debatem Coopera\u00e7\u00e3o Numa Confer\u00eancia em Angola - Africa Defense Forum<\/title>\n<meta name=\"robots\" content=\"index, follow, max-snippet:-1, max-image-preview:large, max-video-preview:-1\" \/>\n<link rel=\"canonical\" href=\"https:\/\/adf-magazine.com\/pt-pt\/2023\/05\/lideres-de-inteligencia-militar-debatem-cooperacao-numa-conferencia-em-angola\/\" \/>\n<meta property=\"og:locale\" content=\"pt_PT\" \/>\n<meta property=\"og:type\" content=\"article\" \/>\n<meta property=\"og:title\" content=\"L\u00edderes de Intelig\u00eancia Militar Debatem Coopera\u00e7\u00e3o Numa Confer\u00eancia em Angola - Africa Defense Forum\" \/>\n<meta property=\"og:description\" content=\"EQUIPA DA ADF \u00a0 Combater o extremismo violento exige que os militares partilhem o que sabem e coordenem as ac\u00e7\u00f5es com os seus aliados. Esta foi uma das conclus\u00f5es da Confer\u00eancia dos Directores de Intelig\u00eancia Militar de 2023 em Luanda, Angola, no final de Abril. O evento foi organizado pelo Servi\u00e7o de Intelig\u00eancia e Seguran\u00e7a\" \/>\n<meta property=\"og:url\" content=\"https:\/\/adf-magazine.com\/pt-pt\/2023\/05\/lideres-de-inteligencia-militar-debatem-cooperacao-numa-conferencia-em-angola\/\" \/>\n<meta property=\"og:site_name\" content=\"Africa Defense Forum\" \/>\n<meta property=\"article:publisher\" content=\"https:\/\/www.facebook.com\/ADFmagazine\/\" \/>\n<meta property=\"article:published_time\" content=\"2023-05-23T18:37:59+00:00\" \/>\n<meta property=\"article:modified_time\" content=\"2023-05-23T18:42:02+00:00\" \/>\n<meta property=\"og:image\" content=\"https:\/\/adf-magazine.com\/wp-content\/uploads\/2023\/05\/dmic.jpg\" \/>\n\t<meta property=\"og:image:width\" content=\"1606\" \/>\n\t<meta property=\"og:image:height\" content=\"1193\" \/>\n\t<meta property=\"og:image:type\" content=\"image\/jpeg\" \/>\n<meta name=\"author\" content=\"ADF\" \/>\n<meta name=\"twitter:card\" content=\"summary_large_image\" \/>\n<meta name=\"twitter:creator\" content=\"@ADFmagazine\" \/>\n<meta name=\"twitter:site\" content=\"@ADFmagazine\" \/>\n<meta name=\"twitter:label1\" content=\"Escrito por\" \/>\n\t<meta name=\"twitter:data1\" content=\"ADF\" \/>\n\t<meta name=\"twitter:label2\" content=\"Tempo estimado de leitura\" \/>\n\t<meta name=\"twitter:data2\" content=\"3 minutos\" \/>\n<script type=\"application\/ld+json\" class=\"yoast-schema-graph\">{\"@context\":\"https:\\\/\\\/schema.org\",\"@graph\":[{\"@type\":\"Article\",\"@id\":\"https:\\\/\\\/adf-magazine.com\\\/pt-pt\\\/2023\\\/05\\\/lideres-de-inteligencia-militar-debatem-cooperacao-numa-conferencia-em-angola\\\/#article\",\"isPartOf\":{\"@id\":\"https:\\\/\\\/adf-magazine.com\\\/pt-pt\\\/2023\\\/05\\\/lideres-de-inteligencia-militar-debatem-cooperacao-numa-conferencia-em-angola\\\/\"},\"author\":{\"name\":\"ADF\",\"@id\":\"https:\\\/\\\/adf-magazine.com\\\/#\\\/schema\\\/person\\\/f266a6061389568b5a11465bb38bc025\"},\"headline\":\"L\u00edderes de Intelig\u00eancia Militar Debatem Coopera\u00e7\u00e3o Numa Confer\u00eancia em Angola\",\"datePublished\":\"2023-05-23T18:37:59+00:00\",\"dateModified\":\"2023-05-23T18:42:02+00:00\",\"mainEntityOfPage\":{\"@id\":\"https:\\\/\\\/adf-magazine.com\\\/pt-pt\\\/2023\\\/05\\\/lideres-de-inteligencia-militar-debatem-cooperacao-numa-conferencia-em-angola\\\/\"},\"wordCount\":678,\"commentCount\":0,\"image\":{\"@id\":\"https:\\\/\\\/adf-magazine.com\\\/pt-pt\\\/2023\\\/05\\\/lideres-de-inteligencia-militar-debatem-cooperacao-numa-conferencia-em-angola\\\/#primaryimage\"},\"thumbnailUrl\":\"https:\\\/\\\/adf-magazine.com\\\/wp-content\\\/uploads\\\/2023\\\/05\\\/dmic.jpg\",\"keywords\":[\"Angola\",\"extremism\",\"Terrorismo\"],\"articleSection\":[\"Not\u00edcias diaries\"],\"inLanguage\":\"pt-PT\",\"potentialAction\":[{\"@type\":\"CommentAction\",\"name\":\"Comment\",\"target\":[\"https:\\\/\\\/adf-magazine.com\\\/pt-pt\\\/2023\\\/05\\\/lideres-de-inteligencia-militar-debatem-cooperacao-numa-conferencia-em-angola\\\/#respond\"]}]},{\"@type\":\"WebPage\",\"@id\":\"https:\\\/\\\/adf-magazine.com\\\/pt-pt\\\/2023\\\/05\\\/lideres-de-inteligencia-militar-debatem-cooperacao-numa-conferencia-em-angola\\\/\",\"url\":\"https:\\\/\\\/adf-magazine.com\\\/pt-pt\\\/2023\\\/05\\\/lideres-de-inteligencia-militar-debatem-cooperacao-numa-conferencia-em-angola\\\/\",\"name\":\"L\u00edderes de Intelig\u00eancia Militar Debatem Coopera\u00e7\u00e3o Numa Confer\u00eancia em Angola - Africa Defense Forum\",\"isPartOf\":{\"@id\":\"https:\\\/\\\/adf-magazine.com\\\/#website\"},\"primaryImageOfPage\":{\"@id\":\"https:\\\/\\\/adf-magazine.com\\\/pt-pt\\\/2023\\\/05\\\/lideres-de-inteligencia-militar-debatem-cooperacao-numa-conferencia-em-angola\\\/#primaryimage\"},\"image\":{\"@id\":\"https:\\\/\\\/adf-magazine.com\\\/pt-pt\\\/2023\\\/05\\\/lideres-de-inteligencia-militar-debatem-cooperacao-numa-conferencia-em-angola\\\/#primaryimage\"},\"thumbnailUrl\":\"https:\\\/\\\/adf-magazine.com\\\/wp-content\\\/uploads\\\/2023\\\/05\\\/dmic.jpg\",\"datePublished\":\"2023-05-23T18:37:59+00:00\",\"dateModified\":\"2023-05-23T18:42:02+00:00\",\"author\":{\"@id\":\"https:\\\/\\\/adf-magazine.com\\\/#\\\/schema\\\/person\\\/f266a6061389568b5a11465bb38bc025\"},\"breadcrumb\":{\"@id\":\"https:\\\/\\\/adf-magazine.com\\\/pt-pt\\\/2023\\\/05\\\/lideres-de-inteligencia-militar-debatem-cooperacao-numa-conferencia-em-angola\\\/#breadcrumb\"},\"inLanguage\":\"pt-PT\",\"potentialAction\":[{\"@type\":\"ReadAction\",\"target\":[\"https:\\\/\\\/adf-magazine.com\\\/pt-pt\\\/2023\\\/05\\\/lideres-de-inteligencia-militar-debatem-cooperacao-numa-conferencia-em-angola\\\/\"]}]},{\"@type\":\"ImageObject\",\"inLanguage\":\"pt-PT\",\"@id\":\"https:\\\/\\\/adf-magazine.com\\\/pt-pt\\\/2023\\\/05\\\/lideres-de-inteligencia-militar-debatem-cooperacao-numa-conferencia-em-angola\\\/#primaryimage\",\"url\":\"https:\\\/\\\/adf-magazine.com\\\/wp-content\\\/uploads\\\/2023\\\/05\\\/dmic.jpg\",\"contentUrl\":\"https:\\\/\\\/adf-magazine.com\\\/wp-content\\\/uploads\\\/2023\\\/05\\\/dmic.jpg\",\"width\":1606,\"height\":1193,\"caption\":\"L\u00edderes africanos dos servi\u00e7os de intelig\u00eancia participam numa confer\u00eancia internacional em Angola. COMANDO DOS ESTADOS UNIDOS PARA \u00c1FRICA\"},{\"@type\":\"BreadcrumbList\",\"@id\":\"https:\\\/\\\/adf-magazine.com\\\/pt-pt\\\/2023\\\/05\\\/lideres-de-inteligencia-militar-debatem-cooperacao-numa-conferencia-em-angola\\\/#breadcrumb\",\"itemListElement\":[{\"@type\":\"ListItem\",\"position\":1,\"name\":\"Home\",\"item\":\"https:\\\/\\\/adf-magazine.com\\\/\"},{\"@type\":\"ListItem\",\"position\":2,\"name\":\"L\u00edderes de Intelig\u00eancia Militar Debatem Coopera\u00e7\u00e3o Numa Confer\u00eancia em Angola\"}]},{\"@type\":\"WebSite\",\"@id\":\"https:\\\/\\\/adf-magazine.com\\\/#website\",\"url\":\"https:\\\/\\\/adf-magazine.com\\\/\",\"name\":\"Africa Defense Forum\",\"description\":\"Africa Defense Forum\",\"potentialAction\":[{\"@type\":\"SearchAction\",\"target\":{\"@type\":\"EntryPoint\",\"urlTemplate\":\"https:\\\/\\\/adf-magazine.com\\\/?s={search_term_string}\"},\"query-input\":{\"@type\":\"PropertyValueSpecification\",\"valueRequired\":true,\"valueName\":\"search_term_string\"}}],\"inLanguage\":\"pt-PT\"},{\"@type\":\"Person\",\"@id\":\"https:\\\/\\\/adf-magazine.com\\\/#\\\/schema\\\/person\\\/f266a6061389568b5a11465bb38bc025\",\"name\":\"ADF\",\"image\":{\"@type\":\"ImageObject\",\"inLanguage\":\"pt-PT\",\"@id\":\"https:\\\/\\\/adf-magazine.com\\\/wp-content\\\/uploads\\\/2020\\\/05\\\/cropped-ADF_icon.jpg\",\"url\":\"https:\\\/\\\/adf-magazine.com\\\/wp-content\\\/uploads\\\/2020\\\/05\\\/cropped-ADF_icon.jpg\",\"contentUrl\":\"https:\\\/\\\/adf-magazine.com\\\/wp-content\\\/uploads\\\/2020\\\/05\\\/cropped-ADF_icon.jpg\",\"caption\":\"ADF\"},\"description\":\"ADF is a professional military magazine published quarterly by U.S. Africa Command to provide an international forum for African security professionals. ADF covers topics such as counter terrorism strategies, security and defense operations, transnational crime, and all other issues affecting peace, stability, and good governance on the African continent.\",\"sameAs\":[\"https:\\\/\\\/x.com\\\/ADFmagazine\"],\"url\":\"https:\\\/\\\/adf-magazine.com\\\/pt-pt\\\/author\\\/adf\\\/\"}]}<\/script>\n<!-- \/ Yoast SEO plugin. -->","yoast_head_json":{"title":"L\u00edderes de Intelig\u00eancia Militar Debatem Coopera\u00e7\u00e3o Numa Confer\u00eancia em Angola - Africa Defense Forum","robots":{"index":"index","follow":"follow","max-snippet":"max-snippet:-1","max-image-preview":"max-image-preview:large","max-video-preview":"max-video-preview:-1"},"canonical":"https:\/\/adf-magazine.com\/pt-pt\/2023\/05\/lideres-de-inteligencia-militar-debatem-cooperacao-numa-conferencia-em-angola\/","og_locale":"pt_PT","og_type":"article","og_title":"L\u00edderes de Intelig\u00eancia Militar Debatem Coopera\u00e7\u00e3o Numa Confer\u00eancia em Angola - Africa Defense Forum","og_description":"EQUIPA DA ADF \u00a0 Combater o extremismo violento exige que os militares partilhem o que sabem e coordenem as ac\u00e7\u00f5es com os seus aliados. Esta foi uma das conclus\u00f5es da Confer\u00eancia dos Directores de Intelig\u00eancia Militar de 2023 em Luanda, Angola, no final de Abril. O evento foi organizado pelo Servi\u00e7o de Intelig\u00eancia e Seguran\u00e7a","og_url":"https:\/\/adf-magazine.com\/pt-pt\/2023\/05\/lideres-de-inteligencia-militar-debatem-cooperacao-numa-conferencia-em-angola\/","og_site_name":"Africa Defense Forum","article_publisher":"https:\/\/www.facebook.com\/ADFmagazine\/","article_published_time":"2023-05-23T18:37:59+00:00","article_modified_time":"2023-05-23T18:42:02+00:00","og_image":[{"width":1606,"height":1193,"url":"https:\/\/adf-magazine.com\/wp-content\/uploads\/2023\/05\/dmic.jpg","type":"image\/jpeg"}],"author":"ADF","twitter_card":"summary_large_image","twitter_creator":"@ADFmagazine","twitter_site":"@ADFmagazine","twitter_misc":{"Escrito por":"ADF","Tempo estimado de leitura":"3 minutos"},"schema":{"@context":"https:\/\/schema.org","@graph":[{"@type":"Article","@id":"https:\/\/adf-magazine.com\/pt-pt\/2023\/05\/lideres-de-inteligencia-militar-debatem-cooperacao-numa-conferencia-em-angola\/#article","isPartOf":{"@id":"https:\/\/adf-magazine.com\/pt-pt\/2023\/05\/lideres-de-inteligencia-militar-debatem-cooperacao-numa-conferencia-em-angola\/"},"author":{"name":"ADF","@id":"https:\/\/adf-magazine.com\/#\/schema\/person\/f266a6061389568b5a11465bb38bc025"},"headline":"L\u00edderes de Intelig\u00eancia Militar Debatem Coopera\u00e7\u00e3o Numa Confer\u00eancia em Angola","datePublished":"2023-05-23T18:37:59+00:00","dateModified":"2023-05-23T18:42:02+00:00","mainEntityOfPage":{"@id":"https:\/\/adf-magazine.com\/pt-pt\/2023\/05\/lideres-de-inteligencia-militar-debatem-cooperacao-numa-conferencia-em-angola\/"},"wordCount":678,"commentCount":0,"image":{"@id":"https:\/\/adf-magazine.com\/pt-pt\/2023\/05\/lideres-de-inteligencia-militar-debatem-cooperacao-numa-conferencia-em-angola\/#primaryimage"},"thumbnailUrl":"https:\/\/adf-magazine.com\/wp-content\/uploads\/2023\/05\/dmic.jpg","keywords":["Angola","extremism","Terrorismo"],"articleSection":["Not\u00edcias diaries"],"inLanguage":"pt-PT","potentialAction":[{"@type":"CommentAction","name":"Comment","target":["https:\/\/adf-magazine.com\/pt-pt\/2023\/05\/lideres-de-inteligencia-militar-debatem-cooperacao-numa-conferencia-em-angola\/#respond"]}]},{"@type":"WebPage","@id":"https:\/\/adf-magazine.com\/pt-pt\/2023\/05\/lideres-de-inteligencia-militar-debatem-cooperacao-numa-conferencia-em-angola\/","url":"https:\/\/adf-magazine.com\/pt-pt\/2023\/05\/lideres-de-inteligencia-militar-debatem-cooperacao-numa-conferencia-em-angola\/","name":"L\u00edderes de Intelig\u00eancia Militar Debatem Coopera\u00e7\u00e3o Numa Confer\u00eancia em Angola - Africa Defense Forum","isPartOf":{"@id":"https:\/\/adf-magazine.com\/#website"},"primaryImageOfPage":{"@id":"https:\/\/adf-magazine.com\/pt-pt\/2023\/05\/lideres-de-inteligencia-militar-debatem-cooperacao-numa-conferencia-em-angola\/#primaryimage"},"image":{"@id":"https:\/\/adf-magazine.com\/pt-pt\/2023\/05\/lideres-de-inteligencia-militar-debatem-cooperacao-numa-conferencia-em-angola\/#primaryimage"},"thumbnailUrl":"https:\/\/adf-magazine.com\/wp-content\/uploads\/2023\/05\/dmic.jpg","datePublished":"2023-05-23T18:37:59+00:00","dateModified":"2023-05-23T18:42:02+00:00","author":{"@id":"https:\/\/adf-magazine.com\/#\/schema\/person\/f266a6061389568b5a11465bb38bc025"},"breadcrumb":{"@id":"https:\/\/adf-magazine.com\/pt-pt\/2023\/05\/lideres-de-inteligencia-militar-debatem-cooperacao-numa-conferencia-em-angola\/#breadcrumb"},"inLanguage":"pt-PT","potentialAction":[{"@type":"ReadAction","target":["https:\/\/adf-magazine.com\/pt-pt\/2023\/05\/lideres-de-inteligencia-militar-debatem-cooperacao-numa-conferencia-em-angola\/"]}]},{"@type":"ImageObject","inLanguage":"pt-PT","@id":"https:\/\/adf-magazine.com\/pt-pt\/2023\/05\/lideres-de-inteligencia-militar-debatem-cooperacao-numa-conferencia-em-angola\/#primaryimage","url":"https:\/\/adf-magazine.com\/wp-content\/uploads\/2023\/05\/dmic.jpg","contentUrl":"https:\/\/adf-magazine.com\/wp-content\/uploads\/2023\/05\/dmic.jpg","width":1606,"height":1193,"caption":"L\u00edderes africanos dos servi\u00e7os de intelig\u00eancia participam numa confer\u00eancia internacional em Angola. COMANDO DOS ESTADOS UNIDOS PARA \u00c1FRICA"},{"@type":"BreadcrumbList","@id":"https:\/\/adf-magazine.com\/pt-pt\/2023\/05\/lideres-de-inteligencia-militar-debatem-cooperacao-numa-conferencia-em-angola\/#breadcrumb","itemListElement":[{"@type":"ListItem","position":1,"name":"Home","item":"https:\/\/adf-magazine.com\/"},{"@type":"ListItem","position":2,"name":"L\u00edderes de Intelig\u00eancia Militar Debatem Coopera\u00e7\u00e3o Numa Confer\u00eancia em Angola"}]},{"@type":"WebSite","@id":"https:\/\/adf-magazine.com\/#website","url":"https:\/\/adf-magazine.com\/","name":"Africa Defense Forum","description":"Africa Defense Forum","potentialAction":[{"@type":"SearchAction","target":{"@type":"EntryPoint","urlTemplate":"https:\/\/adf-magazine.com\/?s={search_term_string}"},"query-input":{"@type":"PropertyValueSpecification","valueRequired":true,"valueName":"search_term_string"}}],"inLanguage":"pt-PT"},{"@type":"Person","@id":"https:\/\/adf-magazine.com\/#\/schema\/person\/f266a6061389568b5a11465bb38bc025","name":"ADF","image":{"@type":"ImageObject","inLanguage":"pt-PT","@id":"https:\/\/adf-magazine.com\/wp-content\/uploads\/2020\/05\/cropped-ADF_icon.jpg","url":"https:\/\/adf-magazine.com\/wp-content\/uploads\/2020\/05\/cropped-ADF_icon.jpg","contentUrl":"https:\/\/adf-magazine.com\/wp-content\/uploads\/2020\/05\/cropped-ADF_icon.jpg","caption":"ADF"},"description":"ADF is a professional military magazine published quarterly by U.S. Africa Command to provide an international forum for African security professionals. ADF covers topics such as counter terrorism strategies, security and defense operations, transnational crime, and all other issues affecting peace, stability, and good governance on the African continent.","sameAs":["https:\/\/x.com\/ADFmagazine"],"url":"https:\/\/adf-magazine.com\/pt-pt\/author\/adf\/"}]}},"_links":{"self":[{"href":"https:\/\/adf-magazine.com\/pt-pt\/wp-json\/wp\/v2\/posts\/106134","targetHints":{"allow":["GET"]}}],"collection":[{"href":"https:\/\/adf-magazine.com\/pt-pt\/wp-json\/wp\/v2\/posts"}],"about":[{"href":"https:\/\/adf-magazine.com\/pt-pt\/wp-json\/wp\/v2\/types\/post"}],"author":[{"embeddable":true,"href":"https:\/\/adf-magazine.com\/pt-pt\/wp-json\/wp\/v2\/users\/1"}],"replies":[{"embeddable":true,"href":"https:\/\/adf-magazine.com\/pt-pt\/wp-json\/wp\/v2\/comments?post=106134"}],"version-history":[{"count":0,"href":"https:\/\/adf-magazine.com\/pt-pt\/wp-json\/wp\/v2\/posts\/106134\/revisions"}],"wp:featuredmedia":[{"embeddable":true,"href":"https:\/\/adf-magazine.com\/pt-pt\/wp-json\/wp\/v2\/media\/106132"}],"wp:attachment":[{"href":"https:\/\/adf-magazine.com\/pt-pt\/wp-json\/wp\/v2\/media?parent=106134"}],"wp:term":[{"taxonomy":"category","embeddable":true,"href":"https:\/\/adf-magazine.com\/pt-pt\/wp-json\/wp\/v2\/categories?post=106134"},{"taxonomy":"post_tag","embeddable":true,"href":"https:\/\/adf-magazine.com\/pt-pt\/wp-json\/wp\/v2\/tags?post=106134"}],"curies":[{"name":"wp","href":"https:\/\/api.w.org\/{rel}","templated":true}]}}