{"id":106107,"date":"2023-05-23T14:08:21","date_gmt":"2023-05-23T18:08:21","guid":{"rendered":"https:\/\/adf-magazine.com\/?p=106107"},"modified":"2023-05-23T14:09:50","modified_gmt":"2023-05-23T18:09:50","slug":"tropas-da-sadc-juntam-se-ao-esforco-para-proteger-a-rdc","status":"publish","type":"post","link":"https:\/\/adf-magazine.com\/pt-pt\/2023\/05\/tropas-da-sadc-juntam-se-ao-esforco-para-proteger-a-rdc\/","title":{"rendered":"Tropas da SADC Juntam-se ao Esfor\u00e7o para Proteger a RDC"},"content":{"rendered":"<div>\n<p class=\"articlebody-text\"><span lang=\"pt\">EQUIPA DA ADF<br \/>\n<\/span><span lang=\"pt\"><br \/>\n<\/span><span class=\"contentpasted0\"><span lang=\"pt\">A <\/span><\/span><span lang=\"pt\">Comunidade para o Desenvolvimento da \u00c1frica Austral (SADC) concordou, no in\u00edcio de Maio, em enviar tropas para o leste da Rep\u00fablica Democr\u00e1tica do Congo (RDC) para ajudar a restaurar a paz. As tropas ir\u00e3o trabalhar em conjunto com as tropas j\u00e1 destacadas da For\u00e7a Regional da Comunidade da \u00c1frica Oriental (EACRF)<\/span><\/p>\n<p>N\u00e3o est\u00e1 claro o n\u00famero de tropas da SADC que ser\u00e3o destacadas para a regi\u00e3o em conflito nem o tempo que l\u00e1 permanecer\u00e3o.\u00a0As tropas de tr\u00eas pa\u00edses da SADC \u2014 Malawi, \u00c1frica do Sul e Tanz\u00e2nia \u2014 operam no leste da RDC h\u00e1 uma d\u00e9cada sob a \u00e9gide da for\u00e7a de manuten\u00e7\u00e3o da paz das Na\u00e7\u00f5es Unidas, a MONUSCO.<\/p>\n<p>A SADC aprovou o destacamento durante uma cimeira na Nam\u00edbia. Os l\u00edderes pol\u00edticos da RDC esperam que as tropas da SADC actuem rapidamente para conter os grupos rebeldes.<\/p>\n<p>\u201cA quest\u00e3o \u00e9: como ser\u00e1 a coexist\u00eancia entre a brigada da SADC e as for\u00e7as da CAO?\u201d Paul Diakese, oficial de informa\u00e7\u00e3o do presidente da RDC, Felix Tshisekedi, disse numa reportagem do jornal The East African. \u201cUma coisa \u00e9 certa, o mandato da brigada da SADC ser\u00e1 ofensivo em compara\u00e7\u00e3o com os amigos da CAO que apenas t\u00eam um papel de for\u00e7a-tamp\u00e3o.\u201d<\/p>\n<p>Mais de 120 grupos armados est\u00e3o activos na regi\u00e3o, com destaque para o M23, que realizou uma grande ofensiva em 2022, apoderando-se de grandes peda\u00e7os de territ\u00f3rio na prov\u00edncia do Kivu do Norte e for\u00e7ando centenas de milhares de pessoas a abandonar as suas casas.<\/p>\n<\/div>\n<div>\n<p><span lang=\"pt\">Willem Els, especialista em seguran\u00e7a, do Instituto de Estudos de Seguran\u00e7a, apelou a uma maior clareza sobre o destacamento da for\u00e7a da SADC.<\/span><\/p>\n<p>\u201cEles querem enviar tropas, mas n\u00e3o deram quaisquer pormenores,\u201d disse Els \u00e0 Voz da Am\u00e9rica (VOA). \u201cN\u00e3o sabemos se v\u00e3o complementar as tropas que est\u00e3o actualmente destacadas na RDC sob a \u00e9gide da MONUSCO ou se ser\u00e3o separadas. Sabemos que o Qu\u00e9nia e o Uganda j\u00e1 enviaram algumas tropas para l\u00e1.\u201d<\/p>\n<p>&nbsp;<\/p>\n<\/div>\n<div>\n<p><span lang=\"pt\">Els disse que as tropas da SADC na RDC precisar\u00e3o de apoio a\u00e9reo adequado para serem eficazes.<\/span><\/p>\n<p>\u201cSe estas tropas forem destacadas sem o apoio a\u00e9reo necess\u00e1rio e tamb\u00e9m para lhes proporcionar o dom\u00ednio a\u00e9reo, v\u00e3o enfrentar um resultado semelhante ao que temos actualmente em Cabo Delgado,\u201d disse Els \u00e0 VOA. As for\u00e7as regionais na prov\u00edncia mo\u00e7ambicana de Cabo Delgado t\u00eam-se esfor\u00e7ado por travar uma insurg\u00eancia na zona rica em recursos naturais.<\/p>\n<p>Tshisekedi disse que as for\u00e7as da EACRF podem ser dispensadas at\u00e9 Junho se o seu mandato n\u00e3o for cumprido. As tropas da EACRF, provenientes do Burundi, Qu\u00e9nia, Sud\u00e3o do Sul e Uganda, est\u00e3o actualmente a operar no leste da RDC. O compromisso da Tanz\u00e2nia de destacar tropas como parte da EACRF n\u00e3o est\u00e1 claro.<\/p>\n<p>Tshisekedi tem criticado a EACRF desde que esta foi destacada para o leste da RDC em Novembro de 2022, afirmando que n\u00e3o imp\u00f4s a retirada do M23. Foram quebrados v\u00e1rios cessar-fogos com o grupo. Em meados de Maio, o ex\u00e9rcito congol\u00eas e o M23 acusaram-se mutuamente de violar o acordo mais recente.<\/p>\n<p>A EACRF tem tido algum sucesso. Desde a sua chegada a Goma, capital da prov\u00edncia do Kivu do Norte, a for\u00e7a tem garantido a seguran\u00e7a de infra-estruturas cr\u00edticas, incluindo o aeroporto internacional e as \u00e1reas circundantes, que est\u00e3o repletas de campos de refugiados improvisados.<\/p>\n<p>A presen\u00e7a da EACRF tamb\u00e9m for\u00e7ou a sa\u00edda do M23 de Karuba, Mushaki, Neenero, Kirolirwe, Kibirizi, Mweso e \u00e1reas adjacentes, afirmou a EACRF num comunicado.<\/p>\n<p>No in\u00edcio de Maio, o Secret\u00e1rio-Geral da ONU, Ant\u00f3nio Guterres, exortou os l\u00edderes africanos a intensificarem os esfor\u00e7os para estabilizar o leste da RDC.<\/p>\n<p>\u201cChegou o momento de p\u00f4r termo \u00e0 viol\u00eancia,\u201d afirmou Guterres numa reportagem da Agence France-Presse. \u201cReitero o meu apelo a todos os grupos armados \u2014 deponham as armas, imediatamente.\u201d<\/p>\n<\/div>\n","protected":false},"excerpt":{"rendered":"<p>EQUIPA DA ADF A Comunidade para o Desenvolvimento da \u00c1frica Austral (SADC) concordou, no in\u00edcio de Maio, em enviar tropas para o leste da Rep\u00fablica Democr\u00e1tica do Congo (RDC) para ajudar a restaurar a paz. As tropas ir\u00e3o trabalhar em conjunto com as tropas j\u00e1 destacadas da For\u00e7a Regional da Comunidade da \u00c1frica Oriental (EACRF)<\/p>\n","protected":false},"author":1,"featured_media":106105,"comment_status":"open","ping_status":"closed","sticky":false,"template":"","format":"standard","meta":{"_acf_changed":false,"_monsterinsights_skip_tracking":false,"_monsterinsights_sitenote_active":false,"_monsterinsights_sitenote_note":"","_monsterinsights_sitenote_category":0,"_uf_show_specific_survey":0,"_uf_disable_surveys":false,"footnotes":""},"categories":[363],"tags":[1244,1243,820],"class_list":{"0":"post-106107","1":"post","2":"type-post","3":"status-publish","4":"format-standard","5":"has-post-thumbnail","7":"category-melhores-historias","8":"tag-eacrf-pt-pt","9":"tag-republica-democratica-do-congot","10":"tag-sadc-pt-pt"},"acf":[],"yoast_head":"<!-- This site is optimized with the Yoast SEO plugin v27.5 - https:\/\/yoast.com\/product\/yoast-seo-wordpress\/ -->\n<title>Tropas da SADC Juntam-se ao Esfor\u00e7o para Proteger a RDC - Africa Defense Forum<\/title>\n<meta name=\"robots\" content=\"index, follow, max-snippet:-1, max-image-preview:large, max-video-preview:-1\" \/>\n<link rel=\"canonical\" href=\"https:\/\/adf-magazine.com\/pt-pt\/2023\/05\/tropas-da-sadc-juntam-se-ao-esforco-para-proteger-a-rdc\/\" \/>\n<meta property=\"og:locale\" content=\"pt_PT\" \/>\n<meta property=\"og:type\" content=\"article\" \/>\n<meta property=\"og:title\" content=\"Tropas da SADC Juntam-se ao Esfor\u00e7o para Proteger a RDC - Africa Defense Forum\" \/>\n<meta property=\"og:description\" content=\"EQUIPA DA ADF A Comunidade para o Desenvolvimento da \u00c1frica Austral (SADC) concordou, no in\u00edcio de Maio, em enviar tropas para o leste da Rep\u00fablica Democr\u00e1tica do Congo (RDC) para ajudar a restaurar a paz. As tropas ir\u00e3o trabalhar em conjunto com as tropas j\u00e1 destacadas da For\u00e7a Regional da Comunidade da \u00c1frica Oriental (EACRF)\" \/>\n<meta property=\"og:url\" content=\"https:\/\/adf-magazine.com\/pt-pt\/2023\/05\/tropas-da-sadc-juntam-se-ao-esforco-para-proteger-a-rdc\/\" \/>\n<meta property=\"og:site_name\" content=\"Africa Defense Forum\" \/>\n<meta property=\"article:publisher\" content=\"https:\/\/www.facebook.com\/ADFmagazine\/\" \/>\n<meta property=\"article:published_time\" content=\"2023-05-23T18:08:21+00:00\" \/>\n<meta property=\"article:modified_time\" content=\"2023-05-23T18:09:50+00:00\" \/>\n<meta property=\"og:image\" content=\"https:\/\/adf-magazine.com\/wp-content\/uploads\/2023\/05\/GettyImages-1245853103.jpg\" \/>\n\t<meta property=\"og:image:width\" content=\"1024\" \/>\n\t<meta property=\"og:image:height\" content=\"683\" \/>\n\t<meta property=\"og:image:type\" content=\"image\/jpeg\" \/>\n<meta name=\"author\" content=\"ADF\" \/>\n<meta name=\"twitter:card\" content=\"summary_large_image\" \/>\n<meta name=\"twitter:creator\" content=\"@ADFmagazine\" \/>\n<meta name=\"twitter:site\" content=\"@ADFmagazine\" \/>\n<meta name=\"twitter:label1\" content=\"Escrito por\" \/>\n\t<meta name=\"twitter:data1\" content=\"ADF\" \/>\n\t<meta name=\"twitter:label2\" content=\"Tempo estimado de leitura\" \/>\n\t<meta name=\"twitter:data2\" content=\"4 minutos\" \/>\n<script type=\"application\/ld+json\" class=\"yoast-schema-graph\">{\"@context\":\"https:\\\/\\\/schema.org\",\"@graph\":[{\"@type\":\"Article\",\"@id\":\"https:\\\/\\\/adf-magazine.com\\\/pt-pt\\\/2023\\\/05\\\/tropas-da-sadc-juntam-se-ao-esforco-para-proteger-a-rdc\\\/#article\",\"isPartOf\":{\"@id\":\"https:\\\/\\\/adf-magazine.com\\\/pt-pt\\\/2023\\\/05\\\/tropas-da-sadc-juntam-se-ao-esforco-para-proteger-a-rdc\\\/\"},\"author\":{\"name\":\"ADF\",\"@id\":\"https:\\\/\\\/adf-magazine.com\\\/#\\\/schema\\\/person\\\/f266a6061389568b5a11465bb38bc025\"},\"headline\":\"Tropas da SADC Juntam-se ao Esfor\u00e7o para Proteger a RDC\",\"datePublished\":\"2023-05-23T18:08:21+00:00\",\"dateModified\":\"2023-05-23T18:09:50+00:00\",\"mainEntityOfPage\":{\"@id\":\"https:\\\/\\\/adf-magazine.com\\\/pt-pt\\\/2023\\\/05\\\/tropas-da-sadc-juntam-se-ao-esforco-para-proteger-a-rdc\\\/\"},\"wordCount\":711,\"commentCount\":0,\"image\":{\"@id\":\"https:\\\/\\\/adf-magazine.com\\\/pt-pt\\\/2023\\\/05\\\/tropas-da-sadc-juntam-se-ao-esforco-para-proteger-a-rdc\\\/#primaryimage\"},\"thumbnailUrl\":\"https:\\\/\\\/adf-magazine.com\\\/wp-content\\\/uploads\\\/2023\\\/05\\\/GettyImages-1245853103.jpg\",\"keywords\":[\"EACRF\",\"Rep\u00fablica Democr\u00e1tica do Congot\",\"SADC\"],\"articleSection\":[\"Not\u00edcias diaries\"],\"inLanguage\":\"pt-PT\",\"potentialAction\":[{\"@type\":\"CommentAction\",\"name\":\"Comment\",\"target\":[\"https:\\\/\\\/adf-magazine.com\\\/pt-pt\\\/2023\\\/05\\\/tropas-da-sadc-juntam-se-ao-esforco-para-proteger-a-rdc\\\/#respond\"]}]},{\"@type\":\"WebPage\",\"@id\":\"https:\\\/\\\/adf-magazine.com\\\/pt-pt\\\/2023\\\/05\\\/tropas-da-sadc-juntam-se-ao-esforco-para-proteger-a-rdc\\\/\",\"url\":\"https:\\\/\\\/adf-magazine.com\\\/pt-pt\\\/2023\\\/05\\\/tropas-da-sadc-juntam-se-ao-esforco-para-proteger-a-rdc\\\/\",\"name\":\"Tropas da SADC Juntam-se ao Esfor\u00e7o para Proteger a RDC - Africa Defense Forum\",\"isPartOf\":{\"@id\":\"https:\\\/\\\/adf-magazine.com\\\/#website\"},\"primaryImageOfPage\":{\"@id\":\"https:\\\/\\\/adf-magazine.com\\\/pt-pt\\\/2023\\\/05\\\/tropas-da-sadc-juntam-se-ao-esforco-para-proteger-a-rdc\\\/#primaryimage\"},\"image\":{\"@id\":\"https:\\\/\\\/adf-magazine.com\\\/pt-pt\\\/2023\\\/05\\\/tropas-da-sadc-juntam-se-ao-esforco-para-proteger-a-rdc\\\/#primaryimage\"},\"thumbnailUrl\":\"https:\\\/\\\/adf-magazine.com\\\/wp-content\\\/uploads\\\/2023\\\/05\\\/GettyImages-1245853103.jpg\",\"datePublished\":\"2023-05-23T18:08:21+00:00\",\"dateModified\":\"2023-05-23T18:09:50+00:00\",\"author\":{\"@id\":\"https:\\\/\\\/adf-magazine.com\\\/#\\\/schema\\\/person\\\/f266a6061389568b5a11465bb38bc025\"},\"breadcrumb\":{\"@id\":\"https:\\\/\\\/adf-magazine.com\\\/pt-pt\\\/2023\\\/05\\\/tropas-da-sadc-juntam-se-ao-esforco-para-proteger-a-rdc\\\/#breadcrumb\"},\"inLanguage\":\"pt-PT\",\"potentialAction\":[{\"@type\":\"ReadAction\",\"target\":[\"https:\\\/\\\/adf-magazine.com\\\/pt-pt\\\/2023\\\/05\\\/tropas-da-sadc-juntam-se-ao-esforco-para-proteger-a-rdc\\\/\"]}]},{\"@type\":\"ImageObject\",\"inLanguage\":\"pt-PT\",\"@id\":\"https:\\\/\\\/adf-magazine.com\\\/pt-pt\\\/2023\\\/05\\\/tropas-da-sadc-juntam-se-ao-esforco-para-proteger-a-rdc\\\/#primaryimage\",\"url\":\"https:\\\/\\\/adf-magazine.com\\\/wp-content\\\/uploads\\\/2023\\\/05\\\/GettyImages-1245853103.jpg\",\"contentUrl\":\"https:\\\/\\\/adf-magazine.com\\\/wp-content\\\/uploads\\\/2023\\\/05\\\/GettyImages-1245853103.jpg\",\"width\":1024,\"height\":683,\"caption\":\"Soldados sul-sudaneses preparam-se para serem destacados para o leste da Rep\u00fablica Democr\u00e1tica do Congo. AFP\\\/GETTY IMAGES\"},{\"@type\":\"BreadcrumbList\",\"@id\":\"https:\\\/\\\/adf-magazine.com\\\/pt-pt\\\/2023\\\/05\\\/tropas-da-sadc-juntam-se-ao-esforco-para-proteger-a-rdc\\\/#breadcrumb\",\"itemListElement\":[{\"@type\":\"ListItem\",\"position\":1,\"name\":\"Home\",\"item\":\"https:\\\/\\\/adf-magazine.com\\\/\"},{\"@type\":\"ListItem\",\"position\":2,\"name\":\"Tropas da SADC Juntam-se ao Esfor\u00e7o para Proteger a RDC\"}]},{\"@type\":\"WebSite\",\"@id\":\"https:\\\/\\\/adf-magazine.com\\\/#website\",\"url\":\"https:\\\/\\\/adf-magazine.com\\\/\",\"name\":\"Africa Defense Forum\",\"description\":\"Africa Defense Forum\",\"potentialAction\":[{\"@type\":\"SearchAction\",\"target\":{\"@type\":\"EntryPoint\",\"urlTemplate\":\"https:\\\/\\\/adf-magazine.com\\\/?s={search_term_string}\"},\"query-input\":{\"@type\":\"PropertyValueSpecification\",\"valueRequired\":true,\"valueName\":\"search_term_string\"}}],\"inLanguage\":\"pt-PT\"},{\"@type\":\"Person\",\"@id\":\"https:\\\/\\\/adf-magazine.com\\\/#\\\/schema\\\/person\\\/f266a6061389568b5a11465bb38bc025\",\"name\":\"ADF\",\"image\":{\"@type\":\"ImageObject\",\"inLanguage\":\"pt-PT\",\"@id\":\"https:\\\/\\\/adf-magazine.com\\\/wp-content\\\/uploads\\\/2020\\\/05\\\/cropped-ADF_icon.jpg\",\"url\":\"https:\\\/\\\/adf-magazine.com\\\/wp-content\\\/uploads\\\/2020\\\/05\\\/cropped-ADF_icon.jpg\",\"contentUrl\":\"https:\\\/\\\/adf-magazine.com\\\/wp-content\\\/uploads\\\/2020\\\/05\\\/cropped-ADF_icon.jpg\",\"caption\":\"ADF\"},\"description\":\"ADF is a professional military magazine published quarterly by U.S. Africa Command to provide an international forum for African security professionals. ADF covers topics such as counter terrorism strategies, security and defense operations, transnational crime, and all other issues affecting peace, stability, and good governance on the African continent.\",\"sameAs\":[\"https:\\\/\\\/x.com\\\/ADFmagazine\"],\"url\":\"https:\\\/\\\/adf-magazine.com\\\/pt-pt\\\/author\\\/adf\\\/\"}]}<\/script>\n<!-- \/ Yoast SEO plugin. -->","yoast_head_json":{"title":"Tropas da SADC Juntam-se ao Esfor\u00e7o para Proteger a RDC - Africa Defense Forum","robots":{"index":"index","follow":"follow","max-snippet":"max-snippet:-1","max-image-preview":"max-image-preview:large","max-video-preview":"max-video-preview:-1"},"canonical":"https:\/\/adf-magazine.com\/pt-pt\/2023\/05\/tropas-da-sadc-juntam-se-ao-esforco-para-proteger-a-rdc\/","og_locale":"pt_PT","og_type":"article","og_title":"Tropas da SADC Juntam-se ao Esfor\u00e7o para Proteger a RDC - Africa Defense Forum","og_description":"EQUIPA DA ADF A Comunidade para o Desenvolvimento da \u00c1frica Austral (SADC) concordou, no in\u00edcio de Maio, em enviar tropas para o leste da Rep\u00fablica Democr\u00e1tica do Congo (RDC) para ajudar a restaurar a paz. As tropas ir\u00e3o trabalhar em conjunto com as tropas j\u00e1 destacadas da For\u00e7a Regional da Comunidade da \u00c1frica Oriental (EACRF)","og_url":"https:\/\/adf-magazine.com\/pt-pt\/2023\/05\/tropas-da-sadc-juntam-se-ao-esforco-para-proteger-a-rdc\/","og_site_name":"Africa Defense Forum","article_publisher":"https:\/\/www.facebook.com\/ADFmagazine\/","article_published_time":"2023-05-23T18:08:21+00:00","article_modified_time":"2023-05-23T18:09:50+00:00","og_image":[{"width":1024,"height":683,"url":"https:\/\/adf-magazine.com\/wp-content\/uploads\/2023\/05\/GettyImages-1245853103.jpg","type":"image\/jpeg"}],"author":"ADF","twitter_card":"summary_large_image","twitter_creator":"@ADFmagazine","twitter_site":"@ADFmagazine","twitter_misc":{"Escrito por":"ADF","Tempo estimado de leitura":"4 minutos"},"schema":{"@context":"https:\/\/schema.org","@graph":[{"@type":"Article","@id":"https:\/\/adf-magazine.com\/pt-pt\/2023\/05\/tropas-da-sadc-juntam-se-ao-esforco-para-proteger-a-rdc\/#article","isPartOf":{"@id":"https:\/\/adf-magazine.com\/pt-pt\/2023\/05\/tropas-da-sadc-juntam-se-ao-esforco-para-proteger-a-rdc\/"},"author":{"name":"ADF","@id":"https:\/\/adf-magazine.com\/#\/schema\/person\/f266a6061389568b5a11465bb38bc025"},"headline":"Tropas da SADC Juntam-se ao Esfor\u00e7o para Proteger a RDC","datePublished":"2023-05-23T18:08:21+00:00","dateModified":"2023-05-23T18:09:50+00:00","mainEntityOfPage":{"@id":"https:\/\/adf-magazine.com\/pt-pt\/2023\/05\/tropas-da-sadc-juntam-se-ao-esforco-para-proteger-a-rdc\/"},"wordCount":711,"commentCount":0,"image":{"@id":"https:\/\/adf-magazine.com\/pt-pt\/2023\/05\/tropas-da-sadc-juntam-se-ao-esforco-para-proteger-a-rdc\/#primaryimage"},"thumbnailUrl":"https:\/\/adf-magazine.com\/wp-content\/uploads\/2023\/05\/GettyImages-1245853103.jpg","keywords":["EACRF","Rep\u00fablica Democr\u00e1tica do Congot","SADC"],"articleSection":["Not\u00edcias diaries"],"inLanguage":"pt-PT","potentialAction":[{"@type":"CommentAction","name":"Comment","target":["https:\/\/adf-magazine.com\/pt-pt\/2023\/05\/tropas-da-sadc-juntam-se-ao-esforco-para-proteger-a-rdc\/#respond"]}]},{"@type":"WebPage","@id":"https:\/\/adf-magazine.com\/pt-pt\/2023\/05\/tropas-da-sadc-juntam-se-ao-esforco-para-proteger-a-rdc\/","url":"https:\/\/adf-magazine.com\/pt-pt\/2023\/05\/tropas-da-sadc-juntam-se-ao-esforco-para-proteger-a-rdc\/","name":"Tropas da SADC Juntam-se ao Esfor\u00e7o para Proteger a RDC - Africa Defense Forum","isPartOf":{"@id":"https:\/\/adf-magazine.com\/#website"},"primaryImageOfPage":{"@id":"https:\/\/adf-magazine.com\/pt-pt\/2023\/05\/tropas-da-sadc-juntam-se-ao-esforco-para-proteger-a-rdc\/#primaryimage"},"image":{"@id":"https:\/\/adf-magazine.com\/pt-pt\/2023\/05\/tropas-da-sadc-juntam-se-ao-esforco-para-proteger-a-rdc\/#primaryimage"},"thumbnailUrl":"https:\/\/adf-magazine.com\/wp-content\/uploads\/2023\/05\/GettyImages-1245853103.jpg","datePublished":"2023-05-23T18:08:21+00:00","dateModified":"2023-05-23T18:09:50+00:00","author":{"@id":"https:\/\/adf-magazine.com\/#\/schema\/person\/f266a6061389568b5a11465bb38bc025"},"breadcrumb":{"@id":"https:\/\/adf-magazine.com\/pt-pt\/2023\/05\/tropas-da-sadc-juntam-se-ao-esforco-para-proteger-a-rdc\/#breadcrumb"},"inLanguage":"pt-PT","potentialAction":[{"@type":"ReadAction","target":["https:\/\/adf-magazine.com\/pt-pt\/2023\/05\/tropas-da-sadc-juntam-se-ao-esforco-para-proteger-a-rdc\/"]}]},{"@type":"ImageObject","inLanguage":"pt-PT","@id":"https:\/\/adf-magazine.com\/pt-pt\/2023\/05\/tropas-da-sadc-juntam-se-ao-esforco-para-proteger-a-rdc\/#primaryimage","url":"https:\/\/adf-magazine.com\/wp-content\/uploads\/2023\/05\/GettyImages-1245853103.jpg","contentUrl":"https:\/\/adf-magazine.com\/wp-content\/uploads\/2023\/05\/GettyImages-1245853103.jpg","width":1024,"height":683,"caption":"Soldados sul-sudaneses preparam-se para serem destacados para o leste da Rep\u00fablica Democr\u00e1tica do Congo. AFP\/GETTY IMAGES"},{"@type":"BreadcrumbList","@id":"https:\/\/adf-magazine.com\/pt-pt\/2023\/05\/tropas-da-sadc-juntam-se-ao-esforco-para-proteger-a-rdc\/#breadcrumb","itemListElement":[{"@type":"ListItem","position":1,"name":"Home","item":"https:\/\/adf-magazine.com\/"},{"@type":"ListItem","position":2,"name":"Tropas da SADC Juntam-se ao Esfor\u00e7o para Proteger a RDC"}]},{"@type":"WebSite","@id":"https:\/\/adf-magazine.com\/#website","url":"https:\/\/adf-magazine.com\/","name":"Africa Defense Forum","description":"Africa Defense Forum","potentialAction":[{"@type":"SearchAction","target":{"@type":"EntryPoint","urlTemplate":"https:\/\/adf-magazine.com\/?s={search_term_string}"},"query-input":{"@type":"PropertyValueSpecification","valueRequired":true,"valueName":"search_term_string"}}],"inLanguage":"pt-PT"},{"@type":"Person","@id":"https:\/\/adf-magazine.com\/#\/schema\/person\/f266a6061389568b5a11465bb38bc025","name":"ADF","image":{"@type":"ImageObject","inLanguage":"pt-PT","@id":"https:\/\/adf-magazine.com\/wp-content\/uploads\/2020\/05\/cropped-ADF_icon.jpg","url":"https:\/\/adf-magazine.com\/wp-content\/uploads\/2020\/05\/cropped-ADF_icon.jpg","contentUrl":"https:\/\/adf-magazine.com\/wp-content\/uploads\/2020\/05\/cropped-ADF_icon.jpg","caption":"ADF"},"description":"ADF is a professional military magazine published quarterly by U.S. Africa Command to provide an international forum for African security professionals. ADF covers topics such as counter terrorism strategies, security and defense operations, transnational crime, and all other issues affecting peace, stability, and good governance on the African continent.","sameAs":["https:\/\/x.com\/ADFmagazine"],"url":"https:\/\/adf-magazine.com\/pt-pt\/author\/adf\/"}]}},"_links":{"self":[{"href":"https:\/\/adf-magazine.com\/pt-pt\/wp-json\/wp\/v2\/posts\/106107","targetHints":{"allow":["GET"]}}],"collection":[{"href":"https:\/\/adf-magazine.com\/pt-pt\/wp-json\/wp\/v2\/posts"}],"about":[{"href":"https:\/\/adf-magazine.com\/pt-pt\/wp-json\/wp\/v2\/types\/post"}],"author":[{"embeddable":true,"href":"https:\/\/adf-magazine.com\/pt-pt\/wp-json\/wp\/v2\/users\/1"}],"replies":[{"embeddable":true,"href":"https:\/\/adf-magazine.com\/pt-pt\/wp-json\/wp\/v2\/comments?post=106107"}],"version-history":[{"count":0,"href":"https:\/\/adf-magazine.com\/pt-pt\/wp-json\/wp\/v2\/posts\/106107\/revisions"}],"wp:featuredmedia":[{"embeddable":true,"href":"https:\/\/adf-magazine.com\/pt-pt\/wp-json\/wp\/v2\/media\/106105"}],"wp:attachment":[{"href":"https:\/\/adf-magazine.com\/pt-pt\/wp-json\/wp\/v2\/media?parent=106107"}],"wp:term":[{"taxonomy":"category","embeddable":true,"href":"https:\/\/adf-magazine.com\/pt-pt\/wp-json\/wp\/v2\/categories?post=106107"},{"taxonomy":"post_tag","embeddable":true,"href":"https:\/\/adf-magazine.com\/pt-pt\/wp-json\/wp\/v2\/tags?post=106107"}],"curies":[{"name":"wp","href":"https:\/\/api.w.org\/{rel}","templated":true}]}}