{"id":105443,"date":"2023-05-16T15:00:06","date_gmt":"2023-05-16T19:00:06","guid":{"rendered":"https:\/\/adf-magazine.com\/?p=105443"},"modified":"2023-05-16T15:00:33","modified_gmt":"2023-05-16T19:00:33","slug":"combates-na-provincia-de-ituri-provocam-deslocacoes-macicas-na-rdc","status":"publish","type":"post","link":"https:\/\/adf-magazine.com\/pt-pt\/2023\/05\/combates-na-provincia-de-ituri-provocam-deslocacoes-macicas-na-rdc\/","title":{"rendered":"Combates na Prov\u00edncia de Ituri Provocam Desloca\u00e7\u00f5es Maci\u00e7as na RDC"},"content":{"rendered":"<p style=\"font-weight: 400;\">EQUIPA DA ADF<\/p>\n<p style=\"font-weight: 400;\">Desde meados de Mar\u00e7o, dezenas de milhares de pessoas fugiram das comunidades da prov\u00edncia de Ituri, no leste da Rep\u00fablica Democr\u00e1tica do Congo (RDC), tentando escapar aos ataques da CODECO, uma antiga cooperativa de agricultores que se tornou uma das dezenas de mil\u00edcias armadas que desestabilizam a regi\u00e3o.<\/p>\n<p style=\"font-weight: 400;\">Desde o in\u00edcio de 2017, os combates em Ituri for\u00e7aram cerca de 1,5 milh\u00f5es de pessoas a abandonarem as suas resid\u00eancias, segundo as Na\u00e7\u00f5es Unidas.<\/p>\n<p style=\"font-weight: 400;\">Os combatentes da CODECO, que s\u00e3o membros do grupo Lendu, come\u00e7aram por ser a Coop\u00e9rative pour le d\u00e9veloppement du Congo (Cooperativa para o Desenvolvimento do Congo). Transformaram-se num grupo militante durante o per\u00edodo de intensos combates inter\u00e9tnicos entre os Lendu e os seus vizinhos pastores, os Hema, entre 1999 e 2003.<\/p>\n<p style=\"font-weight: 400;\">Nos \u00faltimos 50 anos, os combates entre os grupos t\u00eam-se multiplicado. A actual onda de viol\u00eancia come\u00e7ou em 2017. Em Novembro de 2022, a situa\u00e7\u00e3o acelerou-se, com cada grupo a tentar conquistar terras e minas na regi\u00e3o rica em minerais. A CODECO diz que est\u00e1 a defender o seu povo contra os Hema e os militares congoleses.<\/p>\n<p style=\"font-weight: 400;\">Os combates intensificaram-se depois de a RDC ter desviado as suas for\u00e7as armadas para a prov\u00edncia do Kivu do Norte para enfrentar os insurgentes do M23.<\/p>\n<p style=\"font-weight: 400;\">\u201cQuando o ex\u00e9rcito saiu de Ituri, a primeira consequ\u00eancia foi que os grupos armados assumiram o controlo de todas as \u00e1reas que o [ex\u00e9rcito] costumava controlar,\u201d Dieudonn\u00e9 Lossa Dhekana, coordenador provincial da Soci\u00e9t\u00e9 Civile Forces Vives de L&#8217;Ituri, uma organiza\u00e7\u00e3o que re\u00fane grupos da sociedade civil, disse \u00e0 platafoma Devex. \u201cAgora est\u00e3o a saquear, a matar pessoas e a violar mulheres.\u201d<\/p>\n<p style=\"font-weight: 400;\">Operando a partir da floresta de Wago, os membros da CODECO atacaram bases militares, queimaram aldeias e mataram residentes em Ituri. Os Hema formaram o seu pr\u00f3prio grupo de auto-defesa, conhecido como Zaire, para ripostar.<\/p>\n<p style=\"font-weight: 400;\">Rehema Dive fugiu da sua aldeia Hema depois de ter testemunhado v\u00e1rios ataques da CODECO, em 2018. Entre os mortos estava o seu tio, que foi morto e mutilado quando fugia com um grupo durante um assalto.<\/p>\n<p style=\"font-weight: 400;\">Dive procurou seguran\u00e7a na grande comunidade de Drodro, a cerca de 60 quil\u00f3metros da capital regional, Bunia. Actualmente, a viol\u00eancia esvaziou Drodro dos seus habitantes Hema, que fugiram para outros locais para se abrigarem das mil\u00edcias saqueadoras.<\/p>\n<p style=\"font-weight: 400;\">Dive vive agora com o seu filho de 3 anos no acampamento de Rho, perto de uma base da ONU fora de Drodro.<\/p>\n<p style=\"font-weight: 400;\">\u201cSe os combates chegarem aqui e, se por acaso sobrevivermos, teremos de fugir,\u201d disse ela \u00e0 Devex.<\/p>\n<p style=\"font-weight: 400;\">No hospital local, o Dr. James Semire vagueia pelos corredores escuros de um edif\u00edcio praticamente vazio enquanto espera por poss\u00edveis pacientes. Ele vive no hospital depois de ter fugido de casa.<\/p>\n<p style=\"font-weight: 400;\">A maioria dos residentes de Hema saiu de Drodro em meados de Mar\u00e7o, depois de os combatentes da CODECO terem montado posi\u00e7\u00f5es de ataque numa colina perto da comunidade em plena luz do dia, disse \u00e0 DW.<\/p>\n<p style=\"font-weight: 400;\">\u201cDe repente, algu\u00e9m veio dizer-me que havia tiros l\u00e1 fora,\u201d disse Semire \u00e0 DW. \u201cH\u00e1 ataques repetidos. Isto atrasa o regresso das pessoas porque cria d\u00favidas.\u201d<\/p>\n<p style=\"font-weight: 400;\">Quase metade das pessoas deslocadas pelos combates \u2014 690.000, segundo as Na\u00e7\u00f5es Unidas \u2014 vivem em campos de refugiados na zona de Djugu. S\u00e3o uma mistura de pastores e agricultores, muitos dos quais contam hist\u00f3rias sobre ataques nocturnos \u00e0s suas comunidades por grupos armados.<\/p>\n<p style=\"font-weight: 400;\">A norte de Drodro, o acampamento de Rho triplicou de tamanho desde Novembro, atingindo mais de 65.000 pessoas. Um outro acampamento, Plaine Savo, foi atacado a 1 de Fevereiro pela CODECO e outras mil\u00edcias armadas com pistolas e catanas. O ataque deixou 62 pessoas mortas e os abrigos em cinzas, disseram os sobreviventes \u00e0 ONU.<\/p>\n<p style=\"font-weight: 400;\">Com mais de 120 mil\u00edcias a competir por territ\u00f3rio no leste da RDC, o conflito Lendu-Hema em Ituri tem sido ofuscado por outros acontecimentos, como o esfor\u00e7o internacional para expulsar o grupo de mil\u00edcias M23 da prov\u00edncia vizinha de Kivu do Norte.<\/p>\n<p style=\"font-weight: 400;\">No entanto, as pessoas continuam a fugir da viol\u00eancia em Ituri.<\/p>\n<p><span style=\"font-weight: 400;\">\u201cO movimento dos deslocados n\u00e3o parou,\u201d disse \u00e0 ONU um porta-voz da organiza\u00e7\u00e3o n\u00e3o-governamental Intersos, identificado como Adamu num acampamento nos arredores de Bul\u00e9. \u201cA situa\u00e7\u00e3o continua a ser prec\u00e1ria e imprevis\u00edvel.\u201d<\/span><\/p>\n","protected":false},"excerpt":{"rendered":"<p>EQUIPA DA ADF Desde meados de Mar\u00e7o, dezenas de milhares de pessoas fugiram das comunidades da prov\u00edncia de Ituri, no leste da Rep\u00fablica Democr\u00e1tica do Congo (RDC), tentando escapar aos ataques da CODECO, uma antiga cooperativa de agricultores que se tornou uma das dezenas de mil\u00edcias armadas que desestabilizam a regi\u00e3o. Desde o in\u00edcio de<\/p>\n","protected":false},"author":1,"featured_media":105441,"comment_status":"open","ping_status":"closed","sticky":false,"template":"","format":"standard","meta":{"_acf_changed":false,"_monsterinsights_skip_tracking":false,"_monsterinsights_sitenote_active":false,"_monsterinsights_sitenote_note":"","_monsterinsights_sitenote_category":0,"_uf_show_specific_survey":0,"_uf_disable_surveys":false,"footnotes":""},"categories":[363],"tags":[447,534,610],"class_list":{"0":"post-105443","1":"post","2":"type-post","3":"status-publish","4":"format-standard","5":"has-post-thumbnail","7":"category-melhores-historias","8":"tag-republica-democratica-do-congo","9":"tag-terrorismo","10":"tag-violencia-etnica"},"acf":[],"yoast_head":"<!-- This site is optimized with the Yoast SEO plugin v27.5 - https:\/\/yoast.com\/product\/yoast-seo-wordpress\/ -->\n<title>Combates na Prov\u00edncia de Ituri Provocam Desloca\u00e7\u00f5es Maci\u00e7as na RDC - Africa Defense Forum<\/title>\n<meta name=\"robots\" content=\"index, follow, max-snippet:-1, max-image-preview:large, max-video-preview:-1\" \/>\n<link rel=\"canonical\" href=\"https:\/\/adf-magazine.com\/pt-pt\/2023\/05\/combates-na-provincia-de-ituri-provocam-deslocacoes-macicas-na-rdc\/\" \/>\n<meta property=\"og:locale\" content=\"pt_PT\" \/>\n<meta property=\"og:type\" content=\"article\" \/>\n<meta property=\"og:title\" content=\"Combates na Prov\u00edncia de Ituri Provocam Desloca\u00e7\u00f5es Maci\u00e7as na RDC - Africa Defense Forum\" \/>\n<meta property=\"og:description\" content=\"EQUIPA DA ADF Desde meados de Mar\u00e7o, dezenas de milhares de pessoas fugiram das comunidades da prov\u00edncia de Ituri, no leste da Rep\u00fablica Democr\u00e1tica do Congo (RDC), tentando escapar aos ataques da CODECO, uma antiga cooperativa de agricultores que se tornou uma das dezenas de mil\u00edcias armadas que desestabilizam a regi\u00e3o. Desde o in\u00edcio de\" \/>\n<meta property=\"og:url\" content=\"https:\/\/adf-magazine.com\/pt-pt\/2023\/05\/combates-na-provincia-de-ituri-provocam-deslocacoes-macicas-na-rdc\/\" \/>\n<meta property=\"og:site_name\" content=\"Africa Defense Forum\" \/>\n<meta property=\"article:publisher\" content=\"https:\/\/www.facebook.com\/ADFmagazine\/\" \/>\n<meta property=\"article:published_time\" content=\"2023-05-16T19:00:06+00:00\" \/>\n<meta property=\"article:modified_time\" content=\"2023-05-16T19:00:33+00:00\" \/>\n<meta property=\"og:image\" content=\"https:\/\/adf-magazine.com\/wp-content\/uploads\/2023\/05\/GettyImages-1238185755.jpg\" \/>\n\t<meta property=\"og:image:width\" content=\"1024\" \/>\n\t<meta property=\"og:image:height\" content=\"683\" \/>\n\t<meta property=\"og:image:type\" content=\"image\/jpeg\" \/>\n<meta name=\"author\" content=\"ADF\" \/>\n<meta name=\"twitter:card\" content=\"summary_large_image\" \/>\n<meta name=\"twitter:creator\" content=\"@ADFmagazine\" \/>\n<meta name=\"twitter:site\" content=\"@ADFmagazine\" \/>\n<meta name=\"twitter:label1\" content=\"Escrito por\" \/>\n\t<meta name=\"twitter:data1\" content=\"ADF\" \/>\n\t<meta name=\"twitter:label2\" content=\"Tempo estimado de leitura\" \/>\n\t<meta name=\"twitter:data2\" content=\"4 minutos\" \/>\n<script type=\"application\/ld+json\" class=\"yoast-schema-graph\">{\"@context\":\"https:\\\/\\\/schema.org\",\"@graph\":[{\"@type\":\"Article\",\"@id\":\"https:\\\/\\\/adf-magazine.com\\\/pt-pt\\\/2023\\\/05\\\/combates-na-provincia-de-ituri-provocam-deslocacoes-macicas-na-rdc\\\/#article\",\"isPartOf\":{\"@id\":\"https:\\\/\\\/adf-magazine.com\\\/pt-pt\\\/2023\\\/05\\\/combates-na-provincia-de-ituri-provocam-deslocacoes-macicas-na-rdc\\\/\"},\"author\":{\"name\":\"ADF\",\"@id\":\"https:\\\/\\\/adf-magazine.com\\\/#\\\/schema\\\/person\\\/f266a6061389568b5a11465bb38bc025\"},\"headline\":\"Combates na Prov\u00edncia de Ituri Provocam Desloca\u00e7\u00f5es Maci\u00e7as na RDC\",\"datePublished\":\"2023-05-16T19:00:06+00:00\",\"dateModified\":\"2023-05-16T19:00:33+00:00\",\"mainEntityOfPage\":{\"@id\":\"https:\\\/\\\/adf-magazine.com\\\/pt-pt\\\/2023\\\/05\\\/combates-na-provincia-de-ituri-provocam-deslocacoes-macicas-na-rdc\\\/\"},\"wordCount\":748,\"commentCount\":0,\"image\":{\"@id\":\"https:\\\/\\\/adf-magazine.com\\\/pt-pt\\\/2023\\\/05\\\/combates-na-provincia-de-ituri-provocam-deslocacoes-macicas-na-rdc\\\/#primaryimage\"},\"thumbnailUrl\":\"https:\\\/\\\/adf-magazine.com\\\/wp-content\\\/uploads\\\/2023\\\/05\\\/GettyImages-1238185755.jpg\",\"keywords\":[\"Rep\u00fablica Democr\u00e1tica do Congo\",\"Terrorismo\",\"viol\u00eancia \u00e9tnica\"],\"articleSection\":[\"Not\u00edcias diaries\"],\"inLanguage\":\"pt-PT\",\"potentialAction\":[{\"@type\":\"CommentAction\",\"name\":\"Comment\",\"target\":[\"https:\\\/\\\/adf-magazine.com\\\/pt-pt\\\/2023\\\/05\\\/combates-na-provincia-de-ituri-provocam-deslocacoes-macicas-na-rdc\\\/#respond\"]}]},{\"@type\":\"WebPage\",\"@id\":\"https:\\\/\\\/adf-magazine.com\\\/pt-pt\\\/2023\\\/05\\\/combates-na-provincia-de-ituri-provocam-deslocacoes-macicas-na-rdc\\\/\",\"url\":\"https:\\\/\\\/adf-magazine.com\\\/pt-pt\\\/2023\\\/05\\\/combates-na-provincia-de-ituri-provocam-deslocacoes-macicas-na-rdc\\\/\",\"name\":\"Combates na Prov\u00edncia de Ituri Provocam Desloca\u00e7\u00f5es Maci\u00e7as na RDC - Africa Defense Forum\",\"isPartOf\":{\"@id\":\"https:\\\/\\\/adf-magazine.com\\\/#website\"},\"primaryImageOfPage\":{\"@id\":\"https:\\\/\\\/adf-magazine.com\\\/pt-pt\\\/2023\\\/05\\\/combates-na-provincia-de-ituri-provocam-deslocacoes-macicas-na-rdc\\\/#primaryimage\"},\"image\":{\"@id\":\"https:\\\/\\\/adf-magazine.com\\\/pt-pt\\\/2023\\\/05\\\/combates-na-provincia-de-ituri-provocam-deslocacoes-macicas-na-rdc\\\/#primaryimage\"},\"thumbnailUrl\":\"https:\\\/\\\/adf-magazine.com\\\/wp-content\\\/uploads\\\/2023\\\/05\\\/GettyImages-1238185755.jpg\",\"datePublished\":\"2023-05-16T19:00:06+00:00\",\"dateModified\":\"2023-05-16T19:00:33+00:00\",\"author\":{\"@id\":\"https:\\\/\\\/adf-magazine.com\\\/#\\\/schema\\\/person\\\/f266a6061389568b5a11465bb38bc025\"},\"breadcrumb\":{\"@id\":\"https:\\\/\\\/adf-magazine.com\\\/pt-pt\\\/2023\\\/05\\\/combates-na-provincia-de-ituri-provocam-deslocacoes-macicas-na-rdc\\\/#breadcrumb\"},\"inLanguage\":\"pt-PT\",\"potentialAction\":[{\"@type\":\"ReadAction\",\"target\":[\"https:\\\/\\\/adf-magazine.com\\\/pt-pt\\\/2023\\\/05\\\/combates-na-provincia-de-ituri-provocam-deslocacoes-macicas-na-rdc\\\/\"]}]},{\"@type\":\"ImageObject\",\"inLanguage\":\"pt-PT\",\"@id\":\"https:\\\/\\\/adf-magazine.com\\\/pt-pt\\\/2023\\\/05\\\/combates-na-provincia-de-ituri-provocam-deslocacoes-macicas-na-rdc\\\/#primaryimage\",\"url\":\"https:\\\/\\\/adf-magazine.com\\\/wp-content\\\/uploads\\\/2023\\\/05\\\/GettyImages-1238185755.jpg\",\"contentUrl\":\"https:\\\/\\\/adf-magazine.com\\\/wp-content\\\/uploads\\\/2023\\\/05\\\/GettyImages-1238185755.jpg\",\"width\":1024,\"height\":683,\"caption\":\"V\u00edtimas de um massacre s\u00e3o enterradas na prov\u00edncia de Ituri, na Rep\u00fablica Democr\u00e1tica do Congo, em 2022. A viol\u00eancia na regi\u00e3o tem sido ofuscada por outros conflitos, mas tem custado vidas e obrigado as pessoas a fugirem das suas resid\u00eancias. AFP\\\/GETTY IMAGES\"},{\"@type\":\"BreadcrumbList\",\"@id\":\"https:\\\/\\\/adf-magazine.com\\\/pt-pt\\\/2023\\\/05\\\/combates-na-provincia-de-ituri-provocam-deslocacoes-macicas-na-rdc\\\/#breadcrumb\",\"itemListElement\":[{\"@type\":\"ListItem\",\"position\":1,\"name\":\"Home\",\"item\":\"https:\\\/\\\/adf-magazine.com\\\/\"},{\"@type\":\"ListItem\",\"position\":2,\"name\":\"Combates na Prov\u00edncia de Ituri Provocam Desloca\u00e7\u00f5es Maci\u00e7as na RDC\"}]},{\"@type\":\"WebSite\",\"@id\":\"https:\\\/\\\/adf-magazine.com\\\/#website\",\"url\":\"https:\\\/\\\/adf-magazine.com\\\/\",\"name\":\"Africa Defense Forum\",\"description\":\"Africa Defense Forum\",\"potentialAction\":[{\"@type\":\"SearchAction\",\"target\":{\"@type\":\"EntryPoint\",\"urlTemplate\":\"https:\\\/\\\/adf-magazine.com\\\/?s={search_term_string}\"},\"query-input\":{\"@type\":\"PropertyValueSpecification\",\"valueRequired\":true,\"valueName\":\"search_term_string\"}}],\"inLanguage\":\"pt-PT\"},{\"@type\":\"Person\",\"@id\":\"https:\\\/\\\/adf-magazine.com\\\/#\\\/schema\\\/person\\\/f266a6061389568b5a11465bb38bc025\",\"name\":\"ADF\",\"image\":{\"@type\":\"ImageObject\",\"inLanguage\":\"pt-PT\",\"@id\":\"https:\\\/\\\/adf-magazine.com\\\/wp-content\\\/uploads\\\/2020\\\/05\\\/cropped-ADF_icon.jpg\",\"url\":\"https:\\\/\\\/adf-magazine.com\\\/wp-content\\\/uploads\\\/2020\\\/05\\\/cropped-ADF_icon.jpg\",\"contentUrl\":\"https:\\\/\\\/adf-magazine.com\\\/wp-content\\\/uploads\\\/2020\\\/05\\\/cropped-ADF_icon.jpg\",\"caption\":\"ADF\"},\"description\":\"ADF is a professional military magazine published quarterly by U.S. Africa Command to provide an international forum for African security professionals. ADF covers topics such as counter terrorism strategies, security and defense operations, transnational crime, and all other issues affecting peace, stability, and good governance on the African continent.\",\"sameAs\":[\"https:\\\/\\\/x.com\\\/ADFmagazine\"],\"url\":\"https:\\\/\\\/adf-magazine.com\\\/pt-pt\\\/author\\\/adf\\\/\"}]}<\/script>\n<!-- \/ Yoast SEO plugin. -->","yoast_head_json":{"title":"Combates na Prov\u00edncia de Ituri Provocam Desloca\u00e7\u00f5es Maci\u00e7as na RDC - Africa Defense Forum","robots":{"index":"index","follow":"follow","max-snippet":"max-snippet:-1","max-image-preview":"max-image-preview:large","max-video-preview":"max-video-preview:-1"},"canonical":"https:\/\/adf-magazine.com\/pt-pt\/2023\/05\/combates-na-provincia-de-ituri-provocam-deslocacoes-macicas-na-rdc\/","og_locale":"pt_PT","og_type":"article","og_title":"Combates na Prov\u00edncia de Ituri Provocam Desloca\u00e7\u00f5es Maci\u00e7as na RDC - Africa Defense Forum","og_description":"EQUIPA DA ADF Desde meados de Mar\u00e7o, dezenas de milhares de pessoas fugiram das comunidades da prov\u00edncia de Ituri, no leste da Rep\u00fablica Democr\u00e1tica do Congo (RDC), tentando escapar aos ataques da CODECO, uma antiga cooperativa de agricultores que se tornou uma das dezenas de mil\u00edcias armadas que desestabilizam a regi\u00e3o. Desde o in\u00edcio de","og_url":"https:\/\/adf-magazine.com\/pt-pt\/2023\/05\/combates-na-provincia-de-ituri-provocam-deslocacoes-macicas-na-rdc\/","og_site_name":"Africa Defense Forum","article_publisher":"https:\/\/www.facebook.com\/ADFmagazine\/","article_published_time":"2023-05-16T19:00:06+00:00","article_modified_time":"2023-05-16T19:00:33+00:00","og_image":[{"width":1024,"height":683,"url":"https:\/\/adf-magazine.com\/wp-content\/uploads\/2023\/05\/GettyImages-1238185755.jpg","type":"image\/jpeg"}],"author":"ADF","twitter_card":"summary_large_image","twitter_creator":"@ADFmagazine","twitter_site":"@ADFmagazine","twitter_misc":{"Escrito por":"ADF","Tempo estimado de leitura":"4 minutos"},"schema":{"@context":"https:\/\/schema.org","@graph":[{"@type":"Article","@id":"https:\/\/adf-magazine.com\/pt-pt\/2023\/05\/combates-na-provincia-de-ituri-provocam-deslocacoes-macicas-na-rdc\/#article","isPartOf":{"@id":"https:\/\/adf-magazine.com\/pt-pt\/2023\/05\/combates-na-provincia-de-ituri-provocam-deslocacoes-macicas-na-rdc\/"},"author":{"name":"ADF","@id":"https:\/\/adf-magazine.com\/#\/schema\/person\/f266a6061389568b5a11465bb38bc025"},"headline":"Combates na Prov\u00edncia de Ituri Provocam Desloca\u00e7\u00f5es Maci\u00e7as na RDC","datePublished":"2023-05-16T19:00:06+00:00","dateModified":"2023-05-16T19:00:33+00:00","mainEntityOfPage":{"@id":"https:\/\/adf-magazine.com\/pt-pt\/2023\/05\/combates-na-provincia-de-ituri-provocam-deslocacoes-macicas-na-rdc\/"},"wordCount":748,"commentCount":0,"image":{"@id":"https:\/\/adf-magazine.com\/pt-pt\/2023\/05\/combates-na-provincia-de-ituri-provocam-deslocacoes-macicas-na-rdc\/#primaryimage"},"thumbnailUrl":"https:\/\/adf-magazine.com\/wp-content\/uploads\/2023\/05\/GettyImages-1238185755.jpg","keywords":["Rep\u00fablica Democr\u00e1tica do Congo","Terrorismo","viol\u00eancia \u00e9tnica"],"articleSection":["Not\u00edcias diaries"],"inLanguage":"pt-PT","potentialAction":[{"@type":"CommentAction","name":"Comment","target":["https:\/\/adf-magazine.com\/pt-pt\/2023\/05\/combates-na-provincia-de-ituri-provocam-deslocacoes-macicas-na-rdc\/#respond"]}]},{"@type":"WebPage","@id":"https:\/\/adf-magazine.com\/pt-pt\/2023\/05\/combates-na-provincia-de-ituri-provocam-deslocacoes-macicas-na-rdc\/","url":"https:\/\/adf-magazine.com\/pt-pt\/2023\/05\/combates-na-provincia-de-ituri-provocam-deslocacoes-macicas-na-rdc\/","name":"Combates na Prov\u00edncia de Ituri Provocam Desloca\u00e7\u00f5es Maci\u00e7as na RDC - Africa Defense Forum","isPartOf":{"@id":"https:\/\/adf-magazine.com\/#website"},"primaryImageOfPage":{"@id":"https:\/\/adf-magazine.com\/pt-pt\/2023\/05\/combates-na-provincia-de-ituri-provocam-deslocacoes-macicas-na-rdc\/#primaryimage"},"image":{"@id":"https:\/\/adf-magazine.com\/pt-pt\/2023\/05\/combates-na-provincia-de-ituri-provocam-deslocacoes-macicas-na-rdc\/#primaryimage"},"thumbnailUrl":"https:\/\/adf-magazine.com\/wp-content\/uploads\/2023\/05\/GettyImages-1238185755.jpg","datePublished":"2023-05-16T19:00:06+00:00","dateModified":"2023-05-16T19:00:33+00:00","author":{"@id":"https:\/\/adf-magazine.com\/#\/schema\/person\/f266a6061389568b5a11465bb38bc025"},"breadcrumb":{"@id":"https:\/\/adf-magazine.com\/pt-pt\/2023\/05\/combates-na-provincia-de-ituri-provocam-deslocacoes-macicas-na-rdc\/#breadcrumb"},"inLanguage":"pt-PT","potentialAction":[{"@type":"ReadAction","target":["https:\/\/adf-magazine.com\/pt-pt\/2023\/05\/combates-na-provincia-de-ituri-provocam-deslocacoes-macicas-na-rdc\/"]}]},{"@type":"ImageObject","inLanguage":"pt-PT","@id":"https:\/\/adf-magazine.com\/pt-pt\/2023\/05\/combates-na-provincia-de-ituri-provocam-deslocacoes-macicas-na-rdc\/#primaryimage","url":"https:\/\/adf-magazine.com\/wp-content\/uploads\/2023\/05\/GettyImages-1238185755.jpg","contentUrl":"https:\/\/adf-magazine.com\/wp-content\/uploads\/2023\/05\/GettyImages-1238185755.jpg","width":1024,"height":683,"caption":"V\u00edtimas de um massacre s\u00e3o enterradas na prov\u00edncia de Ituri, na Rep\u00fablica Democr\u00e1tica do Congo, em 2022. A viol\u00eancia na regi\u00e3o tem sido ofuscada por outros conflitos, mas tem custado vidas e obrigado as pessoas a fugirem das suas resid\u00eancias. AFP\/GETTY IMAGES"},{"@type":"BreadcrumbList","@id":"https:\/\/adf-magazine.com\/pt-pt\/2023\/05\/combates-na-provincia-de-ituri-provocam-deslocacoes-macicas-na-rdc\/#breadcrumb","itemListElement":[{"@type":"ListItem","position":1,"name":"Home","item":"https:\/\/adf-magazine.com\/"},{"@type":"ListItem","position":2,"name":"Combates na Prov\u00edncia de Ituri Provocam Desloca\u00e7\u00f5es Maci\u00e7as na RDC"}]},{"@type":"WebSite","@id":"https:\/\/adf-magazine.com\/#website","url":"https:\/\/adf-magazine.com\/","name":"Africa Defense Forum","description":"Africa Defense Forum","potentialAction":[{"@type":"SearchAction","target":{"@type":"EntryPoint","urlTemplate":"https:\/\/adf-magazine.com\/?s={search_term_string}"},"query-input":{"@type":"PropertyValueSpecification","valueRequired":true,"valueName":"search_term_string"}}],"inLanguage":"pt-PT"},{"@type":"Person","@id":"https:\/\/adf-magazine.com\/#\/schema\/person\/f266a6061389568b5a11465bb38bc025","name":"ADF","image":{"@type":"ImageObject","inLanguage":"pt-PT","@id":"https:\/\/adf-magazine.com\/wp-content\/uploads\/2020\/05\/cropped-ADF_icon.jpg","url":"https:\/\/adf-magazine.com\/wp-content\/uploads\/2020\/05\/cropped-ADF_icon.jpg","contentUrl":"https:\/\/adf-magazine.com\/wp-content\/uploads\/2020\/05\/cropped-ADF_icon.jpg","caption":"ADF"},"description":"ADF is a professional military magazine published quarterly by U.S. Africa Command to provide an international forum for African security professionals. ADF covers topics such as counter terrorism strategies, security and defense operations, transnational crime, and all other issues affecting peace, stability, and good governance on the African continent.","sameAs":["https:\/\/x.com\/ADFmagazine"],"url":"https:\/\/adf-magazine.com\/pt-pt\/author\/adf\/"}]}},"_links":{"self":[{"href":"https:\/\/adf-magazine.com\/pt-pt\/wp-json\/wp\/v2\/posts\/105443","targetHints":{"allow":["GET"]}}],"collection":[{"href":"https:\/\/adf-magazine.com\/pt-pt\/wp-json\/wp\/v2\/posts"}],"about":[{"href":"https:\/\/adf-magazine.com\/pt-pt\/wp-json\/wp\/v2\/types\/post"}],"author":[{"embeddable":true,"href":"https:\/\/adf-magazine.com\/pt-pt\/wp-json\/wp\/v2\/users\/1"}],"replies":[{"embeddable":true,"href":"https:\/\/adf-magazine.com\/pt-pt\/wp-json\/wp\/v2\/comments?post=105443"}],"version-history":[{"count":0,"href":"https:\/\/adf-magazine.com\/pt-pt\/wp-json\/wp\/v2\/posts\/105443\/revisions"}],"wp:featuredmedia":[{"embeddable":true,"href":"https:\/\/adf-magazine.com\/pt-pt\/wp-json\/wp\/v2\/media\/105441"}],"wp:attachment":[{"href":"https:\/\/adf-magazine.com\/pt-pt\/wp-json\/wp\/v2\/media?parent=105443"}],"wp:term":[{"taxonomy":"category","embeddable":true,"href":"https:\/\/adf-magazine.com\/pt-pt\/wp-json\/wp\/v2\/categories?post=105443"},{"taxonomy":"post_tag","embeddable":true,"href":"https:\/\/adf-magazine.com\/pt-pt\/wp-json\/wp\/v2\/tags?post=105443"}],"curies":[{"name":"wp","href":"https:\/\/api.w.org\/{rel}","templated":true}]}}