{"id":105184,"date":"2023-05-02T15:49:11","date_gmt":"2023-05-02T19:49:11","guid":{"rendered":"https:\/\/adf-magazine.com\/?p=105184"},"modified":"2023-05-02T15:49:40","modified_gmt":"2023-05-02T19:49:40","slug":"pode-haver-fragmentacao-depois-da-resposta-regional-aos-combates-na-rdc","status":"publish","type":"post","link":"https:\/\/adf-magazine.com\/pt-pt\/2023\/05\/pode-haver-fragmentacao-depois-da-resposta-regional-aos-combates-na-rdc\/","title":{"rendered":"Pode Haver Fragmenta\u00e7\u00e3o Depois da Resposta Regional aos Combates na RDC"},"content":{"rendered":"<p style=\"font-weight: 400;\">EQUIPA DA ADF<\/p>\n<p style=\"font-weight: 400;\">Com a For\u00e7a Regional da Comunidade da \u00c1frica Oriental (EACRF) totalmente posicionada e com os rebeldes do M23 em retirada gradual do territ\u00f3rio ocupado, h\u00e1 algumas raz\u00f5es para se ter esperan\u00e7a no leste da Rep\u00fablica Democr\u00e1tica do Congo.<\/p>\n<p style=\"font-weight: 400;\">No entanto, os especialistas alertam para uma amea\u00e7a maior \u00e0 seguran\u00e7a regional, com base numa hist\u00f3ria tr\u00e1gica. Ainda com as cicatrizes da Primeira e da Segunda Guerras do Congo, de 1996 a 2003, a RDC foi o ponto zero daquilo que alguns chamam \u201ca guerra mundial de \u00c1frica.\u201d Cerca de 6 milh\u00f5es de pessoas morreram, devido aos combates ou devido a doen\u00e7as e \u00e0 m\u00e1 nutri\u00e7\u00e3o.<\/p>\n<p style=\"font-weight: 400;\">A no\u00e7\u00e3o de \u201cBalcaniza\u00e7\u00e3o\u201d do leste da RDC surgiu no final da d\u00e9cada de 1990, altura em que o Ruanda e o Uganda invadiram o pa\u00eds anteriormente conhecido como Zaire.<\/p>\n<p style=\"font-weight: 400;\">O termo \u00e9 utilizado para denunciar a fragmenta\u00e7\u00e3o de uma grande regi\u00e3o em regi\u00f5es ou Estados menores que s\u00e3o abertamente hostis uns aos outros devido a tribula\u00e7\u00f5es \u00e9tnicas, religiosas, culturais ou hist\u00f3ricas.<\/p>\n<p style=\"font-weight: 400;\">\u201cO discurso da balcaniza\u00e7\u00e3o continua a ser utilizado porque tem um forte apelo emocional e, por isso, \u00e9 quase garantido que agita os esp\u00edritos\u201d, escreveu a especialista em militariza\u00e7\u00e3o da RDC, Judith Verweijen, na revista The Africa Report. \u201cIsso apela aos sentimentos profundamente enraizados de perten\u00e7a \u00e9tnica.<\/p>\n<p style=\"font-weight: 400;\">\u201cAl\u00e9m disso, evoca traumas de viol\u00eancia relacionados com as Guerras do Congo e epis\u00f3dios subsequentes de conflito armado, em que a interfer\u00eancia militar nos pa\u00edses vizinhos desempenhou um papel crucial.\u201d<\/p>\n<p style=\"font-weight: 400;\">Em Dezembro, dezenas de milhares de manifestantes marcharam em Kinshasa para protestar contra a divis\u00e3o do leste da RDC. Levavam cartazes que diziam: \u201cN\u00e3o \u00e0 balcaniza\u00e7\u00e3o. A RDC n\u00e3o est\u00e1 \u00e0 venda.\u201d<\/p>\n<p style=\"font-weight: 400;\">Composta por milhares de soldados de Burundi, Qu\u00e9nia, Sud\u00e3o do Sul e Uganda, a EACRF tem como objectivo acalmar a viol\u00eancia no leste da RDC.<\/p>\n<p style=\"font-weight: 400;\">A presen\u00e7a de for\u00e7as estrangeiras, no entanto, tem alarmado algumas pessoas.<\/p>\n<p style=\"font-weight: 400;\">Num memorando de 16 de Fevereiro, dirigido ao presidente congol\u00eas, F\u00e9lix Tshisekedi, os bispos cat\u00f3licos do pa\u00eds afirmaram sentir que \u201ca popula\u00e7\u00e3o congolesa est\u00e1 encurralada entre guerras de influ\u00eancia e a batalha pelo controlo dos seus recursos naturais.\u201d<\/p>\n<p style=\"font-weight: 400;\">\u201cSer\u00e1 que estes acontecimentos dram\u00e1ticos n\u00e3o contribuem para a implementa\u00e7\u00e3o do plano de balcaniza\u00e7\u00e3o do nosso pa\u00eds?\u201d<\/p>\n<p style=\"font-weight: 400;\">Quando visitou a capital da RDC, Kinshasa, em Mar\u00e7o, o presidente franc\u00eas, Emmanuel Macron, tentou atenuar as perspectivas de guerra.<\/p>\n<p style=\"font-weight: 400;\">\u201cA RDC n\u00e3o deve ser o despojo de guerra,\u201d disse numa confer\u00eancia de imprensa. \u201cA pilhagem flagrante do pa\u00eds tem de acabar. Sem pilhagem, sem balcaniza\u00e7\u00e3o, sem guerra.\u201d<\/p>\n<p style=\"font-weight: 400;\">Num relat\u00f3rio de Dezembro sobre o leste da RDC, especialistas independentes das Na\u00e7\u00f5es Unidas documentaram o envolvimento directo do Ruanda com o grupo rebelde M23, que \u00e9 composto em grande parte por congoleses tutsis que retomaram os combates em Novembro de 2022 ap\u00f3s ficarem inactivos por uma d\u00e9cada.<\/p>\n<p style=\"font-weight: 400;\">O Ruanda negou repetidamente a alega\u00e7\u00e3o.<\/p>\n<p style=\"font-weight: 400;\">A EACRF emitiu relat\u00f3rios regulares no \u00e2mbito do seu papel de controlo e verifica\u00e7\u00e3o da retirada dos rebeldes do M23. No dia 13 de Abril, verificou a retirada do M23 e o destacamento de contingentes quenianos e sul-sudaneses na cidade de Tongo, no territ\u00f3rio de Rutshuru.<\/p>\n<p style=\"font-weight: 400;\">O porta-voz do governo da RDC, Patrick Muyaya, reconheceu recentemente as \u201capreens\u00f5es\u201d em torno da for\u00e7a regional, mas sublinhou que a EACRF foi destacada a convite do governo congol\u00eas.<\/p>\n<p><span style=\"font-weight: 400;\">\u201cIsto n\u00e3o deve ser visto como uma balcaniza\u00e7\u00e3o,\u201d disse ele durante uma confer\u00eancia de imprensa no dia 3 de Abril.<\/span><\/p>\n","protected":false},"excerpt":{"rendered":"<p>EQUIPA DA ADF Com a For\u00e7a Regional da Comunidade da \u00c1frica Oriental (EACRF) totalmente posicionada e com os rebeldes do M23 em retirada gradual do territ\u00f3rio ocupado, h\u00e1 algumas raz\u00f5es para se ter esperan\u00e7a no leste da Rep\u00fablica Democr\u00e1tica do Congo. No entanto, os especialistas alertam para uma amea\u00e7a maior \u00e0 seguran\u00e7a regional, com base<\/p>\n","protected":false},"author":1,"featured_media":105182,"comment_status":"open","ping_status":"closed","sticky":false,"template":"","format":"standard","meta":{"_acf_changed":false,"_monsterinsights_skip_tracking":false,"_monsterinsights_sitenote_active":false,"_monsterinsights_sitenote_note":"","_monsterinsights_sitenote_category":0,"_uf_show_specific_survey":0,"_uf_disable_surveys":false,"footnotes":""},"categories":[363],"tags":[472,764,1105,1020,474,447,475,744,534,455],"class_list":{"0":"post-105184","1":"post","2":"type-post","3":"status-publish","4":"format-standard","5":"has-post-thumbnail","7":"category-melhores-historias","8":"tag-africa-oriental","9":"tag-burundi-pt-pt","10":"tag-cao","11":"tag-insurgencia","12":"tag-quenia","13":"tag-republica-democratica-do-congo","14":"tag-ruanda","15":"tag-sudao-do-sul","16":"tag-terrorismo","17":"tag-uganda-pt-pt"},"acf":[],"yoast_head":"<!-- This site is optimized with the Yoast SEO plugin v27.5 - https:\/\/yoast.com\/product\/yoast-seo-wordpress\/ -->\n<title>Pode Haver Fragmenta\u00e7\u00e3o Depois da Resposta Regional aos Combates na RDC - Africa Defense Forum<\/title>\n<meta name=\"robots\" content=\"index, follow, max-snippet:-1, max-image-preview:large, max-video-preview:-1\" \/>\n<link rel=\"canonical\" href=\"https:\/\/adf-magazine.com\/pt-pt\/2023\/05\/pode-haver-fragmentacao-depois-da-resposta-regional-aos-combates-na-rdc\/\" \/>\n<meta property=\"og:locale\" content=\"pt_PT\" \/>\n<meta property=\"og:type\" content=\"article\" \/>\n<meta property=\"og:title\" content=\"Pode Haver Fragmenta\u00e7\u00e3o Depois da Resposta Regional aos Combates na RDC - Africa Defense Forum\" \/>\n<meta property=\"og:description\" content=\"EQUIPA DA ADF Com a For\u00e7a Regional da Comunidade da \u00c1frica Oriental (EACRF) totalmente posicionada e com os rebeldes do M23 em retirada gradual do territ\u00f3rio ocupado, h\u00e1 algumas raz\u00f5es para se ter esperan\u00e7a no leste da Rep\u00fablica Democr\u00e1tica do Congo. No entanto, os especialistas alertam para uma amea\u00e7a maior \u00e0 seguran\u00e7a regional, com base\" \/>\n<meta property=\"og:url\" content=\"https:\/\/adf-magazine.com\/pt-pt\/2023\/05\/pode-haver-fragmentacao-depois-da-resposta-regional-aos-combates-na-rdc\/\" \/>\n<meta property=\"og:site_name\" content=\"Africa Defense Forum\" \/>\n<meta property=\"article:publisher\" content=\"https:\/\/www.facebook.com\/ADFmagazine\/\" \/>\n<meta property=\"article:published_time\" content=\"2023-05-02T19:49:11+00:00\" \/>\n<meta property=\"article:modified_time\" content=\"2023-05-02T19:49:40+00:00\" \/>\n<meta property=\"og:image\" content=\"https:\/\/adf-magazine.com\/wp-content\/uploads\/2023\/05\/EACRFFRAGMENT1.jpg\" \/>\n\t<meta property=\"og:image:width\" content=\"1080\" \/>\n\t<meta property=\"og:image:height\" content=\"720\" \/>\n\t<meta property=\"og:image:type\" content=\"image\/jpeg\" \/>\n<meta name=\"author\" content=\"ADF\" \/>\n<meta name=\"twitter:card\" content=\"summary_large_image\" \/>\n<meta name=\"twitter:creator\" content=\"@ADFmagazine\" \/>\n<meta name=\"twitter:site\" content=\"@ADFmagazine\" \/>\n<meta name=\"twitter:label1\" content=\"Escrito por\" \/>\n\t<meta name=\"twitter:data1\" content=\"ADF\" \/>\n\t<meta name=\"twitter:label2\" content=\"Tempo estimado de leitura\" \/>\n\t<meta name=\"twitter:data2\" content=\"3 minutos\" \/>\n<script type=\"application\/ld+json\" class=\"yoast-schema-graph\">{\"@context\":\"https:\\\/\\\/schema.org\",\"@graph\":[{\"@type\":\"Article\",\"@id\":\"https:\\\/\\\/adf-magazine.com\\\/pt-pt\\\/2023\\\/05\\\/pode-haver-fragmentacao-depois-da-resposta-regional-aos-combates-na-rdc\\\/#article\",\"isPartOf\":{\"@id\":\"https:\\\/\\\/adf-magazine.com\\\/pt-pt\\\/2023\\\/05\\\/pode-haver-fragmentacao-depois-da-resposta-regional-aos-combates-na-rdc\\\/\"},\"author\":{\"name\":\"ADF\",\"@id\":\"https:\\\/\\\/adf-magazine.com\\\/#\\\/schema\\\/person\\\/f266a6061389568b5a11465bb38bc025\"},\"headline\":\"Pode Haver Fragmenta\u00e7\u00e3o Depois da Resposta Regional aos Combates na RDC\",\"datePublished\":\"2023-05-02T19:49:11+00:00\",\"dateModified\":\"2023-05-02T19:49:40+00:00\",\"mainEntityOfPage\":{\"@id\":\"https:\\\/\\\/adf-magazine.com\\\/pt-pt\\\/2023\\\/05\\\/pode-haver-fragmentacao-depois-da-resposta-regional-aos-combates-na-rdc\\\/\"},\"wordCount\":635,\"commentCount\":0,\"image\":{\"@id\":\"https:\\\/\\\/adf-magazine.com\\\/pt-pt\\\/2023\\\/05\\\/pode-haver-fragmentacao-depois-da-resposta-regional-aos-combates-na-rdc\\\/#primaryimage\"},\"thumbnailUrl\":\"https:\\\/\\\/adf-magazine.com\\\/wp-content\\\/uploads\\\/2023\\\/05\\\/EACRFFRAGMENT1.jpg\",\"keywords\":[\"\u00c1frica Oriental\",\"Burundi\",\"CAO\",\"insurg\u00eancia\",\"Qu\u00e9nia\",\"Rep\u00fablica Democr\u00e1tica do Congo\",\"Ruanda\",\"Sud\u00e3o do Sul\",\"Terrorismo\",\"Uganda\"],\"articleSection\":[\"Not\u00edcias diaries\"],\"inLanguage\":\"pt-PT\",\"potentialAction\":[{\"@type\":\"CommentAction\",\"name\":\"Comment\",\"target\":[\"https:\\\/\\\/adf-magazine.com\\\/pt-pt\\\/2023\\\/05\\\/pode-haver-fragmentacao-depois-da-resposta-regional-aos-combates-na-rdc\\\/#respond\"]}]},{\"@type\":\"WebPage\",\"@id\":\"https:\\\/\\\/adf-magazine.com\\\/pt-pt\\\/2023\\\/05\\\/pode-haver-fragmentacao-depois-da-resposta-regional-aos-combates-na-rdc\\\/\",\"url\":\"https:\\\/\\\/adf-magazine.com\\\/pt-pt\\\/2023\\\/05\\\/pode-haver-fragmentacao-depois-da-resposta-regional-aos-combates-na-rdc\\\/\",\"name\":\"Pode Haver Fragmenta\u00e7\u00e3o Depois da Resposta Regional aos Combates na RDC - Africa Defense Forum\",\"isPartOf\":{\"@id\":\"https:\\\/\\\/adf-magazine.com\\\/#website\"},\"primaryImageOfPage\":{\"@id\":\"https:\\\/\\\/adf-magazine.com\\\/pt-pt\\\/2023\\\/05\\\/pode-haver-fragmentacao-depois-da-resposta-regional-aos-combates-na-rdc\\\/#primaryimage\"},\"image\":{\"@id\":\"https:\\\/\\\/adf-magazine.com\\\/pt-pt\\\/2023\\\/05\\\/pode-haver-fragmentacao-depois-da-resposta-regional-aos-combates-na-rdc\\\/#primaryimage\"},\"thumbnailUrl\":\"https:\\\/\\\/adf-magazine.com\\\/wp-content\\\/uploads\\\/2023\\\/05\\\/EACRFFRAGMENT1.jpg\",\"datePublished\":\"2023-05-02T19:49:11+00:00\",\"dateModified\":\"2023-05-02T19:49:40+00:00\",\"author\":{\"@id\":\"https:\\\/\\\/adf-magazine.com\\\/#\\\/schema\\\/person\\\/f266a6061389568b5a11465bb38bc025\"},\"breadcrumb\":{\"@id\":\"https:\\\/\\\/adf-magazine.com\\\/pt-pt\\\/2023\\\/05\\\/pode-haver-fragmentacao-depois-da-resposta-regional-aos-combates-na-rdc\\\/#breadcrumb\"},\"inLanguage\":\"pt-PT\",\"potentialAction\":[{\"@type\":\"ReadAction\",\"target\":[\"https:\\\/\\\/adf-magazine.com\\\/pt-pt\\\/2023\\\/05\\\/pode-haver-fragmentacao-depois-da-resposta-regional-aos-combates-na-rdc\\\/\"]}]},{\"@type\":\"ImageObject\",\"inLanguage\":\"pt-PT\",\"@id\":\"https:\\\/\\\/adf-magazine.com\\\/pt-pt\\\/2023\\\/05\\\/pode-haver-fragmentacao-depois-da-resposta-regional-aos-combates-na-rdc\\\/#primaryimage\",\"url\":\"https:\\\/\\\/adf-magazine.com\\\/wp-content\\\/uploads\\\/2023\\\/05\\\/EACRFFRAGMENT1.jpg\",\"contentUrl\":\"https:\\\/\\\/adf-magazine.com\\\/wp-content\\\/uploads\\\/2023\\\/05\\\/EACRFFRAGMENT1.jpg\",\"width\":1080,\"height\":720,\"caption\":\"Um l\u00edder da For\u00e7a Regional da Comunidade da \u00c1frica Oriental informa os residentes locais sobre um ataque que os soldados repeliram em Kibumba, no leste da Rep\u00fablica Democr\u00e1tica do Congo, no dia 12 de Abril de 2023. EACRF\"},{\"@type\":\"BreadcrumbList\",\"@id\":\"https:\\\/\\\/adf-magazine.com\\\/pt-pt\\\/2023\\\/05\\\/pode-haver-fragmentacao-depois-da-resposta-regional-aos-combates-na-rdc\\\/#breadcrumb\",\"itemListElement\":[{\"@type\":\"ListItem\",\"position\":1,\"name\":\"Home\",\"item\":\"https:\\\/\\\/adf-magazine.com\\\/\"},{\"@type\":\"ListItem\",\"position\":2,\"name\":\"Pode Haver Fragmenta\u00e7\u00e3o Depois da Resposta Regional aos Combates na RDC\"}]},{\"@type\":\"WebSite\",\"@id\":\"https:\\\/\\\/adf-magazine.com\\\/#website\",\"url\":\"https:\\\/\\\/adf-magazine.com\\\/\",\"name\":\"Africa Defense Forum\",\"description\":\"Africa Defense Forum\",\"potentialAction\":[{\"@type\":\"SearchAction\",\"target\":{\"@type\":\"EntryPoint\",\"urlTemplate\":\"https:\\\/\\\/adf-magazine.com\\\/?s={search_term_string}\"},\"query-input\":{\"@type\":\"PropertyValueSpecification\",\"valueRequired\":true,\"valueName\":\"search_term_string\"}}],\"inLanguage\":\"pt-PT\"},{\"@type\":\"Person\",\"@id\":\"https:\\\/\\\/adf-magazine.com\\\/#\\\/schema\\\/person\\\/f266a6061389568b5a11465bb38bc025\",\"name\":\"ADF\",\"image\":{\"@type\":\"ImageObject\",\"inLanguage\":\"pt-PT\",\"@id\":\"https:\\\/\\\/adf-magazine.com\\\/wp-content\\\/uploads\\\/2020\\\/05\\\/cropped-ADF_icon.jpg\",\"url\":\"https:\\\/\\\/adf-magazine.com\\\/wp-content\\\/uploads\\\/2020\\\/05\\\/cropped-ADF_icon.jpg\",\"contentUrl\":\"https:\\\/\\\/adf-magazine.com\\\/wp-content\\\/uploads\\\/2020\\\/05\\\/cropped-ADF_icon.jpg\",\"caption\":\"ADF\"},\"description\":\"ADF is a professional military magazine published quarterly by U.S. Africa Command to provide an international forum for African security professionals. ADF covers topics such as counter terrorism strategies, security and defense operations, transnational crime, and all other issues affecting peace, stability, and good governance on the African continent.\",\"sameAs\":[\"https:\\\/\\\/x.com\\\/ADFmagazine\"],\"url\":\"https:\\\/\\\/adf-magazine.com\\\/pt-pt\\\/author\\\/adf\\\/\"}]}<\/script>\n<!-- \/ Yoast SEO plugin. -->","yoast_head_json":{"title":"Pode Haver Fragmenta\u00e7\u00e3o Depois da Resposta Regional aos Combates na RDC - Africa Defense Forum","robots":{"index":"index","follow":"follow","max-snippet":"max-snippet:-1","max-image-preview":"max-image-preview:large","max-video-preview":"max-video-preview:-1"},"canonical":"https:\/\/adf-magazine.com\/pt-pt\/2023\/05\/pode-haver-fragmentacao-depois-da-resposta-regional-aos-combates-na-rdc\/","og_locale":"pt_PT","og_type":"article","og_title":"Pode Haver Fragmenta\u00e7\u00e3o Depois da Resposta Regional aos Combates na RDC - Africa Defense Forum","og_description":"EQUIPA DA ADF Com a For\u00e7a Regional da Comunidade da \u00c1frica Oriental (EACRF) totalmente posicionada e com os rebeldes do M23 em retirada gradual do territ\u00f3rio ocupado, h\u00e1 algumas raz\u00f5es para se ter esperan\u00e7a no leste da Rep\u00fablica Democr\u00e1tica do Congo. No entanto, os especialistas alertam para uma amea\u00e7a maior \u00e0 seguran\u00e7a regional, com base","og_url":"https:\/\/adf-magazine.com\/pt-pt\/2023\/05\/pode-haver-fragmentacao-depois-da-resposta-regional-aos-combates-na-rdc\/","og_site_name":"Africa Defense Forum","article_publisher":"https:\/\/www.facebook.com\/ADFmagazine\/","article_published_time":"2023-05-02T19:49:11+00:00","article_modified_time":"2023-05-02T19:49:40+00:00","og_image":[{"width":1080,"height":720,"url":"https:\/\/adf-magazine.com\/wp-content\/uploads\/2023\/05\/EACRFFRAGMENT1.jpg","type":"image\/jpeg"}],"author":"ADF","twitter_card":"summary_large_image","twitter_creator":"@ADFmagazine","twitter_site":"@ADFmagazine","twitter_misc":{"Escrito por":"ADF","Tempo estimado de leitura":"3 minutos"},"schema":{"@context":"https:\/\/schema.org","@graph":[{"@type":"Article","@id":"https:\/\/adf-magazine.com\/pt-pt\/2023\/05\/pode-haver-fragmentacao-depois-da-resposta-regional-aos-combates-na-rdc\/#article","isPartOf":{"@id":"https:\/\/adf-magazine.com\/pt-pt\/2023\/05\/pode-haver-fragmentacao-depois-da-resposta-regional-aos-combates-na-rdc\/"},"author":{"name":"ADF","@id":"https:\/\/adf-magazine.com\/#\/schema\/person\/f266a6061389568b5a11465bb38bc025"},"headline":"Pode Haver Fragmenta\u00e7\u00e3o Depois da Resposta Regional aos Combates na RDC","datePublished":"2023-05-02T19:49:11+00:00","dateModified":"2023-05-02T19:49:40+00:00","mainEntityOfPage":{"@id":"https:\/\/adf-magazine.com\/pt-pt\/2023\/05\/pode-haver-fragmentacao-depois-da-resposta-regional-aos-combates-na-rdc\/"},"wordCount":635,"commentCount":0,"image":{"@id":"https:\/\/adf-magazine.com\/pt-pt\/2023\/05\/pode-haver-fragmentacao-depois-da-resposta-regional-aos-combates-na-rdc\/#primaryimage"},"thumbnailUrl":"https:\/\/adf-magazine.com\/wp-content\/uploads\/2023\/05\/EACRFFRAGMENT1.jpg","keywords":["\u00c1frica Oriental","Burundi","CAO","insurg\u00eancia","Qu\u00e9nia","Rep\u00fablica Democr\u00e1tica do Congo","Ruanda","Sud\u00e3o do Sul","Terrorismo","Uganda"],"articleSection":["Not\u00edcias diaries"],"inLanguage":"pt-PT","potentialAction":[{"@type":"CommentAction","name":"Comment","target":["https:\/\/adf-magazine.com\/pt-pt\/2023\/05\/pode-haver-fragmentacao-depois-da-resposta-regional-aos-combates-na-rdc\/#respond"]}]},{"@type":"WebPage","@id":"https:\/\/adf-magazine.com\/pt-pt\/2023\/05\/pode-haver-fragmentacao-depois-da-resposta-regional-aos-combates-na-rdc\/","url":"https:\/\/adf-magazine.com\/pt-pt\/2023\/05\/pode-haver-fragmentacao-depois-da-resposta-regional-aos-combates-na-rdc\/","name":"Pode Haver Fragmenta\u00e7\u00e3o Depois da Resposta Regional aos Combates na RDC - Africa Defense Forum","isPartOf":{"@id":"https:\/\/adf-magazine.com\/#website"},"primaryImageOfPage":{"@id":"https:\/\/adf-magazine.com\/pt-pt\/2023\/05\/pode-haver-fragmentacao-depois-da-resposta-regional-aos-combates-na-rdc\/#primaryimage"},"image":{"@id":"https:\/\/adf-magazine.com\/pt-pt\/2023\/05\/pode-haver-fragmentacao-depois-da-resposta-regional-aos-combates-na-rdc\/#primaryimage"},"thumbnailUrl":"https:\/\/adf-magazine.com\/wp-content\/uploads\/2023\/05\/EACRFFRAGMENT1.jpg","datePublished":"2023-05-02T19:49:11+00:00","dateModified":"2023-05-02T19:49:40+00:00","author":{"@id":"https:\/\/adf-magazine.com\/#\/schema\/person\/f266a6061389568b5a11465bb38bc025"},"breadcrumb":{"@id":"https:\/\/adf-magazine.com\/pt-pt\/2023\/05\/pode-haver-fragmentacao-depois-da-resposta-regional-aos-combates-na-rdc\/#breadcrumb"},"inLanguage":"pt-PT","potentialAction":[{"@type":"ReadAction","target":["https:\/\/adf-magazine.com\/pt-pt\/2023\/05\/pode-haver-fragmentacao-depois-da-resposta-regional-aos-combates-na-rdc\/"]}]},{"@type":"ImageObject","inLanguage":"pt-PT","@id":"https:\/\/adf-magazine.com\/pt-pt\/2023\/05\/pode-haver-fragmentacao-depois-da-resposta-regional-aos-combates-na-rdc\/#primaryimage","url":"https:\/\/adf-magazine.com\/wp-content\/uploads\/2023\/05\/EACRFFRAGMENT1.jpg","contentUrl":"https:\/\/adf-magazine.com\/wp-content\/uploads\/2023\/05\/EACRFFRAGMENT1.jpg","width":1080,"height":720,"caption":"Um l\u00edder da For\u00e7a Regional da Comunidade da \u00c1frica Oriental informa os residentes locais sobre um ataque que os soldados repeliram em Kibumba, no leste da Rep\u00fablica Democr\u00e1tica do Congo, no dia 12 de Abril de 2023. EACRF"},{"@type":"BreadcrumbList","@id":"https:\/\/adf-magazine.com\/pt-pt\/2023\/05\/pode-haver-fragmentacao-depois-da-resposta-regional-aos-combates-na-rdc\/#breadcrumb","itemListElement":[{"@type":"ListItem","position":1,"name":"Home","item":"https:\/\/adf-magazine.com\/"},{"@type":"ListItem","position":2,"name":"Pode Haver Fragmenta\u00e7\u00e3o Depois da Resposta Regional aos Combates na RDC"}]},{"@type":"WebSite","@id":"https:\/\/adf-magazine.com\/#website","url":"https:\/\/adf-magazine.com\/","name":"Africa Defense Forum","description":"Africa Defense Forum","potentialAction":[{"@type":"SearchAction","target":{"@type":"EntryPoint","urlTemplate":"https:\/\/adf-magazine.com\/?s={search_term_string}"},"query-input":{"@type":"PropertyValueSpecification","valueRequired":true,"valueName":"search_term_string"}}],"inLanguage":"pt-PT"},{"@type":"Person","@id":"https:\/\/adf-magazine.com\/#\/schema\/person\/f266a6061389568b5a11465bb38bc025","name":"ADF","image":{"@type":"ImageObject","inLanguage":"pt-PT","@id":"https:\/\/adf-magazine.com\/wp-content\/uploads\/2020\/05\/cropped-ADF_icon.jpg","url":"https:\/\/adf-magazine.com\/wp-content\/uploads\/2020\/05\/cropped-ADF_icon.jpg","contentUrl":"https:\/\/adf-magazine.com\/wp-content\/uploads\/2020\/05\/cropped-ADF_icon.jpg","caption":"ADF"},"description":"ADF is a professional military magazine published quarterly by U.S. Africa Command to provide an international forum for African security professionals. ADF covers topics such as counter terrorism strategies, security and defense operations, transnational crime, and all other issues affecting peace, stability, and good governance on the African continent.","sameAs":["https:\/\/x.com\/ADFmagazine"],"url":"https:\/\/adf-magazine.com\/pt-pt\/author\/adf\/"}]}},"_links":{"self":[{"href":"https:\/\/adf-magazine.com\/pt-pt\/wp-json\/wp\/v2\/posts\/105184","targetHints":{"allow":["GET"]}}],"collection":[{"href":"https:\/\/adf-magazine.com\/pt-pt\/wp-json\/wp\/v2\/posts"}],"about":[{"href":"https:\/\/adf-magazine.com\/pt-pt\/wp-json\/wp\/v2\/types\/post"}],"author":[{"embeddable":true,"href":"https:\/\/adf-magazine.com\/pt-pt\/wp-json\/wp\/v2\/users\/1"}],"replies":[{"embeddable":true,"href":"https:\/\/adf-magazine.com\/pt-pt\/wp-json\/wp\/v2\/comments?post=105184"}],"version-history":[{"count":0,"href":"https:\/\/adf-magazine.com\/pt-pt\/wp-json\/wp\/v2\/posts\/105184\/revisions"}],"wp:featuredmedia":[{"embeddable":true,"href":"https:\/\/adf-magazine.com\/pt-pt\/wp-json\/wp\/v2\/media\/105182"}],"wp:attachment":[{"href":"https:\/\/adf-magazine.com\/pt-pt\/wp-json\/wp\/v2\/media?parent=105184"}],"wp:term":[{"taxonomy":"category","embeddable":true,"href":"https:\/\/adf-magazine.com\/pt-pt\/wp-json\/wp\/v2\/categories?post=105184"},{"taxonomy":"post_tag","embeddable":true,"href":"https:\/\/adf-magazine.com\/pt-pt\/wp-json\/wp\/v2\/tags?post=105184"}],"curies":[{"name":"wp","href":"https:\/\/api.w.org\/{rel}","templated":true}]}}