{"id":105024,"date":"2023-04-25T14:49:46","date_gmt":"2023-04-25T18:49:46","guid":{"rendered":"https:\/\/adf-magazine.com\/?p=105024"},"modified":"2023-04-25T14:51:03","modified_gmt":"2023-04-25T18:51:03","slug":"resposta-regional-melhora-perspectivas-de-cabo-delgado","status":"publish","type":"post","link":"https:\/\/adf-magazine.com\/pt-pt\/2023\/04\/resposta-regional-melhora-perspectivas-de-cabo-delgado\/","title":{"rendered":"Resposta Regional Melhora Perspectivas de Cabo Delgado"},"content":{"rendered":"<p style=\"font-weight: 400;\">EQUIPA DA <em>ADF<\/em><\/p>\n<p style=\"font-weight: 400;\">Sinais de um progresso incremental ganho com muito esfor\u00e7o apareceram na luta de Mo\u00e7ambique contra a insurg\u00eancia da viol\u00eancia extremista que assola a sua prov\u00edncia nortenha de Cabo Delgado desde 2017.<\/p>\n<p style=\"font-weight: 400;\">Dois anos atr\u00e1s, a Batalha de Palma marcou um ponto de inflex\u00e3o na abordagem do pa\u00eds para a luta contra os terroristas ligados ao grupo do Estado Isl\u00e2mico.<\/p>\n<p style=\"font-weight: 400;\">Cerca de 300 militantes do Ansar al-Sunna cercaram e aterrorizaram a cidade costeira de 75.000 residentes, de 24 de Mar\u00e7o a 5 de Abril de 2021, matando dezenas de civis e soldados, deixando dezenas de milhares deslocados e destruindo v\u00e1rios edif\u00edcios.<\/p>\n<p style=\"font-weight: 400;\">O ataque tamb\u00e9m amea\u00e7ou um projecto de g\u00e1s natural liquefeito, avaliado em 20 bilh\u00f5es de d\u00f3lares, localizado a 4 quil\u00f3metros fora de Palma, um projecto de extrema import\u00e2ncia para o futuro econ\u00f3mico daquele pa\u00eds.<\/p>\n<p style=\"font-weight: 400;\">Durante a batalha, Martin Ewi, investigador principal do Instituto de Estudos de Seguran\u00e7a (ISS), com sede na \u00c1frica do Sul, observou que os esfor\u00e7os de combate ao terrorismo em \u00c1frica t\u00eam historicamente fracassado sem a colabora\u00e7\u00e3o bilateral ou regional.<\/p>\n<p style=\"font-weight: 400;\">\u201cN\u00e3o acho que Mo\u00e7ambique seja capaz de derrotar a insurg\u00eancia, porque nenhum governo sozinho conseguiu faz\u00ea-lo,\u201d disse \u00e0 Al Jazeera, no dia 30 de Mar\u00e7o de 2021. \u201cN\u00e3o devemos sonhar que Mo\u00e7ambique sozinho seja capaz de encontrar a solu\u00e7\u00e3o para o que est\u00e1 a acontecer em Cabo Delgado.\u201d<\/p>\n<p style=\"font-weight: 400;\">Tratou-se do primeiro ataque em Mo\u00e7ambique reivindicado pelo grupo do Estado Isl\u00e2mico, sinalizando o seu sucesso e dando \u00e0 insurg\u00eancia local aten\u00e7\u00e3o a n\u00edvel mundial.<\/p>\n<p style=\"font-weight: 400;\">Depois disso, as autoridades mo\u00e7ambicanas mudaram a sua resposta.<\/p>\n<p style=\"font-weight: 400;\">Actualmente, um acordo militar bilateral com o Ruanda e as suas 2.800 tropas ajudou a estabilizar Palma, enquanto a Miss\u00e3o da Comunidade para o Desenvolvimento da Africa Austral (SAMIM) e os seus 1.900 homens ajudaram a melhorar a situa\u00e7\u00e3o de seguran\u00e7a em outras partes da prov\u00edncia.<\/p>\n<p style=\"font-weight: 400;\">Em Abril, o maior contribuinte de tropas da SAMIM, \u00c1frica do Sul, prorrogou o per\u00edodo de destacamento dos seus 1.495 soldados at\u00e9 Abril de 2024.<\/p>\n<p style=\"font-weight: 400;\">Com as tropas a garantirem a seguran\u00e7a da prov\u00edncia, as principais estradas foram reabertas. Alguns locais de com\u00e9rcio e institui\u00e7\u00f5es de ajuda humanit\u00e1ria come\u00e7aram a regressar juntamente com servi\u00e7os b\u00e1sicos limitados.<\/p>\n<p style=\"font-weight: 400;\">Mais importante ainda, cerca de 350.000 deslocados internos regressaram para as suas resid\u00eancias at\u00e9 finais de Mar\u00e7o de 2023.<\/p>\n<p style=\"font-weight: 400;\">Os rebeldes enfraquecidos, contudo, demostraram ser resilientes ao mudarem para um estilo de luta de guerrilha, com c\u00e9lulas m\u00f3veis mais pequenas.<\/p>\n<p style=\"font-weight: 400;\">\u201cA estabilidade na regi\u00e3o nordeste da prov\u00edncia contrasta com a situa\u00e7\u00e3o vol\u00e1til dos distritos do norte, centro e sul,\u201d investigador de mat\u00e9rias de seguran\u00e7a, Borges Nhamirre, escreveu numa an\u00e1lise do ISS, no dia 3 de Abril.<\/p>\n<p style=\"font-weight: 400;\">\u201cOs insurgentes que se retiraram de Palma, Moc\u00edmboa da Praia e das suas bases no rio Messalo dividiram-se em pequenas c\u00e9lulas. Eles adaptaram-se \u00e0s novas condi\u00e7\u00f5es, levando a cabo ataques coordenados em v\u00e1rios distritos.\u201d<\/p>\n<p style=\"font-weight: 400;\">Os problemas de coordena\u00e7\u00e3o e de comunica\u00e7\u00e3o continuaram a perturbar as for\u00e7as conjuntas, pois fontes disseram ao ISS sobre v\u00e1rios incidentes de fogo amigo e um caso de drones de vigil\u00e2ncia abatidos por engano.<\/p>\n<p style=\"font-weight: 400;\">A maior parte da popula\u00e7\u00e3o de Cabo Delgado \u2014 cerca de 850.000 \u2014 continua deslocada e os rebeldes ainda n\u00e3o foram derrotados.<\/p>\n<p style=\"font-weight: 400;\">Os especialistas insistem que uma abordagem apenas militar n\u00e3o ir\u00e1 acabar com a insurg\u00eancia.<\/p>\n<p style=\"font-weight: 400;\">\u201cAt\u00e9 agora, a Uni\u00e3o Africana e o seu Conselho de Paz e Seguran\u00e7a estiveram a observar \u00e0 dist\u00e2ncia,\u201d escreveu Liesl Louw-Vaudran, em 2022. \u201cA coordena\u00e7\u00e3o e a vis\u00e3o conjunta para atacar a principal causa do extremismo violento s\u00e3o cruciais de agora em diante.\u201d<\/p>\n<p style=\"font-weight: 400;\">Um relat\u00f3rio recente do Centro para Democracia e Desenvolvimento de Mo\u00e7ambique concluiu que a coordena\u00e7\u00e3o em v\u00e1rios sectores \u00e9 fundamental para abordar as principais causas da insurg\u00eancia.<\/p>\n<p style=\"font-weight: 400;\">\u201cActores militares do sector da paz n\u00e3o t\u00eam cooperado de forma eficaz na partilha de informa\u00e7\u00f5es entre si e com actores n\u00e3o-militares,\u201d afirma o relat\u00f3rio. \u201cNo sector humanit\u00e1rio, entretanto, os actores tendem a competir por acesso a recursos em vez de cooperar e implementar os seus programas.<\/p>\n<p><span style=\"font-weight: 400;\">\u201cA falta de integra\u00e7\u00e3o entre as abordagens humanit\u00e1ria, de desenvolvimento e de constru\u00e7\u00e3o da paz \u00e9 o principal desafio para uma resposta eficaz contra o extremismo violento em Cabo Delgado.\u201d<\/span><\/p>\n","protected":false},"excerpt":{"rendered":"<p>EQUIPA DA ADF Sinais de um progresso incremental ganho com muito esfor\u00e7o apareceram na luta de Mo\u00e7ambique contra a insurg\u00eancia da viol\u00eancia extremista que assola a sua prov\u00edncia nortenha de Cabo Delgado desde 2017. Dois anos atr\u00e1s, a Batalha de Palma marcou um ponto de inflex\u00e3o na abordagem do pa\u00eds para a luta contra os<\/p>\n","protected":false},"author":1,"featured_media":105022,"comment_status":"open","ping_status":"closed","sticky":false,"template":"","format":"standard","meta":{"_acf_changed":false,"_monsterinsights_skip_tracking":false,"_monsterinsights_sitenote_active":false,"_monsterinsights_sitenote_note":"","_monsterinsights_sitenote_category":0,"_uf_show_specific_survey":0,"_uf_disable_surveys":false,"footnotes":""},"categories":[363],"tags":[403,499,1020,473,1159,475,820,1129,1139,534],"class_list":{"0":"post-105024","1":"post","2":"type-post","3":"status-publish","4":"format-standard","5":"has-post-thumbnail","7":"category-melhores-historias","8":"tag-africa-do-sul","9":"tag-extremismo","10":"tag-insurgencia","11":"tag-mocambique","12":"tag-mozambique-pt-pt","13":"tag-ruanda","14":"tag-sadc-pt-pt","15":"tag-samim-pt-pt","16":"tag-terrorism-pt-pt","17":"tag-terrorismo"},"acf":[],"yoast_head":"<!-- This site is optimized with the Yoast SEO plugin v27.4 - https:\/\/yoast.com\/product\/yoast-seo-wordpress\/ -->\n<title>Resposta Regional Melhora Perspectivas de Cabo Delgado - Africa Defense Forum<\/title>\n<meta name=\"robots\" content=\"index, follow, max-snippet:-1, max-image-preview:large, max-video-preview:-1\" \/>\n<link rel=\"canonical\" href=\"https:\/\/adf-magazine.com\/pt-pt\/2023\/04\/resposta-regional-melhora-perspectivas-de-cabo-delgado\/\" \/>\n<meta property=\"og:locale\" content=\"pt_PT\" \/>\n<meta property=\"og:type\" content=\"article\" \/>\n<meta property=\"og:title\" content=\"Resposta Regional Melhora Perspectivas de Cabo Delgado - Africa Defense Forum\" \/>\n<meta property=\"og:description\" content=\"EQUIPA DA ADF Sinais de um progresso incremental ganho com muito esfor\u00e7o apareceram na luta de Mo\u00e7ambique contra a insurg\u00eancia da viol\u00eancia extremista que assola a sua prov\u00edncia nortenha de Cabo Delgado desde 2017. Dois anos atr\u00e1s, a Batalha de Palma marcou um ponto de inflex\u00e3o na abordagem do pa\u00eds para a luta contra os\" \/>\n<meta property=\"og:url\" content=\"https:\/\/adf-magazine.com\/pt-pt\/2023\/04\/resposta-regional-melhora-perspectivas-de-cabo-delgado\/\" \/>\n<meta property=\"og:site_name\" content=\"Africa Defense Forum\" \/>\n<meta property=\"article:publisher\" content=\"https:\/\/www.facebook.com\/ADFmagazine\/\" \/>\n<meta property=\"article:published_time\" content=\"2023-04-25T18:49:46+00:00\" \/>\n<meta property=\"article:modified_time\" content=\"2023-04-25T18:51:03+00:00\" \/>\n<meta property=\"og:image\" content=\"https:\/\/adf-magazine.com\/wp-content\/uploads\/2023\/04\/GettyImages-1243724425.jpg\" \/>\n\t<meta property=\"og:image:width\" content=\"1024\" \/>\n\t<meta property=\"og:image:height\" content=\"683\" \/>\n\t<meta property=\"og:image:type\" content=\"image\/jpeg\" \/>\n<meta name=\"author\" content=\"ADF\" \/>\n<meta name=\"twitter:card\" content=\"summary_large_image\" \/>\n<meta name=\"twitter:creator\" content=\"@ADFmagazine\" \/>\n<meta name=\"twitter:site\" content=\"@ADFmagazine\" \/>\n<meta name=\"twitter:label1\" content=\"Escrito por\" \/>\n\t<meta name=\"twitter:data1\" content=\"ADF\" \/>\n\t<meta name=\"twitter:label2\" content=\"Tempo estimado de leitura\" \/>\n\t<meta name=\"twitter:data2\" content=\"4 minutos\" \/>\n<script type=\"application\/ld+json\" class=\"yoast-schema-graph\">{\"@context\":\"https:\\\/\\\/schema.org\",\"@graph\":[{\"@type\":\"Article\",\"@id\":\"https:\\\/\\\/adf-magazine.com\\\/pt-pt\\\/2023\\\/04\\\/resposta-regional-melhora-perspectivas-de-cabo-delgado\\\/#article\",\"isPartOf\":{\"@id\":\"https:\\\/\\\/adf-magazine.com\\\/pt-pt\\\/2023\\\/04\\\/resposta-regional-melhora-perspectivas-de-cabo-delgado\\\/\"},\"author\":{\"name\":\"ADF\",\"@id\":\"https:\\\/\\\/adf-magazine.com\\\/#\\\/schema\\\/person\\\/f266a6061389568b5a11465bb38bc025\"},\"headline\":\"Resposta Regional Melhora Perspectivas de Cabo Delgado\",\"datePublished\":\"2023-04-25T18:49:46+00:00\",\"dateModified\":\"2023-04-25T18:51:03+00:00\",\"mainEntityOfPage\":{\"@id\":\"https:\\\/\\\/adf-magazine.com\\\/pt-pt\\\/2023\\\/04\\\/resposta-regional-melhora-perspectivas-de-cabo-delgado\\\/\"},\"wordCount\":764,\"commentCount\":0,\"image\":{\"@id\":\"https:\\\/\\\/adf-magazine.com\\\/pt-pt\\\/2023\\\/04\\\/resposta-regional-melhora-perspectivas-de-cabo-delgado\\\/#primaryimage\"},\"thumbnailUrl\":\"https:\\\/\\\/adf-magazine.com\\\/wp-content\\\/uploads\\\/2023\\\/04\\\/GettyImages-1243724425.jpg\",\"keywords\":[\"\u00c1frica do Sul\",\"extremismo\",\"insurg\u00eancia\",\"Mo\u00e7ambique\",\"Mo\u00e7ambique\",\"Ruanda\",\"SADC\",\"SAMIM\",\"Terrorism\",\"Terrorismo\"],\"articleSection\":[\"Not\u00edcias diaries\"],\"inLanguage\":\"pt-PT\",\"potentialAction\":[{\"@type\":\"CommentAction\",\"name\":\"Comment\",\"target\":[\"https:\\\/\\\/adf-magazine.com\\\/pt-pt\\\/2023\\\/04\\\/resposta-regional-melhora-perspectivas-de-cabo-delgado\\\/#respond\"]}]},{\"@type\":\"WebPage\",\"@id\":\"https:\\\/\\\/adf-magazine.com\\\/pt-pt\\\/2023\\\/04\\\/resposta-regional-melhora-perspectivas-de-cabo-delgado\\\/\",\"url\":\"https:\\\/\\\/adf-magazine.com\\\/pt-pt\\\/2023\\\/04\\\/resposta-regional-melhora-perspectivas-de-cabo-delgado\\\/\",\"name\":\"Resposta Regional Melhora Perspectivas de Cabo Delgado - Africa Defense Forum\",\"isPartOf\":{\"@id\":\"https:\\\/\\\/adf-magazine.com\\\/#website\"},\"primaryImageOfPage\":{\"@id\":\"https:\\\/\\\/adf-magazine.com\\\/pt-pt\\\/2023\\\/04\\\/resposta-regional-melhora-perspectivas-de-cabo-delgado\\\/#primaryimage\"},\"image\":{\"@id\":\"https:\\\/\\\/adf-magazine.com\\\/pt-pt\\\/2023\\\/04\\\/resposta-regional-melhora-perspectivas-de-cabo-delgado\\\/#primaryimage\"},\"thumbnailUrl\":\"https:\\\/\\\/adf-magazine.com\\\/wp-content\\\/uploads\\\/2023\\\/04\\\/GettyImages-1243724425.jpg\",\"datePublished\":\"2023-04-25T18:49:46+00:00\",\"dateModified\":\"2023-04-25T18:51:03+00:00\",\"author\":{\"@id\":\"https:\\\/\\\/adf-magazine.com\\\/#\\\/schema\\\/person\\\/f266a6061389568b5a11465bb38bc025\"},\"breadcrumb\":{\"@id\":\"https:\\\/\\\/adf-magazine.com\\\/pt-pt\\\/2023\\\/04\\\/resposta-regional-melhora-perspectivas-de-cabo-delgado\\\/#breadcrumb\"},\"inLanguage\":\"pt-PT\",\"potentialAction\":[{\"@type\":\"ReadAction\",\"target\":[\"https:\\\/\\\/adf-magazine.com\\\/pt-pt\\\/2023\\\/04\\\/resposta-regional-melhora-perspectivas-de-cabo-delgado\\\/\"]}]},{\"@type\":\"ImageObject\",\"inLanguage\":\"pt-PT\",\"@id\":\"https:\\\/\\\/adf-magazine.com\\\/pt-pt\\\/2023\\\/04\\\/resposta-regional-melhora-perspectivas-de-cabo-delgado\\\/#primaryimage\",\"url\":\"https:\\\/\\\/adf-magazine.com\\\/wp-content\\\/uploads\\\/2023\\\/04\\\/GettyImages-1243724425.jpg\",\"contentUrl\":\"https:\\\/\\\/adf-magazine.com\\\/wp-content\\\/uploads\\\/2023\\\/04\\\/GettyImages-1243724425.jpg\",\"width\":1024,\"height\":683,\"caption\":\"Um soldado mo\u00e7ambicano zela pelos civis em Quionga, Mo\u00e7ambique, pr\u00f3ximo de Palma, no dia 30 de Setembro de 2022. AFP\\\/GETTY IMAGES\"},{\"@type\":\"BreadcrumbList\",\"@id\":\"https:\\\/\\\/adf-magazine.com\\\/pt-pt\\\/2023\\\/04\\\/resposta-regional-melhora-perspectivas-de-cabo-delgado\\\/#breadcrumb\",\"itemListElement\":[{\"@type\":\"ListItem\",\"position\":1,\"name\":\"Home\",\"item\":\"https:\\\/\\\/adf-magazine.com\\\/\"},{\"@type\":\"ListItem\",\"position\":2,\"name\":\"Resposta Regional Melhora Perspectivas de Cabo Delgado\"}]},{\"@type\":\"WebSite\",\"@id\":\"https:\\\/\\\/adf-magazine.com\\\/#website\",\"url\":\"https:\\\/\\\/adf-magazine.com\\\/\",\"name\":\"Africa Defense Forum\",\"description\":\"Africa Defense Forum\",\"potentialAction\":[{\"@type\":\"SearchAction\",\"target\":{\"@type\":\"EntryPoint\",\"urlTemplate\":\"https:\\\/\\\/adf-magazine.com\\\/?s={search_term_string}\"},\"query-input\":{\"@type\":\"PropertyValueSpecification\",\"valueRequired\":true,\"valueName\":\"search_term_string\"}}],\"inLanguage\":\"pt-PT\"},{\"@type\":\"Person\",\"@id\":\"https:\\\/\\\/adf-magazine.com\\\/#\\\/schema\\\/person\\\/f266a6061389568b5a11465bb38bc025\",\"name\":\"ADF\",\"image\":{\"@type\":\"ImageObject\",\"inLanguage\":\"pt-PT\",\"@id\":\"https:\\\/\\\/adf-magazine.com\\\/wp-content\\\/uploads\\\/2020\\\/05\\\/cropped-ADF_icon.jpg\",\"url\":\"https:\\\/\\\/adf-magazine.com\\\/wp-content\\\/uploads\\\/2020\\\/05\\\/cropped-ADF_icon.jpg\",\"contentUrl\":\"https:\\\/\\\/adf-magazine.com\\\/wp-content\\\/uploads\\\/2020\\\/05\\\/cropped-ADF_icon.jpg\",\"caption\":\"ADF\"},\"description\":\"ADF is a professional military magazine published quarterly by U.S. Africa Command to provide an international forum for African security professionals. ADF covers topics such as counter terrorism strategies, security and defense operations, transnational crime, and all other issues affecting peace, stability, and good governance on the African continent.\",\"sameAs\":[\"https:\\\/\\\/x.com\\\/ADFmagazine\"],\"url\":\"https:\\\/\\\/adf-magazine.com\\\/pt-pt\\\/author\\\/adf\\\/\"}]}<\/script>\n<!-- \/ Yoast SEO plugin. -->","yoast_head_json":{"title":"Resposta Regional Melhora Perspectivas de Cabo Delgado - Africa Defense Forum","robots":{"index":"index","follow":"follow","max-snippet":"max-snippet:-1","max-image-preview":"max-image-preview:large","max-video-preview":"max-video-preview:-1"},"canonical":"https:\/\/adf-magazine.com\/pt-pt\/2023\/04\/resposta-regional-melhora-perspectivas-de-cabo-delgado\/","og_locale":"pt_PT","og_type":"article","og_title":"Resposta Regional Melhora Perspectivas de Cabo Delgado - Africa Defense Forum","og_description":"EQUIPA DA ADF Sinais de um progresso incremental ganho com muito esfor\u00e7o apareceram na luta de Mo\u00e7ambique contra a insurg\u00eancia da viol\u00eancia extremista que assola a sua prov\u00edncia nortenha de Cabo Delgado desde 2017. Dois anos atr\u00e1s, a Batalha de Palma marcou um ponto de inflex\u00e3o na abordagem do pa\u00eds para a luta contra os","og_url":"https:\/\/adf-magazine.com\/pt-pt\/2023\/04\/resposta-regional-melhora-perspectivas-de-cabo-delgado\/","og_site_name":"Africa Defense Forum","article_publisher":"https:\/\/www.facebook.com\/ADFmagazine\/","article_published_time":"2023-04-25T18:49:46+00:00","article_modified_time":"2023-04-25T18:51:03+00:00","og_image":[{"width":1024,"height":683,"url":"https:\/\/adf-magazine.com\/wp-content\/uploads\/2023\/04\/GettyImages-1243724425.jpg","type":"image\/jpeg"}],"author":"ADF","twitter_card":"summary_large_image","twitter_creator":"@ADFmagazine","twitter_site":"@ADFmagazine","twitter_misc":{"Escrito por":"ADF","Tempo estimado de leitura":"4 minutos"},"schema":{"@context":"https:\/\/schema.org","@graph":[{"@type":"Article","@id":"https:\/\/adf-magazine.com\/pt-pt\/2023\/04\/resposta-regional-melhora-perspectivas-de-cabo-delgado\/#article","isPartOf":{"@id":"https:\/\/adf-magazine.com\/pt-pt\/2023\/04\/resposta-regional-melhora-perspectivas-de-cabo-delgado\/"},"author":{"name":"ADF","@id":"https:\/\/adf-magazine.com\/#\/schema\/person\/f266a6061389568b5a11465bb38bc025"},"headline":"Resposta Regional Melhora Perspectivas de Cabo Delgado","datePublished":"2023-04-25T18:49:46+00:00","dateModified":"2023-04-25T18:51:03+00:00","mainEntityOfPage":{"@id":"https:\/\/adf-magazine.com\/pt-pt\/2023\/04\/resposta-regional-melhora-perspectivas-de-cabo-delgado\/"},"wordCount":764,"commentCount":0,"image":{"@id":"https:\/\/adf-magazine.com\/pt-pt\/2023\/04\/resposta-regional-melhora-perspectivas-de-cabo-delgado\/#primaryimage"},"thumbnailUrl":"https:\/\/adf-magazine.com\/wp-content\/uploads\/2023\/04\/GettyImages-1243724425.jpg","keywords":["\u00c1frica do Sul","extremismo","insurg\u00eancia","Mo\u00e7ambique","Mo\u00e7ambique","Ruanda","SADC","SAMIM","Terrorism","Terrorismo"],"articleSection":["Not\u00edcias diaries"],"inLanguage":"pt-PT","potentialAction":[{"@type":"CommentAction","name":"Comment","target":["https:\/\/adf-magazine.com\/pt-pt\/2023\/04\/resposta-regional-melhora-perspectivas-de-cabo-delgado\/#respond"]}]},{"@type":"WebPage","@id":"https:\/\/adf-magazine.com\/pt-pt\/2023\/04\/resposta-regional-melhora-perspectivas-de-cabo-delgado\/","url":"https:\/\/adf-magazine.com\/pt-pt\/2023\/04\/resposta-regional-melhora-perspectivas-de-cabo-delgado\/","name":"Resposta Regional Melhora Perspectivas de Cabo Delgado - Africa Defense Forum","isPartOf":{"@id":"https:\/\/adf-magazine.com\/#website"},"primaryImageOfPage":{"@id":"https:\/\/adf-magazine.com\/pt-pt\/2023\/04\/resposta-regional-melhora-perspectivas-de-cabo-delgado\/#primaryimage"},"image":{"@id":"https:\/\/adf-magazine.com\/pt-pt\/2023\/04\/resposta-regional-melhora-perspectivas-de-cabo-delgado\/#primaryimage"},"thumbnailUrl":"https:\/\/adf-magazine.com\/wp-content\/uploads\/2023\/04\/GettyImages-1243724425.jpg","datePublished":"2023-04-25T18:49:46+00:00","dateModified":"2023-04-25T18:51:03+00:00","author":{"@id":"https:\/\/adf-magazine.com\/#\/schema\/person\/f266a6061389568b5a11465bb38bc025"},"breadcrumb":{"@id":"https:\/\/adf-magazine.com\/pt-pt\/2023\/04\/resposta-regional-melhora-perspectivas-de-cabo-delgado\/#breadcrumb"},"inLanguage":"pt-PT","potentialAction":[{"@type":"ReadAction","target":["https:\/\/adf-magazine.com\/pt-pt\/2023\/04\/resposta-regional-melhora-perspectivas-de-cabo-delgado\/"]}]},{"@type":"ImageObject","inLanguage":"pt-PT","@id":"https:\/\/adf-magazine.com\/pt-pt\/2023\/04\/resposta-regional-melhora-perspectivas-de-cabo-delgado\/#primaryimage","url":"https:\/\/adf-magazine.com\/wp-content\/uploads\/2023\/04\/GettyImages-1243724425.jpg","contentUrl":"https:\/\/adf-magazine.com\/wp-content\/uploads\/2023\/04\/GettyImages-1243724425.jpg","width":1024,"height":683,"caption":"Um soldado mo\u00e7ambicano zela pelos civis em Quionga, Mo\u00e7ambique, pr\u00f3ximo de Palma, no dia 30 de Setembro de 2022. AFP\/GETTY IMAGES"},{"@type":"BreadcrumbList","@id":"https:\/\/adf-magazine.com\/pt-pt\/2023\/04\/resposta-regional-melhora-perspectivas-de-cabo-delgado\/#breadcrumb","itemListElement":[{"@type":"ListItem","position":1,"name":"Home","item":"https:\/\/adf-magazine.com\/"},{"@type":"ListItem","position":2,"name":"Resposta Regional Melhora Perspectivas de Cabo Delgado"}]},{"@type":"WebSite","@id":"https:\/\/adf-magazine.com\/#website","url":"https:\/\/adf-magazine.com\/","name":"Africa Defense Forum","description":"Africa Defense Forum","potentialAction":[{"@type":"SearchAction","target":{"@type":"EntryPoint","urlTemplate":"https:\/\/adf-magazine.com\/?s={search_term_string}"},"query-input":{"@type":"PropertyValueSpecification","valueRequired":true,"valueName":"search_term_string"}}],"inLanguage":"pt-PT"},{"@type":"Person","@id":"https:\/\/adf-magazine.com\/#\/schema\/person\/f266a6061389568b5a11465bb38bc025","name":"ADF","image":{"@type":"ImageObject","inLanguage":"pt-PT","@id":"https:\/\/adf-magazine.com\/wp-content\/uploads\/2020\/05\/cropped-ADF_icon.jpg","url":"https:\/\/adf-magazine.com\/wp-content\/uploads\/2020\/05\/cropped-ADF_icon.jpg","contentUrl":"https:\/\/adf-magazine.com\/wp-content\/uploads\/2020\/05\/cropped-ADF_icon.jpg","caption":"ADF"},"description":"ADF is a professional military magazine published quarterly by U.S. Africa Command to provide an international forum for African security professionals. ADF covers topics such as counter terrorism strategies, security and defense operations, transnational crime, and all other issues affecting peace, stability, and good governance on the African continent.","sameAs":["https:\/\/x.com\/ADFmagazine"],"url":"https:\/\/adf-magazine.com\/pt-pt\/author\/adf\/"}]}},"_links":{"self":[{"href":"https:\/\/adf-magazine.com\/pt-pt\/wp-json\/wp\/v2\/posts\/105024","targetHints":{"allow":["GET"]}}],"collection":[{"href":"https:\/\/adf-magazine.com\/pt-pt\/wp-json\/wp\/v2\/posts"}],"about":[{"href":"https:\/\/adf-magazine.com\/pt-pt\/wp-json\/wp\/v2\/types\/post"}],"author":[{"embeddable":true,"href":"https:\/\/adf-magazine.com\/pt-pt\/wp-json\/wp\/v2\/users\/1"}],"replies":[{"embeddable":true,"href":"https:\/\/adf-magazine.com\/pt-pt\/wp-json\/wp\/v2\/comments?post=105024"}],"version-history":[{"count":0,"href":"https:\/\/adf-magazine.com\/pt-pt\/wp-json\/wp\/v2\/posts\/105024\/revisions"}],"wp:featuredmedia":[{"embeddable":true,"href":"https:\/\/adf-magazine.com\/pt-pt\/wp-json\/wp\/v2\/media\/105022"}],"wp:attachment":[{"href":"https:\/\/adf-magazine.com\/pt-pt\/wp-json\/wp\/v2\/media?parent=105024"}],"wp:term":[{"taxonomy":"category","embeddable":true,"href":"https:\/\/adf-magazine.com\/pt-pt\/wp-json\/wp\/v2\/categories?post=105024"},{"taxonomy":"post_tag","embeddable":true,"href":"https:\/\/adf-magazine.com\/pt-pt\/wp-json\/wp\/v2\/tags?post=105024"}],"curies":[{"name":"wp","href":"https:\/\/api.w.org\/{rel}","templated":true}]}}