{"id":104970,"date":"2023-04-18T14:37:43","date_gmt":"2023-04-18T18:37:43","guid":{"rendered":"https:\/\/adf-magazine.com\/?p=104970"},"modified":"2023-04-18T14:38:01","modified_gmt":"2023-04-18T18:38:01","slug":"militantes-podem-encontrar-base-no-norte-do-gana","status":"publish","type":"post","link":"https:\/\/adf-magazine.com\/pt-pt\/2023\/04\/militantes-podem-encontrar-base-no-norte-do-gana\/","title":{"rendered":"Militantes Podem Encontrar Base no Norte do Gana"},"content":{"rendered":"<p style=\"font-weight: 400;\">EQUIPA DA ADF<\/p>\n<p style=\"font-weight: 400;\">D\u00e9cadas de tens\u00f5es \u00e9tnicas latentes na cidade de Bawku, no norte do Gana, transformaram-se recentemente em viol\u00eancia armada.<\/p>\n<p style=\"font-weight: 400;\">As for\u00e7as de seguran\u00e7a foram destacadas, e o conflito captou a aten\u00e7\u00e3o do pa\u00eds, tendo suscitado receios de que grupos terroristas se expandissem para a regi\u00e3o.<\/p>\n<p style=\"font-weight: 400;\">Especialistas dizem que o conflito em Bawku representa uma s\u00e9ria amea\u00e7a \u00e0 seguran\u00e7a do Gana, uma vez que as organiza\u00e7\u00f5es extremistas violentas exploram frequentemente a instabilidade local.<\/p>\n<p style=\"font-weight: 400;\">No dia 27 de Mar\u00e7o, perguntou-se ao Presidente do Gana, Nana Akufo-Addo, se a al-Qaeda j\u00e1 se encontrava no Gana.<\/p>\n<p style=\"font-weight: 400;\">\u201cN\u00e3o sei. Oficialmente, n\u00e3o temos qualquer informa\u00e7\u00e3o nesse sentido,\u201d disse o presidente numa confer\u00eancia de imprensa. \u201c\u00c9 bem poss\u00edvel que j\u00e1 existam c\u00e9lulas no pa\u00eds.\u201d<\/p>\n<p style=\"font-weight: 400;\">Dois dias depois, um porta-voz do governo comprometeu-se a assegurar ao mundo sobre a estabilidade do Gana, clarificando a declara\u00e7\u00e3o do presidente.<\/p>\n<p style=\"font-weight: 400;\">\u201cN\u00e3o prendemos nenhum terrorista que perten\u00e7a a nenhum dos grupos terroristas em ascens\u00e3o na regi\u00e3o da \u00c1frica Ocidental,\u201d disse Palgrave Boakye-Danquah durante uma entrevista com a r\u00e1dio Neat FM. \u201cOs chefes de seguran\u00e7a est\u00e3o a fazer tudo o que podem para assegurar [que] se terroristas estiverem presentes no pa\u00eds, ser\u00e3o detidos e devidamente processados.\u201d<\/p>\n<p style=\"font-weight: 400;\">Especialistas e pol\u00edticos ganeses est\u00e3o a alertar que Bawku \u00e9 um \u00f3bvio barril de p\u00f3lvora que os extremistas militantes podem facilmente explorar.<\/p>\n<p style=\"font-weight: 400;\">A pouco mais de 5 quil\u00f3metros da fronteira porosa do Gana com o Burquina Faso, Bawku \u00e9 um centro de com\u00e9rcio com os pa\u00edses sahelianos. A regi\u00e3o \u00e9 tamb\u00e9m conhecida por rotas de contrabando bem estabelecidas e pela extrac\u00e7\u00e3o ilegal de ouro.<\/p>\n<p style=\"font-weight: 400;\">As duas juntas, resultam numa combina\u00e7\u00e3o tentadora para organiza\u00e7\u00f5es terroristas.<\/p>\n<p style=\"font-weight: 400;\">Adib Saani, director-executivo do Jatikay Center for Peace Building, sediado em Accra, disse que Bawku \u00e9 o \u201celo mais fraco\u201d do Gana na sua luta para proteger o pa\u00eds da expans\u00e3o terrorista.<\/p>\n<p style=\"font-weight: 400;\">\u201cA possibilidade de elementos terroristas tirarem partido da situa\u00e7\u00e3o em Bawku para se infiltrarem no pa\u00eds \u00e9 muito elevada,\u201d disse ao site de not\u00edcias do The Ghana Report. \u201cBawku tornou-se, como resultado, uma sociedade semi-ilegal. Os elementos criminosos ir\u00e3o prosperar, incluindo os envolvidos no tr\u00e1fico de armas e de seres humanos.\u201d<\/p>\n<p style=\"font-weight: 400;\">A centelha em Bawku foi uma disputa de chefia que remontava a 1983 e que recentemente reacendeu as tens\u00f5es. Mais de 30 pessoas foram mortas em combates \u00e9tnicos entre Dezembro e Abril, de acordo com a pol\u00edcia.<\/p>\n<p style=\"font-weight: 400;\">A prolifera\u00e7\u00e3o de armas autom\u00e1ticas levou ao aumento do n\u00famero de mortes, bem como as suspeitas sobre as suas origens.<\/p>\n<p style=\"font-weight: 400;\">No dia 3 de Abril, pr\u00f3ximo do departamento de pol\u00edcia de Bawku, homens armados abriram fogo contra tr\u00eas agentes da migra\u00e7\u00e3o fora de servi\u00e7o no seu ve\u00edculo, matando um deles.<\/p>\n<p style=\"font-weight: 400;\">O Gana respondeu destacando 1.000 membros das for\u00e7as especiais para a \u00e1rea, a fim de proteger a fronteira com o Burquina Faso. As autoridades governamentais tinham anunciado anteriormente planos de enviar 5.000 agentes de seguran\u00e7a para Bawku para conter a viol\u00eancia.<\/p>\n<p style=\"font-weight: 400;\">O ministro regional do Alto Oriente, Stephen Yakubu, disse que o ex\u00e9rcito est\u00e1 a estabelecer pequenas bases avan\u00e7adas ao longo da fronteira e que o servi\u00e7o de migra\u00e7\u00e3o tamb\u00e9m est\u00e1 a aumentar a sua presen\u00e7a nas fronteiras.<\/p>\n<p style=\"font-weight: 400;\">\u201c\u00c9 caso para dormir com um s\u00f3 olho fechado,\u201d disse \u00e0 revista The Africa Report. \u201cEstamos cientes das poss\u00edveis amea\u00e7as que a situa\u00e7\u00e3o no Burquina Faso nos coloca. \u201cO nosso foco agora \u00e9 como fazer com que as duas fac\u00e7\u00f5es parem de lutar para que Bawku esteja em paz. Exortamo-los a cessar o fogo e a fumar o cachimbo da paz. Sabemos que estamos definitivamente a chegar ao fim disto.\u201d<\/p>\n<p style=\"font-weight: 400;\">Durante v\u00e1rios anos, o Gana tem vindo a preparar-se para grupos terroristas que se expandem do Sahel em direc\u00e7\u00e3o ao sul. Grupos alinhados com a al-Qaeda e o grupo do Estado Isl\u00e2mico intensificaram os ataques nas partes setentrionais dos Estados do Golfo da Guin\u00e9, incluindo Benin, Costa do Marfim e Togo.<\/p>\n<p style=\"font-weight: 400;\">Bawku tamb\u00e9m j\u00e1 viu mais de 4.000 refugiados do Burquina Faso estabelecerem-se em campos pr\u00f3ximos ap\u00f3s terem fugido da viol\u00eancia extremista atrav\u00e9s da fronteira.<\/p>\n<p style=\"font-weight: 400;\">O governo j\u00e1 reconheceu que os grupos terroristas que operam na \u00c1frica Ocidental est\u00e3o a recrutar ganeses.<\/p>\n<p><span style=\"font-weight: 400;\">\u201cO terrorismo e a pirataria s\u00e3o hoje algumas das nossas maiores amea\u00e7as \u00e0 seguran\u00e7a em toda a \u00c1frica Ocidental,\u201d disse o Ministro da Informa\u00e7\u00e3o, Kojo Oppong-Nkrumah, em 2022, de acordo com o site de not\u00edcias Pulse Ghana. \u201cSe olharmos para os n\u00fameros e para o qu\u00e3o perto se est\u00e1 de [chegar] a casa, e para o facto de agora termos raz\u00f5es para acreditar que alguns recrutamentos ocorreram aqui no Gana &#8230; h\u00e1 muito mais a fazer.\u201d<\/span><\/p>\n","protected":false},"excerpt":{"rendered":"<p>EQUIPA DA ADF D\u00e9cadas de tens\u00f5es \u00e9tnicas latentes na cidade de Bawku, no norte do Gana, transformaram-se recentemente em viol\u00eancia armada. As for\u00e7as de seguran\u00e7a foram destacadas, e o conflito captou a aten\u00e7\u00e3o do pa\u00eds, tendo suscitado receios de que grupos terroristas se expandissem para a regi\u00e3o. Especialistas dizem que o conflito em Bawku representa<\/p>\n","protected":false},"author":1,"featured_media":104968,"comment_status":"closed","ping_status":"closed","sticky":false,"template":"","format":"standard","meta":{"_acf_changed":false,"_monsterinsights_skip_tracking":false,"_monsterinsights_sitenote_active":false,"_monsterinsights_sitenote_note":"","_monsterinsights_sitenote_category":0,"_uf_show_specific_survey":0,"_uf_disable_surveys":false,"footnotes":""},"categories":[363],"tags":[888,503,714,499,449,544,501,1026,1139,534,812,610],"class_list":{"0":"post-104970","1":"post","2":"type-post","3":"status-publish","4":"format-standard","5":"has-post-thumbnail","7":"category-melhores-historias","8":"tag-benin-pt-pt","9":"tag-burkina-faso-pt-pt","10":"tag-costa-do-marfim","11":"tag-extremismo","12":"tag-gana","13":"tag-golfo-da-guine","14":"tag-sahel-pt-pt","15":"tag-seguranca-fronteirica","16":"tag-terrorism-pt-pt","17":"tag-terrorismo","18":"tag-togo-pt-pt","19":"tag-violencia-etnica"},"acf":[],"yoast_head":"<!-- This site is optimized with the Yoast SEO plugin v27.4 - https:\/\/yoast.com\/product\/yoast-seo-wordpress\/ -->\n<title>Militantes Podem Encontrar Base no Norte do Gana - Africa Defense Forum<\/title>\n<meta name=\"robots\" content=\"index, follow, max-snippet:-1, max-image-preview:large, max-video-preview:-1\" \/>\n<link rel=\"canonical\" href=\"https:\/\/adf-magazine.com\/pt-pt\/2023\/04\/militantes-podem-encontrar-base-no-norte-do-gana\/\" \/>\n<meta property=\"og:locale\" content=\"pt_PT\" \/>\n<meta property=\"og:type\" content=\"article\" \/>\n<meta property=\"og:title\" content=\"Militantes Podem Encontrar Base no Norte do Gana - Africa Defense Forum\" \/>\n<meta property=\"og:description\" content=\"EQUIPA DA ADF D\u00e9cadas de tens\u00f5es \u00e9tnicas latentes na cidade de Bawku, no norte do Gana, transformaram-se recentemente em viol\u00eancia armada. As for\u00e7as de seguran\u00e7a foram destacadas, e o conflito captou a aten\u00e7\u00e3o do pa\u00eds, tendo suscitado receios de que grupos terroristas se expandissem para a regi\u00e3o. Especialistas dizem que o conflito em Bawku representa\" \/>\n<meta property=\"og:url\" content=\"https:\/\/adf-magazine.com\/pt-pt\/2023\/04\/militantes-podem-encontrar-base-no-norte-do-gana\/\" \/>\n<meta property=\"og:site_name\" content=\"Africa Defense Forum\" \/>\n<meta property=\"article:publisher\" content=\"https:\/\/www.facebook.com\/ADFmagazine\/\" \/>\n<meta property=\"article:published_time\" content=\"2023-04-18T18:37:43+00:00\" \/>\n<meta property=\"article:modified_time\" content=\"2023-04-18T18:38:01+00:00\" \/>\n<meta property=\"og:image\" content=\"https:\/\/adf-magazine.com\/wp-content\/uploads\/2023\/04\/GettyImages-1246834810.jpg\" \/>\n\t<meta property=\"og:image:width\" content=\"1024\" \/>\n\t<meta property=\"og:image:height\" content=\"683\" \/>\n\t<meta property=\"og:image:type\" content=\"image\/jpeg\" \/>\n<meta name=\"author\" content=\"ADF\" \/>\n<meta name=\"twitter:card\" content=\"summary_large_image\" \/>\n<meta name=\"twitter:creator\" content=\"@ADFmagazine\" \/>\n<meta name=\"twitter:site\" content=\"@ADFmagazine\" \/>\n<meta name=\"twitter:label1\" content=\"Escrito por\" \/>\n\t<meta name=\"twitter:data1\" content=\"ADF\" \/>\n\t<meta name=\"twitter:label2\" content=\"Tempo estimado de leitura\" \/>\n\t<meta name=\"twitter:data2\" content=\"4 minutos\" \/>\n<script type=\"application\/ld+json\" class=\"yoast-schema-graph\">{\"@context\":\"https:\\\/\\\/schema.org\",\"@graph\":[{\"@type\":\"Article\",\"@id\":\"https:\\\/\\\/adf-magazine.com\\\/pt-pt\\\/2023\\\/04\\\/militantes-podem-encontrar-base-no-norte-do-gana\\\/#article\",\"isPartOf\":{\"@id\":\"https:\\\/\\\/adf-magazine.com\\\/pt-pt\\\/2023\\\/04\\\/militantes-podem-encontrar-base-no-norte-do-gana\\\/\"},\"author\":{\"name\":\"ADF\",\"@id\":\"https:\\\/\\\/adf-magazine.com\\\/#\\\/schema\\\/person\\\/f266a6061389568b5a11465bb38bc025\"},\"headline\":\"Militantes Podem Encontrar Base no Norte do Gana\",\"datePublished\":\"2023-04-18T18:37:43+00:00\",\"dateModified\":\"2023-04-18T18:38:01+00:00\",\"mainEntityOfPage\":{\"@id\":\"https:\\\/\\\/adf-magazine.com\\\/pt-pt\\\/2023\\\/04\\\/militantes-podem-encontrar-base-no-norte-do-gana\\\/\"},\"wordCount\":831,\"image\":{\"@id\":\"https:\\\/\\\/adf-magazine.com\\\/pt-pt\\\/2023\\\/04\\\/militantes-podem-encontrar-base-no-norte-do-gana\\\/#primaryimage\"},\"thumbnailUrl\":\"https:\\\/\\\/adf-magazine.com\\\/wp-content\\\/uploads\\\/2023\\\/04\\\/GettyImages-1246834810.jpg\",\"keywords\":[\"Benin\",\"Burkina Faso\",\"Costa do Marfim\",\"extremismo\",\"Gana\",\"Golfo da Guin\u00e9\",\"Sahel\",\"Seguran\u00e7a Fronteiri\u00e7a\",\"Terrorism\",\"Terrorismo\",\"Togo\",\"viol\u00eancia \u00e9tnica\"],\"articleSection\":[\"Not\u00edcias diaries\"],\"inLanguage\":\"pt-PT\"},{\"@type\":\"WebPage\",\"@id\":\"https:\\\/\\\/adf-magazine.com\\\/pt-pt\\\/2023\\\/04\\\/militantes-podem-encontrar-base-no-norte-do-gana\\\/\",\"url\":\"https:\\\/\\\/adf-magazine.com\\\/pt-pt\\\/2023\\\/04\\\/militantes-podem-encontrar-base-no-norte-do-gana\\\/\",\"name\":\"Militantes Podem Encontrar Base no Norte do Gana - Africa Defense Forum\",\"isPartOf\":{\"@id\":\"https:\\\/\\\/adf-magazine.com\\\/#website\"},\"primaryImageOfPage\":{\"@id\":\"https:\\\/\\\/adf-magazine.com\\\/pt-pt\\\/2023\\\/04\\\/militantes-podem-encontrar-base-no-norte-do-gana\\\/#primaryimage\"},\"image\":{\"@id\":\"https:\\\/\\\/adf-magazine.com\\\/pt-pt\\\/2023\\\/04\\\/militantes-podem-encontrar-base-no-norte-do-gana\\\/#primaryimage\"},\"thumbnailUrl\":\"https:\\\/\\\/adf-magazine.com\\\/wp-content\\\/uploads\\\/2023\\\/04\\\/GettyImages-1246834810.jpg\",\"datePublished\":\"2023-04-18T18:37:43+00:00\",\"dateModified\":\"2023-04-18T18:38:01+00:00\",\"author\":{\"@id\":\"https:\\\/\\\/adf-magazine.com\\\/#\\\/schema\\\/person\\\/f266a6061389568b5a11465bb38bc025\"},\"breadcrumb\":{\"@id\":\"https:\\\/\\\/adf-magazine.com\\\/pt-pt\\\/2023\\\/04\\\/militantes-podem-encontrar-base-no-norte-do-gana\\\/#breadcrumb\"},\"inLanguage\":\"pt-PT\",\"potentialAction\":[{\"@type\":\"ReadAction\",\"target\":[\"https:\\\/\\\/adf-magazine.com\\\/pt-pt\\\/2023\\\/04\\\/militantes-podem-encontrar-base-no-norte-do-gana\\\/\"]}]},{\"@type\":\"ImageObject\",\"inLanguage\":\"pt-PT\",\"@id\":\"https:\\\/\\\/adf-magazine.com\\\/pt-pt\\\/2023\\\/04\\\/militantes-podem-encontrar-base-no-norte-do-gana\\\/#primaryimage\",\"url\":\"https:\\\/\\\/adf-magazine.com\\\/wp-content\\\/uploads\\\/2023\\\/04\\\/GettyImages-1246834810.jpg\",\"contentUrl\":\"https:\\\/\\\/adf-magazine.com\\\/wp-content\\\/uploads\\\/2023\\\/04\\\/GettyImages-1246834810.jpg\",\"width\":1024,\"height\":683,\"caption\":\"L\u00edder tradicional de Bawku, Naba Asigri Abugrago Azoka II, sentado com os seus subchefes no pal\u00e1cio Zug-raan, em Bawku, no norte do Gana, no dia 7 de Dezembro de 2022. AFP\\\/GETTY IMAGES\"},{\"@type\":\"BreadcrumbList\",\"@id\":\"https:\\\/\\\/adf-magazine.com\\\/pt-pt\\\/2023\\\/04\\\/militantes-podem-encontrar-base-no-norte-do-gana\\\/#breadcrumb\",\"itemListElement\":[{\"@type\":\"ListItem\",\"position\":1,\"name\":\"Home\",\"item\":\"https:\\\/\\\/adf-magazine.com\\\/\"},{\"@type\":\"ListItem\",\"position\":2,\"name\":\"Militantes Podem Encontrar Base no Norte do Gana\"}]},{\"@type\":\"WebSite\",\"@id\":\"https:\\\/\\\/adf-magazine.com\\\/#website\",\"url\":\"https:\\\/\\\/adf-magazine.com\\\/\",\"name\":\"Africa Defense Forum\",\"description\":\"Africa Defense Forum\",\"potentialAction\":[{\"@type\":\"SearchAction\",\"target\":{\"@type\":\"EntryPoint\",\"urlTemplate\":\"https:\\\/\\\/adf-magazine.com\\\/?s={search_term_string}\"},\"query-input\":{\"@type\":\"PropertyValueSpecification\",\"valueRequired\":true,\"valueName\":\"search_term_string\"}}],\"inLanguage\":\"pt-PT\"},{\"@type\":\"Person\",\"@id\":\"https:\\\/\\\/adf-magazine.com\\\/#\\\/schema\\\/person\\\/f266a6061389568b5a11465bb38bc025\",\"name\":\"ADF\",\"image\":{\"@type\":\"ImageObject\",\"inLanguage\":\"pt-PT\",\"@id\":\"https:\\\/\\\/adf-magazine.com\\\/wp-content\\\/uploads\\\/2020\\\/05\\\/cropped-ADF_icon.jpg\",\"url\":\"https:\\\/\\\/adf-magazine.com\\\/wp-content\\\/uploads\\\/2020\\\/05\\\/cropped-ADF_icon.jpg\",\"contentUrl\":\"https:\\\/\\\/adf-magazine.com\\\/wp-content\\\/uploads\\\/2020\\\/05\\\/cropped-ADF_icon.jpg\",\"caption\":\"ADF\"},\"description\":\"ADF is a professional military magazine published quarterly by U.S. Africa Command to provide an international forum for African security professionals. ADF covers topics such as counter terrorism strategies, security and defense operations, transnational crime, and all other issues affecting peace, stability, and good governance on the African continent.\",\"sameAs\":[\"https:\\\/\\\/x.com\\\/ADFmagazine\"],\"url\":\"https:\\\/\\\/adf-magazine.com\\\/pt-pt\\\/author\\\/adf\\\/\"}]}<\/script>\n<!-- \/ Yoast SEO plugin. -->","yoast_head_json":{"title":"Militantes Podem Encontrar Base no Norte do Gana - Africa Defense Forum","robots":{"index":"index","follow":"follow","max-snippet":"max-snippet:-1","max-image-preview":"max-image-preview:large","max-video-preview":"max-video-preview:-1"},"canonical":"https:\/\/adf-magazine.com\/pt-pt\/2023\/04\/militantes-podem-encontrar-base-no-norte-do-gana\/","og_locale":"pt_PT","og_type":"article","og_title":"Militantes Podem Encontrar Base no Norte do Gana - Africa Defense Forum","og_description":"EQUIPA DA ADF D\u00e9cadas de tens\u00f5es \u00e9tnicas latentes na cidade de Bawku, no norte do Gana, transformaram-se recentemente em viol\u00eancia armada. As for\u00e7as de seguran\u00e7a foram destacadas, e o conflito captou a aten\u00e7\u00e3o do pa\u00eds, tendo suscitado receios de que grupos terroristas se expandissem para a regi\u00e3o. Especialistas dizem que o conflito em Bawku representa","og_url":"https:\/\/adf-magazine.com\/pt-pt\/2023\/04\/militantes-podem-encontrar-base-no-norte-do-gana\/","og_site_name":"Africa Defense Forum","article_publisher":"https:\/\/www.facebook.com\/ADFmagazine\/","article_published_time":"2023-04-18T18:37:43+00:00","article_modified_time":"2023-04-18T18:38:01+00:00","og_image":[{"width":1024,"height":683,"url":"https:\/\/adf-magazine.com\/wp-content\/uploads\/2023\/04\/GettyImages-1246834810.jpg","type":"image\/jpeg"}],"author":"ADF","twitter_card":"summary_large_image","twitter_creator":"@ADFmagazine","twitter_site":"@ADFmagazine","twitter_misc":{"Escrito por":"ADF","Tempo estimado de leitura":"4 minutos"},"schema":{"@context":"https:\/\/schema.org","@graph":[{"@type":"Article","@id":"https:\/\/adf-magazine.com\/pt-pt\/2023\/04\/militantes-podem-encontrar-base-no-norte-do-gana\/#article","isPartOf":{"@id":"https:\/\/adf-magazine.com\/pt-pt\/2023\/04\/militantes-podem-encontrar-base-no-norte-do-gana\/"},"author":{"name":"ADF","@id":"https:\/\/adf-magazine.com\/#\/schema\/person\/f266a6061389568b5a11465bb38bc025"},"headline":"Militantes Podem Encontrar Base no Norte do Gana","datePublished":"2023-04-18T18:37:43+00:00","dateModified":"2023-04-18T18:38:01+00:00","mainEntityOfPage":{"@id":"https:\/\/adf-magazine.com\/pt-pt\/2023\/04\/militantes-podem-encontrar-base-no-norte-do-gana\/"},"wordCount":831,"image":{"@id":"https:\/\/adf-magazine.com\/pt-pt\/2023\/04\/militantes-podem-encontrar-base-no-norte-do-gana\/#primaryimage"},"thumbnailUrl":"https:\/\/adf-magazine.com\/wp-content\/uploads\/2023\/04\/GettyImages-1246834810.jpg","keywords":["Benin","Burkina Faso","Costa do Marfim","extremismo","Gana","Golfo da Guin\u00e9","Sahel","Seguran\u00e7a Fronteiri\u00e7a","Terrorism","Terrorismo","Togo","viol\u00eancia \u00e9tnica"],"articleSection":["Not\u00edcias diaries"],"inLanguage":"pt-PT"},{"@type":"WebPage","@id":"https:\/\/adf-magazine.com\/pt-pt\/2023\/04\/militantes-podem-encontrar-base-no-norte-do-gana\/","url":"https:\/\/adf-magazine.com\/pt-pt\/2023\/04\/militantes-podem-encontrar-base-no-norte-do-gana\/","name":"Militantes Podem Encontrar Base no Norte do Gana - Africa Defense Forum","isPartOf":{"@id":"https:\/\/adf-magazine.com\/#website"},"primaryImageOfPage":{"@id":"https:\/\/adf-magazine.com\/pt-pt\/2023\/04\/militantes-podem-encontrar-base-no-norte-do-gana\/#primaryimage"},"image":{"@id":"https:\/\/adf-magazine.com\/pt-pt\/2023\/04\/militantes-podem-encontrar-base-no-norte-do-gana\/#primaryimage"},"thumbnailUrl":"https:\/\/adf-magazine.com\/wp-content\/uploads\/2023\/04\/GettyImages-1246834810.jpg","datePublished":"2023-04-18T18:37:43+00:00","dateModified":"2023-04-18T18:38:01+00:00","author":{"@id":"https:\/\/adf-magazine.com\/#\/schema\/person\/f266a6061389568b5a11465bb38bc025"},"breadcrumb":{"@id":"https:\/\/adf-magazine.com\/pt-pt\/2023\/04\/militantes-podem-encontrar-base-no-norte-do-gana\/#breadcrumb"},"inLanguage":"pt-PT","potentialAction":[{"@type":"ReadAction","target":["https:\/\/adf-magazine.com\/pt-pt\/2023\/04\/militantes-podem-encontrar-base-no-norte-do-gana\/"]}]},{"@type":"ImageObject","inLanguage":"pt-PT","@id":"https:\/\/adf-magazine.com\/pt-pt\/2023\/04\/militantes-podem-encontrar-base-no-norte-do-gana\/#primaryimage","url":"https:\/\/adf-magazine.com\/wp-content\/uploads\/2023\/04\/GettyImages-1246834810.jpg","contentUrl":"https:\/\/adf-magazine.com\/wp-content\/uploads\/2023\/04\/GettyImages-1246834810.jpg","width":1024,"height":683,"caption":"L\u00edder tradicional de Bawku, Naba Asigri Abugrago Azoka II, sentado com os seus subchefes no pal\u00e1cio Zug-raan, em Bawku, no norte do Gana, no dia 7 de Dezembro de 2022. AFP\/GETTY IMAGES"},{"@type":"BreadcrumbList","@id":"https:\/\/adf-magazine.com\/pt-pt\/2023\/04\/militantes-podem-encontrar-base-no-norte-do-gana\/#breadcrumb","itemListElement":[{"@type":"ListItem","position":1,"name":"Home","item":"https:\/\/adf-magazine.com\/"},{"@type":"ListItem","position":2,"name":"Militantes Podem Encontrar Base no Norte do Gana"}]},{"@type":"WebSite","@id":"https:\/\/adf-magazine.com\/#website","url":"https:\/\/adf-magazine.com\/","name":"Africa Defense Forum","description":"Africa Defense Forum","potentialAction":[{"@type":"SearchAction","target":{"@type":"EntryPoint","urlTemplate":"https:\/\/adf-magazine.com\/?s={search_term_string}"},"query-input":{"@type":"PropertyValueSpecification","valueRequired":true,"valueName":"search_term_string"}}],"inLanguage":"pt-PT"},{"@type":"Person","@id":"https:\/\/adf-magazine.com\/#\/schema\/person\/f266a6061389568b5a11465bb38bc025","name":"ADF","image":{"@type":"ImageObject","inLanguage":"pt-PT","@id":"https:\/\/adf-magazine.com\/wp-content\/uploads\/2020\/05\/cropped-ADF_icon.jpg","url":"https:\/\/adf-magazine.com\/wp-content\/uploads\/2020\/05\/cropped-ADF_icon.jpg","contentUrl":"https:\/\/adf-magazine.com\/wp-content\/uploads\/2020\/05\/cropped-ADF_icon.jpg","caption":"ADF"},"description":"ADF is a professional military magazine published quarterly by U.S. Africa Command to provide an international forum for African security professionals. ADF covers topics such as counter terrorism strategies, security and defense operations, transnational crime, and all other issues affecting peace, stability, and good governance on the African continent.","sameAs":["https:\/\/x.com\/ADFmagazine"],"url":"https:\/\/adf-magazine.com\/pt-pt\/author\/adf\/"}]}},"_links":{"self":[{"href":"https:\/\/adf-magazine.com\/pt-pt\/wp-json\/wp\/v2\/posts\/104970","targetHints":{"allow":["GET"]}}],"collection":[{"href":"https:\/\/adf-magazine.com\/pt-pt\/wp-json\/wp\/v2\/posts"}],"about":[{"href":"https:\/\/adf-magazine.com\/pt-pt\/wp-json\/wp\/v2\/types\/post"}],"author":[{"embeddable":true,"href":"https:\/\/adf-magazine.com\/pt-pt\/wp-json\/wp\/v2\/users\/1"}],"replies":[{"embeddable":true,"href":"https:\/\/adf-magazine.com\/pt-pt\/wp-json\/wp\/v2\/comments?post=104970"}],"version-history":[{"count":0,"href":"https:\/\/adf-magazine.com\/pt-pt\/wp-json\/wp\/v2\/posts\/104970\/revisions"}],"wp:featuredmedia":[{"embeddable":true,"href":"https:\/\/adf-magazine.com\/pt-pt\/wp-json\/wp\/v2\/media\/104968"}],"wp:attachment":[{"href":"https:\/\/adf-magazine.com\/pt-pt\/wp-json\/wp\/v2\/media?parent=104970"}],"wp:term":[{"taxonomy":"category","embeddable":true,"href":"https:\/\/adf-magazine.com\/pt-pt\/wp-json\/wp\/v2\/categories?post=104970"},{"taxonomy":"post_tag","embeddable":true,"href":"https:\/\/adf-magazine.com\/pt-pt\/wp-json\/wp\/v2\/tags?post=104970"}],"curies":[{"name":"wp","href":"https:\/\/api.w.org\/{rel}","templated":true}]}}