{"id":103655,"date":"2023-03-21T12:47:09","date_gmt":"2023-03-21T16:47:09","guid":{"rendered":"https:\/\/adf-magazine.com\/?p=103655"},"modified":"2023-03-21T12:47:39","modified_gmt":"2023-03-21T16:47:39","slug":"guerra-da-russia-na-ucrania-ainda-causa-dores-em-africa","status":"publish","type":"post","link":"https:\/\/adf-magazine.com\/pt-pt\/2023\/03\/guerra-da-russia-na-ucrania-ainda-causa-dores-em-africa\/","title":{"rendered":"Guerra da R\u00fassia na Ucr\u00e2nia Ainda Causa Dores em \u00c1frica"},"content":{"rendered":"<p style=\"font-weight: 400;\">EQUIPA DA ADF<\/p>\n<p style=\"font-weight: 400;\">Dificilmente passa uma refei\u00e7\u00e3o sem que as pessoas n\u00e3o sintam os feitos da guerra da R\u00fassia na Ucr\u00e2nia.<\/p>\n<p style=\"font-weight: 400;\">Um ano depois da invas\u00e3o da R\u00fassia, os pre\u00e7os dos produtos alimentares continuam elevados e a infla\u00e7\u00e3o est\u00e1 a devorar os or\u00e7amentos dos consumidores, dos governos e das ag\u00eancias de ajuda humanit\u00e1ria.<\/p>\n<p style=\"font-weight: 400;\">No Qu\u00e9nia, o custo de \u00f3leo alimentar, combust\u00edveis, g\u00e1s de cozinha e outros produtos de primeira necessidade aumentaram, seguidos do aumento de pre\u00e7os de produtos alimentares comuns como milho, p\u00e3o e chapati.<\/p>\n<p style=\"font-weight: 400;\">Para muitos, os pre\u00e7os vieram tirar a sua capacidade de adquirir produtos alimentares.<\/p>\n<p style=\"font-weight: 400;\">O Instituto de Pesquisa e An\u00e1lise de Pol\u00edticas P\u00fablicas do Qu\u00e9nia afirmou que 14,5% de todos os produtos alimentares consumidos no pa\u00eds, em 2022, foram importados, incluindo 67% do seu trigo proveniente da R\u00fassia e 22% proveniente da Ucr\u00e2nia.<\/p>\n<p style=\"font-weight: 400;\">\u201cA importa\u00e7\u00e3o de produtos alimentares coloca o Qu\u00e9nia numa posi\u00e7\u00e3o de vulnerabilidade relativamente aos choques econ\u00f3micos no mercado global,\u201d afirmou o instituto num relat\u00f3rio de Agosto de 2022.<\/p>\n<p style=\"font-weight: 400;\">\u201cA guerra R\u00fassia-Ucr\u00e2nia levou a um aumento dos pre\u00e7os dos combust\u00edveis no Qu\u00e9nia, levando a elevados custos de produ\u00e7\u00e3o e de transporte e afectando, desta forma, a distribui\u00e7\u00e3o dos produtos alimentares de primeira necessidade.\u201d<\/p>\n<p style=\"font-weight: 400;\">Os efeitos da guerra est\u00e3o a reflectir-se no continente. Desde custos elevados de energia e bens a car\u00eancias generalizadas de produtos alimentares, os pa\u00edses africanos est\u00e3o a pagar uma factura pesada.<\/p>\n<p style=\"font-weight: 400;\">Para a matriarca de uma fam\u00edlia da classe trabalhadora, no Cairo, as compras de produtos alimentares tornaram-se uma dor de cabe\u00e7a constante, uma vez que os pre\u00e7os aumentaram em mais de 48% no ano passado.<\/p>\n<p style=\"font-weight: 400;\">Com apenas a pequena pens\u00e3o mensal do seu marido, equivalente a 97 d\u00f3lares, Magda enfrenta dificuldades para alimentar a sua fam\u00edlia.<\/p>\n<p style=\"font-weight: 400;\">\u201c\u00c9 imposs\u00edvel sustentar oito pessoas com 3.000 libras eg\u00edpcias,\u201d disse ela \u00e0 televis\u00e3o France24. \u201cTudo est\u00e1 mais caro. Os pre\u00e7os explodiram. O frango agora custa 95 libras eg\u00edpcias. Tudo aumentou. Eu deixei de comprar carne.\u201d<\/p>\n<p style=\"font-weight: 400;\">A R\u00fassia \u00e9 o maior exportador de fertilizantes do mundo, uma quantidade significativa dos quais vai para a \u00c1frica. Os pre\u00e7os subiram significativamente durante o ataque da R\u00fassia na Ucr\u00e2nia.<\/p>\n<p style=\"font-weight: 400;\">Muitos agricultores senegaleses j\u00e1 n\u00e3o t\u00eam condi\u00e7\u00f5es de adquirir fertilizantes, e uma s\u00e9rie de culturas fracassou como resultado disso.<\/p>\n<p style=\"font-weight: 400;\">Na regi\u00e3o de Nyai, daquele pa\u00eds, com mais de 80% da produ\u00e7\u00e3o de hortali\u00e7as do Senegal, os agricultores est\u00e3o preocupados, pois ir\u00e3o colher as suas primeiras culturas da \u00e9poca em Abril.<\/p>\n<p style=\"font-weight: 400;\">Os custos de fertilizantes duplicaram em Fevereiro de 2023, apesar dos subs\u00eddios do Estado.<\/p>\n<p style=\"font-weight: 400;\">\u201cPrecis\u00e1vamos de 32 sacos de fertilizantes para este campo, mas apenas conseguimos oito,\u201d o agricultor Dieumb Sall Mbengue, disse \u00e0 televis\u00e3o France24. \u201cVeremos as consequ\u00eancias na altura da colheita.\u201d<\/p>\n<p style=\"font-weight: 400;\">Uma f\u00e1brica meio cheia, num bairro de Dacar, \u00e9 o exemplo da escassez de fertilizantes, uma vez que 50% dos principais ingredientes s\u00e3o adquiridos na R\u00fassia e na Ucr\u00e2nia.<\/p>\n<p style=\"font-weight: 400;\">\u201cTemos dificuldades com o fornecimento de mat\u00e9rias-primas por causa da infla\u00e7\u00e3o, transporte e o acesso \u00e0s zonas de fornecimento,\u201d director da f\u00e1brica de fertilizantes Sedab, Modou Thiam, disse \u00e0 televis\u00e3o France24. \u201cIsso veio dificultar ainda mais as coisas.\u201d<\/p>\n<p style=\"font-weight: 400;\">Os resultados s\u00e3o tr\u00e1gicos.<\/p>\n<p style=\"font-weight: 400;\">No N\u00edger, mais de um quarto das 23.000 crian\u00e7as do distrito sanit\u00e1rio de Agui\u00e9 estavam mal nutridas e um d\u00e9cimo precisou de internamento hospitalar no ano passado.<\/p>\n<p style=\"font-weight: 400;\">\u201cA \u00e9poca chuvosa [de 2022] foi m\u00e1 e as pequenas colheitas que tivemos foram destru\u00eddas por vermes,\u201d Director Clinico do Hospital de Agui\u00e9, Dr. Moussa Boubacar, disse \u00e0 Al-Jazeera. \u201cEste ano tivemos chuvas, mas n\u00e3o foi f\u00e1cil obter fertilizantes. Os sacos de fertilizantes passaram de 12.000 CFA (19,41 d\u00f3lares) para 30.000 CFA (48,53 d\u00f3lares).\u201d<\/p>\n<p style=\"font-weight: 400;\">Os casos de malnutri\u00e7\u00e3o em crian\u00e7as aumentaram em 20% em 2022, e os m\u00e9dicos nigerinos alertaram que a tend\u00eancia provavelmente venha a continuar.<\/p>\n<p style=\"font-weight: 400;\">Mvemba Phezo Dizolele, pesquisador s\u00e9nior sobre \u00c1frica, no Centro de Estudos Estrat\u00e9gicos e Internacionais, disse que tais consequ\u00eancias dolorosas da guerra da R\u00fassia devem servir de \u201cchamada de aten\u00e7\u00e3o\u201d para os l\u00edderes, para tra\u00e7arem um caminho em direc\u00e7\u00e3o \u00e0 auto-sufici\u00eancia.<\/p>\n<p style=\"font-weight: 400;\">\u201cComo pode um continente com uma grande percentagem de terras ar\u00e1veis \u2014 um continente que pode alimentar literalmente o mundo \u2014 ser dependente de dois pa\u00edses que est\u00e3o t\u00e3o distantes?\u201d disse \u00e0 rede de meios de comunica\u00e7\u00e3o social, theGrio.<\/p>\n<p style=\"font-weight: 400;\">\u201cOs pa\u00edses procuram adoptar novas formas de fazer a agricultura ou de se alimentarem. Mas n\u00e3o tem sido t\u00e3o revolucion\u00e1rio como devia, tendo em conta todos os ingredientes e todos os recursos que \u00c1frica tem para se alimentar.\u201d<\/p>\n","protected":false},"excerpt":{"rendered":"<p>EQUIPA DA ADF Dificilmente passa uma refei\u00e7\u00e3o sem que as pessoas n\u00e3o sintam os feitos da guerra da R\u00fassia na Ucr\u00e2nia. Um ano depois da invas\u00e3o da R\u00fassia, os pre\u00e7os dos produtos alimentares continuam elevados e a infla\u00e7\u00e3o est\u00e1 a devorar os or\u00e7amentos dos consumidores, dos governos e das ag\u00eancias de ajuda humanit\u00e1ria. No Qu\u00e9nia,<\/p>\n","protected":false},"author":1,"featured_media":103653,"comment_status":"open","ping_status":"closed","sticky":false,"template":"","format":"standard","meta":{"_acf_changed":false,"_monsterinsights_skip_tracking":false,"_monsterinsights_sitenote_active":false,"_monsterinsights_sitenote_note":"","_monsterinsights_sitenote_category":0,"_uf_show_specific_survey":0,"_uf_disable_surveys":false,"footnotes":""},"categories":[363],"tags":[628,502,474,611,602,954,405],"class_list":{"0":"post-103655","1":"post","2":"type-post","3":"status-publish","4":"format-standard","5":"has-post-thumbnail","7":"category-melhores-historias","8":"tag-egipto","9":"tag-niger-pt-pt","10":"tag-quenia","11":"tag-russia-pt-pt","12":"tag-seguranca-alimentar","13":"tag-seguranca-energetica","14":"tag-senegal-pt-pt"},"acf":[],"yoast_head":"<!-- This site is optimized with the Yoast SEO plugin v27.4 - https:\/\/yoast.com\/product\/yoast-seo-wordpress\/ -->\n<title>Guerra da R\u00fassia na Ucr\u00e2nia Ainda Causa Dores em \u00c1frica - Africa Defense Forum<\/title>\n<meta name=\"robots\" content=\"index, follow, max-snippet:-1, max-image-preview:large, max-video-preview:-1\" \/>\n<link rel=\"canonical\" href=\"https:\/\/adf-magazine.com\/pt-pt\/2023\/03\/guerra-da-russia-na-ucrania-ainda-causa-dores-em-africa\/\" \/>\n<meta property=\"og:locale\" content=\"pt_PT\" \/>\n<meta property=\"og:type\" content=\"article\" \/>\n<meta property=\"og:title\" content=\"Guerra da R\u00fassia na Ucr\u00e2nia Ainda Causa Dores em \u00c1frica - Africa Defense Forum\" \/>\n<meta property=\"og:description\" content=\"EQUIPA DA ADF Dificilmente passa uma refei\u00e7\u00e3o sem que as pessoas n\u00e3o sintam os feitos da guerra da R\u00fassia na Ucr\u00e2nia. Um ano depois da invas\u00e3o da R\u00fassia, os pre\u00e7os dos produtos alimentares continuam elevados e a infla\u00e7\u00e3o est\u00e1 a devorar os or\u00e7amentos dos consumidores, dos governos e das ag\u00eancias de ajuda humanit\u00e1ria. No Qu\u00e9nia,\" \/>\n<meta property=\"og:url\" content=\"https:\/\/adf-magazine.com\/pt-pt\/2023\/03\/guerra-da-russia-na-ucrania-ainda-causa-dores-em-africa\/\" \/>\n<meta property=\"og:site_name\" content=\"Africa Defense Forum\" \/>\n<meta property=\"article:publisher\" content=\"https:\/\/www.facebook.com\/ADFmagazine\/\" \/>\n<meta property=\"article:published_time\" content=\"2023-03-21T16:47:09+00:00\" \/>\n<meta property=\"article:modified_time\" content=\"2023-03-21T16:47:39+00:00\" \/>\n<meta property=\"og:image\" content=\"https:\/\/adf-magazine.com\/wp-content\/uploads\/2023\/03\/GettyImages-1239231287.jpg\" \/>\n\t<meta property=\"og:image:width\" content=\"1024\" \/>\n\t<meta property=\"og:image:height\" content=\"683\" \/>\n\t<meta property=\"og:image:type\" content=\"image\/jpeg\" \/>\n<meta name=\"author\" content=\"ADF\" \/>\n<meta name=\"twitter:card\" content=\"summary_large_image\" \/>\n<meta name=\"twitter:creator\" content=\"@ADFmagazine\" \/>\n<meta name=\"twitter:site\" content=\"@ADFmagazine\" \/>\n<meta name=\"twitter:label1\" content=\"Escrito por\" \/>\n\t<meta name=\"twitter:data1\" content=\"ADF\" \/>\n\t<meta name=\"twitter:label2\" content=\"Tempo estimado de leitura\" \/>\n\t<meta name=\"twitter:data2\" content=\"4 minutos\" \/>\n<script type=\"application\/ld+json\" class=\"yoast-schema-graph\">{\"@context\":\"https:\\\/\\\/schema.org\",\"@graph\":[{\"@type\":\"Article\",\"@id\":\"https:\\\/\\\/adf-magazine.com\\\/pt-pt\\\/2023\\\/03\\\/guerra-da-russia-na-ucrania-ainda-causa-dores-em-africa\\\/#article\",\"isPartOf\":{\"@id\":\"https:\\\/\\\/adf-magazine.com\\\/pt-pt\\\/2023\\\/03\\\/guerra-da-russia-na-ucrania-ainda-causa-dores-em-africa\\\/\"},\"author\":{\"name\":\"ADF\",\"@id\":\"https:\\\/\\\/adf-magazine.com\\\/#\\\/schema\\\/person\\\/f266a6061389568b5a11465bb38bc025\"},\"headline\":\"Guerra da R\u00fassia na Ucr\u00e2nia Ainda Causa Dores em \u00c1frica\",\"datePublished\":\"2023-03-21T16:47:09+00:00\",\"dateModified\":\"2023-03-21T16:47:39+00:00\",\"mainEntityOfPage\":{\"@id\":\"https:\\\/\\\/adf-magazine.com\\\/pt-pt\\\/2023\\\/03\\\/guerra-da-russia-na-ucrania-ainda-causa-dores-em-africa\\\/\"},\"wordCount\":826,\"commentCount\":0,\"image\":{\"@id\":\"https:\\\/\\\/adf-magazine.com\\\/pt-pt\\\/2023\\\/03\\\/guerra-da-russia-na-ucrania-ainda-causa-dores-em-africa\\\/#primaryimage\"},\"thumbnailUrl\":\"https:\\\/\\\/adf-magazine.com\\\/wp-content\\\/uploads\\\/2023\\\/03\\\/GettyImages-1239231287.jpg\",\"keywords\":[\"Egipto\",\"Niger\",\"Qu\u00e9nia\",\"Russia\",\"seguran\u00e7a alimentar\",\"seguran\u00e7a energ\u00e9tica\",\"Senegal\"],\"articleSection\":[\"Not\u00edcias diaries\"],\"inLanguage\":\"pt-PT\",\"potentialAction\":[{\"@type\":\"CommentAction\",\"name\":\"Comment\",\"target\":[\"https:\\\/\\\/adf-magazine.com\\\/pt-pt\\\/2023\\\/03\\\/guerra-da-russia-na-ucrania-ainda-causa-dores-em-africa\\\/#respond\"]}]},{\"@type\":\"WebPage\",\"@id\":\"https:\\\/\\\/adf-magazine.com\\\/pt-pt\\\/2023\\\/03\\\/guerra-da-russia-na-ucrania-ainda-causa-dores-em-africa\\\/\",\"url\":\"https:\\\/\\\/adf-magazine.com\\\/pt-pt\\\/2023\\\/03\\\/guerra-da-russia-na-ucrania-ainda-causa-dores-em-africa\\\/\",\"name\":\"Guerra da R\u00fassia na Ucr\u00e2nia Ainda Causa Dores em \u00c1frica - Africa Defense Forum\",\"isPartOf\":{\"@id\":\"https:\\\/\\\/adf-magazine.com\\\/#website\"},\"primaryImageOfPage\":{\"@id\":\"https:\\\/\\\/adf-magazine.com\\\/pt-pt\\\/2023\\\/03\\\/guerra-da-russia-na-ucrania-ainda-causa-dores-em-africa\\\/#primaryimage\"},\"image\":{\"@id\":\"https:\\\/\\\/adf-magazine.com\\\/pt-pt\\\/2023\\\/03\\\/guerra-da-russia-na-ucrania-ainda-causa-dores-em-africa\\\/#primaryimage\"},\"thumbnailUrl\":\"https:\\\/\\\/adf-magazine.com\\\/wp-content\\\/uploads\\\/2023\\\/03\\\/GettyImages-1239231287.jpg\",\"datePublished\":\"2023-03-21T16:47:09+00:00\",\"dateModified\":\"2023-03-21T16:47:39+00:00\",\"author\":{\"@id\":\"https:\\\/\\\/adf-magazine.com\\\/#\\\/schema\\\/person\\\/f266a6061389568b5a11465bb38bc025\"},\"breadcrumb\":{\"@id\":\"https:\\\/\\\/adf-magazine.com\\\/pt-pt\\\/2023\\\/03\\\/guerra-da-russia-na-ucrania-ainda-causa-dores-em-africa\\\/#breadcrumb\"},\"inLanguage\":\"pt-PT\",\"potentialAction\":[{\"@type\":\"ReadAction\",\"target\":[\"https:\\\/\\\/adf-magazine.com\\\/pt-pt\\\/2023\\\/03\\\/guerra-da-russia-na-ucrania-ainda-causa-dores-em-africa\\\/\"]}]},{\"@type\":\"ImageObject\",\"inLanguage\":\"pt-PT\",\"@id\":\"https:\\\/\\\/adf-magazine.com\\\/pt-pt\\\/2023\\\/03\\\/guerra-da-russia-na-ucrania-ainda-causa-dores-em-africa\\\/#primaryimage\",\"url\":\"https:\\\/\\\/adf-magazine.com\\\/wp-content\\\/uploads\\\/2023\\\/03\\\/GettyImages-1239231287.jpg\",\"contentUrl\":\"https:\\\/\\\/adf-magazine.com\\\/wp-content\\\/uploads\\\/2023\\\/03\\\/GettyImages-1239231287.jpg\",\"width\":1024,\"height\":683,\"caption\":\"Um comerciante vende cereais em Nairobi, Qu\u00e9nia. Os pa\u00edses africanos est\u00e3o a sentir a dor da guerra da R\u00fassia na Ucr\u00e2nia, agora no seu segundo ano, numa altura em que as interrup\u00e7\u00f5es no fornecimento fazem aumentar a infla\u00e7\u00e3o e os pre\u00e7os do petr\u00f3leo obrigam o aumento do custo do combust\u00edvel. AFP\\\/GETTY IMAGES\"},{\"@type\":\"BreadcrumbList\",\"@id\":\"https:\\\/\\\/adf-magazine.com\\\/pt-pt\\\/2023\\\/03\\\/guerra-da-russia-na-ucrania-ainda-causa-dores-em-africa\\\/#breadcrumb\",\"itemListElement\":[{\"@type\":\"ListItem\",\"position\":1,\"name\":\"Home\",\"item\":\"https:\\\/\\\/adf-magazine.com\\\/\"},{\"@type\":\"ListItem\",\"position\":2,\"name\":\"Guerra da R\u00fassia na Ucr\u00e2nia Ainda Causa Dores em \u00c1frica\"}]},{\"@type\":\"WebSite\",\"@id\":\"https:\\\/\\\/adf-magazine.com\\\/#website\",\"url\":\"https:\\\/\\\/adf-magazine.com\\\/\",\"name\":\"Africa Defense Forum\",\"description\":\"Africa Defense Forum\",\"potentialAction\":[{\"@type\":\"SearchAction\",\"target\":{\"@type\":\"EntryPoint\",\"urlTemplate\":\"https:\\\/\\\/adf-magazine.com\\\/?s={search_term_string}\"},\"query-input\":{\"@type\":\"PropertyValueSpecification\",\"valueRequired\":true,\"valueName\":\"search_term_string\"}}],\"inLanguage\":\"pt-PT\"},{\"@type\":\"Person\",\"@id\":\"https:\\\/\\\/adf-magazine.com\\\/#\\\/schema\\\/person\\\/f266a6061389568b5a11465bb38bc025\",\"name\":\"ADF\",\"image\":{\"@type\":\"ImageObject\",\"inLanguage\":\"pt-PT\",\"@id\":\"https:\\\/\\\/adf-magazine.com\\\/wp-content\\\/uploads\\\/2020\\\/05\\\/cropped-ADF_icon.jpg\",\"url\":\"https:\\\/\\\/adf-magazine.com\\\/wp-content\\\/uploads\\\/2020\\\/05\\\/cropped-ADF_icon.jpg\",\"contentUrl\":\"https:\\\/\\\/adf-magazine.com\\\/wp-content\\\/uploads\\\/2020\\\/05\\\/cropped-ADF_icon.jpg\",\"caption\":\"ADF\"},\"description\":\"ADF is a professional military magazine published quarterly by U.S. Africa Command to provide an international forum for African security professionals. ADF covers topics such as counter terrorism strategies, security and defense operations, transnational crime, and all other issues affecting peace, stability, and good governance on the African continent.\",\"sameAs\":[\"https:\\\/\\\/x.com\\\/ADFmagazine\"],\"url\":\"https:\\\/\\\/adf-magazine.com\\\/pt-pt\\\/author\\\/adf\\\/\"}]}<\/script>\n<!-- \/ Yoast SEO plugin. -->","yoast_head_json":{"title":"Guerra da R\u00fassia na Ucr\u00e2nia Ainda Causa Dores em \u00c1frica - Africa Defense Forum","robots":{"index":"index","follow":"follow","max-snippet":"max-snippet:-1","max-image-preview":"max-image-preview:large","max-video-preview":"max-video-preview:-1"},"canonical":"https:\/\/adf-magazine.com\/pt-pt\/2023\/03\/guerra-da-russia-na-ucrania-ainda-causa-dores-em-africa\/","og_locale":"pt_PT","og_type":"article","og_title":"Guerra da R\u00fassia na Ucr\u00e2nia Ainda Causa Dores em \u00c1frica - Africa Defense Forum","og_description":"EQUIPA DA ADF Dificilmente passa uma refei\u00e7\u00e3o sem que as pessoas n\u00e3o sintam os feitos da guerra da R\u00fassia na Ucr\u00e2nia. Um ano depois da invas\u00e3o da R\u00fassia, os pre\u00e7os dos produtos alimentares continuam elevados e a infla\u00e7\u00e3o est\u00e1 a devorar os or\u00e7amentos dos consumidores, dos governos e das ag\u00eancias de ajuda humanit\u00e1ria. No Qu\u00e9nia,","og_url":"https:\/\/adf-magazine.com\/pt-pt\/2023\/03\/guerra-da-russia-na-ucrania-ainda-causa-dores-em-africa\/","og_site_name":"Africa Defense Forum","article_publisher":"https:\/\/www.facebook.com\/ADFmagazine\/","article_published_time":"2023-03-21T16:47:09+00:00","article_modified_time":"2023-03-21T16:47:39+00:00","og_image":[{"width":1024,"height":683,"url":"https:\/\/adf-magazine.com\/wp-content\/uploads\/2023\/03\/GettyImages-1239231287.jpg","type":"image\/jpeg"}],"author":"ADF","twitter_card":"summary_large_image","twitter_creator":"@ADFmagazine","twitter_site":"@ADFmagazine","twitter_misc":{"Escrito por":"ADF","Tempo estimado de leitura":"4 minutos"},"schema":{"@context":"https:\/\/schema.org","@graph":[{"@type":"Article","@id":"https:\/\/adf-magazine.com\/pt-pt\/2023\/03\/guerra-da-russia-na-ucrania-ainda-causa-dores-em-africa\/#article","isPartOf":{"@id":"https:\/\/adf-magazine.com\/pt-pt\/2023\/03\/guerra-da-russia-na-ucrania-ainda-causa-dores-em-africa\/"},"author":{"name":"ADF","@id":"https:\/\/adf-magazine.com\/#\/schema\/person\/f266a6061389568b5a11465bb38bc025"},"headline":"Guerra da R\u00fassia na Ucr\u00e2nia Ainda Causa Dores em \u00c1frica","datePublished":"2023-03-21T16:47:09+00:00","dateModified":"2023-03-21T16:47:39+00:00","mainEntityOfPage":{"@id":"https:\/\/adf-magazine.com\/pt-pt\/2023\/03\/guerra-da-russia-na-ucrania-ainda-causa-dores-em-africa\/"},"wordCount":826,"commentCount":0,"image":{"@id":"https:\/\/adf-magazine.com\/pt-pt\/2023\/03\/guerra-da-russia-na-ucrania-ainda-causa-dores-em-africa\/#primaryimage"},"thumbnailUrl":"https:\/\/adf-magazine.com\/wp-content\/uploads\/2023\/03\/GettyImages-1239231287.jpg","keywords":["Egipto","Niger","Qu\u00e9nia","Russia","seguran\u00e7a alimentar","seguran\u00e7a energ\u00e9tica","Senegal"],"articleSection":["Not\u00edcias diaries"],"inLanguage":"pt-PT","potentialAction":[{"@type":"CommentAction","name":"Comment","target":["https:\/\/adf-magazine.com\/pt-pt\/2023\/03\/guerra-da-russia-na-ucrania-ainda-causa-dores-em-africa\/#respond"]}]},{"@type":"WebPage","@id":"https:\/\/adf-magazine.com\/pt-pt\/2023\/03\/guerra-da-russia-na-ucrania-ainda-causa-dores-em-africa\/","url":"https:\/\/adf-magazine.com\/pt-pt\/2023\/03\/guerra-da-russia-na-ucrania-ainda-causa-dores-em-africa\/","name":"Guerra da R\u00fassia na Ucr\u00e2nia Ainda Causa Dores em \u00c1frica - Africa Defense Forum","isPartOf":{"@id":"https:\/\/adf-magazine.com\/#website"},"primaryImageOfPage":{"@id":"https:\/\/adf-magazine.com\/pt-pt\/2023\/03\/guerra-da-russia-na-ucrania-ainda-causa-dores-em-africa\/#primaryimage"},"image":{"@id":"https:\/\/adf-magazine.com\/pt-pt\/2023\/03\/guerra-da-russia-na-ucrania-ainda-causa-dores-em-africa\/#primaryimage"},"thumbnailUrl":"https:\/\/adf-magazine.com\/wp-content\/uploads\/2023\/03\/GettyImages-1239231287.jpg","datePublished":"2023-03-21T16:47:09+00:00","dateModified":"2023-03-21T16:47:39+00:00","author":{"@id":"https:\/\/adf-magazine.com\/#\/schema\/person\/f266a6061389568b5a11465bb38bc025"},"breadcrumb":{"@id":"https:\/\/adf-magazine.com\/pt-pt\/2023\/03\/guerra-da-russia-na-ucrania-ainda-causa-dores-em-africa\/#breadcrumb"},"inLanguage":"pt-PT","potentialAction":[{"@type":"ReadAction","target":["https:\/\/adf-magazine.com\/pt-pt\/2023\/03\/guerra-da-russia-na-ucrania-ainda-causa-dores-em-africa\/"]}]},{"@type":"ImageObject","inLanguage":"pt-PT","@id":"https:\/\/adf-magazine.com\/pt-pt\/2023\/03\/guerra-da-russia-na-ucrania-ainda-causa-dores-em-africa\/#primaryimage","url":"https:\/\/adf-magazine.com\/wp-content\/uploads\/2023\/03\/GettyImages-1239231287.jpg","contentUrl":"https:\/\/adf-magazine.com\/wp-content\/uploads\/2023\/03\/GettyImages-1239231287.jpg","width":1024,"height":683,"caption":"Um comerciante vende cereais em Nairobi, Qu\u00e9nia. Os pa\u00edses africanos est\u00e3o a sentir a dor da guerra da R\u00fassia na Ucr\u00e2nia, agora no seu segundo ano, numa altura em que as interrup\u00e7\u00f5es no fornecimento fazem aumentar a infla\u00e7\u00e3o e os pre\u00e7os do petr\u00f3leo obrigam o aumento do custo do combust\u00edvel. AFP\/GETTY IMAGES"},{"@type":"BreadcrumbList","@id":"https:\/\/adf-magazine.com\/pt-pt\/2023\/03\/guerra-da-russia-na-ucrania-ainda-causa-dores-em-africa\/#breadcrumb","itemListElement":[{"@type":"ListItem","position":1,"name":"Home","item":"https:\/\/adf-magazine.com\/"},{"@type":"ListItem","position":2,"name":"Guerra da R\u00fassia na Ucr\u00e2nia Ainda Causa Dores em \u00c1frica"}]},{"@type":"WebSite","@id":"https:\/\/adf-magazine.com\/#website","url":"https:\/\/adf-magazine.com\/","name":"Africa Defense Forum","description":"Africa Defense Forum","potentialAction":[{"@type":"SearchAction","target":{"@type":"EntryPoint","urlTemplate":"https:\/\/adf-magazine.com\/?s={search_term_string}"},"query-input":{"@type":"PropertyValueSpecification","valueRequired":true,"valueName":"search_term_string"}}],"inLanguage":"pt-PT"},{"@type":"Person","@id":"https:\/\/adf-magazine.com\/#\/schema\/person\/f266a6061389568b5a11465bb38bc025","name":"ADF","image":{"@type":"ImageObject","inLanguage":"pt-PT","@id":"https:\/\/adf-magazine.com\/wp-content\/uploads\/2020\/05\/cropped-ADF_icon.jpg","url":"https:\/\/adf-magazine.com\/wp-content\/uploads\/2020\/05\/cropped-ADF_icon.jpg","contentUrl":"https:\/\/adf-magazine.com\/wp-content\/uploads\/2020\/05\/cropped-ADF_icon.jpg","caption":"ADF"},"description":"ADF is a professional military magazine published quarterly by U.S. Africa Command to provide an international forum for African security professionals. ADF covers topics such as counter terrorism strategies, security and defense operations, transnational crime, and all other issues affecting peace, stability, and good governance on the African continent.","sameAs":["https:\/\/x.com\/ADFmagazine"],"url":"https:\/\/adf-magazine.com\/pt-pt\/author\/adf\/"}]}},"_links":{"self":[{"href":"https:\/\/adf-magazine.com\/pt-pt\/wp-json\/wp\/v2\/posts\/103655","targetHints":{"allow":["GET"]}}],"collection":[{"href":"https:\/\/adf-magazine.com\/pt-pt\/wp-json\/wp\/v2\/posts"}],"about":[{"href":"https:\/\/adf-magazine.com\/pt-pt\/wp-json\/wp\/v2\/types\/post"}],"author":[{"embeddable":true,"href":"https:\/\/adf-magazine.com\/pt-pt\/wp-json\/wp\/v2\/users\/1"}],"replies":[{"embeddable":true,"href":"https:\/\/adf-magazine.com\/pt-pt\/wp-json\/wp\/v2\/comments?post=103655"}],"version-history":[{"count":0,"href":"https:\/\/adf-magazine.com\/pt-pt\/wp-json\/wp\/v2\/posts\/103655\/revisions"}],"wp:featuredmedia":[{"embeddable":true,"href":"https:\/\/adf-magazine.com\/pt-pt\/wp-json\/wp\/v2\/media\/103653"}],"wp:attachment":[{"href":"https:\/\/adf-magazine.com\/pt-pt\/wp-json\/wp\/v2\/media?parent=103655"}],"wp:term":[{"taxonomy":"category","embeddable":true,"href":"https:\/\/adf-magazine.com\/pt-pt\/wp-json\/wp\/v2\/categories?post=103655"},{"taxonomy":"post_tag","embeddable":true,"href":"https:\/\/adf-magazine.com\/pt-pt\/wp-json\/wp\/v2\/tags?post=103655"}],"curies":[{"name":"wp","href":"https:\/\/api.w.org\/{rel}","templated":true}]}}