{"id":103473,"date":"2023-03-07T15:06:34","date_gmt":"2023-03-07T20:06:34","guid":{"rendered":"https:\/\/adf-magazine.com\/?p=103473"},"modified":"2023-03-07T15:06:52","modified_gmt":"2023-03-07T20:06:52","slug":"rebeldes-do-m23-causam-pesado-impacto-na-rdc","status":"publish","type":"post","link":"https:\/\/adf-magazine.com\/pt-pt\/2023\/03\/rebeldes-do-m23-causam-pesado-impacto-na-rdc\/","title":{"rendered":"Rebeldes do M23 Causam Pesado Impacto na RDC"},"content":{"rendered":"<p style=\"font-weight: 400;\">ADF STAFF<\/p>\n<p style=\"font-weight: 400;\">Segurando o seu beb\u00e9 nos seus ombros, com uma m\u00e3o, e um grande saco de roupas da sua fam\u00edlia de oito pessoas, com a outra, Safari Hangi seguia \u00e0 frente para um lugar seguro, caminhando na lateral de uma estrada de terra batida, em direc\u00e7\u00e3o \u00e0 capital da prov\u00edncia do Kivu do Norte.<\/p>\n<p style=\"font-weight: 400;\">A regi\u00e3o leste da Rep\u00fablica Democr\u00e1tica do Congo (RDC) est\u00e1 repleta de rebeldes, for\u00e7as de seguran\u00e7a e refugiados. Todos encontram-se em movimento.<\/p>\n<p style=\"font-weight: 400;\">A rebeli\u00e3o do M23 reiniciou mais de um ano atr\u00e1s, e, no in\u00edcio de 2023, os avan\u00e7os dos rebeldes deixaram centenas de civis mortos. Os rebeldes s\u00e3o acusados de massacres, viola\u00e7\u00f5es, recrutamento for\u00e7ado e outras atrocidades.<\/p>\n<p style=\"font-weight: 400;\">As movimenta\u00e7\u00f5es recentes dos rebeldes est\u00e3o a sufocar a economia da capital do Kivu do Norte, Goma, enquanto dezenas de milhares de deslocados civis seguem em direc\u00e7\u00e3o a Goma e montam acampamentos informais nos arredores da cidade.<\/p>\n<p style=\"font-weight: 400;\">Hangi e sua fam\u00edlia caminharam durante horas, passando pela cidade de Sake, atravessando estradas sinuosas e montanhosas em direc\u00e7\u00e3o a Goma, ansiosos por estarem adiantados em rela\u00e7\u00e3o aos rebeldes, que tinham cercado a aldeia de Mushaki, a cerca de 15 quil\u00f3metros a oeste.<\/p>\n<p style=\"font-weight: 400;\">\u201cSe n\u00e3o fosse esta guerra, n\u00f3s estar\u00edamos na nossa aldeia, sem qualquer problema, a cultivar e a seguir com as nossas actividades di\u00e1rias,\u201d aquele cidad\u00e3o de 42 anos de idade disse \u00e0 Reuters. \u201cAgora que estamos deslocados, tudo isso acabou e n\u00f3s sofremos.\u201d<\/p>\n<p style=\"font-weight: 400;\">Apesar de um aumento no financiamento, de 459 milh\u00f5es de d\u00f3lares, em 2021, para 700 milh\u00f5es de d\u00f3lares, em 2022, o ex\u00e9rcito congol\u00eas est\u00e1 a ter dificuldades para subjugar os insurgentes.<\/p>\n<p style=\"font-weight: 400;\">O M23, dirigido por Tutsis, afirma que est\u00e1 a proteger a etnia Tutsi no leste da RDC enquanto tamb\u00e9m acusa a RDC de n\u00e3o considerar o tratado de paz de 2009 que prometia integrar os seus combatentes no ex\u00e9rcito.<\/p>\n<p style=\"font-weight: 400;\">\u201cQueremos um di\u00e1logo directo com o governo, para abordar as principais causas do conflito,\u201d o porta-voz pol\u00edtico do M23, Lawrence Kanyuka, disse \u00e0 Agence France-Presse (AFP), sem especificar as exig\u00eancias do grupo.<\/p>\n<p style=\"font-weight: 400;\">\u201cN\u00e3o podemos colocar a carro\u00e7a \u00e0 frente dos bois.\u201d<\/p>\n<p style=\"font-weight: 400;\">A RDC acusa o vizinho Ruanda de financiar e fornecer suprimentos aos rebeldes. Apesar de existirem provas de especialistas das Na\u00e7\u00f5es Unidas que apoiam as afirma\u00e7\u00f5es da RDC, o Ruanda continua a negar o seu envolvimento.<\/p>\n<p style=\"font-weight: 400;\">Atrav\u00e9s de diversas ofensivas, desde finais de 2022, o M23 tomou grandes faixas do Kivu do Norte, incluindo terras agr\u00e1rias importantes e aproximadamente todas as estradas fundamentais ao com\u00e9rcio. Em Fevereiro de 2023, os rebeldes estavam pr\u00f3ximos dos arredores de Goma.<\/p>\n<p style=\"font-weight: 400;\">Com todas as suas rotas de com\u00e9rcio interrompidas, os pre\u00e7os em Goma subiram drasticamente, alguns deles em cerca de 20% em Outubro e Novembro de 2022, de acordo com um grupo de seguran\u00e7a alimentar dirigido pela Organiza\u00e7\u00e3o da ONU para Alimenta\u00e7\u00e3o e Agricultura e o Programa Mundial de Alimenta\u00e7\u00e3o.<\/p>\n<p style=\"font-weight: 400;\">Onesphore Sematumba, um analista da RDC para o Grupo Internacional da Crise, disse que os rebeldes pretendem estrangular Goma para pressionar o governo a aceitar manter conversa\u00e7\u00f5es.<\/p>\n<p style=\"font-weight: 400;\">\u201cSe n\u00e3o pudermos negociar um corredor humanit\u00e1rio para a cidade, ser\u00e1 uma cat\u00e1strofe,\u201d disse \u00e0 AFP.<\/p>\n<p style=\"font-weight: 400;\">A cerca de 15 quil\u00f3metros a leste, Sake \u00e9 um dos \u00faltimos postos de com\u00e9rcios remanescentes ligado a Goma. Mas em finais de Fevereiro, os mercados de Sake, que normalmente eram agitados, estavam calmos e vazios.<\/p>\n<p style=\"font-weight: 400;\">O comerciante Pascal Habamungu Kasilika disse que os avan\u00e7os do M23 para Mushaki deixaram as pessoas com sentimento de estar encurralados e com medo.<\/p>\n<p><span style=\"font-weight: 400;\">\u201cPreocupa-nos,\u201d disse \u00e0 AFP. \u201cPerguntamo-nos aonde iremos? Para onde fugirmos? A quem pedimos socorro? Este problema est\u00e1 fora do nosso alcance.\u201d<\/span><\/p>\n","protected":false},"excerpt":{"rendered":"<p>ADF STAFF Segurando o seu beb\u00e9 nos seus ombros, com uma m\u00e3o, e um grande saco de roupas da sua fam\u00edlia de oito pessoas, com a outra, Safari Hangi seguia \u00e0 frente para um lugar seguro, caminhando na lateral de uma estrada de terra batida, em direc\u00e7\u00e3o \u00e0 capital da prov\u00edncia do Kivu do Norte.<\/p>\n","protected":false},"author":1,"featured_media":103471,"comment_status":"open","ping_status":"closed","sticky":false,"template":"","format":"standard","meta":{"_acf_changed":false,"_monsterinsights_skip_tracking":false,"_monsterinsights_sitenote_active":false,"_monsterinsights_sitenote_note":"","_monsterinsights_sitenote_category":0,"_uf_show_specific_survey":0,"_uf_disable_surveys":false,"footnotes":""},"categories":[363],"tags":[1020,447,475,534],"class_list":{"0":"post-103473","1":"post","2":"type-post","3":"status-publish","4":"format-standard","5":"has-post-thumbnail","7":"category-melhores-historias","8":"tag-insurgencia","9":"tag-republica-democratica-do-congo","10":"tag-ruanda","11":"tag-terrorismo"},"acf":[],"yoast_head":"<!-- This site is optimized with the Yoast SEO plugin v27.4 - https:\/\/yoast.com\/product\/yoast-seo-wordpress\/ -->\n<title>Rebeldes do M23 Causam Pesado Impacto na RDC - Africa Defense Forum<\/title>\n<meta name=\"robots\" content=\"index, follow, max-snippet:-1, max-image-preview:large, max-video-preview:-1\" \/>\n<link rel=\"canonical\" href=\"https:\/\/adf-magazine.com\/pt-pt\/2023\/03\/rebeldes-do-m23-causam-pesado-impacto-na-rdc\/\" \/>\n<meta property=\"og:locale\" content=\"pt_PT\" \/>\n<meta property=\"og:type\" content=\"article\" \/>\n<meta property=\"og:title\" content=\"Rebeldes do M23 Causam Pesado Impacto na RDC - Africa Defense Forum\" \/>\n<meta property=\"og:description\" content=\"ADF STAFF Segurando o seu beb\u00e9 nos seus ombros, com uma m\u00e3o, e um grande saco de roupas da sua fam\u00edlia de oito pessoas, com a outra, Safari Hangi seguia \u00e0 frente para um lugar seguro, caminhando na lateral de uma estrada de terra batida, em direc\u00e7\u00e3o \u00e0 capital da prov\u00edncia do Kivu do Norte.\" \/>\n<meta property=\"og:url\" content=\"https:\/\/adf-magazine.com\/pt-pt\/2023\/03\/rebeldes-do-m23-causam-pesado-impacto-na-rdc\/\" \/>\n<meta property=\"og:site_name\" content=\"Africa Defense Forum\" \/>\n<meta property=\"article:publisher\" content=\"https:\/\/www.facebook.com\/ADFmagazine\/\" \/>\n<meta property=\"article:published_time\" content=\"2023-03-07T20:06:34+00:00\" \/>\n<meta property=\"article:modified_time\" content=\"2023-03-07T20:06:52+00:00\" \/>\n<meta property=\"og:image\" content=\"https:\/\/adf-magazine.com\/wp-content\/uploads\/2023\/03\/GettyImages-1244805537.jpg\" \/>\n\t<meta property=\"og:image:width\" content=\"1024\" \/>\n\t<meta property=\"og:image:height\" content=\"683\" \/>\n\t<meta property=\"og:image:type\" content=\"image\/jpeg\" \/>\n<meta name=\"author\" content=\"ADF\" \/>\n<meta name=\"twitter:card\" content=\"summary_large_image\" \/>\n<meta name=\"twitter:creator\" content=\"@ADFmagazine\" \/>\n<meta name=\"twitter:site\" content=\"@ADFmagazine\" \/>\n<meta name=\"twitter:label1\" content=\"Escrito por\" \/>\n\t<meta name=\"twitter:data1\" content=\"ADF\" \/>\n\t<meta name=\"twitter:label2\" content=\"Tempo estimado de leitura\" \/>\n\t<meta name=\"twitter:data2\" content=\"3 minutos\" \/>\n<script type=\"application\/ld+json\" class=\"yoast-schema-graph\">{\"@context\":\"https:\\\/\\\/schema.org\",\"@graph\":[{\"@type\":\"Article\",\"@id\":\"https:\\\/\\\/adf-magazine.com\\\/pt-pt\\\/2023\\\/03\\\/rebeldes-do-m23-causam-pesado-impacto-na-rdc\\\/#article\",\"isPartOf\":{\"@id\":\"https:\\\/\\\/adf-magazine.com\\\/pt-pt\\\/2023\\\/03\\\/rebeldes-do-m23-causam-pesado-impacto-na-rdc\\\/\"},\"author\":{\"name\":\"ADF\",\"@id\":\"https:\\\/\\\/adf-magazine.com\\\/#\\\/schema\\\/person\\\/f266a6061389568b5a11465bb38bc025\"},\"headline\":\"Rebeldes do M23 Causam Pesado Impacto na RDC\",\"datePublished\":\"2023-03-07T20:06:34+00:00\",\"dateModified\":\"2023-03-07T20:06:52+00:00\",\"mainEntityOfPage\":{\"@id\":\"https:\\\/\\\/adf-magazine.com\\\/pt-pt\\\/2023\\\/03\\\/rebeldes-do-m23-causam-pesado-impacto-na-rdc\\\/\"},\"wordCount\":646,\"commentCount\":0,\"image\":{\"@id\":\"https:\\\/\\\/adf-magazine.com\\\/pt-pt\\\/2023\\\/03\\\/rebeldes-do-m23-causam-pesado-impacto-na-rdc\\\/#primaryimage\"},\"thumbnailUrl\":\"https:\\\/\\\/adf-magazine.com\\\/wp-content\\\/uploads\\\/2023\\\/03\\\/GettyImages-1244805537.jpg\",\"keywords\":[\"insurg\u00eancia\",\"Rep\u00fablica Democr\u00e1tica do Congo\",\"Ruanda\",\"Terrorismo\"],\"articleSection\":[\"Not\u00edcias diaries\"],\"inLanguage\":\"pt-PT\",\"potentialAction\":[{\"@type\":\"CommentAction\",\"name\":\"Comment\",\"target\":[\"https:\\\/\\\/adf-magazine.com\\\/pt-pt\\\/2023\\\/03\\\/rebeldes-do-m23-causam-pesado-impacto-na-rdc\\\/#respond\"]}]},{\"@type\":\"WebPage\",\"@id\":\"https:\\\/\\\/adf-magazine.com\\\/pt-pt\\\/2023\\\/03\\\/rebeldes-do-m23-causam-pesado-impacto-na-rdc\\\/\",\"url\":\"https:\\\/\\\/adf-magazine.com\\\/pt-pt\\\/2023\\\/03\\\/rebeldes-do-m23-causam-pesado-impacto-na-rdc\\\/\",\"name\":\"Rebeldes do M23 Causam Pesado Impacto na RDC - Africa Defense Forum\",\"isPartOf\":{\"@id\":\"https:\\\/\\\/adf-magazine.com\\\/#website\"},\"primaryImageOfPage\":{\"@id\":\"https:\\\/\\\/adf-magazine.com\\\/pt-pt\\\/2023\\\/03\\\/rebeldes-do-m23-causam-pesado-impacto-na-rdc\\\/#primaryimage\"},\"image\":{\"@id\":\"https:\\\/\\\/adf-magazine.com\\\/pt-pt\\\/2023\\\/03\\\/rebeldes-do-m23-causam-pesado-impacto-na-rdc\\\/#primaryimage\"},\"thumbnailUrl\":\"https:\\\/\\\/adf-magazine.com\\\/wp-content\\\/uploads\\\/2023\\\/03\\\/GettyImages-1244805537.jpg\",\"datePublished\":\"2023-03-07T20:06:34+00:00\",\"dateModified\":\"2023-03-07T20:06:52+00:00\",\"author\":{\"@id\":\"https:\\\/\\\/adf-magazine.com\\\/#\\\/schema\\\/person\\\/f266a6061389568b5a11465bb38bc025\"},\"breadcrumb\":{\"@id\":\"https:\\\/\\\/adf-magazine.com\\\/pt-pt\\\/2023\\\/03\\\/rebeldes-do-m23-causam-pesado-impacto-na-rdc\\\/#breadcrumb\"},\"inLanguage\":\"pt-PT\",\"potentialAction\":[{\"@type\":\"ReadAction\",\"target\":[\"https:\\\/\\\/adf-magazine.com\\\/pt-pt\\\/2023\\\/03\\\/rebeldes-do-m23-causam-pesado-impacto-na-rdc\\\/\"]}]},{\"@type\":\"ImageObject\",\"inLanguage\":\"pt-PT\",\"@id\":\"https:\\\/\\\/adf-magazine.com\\\/pt-pt\\\/2023\\\/03\\\/rebeldes-do-m23-causam-pesado-impacto-na-rdc\\\/#primaryimage\",\"url\":\"https:\\\/\\\/adf-magazine.com\\\/wp-content\\\/uploads\\\/2023\\\/03\\\/GettyImages-1244805537.jpg\",\"contentUrl\":\"https:\\\/\\\/adf-magazine.com\\\/wp-content\\\/uploads\\\/2023\\\/03\\\/GettyImages-1244805537.jpg\",\"width\":1024,\"height\":683,\"caption\":\"Milhares de deslocados fugiram dos rebeldes do M23 para Kanyarushinya, um acampamento informal de mais de 40.000 pessoas, pr\u00f3ximo da capital provincial de Goma, no leste da Rep\u00fablica Democr\u00e1tica do Congo. AFP\\\/GETTY IMAGES\"},{\"@type\":\"BreadcrumbList\",\"@id\":\"https:\\\/\\\/adf-magazine.com\\\/pt-pt\\\/2023\\\/03\\\/rebeldes-do-m23-causam-pesado-impacto-na-rdc\\\/#breadcrumb\",\"itemListElement\":[{\"@type\":\"ListItem\",\"position\":1,\"name\":\"Home\",\"item\":\"https:\\\/\\\/adf-magazine.com\\\/\"},{\"@type\":\"ListItem\",\"position\":2,\"name\":\"Rebeldes do M23 Causam Pesado Impacto na RDC\"}]},{\"@type\":\"WebSite\",\"@id\":\"https:\\\/\\\/adf-magazine.com\\\/#website\",\"url\":\"https:\\\/\\\/adf-magazine.com\\\/\",\"name\":\"Africa Defense Forum\",\"description\":\"Africa Defense Forum\",\"potentialAction\":[{\"@type\":\"SearchAction\",\"target\":{\"@type\":\"EntryPoint\",\"urlTemplate\":\"https:\\\/\\\/adf-magazine.com\\\/?s={search_term_string}\"},\"query-input\":{\"@type\":\"PropertyValueSpecification\",\"valueRequired\":true,\"valueName\":\"search_term_string\"}}],\"inLanguage\":\"pt-PT\"},{\"@type\":\"Person\",\"@id\":\"https:\\\/\\\/adf-magazine.com\\\/#\\\/schema\\\/person\\\/f266a6061389568b5a11465bb38bc025\",\"name\":\"ADF\",\"image\":{\"@type\":\"ImageObject\",\"inLanguage\":\"pt-PT\",\"@id\":\"https:\\\/\\\/adf-magazine.com\\\/wp-content\\\/uploads\\\/2020\\\/05\\\/cropped-ADF_icon.jpg\",\"url\":\"https:\\\/\\\/adf-magazine.com\\\/wp-content\\\/uploads\\\/2020\\\/05\\\/cropped-ADF_icon.jpg\",\"contentUrl\":\"https:\\\/\\\/adf-magazine.com\\\/wp-content\\\/uploads\\\/2020\\\/05\\\/cropped-ADF_icon.jpg\",\"caption\":\"ADF\"},\"description\":\"ADF is a professional military magazine published quarterly by U.S. Africa Command to provide an international forum for African security professionals. ADF covers topics such as counter terrorism strategies, security and defense operations, transnational crime, and all other issues affecting peace, stability, and good governance on the African continent.\",\"sameAs\":[\"https:\\\/\\\/x.com\\\/ADFmagazine\"],\"url\":\"https:\\\/\\\/adf-magazine.com\\\/pt-pt\\\/author\\\/adf\\\/\"}]}<\/script>\n<!-- \/ Yoast SEO plugin. -->","yoast_head_json":{"title":"Rebeldes do M23 Causam Pesado Impacto na RDC - Africa Defense Forum","robots":{"index":"index","follow":"follow","max-snippet":"max-snippet:-1","max-image-preview":"max-image-preview:large","max-video-preview":"max-video-preview:-1"},"canonical":"https:\/\/adf-magazine.com\/pt-pt\/2023\/03\/rebeldes-do-m23-causam-pesado-impacto-na-rdc\/","og_locale":"pt_PT","og_type":"article","og_title":"Rebeldes do M23 Causam Pesado Impacto na RDC - Africa Defense Forum","og_description":"ADF STAFF Segurando o seu beb\u00e9 nos seus ombros, com uma m\u00e3o, e um grande saco de roupas da sua fam\u00edlia de oito pessoas, com a outra, Safari Hangi seguia \u00e0 frente para um lugar seguro, caminhando na lateral de uma estrada de terra batida, em direc\u00e7\u00e3o \u00e0 capital da prov\u00edncia do Kivu do Norte.","og_url":"https:\/\/adf-magazine.com\/pt-pt\/2023\/03\/rebeldes-do-m23-causam-pesado-impacto-na-rdc\/","og_site_name":"Africa Defense Forum","article_publisher":"https:\/\/www.facebook.com\/ADFmagazine\/","article_published_time":"2023-03-07T20:06:34+00:00","article_modified_time":"2023-03-07T20:06:52+00:00","og_image":[{"width":1024,"height":683,"url":"https:\/\/adf-magazine.com\/wp-content\/uploads\/2023\/03\/GettyImages-1244805537.jpg","type":"image\/jpeg"}],"author":"ADF","twitter_card":"summary_large_image","twitter_creator":"@ADFmagazine","twitter_site":"@ADFmagazine","twitter_misc":{"Escrito por":"ADF","Tempo estimado de leitura":"3 minutos"},"schema":{"@context":"https:\/\/schema.org","@graph":[{"@type":"Article","@id":"https:\/\/adf-magazine.com\/pt-pt\/2023\/03\/rebeldes-do-m23-causam-pesado-impacto-na-rdc\/#article","isPartOf":{"@id":"https:\/\/adf-magazine.com\/pt-pt\/2023\/03\/rebeldes-do-m23-causam-pesado-impacto-na-rdc\/"},"author":{"name":"ADF","@id":"https:\/\/adf-magazine.com\/#\/schema\/person\/f266a6061389568b5a11465bb38bc025"},"headline":"Rebeldes do M23 Causam Pesado Impacto na RDC","datePublished":"2023-03-07T20:06:34+00:00","dateModified":"2023-03-07T20:06:52+00:00","mainEntityOfPage":{"@id":"https:\/\/adf-magazine.com\/pt-pt\/2023\/03\/rebeldes-do-m23-causam-pesado-impacto-na-rdc\/"},"wordCount":646,"commentCount":0,"image":{"@id":"https:\/\/adf-magazine.com\/pt-pt\/2023\/03\/rebeldes-do-m23-causam-pesado-impacto-na-rdc\/#primaryimage"},"thumbnailUrl":"https:\/\/adf-magazine.com\/wp-content\/uploads\/2023\/03\/GettyImages-1244805537.jpg","keywords":["insurg\u00eancia","Rep\u00fablica Democr\u00e1tica do Congo","Ruanda","Terrorismo"],"articleSection":["Not\u00edcias diaries"],"inLanguage":"pt-PT","potentialAction":[{"@type":"CommentAction","name":"Comment","target":["https:\/\/adf-magazine.com\/pt-pt\/2023\/03\/rebeldes-do-m23-causam-pesado-impacto-na-rdc\/#respond"]}]},{"@type":"WebPage","@id":"https:\/\/adf-magazine.com\/pt-pt\/2023\/03\/rebeldes-do-m23-causam-pesado-impacto-na-rdc\/","url":"https:\/\/adf-magazine.com\/pt-pt\/2023\/03\/rebeldes-do-m23-causam-pesado-impacto-na-rdc\/","name":"Rebeldes do M23 Causam Pesado Impacto na RDC - Africa Defense Forum","isPartOf":{"@id":"https:\/\/adf-magazine.com\/#website"},"primaryImageOfPage":{"@id":"https:\/\/adf-magazine.com\/pt-pt\/2023\/03\/rebeldes-do-m23-causam-pesado-impacto-na-rdc\/#primaryimage"},"image":{"@id":"https:\/\/adf-magazine.com\/pt-pt\/2023\/03\/rebeldes-do-m23-causam-pesado-impacto-na-rdc\/#primaryimage"},"thumbnailUrl":"https:\/\/adf-magazine.com\/wp-content\/uploads\/2023\/03\/GettyImages-1244805537.jpg","datePublished":"2023-03-07T20:06:34+00:00","dateModified":"2023-03-07T20:06:52+00:00","author":{"@id":"https:\/\/adf-magazine.com\/#\/schema\/person\/f266a6061389568b5a11465bb38bc025"},"breadcrumb":{"@id":"https:\/\/adf-magazine.com\/pt-pt\/2023\/03\/rebeldes-do-m23-causam-pesado-impacto-na-rdc\/#breadcrumb"},"inLanguage":"pt-PT","potentialAction":[{"@type":"ReadAction","target":["https:\/\/adf-magazine.com\/pt-pt\/2023\/03\/rebeldes-do-m23-causam-pesado-impacto-na-rdc\/"]}]},{"@type":"ImageObject","inLanguage":"pt-PT","@id":"https:\/\/adf-magazine.com\/pt-pt\/2023\/03\/rebeldes-do-m23-causam-pesado-impacto-na-rdc\/#primaryimage","url":"https:\/\/adf-magazine.com\/wp-content\/uploads\/2023\/03\/GettyImages-1244805537.jpg","contentUrl":"https:\/\/adf-magazine.com\/wp-content\/uploads\/2023\/03\/GettyImages-1244805537.jpg","width":1024,"height":683,"caption":"Milhares de deslocados fugiram dos rebeldes do M23 para Kanyarushinya, um acampamento informal de mais de 40.000 pessoas, pr\u00f3ximo da capital provincial de Goma, no leste da Rep\u00fablica Democr\u00e1tica do Congo. AFP\/GETTY IMAGES"},{"@type":"BreadcrumbList","@id":"https:\/\/adf-magazine.com\/pt-pt\/2023\/03\/rebeldes-do-m23-causam-pesado-impacto-na-rdc\/#breadcrumb","itemListElement":[{"@type":"ListItem","position":1,"name":"Home","item":"https:\/\/adf-magazine.com\/"},{"@type":"ListItem","position":2,"name":"Rebeldes do M23 Causam Pesado Impacto na RDC"}]},{"@type":"WebSite","@id":"https:\/\/adf-magazine.com\/#website","url":"https:\/\/adf-magazine.com\/","name":"Africa Defense Forum","description":"Africa Defense Forum","potentialAction":[{"@type":"SearchAction","target":{"@type":"EntryPoint","urlTemplate":"https:\/\/adf-magazine.com\/?s={search_term_string}"},"query-input":{"@type":"PropertyValueSpecification","valueRequired":true,"valueName":"search_term_string"}}],"inLanguage":"pt-PT"},{"@type":"Person","@id":"https:\/\/adf-magazine.com\/#\/schema\/person\/f266a6061389568b5a11465bb38bc025","name":"ADF","image":{"@type":"ImageObject","inLanguage":"pt-PT","@id":"https:\/\/adf-magazine.com\/wp-content\/uploads\/2020\/05\/cropped-ADF_icon.jpg","url":"https:\/\/adf-magazine.com\/wp-content\/uploads\/2020\/05\/cropped-ADF_icon.jpg","contentUrl":"https:\/\/adf-magazine.com\/wp-content\/uploads\/2020\/05\/cropped-ADF_icon.jpg","caption":"ADF"},"description":"ADF is a professional military magazine published quarterly by U.S. Africa Command to provide an international forum for African security professionals. ADF covers topics such as counter terrorism strategies, security and defense operations, transnational crime, and all other issues affecting peace, stability, and good governance on the African continent.","sameAs":["https:\/\/x.com\/ADFmagazine"],"url":"https:\/\/adf-magazine.com\/pt-pt\/author\/adf\/"}]}},"_links":{"self":[{"href":"https:\/\/adf-magazine.com\/pt-pt\/wp-json\/wp\/v2\/posts\/103473","targetHints":{"allow":["GET"]}}],"collection":[{"href":"https:\/\/adf-magazine.com\/pt-pt\/wp-json\/wp\/v2\/posts"}],"about":[{"href":"https:\/\/adf-magazine.com\/pt-pt\/wp-json\/wp\/v2\/types\/post"}],"author":[{"embeddable":true,"href":"https:\/\/adf-magazine.com\/pt-pt\/wp-json\/wp\/v2\/users\/1"}],"replies":[{"embeddable":true,"href":"https:\/\/adf-magazine.com\/pt-pt\/wp-json\/wp\/v2\/comments?post=103473"}],"version-history":[{"count":0,"href":"https:\/\/adf-magazine.com\/pt-pt\/wp-json\/wp\/v2\/posts\/103473\/revisions"}],"wp:featuredmedia":[{"embeddable":true,"href":"https:\/\/adf-magazine.com\/pt-pt\/wp-json\/wp\/v2\/media\/103471"}],"wp:attachment":[{"href":"https:\/\/adf-magazine.com\/pt-pt\/wp-json\/wp\/v2\/media?parent=103473"}],"wp:term":[{"taxonomy":"category","embeddable":true,"href":"https:\/\/adf-magazine.com\/pt-pt\/wp-json\/wp\/v2\/categories?post=103473"},{"taxonomy":"post_tag","embeddable":true,"href":"https:\/\/adf-magazine.com\/pt-pt\/wp-json\/wp\/v2\/tags?post=103473"}],"curies":[{"name":"wp","href":"https:\/\/api.w.org\/{rel}","templated":true}]}}