{"id":103412,"date":"2023-03-07T14:30:24","date_gmt":"2023-03-07T19:30:24","guid":{"rendered":"https:\/\/adf-magazine.com\/?p=103412"},"modified":"2023-03-07T14:30:46","modified_gmt":"2023-03-07T19:30:46","slug":"paises-costeiros-procuram-tirar-licoes-da-propagacao-do-extremismo-no-sahel","status":"publish","type":"post","link":"https:\/\/adf-magazine.com\/pt-pt\/2023\/03\/paises-costeiros-procuram-tirar-licoes-da-propagacao-do-extremismo-no-sahel\/","title":{"rendered":"Pa\u00edses Costeiros Procuram Tirar Li\u00e7\u00f5es da Propaga\u00e7\u00e3o do Extremismo no Sahel"},"content":{"rendered":"<p style=\"font-weight: 400;\">ADF STAFF<\/p>\n<p style=\"font-weight: 400;\">Ao longo das suas fronteiras do norte, os pa\u00edses do Golfo da Guin\u00e9 experimentaram v\u00e1rias incurs\u00f5es dos extremistas que atravessam a partir de Burquina Faso, Mali e N\u00edger. Diante da press\u00e3o crescente de extremistas do Sahel, os pa\u00edses do Golfo devem ser cuidadosos para evitar as mesmas armadilhas que assolaram os seus vizinhos no norte, afirmam os especialistas.<\/p>\n<p style=\"font-weight: 400;\">O Ministro da Seguran\u00e7a Nacional do Gana, Albert Kan-Dapaah, apelou para uma maior coopera\u00e7\u00e3o entre os pa\u00edses do Golfo da Guin\u00e9 e seus vizinhos do norte, para combaterem as amea\u00e7as do extremismo, as quais ele descreveu como sendo \u201cmais generalizadas do que se pensava.\u201d<\/p>\n<p style=\"font-weight: 400;\">O Acordo de Acra de 2017, que incorpora os pa\u00edses do Golfo da Guin\u00e9, assim como Burquina Faso e N\u00edger, tinha como objectivo ajudar os pa\u00edses-membros a trabalharem juntos para conter a viol\u00eancia extremista.<\/p>\n<p style=\"font-weight: 400;\">Um lugar onde a coopera\u00e7\u00e3o \u00e9 um imperativo encontra-se entre o Complexo W-Arly-Pendjari dos parques da vida selvagem que engloba a fronteira do Benin, Burquina Faso e N\u00edger, de acordo com o Grupo Internacional da Crise. Os extremistas utilizam a enorme reserva como uma base para lan\u00e7ar opera\u00e7\u00f5es para os pa\u00edses do Golfo da Guin\u00e9. A sua presen\u00e7a complica a gest\u00e3o dos parques e coloca os residentes das regi\u00f5es circunvizinhas em risco de recrutamento e de ataques.<\/p>\n<p style=\"font-weight: 400;\">\u201cOs tr\u00eas pa\u00edses deviam concordar em melhores protocolos para coordenar a ac\u00e7\u00e3o militar e uma estrat\u00e9gia comum para proteger a popula\u00e7\u00e3o, o que deve incluir abertura para o di\u00e1logo com os militantes quando adequado,\u201d escreveu o Grupo da Crise num recente relat\u00f3rio sobre o extremismo na regi\u00e3o.<\/p>\n<p style=\"font-weight: 400;\">Os pa\u00edses do Golfo da Guin\u00e9 possuem um menor n\u00famero de popula\u00e7\u00e3o mu\u00e7ulmana em compara\u00e7\u00e3o com Burquina Faso ou N\u00edger, fazendo com que seja menos uma base a partir da qual os extremistas podem procurar recrutar. Contudo, aquelas popula\u00e7\u00f5es mu\u00e7ulmanas tendem a ser marginalizadas e a viver em \u00e1reas sem servi\u00e7os governamentais \u2014 ambas condi\u00e7\u00f5es que podem fazer com que sejam vulner\u00e1veis ao extremismo, de acordo com uma an\u00e1lise do Institut Montaigne.<\/p>\n<p style=\"font-weight: 400;\">\u201cO maior risco \u00e9 que uma abordagem militar seja priorizada em detrimento de um plano abrangente que se centra primariamente nas caracter\u00edsticas diferentes que [os extremistas] podem explorar,\u201d escreveu o analista Jonathan Guiffard, investigador principal do Institut Montaigne. \u201cA preven\u00e7\u00e3o e a resili\u00eancia exigem uma vontade pol\u00edtica forte para incluir as popula\u00e7\u00f5es marginalizadas, tanto no processo pol\u00edtico quanto nos esfor\u00e7os de desenvolvimento.\u201d<\/p>\n<p style=\"font-weight: 400;\">Isso n\u00e3o implica dizer que a ac\u00e7\u00e3o militar n\u00e3o seja vital para prevenir mais propaga\u00e7\u00e3o do extremismo e sua ideologia, afirmam os analistas. Mais forma\u00e7\u00e3o e melhor equipamento podem refor\u00e7ar a seguran\u00e7a das regi\u00f5es, as quais se encontram longe das capitais nacionais e nos principais centros populacionais.<\/p>\n<p style=\"font-weight: 400;\">Entretanto, os governos precisam de evitar capacitar mil\u00edcias com pouca forma\u00e7\u00e3o, para suprirem as suas for\u00e7as regulares \u2014 uma situa\u00e7\u00e3o que pode levar a abusos e impulsionar a entrada das popula\u00e7\u00f5es civis para os ex\u00e9rcitos dos extremistas. No Mali e no Burquina Faso, a decis\u00e3o de alistar mil\u00edcias contra extremistas produziu exactamente esse resultado, de acordo com um relat\u00f3rio da funda\u00e7\u00e3o Konrad Adenauer Stiftung.<\/p>\n<p style=\"font-weight: 400;\">\u201cN\u00e3o \u00e9 suficiente que as autoridades pol\u00edticas e militares estejam cientes da amea\u00e7a,\u201d escreveu Guiffard. \u201cElas devem agora acelerar a profissionaliza\u00e7\u00e3o das suas capacidades militares, sem ca\u00edrem na armadilha das mil\u00edcias.\u201d<\/p>\n<p style=\"font-weight: 400;\">Os pa\u00edses do Golfo da Guin\u00e9 respondem \u00e0 amea\u00e7a extremista, enviando o pessoal de seguran\u00e7a para as regi\u00f5es fronteiri\u00e7as e expandido as redes de intelig\u00eancia. Em alguns casos, eles tamb\u00e9m enviam mais recursos do governo, como assist\u00eancia agr\u00e1ria, para as regi\u00f5es do norte, num esfor\u00e7o para melhorar as condi\u00e7\u00f5es econ\u00f3micas naquele ponto.<\/p>\n<p style=\"font-weight: 400;\">O Gana fez isso tudo para refor\u00e7ar a popula\u00e7\u00e3o nos territ\u00f3rios a norte contra um potencial recrutamento por extremistas. At\u00e9 agora, o Gana \u00e9 o \u00fanico pa\u00eds do Golfo da Guin\u00e9 que n\u00e3o registou ataques transfronteiri\u00e7os.<\/p>\n<p style=\"font-weight: 400;\">Embora os esfor\u00e7os militares e econ\u00f3micos possam ajudar a curto prazo, os analistas afirmam que os pa\u00edses do Golfo da Guin\u00e9 devem fazer mais uma coisa para conter a amea\u00e7a do extremismo no futuro: Eles devem conversar com os residentes do norte.<\/p>\n<p style=\"font-weight: 400;\">O Benin assumiu esta abordagem com as comunidades pr\u00f3ximas do Complexo W-Arly-Pendjari, envolvendo popula\u00e7\u00f5es locais e a administra\u00e7\u00e3o dos parques para denunciar actividades suspeitas \u00e0 pol\u00edcia.<\/p>\n<p><span style=\"font-weight: 400;\">\u201c<\/span><span style=\"font-weight: 400;\">A prioridade \u00e9 dada \u00e0 luta contra o terrorismo, muitas vezes, em detrimento do di\u00e1logo com as comunidades e a busca por solu\u00e7\u00f5es locais,\u201d escreveu o analista da funda\u00e7\u00e3o Konrad Adenauer Stiftung. \u201cA experi\u00eancia do Benin demonstra que podem ser produzidos resultados interessantes.\u201d<\/span><\/p>\n","protected":false},"excerpt":{"rendered":"<p>ADF STAFF Ao longo das suas fronteiras do norte, os pa\u00edses do Golfo da Guin\u00e9 experimentaram v\u00e1rias incurs\u00f5es dos extremistas que atravessam a partir de Burquina Faso, Mali e N\u00edger. Diante da press\u00e3o crescente de extremistas do Sahel, os pa\u00edses do Golfo devem ser cuidadosos para evitar as mesmas armadilhas que assolaram os seus vizinhos<\/p>\n","protected":false},"author":1,"featured_media":103410,"comment_status":"open","ping_status":"closed","sticky":false,"template":"","format":"standard","meta":{"_acf_changed":false,"_monsterinsights_skip_tracking":false,"_monsterinsights_sitenote_active":false,"_monsterinsights_sitenote_note":"","_monsterinsights_sitenote_category":0,"_uf_show_specific_survey":0,"_uf_disable_surveys":false,"footnotes":""},"categories":[363],"tags":[888,503,449,544,502,501,534],"class_list":{"0":"post-103412","1":"post","2":"type-post","3":"status-publish","4":"format-standard","5":"has-post-thumbnail","7":"category-melhores-historias","8":"tag-benin-pt-pt","9":"tag-burkina-faso-pt-pt","10":"tag-gana","11":"tag-golfo-da-guine","12":"tag-niger-pt-pt","13":"tag-sahel-pt-pt","14":"tag-terrorismo"},"acf":[],"yoast_head":"<!-- This site is optimized with the Yoast SEO plugin v27.4 - https:\/\/yoast.com\/product\/yoast-seo-wordpress\/ -->\n<title>Pa\u00edses Costeiros Procuram Tirar Li\u00e7\u00f5es da Propaga\u00e7\u00e3o do Extremismo no Sahel - Africa Defense Forum<\/title>\n<meta name=\"robots\" content=\"index, follow, max-snippet:-1, max-image-preview:large, max-video-preview:-1\" \/>\n<link rel=\"canonical\" href=\"https:\/\/adf-magazine.com\/pt-pt\/2023\/03\/paises-costeiros-procuram-tirar-licoes-da-propagacao-do-extremismo-no-sahel\/\" \/>\n<meta property=\"og:locale\" content=\"pt_PT\" \/>\n<meta property=\"og:type\" content=\"article\" \/>\n<meta property=\"og:title\" content=\"Pa\u00edses Costeiros Procuram Tirar Li\u00e7\u00f5es da Propaga\u00e7\u00e3o do Extremismo no Sahel - Africa Defense Forum\" \/>\n<meta property=\"og:description\" content=\"ADF STAFF Ao longo das suas fronteiras do norte, os pa\u00edses do Golfo da Guin\u00e9 experimentaram v\u00e1rias incurs\u00f5es dos extremistas que atravessam a partir de Burquina Faso, Mali e N\u00edger. Diante da press\u00e3o crescente de extremistas do Sahel, os pa\u00edses do Golfo devem ser cuidadosos para evitar as mesmas armadilhas que assolaram os seus vizinhos\" \/>\n<meta property=\"og:url\" content=\"https:\/\/adf-magazine.com\/pt-pt\/2023\/03\/paises-costeiros-procuram-tirar-licoes-da-propagacao-do-extremismo-no-sahel\/\" \/>\n<meta property=\"og:site_name\" content=\"Africa Defense Forum\" \/>\n<meta property=\"article:publisher\" content=\"https:\/\/www.facebook.com\/ADFmagazine\/\" \/>\n<meta property=\"article:published_time\" content=\"2023-03-07T19:30:24+00:00\" \/>\n<meta property=\"article:modified_time\" content=\"2023-03-07T19:30:46+00:00\" \/>\n<meta property=\"og:image\" content=\"https:\/\/adf-magazine.com\/wp-content\/uploads\/2023\/03\/GettyImages-149970142.jpg\" \/>\n\t<meta property=\"og:image:width\" content=\"1024\" \/>\n\t<meta property=\"og:image:height\" content=\"748\" \/>\n\t<meta property=\"og:image:type\" content=\"image\/jpeg\" \/>\n<meta name=\"author\" content=\"ADF\" \/>\n<meta name=\"twitter:card\" content=\"summary_large_image\" \/>\n<meta name=\"twitter:creator\" content=\"@ADFmagazine\" \/>\n<meta name=\"twitter:site\" content=\"@ADFmagazine\" \/>\n<meta name=\"twitter:label1\" content=\"Escrito por\" \/>\n\t<meta name=\"twitter:data1\" content=\"ADF\" \/>\n\t<meta name=\"twitter:label2\" content=\"Tempo estimado de leitura\" \/>\n\t<meta name=\"twitter:data2\" content=\"4 minutos\" \/>\n<script type=\"application\/ld+json\" class=\"yoast-schema-graph\">{\"@context\":\"https:\\\/\\\/schema.org\",\"@graph\":[{\"@type\":\"Article\",\"@id\":\"https:\\\/\\\/adf-magazine.com\\\/pt-pt\\\/2023\\\/03\\\/paises-costeiros-procuram-tirar-licoes-da-propagacao-do-extremismo-no-sahel\\\/#article\",\"isPartOf\":{\"@id\":\"https:\\\/\\\/adf-magazine.com\\\/pt-pt\\\/2023\\\/03\\\/paises-costeiros-procuram-tirar-licoes-da-propagacao-do-extremismo-no-sahel\\\/\"},\"author\":{\"name\":\"ADF\",\"@id\":\"https:\\\/\\\/adf-magazine.com\\\/#\\\/schema\\\/person\\\/f266a6061389568b5a11465bb38bc025\"},\"headline\":\"Pa\u00edses Costeiros Procuram Tirar Li\u00e7\u00f5es da Propaga\u00e7\u00e3o do Extremismo no Sahel\",\"datePublished\":\"2023-03-07T19:30:24+00:00\",\"dateModified\":\"2023-03-07T19:30:46+00:00\",\"mainEntityOfPage\":{\"@id\":\"https:\\\/\\\/adf-magazine.com\\\/pt-pt\\\/2023\\\/03\\\/paises-costeiros-procuram-tirar-licoes-da-propagacao-do-extremismo-no-sahel\\\/\"},\"wordCount\":844,\"commentCount\":0,\"image\":{\"@id\":\"https:\\\/\\\/adf-magazine.com\\\/pt-pt\\\/2023\\\/03\\\/paises-costeiros-procuram-tirar-licoes-da-propagacao-do-extremismo-no-sahel\\\/#primaryimage\"},\"thumbnailUrl\":\"https:\\\/\\\/adf-magazine.com\\\/wp-content\\\/uploads\\\/2023\\\/03\\\/GettyImages-149970142.jpg\",\"keywords\":[\"Benin\",\"Burkina Faso\",\"Gana\",\"Golfo da Guin\u00e9\",\"Niger\",\"Sahel\",\"Terrorismo\"],\"articleSection\":[\"Not\u00edcias diaries\"],\"inLanguage\":\"pt-PT\",\"potentialAction\":[{\"@type\":\"CommentAction\",\"name\":\"Comment\",\"target\":[\"https:\\\/\\\/adf-magazine.com\\\/pt-pt\\\/2023\\\/03\\\/paises-costeiros-procuram-tirar-licoes-da-propagacao-do-extremismo-no-sahel\\\/#respond\"]}]},{\"@type\":\"WebPage\",\"@id\":\"https:\\\/\\\/adf-magazine.com\\\/pt-pt\\\/2023\\\/03\\\/paises-costeiros-procuram-tirar-licoes-da-propagacao-do-extremismo-no-sahel\\\/\",\"url\":\"https:\\\/\\\/adf-magazine.com\\\/pt-pt\\\/2023\\\/03\\\/paises-costeiros-procuram-tirar-licoes-da-propagacao-do-extremismo-no-sahel\\\/\",\"name\":\"Pa\u00edses Costeiros Procuram Tirar Li\u00e7\u00f5es da Propaga\u00e7\u00e3o do Extremismo no Sahel - Africa Defense Forum\",\"isPartOf\":{\"@id\":\"https:\\\/\\\/adf-magazine.com\\\/#website\"},\"primaryImageOfPage\":{\"@id\":\"https:\\\/\\\/adf-magazine.com\\\/pt-pt\\\/2023\\\/03\\\/paises-costeiros-procuram-tirar-licoes-da-propagacao-do-extremismo-no-sahel\\\/#primaryimage\"},\"image\":{\"@id\":\"https:\\\/\\\/adf-magazine.com\\\/pt-pt\\\/2023\\\/03\\\/paises-costeiros-procuram-tirar-licoes-da-propagacao-do-extremismo-no-sahel\\\/#primaryimage\"},\"thumbnailUrl\":\"https:\\\/\\\/adf-magazine.com\\\/wp-content\\\/uploads\\\/2023\\\/03\\\/GettyImages-149970142.jpg\",\"datePublished\":\"2023-03-07T19:30:24+00:00\",\"dateModified\":\"2023-03-07T19:30:46+00:00\",\"author\":{\"@id\":\"https:\\\/\\\/adf-magazine.com\\\/#\\\/schema\\\/person\\\/f266a6061389568b5a11465bb38bc025\"},\"breadcrumb\":{\"@id\":\"https:\\\/\\\/adf-magazine.com\\\/pt-pt\\\/2023\\\/03\\\/paises-costeiros-procuram-tirar-licoes-da-propagacao-do-extremismo-no-sahel\\\/#breadcrumb\"},\"inLanguage\":\"pt-PT\",\"potentialAction\":[{\"@type\":\"ReadAction\",\"target\":[\"https:\\\/\\\/adf-magazine.com\\\/pt-pt\\\/2023\\\/03\\\/paises-costeiros-procuram-tirar-licoes-da-propagacao-do-extremismo-no-sahel\\\/\"]}]},{\"@type\":\"ImageObject\",\"inLanguage\":\"pt-PT\",\"@id\":\"https:\\\/\\\/adf-magazine.com\\\/pt-pt\\\/2023\\\/03\\\/paises-costeiros-procuram-tirar-licoes-da-propagacao-do-extremismo-no-sahel\\\/#primaryimage\",\"url\":\"https:\\\/\\\/adf-magazine.com\\\/wp-content\\\/uploads\\\/2023\\\/03\\\/GettyImages-149970142.jpg\",\"contentUrl\":\"https:\\\/\\\/adf-magazine.com\\\/wp-content\\\/uploads\\\/2023\\\/03\\\/GettyImages-149970142.jpg\",\"width\":1024,\"height\":748,\"caption\":\"Enquanto os pa\u00edses do Golfo da Guin\u00e9 confrontam o crescente extremismo nas fronteiras do norte, os especialistas apelam que eles procurem formas de envolver as popula\u00e7\u00f5es locais e evitarem os riscos, como o recrutamento de mil\u00edcias \u00e9tnicos, que prejudica os esfor\u00e7os de combate aos extremistas nos pa\u00edses do Sahel. AFP\\\/GETTY IMAGES\"},{\"@type\":\"BreadcrumbList\",\"@id\":\"https:\\\/\\\/adf-magazine.com\\\/pt-pt\\\/2023\\\/03\\\/paises-costeiros-procuram-tirar-licoes-da-propagacao-do-extremismo-no-sahel\\\/#breadcrumb\",\"itemListElement\":[{\"@type\":\"ListItem\",\"position\":1,\"name\":\"Home\",\"item\":\"https:\\\/\\\/adf-magazine.com\\\/\"},{\"@type\":\"ListItem\",\"position\":2,\"name\":\"Pa\u00edses Costeiros Procuram Tirar Li\u00e7\u00f5es da Propaga\u00e7\u00e3o do Extremismo no Sahel\"}]},{\"@type\":\"WebSite\",\"@id\":\"https:\\\/\\\/adf-magazine.com\\\/#website\",\"url\":\"https:\\\/\\\/adf-magazine.com\\\/\",\"name\":\"Africa Defense Forum\",\"description\":\"Africa Defense Forum\",\"potentialAction\":[{\"@type\":\"SearchAction\",\"target\":{\"@type\":\"EntryPoint\",\"urlTemplate\":\"https:\\\/\\\/adf-magazine.com\\\/?s={search_term_string}\"},\"query-input\":{\"@type\":\"PropertyValueSpecification\",\"valueRequired\":true,\"valueName\":\"search_term_string\"}}],\"inLanguage\":\"pt-PT\"},{\"@type\":\"Person\",\"@id\":\"https:\\\/\\\/adf-magazine.com\\\/#\\\/schema\\\/person\\\/f266a6061389568b5a11465bb38bc025\",\"name\":\"ADF\",\"image\":{\"@type\":\"ImageObject\",\"inLanguage\":\"pt-PT\",\"@id\":\"https:\\\/\\\/adf-magazine.com\\\/wp-content\\\/uploads\\\/2020\\\/05\\\/cropped-ADF_icon.jpg\",\"url\":\"https:\\\/\\\/adf-magazine.com\\\/wp-content\\\/uploads\\\/2020\\\/05\\\/cropped-ADF_icon.jpg\",\"contentUrl\":\"https:\\\/\\\/adf-magazine.com\\\/wp-content\\\/uploads\\\/2020\\\/05\\\/cropped-ADF_icon.jpg\",\"caption\":\"ADF\"},\"description\":\"ADF is a professional military magazine published quarterly by U.S. Africa Command to provide an international forum for African security professionals. ADF covers topics such as counter terrorism strategies, security and defense operations, transnational crime, and all other issues affecting peace, stability, and good governance on the African continent.\",\"sameAs\":[\"https:\\\/\\\/x.com\\\/ADFmagazine\"],\"url\":\"https:\\\/\\\/adf-magazine.com\\\/pt-pt\\\/author\\\/adf\\\/\"}]}<\/script>\n<!-- \/ Yoast SEO plugin. -->","yoast_head_json":{"title":"Pa\u00edses Costeiros Procuram Tirar Li\u00e7\u00f5es da Propaga\u00e7\u00e3o do Extremismo no Sahel - Africa Defense Forum","robots":{"index":"index","follow":"follow","max-snippet":"max-snippet:-1","max-image-preview":"max-image-preview:large","max-video-preview":"max-video-preview:-1"},"canonical":"https:\/\/adf-magazine.com\/pt-pt\/2023\/03\/paises-costeiros-procuram-tirar-licoes-da-propagacao-do-extremismo-no-sahel\/","og_locale":"pt_PT","og_type":"article","og_title":"Pa\u00edses Costeiros Procuram Tirar Li\u00e7\u00f5es da Propaga\u00e7\u00e3o do Extremismo no Sahel - Africa Defense Forum","og_description":"ADF STAFF Ao longo das suas fronteiras do norte, os pa\u00edses do Golfo da Guin\u00e9 experimentaram v\u00e1rias incurs\u00f5es dos extremistas que atravessam a partir de Burquina Faso, Mali e N\u00edger. Diante da press\u00e3o crescente de extremistas do Sahel, os pa\u00edses do Golfo devem ser cuidadosos para evitar as mesmas armadilhas que assolaram os seus vizinhos","og_url":"https:\/\/adf-magazine.com\/pt-pt\/2023\/03\/paises-costeiros-procuram-tirar-licoes-da-propagacao-do-extremismo-no-sahel\/","og_site_name":"Africa Defense Forum","article_publisher":"https:\/\/www.facebook.com\/ADFmagazine\/","article_published_time":"2023-03-07T19:30:24+00:00","article_modified_time":"2023-03-07T19:30:46+00:00","og_image":[{"width":1024,"height":748,"url":"https:\/\/adf-magazine.com\/wp-content\/uploads\/2023\/03\/GettyImages-149970142.jpg","type":"image\/jpeg"}],"author":"ADF","twitter_card":"summary_large_image","twitter_creator":"@ADFmagazine","twitter_site":"@ADFmagazine","twitter_misc":{"Escrito por":"ADF","Tempo estimado de leitura":"4 minutos"},"schema":{"@context":"https:\/\/schema.org","@graph":[{"@type":"Article","@id":"https:\/\/adf-magazine.com\/pt-pt\/2023\/03\/paises-costeiros-procuram-tirar-licoes-da-propagacao-do-extremismo-no-sahel\/#article","isPartOf":{"@id":"https:\/\/adf-magazine.com\/pt-pt\/2023\/03\/paises-costeiros-procuram-tirar-licoes-da-propagacao-do-extremismo-no-sahel\/"},"author":{"name":"ADF","@id":"https:\/\/adf-magazine.com\/#\/schema\/person\/f266a6061389568b5a11465bb38bc025"},"headline":"Pa\u00edses Costeiros Procuram Tirar Li\u00e7\u00f5es da Propaga\u00e7\u00e3o do Extremismo no Sahel","datePublished":"2023-03-07T19:30:24+00:00","dateModified":"2023-03-07T19:30:46+00:00","mainEntityOfPage":{"@id":"https:\/\/adf-magazine.com\/pt-pt\/2023\/03\/paises-costeiros-procuram-tirar-licoes-da-propagacao-do-extremismo-no-sahel\/"},"wordCount":844,"commentCount":0,"image":{"@id":"https:\/\/adf-magazine.com\/pt-pt\/2023\/03\/paises-costeiros-procuram-tirar-licoes-da-propagacao-do-extremismo-no-sahel\/#primaryimage"},"thumbnailUrl":"https:\/\/adf-magazine.com\/wp-content\/uploads\/2023\/03\/GettyImages-149970142.jpg","keywords":["Benin","Burkina Faso","Gana","Golfo da Guin\u00e9","Niger","Sahel","Terrorismo"],"articleSection":["Not\u00edcias diaries"],"inLanguage":"pt-PT","potentialAction":[{"@type":"CommentAction","name":"Comment","target":["https:\/\/adf-magazine.com\/pt-pt\/2023\/03\/paises-costeiros-procuram-tirar-licoes-da-propagacao-do-extremismo-no-sahel\/#respond"]}]},{"@type":"WebPage","@id":"https:\/\/adf-magazine.com\/pt-pt\/2023\/03\/paises-costeiros-procuram-tirar-licoes-da-propagacao-do-extremismo-no-sahel\/","url":"https:\/\/adf-magazine.com\/pt-pt\/2023\/03\/paises-costeiros-procuram-tirar-licoes-da-propagacao-do-extremismo-no-sahel\/","name":"Pa\u00edses Costeiros Procuram Tirar Li\u00e7\u00f5es da Propaga\u00e7\u00e3o do Extremismo no Sahel - Africa Defense Forum","isPartOf":{"@id":"https:\/\/adf-magazine.com\/#website"},"primaryImageOfPage":{"@id":"https:\/\/adf-magazine.com\/pt-pt\/2023\/03\/paises-costeiros-procuram-tirar-licoes-da-propagacao-do-extremismo-no-sahel\/#primaryimage"},"image":{"@id":"https:\/\/adf-magazine.com\/pt-pt\/2023\/03\/paises-costeiros-procuram-tirar-licoes-da-propagacao-do-extremismo-no-sahel\/#primaryimage"},"thumbnailUrl":"https:\/\/adf-magazine.com\/wp-content\/uploads\/2023\/03\/GettyImages-149970142.jpg","datePublished":"2023-03-07T19:30:24+00:00","dateModified":"2023-03-07T19:30:46+00:00","author":{"@id":"https:\/\/adf-magazine.com\/#\/schema\/person\/f266a6061389568b5a11465bb38bc025"},"breadcrumb":{"@id":"https:\/\/adf-magazine.com\/pt-pt\/2023\/03\/paises-costeiros-procuram-tirar-licoes-da-propagacao-do-extremismo-no-sahel\/#breadcrumb"},"inLanguage":"pt-PT","potentialAction":[{"@type":"ReadAction","target":["https:\/\/adf-magazine.com\/pt-pt\/2023\/03\/paises-costeiros-procuram-tirar-licoes-da-propagacao-do-extremismo-no-sahel\/"]}]},{"@type":"ImageObject","inLanguage":"pt-PT","@id":"https:\/\/adf-magazine.com\/pt-pt\/2023\/03\/paises-costeiros-procuram-tirar-licoes-da-propagacao-do-extremismo-no-sahel\/#primaryimage","url":"https:\/\/adf-magazine.com\/wp-content\/uploads\/2023\/03\/GettyImages-149970142.jpg","contentUrl":"https:\/\/adf-magazine.com\/wp-content\/uploads\/2023\/03\/GettyImages-149970142.jpg","width":1024,"height":748,"caption":"Enquanto os pa\u00edses do Golfo da Guin\u00e9 confrontam o crescente extremismo nas fronteiras do norte, os especialistas apelam que eles procurem formas de envolver as popula\u00e7\u00f5es locais e evitarem os riscos, como o recrutamento de mil\u00edcias \u00e9tnicos, que prejudica os esfor\u00e7os de combate aos extremistas nos pa\u00edses do Sahel. AFP\/GETTY IMAGES"},{"@type":"BreadcrumbList","@id":"https:\/\/adf-magazine.com\/pt-pt\/2023\/03\/paises-costeiros-procuram-tirar-licoes-da-propagacao-do-extremismo-no-sahel\/#breadcrumb","itemListElement":[{"@type":"ListItem","position":1,"name":"Home","item":"https:\/\/adf-magazine.com\/"},{"@type":"ListItem","position":2,"name":"Pa\u00edses Costeiros Procuram Tirar Li\u00e7\u00f5es da Propaga\u00e7\u00e3o do Extremismo no Sahel"}]},{"@type":"WebSite","@id":"https:\/\/adf-magazine.com\/#website","url":"https:\/\/adf-magazine.com\/","name":"Africa Defense Forum","description":"Africa Defense Forum","potentialAction":[{"@type":"SearchAction","target":{"@type":"EntryPoint","urlTemplate":"https:\/\/adf-magazine.com\/?s={search_term_string}"},"query-input":{"@type":"PropertyValueSpecification","valueRequired":true,"valueName":"search_term_string"}}],"inLanguage":"pt-PT"},{"@type":"Person","@id":"https:\/\/adf-magazine.com\/#\/schema\/person\/f266a6061389568b5a11465bb38bc025","name":"ADF","image":{"@type":"ImageObject","inLanguage":"pt-PT","@id":"https:\/\/adf-magazine.com\/wp-content\/uploads\/2020\/05\/cropped-ADF_icon.jpg","url":"https:\/\/adf-magazine.com\/wp-content\/uploads\/2020\/05\/cropped-ADF_icon.jpg","contentUrl":"https:\/\/adf-magazine.com\/wp-content\/uploads\/2020\/05\/cropped-ADF_icon.jpg","caption":"ADF"},"description":"ADF is a professional military magazine published quarterly by U.S. Africa Command to provide an international forum for African security professionals. ADF covers topics such as counter terrorism strategies, security and defense operations, transnational crime, and all other issues affecting peace, stability, and good governance on the African continent.","sameAs":["https:\/\/x.com\/ADFmagazine"],"url":"https:\/\/adf-magazine.com\/pt-pt\/author\/adf\/"}]}},"_links":{"self":[{"href":"https:\/\/adf-magazine.com\/pt-pt\/wp-json\/wp\/v2\/posts\/103412","targetHints":{"allow":["GET"]}}],"collection":[{"href":"https:\/\/adf-magazine.com\/pt-pt\/wp-json\/wp\/v2\/posts"}],"about":[{"href":"https:\/\/adf-magazine.com\/pt-pt\/wp-json\/wp\/v2\/types\/post"}],"author":[{"embeddable":true,"href":"https:\/\/adf-magazine.com\/pt-pt\/wp-json\/wp\/v2\/users\/1"}],"replies":[{"embeddable":true,"href":"https:\/\/adf-magazine.com\/pt-pt\/wp-json\/wp\/v2\/comments?post=103412"}],"version-history":[{"count":0,"href":"https:\/\/adf-magazine.com\/pt-pt\/wp-json\/wp\/v2\/posts\/103412\/revisions"}],"wp:featuredmedia":[{"embeddable":true,"href":"https:\/\/adf-magazine.com\/pt-pt\/wp-json\/wp\/v2\/media\/103410"}],"wp:attachment":[{"href":"https:\/\/adf-magazine.com\/pt-pt\/wp-json\/wp\/v2\/media?parent=103412"}],"wp:term":[{"taxonomy":"category","embeddable":true,"href":"https:\/\/adf-magazine.com\/pt-pt\/wp-json\/wp\/v2\/categories?post=103412"},{"taxonomy":"post_tag","embeddable":true,"href":"https:\/\/adf-magazine.com\/pt-pt\/wp-json\/wp\/v2\/tags?post=103412"}],"curies":[{"name":"wp","href":"https:\/\/api.w.org\/{rel}","templated":true}]}}