{"id":102946,"date":"2023-02-21T16:41:33","date_gmt":"2023-02-21T21:41:33","guid":{"rendered":"https:\/\/adf-magazine.com\/?p=102946"},"modified":"2023-02-21T16:41:33","modified_gmt":"2023-02-21T21:41:33","slug":"mercenarios-russos-e-rebeldes-lutam-pelas-minas-de-ouro-da-rca","status":"publish","type":"post","link":"https:\/\/adf-magazine.com\/pt-pt\/2023\/02\/mercenarios-russos-e-rebeldes-lutam-pelas-minas-de-ouro-da-rca\/","title":{"rendered":"Mercen\u00e1rios Russos e Rebeldes Lutam Pelas Minas de Ouro da RCA"},"content":{"rendered":"<p>ADF STAFF<\/p>\n<p>Os grupos rebeldes da Rep\u00fablica Centro-Africana (RCA) est\u00e3o a entrar em confrontos com os mercen\u00e1rios do Grupo Wagner da R\u00fassia, por causa do acesso \u00e0s minas ricas daquele pa\u00eds.<\/p>\n<p>V\u00e1rios relat\u00f3rios indicam um recente aumento nos confrontos, incluindo uma emboscada em que sete mercen\u00e1rios do Grupo Wagner morreram.<\/p>\n<p>Ahmadou Ali, um l\u00edder s\u00e9nior da rebelde Coliga\u00e7\u00e3o dos Patriotas pela Mudan\u00e7a (CPC), reivindicou o ataque de Janeiro, no nordeste da RCA, pr\u00f3ximo da fronteira com o Sud\u00e3o.<\/p>\n<p>\u201cEles ca\u00edram na armadilha,\u201d disse ao The Guardian. \u201cN\u00f3s perdemos dois [mortos] e muitos ficaram feridos, mas os derrotamos e confiscamos muitos cami\u00f5es militares.\u201d<\/p>\n<p>Diferentemente de muitas outras escaramu\u00e7as \u00e0 volta de minas de ouro e diamante no ano passado, as for\u00e7as do governo da RCA n\u00e3o estavam envolvidas nos confrontos de Janeiro.<\/p>\n<p>\u201cFoi uma batalha entre n\u00f3s e os russos,\u201d disse Ali. \u201cEles apenas utilizam as tropas do governo para legitimar as coisas.\u201d<\/p>\n<p>O Grupo Wagner, uma empresa internacional de mercen\u00e1rios com apoio directo do Kremlin, muitas vezes, leva a cabo iniciativas da pol\u00edtica estrangeira russa no continente. Enquanto os mercen\u00e1rios tipicamente apoiam governos fr\u00e1geis, a sua parceria veio a um custo terr\u00edvel para os civis.<\/p>\n<p>As Na\u00e7\u00f5es Unidas e os grupos de defesa dos direitos humanos acusam os mercen\u00e1rios do Grupo Wagner de massacres, execu\u00e7\u00f5es sum\u00e1rias, torturas e outras atrocidades.<\/p>\n<p>Os operativos russos infiltraram-se no governo da RCA, desde 2017, quando o Grupo Wagner ajudou a impedir as tentativas dos rebeldes de deporem o Presidente Faustin-Archange Touad\u00e9ra.<\/p>\n<p>O Grupo Wagner possui uma for\u00e7a de aproximadamente 1.000 operativos na RCA. O seu foco tem sido o uso de concess\u00f5es mineiras e opera\u00e7\u00f5es de contrabando para ajudar a financiar a R\u00fassia na sua guerra na Ucr\u00e2nia, apesar das pesadas san\u00e7\u00f5es internacionais.<\/p>\n<p>Utilizando armamento pesado, drones e helic\u00f3pteros, os combatentes do Grupo Wagner, v\u00e1rias vezes, entraram em confrontos com e mataram civis por causa dos recursos naturais da RCA, que fornecem meios de subsist\u00eancia para muitos.<\/p>\n<p>Catrina Doxsee, uma especialista em amea\u00e7as transnacionais, no grupo de reflex\u00e3o do Centro de Estudos Estrat\u00e9gicos e Internacionais, disse que os mercen\u00e1rios expandiram significativamente os seus esfor\u00e7os de minera\u00e7\u00e3o no ano passado.<\/p>\n<p>\u201cEstes novos desenvolvimentos que est\u00e3o a seguir indicam planos a longo prazo para a mina,\u201d disse ela ao Politico, que comunicou que os lucros da minera\u00e7\u00e3o do Grupo Wagner podem aproximar-se a 1 bilh\u00e3o de d\u00f3lares.<\/p>\n<p>\u201cO facto de que eles estejam a criar uma opera\u00e7\u00e3o mineira em expans\u00e3o, a criar estes planos a longo prazo, penso que realmente indica o qu\u00e3o integrados est\u00e3o a tornar-se com o ex\u00e9rcito local e o n\u00edvel de depend\u00eancia que o governo da RCA tem deles.\u201d<\/p>\n<p>Enrica Picco, directora de projectos da \u00c1frica Central para o Grupo Internacional da Crise e antiga membro do painel de especialistas da ONU sobre a RCA, disse que a movimenta\u00e7\u00e3o do Grupo Wagner para zonas ao redor das fronteiras com Camar\u00f5es, Chade e Sud\u00e3o uniu fac\u00e7\u00f5es rebeldes.<\/p>\n<p>\u201cIsso realmente despertou tens\u00f5es entre os grupos armados que procuravam proteger as suas \u00faltimas fontes de receitas no norte do pa\u00eds e as for\u00e7as do governo e seus aliados russos,\u201d disse Picco \u00e0 Bloomberg.<\/p>\n<p>O Grupo Wagner n\u00e3o controla por completo todos os locais de minera\u00e7\u00e3o, disse ela, e ainda existem lutas em v\u00e1rios deles.<\/p>\n<p>Abdu Buda, porta-voz de um dos grupos rebeldes que comp\u00f5e a CPC, disse que confrontos intensos ocorrem no nordeste da RCA.<\/p>\n<p>\u201cExistem muitos recursos nesta \u00e1rea,\u201d disse \u00e0 Bloomberg.<\/p>\n<p>Acrescentou que as for\u00e7as rebeldes conseguiram v\u00e1rias vit\u00f3rias desde Novembro de 2022, matando mercen\u00e1rios do Grupo Wagner e assumindo territ\u00f3rios no leste, oeste e no sul da RCA.<\/p>\n<p>Ele afirmou que os rebeldes se encontravam a 450 quil\u00f3metros da capital, Bangui, algo que o governo da RCA refutou.<\/p>\n<p>Um estudo feito pelo Projecto de Localiza\u00e7\u00e3o de Conflitos Armados e Dados de Eventos concluiu que os mercen\u00e1rios do Grupo Wagner tiveram como alvo civis, na RCA, em 52% dos casos de viol\u00eancia pol\u00edtica naquele pa\u00eds.<\/p>\n<p>A Human Rights Watch acusa o Grupo Wagner de perpetrar \u201cexecu\u00e7\u00f5es sum\u00e1rias, torturas e agress\u00e3o f\u00edsica contra civis, desde 2019.\u201d<\/p>\n<p>\u201cExistem provas convincentes de que for\u00e7as identificadas como sendo russas que apoiavam o governo da Rep\u00fablica Centro-Africana cometeram graves abusos contra civis, com completa impunidade,\u201d a directora de crise e conflitos daquela organiza\u00e7\u00e3o, Ida Sawyer, disse num comunicado, em 2022.<\/p>\n<p>\u201cA falha do governo da Rep\u00fablica Centro-Africana e dos seus parceiros de n\u00e3o denunciarem de forma decisiva estes abusos e de n\u00e3o identificar e processar aqueles que foram respons\u00e1veis ir\u00e1 mais provavelmente alimentar mais crimes em \u00c1frica e em outros lugares.\u201d<\/p>\n<p>A coliga\u00e7\u00e3o de rebeldes da CPC comprometeu-se em continuar a lutar.<\/p>\n<p>\u201cOs russos assumiram o controlo do pa\u00eds,\u201d disse Ali. \u201cEles est\u00e3o em todos os lugares. Guardam as fronteiras e est\u00e3o em todos os lugares onde haja recursos [valiosos].<\/p>\n<p>\u201cEles roubam todos os nossos recursos.\u201d<\/p>\n","protected":false},"excerpt":{"rendered":"<p>ADF STAFF Os grupos rebeldes da Rep\u00fablica Centro-Africana (RCA) est\u00e3o a entrar em confrontos com os mercen\u00e1rios do Grupo Wagner da R\u00fassia, por causa do acesso \u00e0s minas ricas daquele pa\u00eds. V\u00e1rios relat\u00f3rios indicam um recente aumento nos confrontos, incluindo uma emboscada em que sete mercen\u00e1rios do Grupo Wagner morreram. Ahmadou Ali, um l\u00edder s\u00e9nior<\/p>\n","protected":false},"author":1,"featured_media":99226,"comment_status":"open","ping_status":"closed","sticky":false,"template":"","format":"standard","meta":{"_acf_changed":false,"_monsterinsights_skip_tracking":false,"_monsterinsights_sitenote_active":false,"_monsterinsights_sitenote_note":"","_monsterinsights_sitenote_category":0,"_uf_show_specific_survey":0,"_uf_disable_surveys":false,"footnotes":""},"categories":[363],"tags":[446,500,884,944,609,611,637],"class_list":{"0":"post-102946","1":"post","2":"type-post","3":"status-publish","4":"format-standard","5":"has-post-thumbnail","7":"category-melhores-historias","8":"tag-camaroes","9":"tag-chade","10":"tag-mercenario","11":"tag-mineracao","12":"tag-republica-centro-africana","13":"tag-russia-pt-pt","14":"tag-sudao"},"acf":[],"yoast_head":"<!-- This site is optimized with the Yoast SEO plugin v27.4 - https:\/\/yoast.com\/product\/yoast-seo-wordpress\/ -->\n<title>Mercen\u00e1rios Russos e Rebeldes Lutam Pelas Minas de Ouro da RCA - Africa Defense Forum<\/title>\n<meta name=\"robots\" content=\"index, follow, max-snippet:-1, max-image-preview:large, max-video-preview:-1\" \/>\n<link rel=\"canonical\" href=\"https:\/\/adf-magazine.com\/pt-pt\/2023\/02\/mercenarios-russos-e-rebeldes-lutam-pelas-minas-de-ouro-da-rca\/\" \/>\n<meta property=\"og:locale\" content=\"pt_PT\" \/>\n<meta property=\"og:type\" content=\"article\" \/>\n<meta property=\"og:title\" content=\"Mercen\u00e1rios Russos e Rebeldes Lutam Pelas Minas de Ouro da RCA - Africa Defense Forum\" \/>\n<meta property=\"og:description\" content=\"ADF STAFF Os grupos rebeldes da Rep\u00fablica Centro-Africana (RCA) est\u00e3o a entrar em confrontos com os mercen\u00e1rios do Grupo Wagner da R\u00fassia, por causa do acesso \u00e0s minas ricas daquele pa\u00eds. V\u00e1rios relat\u00f3rios indicam um recente aumento nos confrontos, incluindo uma emboscada em que sete mercen\u00e1rios do Grupo Wagner morreram. Ahmadou Ali, um l\u00edder s\u00e9nior\" \/>\n<meta property=\"og:url\" content=\"https:\/\/adf-magazine.com\/pt-pt\/2023\/02\/mercenarios-russos-e-rebeldes-lutam-pelas-minas-de-ouro-da-rca\/\" \/>\n<meta property=\"og:site_name\" content=\"Africa Defense Forum\" \/>\n<meta property=\"article:publisher\" content=\"https:\/\/www.facebook.com\/ADFmagazine\/\" \/>\n<meta property=\"article:published_time\" content=\"2023-02-21T21:41:33+00:00\" \/>\n<meta property=\"og:image\" content=\"https:\/\/adf-magazine.com\/wp-content\/uploads\/2023\/02\/2014-05-09T000000Z_186353692_GM1EA5A00N901_RTRMADP_3_CENTRALAFRICAN.jpg\" \/>\n\t<meta property=\"og:image:width\" content=\"1080\" \/>\n\t<meta property=\"og:image:height\" content=\"720\" \/>\n\t<meta property=\"og:image:type\" content=\"image\/jpeg\" \/>\n<meta name=\"author\" content=\"ADF\" \/>\n<meta name=\"twitter:card\" content=\"summary_large_image\" \/>\n<meta name=\"twitter:creator\" content=\"@ADFmagazine\" \/>\n<meta name=\"twitter:site\" content=\"@ADFmagazine\" \/>\n<meta name=\"twitter:label1\" content=\"Escrito por\" \/>\n\t<meta name=\"twitter:data1\" content=\"ADF\" \/>\n\t<meta name=\"twitter:label2\" content=\"Tempo estimado de leitura\" \/>\n\t<meta name=\"twitter:data2\" content=\"4 minutos\" \/>\n<script type=\"application\/ld+json\" class=\"yoast-schema-graph\">{\"@context\":\"https:\\\/\\\/schema.org\",\"@graph\":[{\"@type\":\"Article\",\"@id\":\"https:\\\/\\\/adf-magazine.com\\\/pt-pt\\\/2023\\\/02\\\/mercenarios-russos-e-rebeldes-lutam-pelas-minas-de-ouro-da-rca\\\/#article\",\"isPartOf\":{\"@id\":\"https:\\\/\\\/adf-magazine.com\\\/pt-pt\\\/2023\\\/02\\\/mercenarios-russos-e-rebeldes-lutam-pelas-minas-de-ouro-da-rca\\\/\"},\"author\":{\"name\":\"ADF\",\"@id\":\"https:\\\/\\\/adf-magazine.com\\\/#\\\/schema\\\/person\\\/f266a6061389568b5a11465bb38bc025\"},\"headline\":\"Mercen\u00e1rios Russos e Rebeldes Lutam Pelas Minas de Ouro da RCA\",\"datePublished\":\"2023-02-21T21:41:33+00:00\",\"mainEntityOfPage\":{\"@id\":\"https:\\\/\\\/adf-magazine.com\\\/pt-pt\\\/2023\\\/02\\\/mercenarios-russos-e-rebeldes-lutam-pelas-minas-de-ouro-da-rca\\\/\"},\"wordCount\":893,\"commentCount\":0,\"image\":{\"@id\":\"https:\\\/\\\/adf-magazine.com\\\/pt-pt\\\/2023\\\/02\\\/mercenarios-russos-e-rebeldes-lutam-pelas-minas-de-ouro-da-rca\\\/#primaryimage\"},\"thumbnailUrl\":\"https:\\\/\\\/adf-magazine.com\\\/wp-content\\\/uploads\\\/2023\\\/02\\\/2014-05-09T000000Z_186353692_GM1EA5A00N901_RTRMADP_3_CENTRALAFRICAN.jpg\",\"keywords\":[\"Camar\u00f5es\",\"Chade\",\"mercen\u00e1rio\",\"Minera\u00e7\u00e3o\",\"Rep\u00fablica Centro-Africana\",\"Russia\",\"Sud\u00e3o\"],\"articleSection\":[\"Not\u00edcias diaries\"],\"inLanguage\":\"pt-PT\",\"potentialAction\":[{\"@type\":\"CommentAction\",\"name\":\"Comment\",\"target\":[\"https:\\\/\\\/adf-magazine.com\\\/pt-pt\\\/2023\\\/02\\\/mercenarios-russos-e-rebeldes-lutam-pelas-minas-de-ouro-da-rca\\\/#respond\"]}]},{\"@type\":\"WebPage\",\"@id\":\"https:\\\/\\\/adf-magazine.com\\\/pt-pt\\\/2023\\\/02\\\/mercenarios-russos-e-rebeldes-lutam-pelas-minas-de-ouro-da-rca\\\/\",\"url\":\"https:\\\/\\\/adf-magazine.com\\\/pt-pt\\\/2023\\\/02\\\/mercenarios-russos-e-rebeldes-lutam-pelas-minas-de-ouro-da-rca\\\/\",\"name\":\"Mercen\u00e1rios Russos e Rebeldes Lutam Pelas Minas de Ouro da RCA - Africa Defense Forum\",\"isPartOf\":{\"@id\":\"https:\\\/\\\/adf-magazine.com\\\/#website\"},\"primaryImageOfPage\":{\"@id\":\"https:\\\/\\\/adf-magazine.com\\\/pt-pt\\\/2023\\\/02\\\/mercenarios-russos-e-rebeldes-lutam-pelas-minas-de-ouro-da-rca\\\/#primaryimage\"},\"image\":{\"@id\":\"https:\\\/\\\/adf-magazine.com\\\/pt-pt\\\/2023\\\/02\\\/mercenarios-russos-e-rebeldes-lutam-pelas-minas-de-ouro-da-rca\\\/#primaryimage\"},\"thumbnailUrl\":\"https:\\\/\\\/adf-magazine.com\\\/wp-content\\\/uploads\\\/2023\\\/02\\\/2014-05-09T000000Z_186353692_GM1EA5A00N901_RTRMADP_3_CENTRALAFRICAN.jpg\",\"datePublished\":\"2023-02-21T21:41:33+00:00\",\"author\":{\"@id\":\"https:\\\/\\\/adf-magazine.com\\\/#\\\/schema\\\/person\\\/f266a6061389568b5a11465bb38bc025\"},\"breadcrumb\":{\"@id\":\"https:\\\/\\\/adf-magazine.com\\\/pt-pt\\\/2023\\\/02\\\/mercenarios-russos-e-rebeldes-lutam-pelas-minas-de-ouro-da-rca\\\/#breadcrumb\"},\"inLanguage\":\"pt-PT\",\"potentialAction\":[{\"@type\":\"ReadAction\",\"target\":[\"https:\\\/\\\/adf-magazine.com\\\/pt-pt\\\/2023\\\/02\\\/mercenarios-russos-e-rebeldes-lutam-pelas-minas-de-ouro-da-rca\\\/\"]}]},{\"@type\":\"ImageObject\",\"inLanguage\":\"pt-PT\",\"@id\":\"https:\\\/\\\/adf-magazine.com\\\/pt-pt\\\/2023\\\/02\\\/mercenarios-russos-e-rebeldes-lutam-pelas-minas-de-ouro-da-rca\\\/#primaryimage\",\"url\":\"https:\\\/\\\/adf-magazine.com\\\/wp-content\\\/uploads\\\/2023\\\/02\\\/2014-05-09T000000Z_186353692_GM1EA5A00N901_RTRMADP_3_CENTRALAFRICAN.jpg\",\"contentUrl\":\"https:\\\/\\\/adf-magazine.com\\\/wp-content\\\/uploads\\\/2023\\\/02\\\/2014-05-09T000000Z_186353692_GM1EA5A00N901_RTRMADP_3_CENTRALAFRICAN.jpg\",\"width\":1080,\"height\":720,\"caption\":\"Rebeldes lutam contra mercen\u00e1rios russos do Grupo Wagner pelo controlo de minas de ouro, como esta, que se localiza em Djoubissi, na Rep\u00fablica Centro-Africana. REUTERS\"},{\"@type\":\"BreadcrumbList\",\"@id\":\"https:\\\/\\\/adf-magazine.com\\\/pt-pt\\\/2023\\\/02\\\/mercenarios-russos-e-rebeldes-lutam-pelas-minas-de-ouro-da-rca\\\/#breadcrumb\",\"itemListElement\":[{\"@type\":\"ListItem\",\"position\":1,\"name\":\"Home\",\"item\":\"https:\\\/\\\/adf-magazine.com\\\/\"},{\"@type\":\"ListItem\",\"position\":2,\"name\":\"Mercen\u00e1rios Russos e Rebeldes Lutam Pelas Minas de Ouro da RCA\"}]},{\"@type\":\"WebSite\",\"@id\":\"https:\\\/\\\/adf-magazine.com\\\/#website\",\"url\":\"https:\\\/\\\/adf-magazine.com\\\/\",\"name\":\"Africa Defense Forum\",\"description\":\"Africa Defense Forum\",\"potentialAction\":[{\"@type\":\"SearchAction\",\"target\":{\"@type\":\"EntryPoint\",\"urlTemplate\":\"https:\\\/\\\/adf-magazine.com\\\/?s={search_term_string}\"},\"query-input\":{\"@type\":\"PropertyValueSpecification\",\"valueRequired\":true,\"valueName\":\"search_term_string\"}}],\"inLanguage\":\"pt-PT\"},{\"@type\":\"Person\",\"@id\":\"https:\\\/\\\/adf-magazine.com\\\/#\\\/schema\\\/person\\\/f266a6061389568b5a11465bb38bc025\",\"name\":\"ADF\",\"image\":{\"@type\":\"ImageObject\",\"inLanguage\":\"pt-PT\",\"@id\":\"https:\\\/\\\/adf-magazine.com\\\/wp-content\\\/uploads\\\/2020\\\/05\\\/cropped-ADF_icon.jpg\",\"url\":\"https:\\\/\\\/adf-magazine.com\\\/wp-content\\\/uploads\\\/2020\\\/05\\\/cropped-ADF_icon.jpg\",\"contentUrl\":\"https:\\\/\\\/adf-magazine.com\\\/wp-content\\\/uploads\\\/2020\\\/05\\\/cropped-ADF_icon.jpg\",\"caption\":\"ADF\"},\"description\":\"ADF is a professional military magazine published quarterly by U.S. Africa Command to provide an international forum for African security professionals. ADF covers topics such as counter terrorism strategies, security and defense operations, transnational crime, and all other issues affecting peace, stability, and good governance on the African continent.\",\"sameAs\":[\"https:\\\/\\\/x.com\\\/ADFmagazine\"],\"url\":\"https:\\\/\\\/adf-magazine.com\\\/pt-pt\\\/author\\\/adf\\\/\"}]}<\/script>\n<!-- \/ Yoast SEO plugin. -->","yoast_head_json":{"title":"Mercen\u00e1rios Russos e Rebeldes Lutam Pelas Minas de Ouro da RCA - Africa Defense Forum","robots":{"index":"index","follow":"follow","max-snippet":"max-snippet:-1","max-image-preview":"max-image-preview:large","max-video-preview":"max-video-preview:-1"},"canonical":"https:\/\/adf-magazine.com\/pt-pt\/2023\/02\/mercenarios-russos-e-rebeldes-lutam-pelas-minas-de-ouro-da-rca\/","og_locale":"pt_PT","og_type":"article","og_title":"Mercen\u00e1rios Russos e Rebeldes Lutam Pelas Minas de Ouro da RCA - Africa Defense Forum","og_description":"ADF STAFF Os grupos rebeldes da Rep\u00fablica Centro-Africana (RCA) est\u00e3o a entrar em confrontos com os mercen\u00e1rios do Grupo Wagner da R\u00fassia, por causa do acesso \u00e0s minas ricas daquele pa\u00eds. V\u00e1rios relat\u00f3rios indicam um recente aumento nos confrontos, incluindo uma emboscada em que sete mercen\u00e1rios do Grupo Wagner morreram. Ahmadou Ali, um l\u00edder s\u00e9nior","og_url":"https:\/\/adf-magazine.com\/pt-pt\/2023\/02\/mercenarios-russos-e-rebeldes-lutam-pelas-minas-de-ouro-da-rca\/","og_site_name":"Africa Defense Forum","article_publisher":"https:\/\/www.facebook.com\/ADFmagazine\/","article_published_time":"2023-02-21T21:41:33+00:00","og_image":[{"width":1080,"height":720,"url":"https:\/\/adf-magazine.com\/wp-content\/uploads\/2023\/02\/2014-05-09T000000Z_186353692_GM1EA5A00N901_RTRMADP_3_CENTRALAFRICAN.jpg","type":"image\/jpeg"}],"author":"ADF","twitter_card":"summary_large_image","twitter_creator":"@ADFmagazine","twitter_site":"@ADFmagazine","twitter_misc":{"Escrito por":"ADF","Tempo estimado de leitura":"4 minutos"},"schema":{"@context":"https:\/\/schema.org","@graph":[{"@type":"Article","@id":"https:\/\/adf-magazine.com\/pt-pt\/2023\/02\/mercenarios-russos-e-rebeldes-lutam-pelas-minas-de-ouro-da-rca\/#article","isPartOf":{"@id":"https:\/\/adf-magazine.com\/pt-pt\/2023\/02\/mercenarios-russos-e-rebeldes-lutam-pelas-minas-de-ouro-da-rca\/"},"author":{"name":"ADF","@id":"https:\/\/adf-magazine.com\/#\/schema\/person\/f266a6061389568b5a11465bb38bc025"},"headline":"Mercen\u00e1rios Russos e Rebeldes Lutam Pelas Minas de Ouro da RCA","datePublished":"2023-02-21T21:41:33+00:00","mainEntityOfPage":{"@id":"https:\/\/adf-magazine.com\/pt-pt\/2023\/02\/mercenarios-russos-e-rebeldes-lutam-pelas-minas-de-ouro-da-rca\/"},"wordCount":893,"commentCount":0,"image":{"@id":"https:\/\/adf-magazine.com\/pt-pt\/2023\/02\/mercenarios-russos-e-rebeldes-lutam-pelas-minas-de-ouro-da-rca\/#primaryimage"},"thumbnailUrl":"https:\/\/adf-magazine.com\/wp-content\/uploads\/2023\/02\/2014-05-09T000000Z_186353692_GM1EA5A00N901_RTRMADP_3_CENTRALAFRICAN.jpg","keywords":["Camar\u00f5es","Chade","mercen\u00e1rio","Minera\u00e7\u00e3o","Rep\u00fablica Centro-Africana","Russia","Sud\u00e3o"],"articleSection":["Not\u00edcias diaries"],"inLanguage":"pt-PT","potentialAction":[{"@type":"CommentAction","name":"Comment","target":["https:\/\/adf-magazine.com\/pt-pt\/2023\/02\/mercenarios-russos-e-rebeldes-lutam-pelas-minas-de-ouro-da-rca\/#respond"]}]},{"@type":"WebPage","@id":"https:\/\/adf-magazine.com\/pt-pt\/2023\/02\/mercenarios-russos-e-rebeldes-lutam-pelas-minas-de-ouro-da-rca\/","url":"https:\/\/adf-magazine.com\/pt-pt\/2023\/02\/mercenarios-russos-e-rebeldes-lutam-pelas-minas-de-ouro-da-rca\/","name":"Mercen\u00e1rios Russos e Rebeldes Lutam Pelas Minas de Ouro da RCA - Africa Defense Forum","isPartOf":{"@id":"https:\/\/adf-magazine.com\/#website"},"primaryImageOfPage":{"@id":"https:\/\/adf-magazine.com\/pt-pt\/2023\/02\/mercenarios-russos-e-rebeldes-lutam-pelas-minas-de-ouro-da-rca\/#primaryimage"},"image":{"@id":"https:\/\/adf-magazine.com\/pt-pt\/2023\/02\/mercenarios-russos-e-rebeldes-lutam-pelas-minas-de-ouro-da-rca\/#primaryimage"},"thumbnailUrl":"https:\/\/adf-magazine.com\/wp-content\/uploads\/2023\/02\/2014-05-09T000000Z_186353692_GM1EA5A00N901_RTRMADP_3_CENTRALAFRICAN.jpg","datePublished":"2023-02-21T21:41:33+00:00","author":{"@id":"https:\/\/adf-magazine.com\/#\/schema\/person\/f266a6061389568b5a11465bb38bc025"},"breadcrumb":{"@id":"https:\/\/adf-magazine.com\/pt-pt\/2023\/02\/mercenarios-russos-e-rebeldes-lutam-pelas-minas-de-ouro-da-rca\/#breadcrumb"},"inLanguage":"pt-PT","potentialAction":[{"@type":"ReadAction","target":["https:\/\/adf-magazine.com\/pt-pt\/2023\/02\/mercenarios-russos-e-rebeldes-lutam-pelas-minas-de-ouro-da-rca\/"]}]},{"@type":"ImageObject","inLanguage":"pt-PT","@id":"https:\/\/adf-magazine.com\/pt-pt\/2023\/02\/mercenarios-russos-e-rebeldes-lutam-pelas-minas-de-ouro-da-rca\/#primaryimage","url":"https:\/\/adf-magazine.com\/wp-content\/uploads\/2023\/02\/2014-05-09T000000Z_186353692_GM1EA5A00N901_RTRMADP_3_CENTRALAFRICAN.jpg","contentUrl":"https:\/\/adf-magazine.com\/wp-content\/uploads\/2023\/02\/2014-05-09T000000Z_186353692_GM1EA5A00N901_RTRMADP_3_CENTRALAFRICAN.jpg","width":1080,"height":720,"caption":"Rebeldes lutam contra mercen\u00e1rios russos do Grupo Wagner pelo controlo de minas de ouro, como esta, que se localiza em Djoubissi, na Rep\u00fablica Centro-Africana. REUTERS"},{"@type":"BreadcrumbList","@id":"https:\/\/adf-magazine.com\/pt-pt\/2023\/02\/mercenarios-russos-e-rebeldes-lutam-pelas-minas-de-ouro-da-rca\/#breadcrumb","itemListElement":[{"@type":"ListItem","position":1,"name":"Home","item":"https:\/\/adf-magazine.com\/"},{"@type":"ListItem","position":2,"name":"Mercen\u00e1rios Russos e Rebeldes Lutam Pelas Minas de Ouro da RCA"}]},{"@type":"WebSite","@id":"https:\/\/adf-magazine.com\/#website","url":"https:\/\/adf-magazine.com\/","name":"Africa Defense Forum","description":"Africa Defense Forum","potentialAction":[{"@type":"SearchAction","target":{"@type":"EntryPoint","urlTemplate":"https:\/\/adf-magazine.com\/?s={search_term_string}"},"query-input":{"@type":"PropertyValueSpecification","valueRequired":true,"valueName":"search_term_string"}}],"inLanguage":"pt-PT"},{"@type":"Person","@id":"https:\/\/adf-magazine.com\/#\/schema\/person\/f266a6061389568b5a11465bb38bc025","name":"ADF","image":{"@type":"ImageObject","inLanguage":"pt-PT","@id":"https:\/\/adf-magazine.com\/wp-content\/uploads\/2020\/05\/cropped-ADF_icon.jpg","url":"https:\/\/adf-magazine.com\/wp-content\/uploads\/2020\/05\/cropped-ADF_icon.jpg","contentUrl":"https:\/\/adf-magazine.com\/wp-content\/uploads\/2020\/05\/cropped-ADF_icon.jpg","caption":"ADF"},"description":"ADF is a professional military magazine published quarterly by U.S. Africa Command to provide an international forum for African security professionals. ADF covers topics such as counter terrorism strategies, security and defense operations, transnational crime, and all other issues affecting peace, stability, and good governance on the African continent.","sameAs":["https:\/\/x.com\/ADFmagazine"],"url":"https:\/\/adf-magazine.com\/pt-pt\/author\/adf\/"}]}},"_links":{"self":[{"href":"https:\/\/adf-magazine.com\/pt-pt\/wp-json\/wp\/v2\/posts\/102946","targetHints":{"allow":["GET"]}}],"collection":[{"href":"https:\/\/adf-magazine.com\/pt-pt\/wp-json\/wp\/v2\/posts"}],"about":[{"href":"https:\/\/adf-magazine.com\/pt-pt\/wp-json\/wp\/v2\/types\/post"}],"author":[{"embeddable":true,"href":"https:\/\/adf-magazine.com\/pt-pt\/wp-json\/wp\/v2\/users\/1"}],"replies":[{"embeddable":true,"href":"https:\/\/adf-magazine.com\/pt-pt\/wp-json\/wp\/v2\/comments?post=102946"}],"version-history":[{"count":0,"href":"https:\/\/adf-magazine.com\/pt-pt\/wp-json\/wp\/v2\/posts\/102946\/revisions"}],"wp:featuredmedia":[{"embeddable":true,"href":"https:\/\/adf-magazine.com\/pt-pt\/wp-json\/wp\/v2\/media\/99226"}],"wp:attachment":[{"href":"https:\/\/adf-magazine.com\/pt-pt\/wp-json\/wp\/v2\/media?parent=102946"}],"wp:term":[{"taxonomy":"category","embeddable":true,"href":"https:\/\/adf-magazine.com\/pt-pt\/wp-json\/wp\/v2\/categories?post=102946"},{"taxonomy":"post_tag","embeddable":true,"href":"https:\/\/adf-magazine.com\/pt-pt\/wp-json\/wp\/v2\/tags?post=102946"}],"curies":[{"name":"wp","href":"https:\/\/api.w.org\/{rel}","templated":true}]}}