{"id":102700,"date":"2023-02-21T16:27:18","date_gmt":"2023-02-21T21:27:18","guid":{"rendered":"https:\/\/adf-magazine.com\/?p=102700"},"modified":"2023-02-21T16:27:18","modified_gmt":"2023-02-21T21:27:18","slug":"agentes-da-spf-concluem-exercicio-de-policiamento-comunitario-em-mogadiscio","status":"publish","type":"post","link":"https:\/\/adf-magazine.com\/pt-pt\/2023\/02\/agentes-da-spf-concluem-exercicio-de-policiamento-comunitario-em-mogadiscio\/","title":{"rendered":"Agentes da SPF Concluem Exerc\u00edcio de Policiamento Comunit\u00e1rio em Mogad\u00edscio"},"content":{"rendered":"<p>ADF STAFF<\/p>\n<p>Aproximadamente 40 agentes da For\u00e7a Policial da Som\u00e1lia (SPF) conclu\u00edram uma semana de forma\u00e7\u00e3o em policiamento comunit\u00e1rio que as autoridades esperam que ir\u00e1 ajudar a virar o quadro no combate contra a insurg\u00eancia do al-Shabaab.<\/p>\n<p>Realizado pela componente da pol\u00edcia da Miss\u00e3o de Transi\u00e7\u00e3o da Uni\u00e3o Africana na Som\u00e1lia (ATMIS), a forma\u00e7\u00e3o contou com a participa\u00e7\u00e3o de 17 comandantes de esta\u00e7\u00e3o e seis representantes da Direc\u00e7\u00e3o de Policiamento Comunit\u00e1rio. A forma\u00e7\u00e3o incluiu cursos sobre resolu\u00e7\u00e3o de conflitos, padr\u00f5es profissionais, \u00e9tica, combate ao extremismo violento, envolvimento comunit\u00e1rio e quest\u00f5es ligadas ao g\u00e9nero. A forma\u00e7\u00e3o terminou no dia 7 de Fevereiro.<\/p>\n<p>\u201cA forma\u00e7\u00e3o sobre o policiamento comunit\u00e1rio \u00e9 fundamental para a melhoria da capacidade da SPF para assumir a responsabilidade de seguran\u00e7a do pa\u00eds quando as for\u00e7as da ATMIS deixarem o pa\u00eds, no fim do seu mandato,\u201d superintendente-chefe da pol\u00edcia da ATMIS, Sao Vandy, disse num comunicado de imprensa.<\/p>\n<p>A ATMIS \u00e9 composta por 22.000 tropas do Burundi, Djibouti, Eti\u00f3pia, Qu\u00e9nia e Uganda. O mandato ir\u00e1 terminar em Dezembro de 2024.<\/p>\n<p>O brigadeiro-general Yusuf Mohamed Farah, director de policiamento comunit\u00e1rio da SPF, disse que a forma\u00e7\u00e3o sobre o policiamento comunit\u00e1rio \u00e9 fundamental para consolidar a paz naquele pa\u00eds. Em 2021, aproximadamente metade de todas as mortes relacionadas com o terrorismo, a n\u00edvel mundial, foram registadas na Som\u00e1lia, Burquina Faso, Mali e N\u00edger.<\/p>\n<p>\u201cEsta forma\u00e7\u00e3o \u00e9 essencial para o melhoramento das boas rela\u00e7\u00f5es de trabalho com as comunidades que servimos,\u201d disse Farah num comunicado.<\/p>\n<p>Outros recentes esfor\u00e7os de forma\u00e7\u00e3o da SPF incluem um curso realizado pela ATMIS, com a dura\u00e7\u00e3o de uma semana, sobre gest\u00e3o de activos policiais. Dez agentes do departamento de log\u00edstica conclu\u00edram o curso, em Setembro.<\/p>\n<p>No m\u00eas seguinte, 150 agentes da pol\u00edcia da SPF conclu\u00edram uma forma\u00e7\u00e3o b\u00e1sica para recrutas, com tr\u00eas meses de dura\u00e7\u00e3o, no Estado de Jubaland. A ATMIS tamb\u00e9m realizou aquela forma\u00e7\u00e3o.<\/p>\n<p>Durante a cerim\u00f3nia de gradua\u00e7\u00e3o, o vice-presidente de Jubaland, Mohamud Sayid Adan, destacou a import\u00e2ncia do trabalho policial.<\/p>\n<p>\u201cComo pessoal policial recentemente recrutado, eu apelo que voc\u00eas permane\u00e7am firmes em prol da protec\u00e7\u00e3o da comunidade,\u201d disse Adan numa reportagem do jornal somaliano, Horn Observer. \u201cO policiamento \u00e9 uma tarefa dif\u00edcil e voc\u00eas devem ser pacientes e estar alertas perante as amea\u00e7as prevalecentes e manter a paz e a estabilidade.\u201d<\/p>\n<p>Nos seus esfor\u00e7os para refor\u00e7ar as suas for\u00e7as militares na guerra contra o al-Shabaab, o governo da Som\u00e1lia recentemente enviou recrutas militares para Egipto, Eritreia, Eti\u00f3pia e Uganda para uma forma\u00e7\u00e3o intensiva.<\/p>\n<p>\u201cQueremos concluir a forma\u00e7\u00e3o de 15.000 soldados para estarem prontos dentro do ano de 2023,\u201d Hussein Sheikh-Ali, conselheiro nacional de seguran\u00e7a do Presidente da Som\u00e1lia, Hassan Sheikh Mohamud, disse \u00e0 Voz da Am\u00e9rica (VOA).<\/p>\n<p>O governo tamb\u00e9m congelou fundos e encerrou centenas de contas banc\u00e1rias suspeitas de terem liga\u00e7\u00f5es com o al-Shabaab.<\/p>\n<p>Apesar dos esfor\u00e7os de fortalecimento da seguran\u00e7a do governo, um novo relat\u00f3rio do grupo de reflex\u00e3o Heritage Institute for Political Studies (HIPS), com sede em Mogad\u00edscio, indicou que o governo pode n\u00e3o ser capaz de cumprir a sua meta de ter 24.000 soldados prontos at\u00e9 Dezembro de 2024.<\/p>\n<p>\u201cO prazo e o facto de que o ex\u00e9rcito est\u00e1 numa guerra enquanto, ao mesmo tempo, est\u00e1 a ser reconstru\u00eddo \u2026 argumentamos que \u00e9 um prazo apertado,\u201d Afyare Elmi, antigo director-executivo do HIPS, disse \u00e0 VOA. \u201cSer\u00e1 dif\u00edcil cumprir.\u201d<\/p>\n<p>Mas Ali, o conselheiro de seguran\u00e7a nacional, continua optimista e previu que o pa\u00eds em pouco tempo ficaria livre do al-Shabaab.<\/p>\n<p>\u201cO nosso objectivo prim\u00e1rio \u00e9 que no ver\u00e3o de 2024, antes de Junho ou Julho, n\u00e3o haja qualquer pessoa do al-Shabaab a ocupar um territ\u00f3rio na Som\u00e1lia,\u201d disse Ali \u00e0 VOA. \u201cPodem escrever isso.\u201d<\/p>\n<p>Omar Mohamed Abu Ayan, um antigo oficial do al-Shabaab que abandonou o grupo, disse que os seus combatentes est\u00e3o a retirar-se de certas \u00e1reas, \u00e0 medida que as for\u00e7as do governo e as mil\u00edcias locais se aproximam, mas eles n\u00e3o v\u00e3o para longe.<\/p>\n<p>\u201cEles n\u00e3o est\u00e3o a defender as cidades, conforme faziam antes,\u201d disse Ayan \u00e0 VOA. \u201cEm vez de afastarem-se para muito longe, eles ficam a perambular ao redor das fortalezas, pr\u00f3ximo das cidades e posteriormente enviam bombistas suicidas de volta para a cidade.\u201d<\/p>\n","protected":false},"excerpt":{"rendered":"<p>ADF STAFF Aproximadamente 40 agentes da For\u00e7a Policial da Som\u00e1lia (SPF) conclu\u00edram uma semana de forma\u00e7\u00e3o em policiamento comunit\u00e1rio que as autoridades esperam que ir\u00e1 ajudar a virar o quadro no combate contra a insurg\u00eancia do al-Shabaab. Realizado pela componente da pol\u00edcia da Miss\u00e3o de Transi\u00e7\u00e3o da Uni\u00e3o Africana na Som\u00e1lia (ATMIS), a forma\u00e7\u00e3o contou<\/p>\n","protected":false},"author":1,"featured_media":99281,"comment_status":"open","ping_status":"closed","sticky":false,"template":"","format":"standard","meta":{"_acf_changed":false,"_monsterinsights_skip_tracking":false,"_monsterinsights_sitenote_active":false,"_monsterinsights_sitenote_note":"","_monsterinsights_sitenote_category":0,"_uf_show_specific_survey":0,"_uf_disable_surveys":false,"footnotes":""},"categories":[363],"tags":[761,535,534],"class_list":{"0":"post-102700","1":"post","2":"type-post","3":"status-publish","4":"format-standard","5":"has-post-thumbnail","7":"category-melhores-historias","8":"tag-policia","9":"tag-somalia-pt-pt","10":"tag-terrorismo"},"acf":[],"yoast_head":"<!-- This site is optimized with the Yoast SEO plugin v27.5 - https:\/\/yoast.com\/product\/yoast-seo-wordpress\/ -->\n<title>Agentes da SPF Concluem Exerc\u00edcio de Policiamento Comunit\u00e1rio em Mogad\u00edscio - Africa Defense Forum<\/title>\n<meta name=\"robots\" content=\"index, follow, max-snippet:-1, max-image-preview:large, max-video-preview:-1\" \/>\n<link rel=\"canonical\" href=\"https:\/\/adf-magazine.com\/pt-pt\/2023\/02\/agentes-da-spf-concluem-exercicio-de-policiamento-comunitario-em-mogadiscio\/\" \/>\n<meta property=\"og:locale\" content=\"pt_PT\" \/>\n<meta property=\"og:type\" content=\"article\" \/>\n<meta property=\"og:title\" content=\"Agentes da SPF Concluem Exerc\u00edcio de Policiamento Comunit\u00e1rio em Mogad\u00edscio - Africa Defense Forum\" \/>\n<meta property=\"og:description\" content=\"ADF STAFF Aproximadamente 40 agentes da For\u00e7a Policial da Som\u00e1lia (SPF) conclu\u00edram uma semana de forma\u00e7\u00e3o em policiamento comunit\u00e1rio que as autoridades esperam que ir\u00e1 ajudar a virar o quadro no combate contra a insurg\u00eancia do al-Shabaab. Realizado pela componente da pol\u00edcia da Miss\u00e3o de Transi\u00e7\u00e3o da Uni\u00e3o Africana na Som\u00e1lia (ATMIS), a forma\u00e7\u00e3o contou\" \/>\n<meta property=\"og:url\" content=\"https:\/\/adf-magazine.com\/pt-pt\/2023\/02\/agentes-da-spf-concluem-exercicio-de-policiamento-comunitario-em-mogadiscio\/\" \/>\n<meta property=\"og:site_name\" content=\"Africa Defense Forum\" \/>\n<meta property=\"article:publisher\" content=\"https:\/\/www.facebook.com\/ADFmagazine\/\" \/>\n<meta property=\"article:published_time\" content=\"2023-02-21T21:27:18+00:00\" \/>\n<meta property=\"og:image\" content=\"https:\/\/adf-magazine.com\/wp-content\/uploads\/2023\/02\/SPF-I.jpg\" \/>\n\t<meta property=\"og:image:width\" content=\"1080\" \/>\n\t<meta property=\"og:image:height\" content=\"720\" \/>\n\t<meta property=\"og:image:type\" content=\"image\/jpeg\" \/>\n<meta name=\"author\" content=\"ADF\" \/>\n<meta name=\"twitter:card\" content=\"summary_large_image\" \/>\n<meta name=\"twitter:creator\" content=\"@ADFmagazine\" \/>\n<meta name=\"twitter:site\" content=\"@ADFmagazine\" \/>\n<meta name=\"twitter:label1\" content=\"Escrito por\" \/>\n\t<meta name=\"twitter:data1\" content=\"ADF\" \/>\n\t<meta name=\"twitter:label2\" content=\"Tempo estimado de leitura\" \/>\n\t<meta name=\"twitter:data2\" content=\"4 minutos\" \/>\n<script type=\"application\/ld+json\" class=\"yoast-schema-graph\">{\"@context\":\"https:\\\/\\\/schema.org\",\"@graph\":[{\"@type\":\"Article\",\"@id\":\"https:\\\/\\\/adf-magazine.com\\\/pt-pt\\\/2023\\\/02\\\/agentes-da-spf-concluem-exercicio-de-policiamento-comunitario-em-mogadiscio\\\/#article\",\"isPartOf\":{\"@id\":\"https:\\\/\\\/adf-magazine.com\\\/pt-pt\\\/2023\\\/02\\\/agentes-da-spf-concluem-exercicio-de-policiamento-comunitario-em-mogadiscio\\\/\"},\"author\":{\"name\":\"ADF\",\"@id\":\"https:\\\/\\\/adf-magazine.com\\\/#\\\/schema\\\/person\\\/f266a6061389568b5a11465bb38bc025\"},\"headline\":\"Agentes da SPF Concluem Exerc\u00edcio de Policiamento Comunit\u00e1rio em Mogad\u00edscio\",\"datePublished\":\"2023-02-21T21:27:18+00:00\",\"mainEntityOfPage\":{\"@id\":\"https:\\\/\\\/adf-magazine.com\\\/pt-pt\\\/2023\\\/02\\\/agentes-da-spf-concluem-exercicio-de-policiamento-comunitario-em-mogadiscio\\\/\"},\"wordCount\":778,\"commentCount\":0,\"image\":{\"@id\":\"https:\\\/\\\/adf-magazine.com\\\/pt-pt\\\/2023\\\/02\\\/agentes-da-spf-concluem-exercicio-de-policiamento-comunitario-em-mogadiscio\\\/#primaryimage\"},\"thumbnailUrl\":\"https:\\\/\\\/adf-magazine.com\\\/wp-content\\\/uploads\\\/2023\\\/02\\\/SPF-I.jpg\",\"keywords\":[\"Pol\u00edcia\",\"Somalia\",\"Terrorismo\"],\"articleSection\":[\"Not\u00edcias diaries\"],\"inLanguage\":\"pt-PT\",\"potentialAction\":[{\"@type\":\"CommentAction\",\"name\":\"Comment\",\"target\":[\"https:\\\/\\\/adf-magazine.com\\\/pt-pt\\\/2023\\\/02\\\/agentes-da-spf-concluem-exercicio-de-policiamento-comunitario-em-mogadiscio\\\/#respond\"]}]},{\"@type\":\"WebPage\",\"@id\":\"https:\\\/\\\/adf-magazine.com\\\/pt-pt\\\/2023\\\/02\\\/agentes-da-spf-concluem-exercicio-de-policiamento-comunitario-em-mogadiscio\\\/\",\"url\":\"https:\\\/\\\/adf-magazine.com\\\/pt-pt\\\/2023\\\/02\\\/agentes-da-spf-concluem-exercicio-de-policiamento-comunitario-em-mogadiscio\\\/\",\"name\":\"Agentes da SPF Concluem Exerc\u00edcio de Policiamento Comunit\u00e1rio em Mogad\u00edscio - Africa Defense Forum\",\"isPartOf\":{\"@id\":\"https:\\\/\\\/adf-magazine.com\\\/#website\"},\"primaryImageOfPage\":{\"@id\":\"https:\\\/\\\/adf-magazine.com\\\/pt-pt\\\/2023\\\/02\\\/agentes-da-spf-concluem-exercicio-de-policiamento-comunitario-em-mogadiscio\\\/#primaryimage\"},\"image\":{\"@id\":\"https:\\\/\\\/adf-magazine.com\\\/pt-pt\\\/2023\\\/02\\\/agentes-da-spf-concluem-exercicio-de-policiamento-comunitario-em-mogadiscio\\\/#primaryimage\"},\"thumbnailUrl\":\"https:\\\/\\\/adf-magazine.com\\\/wp-content\\\/uploads\\\/2023\\\/02\\\/SPF-I.jpg\",\"datePublished\":\"2023-02-21T21:27:18+00:00\",\"author\":{\"@id\":\"https:\\\/\\\/adf-magazine.com\\\/#\\\/schema\\\/person\\\/f266a6061389568b5a11465bb38bc025\"},\"breadcrumb\":{\"@id\":\"https:\\\/\\\/adf-magazine.com\\\/pt-pt\\\/2023\\\/02\\\/agentes-da-spf-concluem-exercicio-de-policiamento-comunitario-em-mogadiscio\\\/#breadcrumb\"},\"inLanguage\":\"pt-PT\",\"potentialAction\":[{\"@type\":\"ReadAction\",\"target\":[\"https:\\\/\\\/adf-magazine.com\\\/pt-pt\\\/2023\\\/02\\\/agentes-da-spf-concluem-exercicio-de-policiamento-comunitario-em-mogadiscio\\\/\"]}]},{\"@type\":\"ImageObject\",\"inLanguage\":\"pt-PT\",\"@id\":\"https:\\\/\\\/adf-magazine.com\\\/pt-pt\\\/2023\\\/02\\\/agentes-da-spf-concluem-exercicio-de-policiamento-comunitario-em-mogadiscio\\\/#primaryimage\",\"url\":\"https:\\\/\\\/adf-magazine.com\\\/wp-content\\\/uploads\\\/2023\\\/02\\\/SPF-I.jpg\",\"contentUrl\":\"https:\\\/\\\/adf-magazine.com\\\/wp-content\\\/uploads\\\/2023\\\/02\\\/SPF-I.jpg\",\"width\":1080,\"height\":720,\"caption\":\"Membros da For\u00e7a Policial da Som\u00e1lia participam num exerc\u00edcio de policiamento comunit\u00e1rio. ATMIS\"},{\"@type\":\"BreadcrumbList\",\"@id\":\"https:\\\/\\\/adf-magazine.com\\\/pt-pt\\\/2023\\\/02\\\/agentes-da-spf-concluem-exercicio-de-policiamento-comunitario-em-mogadiscio\\\/#breadcrumb\",\"itemListElement\":[{\"@type\":\"ListItem\",\"position\":1,\"name\":\"Home\",\"item\":\"https:\\\/\\\/adf-magazine.com\\\/\"},{\"@type\":\"ListItem\",\"position\":2,\"name\":\"Agentes da SPF Concluem Exerc\u00edcio de Policiamento Comunit\u00e1rio em Mogad\u00edscio\"}]},{\"@type\":\"WebSite\",\"@id\":\"https:\\\/\\\/adf-magazine.com\\\/#website\",\"url\":\"https:\\\/\\\/adf-magazine.com\\\/\",\"name\":\"Africa Defense Forum\",\"description\":\"Africa Defense Forum\",\"potentialAction\":[{\"@type\":\"SearchAction\",\"target\":{\"@type\":\"EntryPoint\",\"urlTemplate\":\"https:\\\/\\\/adf-magazine.com\\\/?s={search_term_string}\"},\"query-input\":{\"@type\":\"PropertyValueSpecification\",\"valueRequired\":true,\"valueName\":\"search_term_string\"}}],\"inLanguage\":\"pt-PT\"},{\"@type\":\"Person\",\"@id\":\"https:\\\/\\\/adf-magazine.com\\\/#\\\/schema\\\/person\\\/f266a6061389568b5a11465bb38bc025\",\"name\":\"ADF\",\"image\":{\"@type\":\"ImageObject\",\"inLanguage\":\"pt-PT\",\"@id\":\"https:\\\/\\\/adf-magazine.com\\\/wp-content\\\/uploads\\\/2020\\\/05\\\/cropped-ADF_icon.jpg\",\"url\":\"https:\\\/\\\/adf-magazine.com\\\/wp-content\\\/uploads\\\/2020\\\/05\\\/cropped-ADF_icon.jpg\",\"contentUrl\":\"https:\\\/\\\/adf-magazine.com\\\/wp-content\\\/uploads\\\/2020\\\/05\\\/cropped-ADF_icon.jpg\",\"caption\":\"ADF\"},\"description\":\"ADF is a professional military magazine published quarterly by U.S. Africa Command to provide an international forum for African security professionals. ADF covers topics such as counter terrorism strategies, security and defense operations, transnational crime, and all other issues affecting peace, stability, and good governance on the African continent.\",\"sameAs\":[\"https:\\\/\\\/x.com\\\/ADFmagazine\"],\"url\":\"https:\\\/\\\/adf-magazine.com\\\/pt-pt\\\/author\\\/adf\\\/\"}]}<\/script>\n<!-- \/ Yoast SEO plugin. -->","yoast_head_json":{"title":"Agentes da SPF Concluem Exerc\u00edcio de Policiamento Comunit\u00e1rio em Mogad\u00edscio - Africa Defense Forum","robots":{"index":"index","follow":"follow","max-snippet":"max-snippet:-1","max-image-preview":"max-image-preview:large","max-video-preview":"max-video-preview:-1"},"canonical":"https:\/\/adf-magazine.com\/pt-pt\/2023\/02\/agentes-da-spf-concluem-exercicio-de-policiamento-comunitario-em-mogadiscio\/","og_locale":"pt_PT","og_type":"article","og_title":"Agentes da SPF Concluem Exerc\u00edcio de Policiamento Comunit\u00e1rio em Mogad\u00edscio - Africa Defense Forum","og_description":"ADF STAFF Aproximadamente 40 agentes da For\u00e7a Policial da Som\u00e1lia (SPF) conclu\u00edram uma semana de forma\u00e7\u00e3o em policiamento comunit\u00e1rio que as autoridades esperam que ir\u00e1 ajudar a virar o quadro no combate contra a insurg\u00eancia do al-Shabaab. Realizado pela componente da pol\u00edcia da Miss\u00e3o de Transi\u00e7\u00e3o da Uni\u00e3o Africana na Som\u00e1lia (ATMIS), a forma\u00e7\u00e3o contou","og_url":"https:\/\/adf-magazine.com\/pt-pt\/2023\/02\/agentes-da-spf-concluem-exercicio-de-policiamento-comunitario-em-mogadiscio\/","og_site_name":"Africa Defense Forum","article_publisher":"https:\/\/www.facebook.com\/ADFmagazine\/","article_published_time":"2023-02-21T21:27:18+00:00","og_image":[{"width":1080,"height":720,"url":"https:\/\/adf-magazine.com\/wp-content\/uploads\/2023\/02\/SPF-I.jpg","type":"image\/jpeg"}],"author":"ADF","twitter_card":"summary_large_image","twitter_creator":"@ADFmagazine","twitter_site":"@ADFmagazine","twitter_misc":{"Escrito por":"ADF","Tempo estimado de leitura":"4 minutos"},"schema":{"@context":"https:\/\/schema.org","@graph":[{"@type":"Article","@id":"https:\/\/adf-magazine.com\/pt-pt\/2023\/02\/agentes-da-spf-concluem-exercicio-de-policiamento-comunitario-em-mogadiscio\/#article","isPartOf":{"@id":"https:\/\/adf-magazine.com\/pt-pt\/2023\/02\/agentes-da-spf-concluem-exercicio-de-policiamento-comunitario-em-mogadiscio\/"},"author":{"name":"ADF","@id":"https:\/\/adf-magazine.com\/#\/schema\/person\/f266a6061389568b5a11465bb38bc025"},"headline":"Agentes da SPF Concluem Exerc\u00edcio de Policiamento Comunit\u00e1rio em Mogad\u00edscio","datePublished":"2023-02-21T21:27:18+00:00","mainEntityOfPage":{"@id":"https:\/\/adf-magazine.com\/pt-pt\/2023\/02\/agentes-da-spf-concluem-exercicio-de-policiamento-comunitario-em-mogadiscio\/"},"wordCount":778,"commentCount":0,"image":{"@id":"https:\/\/adf-magazine.com\/pt-pt\/2023\/02\/agentes-da-spf-concluem-exercicio-de-policiamento-comunitario-em-mogadiscio\/#primaryimage"},"thumbnailUrl":"https:\/\/adf-magazine.com\/wp-content\/uploads\/2023\/02\/SPF-I.jpg","keywords":["Pol\u00edcia","Somalia","Terrorismo"],"articleSection":["Not\u00edcias diaries"],"inLanguage":"pt-PT","potentialAction":[{"@type":"CommentAction","name":"Comment","target":["https:\/\/adf-magazine.com\/pt-pt\/2023\/02\/agentes-da-spf-concluem-exercicio-de-policiamento-comunitario-em-mogadiscio\/#respond"]}]},{"@type":"WebPage","@id":"https:\/\/adf-magazine.com\/pt-pt\/2023\/02\/agentes-da-spf-concluem-exercicio-de-policiamento-comunitario-em-mogadiscio\/","url":"https:\/\/adf-magazine.com\/pt-pt\/2023\/02\/agentes-da-spf-concluem-exercicio-de-policiamento-comunitario-em-mogadiscio\/","name":"Agentes da SPF Concluem Exerc\u00edcio de Policiamento Comunit\u00e1rio em Mogad\u00edscio - Africa Defense Forum","isPartOf":{"@id":"https:\/\/adf-magazine.com\/#website"},"primaryImageOfPage":{"@id":"https:\/\/adf-magazine.com\/pt-pt\/2023\/02\/agentes-da-spf-concluem-exercicio-de-policiamento-comunitario-em-mogadiscio\/#primaryimage"},"image":{"@id":"https:\/\/adf-magazine.com\/pt-pt\/2023\/02\/agentes-da-spf-concluem-exercicio-de-policiamento-comunitario-em-mogadiscio\/#primaryimage"},"thumbnailUrl":"https:\/\/adf-magazine.com\/wp-content\/uploads\/2023\/02\/SPF-I.jpg","datePublished":"2023-02-21T21:27:18+00:00","author":{"@id":"https:\/\/adf-magazine.com\/#\/schema\/person\/f266a6061389568b5a11465bb38bc025"},"breadcrumb":{"@id":"https:\/\/adf-magazine.com\/pt-pt\/2023\/02\/agentes-da-spf-concluem-exercicio-de-policiamento-comunitario-em-mogadiscio\/#breadcrumb"},"inLanguage":"pt-PT","potentialAction":[{"@type":"ReadAction","target":["https:\/\/adf-magazine.com\/pt-pt\/2023\/02\/agentes-da-spf-concluem-exercicio-de-policiamento-comunitario-em-mogadiscio\/"]}]},{"@type":"ImageObject","inLanguage":"pt-PT","@id":"https:\/\/adf-magazine.com\/pt-pt\/2023\/02\/agentes-da-spf-concluem-exercicio-de-policiamento-comunitario-em-mogadiscio\/#primaryimage","url":"https:\/\/adf-magazine.com\/wp-content\/uploads\/2023\/02\/SPF-I.jpg","contentUrl":"https:\/\/adf-magazine.com\/wp-content\/uploads\/2023\/02\/SPF-I.jpg","width":1080,"height":720,"caption":"Membros da For\u00e7a Policial da Som\u00e1lia participam num exerc\u00edcio de policiamento comunit\u00e1rio. ATMIS"},{"@type":"BreadcrumbList","@id":"https:\/\/adf-magazine.com\/pt-pt\/2023\/02\/agentes-da-spf-concluem-exercicio-de-policiamento-comunitario-em-mogadiscio\/#breadcrumb","itemListElement":[{"@type":"ListItem","position":1,"name":"Home","item":"https:\/\/adf-magazine.com\/"},{"@type":"ListItem","position":2,"name":"Agentes da SPF Concluem Exerc\u00edcio de Policiamento Comunit\u00e1rio em Mogad\u00edscio"}]},{"@type":"WebSite","@id":"https:\/\/adf-magazine.com\/#website","url":"https:\/\/adf-magazine.com\/","name":"Africa Defense Forum","description":"Africa Defense Forum","potentialAction":[{"@type":"SearchAction","target":{"@type":"EntryPoint","urlTemplate":"https:\/\/adf-magazine.com\/?s={search_term_string}"},"query-input":{"@type":"PropertyValueSpecification","valueRequired":true,"valueName":"search_term_string"}}],"inLanguage":"pt-PT"},{"@type":"Person","@id":"https:\/\/adf-magazine.com\/#\/schema\/person\/f266a6061389568b5a11465bb38bc025","name":"ADF","image":{"@type":"ImageObject","inLanguage":"pt-PT","@id":"https:\/\/adf-magazine.com\/wp-content\/uploads\/2020\/05\/cropped-ADF_icon.jpg","url":"https:\/\/adf-magazine.com\/wp-content\/uploads\/2020\/05\/cropped-ADF_icon.jpg","contentUrl":"https:\/\/adf-magazine.com\/wp-content\/uploads\/2020\/05\/cropped-ADF_icon.jpg","caption":"ADF"},"description":"ADF is a professional military magazine published quarterly by U.S. Africa Command to provide an international forum for African security professionals. ADF covers topics such as counter terrorism strategies, security and defense operations, transnational crime, and all other issues affecting peace, stability, and good governance on the African continent.","sameAs":["https:\/\/x.com\/ADFmagazine"],"url":"https:\/\/adf-magazine.com\/pt-pt\/author\/adf\/"}]}},"_links":{"self":[{"href":"https:\/\/adf-magazine.com\/pt-pt\/wp-json\/wp\/v2\/posts\/102700","targetHints":{"allow":["GET"]}}],"collection":[{"href":"https:\/\/adf-magazine.com\/pt-pt\/wp-json\/wp\/v2\/posts"}],"about":[{"href":"https:\/\/adf-magazine.com\/pt-pt\/wp-json\/wp\/v2\/types\/post"}],"author":[{"embeddable":true,"href":"https:\/\/adf-magazine.com\/pt-pt\/wp-json\/wp\/v2\/users\/1"}],"replies":[{"embeddable":true,"href":"https:\/\/adf-magazine.com\/pt-pt\/wp-json\/wp\/v2\/comments?post=102700"}],"version-history":[{"count":0,"href":"https:\/\/adf-magazine.com\/pt-pt\/wp-json\/wp\/v2\/posts\/102700\/revisions"}],"wp:featuredmedia":[{"embeddable":true,"href":"https:\/\/adf-magazine.com\/pt-pt\/wp-json\/wp\/v2\/media\/99281"}],"wp:attachment":[{"href":"https:\/\/adf-magazine.com\/pt-pt\/wp-json\/wp\/v2\/media?parent=102700"}],"wp:term":[{"taxonomy":"category","embeddable":true,"href":"https:\/\/adf-magazine.com\/pt-pt\/wp-json\/wp\/v2\/categories?post=102700"},{"taxonomy":"post_tag","embeddable":true,"href":"https:\/\/adf-magazine.com\/pt-pt\/wp-json\/wp\/v2\/tags?post=102700"}],"curies":[{"name":"wp","href":"https:\/\/api.w.org\/{rel}","templated":true}]}}