{"id":8912,"date":"2017-09-28T13:30:38","date_gmt":"2017-09-28T13:30:38","guid":{"rendered":"https:\/\/adf-magazine.com?p=8912"},"modified":"2017-11-16T19:17:23","modified_gmt":"2017-11-16T19:17:23","slug":"ou-suis-je-15","status":"publish","type":"post","link":"https:\/\/adf-magazine.com\/fr\/2017\/09\/ou-suis-je-15\/","title":{"rendered":"O\u00d9 SUIS-JE ?"},"content":{"rendered":"<p><strong>INDICES<\/strong><\/p>\n<ol>\n<li><b>\u00c0 3.415 m\u00e8tres au-dessus du niveau de la mer, c\u2019est le plus haut sommet de la r\u00e9gion du Sahara.<\/b><\/li>\n<li><b>Ce sommet poss\u00e8de trois crat\u00e8res volcaniques, dont deux se chevauchent.<\/b><\/li>\n<li><b>Le plus grand crat\u00e8re \u00e0 une largeur d\u2019environ 19 kilom\u00e8tres et une profondeur de plus de 1.200 m\u00e8tres.<\/b><\/li>\n<li><b>Il n\u2019existe aucune archive historique indiquant une \u00e9ruption de ce volcan.<br \/>\n<\/b><\/li>\n<\/ol>\n<p>R\u00c9PONSE : l\u2019Emi Koussi, dans le massif du Tibesti au Nord du Tchad<\/p>\n","protected":false},"excerpt":{"rendered":"<p>INDICES \u00c0 3.415 m\u00e8tres au-dessus du niveau de la mer, c\u2019est le plus haut sommet de la r\u00e9gion du Sahara. Ce sommet poss\u00e8de trois crat\u00e8res volcaniques, dont deux se chevauchent. Le plus grand crat\u00e8re \u00e0 une largeur d\u2019environ 19 kilom\u00e8tres et une profondeur de plus de 1.200 m\u00e8tres. Il n\u2019existe aucune archive historique indiquant une<\/p>\n","protected":false},"author":1,"featured_media":8708,"comment_status":"open","ping_status":"open","sticky":false,"template":"","format":"standard","meta":{"_acf_changed":false,"_monsterinsights_skip_tracking":false,"_monsterinsights_sitenote_active":false,"_monsterinsights_sitenote_note":"","_monsterinsights_sitenote_category":0,"_uf_show_specific_survey":0,"_uf_disable_surveys":false,"footnotes":""},"categories":[41],"tags":[],"class_list":{"0":"post-8912","1":"post","2":"type-post","3":"status-publish","4":"format-standard","5":"has-post-thumbnail","7":"category-ou-suis-je"},"acf":[],"yoast_head":"<!-- This site is optimized with the Yoast SEO plugin v27.4 - https:\/\/yoast.com\/product\/yoast-seo-wordpress\/ -->\n<title>O\u00d9 SUIS-JE ? - Africa Defense Forum<\/title>\n<meta name=\"robots\" content=\"index, follow, max-snippet:-1, max-image-preview:large, max-video-preview:-1\" \/>\n<link rel=\"canonical\" href=\"https:\/\/adf-magazine.com\/fr\/2017\/09\/ou-suis-je-15\/\" \/>\n<meta property=\"og:locale\" content=\"fr_FR\" \/>\n<meta property=\"og:type\" content=\"article\" \/>\n<meta property=\"og:title\" content=\"O\u00d9 SUIS-JE ? - Africa Defense Forum\" \/>\n<meta property=\"og:description\" content=\"INDICES \u00c0 3.415 m\u00e8tres au-dessus du niveau de la mer, c\u2019est le plus haut sommet de la r\u00e9gion du Sahara. Ce sommet poss\u00e8de trois crat\u00e8res volcaniques, dont deux se chevauchent. Le plus grand crat\u00e8re \u00e0 une largeur d\u2019environ 19 kilom\u00e8tres et une profondeur de plus de 1.200 m\u00e8tres. Il n\u2019existe aucune archive historique indiquant une\" \/>\n<meta property=\"og:url\" content=\"https:\/\/adf-magazine.com\/fr\/2017\/09\/ou-suis-je-15\/\" \/>\n<meta property=\"og:site_name\" content=\"Africa Defense Forum\" \/>\n<meta property=\"article:publisher\" content=\"https:\/\/www.facebook.com\/ADFmagazine\/\" \/>\n<meta property=\"article:published_time\" content=\"2017-09-28T13:30:38+00:00\" \/>\n<meta property=\"article:modified_time\" content=\"2017-11-16T19:17:23+00:00\" \/>\n<meta property=\"og:image\" content=\"https:\/\/adf-magazine.com\/wp-content\/uploads\/2017\/09\/516592main_iss026e017074_full.jpg\" \/>\n\t<meta property=\"og:image:width\" content=\"1080\" \/>\n\t<meta property=\"og:image:height\" content=\"714\" \/>\n\t<meta property=\"og:image:type\" content=\"image\/jpeg\" \/>\n<meta name=\"author\" content=\"ADF\" \/>\n<meta name=\"twitter:card\" content=\"summary_large_image\" \/>\n<meta name=\"twitter:creator\" content=\"@ADFmagazine\" \/>\n<meta name=\"twitter:site\" content=\"@ADFmagazine\" \/>\n<meta name=\"twitter:label1\" content=\"\u00c9crit par\" \/>\n\t<meta name=\"twitter:data1\" content=\"ADF\" \/>\n<script type=\"application\/ld+json\" class=\"yoast-schema-graph\">{\"@context\":\"https:\\\/\\\/schema.org\",\"@graph\":[{\"@type\":\"Article\",\"@id\":\"https:\\\/\\\/adf-magazine.com\\\/fr\\\/2017\\\/09\\\/ou-suis-je-15\\\/#article\",\"isPartOf\":{\"@id\":\"https:\\\/\\\/adf-magazine.com\\\/fr\\\/2017\\\/09\\\/ou-suis-je-15\\\/\"},\"author\":{\"name\":\"ADF\",\"@id\":\"https:\\\/\\\/adf-magazine.com\\\/#\\\/schema\\\/person\\\/f266a6061389568b5a11465bb38bc025\"},\"headline\":\"O\u00d9 SUIS-JE ?\",\"datePublished\":\"2017-09-28T13:30:38+00:00\",\"dateModified\":\"2017-11-16T19:17:23+00:00\",\"mainEntityOfPage\":{\"@id\":\"https:\\\/\\\/adf-magazine.com\\\/fr\\\/2017\\\/09\\\/ou-suis-je-15\\\/\"},\"wordCount\":80,\"commentCount\":0,\"image\":{\"@id\":\"https:\\\/\\\/adf-magazine.com\\\/fr\\\/2017\\\/09\\\/ou-suis-je-15\\\/#primaryimage\"},\"thumbnailUrl\":\"https:\\\/\\\/adf-magazine.com\\\/wp-content\\\/uploads\\\/2017\\\/09\\\/516592main_iss026e017074_full.jpg\",\"articleSection\":[\"O\u00f9 suis-je ?\"],\"inLanguage\":\"fr-FR\",\"potentialAction\":[{\"@type\":\"CommentAction\",\"name\":\"Comment\",\"target\":[\"https:\\\/\\\/adf-magazine.com\\\/fr\\\/2017\\\/09\\\/ou-suis-je-15\\\/#respond\"]}]},{\"@type\":\"WebPage\",\"@id\":\"https:\\\/\\\/adf-magazine.com\\\/fr\\\/2017\\\/09\\\/ou-suis-je-15\\\/\",\"url\":\"https:\\\/\\\/adf-magazine.com\\\/fr\\\/2017\\\/09\\\/ou-suis-je-15\\\/\",\"name\":\"O\u00d9 SUIS-JE ? - Africa Defense Forum\",\"isPartOf\":{\"@id\":\"https:\\\/\\\/adf-magazine.com\\\/#website\"},\"primaryImageOfPage\":{\"@id\":\"https:\\\/\\\/adf-magazine.com\\\/fr\\\/2017\\\/09\\\/ou-suis-je-15\\\/#primaryimage\"},\"image\":{\"@id\":\"https:\\\/\\\/adf-magazine.com\\\/fr\\\/2017\\\/09\\\/ou-suis-je-15\\\/#primaryimage\"},\"thumbnailUrl\":\"https:\\\/\\\/adf-magazine.com\\\/wp-content\\\/uploads\\\/2017\\\/09\\\/516592main_iss026e017074_full.jpg\",\"datePublished\":\"2017-09-28T13:30:38+00:00\",\"dateModified\":\"2017-11-16T19:17:23+00:00\",\"author\":{\"@id\":\"https:\\\/\\\/adf-magazine.com\\\/#\\\/schema\\\/person\\\/f266a6061389568b5a11465bb38bc025\"},\"breadcrumb\":{\"@id\":\"https:\\\/\\\/adf-magazine.com\\\/fr\\\/2017\\\/09\\\/ou-suis-je-15\\\/#breadcrumb\"},\"inLanguage\":\"fr-FR\",\"potentialAction\":[{\"@type\":\"ReadAction\",\"target\":[\"https:\\\/\\\/adf-magazine.com\\\/fr\\\/2017\\\/09\\\/ou-suis-je-15\\\/\"]}]},{\"@type\":\"ImageObject\",\"inLanguage\":\"fr-FR\",\"@id\":\"https:\\\/\\\/adf-magazine.com\\\/fr\\\/2017\\\/09\\\/ou-suis-je-15\\\/#primaryimage\",\"url\":\"https:\\\/\\\/adf-magazine.com\\\/wp-content\\\/uploads\\\/2017\\\/09\\\/516592main_iss026e017074_full.jpg\",\"contentUrl\":\"https:\\\/\\\/adf-magazine.com\\\/wp-content\\\/uploads\\\/2017\\\/09\\\/516592main_iss026e017074_full.jpg\",\"width\":1080,\"height\":714},{\"@type\":\"BreadcrumbList\",\"@id\":\"https:\\\/\\\/adf-magazine.com\\\/fr\\\/2017\\\/09\\\/ou-suis-je-15\\\/#breadcrumb\",\"itemListElement\":[{\"@type\":\"ListItem\",\"position\":1,\"name\":\"page d\u2019accueil\",\"item\":\"https:\\\/\\\/adf-magazine.com\\\/\"},{\"@type\":\"ListItem\",\"position\":2,\"name\":\"O\u00d9 SUIS-JE ?\"}]},{\"@type\":\"WebSite\",\"@id\":\"https:\\\/\\\/adf-magazine.com\\\/#website\",\"url\":\"https:\\\/\\\/adf-magazine.com\\\/\",\"name\":\"Africa Defense Forum\",\"description\":\"Africa Defense Forum\",\"potentialAction\":[{\"@type\":\"SearchAction\",\"target\":{\"@type\":\"EntryPoint\",\"urlTemplate\":\"https:\\\/\\\/adf-magazine.com\\\/?s={search_term_string}\"},\"query-input\":{\"@type\":\"PropertyValueSpecification\",\"valueRequired\":true,\"valueName\":\"search_term_string\"}}],\"inLanguage\":\"fr-FR\"},{\"@type\":\"Person\",\"@id\":\"https:\\\/\\\/adf-magazine.com\\\/#\\\/schema\\\/person\\\/f266a6061389568b5a11465bb38bc025\",\"name\":\"ADF\",\"image\":{\"@type\":\"ImageObject\",\"inLanguage\":\"fr-FR\",\"@id\":\"https:\\\/\\\/adf-magazine.com\\\/wp-content\\\/uploads\\\/2020\\\/05\\\/cropped-ADF_icon.jpg\",\"url\":\"https:\\\/\\\/adf-magazine.com\\\/wp-content\\\/uploads\\\/2020\\\/05\\\/cropped-ADF_icon.jpg\",\"contentUrl\":\"https:\\\/\\\/adf-magazine.com\\\/wp-content\\\/uploads\\\/2020\\\/05\\\/cropped-ADF_icon.jpg\",\"caption\":\"ADF\"},\"description\":\"ADF is a professional military magazine published quarterly by U.S. Africa Command to provide an international forum for African security professionals. ADF covers topics such as counter terrorism strategies, security and defense operations, transnational crime, and all other issues affecting peace, stability, and good governance on the African continent.\",\"sameAs\":[\"https:\\\/\\\/x.com\\\/ADFmagazine\"],\"url\":\"https:\\\/\\\/adf-magazine.com\\\/fr\\\/author\\\/adf\\\/\"}]}<\/script>\n<!-- \/ Yoast SEO plugin. -->","yoast_head_json":{"title":"O\u00d9 SUIS-JE ? - Africa Defense Forum","robots":{"index":"index","follow":"follow","max-snippet":"max-snippet:-1","max-image-preview":"max-image-preview:large","max-video-preview":"max-video-preview:-1"},"canonical":"https:\/\/adf-magazine.com\/fr\/2017\/09\/ou-suis-je-15\/","og_locale":"fr_FR","og_type":"article","og_title":"O\u00d9 SUIS-JE ? - Africa Defense Forum","og_description":"INDICES \u00c0 3.415 m\u00e8tres au-dessus du niveau de la mer, c\u2019est le plus haut sommet de la r\u00e9gion du Sahara. Ce sommet poss\u00e8de trois crat\u00e8res volcaniques, dont deux se chevauchent. Le plus grand crat\u00e8re \u00e0 une largeur d\u2019environ 19 kilom\u00e8tres et une profondeur de plus de 1.200 m\u00e8tres. Il n\u2019existe aucune archive historique indiquant une","og_url":"https:\/\/adf-magazine.com\/fr\/2017\/09\/ou-suis-je-15\/","og_site_name":"Africa Defense Forum","article_publisher":"https:\/\/www.facebook.com\/ADFmagazine\/","article_published_time":"2017-09-28T13:30:38+00:00","article_modified_time":"2017-11-16T19:17:23+00:00","og_image":[{"width":1080,"height":714,"url":"https:\/\/adf-magazine.com\/wp-content\/uploads\/2017\/09\/516592main_iss026e017074_full.jpg","type":"image\/jpeg"}],"author":"ADF","twitter_card":"summary_large_image","twitter_creator":"@ADFmagazine","twitter_site":"@ADFmagazine","twitter_misc":{"\u00c9crit par":"ADF"},"schema":{"@context":"https:\/\/schema.org","@graph":[{"@type":"Article","@id":"https:\/\/adf-magazine.com\/fr\/2017\/09\/ou-suis-je-15\/#article","isPartOf":{"@id":"https:\/\/adf-magazine.com\/fr\/2017\/09\/ou-suis-je-15\/"},"author":{"name":"ADF","@id":"https:\/\/adf-magazine.com\/#\/schema\/person\/f266a6061389568b5a11465bb38bc025"},"headline":"O\u00d9 SUIS-JE ?","datePublished":"2017-09-28T13:30:38+00:00","dateModified":"2017-11-16T19:17:23+00:00","mainEntityOfPage":{"@id":"https:\/\/adf-magazine.com\/fr\/2017\/09\/ou-suis-je-15\/"},"wordCount":80,"commentCount":0,"image":{"@id":"https:\/\/adf-magazine.com\/fr\/2017\/09\/ou-suis-je-15\/#primaryimage"},"thumbnailUrl":"https:\/\/adf-magazine.com\/wp-content\/uploads\/2017\/09\/516592main_iss026e017074_full.jpg","articleSection":["O\u00f9 suis-je ?"],"inLanguage":"fr-FR","potentialAction":[{"@type":"CommentAction","name":"Comment","target":["https:\/\/adf-magazine.com\/fr\/2017\/09\/ou-suis-je-15\/#respond"]}]},{"@type":"WebPage","@id":"https:\/\/adf-magazine.com\/fr\/2017\/09\/ou-suis-je-15\/","url":"https:\/\/adf-magazine.com\/fr\/2017\/09\/ou-suis-je-15\/","name":"O\u00d9 SUIS-JE ? - Africa Defense Forum","isPartOf":{"@id":"https:\/\/adf-magazine.com\/#website"},"primaryImageOfPage":{"@id":"https:\/\/adf-magazine.com\/fr\/2017\/09\/ou-suis-je-15\/#primaryimage"},"image":{"@id":"https:\/\/adf-magazine.com\/fr\/2017\/09\/ou-suis-je-15\/#primaryimage"},"thumbnailUrl":"https:\/\/adf-magazine.com\/wp-content\/uploads\/2017\/09\/516592main_iss026e017074_full.jpg","datePublished":"2017-09-28T13:30:38+00:00","dateModified":"2017-11-16T19:17:23+00:00","author":{"@id":"https:\/\/adf-magazine.com\/#\/schema\/person\/f266a6061389568b5a11465bb38bc025"},"breadcrumb":{"@id":"https:\/\/adf-magazine.com\/fr\/2017\/09\/ou-suis-je-15\/#breadcrumb"},"inLanguage":"fr-FR","potentialAction":[{"@type":"ReadAction","target":["https:\/\/adf-magazine.com\/fr\/2017\/09\/ou-suis-je-15\/"]}]},{"@type":"ImageObject","inLanguage":"fr-FR","@id":"https:\/\/adf-magazine.com\/fr\/2017\/09\/ou-suis-je-15\/#primaryimage","url":"https:\/\/adf-magazine.com\/wp-content\/uploads\/2017\/09\/516592main_iss026e017074_full.jpg","contentUrl":"https:\/\/adf-magazine.com\/wp-content\/uploads\/2017\/09\/516592main_iss026e017074_full.jpg","width":1080,"height":714},{"@type":"BreadcrumbList","@id":"https:\/\/adf-magazine.com\/fr\/2017\/09\/ou-suis-je-15\/#breadcrumb","itemListElement":[{"@type":"ListItem","position":1,"name":"page d\u2019accueil","item":"https:\/\/adf-magazine.com\/"},{"@type":"ListItem","position":2,"name":"O\u00d9 SUIS-JE ?"}]},{"@type":"WebSite","@id":"https:\/\/adf-magazine.com\/#website","url":"https:\/\/adf-magazine.com\/","name":"Africa Defense Forum","description":"Africa Defense Forum","potentialAction":[{"@type":"SearchAction","target":{"@type":"EntryPoint","urlTemplate":"https:\/\/adf-magazine.com\/?s={search_term_string}"},"query-input":{"@type":"PropertyValueSpecification","valueRequired":true,"valueName":"search_term_string"}}],"inLanguage":"fr-FR"},{"@type":"Person","@id":"https:\/\/adf-magazine.com\/#\/schema\/person\/f266a6061389568b5a11465bb38bc025","name":"ADF","image":{"@type":"ImageObject","inLanguage":"fr-FR","@id":"https:\/\/adf-magazine.com\/wp-content\/uploads\/2020\/05\/cropped-ADF_icon.jpg","url":"https:\/\/adf-magazine.com\/wp-content\/uploads\/2020\/05\/cropped-ADF_icon.jpg","contentUrl":"https:\/\/adf-magazine.com\/wp-content\/uploads\/2020\/05\/cropped-ADF_icon.jpg","caption":"ADF"},"description":"ADF is a professional military magazine published quarterly by U.S. Africa Command to provide an international forum for African security professionals. ADF covers topics such as counter terrorism strategies, security and defense operations, transnational crime, and all other issues affecting peace, stability, and good governance on the African continent.","sameAs":["https:\/\/x.com\/ADFmagazine"],"url":"https:\/\/adf-magazine.com\/fr\/author\/adf\/"}]}},"_links":{"self":[{"href":"https:\/\/adf-magazine.com\/fr\/wp-json\/wp\/v2\/posts\/8912","targetHints":{"allow":["GET"]}}],"collection":[{"href":"https:\/\/adf-magazine.com\/fr\/wp-json\/wp\/v2\/posts"}],"about":[{"href":"https:\/\/adf-magazine.com\/fr\/wp-json\/wp\/v2\/types\/post"}],"author":[{"embeddable":true,"href":"https:\/\/adf-magazine.com\/fr\/wp-json\/wp\/v2\/users\/1"}],"replies":[{"embeddable":true,"href":"https:\/\/adf-magazine.com\/fr\/wp-json\/wp\/v2\/comments?post=8912"}],"version-history":[{"count":0,"href":"https:\/\/adf-magazine.com\/fr\/wp-json\/wp\/v2\/posts\/8912\/revisions"}],"wp:featuredmedia":[{"embeddable":true,"href":"https:\/\/adf-magazine.com\/fr\/wp-json\/wp\/v2\/media\/8708"}],"wp:attachment":[{"href":"https:\/\/adf-magazine.com\/fr\/wp-json\/wp\/v2\/media?parent=8912"}],"wp:term":[{"taxonomy":"category","embeddable":true,"href":"https:\/\/adf-magazine.com\/fr\/wp-json\/wp\/v2\/categories?post=8912"},{"taxonomy":"post_tag","embeddable":true,"href":"https:\/\/adf-magazine.com\/fr\/wp-json\/wp\/v2\/tags?post=8912"}],"curies":[{"name":"wp","href":"https:\/\/api.w.org\/{rel}","templated":true}]}}