{"id":8536,"date":"2017-06-29T16:03:09","date_gmt":"2017-06-29T16:03:09","guid":{"rendered":"https:\/\/adf-magazine.com?p=8536"},"modified":"2017-08-11T14:39:06","modified_gmt":"2017-08-11T14:39:06","slug":"une-course-transatlantique-de-voiliers-met-a-lepreuve-les-jeunes-sud-africains","status":"publish","type":"post","link":"https:\/\/adf-magazine.com\/fr\/2017\/06\/une-course-transatlantique-de-voiliers-met-a-lepreuve-les-jeunes-sud-africains\/","title":{"rendered":"UNE COURSE TRANSATLANTIQUE DE VOILIERS MET \u00c0 L\u2019\u00c9PREUVE LES JEUNES SUD-AFRICAINS"},"content":{"rendered":"<p>AGENCE FRANCE-PRESSE<\/p>\n<p>Ces sept marins qui ont particip\u00e9 \u00e0 une course oc\u00e9anique \u00e9pique \u00e0 destination du Br\u00e9sil sont jeunes, d\u00e9termin\u00e9s et proviennent de quartiers du Cap connus pour leurs bandes plut\u00f4t que leurs yacht clubs.<\/p>\n<p>L\u2019\u00e9quipage du Gryphon, navire de 43 pieds (13 m), a particip\u00e9 \u00e0 la course Cape2Rio, aventure de 5.600 kilom\u00e8tres traversant le Sud de l\u2019oc\u00e9an Atlantique jusqu\u2019\u00e0 Rio de Janeiro.<\/p>\n<p>La course a commenc\u00e9 avec vingt-huit yachts, dont les \u00e9quipages comprenaient des marins professionnels et des amateurs enthousiastes, pour faire une travers\u00e9e intercontinentale. L\u2019\u00e9quipe du Gryphon avait \u00e9t\u00e9 rassembl\u00e9e par le Hout Bay Youth Sailing Development Trust, situ\u00e9 tout pr\u00e8s du Cap, dans le cadre de ses efforts avec les jeunes d\u00e9favoris\u00e9s.<\/p>\n<p>\u00ab L\u2019objet de la formation marine est de faire sortir des rues quelques jeunes \u00bb, d\u00e9clare Theo Yon, le capitaine du Gryphon. \u00ab Nous avons des jeunes provenant des communaut\u00e9s d\u00e9favoris\u00e9es, et nous avons aussi des jeunes qui ont de l\u2019argent, donc c\u2019est un m\u00e9lange. \u00bb<\/p>\n<p>M. Yon, 27 ans, qui est originaire de Hangberg, quartier difficile \u00e0 c\u00f4t\u00e9 de Hout Bay, a avanc\u00e9 par lui-m\u00eame dans le syst\u00e8me de formation et aide maintenant d\u2019autres jeunes.<\/p>\n<p>Pendant des mois, l\u2019\u00e9quipage s\u2019est entra\u00een\u00e9 au large de la c\u00f4te du Cap pour la course, laquelle est traditionnellement caract\u00e9ris\u00e9e par environ 20 jours de travail acharn\u00e9, peu de sommeil et un danger constant.<\/p>\n<p>Cole Davids, 16 ans, qui ne fait pas partie de l\u2019\u00e9quipage de la course, d\u00e9clare que le Hout Bay Sailing Trust offre un mode de vie diff\u00e9rent de celui des zones les plus violentes et les plus pauvres du Cap.<\/p>\n<p>\u00ab Il me permet d\u2019\u00e9viter les choses terribles qui se produisent dans les rues : la drogue, les meurtres, les coups de couteau \u00bb, d\u00e9clare-t-il.<\/p>\n<p>Le Gryphon est arriv\u00e9 10\u00e8me sur les 20 voiliers qui ont termin\u00e9 la course en janvier 2017.<\/p>\n","protected":false},"excerpt":{"rendered":"<p>AGENCE FRANCE-PRESSE Ces sept marins qui ont particip\u00e9 \u00e0 une course oc\u00e9anique \u00e9pique \u00e0 destination du Br\u00e9sil sont jeunes, d\u00e9termin\u00e9s et proviennent de quartiers du Cap connus pour leurs bandes plut\u00f4t que leurs yacht clubs. L\u2019\u00e9quipage du Gryphon, navire de 43 pieds (13 m), a particip\u00e9 \u00e0 la course Cape2Rio, aventure de 5.600 kilom\u00e8tres traversant<\/p>\n","protected":false},"author":1,"featured_media":8254,"comment_status":"open","ping_status":"open","sticky":false,"template":"","format":"standard","meta":{"_acf_changed":false,"_monsterinsights_skip_tracking":false,"_monsterinsights_sitenote_active":false,"_monsterinsights_sitenote_note":"","_monsterinsights_sitenote_category":0,"_uf_show_specific_survey":0,"_uf_disable_surveys":false,"footnotes":""},"categories":[58,40],"tags":[],"class_list":{"0":"post-8536","1":"post","2":"type-post","3":"status-publish","4":"format-standard","5":"has-post-thumbnail","7":"category-culture-et-sports","8":"category-rubriques"},"acf":[],"yoast_head":"<!-- This site is optimized with the Yoast SEO plugin v27.4 - https:\/\/yoast.com\/product\/yoast-seo-wordpress\/ -->\n<title>UNE COURSE TRANSATLANTIQUE DE VOILIERS MET \u00c0 L\u2019\u00c9PREUVE LES JEUNES SUD-AFRICAINS - Africa Defense Forum<\/title>\n<meta name=\"robots\" content=\"index, follow, max-snippet:-1, max-image-preview:large, max-video-preview:-1\" \/>\n<link rel=\"canonical\" href=\"https:\/\/adf-magazine.com\/fr\/2017\/06\/une-course-transatlantique-de-voiliers-met-a-lepreuve-les-jeunes-sud-africains\/\" \/>\n<meta property=\"og:locale\" content=\"fr_FR\" \/>\n<meta property=\"og:type\" content=\"article\" \/>\n<meta property=\"og:title\" content=\"UNE COURSE TRANSATLANTIQUE DE VOILIERS MET \u00c0 L\u2019\u00c9PREUVE LES JEUNES SUD-AFRICAINS - Africa Defense Forum\" \/>\n<meta property=\"og:description\" content=\"AGENCE FRANCE-PRESSE Ces sept marins qui ont particip\u00e9 \u00e0 une course oc\u00e9anique \u00e9pique \u00e0 destination du Br\u00e9sil sont jeunes, d\u00e9termin\u00e9s et proviennent de quartiers du Cap connus pour leurs bandes plut\u00f4t que leurs yacht clubs. L\u2019\u00e9quipage du Gryphon, navire de 43 pieds (13 m), a particip\u00e9 \u00e0 la course Cape2Rio, aventure de 5.600 kilom\u00e8tres traversant\" \/>\n<meta property=\"og:url\" content=\"https:\/\/adf-magazine.com\/fr\/2017\/06\/une-course-transatlantique-de-voiliers-met-a-lepreuve-les-jeunes-sud-africains\/\" \/>\n<meta property=\"og:site_name\" content=\"Africa Defense Forum\" \/>\n<meta property=\"article:publisher\" content=\"https:\/\/www.facebook.com\/ADFmagazine\/\" \/>\n<meta property=\"article:published_time\" content=\"2017-06-29T16:03:09+00:00\" \/>\n<meta property=\"article:modified_time\" content=\"2017-08-11T14:39:06+00:00\" \/>\n<meta property=\"og:image\" content=\"https:\/\/adf-magazine.com\/wp-content\/uploads\/2017\/06\/Culture_sail.jpg\" \/>\n\t<meta property=\"og:image:width\" content=\"1080\" \/>\n\t<meta property=\"og:image:height\" content=\"719\" \/>\n\t<meta property=\"og:image:type\" content=\"image\/jpeg\" \/>\n<meta name=\"author\" content=\"ADF\" \/>\n<meta name=\"twitter:card\" content=\"summary_large_image\" \/>\n<meta name=\"twitter:creator\" content=\"@ADFmagazine\" \/>\n<meta name=\"twitter:site\" content=\"@ADFmagazine\" \/>\n<meta name=\"twitter:label1\" content=\"\u00c9crit par\" \/>\n\t<meta name=\"twitter:data1\" content=\"ADF\" \/>\n\t<meta name=\"twitter:label2\" content=\"Dur\u00e9e de lecture estim\u00e9e\" \/>\n\t<meta name=\"twitter:data2\" content=\"2 minutes\" \/>\n<script type=\"application\/ld+json\" class=\"yoast-schema-graph\">{\"@context\":\"https:\\\/\\\/schema.org\",\"@graph\":[{\"@type\":\"Article\",\"@id\":\"https:\\\/\\\/adf-magazine.com\\\/fr\\\/2017\\\/06\\\/une-course-transatlantique-de-voiliers-met-a-lepreuve-les-jeunes-sud-africains\\\/#article\",\"isPartOf\":{\"@id\":\"https:\\\/\\\/adf-magazine.com\\\/fr\\\/2017\\\/06\\\/une-course-transatlantique-de-voiliers-met-a-lepreuve-les-jeunes-sud-africains\\\/\"},\"author\":{\"name\":\"ADF\",\"@id\":\"https:\\\/\\\/adf-magazine.com\\\/#\\\/schema\\\/person\\\/f266a6061389568b5a11465bb38bc025\"},\"headline\":\"UNE COURSE TRANSATLANTIQUE DE VOILIERS MET \u00c0 L\u2019\u00c9PREUVE LES JEUNES SUD-AFRICAINS\",\"datePublished\":\"2017-06-29T16:03:09+00:00\",\"dateModified\":\"2017-08-11T14:39:06+00:00\",\"mainEntityOfPage\":{\"@id\":\"https:\\\/\\\/adf-magazine.com\\\/fr\\\/2017\\\/06\\\/une-course-transatlantique-de-voiliers-met-a-lepreuve-les-jeunes-sud-africains\\\/\"},\"wordCount\":339,\"commentCount\":0,\"image\":{\"@id\":\"https:\\\/\\\/adf-magazine.com\\\/fr\\\/2017\\\/06\\\/une-course-transatlantique-de-voiliers-met-a-lepreuve-les-jeunes-sud-africains\\\/#primaryimage\"},\"thumbnailUrl\":\"https:\\\/\\\/adf-magazine.com\\\/wp-content\\\/uploads\\\/2017\\\/06\\\/Culture_sail.jpg\",\"articleSection\":[\"Culture et sports\",\"rubriques\"],\"inLanguage\":\"fr-FR\",\"potentialAction\":[{\"@type\":\"CommentAction\",\"name\":\"Comment\",\"target\":[\"https:\\\/\\\/adf-magazine.com\\\/fr\\\/2017\\\/06\\\/une-course-transatlantique-de-voiliers-met-a-lepreuve-les-jeunes-sud-africains\\\/#respond\"]}]},{\"@type\":\"WebPage\",\"@id\":\"https:\\\/\\\/adf-magazine.com\\\/fr\\\/2017\\\/06\\\/une-course-transatlantique-de-voiliers-met-a-lepreuve-les-jeunes-sud-africains\\\/\",\"url\":\"https:\\\/\\\/adf-magazine.com\\\/fr\\\/2017\\\/06\\\/une-course-transatlantique-de-voiliers-met-a-lepreuve-les-jeunes-sud-africains\\\/\",\"name\":\"UNE COURSE TRANSATLANTIQUE DE VOILIERS MET \u00c0 L\u2019\u00c9PREUVE LES JEUNES SUD-AFRICAINS - Africa Defense Forum\",\"isPartOf\":{\"@id\":\"https:\\\/\\\/adf-magazine.com\\\/#website\"},\"primaryImageOfPage\":{\"@id\":\"https:\\\/\\\/adf-magazine.com\\\/fr\\\/2017\\\/06\\\/une-course-transatlantique-de-voiliers-met-a-lepreuve-les-jeunes-sud-africains\\\/#primaryimage\"},\"image\":{\"@id\":\"https:\\\/\\\/adf-magazine.com\\\/fr\\\/2017\\\/06\\\/une-course-transatlantique-de-voiliers-met-a-lepreuve-les-jeunes-sud-africains\\\/#primaryimage\"},\"thumbnailUrl\":\"https:\\\/\\\/adf-magazine.com\\\/wp-content\\\/uploads\\\/2017\\\/06\\\/Culture_sail.jpg\",\"datePublished\":\"2017-06-29T16:03:09+00:00\",\"dateModified\":\"2017-08-11T14:39:06+00:00\",\"author\":{\"@id\":\"https:\\\/\\\/adf-magazine.com\\\/#\\\/schema\\\/person\\\/f266a6061389568b5a11465bb38bc025\"},\"breadcrumb\":{\"@id\":\"https:\\\/\\\/adf-magazine.com\\\/fr\\\/2017\\\/06\\\/une-course-transatlantique-de-voiliers-met-a-lepreuve-les-jeunes-sud-africains\\\/#breadcrumb\"},\"inLanguage\":\"fr-FR\",\"potentialAction\":[{\"@type\":\"ReadAction\",\"target\":[\"https:\\\/\\\/adf-magazine.com\\\/fr\\\/2017\\\/06\\\/une-course-transatlantique-de-voiliers-met-a-lepreuve-les-jeunes-sud-africains\\\/\"]}]},{\"@type\":\"ImageObject\",\"inLanguage\":\"fr-FR\",\"@id\":\"https:\\\/\\\/adf-magazine.com\\\/fr\\\/2017\\\/06\\\/une-course-transatlantique-de-voiliers-met-a-lepreuve-les-jeunes-sud-africains\\\/#primaryimage\",\"url\":\"https:\\\/\\\/adf-magazine.com\\\/wp-content\\\/uploads\\\/2017\\\/06\\\/Culture_sail.jpg\",\"contentUrl\":\"https:\\\/\\\/adf-magazine.com\\\/wp-content\\\/uploads\\\/2017\\\/06\\\/Culture_sail.jpg\",\"width\":1080,\"height\":719},{\"@type\":\"BreadcrumbList\",\"@id\":\"https:\\\/\\\/adf-magazine.com\\\/fr\\\/2017\\\/06\\\/une-course-transatlantique-de-voiliers-met-a-lepreuve-les-jeunes-sud-africains\\\/#breadcrumb\",\"itemListElement\":[{\"@type\":\"ListItem\",\"position\":1,\"name\":\"page d\u2019accueil\",\"item\":\"https:\\\/\\\/adf-magazine.com\\\/\"},{\"@type\":\"ListItem\",\"position\":2,\"name\":\"UNE COURSE TRANSATLANTIQUE DE VOILIERS MET \u00c0 L\u2019\u00c9PREUVE LES JEUNES SUD-AFRICAINS\"}]},{\"@type\":\"WebSite\",\"@id\":\"https:\\\/\\\/adf-magazine.com\\\/#website\",\"url\":\"https:\\\/\\\/adf-magazine.com\\\/\",\"name\":\"Africa Defense Forum\",\"description\":\"Africa Defense Forum\",\"potentialAction\":[{\"@type\":\"SearchAction\",\"target\":{\"@type\":\"EntryPoint\",\"urlTemplate\":\"https:\\\/\\\/adf-magazine.com\\\/?s={search_term_string}\"},\"query-input\":{\"@type\":\"PropertyValueSpecification\",\"valueRequired\":true,\"valueName\":\"search_term_string\"}}],\"inLanguage\":\"fr-FR\"},{\"@type\":\"Person\",\"@id\":\"https:\\\/\\\/adf-magazine.com\\\/#\\\/schema\\\/person\\\/f266a6061389568b5a11465bb38bc025\",\"name\":\"ADF\",\"image\":{\"@type\":\"ImageObject\",\"inLanguage\":\"fr-FR\",\"@id\":\"https:\\\/\\\/adf-magazine.com\\\/wp-content\\\/uploads\\\/2020\\\/05\\\/cropped-ADF_icon.jpg\",\"url\":\"https:\\\/\\\/adf-magazine.com\\\/wp-content\\\/uploads\\\/2020\\\/05\\\/cropped-ADF_icon.jpg\",\"contentUrl\":\"https:\\\/\\\/adf-magazine.com\\\/wp-content\\\/uploads\\\/2020\\\/05\\\/cropped-ADF_icon.jpg\",\"caption\":\"ADF\"},\"description\":\"ADF is a professional military magazine published quarterly by U.S. Africa Command to provide an international forum for African security professionals. ADF covers topics such as counter terrorism strategies, security and defense operations, transnational crime, and all other issues affecting peace, stability, and good governance on the African continent.\",\"sameAs\":[\"https:\\\/\\\/x.com\\\/ADFmagazine\"],\"url\":\"https:\\\/\\\/adf-magazine.com\\\/fr\\\/author\\\/adf\\\/\"}]}<\/script>\n<!-- \/ Yoast SEO plugin. -->","yoast_head_json":{"title":"UNE COURSE TRANSATLANTIQUE DE VOILIERS MET \u00c0 L\u2019\u00c9PREUVE LES JEUNES SUD-AFRICAINS - Africa Defense Forum","robots":{"index":"index","follow":"follow","max-snippet":"max-snippet:-1","max-image-preview":"max-image-preview:large","max-video-preview":"max-video-preview:-1"},"canonical":"https:\/\/adf-magazine.com\/fr\/2017\/06\/une-course-transatlantique-de-voiliers-met-a-lepreuve-les-jeunes-sud-africains\/","og_locale":"fr_FR","og_type":"article","og_title":"UNE COURSE TRANSATLANTIQUE DE VOILIERS MET \u00c0 L\u2019\u00c9PREUVE LES JEUNES SUD-AFRICAINS - Africa Defense Forum","og_description":"AGENCE FRANCE-PRESSE Ces sept marins qui ont particip\u00e9 \u00e0 une course oc\u00e9anique \u00e9pique \u00e0 destination du Br\u00e9sil sont jeunes, d\u00e9termin\u00e9s et proviennent de quartiers du Cap connus pour leurs bandes plut\u00f4t que leurs yacht clubs. L\u2019\u00e9quipage du Gryphon, navire de 43 pieds (13 m), a particip\u00e9 \u00e0 la course Cape2Rio, aventure de 5.600 kilom\u00e8tres traversant","og_url":"https:\/\/adf-magazine.com\/fr\/2017\/06\/une-course-transatlantique-de-voiliers-met-a-lepreuve-les-jeunes-sud-africains\/","og_site_name":"Africa Defense Forum","article_publisher":"https:\/\/www.facebook.com\/ADFmagazine\/","article_published_time":"2017-06-29T16:03:09+00:00","article_modified_time":"2017-08-11T14:39:06+00:00","og_image":[{"width":1080,"height":719,"url":"https:\/\/adf-magazine.com\/wp-content\/uploads\/2017\/06\/Culture_sail.jpg","type":"image\/jpeg"}],"author":"ADF","twitter_card":"summary_large_image","twitter_creator":"@ADFmagazine","twitter_site":"@ADFmagazine","twitter_misc":{"\u00c9crit par":"ADF","Dur\u00e9e de lecture estim\u00e9e":"2 minutes"},"schema":{"@context":"https:\/\/schema.org","@graph":[{"@type":"Article","@id":"https:\/\/adf-magazine.com\/fr\/2017\/06\/une-course-transatlantique-de-voiliers-met-a-lepreuve-les-jeunes-sud-africains\/#article","isPartOf":{"@id":"https:\/\/adf-magazine.com\/fr\/2017\/06\/une-course-transatlantique-de-voiliers-met-a-lepreuve-les-jeunes-sud-africains\/"},"author":{"name":"ADF","@id":"https:\/\/adf-magazine.com\/#\/schema\/person\/f266a6061389568b5a11465bb38bc025"},"headline":"UNE COURSE TRANSATLANTIQUE DE VOILIERS MET \u00c0 L\u2019\u00c9PREUVE LES JEUNES SUD-AFRICAINS","datePublished":"2017-06-29T16:03:09+00:00","dateModified":"2017-08-11T14:39:06+00:00","mainEntityOfPage":{"@id":"https:\/\/adf-magazine.com\/fr\/2017\/06\/une-course-transatlantique-de-voiliers-met-a-lepreuve-les-jeunes-sud-africains\/"},"wordCount":339,"commentCount":0,"image":{"@id":"https:\/\/adf-magazine.com\/fr\/2017\/06\/une-course-transatlantique-de-voiliers-met-a-lepreuve-les-jeunes-sud-africains\/#primaryimage"},"thumbnailUrl":"https:\/\/adf-magazine.com\/wp-content\/uploads\/2017\/06\/Culture_sail.jpg","articleSection":["Culture et sports","rubriques"],"inLanguage":"fr-FR","potentialAction":[{"@type":"CommentAction","name":"Comment","target":["https:\/\/adf-magazine.com\/fr\/2017\/06\/une-course-transatlantique-de-voiliers-met-a-lepreuve-les-jeunes-sud-africains\/#respond"]}]},{"@type":"WebPage","@id":"https:\/\/adf-magazine.com\/fr\/2017\/06\/une-course-transatlantique-de-voiliers-met-a-lepreuve-les-jeunes-sud-africains\/","url":"https:\/\/adf-magazine.com\/fr\/2017\/06\/une-course-transatlantique-de-voiliers-met-a-lepreuve-les-jeunes-sud-africains\/","name":"UNE COURSE TRANSATLANTIQUE DE VOILIERS MET \u00c0 L\u2019\u00c9PREUVE LES JEUNES SUD-AFRICAINS - Africa Defense Forum","isPartOf":{"@id":"https:\/\/adf-magazine.com\/#website"},"primaryImageOfPage":{"@id":"https:\/\/adf-magazine.com\/fr\/2017\/06\/une-course-transatlantique-de-voiliers-met-a-lepreuve-les-jeunes-sud-africains\/#primaryimage"},"image":{"@id":"https:\/\/adf-magazine.com\/fr\/2017\/06\/une-course-transatlantique-de-voiliers-met-a-lepreuve-les-jeunes-sud-africains\/#primaryimage"},"thumbnailUrl":"https:\/\/adf-magazine.com\/wp-content\/uploads\/2017\/06\/Culture_sail.jpg","datePublished":"2017-06-29T16:03:09+00:00","dateModified":"2017-08-11T14:39:06+00:00","author":{"@id":"https:\/\/adf-magazine.com\/#\/schema\/person\/f266a6061389568b5a11465bb38bc025"},"breadcrumb":{"@id":"https:\/\/adf-magazine.com\/fr\/2017\/06\/une-course-transatlantique-de-voiliers-met-a-lepreuve-les-jeunes-sud-africains\/#breadcrumb"},"inLanguage":"fr-FR","potentialAction":[{"@type":"ReadAction","target":["https:\/\/adf-magazine.com\/fr\/2017\/06\/une-course-transatlantique-de-voiliers-met-a-lepreuve-les-jeunes-sud-africains\/"]}]},{"@type":"ImageObject","inLanguage":"fr-FR","@id":"https:\/\/adf-magazine.com\/fr\/2017\/06\/une-course-transatlantique-de-voiliers-met-a-lepreuve-les-jeunes-sud-africains\/#primaryimage","url":"https:\/\/adf-magazine.com\/wp-content\/uploads\/2017\/06\/Culture_sail.jpg","contentUrl":"https:\/\/adf-magazine.com\/wp-content\/uploads\/2017\/06\/Culture_sail.jpg","width":1080,"height":719},{"@type":"BreadcrumbList","@id":"https:\/\/adf-magazine.com\/fr\/2017\/06\/une-course-transatlantique-de-voiliers-met-a-lepreuve-les-jeunes-sud-africains\/#breadcrumb","itemListElement":[{"@type":"ListItem","position":1,"name":"page d\u2019accueil","item":"https:\/\/adf-magazine.com\/"},{"@type":"ListItem","position":2,"name":"UNE COURSE TRANSATLANTIQUE DE VOILIERS MET \u00c0 L\u2019\u00c9PREUVE LES JEUNES SUD-AFRICAINS"}]},{"@type":"WebSite","@id":"https:\/\/adf-magazine.com\/#website","url":"https:\/\/adf-magazine.com\/","name":"Africa Defense Forum","description":"Africa Defense Forum","potentialAction":[{"@type":"SearchAction","target":{"@type":"EntryPoint","urlTemplate":"https:\/\/adf-magazine.com\/?s={search_term_string}"},"query-input":{"@type":"PropertyValueSpecification","valueRequired":true,"valueName":"search_term_string"}}],"inLanguage":"fr-FR"},{"@type":"Person","@id":"https:\/\/adf-magazine.com\/#\/schema\/person\/f266a6061389568b5a11465bb38bc025","name":"ADF","image":{"@type":"ImageObject","inLanguage":"fr-FR","@id":"https:\/\/adf-magazine.com\/wp-content\/uploads\/2020\/05\/cropped-ADF_icon.jpg","url":"https:\/\/adf-magazine.com\/wp-content\/uploads\/2020\/05\/cropped-ADF_icon.jpg","contentUrl":"https:\/\/adf-magazine.com\/wp-content\/uploads\/2020\/05\/cropped-ADF_icon.jpg","caption":"ADF"},"description":"ADF is a professional military magazine published quarterly by U.S. Africa Command to provide an international forum for African security professionals. ADF covers topics such as counter terrorism strategies, security and defense operations, transnational crime, and all other issues affecting peace, stability, and good governance on the African continent.","sameAs":["https:\/\/x.com\/ADFmagazine"],"url":"https:\/\/adf-magazine.com\/fr\/author\/adf\/"}]}},"_links":{"self":[{"href":"https:\/\/adf-magazine.com\/fr\/wp-json\/wp\/v2\/posts\/8536","targetHints":{"allow":["GET"]}}],"collection":[{"href":"https:\/\/adf-magazine.com\/fr\/wp-json\/wp\/v2\/posts"}],"about":[{"href":"https:\/\/adf-magazine.com\/fr\/wp-json\/wp\/v2\/types\/post"}],"author":[{"embeddable":true,"href":"https:\/\/adf-magazine.com\/fr\/wp-json\/wp\/v2\/users\/1"}],"replies":[{"embeddable":true,"href":"https:\/\/adf-magazine.com\/fr\/wp-json\/wp\/v2\/comments?post=8536"}],"version-history":[{"count":0,"href":"https:\/\/adf-magazine.com\/fr\/wp-json\/wp\/v2\/posts\/8536\/revisions"}],"wp:featuredmedia":[{"embeddable":true,"href":"https:\/\/adf-magazine.com\/fr\/wp-json\/wp\/v2\/media\/8254"}],"wp:attachment":[{"href":"https:\/\/adf-magazine.com\/fr\/wp-json\/wp\/v2\/media?parent=8536"}],"wp:term":[{"taxonomy":"category","embeddable":true,"href":"https:\/\/adf-magazine.com\/fr\/wp-json\/wp\/v2\/categories?post=8536"},{"taxonomy":"post_tag","embeddable":true,"href":"https:\/\/adf-magazine.com\/fr\/wp-json\/wp\/v2\/tags?post=8536"}],"curies":[{"name":"wp","href":"https:\/\/api.w.org\/{rel}","templated":true}]}}