{"id":77856,"date":"2023-01-24T14:55:05","date_gmt":"2023-01-24T19:55:05","guid":{"rendered":"https:\/\/adf-magazine.com\/?p=77856"},"modified":"2023-01-24T14:55:51","modified_gmt":"2023-01-24T19:55:51","slug":"la-paix-est-elle-possible-au-tigre","status":"publish","type":"post","link":"https:\/\/adf-magazine.com\/fr\/2023\/01\/la-paix-est-elle-possible-au-tigre\/","title":{"rendered":"La paix est-elle possible au Tigr\u00e9 ?"},"content":{"rendered":"<p style=\"font-weight: 400;\">PERSONNEL D\u2019ADF<\/p>\n<p style=\"font-weight: 400;\">Apr\u00e8s deux ann\u00e9es de guerre dans le Nord de l\u2019\u00c9thiopie, les familles du Tigr\u00e9 se sont r\u00e9unies en janvier et ont pleur\u00e9 de joie et de douleur.<\/p>\n<p style=\"font-weight: 400;\">Un homme de 42 ans vivant \u00e0 Addis-Abeba a d\u00e9clar\u00e9 \u00e0 l\u2019Agence France-Presse\u00a0: \u00ab\u00a0Ma m\u00e8re a pleur\u00e9 lorsqu\u2019elle a entendu ma voix apr\u00e8s tous ces mois. J\u2019ai pleur\u00e9 moi aussi.\u00a0\u00bb<\/p>\n<p style=\"font-weight: 400;\">Les vols \u00e0 destination de Mekele, la capitale de la r\u00e9gion, ont repris \u00e0 la fin d\u00e9cembre. Les banques ont rouvert leurs portes. Le r\u00e9seau \u00e9lectrique a \u00e9t\u00e9 reconnect\u00e9. Les connexions du t\u00e9l\u00e9phone et de l\u2019Internet ont \u00e9t\u00e9 r\u00e9tablies.<\/p>\n<p style=\"font-weight: 400;\">Les premiers r\u00e9sultats d\u2019un accord de paix fragile entre le gouvernement f\u00e9d\u00e9ral \u00e9thiopien et le Front de lib\u00e9ration du peuple du Tigr\u00e9 (FLPT), sign\u00e9 \u00e0 Pretoria (Afrique du Sud) le 2 novembre 2022, offrent l\u2019espoir et l\u2019encouragement.<\/p>\n<p style=\"font-weight: 400;\">Mais parmi les signes du retour \u00e0 la normale, il y a des obstacles sur le chemin d\u2019une paix durable. Les experts souhaitent que les parties adoptent une perspective \u00e0 long terme.<\/p>\n<p style=\"font-weight: 400;\">Le chercheur en gouvernance et d\u00e9veloppement Addisu Lashitew a d\u00e9clar\u00e9 au magazine Foreign Policy\u00a0: \u00ab\u00a0Alors que le FLPT et le gouvernement \u00e9thiopien commencent \u00e0 mettre en \u0153uvre les termes de leur accord, ils devraient le faire avec l\u2019objectif ultime d\u2019\u00e9viter une catastrophe similaire \u00e0 l\u2019avenir.\u00a0\u00bb<\/p>\n<p style=\"font-weight: 400;\">\u00ab\u00a0Le temps est venu de b\u00e2tir des institutions durables qui peuvent assurer que la guerre ne sera plus employ\u00e9e comme moyen de r\u00e9soudre les conflits politiques en \u00c9thiopie.\u00a0\u00bb<\/p>\n<p style=\"font-weight: 400;\">L\u2019assistance humanitaire d\u00e9sesp\u00e9r\u00e9ment n\u00e9cessit\u00e9e atteint maintenant la r\u00e9gion pr\u00e9c\u00e9demment interdite. Malgr\u00e9 d\u2019importants progr\u00e8s, un officiel a d\u00e9clar\u00e9 le 12 janvier que seulement 1,5\u00a0million de personnes ont \u00e9t\u00e9 aid\u00e9es, sur les 5,2\u00a0millions de gens estim\u00e9s n\u00e9cessiter une assistance.<\/p>\n<p style=\"font-weight: 400;\">En outre, \u00e0 la mi-janvier, le FLPT a commenc\u00e9 \u00e0 se d\u00e9munir de ses armes lourdes. Le d\u00e9sarmement conduira \u00e0 son retrait de la liste des groupes terroristes par le gouvernement f\u00e9d\u00e9ral, puisque le FLPT cherche \u00e0 devenir un groupe politique.<\/p>\n<p style=\"font-weight: 400;\">Mais le FLPT ne gouvernera pas imm\u00e9diatement le Tigr\u00e9 car il d\u00e9signera en compagnie du gouvernement f\u00e9d\u00e9ral une administration int\u00e9rimaire jusqu\u2019\u00e0 la tenue des \u00e9lections.<\/p>\n<p style=\"font-weight: 400;\">\u00ab\u00a0Dans l\u2019ensemble, le FLPT a bien jou\u00e9 les quelques cartes qu\u2019il avait, d\u00e9clare M.\u00a0Lashitew. L\u2019accord fait revenir la situation en arri\u00e8re et place le FLPT dans la position qu\u2019il aurait eue s\u2019il avait c\u00e9d\u00e9 le pouvoir pacifiquement\u2026 avant le d\u00e9but de la guerre en novembre 2020.\u00a0\u00bb<\/p>\n<p style=\"font-weight: 400;\">Le plus grand obstacle \u00e0 la paix au Tigr\u00e9 est probablement la pr\u00e9sence continue des milices et des soldats du pays voisin de l\u2019\u00c9rythr\u00e9e.<\/p>\n<p style=\"font-weight: 400;\">Les combattants amhariques align\u00e9s avec les milices ethniques ont commenc\u00e9 \u00e0 se retirer du Tigr\u00e9 le 13 janvier mais il n\u2019y a pas de signe que les soldats \u00e9rythr\u00e9ens feront de m\u00eame.<\/p>\n<p style=\"font-weight: 400;\">On anticipe que la r\u00e9gion historiquement disput\u00e9e de l\u2019Ouest du Tigr\u00e9 que les forces amhariques continuent \u00e0 occuper pr\u00e9sentera toujours un danger de d\u00e9stabilisation.<\/p>\n<p style=\"font-weight: 400;\">L\u2019instabilit\u00e9 \u00e9conomique est une autre pr\u00e9occupation pour le maintien de la paix en \u00c9thiopie.<\/p>\n<p style=\"font-weight: 400;\">L\u2019Union africaine estime que jusqu\u2019\u00e0 600.000 \u00c9thiopiens ont perdu la vie dans le conflit. De vastes r\u00e9gions du Tigr\u00e9 doivent \u00eatre reconstruites. Certains estiment que cette reconstruction co\u00fbtera jusqu\u2019\u00e0 20\u00a0milliards de dollars au cours des trois prochaines ann\u00e9es.<\/p>\n<p style=\"font-weight: 400;\">Les experts Stefan Dercon et Christian Meyer de l\u2019universit\u00e9 d\u2019Oxford ont des doutes sur l\u2019emploi \u00e9quitable de ces fonds dans toutes les zones affect\u00e9es par les combats.<\/p>\n<p style=\"font-weight: 400;\">\u00ab\u00a0Le retour du soutien \u00e9conomique international doit s\u2019inscrire dans le cadre des efforts pour consolider la paix, prot\u00e9ger les moyens de subsistance et assurer la stabilit\u00e9 politique\u00a0\u00bb, \u00e9crivent-ils pour Foreign Policy.<\/p>\n<p style=\"font-weight: 400;\">D\u2019autres observateurs ont critiqu\u00e9 le manque de prise de responsabilit\u00e9 des criminels de guerre dans l\u2019accord de paix.<\/p>\n<p style=\"font-weight: 400;\">Les Nations unies et les groupes de d\u00e9fense des droits de l\u2019homme ont conclu que toutes les parties ont commis des crimes contre l\u2019humanit\u00e9 et des actes de nettoyage ethnique et de g\u00e9nocide.<\/p>\n<p style=\"font-weight: 400;\">Le Dr\u00a0Mehari Taddele Maru, expert en s\u00e9curit\u00e9, gouvernance et droits de l\u2019homme, a soulign\u00e9 le besoin de fournir aux victimes un m\u00e9canisme pour obtenir un recours efficace.<\/p>\n<p style=\"font-weight: 400;\">\u00ab\u00a0La prise de responsabilit\u00e9 et la justice sont des outils puissants pour emp\u00eacher la r\u00e9p\u00e9tition des atrocit\u00e9s et des conflits \u00e0 l\u2019avenir\u00a0\u00bb, a-t-il \u00e9crit pour Al Jazeera \u00e0 la mi-d\u00e9cembre.<\/p>\n<p style=\"font-weight: 400;\">\u00ab\u00a0L\u2019investigation correcte des atrocit\u00e9s et le lancement d\u2019un processus de prise de responsabilit\u00e9 sont les seuls moyens de garantir une paix durable en \u00c9thiopie. Sans ces \u00e9tapes, l\u2019accord de paix de Pretoria ne va pas durer longtemps.\u00a0\u00bb<\/p>\n","protected":false},"excerpt":{"rendered":"<p>PERSONNEL D\u2019ADF Apr\u00e8s deux ann\u00e9es de guerre dans le Nord de l\u2019\u00c9thiopie, les familles du Tigr\u00e9 se sont r\u00e9unies en janvier et ont pleur\u00e9 de joie et de douleur. Un homme de 42 ans vivant \u00e0 Addis-Abeba a d\u00e9clar\u00e9 \u00e0 l\u2019Agence France-Presse\u00a0: \u00ab\u00a0Ma m\u00e8re a pleur\u00e9 lorsqu\u2019elle a entendu ma voix apr\u00e8s tous ces mois.<\/p>\n","protected":false},"author":1,"featured_media":77737,"comment_status":"open","ping_status":"closed","sticky":false,"template":"","format":"standard","meta":{"_acf_changed":false,"_monsterinsights_skip_tracking":false,"_monsterinsights_sitenote_active":false,"_monsterinsights_sitenote_note":"","_monsterinsights_sitenote_category":0,"_uf_show_specific_survey":0,"_uf_disable_surveys":false,"footnotes":""},"categories":[331],"tags":[984,769,801],"class_list":{"0":"post-77856","1":"post","2":"type-post","3":"status-publish","4":"format-standard","5":"has-post-thumbnail","7":"category-dernieres-nouvelles","8":"tag-erythree","9":"tag-ethiopie","10":"tag-guerre-civile"},"acf":[],"yoast_head":"<!-- This site is optimized with the Yoast SEO plugin v27.5 - https:\/\/yoast.com\/product\/yoast-seo-wordpress\/ -->\n<title>La paix est-elle possible au Tigr\u00e9 ? - Africa Defense Forum<\/title>\n<meta name=\"robots\" content=\"index, follow, max-snippet:-1, max-image-preview:large, max-video-preview:-1\" \/>\n<link rel=\"canonical\" href=\"https:\/\/adf-magazine.com\/fr\/2023\/01\/la-paix-est-elle-possible-au-tigre\/\" \/>\n<meta property=\"og:locale\" content=\"fr_FR\" \/>\n<meta property=\"og:type\" content=\"article\" \/>\n<meta property=\"og:title\" content=\"La paix est-elle possible au Tigr\u00e9 ? - Africa Defense Forum\" \/>\n<meta property=\"og:description\" content=\"PERSONNEL D\u2019ADF Apr\u00e8s deux ann\u00e9es de guerre dans le Nord de l\u2019\u00c9thiopie, les familles du Tigr\u00e9 se sont r\u00e9unies en janvier et ont pleur\u00e9 de joie et de douleur. Un homme de 42 ans vivant \u00e0 Addis-Abeba a d\u00e9clar\u00e9 \u00e0 l\u2019Agence France-Presse\u00a0: \u00ab\u00a0Ma m\u00e8re a pleur\u00e9 lorsqu\u2019elle a entendu ma voix apr\u00e8s tous ces mois.\" \/>\n<meta property=\"og:url\" content=\"https:\/\/adf-magazine.com\/fr\/2023\/01\/la-paix-est-elle-possible-au-tigre\/\" \/>\n<meta property=\"og:site_name\" content=\"Africa Defense Forum\" \/>\n<meta property=\"article:publisher\" content=\"https:\/\/www.facebook.com\/ADFmagazine\/\" \/>\n<meta property=\"article:published_time\" content=\"2023-01-24T19:55:05+00:00\" \/>\n<meta property=\"article:modified_time\" content=\"2023-01-24T19:55:51+00:00\" \/>\n<meta property=\"og:image\" content=\"https:\/\/adf-magazine.com\/wp-content\/uploads\/2023\/01\/GettyImages-1245849586.jpg\" \/>\n\t<meta property=\"og:image:width\" content=\"1024\" \/>\n\t<meta property=\"og:image:height\" content=\"683\" \/>\n\t<meta property=\"og:image:type\" content=\"image\/jpeg\" \/>\n<meta name=\"author\" content=\"ADF\" \/>\n<meta name=\"twitter:card\" content=\"summary_large_image\" \/>\n<meta name=\"twitter:creator\" content=\"@ADFmagazine\" \/>\n<meta name=\"twitter:site\" content=\"@ADFmagazine\" \/>\n<meta name=\"twitter:label1\" content=\"\u00c9crit par\" \/>\n\t<meta name=\"twitter:data1\" content=\"ADF\" \/>\n\t<meta name=\"twitter:label2\" content=\"Dur\u00e9e de lecture estim\u00e9e\" \/>\n\t<meta name=\"twitter:data2\" content=\"4 minutes\" \/>\n<script type=\"application\/ld+json\" class=\"yoast-schema-graph\">{\"@context\":\"https:\\\/\\\/schema.org\",\"@graph\":[{\"@type\":\"Article\",\"@id\":\"https:\\\/\\\/adf-magazine.com\\\/fr\\\/2023\\\/01\\\/la-paix-est-elle-possible-au-tigre\\\/#article\",\"isPartOf\":{\"@id\":\"https:\\\/\\\/adf-magazine.com\\\/fr\\\/2023\\\/01\\\/la-paix-est-elle-possible-au-tigre\\\/\"},\"author\":{\"name\":\"ADF\",\"@id\":\"https:\\\/\\\/adf-magazine.com\\\/#\\\/schema\\\/person\\\/f266a6061389568b5a11465bb38bc025\"},\"headline\":\"La paix est-elle possible au Tigr\u00e9 ?\",\"datePublished\":\"2023-01-24T19:55:05+00:00\",\"dateModified\":\"2023-01-24T19:55:51+00:00\",\"mainEntityOfPage\":{\"@id\":\"https:\\\/\\\/adf-magazine.com\\\/fr\\\/2023\\\/01\\\/la-paix-est-elle-possible-au-tigre\\\/\"},\"wordCount\":817,\"commentCount\":0,\"image\":{\"@id\":\"https:\\\/\\\/adf-magazine.com\\\/fr\\\/2023\\\/01\\\/la-paix-est-elle-possible-au-tigre\\\/#primaryimage\"},\"thumbnailUrl\":\"https:\\\/\\\/adf-magazine.com\\\/wp-content\\\/uploads\\\/2023\\\/01\\\/GettyImages-1245849586.jpg\",\"keywords\":[\"\u00c9rythr\u00e9e\",\"\u00c9thiopie\",\"guerre civile\"],\"articleSection\":[\"Actualit\u00e9s du Jour\"],\"inLanguage\":\"fr-FR\",\"potentialAction\":[{\"@type\":\"CommentAction\",\"name\":\"Comment\",\"target\":[\"https:\\\/\\\/adf-magazine.com\\\/fr\\\/2023\\\/01\\\/la-paix-est-elle-possible-au-tigre\\\/#respond\"]}]},{\"@type\":\"WebPage\",\"@id\":\"https:\\\/\\\/adf-magazine.com\\\/fr\\\/2023\\\/01\\\/la-paix-est-elle-possible-au-tigre\\\/\",\"url\":\"https:\\\/\\\/adf-magazine.com\\\/fr\\\/2023\\\/01\\\/la-paix-est-elle-possible-au-tigre\\\/\",\"name\":\"La paix est-elle possible au Tigr\u00e9 ? - Africa Defense Forum\",\"isPartOf\":{\"@id\":\"https:\\\/\\\/adf-magazine.com\\\/#website\"},\"primaryImageOfPage\":{\"@id\":\"https:\\\/\\\/adf-magazine.com\\\/fr\\\/2023\\\/01\\\/la-paix-est-elle-possible-au-tigre\\\/#primaryimage\"},\"image\":{\"@id\":\"https:\\\/\\\/adf-magazine.com\\\/fr\\\/2023\\\/01\\\/la-paix-est-elle-possible-au-tigre\\\/#primaryimage\"},\"thumbnailUrl\":\"https:\\\/\\\/adf-magazine.com\\\/wp-content\\\/uploads\\\/2023\\\/01\\\/GettyImages-1245849586.jpg\",\"datePublished\":\"2023-01-24T19:55:05+00:00\",\"dateModified\":\"2023-01-24T19:55:51+00:00\",\"author\":{\"@id\":\"https:\\\/\\\/adf-magazine.com\\\/#\\\/schema\\\/person\\\/f266a6061389568b5a11465bb38bc025\"},\"breadcrumb\":{\"@id\":\"https:\\\/\\\/adf-magazine.com\\\/fr\\\/2023\\\/01\\\/la-paix-est-elle-possible-au-tigre\\\/#breadcrumb\"},\"inLanguage\":\"fr-FR\",\"potentialAction\":[{\"@type\":\"ReadAction\",\"target\":[\"https:\\\/\\\/adf-magazine.com\\\/fr\\\/2023\\\/01\\\/la-paix-est-elle-possible-au-tigre\\\/\"]}]},{\"@type\":\"ImageObject\",\"inLanguage\":\"fr-FR\",\"@id\":\"https:\\\/\\\/adf-magazine.com\\\/fr\\\/2023\\\/01\\\/la-paix-est-elle-possible-au-tigre\\\/#primaryimage\",\"url\":\"https:\\\/\\\/adf-magazine.com\\\/wp-content\\\/uploads\\\/2023\\\/01\\\/GettyImages-1245849586.jpg\",\"contentUrl\":\"https:\\\/\\\/adf-magazine.com\\\/wp-content\\\/uploads\\\/2023\\\/01\\\/GettyImages-1245849586.jpg\",\"width\":1024,\"height\":683,\"caption\":\"Les passagers en provenance du Tigr\u00e9 sont accueillis par leur famille \u00e0 l\u2019a\u00e9roport international de Bole \u00e0 Addis-Abeba le 28 d\u00e9cembre 2022. AFP\\\/GETTY IMAGES\"},{\"@type\":\"BreadcrumbList\",\"@id\":\"https:\\\/\\\/adf-magazine.com\\\/fr\\\/2023\\\/01\\\/la-paix-est-elle-possible-au-tigre\\\/#breadcrumb\",\"itemListElement\":[{\"@type\":\"ListItem\",\"position\":1,\"name\":\"page d\u2019accueil\",\"item\":\"https:\\\/\\\/adf-magazine.com\\\/\"},{\"@type\":\"ListItem\",\"position\":2,\"name\":\"La paix est-elle possible au Tigr\u00e9 ?\"}]},{\"@type\":\"WebSite\",\"@id\":\"https:\\\/\\\/adf-magazine.com\\\/#website\",\"url\":\"https:\\\/\\\/adf-magazine.com\\\/\",\"name\":\"Africa Defense Forum\",\"description\":\"Africa Defense Forum\",\"potentialAction\":[{\"@type\":\"SearchAction\",\"target\":{\"@type\":\"EntryPoint\",\"urlTemplate\":\"https:\\\/\\\/adf-magazine.com\\\/?s={search_term_string}\"},\"query-input\":{\"@type\":\"PropertyValueSpecification\",\"valueRequired\":true,\"valueName\":\"search_term_string\"}}],\"inLanguage\":\"fr-FR\"},{\"@type\":\"Person\",\"@id\":\"https:\\\/\\\/adf-magazine.com\\\/#\\\/schema\\\/person\\\/f266a6061389568b5a11465bb38bc025\",\"name\":\"ADF\",\"image\":{\"@type\":\"ImageObject\",\"inLanguage\":\"fr-FR\",\"@id\":\"https:\\\/\\\/adf-magazine.com\\\/wp-content\\\/uploads\\\/2020\\\/05\\\/cropped-ADF_icon.jpg\",\"url\":\"https:\\\/\\\/adf-magazine.com\\\/wp-content\\\/uploads\\\/2020\\\/05\\\/cropped-ADF_icon.jpg\",\"contentUrl\":\"https:\\\/\\\/adf-magazine.com\\\/wp-content\\\/uploads\\\/2020\\\/05\\\/cropped-ADF_icon.jpg\",\"caption\":\"ADF\"},\"description\":\"ADF is a professional military magazine published quarterly by U.S. Africa Command to provide an international forum for African security professionals. ADF covers topics such as counter terrorism strategies, security and defense operations, transnational crime, and all other issues affecting peace, stability, and good governance on the African continent.\",\"sameAs\":[\"https:\\\/\\\/x.com\\\/ADFmagazine\"],\"url\":\"https:\\\/\\\/adf-magazine.com\\\/fr\\\/author\\\/adf\\\/\"}]}<\/script>\n<!-- \/ Yoast SEO plugin. -->","yoast_head_json":{"title":"La paix est-elle possible au Tigr\u00e9 ? - Africa Defense Forum","robots":{"index":"index","follow":"follow","max-snippet":"max-snippet:-1","max-image-preview":"max-image-preview:large","max-video-preview":"max-video-preview:-1"},"canonical":"https:\/\/adf-magazine.com\/fr\/2023\/01\/la-paix-est-elle-possible-au-tigre\/","og_locale":"fr_FR","og_type":"article","og_title":"La paix est-elle possible au Tigr\u00e9 ? - Africa Defense Forum","og_description":"PERSONNEL D\u2019ADF Apr\u00e8s deux ann\u00e9es de guerre dans le Nord de l\u2019\u00c9thiopie, les familles du Tigr\u00e9 se sont r\u00e9unies en janvier et ont pleur\u00e9 de joie et de douleur. Un homme de 42 ans vivant \u00e0 Addis-Abeba a d\u00e9clar\u00e9 \u00e0 l\u2019Agence France-Presse\u00a0: \u00ab\u00a0Ma m\u00e8re a pleur\u00e9 lorsqu\u2019elle a entendu ma voix apr\u00e8s tous ces mois.","og_url":"https:\/\/adf-magazine.com\/fr\/2023\/01\/la-paix-est-elle-possible-au-tigre\/","og_site_name":"Africa Defense Forum","article_publisher":"https:\/\/www.facebook.com\/ADFmagazine\/","article_published_time":"2023-01-24T19:55:05+00:00","article_modified_time":"2023-01-24T19:55:51+00:00","og_image":[{"width":1024,"height":683,"url":"https:\/\/adf-magazine.com\/wp-content\/uploads\/2023\/01\/GettyImages-1245849586.jpg","type":"image\/jpeg"}],"author":"ADF","twitter_card":"summary_large_image","twitter_creator":"@ADFmagazine","twitter_site":"@ADFmagazine","twitter_misc":{"\u00c9crit par":"ADF","Dur\u00e9e de lecture estim\u00e9e":"4 minutes"},"schema":{"@context":"https:\/\/schema.org","@graph":[{"@type":"Article","@id":"https:\/\/adf-magazine.com\/fr\/2023\/01\/la-paix-est-elle-possible-au-tigre\/#article","isPartOf":{"@id":"https:\/\/adf-magazine.com\/fr\/2023\/01\/la-paix-est-elle-possible-au-tigre\/"},"author":{"name":"ADF","@id":"https:\/\/adf-magazine.com\/#\/schema\/person\/f266a6061389568b5a11465bb38bc025"},"headline":"La paix est-elle possible au Tigr\u00e9 ?","datePublished":"2023-01-24T19:55:05+00:00","dateModified":"2023-01-24T19:55:51+00:00","mainEntityOfPage":{"@id":"https:\/\/adf-magazine.com\/fr\/2023\/01\/la-paix-est-elle-possible-au-tigre\/"},"wordCount":817,"commentCount":0,"image":{"@id":"https:\/\/adf-magazine.com\/fr\/2023\/01\/la-paix-est-elle-possible-au-tigre\/#primaryimage"},"thumbnailUrl":"https:\/\/adf-magazine.com\/wp-content\/uploads\/2023\/01\/GettyImages-1245849586.jpg","keywords":["\u00c9rythr\u00e9e","\u00c9thiopie","guerre civile"],"articleSection":["Actualit\u00e9s du Jour"],"inLanguage":"fr-FR","potentialAction":[{"@type":"CommentAction","name":"Comment","target":["https:\/\/adf-magazine.com\/fr\/2023\/01\/la-paix-est-elle-possible-au-tigre\/#respond"]}]},{"@type":"WebPage","@id":"https:\/\/adf-magazine.com\/fr\/2023\/01\/la-paix-est-elle-possible-au-tigre\/","url":"https:\/\/adf-magazine.com\/fr\/2023\/01\/la-paix-est-elle-possible-au-tigre\/","name":"La paix est-elle possible au Tigr\u00e9 ? - Africa Defense Forum","isPartOf":{"@id":"https:\/\/adf-magazine.com\/#website"},"primaryImageOfPage":{"@id":"https:\/\/adf-magazine.com\/fr\/2023\/01\/la-paix-est-elle-possible-au-tigre\/#primaryimage"},"image":{"@id":"https:\/\/adf-magazine.com\/fr\/2023\/01\/la-paix-est-elle-possible-au-tigre\/#primaryimage"},"thumbnailUrl":"https:\/\/adf-magazine.com\/wp-content\/uploads\/2023\/01\/GettyImages-1245849586.jpg","datePublished":"2023-01-24T19:55:05+00:00","dateModified":"2023-01-24T19:55:51+00:00","author":{"@id":"https:\/\/adf-magazine.com\/#\/schema\/person\/f266a6061389568b5a11465bb38bc025"},"breadcrumb":{"@id":"https:\/\/adf-magazine.com\/fr\/2023\/01\/la-paix-est-elle-possible-au-tigre\/#breadcrumb"},"inLanguage":"fr-FR","potentialAction":[{"@type":"ReadAction","target":["https:\/\/adf-magazine.com\/fr\/2023\/01\/la-paix-est-elle-possible-au-tigre\/"]}]},{"@type":"ImageObject","inLanguage":"fr-FR","@id":"https:\/\/adf-magazine.com\/fr\/2023\/01\/la-paix-est-elle-possible-au-tigre\/#primaryimage","url":"https:\/\/adf-magazine.com\/wp-content\/uploads\/2023\/01\/GettyImages-1245849586.jpg","contentUrl":"https:\/\/adf-magazine.com\/wp-content\/uploads\/2023\/01\/GettyImages-1245849586.jpg","width":1024,"height":683,"caption":"Les passagers en provenance du Tigr\u00e9 sont accueillis par leur famille \u00e0 l\u2019a\u00e9roport international de Bole \u00e0 Addis-Abeba le 28 d\u00e9cembre 2022. AFP\/GETTY IMAGES"},{"@type":"BreadcrumbList","@id":"https:\/\/adf-magazine.com\/fr\/2023\/01\/la-paix-est-elle-possible-au-tigre\/#breadcrumb","itemListElement":[{"@type":"ListItem","position":1,"name":"page d\u2019accueil","item":"https:\/\/adf-magazine.com\/"},{"@type":"ListItem","position":2,"name":"La paix est-elle possible au Tigr\u00e9 ?"}]},{"@type":"WebSite","@id":"https:\/\/adf-magazine.com\/#website","url":"https:\/\/adf-magazine.com\/","name":"Africa Defense Forum","description":"Africa Defense Forum","potentialAction":[{"@type":"SearchAction","target":{"@type":"EntryPoint","urlTemplate":"https:\/\/adf-magazine.com\/?s={search_term_string}"},"query-input":{"@type":"PropertyValueSpecification","valueRequired":true,"valueName":"search_term_string"}}],"inLanguage":"fr-FR"},{"@type":"Person","@id":"https:\/\/adf-magazine.com\/#\/schema\/person\/f266a6061389568b5a11465bb38bc025","name":"ADF","image":{"@type":"ImageObject","inLanguage":"fr-FR","@id":"https:\/\/adf-magazine.com\/wp-content\/uploads\/2020\/05\/cropped-ADF_icon.jpg","url":"https:\/\/adf-magazine.com\/wp-content\/uploads\/2020\/05\/cropped-ADF_icon.jpg","contentUrl":"https:\/\/adf-magazine.com\/wp-content\/uploads\/2020\/05\/cropped-ADF_icon.jpg","caption":"ADF"},"description":"ADF is a professional military magazine published quarterly by U.S. Africa Command to provide an international forum for African security professionals. ADF covers topics such as counter terrorism strategies, security and defense operations, transnational crime, and all other issues affecting peace, stability, and good governance on the African continent.","sameAs":["https:\/\/x.com\/ADFmagazine"],"url":"https:\/\/adf-magazine.com\/fr\/author\/adf\/"}]}},"_links":{"self":[{"href":"https:\/\/adf-magazine.com\/fr\/wp-json\/wp\/v2\/posts\/77856","targetHints":{"allow":["GET"]}}],"collection":[{"href":"https:\/\/adf-magazine.com\/fr\/wp-json\/wp\/v2\/posts"}],"about":[{"href":"https:\/\/adf-magazine.com\/fr\/wp-json\/wp\/v2\/types\/post"}],"author":[{"embeddable":true,"href":"https:\/\/adf-magazine.com\/fr\/wp-json\/wp\/v2\/users\/1"}],"replies":[{"embeddable":true,"href":"https:\/\/adf-magazine.com\/fr\/wp-json\/wp\/v2\/comments?post=77856"}],"version-history":[{"count":0,"href":"https:\/\/adf-magazine.com\/fr\/wp-json\/wp\/v2\/posts\/77856\/revisions"}],"wp:featuredmedia":[{"embeddable":true,"href":"https:\/\/adf-magazine.com\/fr\/wp-json\/wp\/v2\/media\/77737"}],"wp:attachment":[{"href":"https:\/\/adf-magazine.com\/fr\/wp-json\/wp\/v2\/media?parent=77856"}],"wp:term":[{"taxonomy":"category","embeddable":true,"href":"https:\/\/adf-magazine.com\/fr\/wp-json\/wp\/v2\/categories?post=77856"},{"taxonomy":"post_tag","embeddable":true,"href":"https:\/\/adf-magazine.com\/fr\/wp-json\/wp\/v2\/tags?post=77856"}],"curies":[{"name":"wp","href":"https:\/\/api.w.org\/{rel}","templated":true}]}}