{"id":7446,"date":"2017-01-11T17:45:43","date_gmt":"2017-01-11T17:45:43","guid":{"rendered":"https:\/\/adf-magazine.com\/?p=7446"},"modified":"2017-02-10T02:19:55","modified_gmt":"2017-02-10T02:19:55","slug":"le-senegal-et-les-etats-unis-signent-un-accord-de-defense","status":"publish","type":"post","link":"https:\/\/adf-magazine.com\/fr\/2017\/01\/le-senegal-et-les-etats-unis-signent-un-accord-de-defense\/","title":{"rendered":"LE S\u00c9N\u00c9GAL ET LES \u00c9TATS-UNIS SIGNENT UN ACCORD DE D\u00c9FENSE"},"content":{"rendered":"<p>REUTERS<\/p>\n<figure id=\"attachment_7283\" aria-describedby=\"caption-attachment-7283\" style=\"width: 150px\" class=\"wp-caption alignleft\"><a href=\"https:\/\/adf-magazine.com\/wp-content\/uploads\/2016\/12\/manakeur_iran.jpg\"><img decoding=\"async\" class=\"wp-image-7283 size-thumbnail\" src=\"https:\/\/adf-magazine.com\/wp-content\/uploads\/2016\/12\/manakeur_iran-150x150.jpg\" width=\"150\" height=\"150\" \/><\/a><figcaption id=\"caption-attachment-7283\" class=\"wp-caption-text\">Le ministre des Affaires \u00e9trang\u00e8res s\u00e9n\u00e9galais, Mankeur Ndiaye<br \/> MINIST\u00c8RE DES AFFAIRES \u00c9TRANG\u00c8RES, S\u00c9N\u00c9GAL<\/figcaption><\/figure>\n<p>Le S\u00e9n\u00e9gal et les \u00c9tats-Unis ont sign\u00e9 un accord de coop\u00e9ration pour faciliter le d\u00e9ploiement des troupes am\u00e9ricaines dans ce pays de l\u2019Afrique de l\u2019Ouest en vue de faire face aux crises humanitaires, aux catastrophes naturelles et aux attaques terroristes.<\/p>\n<p>\u00ab Le terrorisme ne conna\u00eet pas de fronti\u00e8res et il est tr\u00e8s important que chacun coop\u00e8re \u00bb, a d\u00e9clar\u00e9 l\u2019ambassadeur des \u00c9tats-Unis au S\u00e9n\u00e9gal, James Zumwalt, au cours d\u2019une conf\u00e9rence de presse conjointe \u00e0 Dakar avec le ministre s\u00e9n\u00e9galais des Affaires \u00e9trang\u00e8res, Mankeur Ndiaye.<\/p>\n<p>Selon l\u2019\u00e9tat-major unifi\u00e9 des \u00c9tats-Unis pour l\u2019Afrique, environ 40 hommes du minist\u00e8re de la D\u00e9fense sont stationn\u00e9s au S\u00e9n\u00e9gal. L\u2019ambassade des \u00c9tats-Unis \u00e0 Dakar a indiqu\u00e9 que ce nombre n\u2019augmenterait pas, aux termes de l\u2019accord.<\/p>\n<p>\u00ab Cet accord concerne l\u2019acc\u00e8s et la possibilit\u00e9 d\u2019intervenir en cas d\u2019urgence lorsque les deux parties sont d\u2019accord \u00bb, a pr\u00e9cis\u00e9 James Zumwalt.<\/p>\n<p>Il pose les droits et les responsabilit\u00e9s, dans le cadre d\u2019un futur acc\u00e8s des \u00c9tats-Unis aux installations s\u00e9n\u00e9galaises, pour des entra\u00eenements conjoints et d\u2019\u00e9ventuels d\u00e9ploiements de troupes. Mankeur Ndiaye a indiqu\u00e9 que c\u2019\u00e9tait le premier accord de ce genre en Afrique subsaharienne et qu\u2019il renforcerait la capacit\u00e9 du S\u00e9n\u00e9gal \u00e0 faire face aux d\u00e9fis croissants.<\/p>\n<p>\u00ab Les crises ne sont pas toujours pr\u00e9visibles ; c\u2019est pourquoi il s\u2019agit d\u2019un accord \u00e0 long terme \u00bb, a-t-il affirm\u00e9.<\/p>\n<p>Le S\u00e9n\u00e9gal est confront\u00e9 \u00e0 la menace croissante de groupes extr\u00e9mistes, apr\u00e8s une s\u00e9rie d\u2019attaques dans les pays voisins revendiqu\u00e9es par al-Qaida au Maghreb islamique. Le groupe extr\u00e9miste a fait clairement comprendre au S\u00e9n\u00e9gal qu\u2019il \u00e9tait dans sa ligne de mire, en raison des liens \u00e9troits qui le lient \u00e0 la France, dont 3.500 soldats combattent aux c\u00f4t\u00e9s d\u2019arm\u00e9es r\u00e9gionales contre les militants islamistes en Afrique de l\u2019Ouest.<\/p>\n<p>L\u2019arm\u00e9e am\u00e9ricaine avait d\u00e9j\u00e0 utilis\u00e9 le S\u00e9n\u00e9gal, en 2014, comme base r\u00e9gionale pour le transport de troupes, d\u2019agents sanitaires et de ravitaillement vers l\u2019Afrique de l\u2019Ouest, dans la lutte contre l\u2019\u00e9pid\u00e9mie mortelle d\u2019Ebola.<\/p>\n","protected":false},"excerpt":{"rendered":"<p>REUTERS Le S\u00e9n\u00e9gal et les \u00c9tats-Unis ont sign\u00e9 un accord de coop\u00e9ration pour faciliter le d\u00e9ploiement des troupes am\u00e9ricaines dans ce pays de l\u2019Afrique de l\u2019Ouest en vue de faire face aux crises humanitaires, aux catastrophes naturelles et aux attaques terroristes. \u00ab Le terrorisme ne conna\u00eet pas de fronti\u00e8res et il est tr\u00e8s important que<\/p>\n","protected":false},"author":1,"featured_media":7259,"comment_status":"open","ping_status":"open","sticky":false,"template":"","format":"standard","meta":{"_acf_changed":false,"_monsterinsights_skip_tracking":false,"_monsterinsights_sitenote_active":false,"_monsterinsights_sitenote_note":"","_monsterinsights_sitenote_category":0,"_uf_show_specific_survey":0,"_uf_disable_surveys":false,"footnotes":""},"categories":[52,40],"tags":[],"class_list":{"0":"post-7446","1":"post","2":"type-post","3":"status-publish","4":"format-standard","5":"has-post-thumbnail","7":"category-point-de-vue-mondial","8":"category-rubriques"},"acf":[],"yoast_head":"<!-- This site is optimized with the Yoast SEO plugin v27.4 - https:\/\/yoast.com\/product\/yoast-seo-wordpress\/ -->\n<title>LE S\u00c9N\u00c9GAL ET LES \u00c9TATS-UNIS SIGNENT UN ACCORD DE D\u00c9FENSE - Africa Defense Forum<\/title>\n<meta name=\"robots\" content=\"index, follow, max-snippet:-1, max-image-preview:large, max-video-preview:-1\" \/>\n<link rel=\"canonical\" href=\"https:\/\/adf-magazine.com\/2017\/01\/senegal-u-s-sign-defense-cooperation-agreement\/\" \/>\n<meta property=\"og:locale\" content=\"fr_FR\" \/>\n<meta property=\"og:type\" content=\"article\" \/>\n<meta property=\"og:title\" content=\"LE S\u00c9N\u00c9GAL ET LES \u00c9TATS-UNIS SIGNENT UN ACCORD DE D\u00c9FENSE - Africa Defense Forum\" \/>\n<meta property=\"og:description\" content=\"REUTERS Le S\u00e9n\u00e9gal et les \u00c9tats-Unis ont sign\u00e9 un accord de coop\u00e9ration pour faciliter le d\u00e9ploiement des troupes am\u00e9ricaines dans ce pays de l\u2019Afrique de l\u2019Ouest en vue de faire face aux crises humanitaires, aux catastrophes naturelles et aux attaques terroristes. \u00ab Le terrorisme ne conna\u00eet pas de fronti\u00e8res et il est tr\u00e8s important que\" \/>\n<meta property=\"og:url\" content=\"https:\/\/adf-magazine.com\/2017\/01\/senegal-u-s-sign-defense-cooperation-agreement\/\" \/>\n<meta property=\"og:site_name\" content=\"Africa Defense Forum\" \/>\n<meta property=\"article:publisher\" content=\"https:\/\/www.facebook.com\/ADFmagazine\/\" \/>\n<meta property=\"article:published_time\" content=\"2017-01-11T17:45:43+00:00\" \/>\n<meta property=\"article:modified_time\" content=\"2017-02-10T02:19:55+00:00\" \/>\n<meta property=\"og:image\" content=\"https:\/\/adf-magazine.com\/wp-content\/uploads\/2016\/12\/GettyImages-513135510.jpg\" \/>\n\t<meta property=\"og:image:width\" content=\"1080\" \/>\n\t<meta property=\"og:image:height\" content=\"721\" \/>\n\t<meta property=\"og:image:type\" content=\"image\/jpeg\" \/>\n<meta name=\"author\" content=\"ADF\" \/>\n<meta name=\"twitter:card\" content=\"summary_large_image\" \/>\n<meta name=\"twitter:creator\" content=\"@ADFmagazine\" \/>\n<meta name=\"twitter:site\" content=\"@ADFmagazine\" \/>\n<meta name=\"twitter:label1\" content=\"\u00c9crit par\" \/>\n\t<meta name=\"twitter:data1\" content=\"ADF\" \/>\n\t<meta name=\"twitter:label2\" content=\"Dur\u00e9e de lecture estim\u00e9e\" \/>\n\t<meta name=\"twitter:data2\" content=\"2 minutes\" \/>\n<script type=\"application\/ld+json\" class=\"yoast-schema-graph\">{\"@context\":\"https:\\\/\\\/schema.org\",\"@graph\":[{\"@type\":\"Article\",\"@id\":\"https:\\\/\\\/adf-magazine.com\\\/2017\\\/01\\\/senegal-u-s-sign-defense-cooperation-agreement\\\/#article\",\"isPartOf\":{\"@id\":\"https:\\\/\\\/adf-magazine.com\\\/2017\\\/01\\\/senegal-u-s-sign-defense-cooperation-agreement\\\/\"},\"author\":{\"name\":\"ADF\",\"@id\":\"https:\\\/\\\/adf-magazine.com\\\/#\\\/schema\\\/person\\\/f266a6061389568b5a11465bb38bc025\"},\"headline\":\"LE S\u00c9N\u00c9GAL ET LES \u00c9TATS-UNIS SIGNENT UN ACCORD DE D\u00c9FENSE\",\"datePublished\":\"2017-01-11T17:45:43+00:00\",\"dateModified\":\"2017-02-10T02:19:55+00:00\",\"mainEntityOfPage\":{\"@id\":\"https:\\\/\\\/adf-magazine.com\\\/2017\\\/01\\\/senegal-u-s-sign-defense-cooperation-agreement\\\/\"},\"wordCount\":427,\"commentCount\":0,\"image\":{\"@id\":\"https:\\\/\\\/adf-magazine.com\\\/2017\\\/01\\\/senegal-u-s-sign-defense-cooperation-agreement\\\/#primaryimage\"},\"thumbnailUrl\":\"https:\\\/\\\/adf-magazine.com\\\/wp-content\\\/uploads\\\/2016\\\/12\\\/GettyImages-513135510.jpg\",\"articleSection\":[\"Point de vue mondial\",\"rubriques\"],\"inLanguage\":\"fr-FR\",\"potentialAction\":[{\"@type\":\"CommentAction\",\"name\":\"Comment\",\"target\":[\"https:\\\/\\\/adf-magazine.com\\\/2017\\\/01\\\/senegal-u-s-sign-defense-cooperation-agreement\\\/#respond\"]}]},{\"@type\":\"WebPage\",\"@id\":\"https:\\\/\\\/adf-magazine.com\\\/2017\\\/01\\\/senegal-u-s-sign-defense-cooperation-agreement\\\/\",\"url\":\"https:\\\/\\\/adf-magazine.com\\\/2017\\\/01\\\/senegal-u-s-sign-defense-cooperation-agreement\\\/\",\"name\":\"LE S\u00c9N\u00c9GAL ET LES \u00c9TATS-UNIS SIGNENT UN ACCORD DE D\u00c9FENSE - Africa Defense Forum\",\"isPartOf\":{\"@id\":\"https:\\\/\\\/adf-magazine.com\\\/#website\"},\"primaryImageOfPage\":{\"@id\":\"https:\\\/\\\/adf-magazine.com\\\/2017\\\/01\\\/senegal-u-s-sign-defense-cooperation-agreement\\\/#primaryimage\"},\"image\":{\"@id\":\"https:\\\/\\\/adf-magazine.com\\\/2017\\\/01\\\/senegal-u-s-sign-defense-cooperation-agreement\\\/#primaryimage\"},\"thumbnailUrl\":\"https:\\\/\\\/adf-magazine.com\\\/wp-content\\\/uploads\\\/2016\\\/12\\\/GettyImages-513135510.jpg\",\"datePublished\":\"2017-01-11T17:45:43+00:00\",\"dateModified\":\"2017-02-10T02:19:55+00:00\",\"author\":{\"@id\":\"https:\\\/\\\/adf-magazine.com\\\/#\\\/schema\\\/person\\\/f266a6061389568b5a11465bb38bc025\"},\"breadcrumb\":{\"@id\":\"https:\\\/\\\/adf-magazine.com\\\/2017\\\/01\\\/senegal-u-s-sign-defense-cooperation-agreement\\\/#breadcrumb\"},\"inLanguage\":\"fr-FR\",\"potentialAction\":[{\"@type\":\"ReadAction\",\"target\":[\"https:\\\/\\\/adf-magazine.com\\\/2017\\\/01\\\/senegal-u-s-sign-defense-cooperation-agreement\\\/\"]}]},{\"@type\":\"ImageObject\",\"inLanguage\":\"fr-FR\",\"@id\":\"https:\\\/\\\/adf-magazine.com\\\/2017\\\/01\\\/senegal-u-s-sign-defense-cooperation-agreement\\\/#primaryimage\",\"url\":\"https:\\\/\\\/adf-magazine.com\\\/wp-content\\\/uploads\\\/2016\\\/12\\\/GettyImages-513135510.jpg\",\"contentUrl\":\"https:\\\/\\\/adf-magazine.com\\\/wp-content\\\/uploads\\\/2016\\\/12\\\/GettyImages-513135510.jpg\",\"width\":1080,\"height\":721},{\"@type\":\"BreadcrumbList\",\"@id\":\"https:\\\/\\\/adf-magazine.com\\\/2017\\\/01\\\/senegal-u-s-sign-defense-cooperation-agreement\\\/#breadcrumb\",\"itemListElement\":[{\"@type\":\"ListItem\",\"position\":1,\"name\":\"page d\u2019accueil\",\"item\":\"https:\\\/\\\/adf-magazine.com\\\/\"},{\"@type\":\"ListItem\",\"position\":2,\"name\":\"LE S\u00c9N\u00c9GAL ET LES \u00c9TATS-UNIS SIGNENT UN ACCORD DE D\u00c9FENSE\"}]},{\"@type\":\"WebSite\",\"@id\":\"https:\\\/\\\/adf-magazine.com\\\/#website\",\"url\":\"https:\\\/\\\/adf-magazine.com\\\/\",\"name\":\"Africa Defense Forum\",\"description\":\"Africa Defense Forum\",\"potentialAction\":[{\"@type\":\"SearchAction\",\"target\":{\"@type\":\"EntryPoint\",\"urlTemplate\":\"https:\\\/\\\/adf-magazine.com\\\/?s={search_term_string}\"},\"query-input\":{\"@type\":\"PropertyValueSpecification\",\"valueRequired\":true,\"valueName\":\"search_term_string\"}}],\"inLanguage\":\"fr-FR\"},{\"@type\":\"Person\",\"@id\":\"https:\\\/\\\/adf-magazine.com\\\/#\\\/schema\\\/person\\\/f266a6061389568b5a11465bb38bc025\",\"name\":\"ADF\",\"image\":{\"@type\":\"ImageObject\",\"inLanguage\":\"fr-FR\",\"@id\":\"https:\\\/\\\/adf-magazine.com\\\/wp-content\\\/uploads\\\/2020\\\/05\\\/cropped-ADF_icon.jpg\",\"url\":\"https:\\\/\\\/adf-magazine.com\\\/wp-content\\\/uploads\\\/2020\\\/05\\\/cropped-ADF_icon.jpg\",\"contentUrl\":\"https:\\\/\\\/adf-magazine.com\\\/wp-content\\\/uploads\\\/2020\\\/05\\\/cropped-ADF_icon.jpg\",\"caption\":\"ADF\"},\"description\":\"ADF is a professional military magazine published quarterly by U.S. Africa Command to provide an international forum for African security professionals. ADF covers topics such as counter terrorism strategies, security and defense operations, transnational crime, and all other issues affecting peace, stability, and good governance on the African continent.\",\"sameAs\":[\"https:\\\/\\\/x.com\\\/ADFmagazine\"],\"url\":\"https:\\\/\\\/adf-magazine.com\\\/fr\\\/author\\\/adf\\\/\"}]}<\/script>\n<!-- \/ Yoast SEO plugin. -->","yoast_head_json":{"title":"LE S\u00c9N\u00c9GAL ET LES \u00c9TATS-UNIS SIGNENT UN ACCORD DE D\u00c9FENSE - Africa Defense Forum","robots":{"index":"index","follow":"follow","max-snippet":"max-snippet:-1","max-image-preview":"max-image-preview:large","max-video-preview":"max-video-preview:-1"},"canonical":"https:\/\/adf-magazine.com\/2017\/01\/senegal-u-s-sign-defense-cooperation-agreement\/","og_locale":"fr_FR","og_type":"article","og_title":"LE S\u00c9N\u00c9GAL ET LES \u00c9TATS-UNIS SIGNENT UN ACCORD DE D\u00c9FENSE - Africa Defense Forum","og_description":"REUTERS Le S\u00e9n\u00e9gal et les \u00c9tats-Unis ont sign\u00e9 un accord de coop\u00e9ration pour faciliter le d\u00e9ploiement des troupes am\u00e9ricaines dans ce pays de l\u2019Afrique de l\u2019Ouest en vue de faire face aux crises humanitaires, aux catastrophes naturelles et aux attaques terroristes. \u00ab Le terrorisme ne conna\u00eet pas de fronti\u00e8res et il est tr\u00e8s important que","og_url":"https:\/\/adf-magazine.com\/2017\/01\/senegal-u-s-sign-defense-cooperation-agreement\/","og_site_name":"Africa Defense Forum","article_publisher":"https:\/\/www.facebook.com\/ADFmagazine\/","article_published_time":"2017-01-11T17:45:43+00:00","article_modified_time":"2017-02-10T02:19:55+00:00","og_image":[{"width":1080,"height":721,"url":"https:\/\/adf-magazine.com\/wp-content\/uploads\/2016\/12\/GettyImages-513135510.jpg","type":"image\/jpeg"}],"author":"ADF","twitter_card":"summary_large_image","twitter_creator":"@ADFmagazine","twitter_site":"@ADFmagazine","twitter_misc":{"\u00c9crit par":"ADF","Dur\u00e9e de lecture estim\u00e9e":"2 minutes"},"schema":{"@context":"https:\/\/schema.org","@graph":[{"@type":"Article","@id":"https:\/\/adf-magazine.com\/2017\/01\/senegal-u-s-sign-defense-cooperation-agreement\/#article","isPartOf":{"@id":"https:\/\/adf-magazine.com\/2017\/01\/senegal-u-s-sign-defense-cooperation-agreement\/"},"author":{"name":"ADF","@id":"https:\/\/adf-magazine.com\/#\/schema\/person\/f266a6061389568b5a11465bb38bc025"},"headline":"LE S\u00c9N\u00c9GAL ET LES \u00c9TATS-UNIS SIGNENT UN ACCORD DE D\u00c9FENSE","datePublished":"2017-01-11T17:45:43+00:00","dateModified":"2017-02-10T02:19:55+00:00","mainEntityOfPage":{"@id":"https:\/\/adf-magazine.com\/2017\/01\/senegal-u-s-sign-defense-cooperation-agreement\/"},"wordCount":427,"commentCount":0,"image":{"@id":"https:\/\/adf-magazine.com\/2017\/01\/senegal-u-s-sign-defense-cooperation-agreement\/#primaryimage"},"thumbnailUrl":"https:\/\/adf-magazine.com\/wp-content\/uploads\/2016\/12\/GettyImages-513135510.jpg","articleSection":["Point de vue mondial","rubriques"],"inLanguage":"fr-FR","potentialAction":[{"@type":"CommentAction","name":"Comment","target":["https:\/\/adf-magazine.com\/2017\/01\/senegal-u-s-sign-defense-cooperation-agreement\/#respond"]}]},{"@type":"WebPage","@id":"https:\/\/adf-magazine.com\/2017\/01\/senegal-u-s-sign-defense-cooperation-agreement\/","url":"https:\/\/adf-magazine.com\/2017\/01\/senegal-u-s-sign-defense-cooperation-agreement\/","name":"LE S\u00c9N\u00c9GAL ET LES \u00c9TATS-UNIS SIGNENT UN ACCORD DE D\u00c9FENSE - Africa Defense Forum","isPartOf":{"@id":"https:\/\/adf-magazine.com\/#website"},"primaryImageOfPage":{"@id":"https:\/\/adf-magazine.com\/2017\/01\/senegal-u-s-sign-defense-cooperation-agreement\/#primaryimage"},"image":{"@id":"https:\/\/adf-magazine.com\/2017\/01\/senegal-u-s-sign-defense-cooperation-agreement\/#primaryimage"},"thumbnailUrl":"https:\/\/adf-magazine.com\/wp-content\/uploads\/2016\/12\/GettyImages-513135510.jpg","datePublished":"2017-01-11T17:45:43+00:00","dateModified":"2017-02-10T02:19:55+00:00","author":{"@id":"https:\/\/adf-magazine.com\/#\/schema\/person\/f266a6061389568b5a11465bb38bc025"},"breadcrumb":{"@id":"https:\/\/adf-magazine.com\/2017\/01\/senegal-u-s-sign-defense-cooperation-agreement\/#breadcrumb"},"inLanguage":"fr-FR","potentialAction":[{"@type":"ReadAction","target":["https:\/\/adf-magazine.com\/2017\/01\/senegal-u-s-sign-defense-cooperation-agreement\/"]}]},{"@type":"ImageObject","inLanguage":"fr-FR","@id":"https:\/\/adf-magazine.com\/2017\/01\/senegal-u-s-sign-defense-cooperation-agreement\/#primaryimage","url":"https:\/\/adf-magazine.com\/wp-content\/uploads\/2016\/12\/GettyImages-513135510.jpg","contentUrl":"https:\/\/adf-magazine.com\/wp-content\/uploads\/2016\/12\/GettyImages-513135510.jpg","width":1080,"height":721},{"@type":"BreadcrumbList","@id":"https:\/\/adf-magazine.com\/2017\/01\/senegal-u-s-sign-defense-cooperation-agreement\/#breadcrumb","itemListElement":[{"@type":"ListItem","position":1,"name":"page d\u2019accueil","item":"https:\/\/adf-magazine.com\/"},{"@type":"ListItem","position":2,"name":"LE S\u00c9N\u00c9GAL ET LES \u00c9TATS-UNIS SIGNENT UN ACCORD DE D\u00c9FENSE"}]},{"@type":"WebSite","@id":"https:\/\/adf-magazine.com\/#website","url":"https:\/\/adf-magazine.com\/","name":"Africa Defense Forum","description":"Africa Defense Forum","potentialAction":[{"@type":"SearchAction","target":{"@type":"EntryPoint","urlTemplate":"https:\/\/adf-magazine.com\/?s={search_term_string}"},"query-input":{"@type":"PropertyValueSpecification","valueRequired":true,"valueName":"search_term_string"}}],"inLanguage":"fr-FR"},{"@type":"Person","@id":"https:\/\/adf-magazine.com\/#\/schema\/person\/f266a6061389568b5a11465bb38bc025","name":"ADF","image":{"@type":"ImageObject","inLanguage":"fr-FR","@id":"https:\/\/adf-magazine.com\/wp-content\/uploads\/2020\/05\/cropped-ADF_icon.jpg","url":"https:\/\/adf-magazine.com\/wp-content\/uploads\/2020\/05\/cropped-ADF_icon.jpg","contentUrl":"https:\/\/adf-magazine.com\/wp-content\/uploads\/2020\/05\/cropped-ADF_icon.jpg","caption":"ADF"},"description":"ADF is a professional military magazine published quarterly by U.S. Africa Command to provide an international forum for African security professionals. ADF covers topics such as counter terrorism strategies, security and defense operations, transnational crime, and all other issues affecting peace, stability, and good governance on the African continent.","sameAs":["https:\/\/x.com\/ADFmagazine"],"url":"https:\/\/adf-magazine.com\/fr\/author\/adf\/"}]}},"_links":{"self":[{"href":"https:\/\/adf-magazine.com\/fr\/wp-json\/wp\/v2\/posts\/7446","targetHints":{"allow":["GET"]}}],"collection":[{"href":"https:\/\/adf-magazine.com\/fr\/wp-json\/wp\/v2\/posts"}],"about":[{"href":"https:\/\/adf-magazine.com\/fr\/wp-json\/wp\/v2\/types\/post"}],"author":[{"embeddable":true,"href":"https:\/\/adf-magazine.com\/fr\/wp-json\/wp\/v2\/users\/1"}],"replies":[{"embeddable":true,"href":"https:\/\/adf-magazine.com\/fr\/wp-json\/wp\/v2\/comments?post=7446"}],"version-history":[{"count":0,"href":"https:\/\/adf-magazine.com\/fr\/wp-json\/wp\/v2\/posts\/7446\/revisions"}],"wp:featuredmedia":[{"embeddable":true,"href":"https:\/\/adf-magazine.com\/fr\/wp-json\/wp\/v2\/media\/7259"}],"wp:attachment":[{"href":"https:\/\/adf-magazine.com\/fr\/wp-json\/wp\/v2\/media?parent=7446"}],"wp:term":[{"taxonomy":"category","embeddable":true,"href":"https:\/\/adf-magazine.com\/fr\/wp-json\/wp\/v2\/categories?post=7446"},{"taxonomy":"post_tag","embeddable":true,"href":"https:\/\/adf-magazine.com\/fr\/wp-json\/wp\/v2\/tags?post=7446"}],"curies":[{"name":"wp","href":"https:\/\/api.w.org\/{rel}","templated":true}]}}