{"id":72944,"date":"2023-01-20T12:30:57","date_gmt":"2023-01-20T17:30:57","guid":{"rendered":"https:\/\/adf-magazine.com\/?p=72944"},"modified":"2023-01-25T13:02:34","modified_gmt":"2023-01-25T18:02:34","slug":"cest-notre-marine","status":"publish","type":"post","link":"https:\/\/adf-magazine.com\/fr\/2023\/01\/cest-notre-marine\/","title":{"rendered":"\u00ab C\u2019est Notre Marine \u00bb"},"content":{"rendered":"<p><strong><i>Le vice-amiral Awwal Zubairu Gambo <\/i>sert dans la Marine nig\u00e9riane depuis plus de trente ans. Sa carri\u00e8re a inclus des missions sur la strat\u00e9gie navale, les renseignements et la formation. Il a aussi servi en tant qu\u2019attach\u00e9 \u00e0 la d\u00e9fense. En 2017, il a \u00e9t\u00e9 coordinateur de la s\u00e9curit\u00e9 pour le Comit\u00e9 d\u2019assistance pr\u00e9sidentiel pour le Nord-Est du Nigeria, et chef d\u2019\u00e9tat-major au commandement de la formation navale du quartier g\u00e9n\u00e9ral. En 2018, il a \u00e9t\u00e9 nomm\u00e9 directeur des achats \u00e0 l\u2019Administration spatiale de la d\u00e9fense. En janvier 2021, il est devenu le 21\u00e8me chef d\u2019\u00e9tat-major de la Marine. Cette interview a \u00e9t\u00e9 modifi\u00e9e pour des raisons de longueur et de clart\u00e9.<\/strong><\/p>\n<p>ADF :<i> En 2021, le nombre d\u2019incidents de piraterie dans les eaux nig\u00e9rianes a baiss\u00e9 \u00e0 son plus bas niveau depuis 27 ans. Comment expliquez-vous cette chute ?<\/i><\/p>\n<p>Amiral Gambo : Il est bien connu que le domaine maritime de la nation regorge d\u2019\u00e9l\u00e9ments criminels et de saboteurs \u00e9conomiques qui d\u00e9tenaient la libert\u00e9 de mouvement et d\u2019action. Cette libert\u00e9 entravait la conduite des activit\u00e9s \u00e9conomiques l\u00e9gitimes, ce qui bien entendu provoquait une perception n\u00e9gative du pays. Selon le Bureau international maritime, il y a eu 135 cas d\u2019enl\u00e8vement relev\u00e9s en 2020 dans le monde, et 130 de ces cas ont eu lieu dans le golfe de Guin\u00e9e. Il est devenu appropri\u00e9 pour la Marine nig\u00e9riane de prendre des mesures draconiennes pour inverser cette tendance regrettable. Pour moi, le premier acte \u00e9tait de renforcer la pr\u00e9sence de la Marine nig\u00e9riane pour qu\u2019elle domine la zone gr\u00e2ce \u00e0 des patrouilles agressives, afin de refuser \u00e0 ces saboteurs \u00e9conomiques la libert\u00e9 d\u2019action. En cons\u00e9quence, l\u2019an dernier, les navires de la Marine nig\u00e9rianes ont navigu\u00e9 pendant 32.665 heures, compar\u00e9 aux 25.932 heures enregistr\u00e9es en 2020. Ceci a conduit finalement \u00e0 une baisse importante des activit\u00e9s criminelles dans le domaine maritime du pays. Je dirais que ceci est attribuable dans une grande mesure au soutien extraordinaire du pr\u00e9sident Muhammadu Buhari, commandant-en-chef des Forces arm\u00e9es de la R\u00e9publique f\u00e9d\u00e9rale. Gr\u00e2ce \u00e0 une recapitalisation agressive de la Marine nig\u00e9riane, nous avons ajout\u00e9 plus de 100 plateformes, notamment des b\u00e2timents majeurs, des bateaux patrouilleurs rapides, des embarcations c\u00f4ti\u00e8res de patrouille et des ressources a\u00e9riennes. Il y a eu aussi la construction locale d\u2019un navire de d\u00e9fense oc\u00e9anique.<span class=\"Apple-converted-space\">\u00a0<\/span><\/p>\n<figure id=\"attachment_65401\" aria-describedby=\"caption-attachment-65401\" style=\"width: 1080px\" class=\"wp-caption aligncenter\"><a href=\"https:\/\/adf-magazine.com\/wp-content\/uploads\/2023\/01\/GettyImages-12371147324.jpg\"><img fetchpriority=\"high\" decoding=\"async\" class=\"size-full wp-image-65401\" src=\"https:\/\/adf-magazine.com\/wp-content\/uploads\/2023\/01\/GettyImages-12371147324.jpg\" alt=\"\" width=\"1080\" height=\"719\" srcset=\"https:\/\/adf-magazine.com\/wp-content\/uploads\/2023\/01\/GettyImages-12371147324.jpg 1080w, https:\/\/adf-magazine.com\/wp-content\/uploads\/2023\/01\/GettyImages-12371147324-300x200.jpg 300w, https:\/\/adf-magazine.com\/wp-content\/uploads\/2023\/01\/GettyImages-12371147324-1024x682.jpg 1024w, https:\/\/adf-magazine.com\/wp-content\/uploads\/2023\/01\/GettyImages-12371147324-768x511.jpg 768w, https:\/\/adf-magazine.com\/wp-content\/uploads\/2023\/01\/GettyImages-12371147324-272x182.jpg 272w\" sizes=\"(max-width: 1080px) 100vw, 1080px\" \/><\/a><figcaption id=\"caption-attachment-65401\" class=\"wp-caption-text\">Le vice-amiral Awwal Zubairu Gambo, chef d\u2019\u00e9tat-major de la Marine. AFP\/GETTY IMAGES<\/figcaption><\/figure>\n<p>ADF : <i>Comment pr\u00e9voyez-vous d\u2019emp\u00eacher une recrudescence de la piraterie ?<span class=\"Apple-converted-space\">\u00a0<\/span><\/i><\/p>\n<p>Amiral Gambo : Pour maintenir la piraterie \u00e0 ce bas niveau, la Marine doit bien s\u00fbr soutenir une flotte op\u00e9rationnellement efficace avec un appui logistique robuste. Ceci inclut la mise \u00e0 niveau des installations de la Naval Dockyard Limited de Lagos, des chantiers navals de Port Harcourt ainsi que des groupes de maintenance de flotte et des unit\u00e9s de soutien de flotte et notre coll\u00e8ge technique dans l\u2019\u00c9tat du Delta. En outre, la Marine a r\u00e9organis\u00e9 l\u2019\u00e9cole d\u2019apprentissage moribonde de la Naval Dockyard de Lagos pour mieux lui permettre de satisfaire \u00e0 ses besoins en effectif technique et aux besoins de l\u2019industrie maritime, qui a perdu beaucoup de personnel. Finalement, je ne dois pas manquer de souligner les contributions de mes officiers et matelots d\u00e9ploy\u00e9s sur les divers navires et bases c\u00f4ti\u00e8res. Ils profitent de la formation professionnelle li\u00e9e \u00e0 diverses sp\u00e9cialisations et il existe des efforts pour am\u00e9liorer les conditions de vie et l\u2019infrastructure de nos bases, nos \u00e9coles et nos h\u00f4pitaux. Le personnel a d\u00e9montr\u00e9 un focus renouvel\u00e9 align\u00e9 sur ma mantra : \u00ab C\u2019est notre Marine \u00bb. Ceci veut dire que nous devons le faire ; personne d\u2019autre ne le fera pour nous. Tout le monde est donc sur le pont.<span class=\"Apple-converted-space\">\u00a0<\/span><\/p>\n<p>ADF :<i> Le Nigeria a cherch\u00e9 \u00e0 am\u00e9liorer sa sensibilisation au domaine maritime (MDA) en utilisant le syst\u00e8me de surveillance et de renseignement Falcon Eye. Il inclut des radars, des cam\u00e9ras, des capteurs et la surveillance satellitaire du littoral du pays jusqu\u2019\u00e0 200 milles marins des c\u00f4tes. Pouvez-vous expliquer comment fonctionne ce syst\u00e8me ?<\/i><\/p>\n<p>Amiral Gambo : Je dirais que le Falcon Eye est l\u2019infrastructure de MDA et de surveillance de pointe. Le syst\u00e8me a des sites de capteur plac\u00e9s strat\u00e9giquement pour couvrir les eaux territoriales et la zone \u00e9conomique exclusive du pays. Ces capteurs couvrent toute la fronti\u00e8re maritime de la nation et s\u2019\u00e9tendent aux fronti\u00e8res maritimes de nos voisins dans le golfe de Guin\u00e9e. Le syst\u00e8me Falcon Eye permet \u00e0 la Marine de surveiller les activit\u00e9s des navires en temps r\u00e9el dans le domaine maritime du pays et autour de ce dernier. Il suit toujours continuellement les vaisseaux pour identifier ceux qui sont engag\u00e9s dans des activit\u00e9s ill\u00e9gales et, par la suite, nos b\u00e2timents de la Marine sont envoy\u00e9s pour entreprendre des op\u00e9rations d\u2019interdiction. Entre juin 2020 et avril 2022, environ 7.826 navires ont \u00e9t\u00e9 suivis et quelques-uns ont \u00e9t\u00e9 arr\u00eat\u00e9s \u00e0 l\u2019aide du syst\u00e8me MDA. Le syst\u00e8me a \u00e9t\u00e9 instrumental dans l\u2019arrestation de deux navires marchands. Nous avons traqu\u00e9 le MV Chayanee Naree et le MV Karteria. Ces vaisseaux ont \u00e9t\u00e9 traqu\u00e9s et surveill\u00e9s assid\u00fbment depuis leur port de d\u00e9part au Br\u00e9sil, suite aux rapports d\u2019Interpol selon lesquels ils participaient \u00e0 la contrebande de coca\u00efne au Nigeria. Il y a eu aussi l\u2019arrestation du p\u00e9trolier Queen of Peace le 15 mars 2022. Il transportait plus de 3 millions de litres de p\u00e9trole brut vol\u00e9 au Nigeria. Il est pertinent de dire qu\u2019avant l\u2019arrestation, les mouvements suspects du vaisseau avaient \u00e9t\u00e9 surveill\u00e9s pendant un mois par le Falcon Eye. Ce syst\u00e8me sert donc de v\u00e9ritable multiplicateur de force, ce qui assure que nos patrouilles op\u00e9rationnelles sont pouss\u00e9es par le renseignement, orient\u00e9es vers les r\u00e9sultats et \u00e9conomiques.<span class=\"Apple-converted-space\">\u00a0<\/span><\/p>\n<figure id=\"attachment_65287\" aria-describedby=\"caption-attachment-65287\" style=\"width: 1080px\" class=\"wp-caption aligncenter\"><a href=\"https:\/\/adf-magazine.com\/wp-content\/uploads\/2023\/01\/Gambo4.jpg\"><img decoding=\"async\" class=\"size-full wp-image-65287\" src=\"https:\/\/adf-magazine.com\/wp-content\/uploads\/2023\/01\/Gambo4.jpg\" alt=\"\" width=\"1080\" height=\"720\" srcset=\"https:\/\/adf-magazine.com\/wp-content\/uploads\/2023\/01\/Gambo4.jpg 1080w, https:\/\/adf-magazine.com\/wp-content\/uploads\/2023\/01\/Gambo4-300x200.jpg 300w, https:\/\/adf-magazine.com\/wp-content\/uploads\/2023\/01\/Gambo4-1024x683.jpg 1024w, https:\/\/adf-magazine.com\/wp-content\/uploads\/2023\/01\/Gambo4-768x512.jpg 768w, https:\/\/adf-magazine.com\/wp-content\/uploads\/2023\/01\/Gambo4-272x182.jpg 272w\" sizes=\"(max-width: 1080px) 100vw, 1080px\" \/><\/a><figcaption id=\"caption-attachment-65287\" class=\"wp-caption-text\">Le vice-amiral Gambo visite le Centre de technologie de formation p\u00e9dagogique de la Marine nig\u00e9riane \u00e0 Ile-Ife dans l\u2019\u00c9tat d\u2019Osun en f\u00e9vrier 2022.<\/figcaption><\/figure>\n<p>ADF :<i> En Afrique de l\u2019Ouest, la p\u00eache ill\u00e9gale, non d\u00e9clar\u00e9e et non r\u00e9glement\u00e9e (INN) fait perdre \u00e0 la r\u00e9gion 2,3 milliards de dollars par an et a contribu\u00e9 \u00e0 la perte de 300.000 emplois. Une proportion importante de cette p\u00eache INN est effectu\u00e9e par les gros chalutiers \u00e9trangers. Quelle est votre strat\u00e9gie pour r\u00e9primer cette activit\u00e9 nuisible ?<span class=\"Apple-converted-space\">\u00a0<\/span><\/i><\/p>\n<p>Amiral Gambo : La Marine nig\u00e9riane collabore avec les agences pertinentes du gouvernement pour assister \u00e0 la mise en application des lois relatives \u00e0 la p\u00eache dans l\u2019environnement maritime du pays, en particulier le d\u00e9partement des P\u00eaches sous la tutelle du minist\u00e8re de l\u2019Agriculture. La Marine a cr\u00e9\u00e9 en 2016 une force op\u00e9rationnelle appel\u00e9e op\u00e9ration Tsare Teku, dont le mandat consiste \u00e0 combattre la criminalit\u00e9 maritime pour cr\u00e9er un environnement convivial pour les transports s\u00e9curis\u00e9s, la production de p\u00e9trole et de gaz et les autres activit\u00e9s \u00e9conomiques. La force op\u00e9rationnelle fait aussi face \u00e0 la p\u00eache INN au sein de l\u2019environnement maritime du Nigeria. Le Nigeria poss\u00e8de des zones de p\u00eache \u00e0 la crevette parmi les meilleures du monde autour de la p\u00e9ninsule de Bakassi, partag\u00e9e entre nous et la r\u00e9publique du Cameroun. Je suis heureux de dire que les navires de la Marine nig\u00e9riane interrogent les chalutiers de p\u00eache, quel que soit leur taille, au sein du domaine maritime pour s\u2019assurer qu\u2019ils sont l\u00e9gitimes. La plupart des vaisseaux criminels sont accompagn\u00e9s de vaisseaux de transport o\u00f9, quelques heures apr\u00e8s la p\u00eache, tout est transform\u00e9 et empaquet\u00e9 pour \u00eatre vendu hors de notre territoire. C\u2019est donc un probl\u00e8me globalement tr\u00e8s s\u00e9rieux. Je ne souhaite pas identifier ceux qui sont les gros acteurs de cette p\u00eache INN mais je suis certain que nous le savons. Pour des raisons diplomatiques, je ne mentionnerai pas de pays particulier.<span class=\"Apple-converted-space\">\u00a0<\/span><\/p>\n<p>ADF : <i>Le Nigeria a modernis\u00e9 sa structure maritime juridique avec la Loi de 2019 sur la suppression de la piraterie et autres offenses maritimes. Depuis lors, cette loi a \u00e9t\u00e9 utilis\u00e9e pour condamner des pirates captur\u00e9s dans les eaux nig\u00e9rianes. Dans quelle mesure est-il important d\u2019actualiser les lois et esp\u00e9rez-vous que d\u2019autres pays d\u2019Afrique de l\u2019Ouest suivront cette route ?<span class=\"Apple-converted-space\">\u00a0<\/span><\/i><\/p>\n<p>Amiral Gambo : Le cadre juridique est crucial pour combattre avec succ\u00e8s la criminalit\u00e9 en mer. Les proc\u00e8s des offenses maritimes concernent plusieurs agences de mise en application des lois. Ces agences ont des r\u00e8gles vari\u00e9es qui guident la conduite des op\u00e9rations de chacune. Cette lacune a \u00e9t\u00e9 identifi\u00e9e, ainsi que le besoin de r\u00e9examiner, red\u00e9finir les strat\u00e9gies et d\u00e9velopper un document unificateur. En cons\u00e9quence, l\u2019adoption de la Loi sur la suppression de la piraterie et des autres offenses maritimes, que nous appelons SPOMO, a renforc\u00e9 la collaboration de la Marine avec les autres agences de mise en application des lois pour criminaliser et poursuivre en justice les contrevenants maritimes. Elle a aussi aid\u00e9 \u00e0 rationaliser davantage et harmoniser les actions et proc\u00e9dures des agences li\u00e9es au domaine maritime en ce qui concerne le traitement des preuves et des personnes soup\u00e7onn\u00e9es d\u2019un crime. Une condamnation notable concerne le cas de piraterie de juillet dernier [2021] dans lequel dix pirates ont \u00e9t\u00e9 condamn\u00e9s \u00e0 des peines de prison de douze ans et \u00e0 des amendes. Toutefois, la plupart des pays du golfe de Guin\u00e9e n\u2019ont pas de loi pour poursuivre les pirates en justice, alors que d\u2019autres permettent seulement de poursuivre leurs propres citoyens. En juillet 2021, j\u2019\u00e9tais au Ghana pour une exposition maritime internationale et un s\u00e9minaire. Au cours d\u2019une conversation secondaire avec les chefs des marines de la CEDEAO [Communaut\u00e9 \u00e9conomique des \u00c9tats de l\u2019Afrique de l\u2019Ouest] et de la CEEAC [Communaut\u00e9 \u00e9conomique des \u00c9tats de l\u2019Afrique centrale], j\u2019ai pr\u00e9sent\u00e9 le mod\u00e8le et ils sont d\u00e9j\u00e0 en train de reconcevoir cela pour l\u2019adapter aux particularit\u00e9s de leur environnement pour son adoption. L\u2019Union europ\u00e9enne a visit\u00e9 le quartier g\u00e9n\u00e9ral de la Marine il y a quelques semaines et nous leur avons pr\u00e9sent\u00e9 cela dans le cadre de leurs demandes d\u2019information. Ils ont pris ce mod\u00e8le avec l\u2019id\u00e9e de d\u00e9velopper un cadre juridique conforme \u00e0 leurs propres particularit\u00e9s europ\u00e9ennes. Il existe un manque de cadre juridique dans certains pays du golfe de Guin\u00e9e pour adresser l\u2019ins\u00e9curit\u00e9 maritime, en particulier lorsque des ressortissants d\u2019autres pays sont impliqu\u00e9s dans ces crimes. Pour cela, nous avons recommand\u00e9 aux \u00e9tats du golfe de Guin\u00e9e d\u2019adopter ces lois conform\u00e9ment \u00e0 la r\u00e9alit\u00e9 de leur situation.<span class=\"Apple-converted-space\">\u00a0<\/span><\/p>\n<p>ADF :<i> Vous avez mis l\u2019accent sur l\u2019importance du comportement \u00e9thique dans la Marine. Dans un discours de 2022, vous avez averti les commandants de \u00ab sanctions s\u00e9v\u00e8res \u00bb en cas d\u2019infraction. Depuis que vous \u00eates chef d\u2019\u00e9tat-major de la Marine, qu\u2019avez-vous fait pour promouvoir la prise de responsabilit\u00e9 et r\u00e9primer l\u2019inconduite dans la Marine ?<\/i><span class=\"Apple-converted-space\">\u00a0<\/span><\/p>\n<p>Amiral Gambo : Il est impossible d\u2019exag\u00e9rer l\u2019importance du comportement \u00e9thique et de la prise de responsabilit\u00e9 dans la Marine nig\u00e9riane. Mes commandants ont re\u00e7u l\u2019ordre de se familiariser avec mes directives strat\u00e9giques et d\u2019autres r\u00e8glements pertinents de la Marine guidant leurs responsabilit\u00e9s. Les commandants ont \u00e9t\u00e9 avertis des sanctions pour actes d\u2019insubordination ou de complicit\u00e9 avec des \u00e9l\u00e9ments criminels dans l\u2019exercice de leurs fonctions. En cons\u00e9quence, ils sont \u00e9valu\u00e9s p\u00e9riodiquement et attribu\u00e9s des indicateurs de performance cl\u00e9s pour d\u00e9terminer leur effectivit\u00e9 et leur efficacit\u00e9. Il existe aussi des strat\u00e9gies en vigueur pour l\u2019emploi judicieux et l\u00e9gitime des ressources affect\u00e9es. Ceci et d\u2019autres efforts ont abouti \u00e0 une r\u00e9duction importante des crimes dans le domaine maritime de la nation. Je dirais que tout le monde est mis en conformit\u00e9 et ils connaissent les attentes du leadership de la Marine et, \u00e0 un haut niveau strat\u00e9gique, celles du leadership du pays.<span class=\"Apple-converted-space\">\u00a0<\/span><\/p>\n<p>ADF : <i>Quels sont vos buts et vos esp\u00e9rances pour le futur de la Marine nig\u00e9riane et, plus g\u00e9n\u00e9ralement, la s\u00e9curit\u00e9 maritime dans la r\u00e9gion ? <span class=\"Apple-converted-space\">\u00a0<\/span><\/i><\/p>\n<p>Amiral Gambo : La Marine nig\u00e9riane d\u00e9tient la responsabilit\u00e9 constitutionnelle de prot\u00e9ger l\u2019int\u00e9grit\u00e9 territoriale de la nation en mer. Mon programme pour s\u00e9curiser ce domaine maritime est captur\u00e9 dans ma d\u00e9claration de vision : \u00ab tirer profit de tous les facteurs de la position nationale, la technologie, la formation, le travail d\u2019\u00e9quipe et la synergie pour revitaliser la Marine nig\u00e9riane et l\u2019am\u00e9liorer comme force navale bien motiv\u00e9e et pr\u00e9par\u00e9e \u00bb. Le focus consiste \u00e0 soutenir la pr\u00e9sence de la Marine en mer et am\u00e9liorer notre capacit\u00e9 \u00e0 entreprendre \u00e9conomiquement des patrouilles orient\u00e9es vers les r\u00e9sultats, en tirant profit du potentiel des installations MDA. Nous souhaitons cultiver un engagement robuste et collaboratif, \u00e0 la fois \u00e0 l\u2019int\u00e9rieur et \u00e0 l\u2019ext\u00e9rieur, avec les parties prenantes maritimes. Ces mesures renforceront les efforts d\u2019actualisation des applications de s\u00e9curit\u00e9 maritime pour les activit\u00e9s socio-\u00e9conomiques, le bien-\u00eatre des Nig\u00e9rians et la prosp\u00e9rit\u00e9 nationale.<span class=\"Apple-converted-space\">\u00a0\u00a0<\/span><\/p>\n","protected":false},"excerpt":{"rendered":"<p>Le vice-amiral Awwal Zubairu Gambo sert dans la Marine nig\u00e9riane depuis plus de trente ans. Sa carri\u00e8re a inclus des missions sur la strat\u00e9gie navale, les renseignements et la formation. Il a aussi servi en tant qu\u2019attach\u00e9 \u00e0 la d\u00e9fense. En 2017, il a \u00e9t\u00e9 coordinateur de la s\u00e9curit\u00e9 pour le Comit\u00e9 d\u2019assistance pr\u00e9sidentiel pour<\/p>\n","protected":false},"author":1,"featured_media":72812,"comment_status":"open","ping_status":"closed","sticky":false,"template":"","format":"standard","meta":{"_acf_changed":false,"_monsterinsights_skip_tracking":false,"_monsterinsights_sitenote_active":false,"_monsterinsights_sitenote_note":"","_monsterinsights_sitenote_category":0,"_uf_show_specific_survey":0,"_uf_disable_surveys":false,"footnotes":""},"categories":[42],"tags":[552,969,554,435,551,1028,996],"class_list":{"0":"post-72944","1":"post","2":"type-post","3":"status-publish","4":"format-standard","5":"has-post-thumbnail","7":"category-articles","8":"tag-golfe-de-guinee","9":"tag-marine","10":"tag-maritime-fr","11":"tag-nigeria-fr","12":"tag-peche-illegale","13":"tag-piraterie","14":"tag-questions-reponses"},"acf":[],"yoast_head":"<!-- This site is optimized with the Yoast SEO plugin v27.5 - https:\/\/yoast.com\/product\/yoast-seo-wordpress\/ -->\n<title>\u00ab C\u2019est Notre Marine \u00bb - Africa Defense Forum<\/title>\n<meta name=\"robots\" content=\"index, follow, max-snippet:-1, max-image-preview:large, max-video-preview:-1\" \/>\n<link rel=\"canonical\" href=\"https:\/\/adf-magazine.com\/2023\/01\/its-our-navy\/\" \/>\n<meta property=\"og:locale\" content=\"fr_FR\" \/>\n<meta property=\"og:type\" content=\"article\" \/>\n<meta property=\"og:title\" content=\"\u00ab C\u2019est Notre Marine \u00bb - Africa Defense Forum\" \/>\n<meta property=\"og:description\" content=\"Le vice-amiral Awwal Zubairu Gambo sert dans la Marine nig\u00e9riane depuis plus de trente ans. Sa carri\u00e8re a inclus des missions sur la strat\u00e9gie navale, les renseignements et la formation. Il a aussi servi en tant qu\u2019attach\u00e9 \u00e0 la d\u00e9fense. En 2017, il a \u00e9t\u00e9 coordinateur de la s\u00e9curit\u00e9 pour le Comit\u00e9 d\u2019assistance pr\u00e9sidentiel pour\" \/>\n<meta property=\"og:url\" content=\"https:\/\/adf-magazine.com\/2023\/01\/its-our-navy\/\" \/>\n<meta property=\"og:site_name\" content=\"Africa Defense Forum\" \/>\n<meta property=\"article:publisher\" content=\"https:\/\/www.facebook.com\/ADFmagazine\/\" \/>\n<meta property=\"article:published_time\" content=\"2023-01-20T17:30:57+00:00\" \/>\n<meta property=\"article:modified_time\" content=\"2023-01-25T18:02:34+00:00\" \/>\n<meta property=\"og:image\" content=\"https:\/\/adf-magazine.com\/wp-content\/uploads\/2023\/01\/Gambo4.jpg\" \/>\n\t<meta property=\"og:image:width\" content=\"1080\" \/>\n\t<meta property=\"og:image:height\" content=\"720\" \/>\n\t<meta property=\"og:image:type\" content=\"image\/jpeg\" \/>\n<meta name=\"author\" content=\"ADF\" \/>\n<meta name=\"twitter:card\" content=\"summary_large_image\" \/>\n<meta name=\"twitter:image\" content=\"https:\/\/adf-magazine.com\/wp-content\/uploads\/2023\/01\/Gambo4.jpg\" \/>\n<meta name=\"twitter:creator\" content=\"@ADFmagazine\" \/>\n<meta name=\"twitter:site\" content=\"@ADFmagazine\" \/>\n<meta name=\"twitter:label1\" content=\"\u00c9crit par\" \/>\n\t<meta name=\"twitter:data1\" content=\"ADF\" \/>\n\t<meta name=\"twitter:label2\" content=\"Dur\u00e9e de lecture estim\u00e9e\" \/>\n\t<meta name=\"twitter:data2\" content=\"11 minutes\" \/>\n<script type=\"application\/ld+json\" class=\"yoast-schema-graph\">{\"@context\":\"https:\\\/\\\/schema.org\",\"@graph\":[{\"@type\":\"Article\",\"@id\":\"https:\\\/\\\/adf-magazine.com\\\/2023\\\/01\\\/its-our-navy\\\/#article\",\"isPartOf\":{\"@id\":\"https:\\\/\\\/adf-magazine.com\\\/2023\\\/01\\\/its-our-navy\\\/\"},\"author\":{\"name\":\"ADF\",\"@id\":\"https:\\\/\\\/adf-magazine.com\\\/#\\\/schema\\\/person\\\/f266a6061389568b5a11465bb38bc025\"},\"headline\":\"\u00ab C\u2019est Notre Marine \u00bb\",\"datePublished\":\"2023-01-20T17:30:57+00:00\",\"dateModified\":\"2023-01-25T18:02:34+00:00\",\"mainEntityOfPage\":{\"@id\":\"https:\\\/\\\/adf-magazine.com\\\/2023\\\/01\\\/its-our-navy\\\/\"},\"wordCount\":2300,\"commentCount\":0,\"image\":{\"@id\":\"https:\\\/\\\/adf-magazine.com\\\/2023\\\/01\\\/its-our-navy\\\/#primaryimage\"},\"thumbnailUrl\":\"https:\\\/\\\/adf-magazine.com\\\/wp-content\\\/uploads\\\/2023\\\/01\\\/Gambo1.jpg\",\"keywords\":[\"Golfe de Guin\u00e9e\",\"Marine\",\"maritime\",\"Nigeria\",\"p\u00eache ill\u00e9gale\",\"piraterie\",\"Questions-R\u00e9ponses\"],\"articleSection\":[\"articles\"],\"inLanguage\":\"fr-FR\",\"potentialAction\":[{\"@type\":\"CommentAction\",\"name\":\"Comment\",\"target\":[\"https:\\\/\\\/adf-magazine.com\\\/2023\\\/01\\\/its-our-navy\\\/#respond\"]}]},{\"@type\":\"WebPage\",\"@id\":\"https:\\\/\\\/adf-magazine.com\\\/2023\\\/01\\\/its-our-navy\\\/\",\"url\":\"https:\\\/\\\/adf-magazine.com\\\/2023\\\/01\\\/its-our-navy\\\/\",\"name\":\"\u00ab C\u2019est Notre Marine \u00bb - Africa Defense Forum\",\"isPartOf\":{\"@id\":\"https:\\\/\\\/adf-magazine.com\\\/#website\"},\"primaryImageOfPage\":{\"@id\":\"https:\\\/\\\/adf-magazine.com\\\/2023\\\/01\\\/its-our-navy\\\/#primaryimage\"},\"image\":{\"@id\":\"https:\\\/\\\/adf-magazine.com\\\/2023\\\/01\\\/its-our-navy\\\/#primaryimage\"},\"thumbnailUrl\":\"https:\\\/\\\/adf-magazine.com\\\/wp-content\\\/uploads\\\/2023\\\/01\\\/Gambo1.jpg\",\"datePublished\":\"2023-01-20T17:30:57+00:00\",\"dateModified\":\"2023-01-25T18:02:34+00:00\",\"author\":{\"@id\":\"https:\\\/\\\/adf-magazine.com\\\/#\\\/schema\\\/person\\\/f266a6061389568b5a11465bb38bc025\"},\"breadcrumb\":{\"@id\":\"https:\\\/\\\/adf-magazine.com\\\/2023\\\/01\\\/its-our-navy\\\/#breadcrumb\"},\"inLanguage\":\"fr-FR\",\"potentialAction\":[{\"@type\":\"ReadAction\",\"target\":[\"https:\\\/\\\/adf-magazine.com\\\/2023\\\/01\\\/its-our-navy\\\/\"]}]},{\"@type\":\"ImageObject\",\"inLanguage\":\"fr-FR\",\"@id\":\"https:\\\/\\\/adf-magazine.com\\\/2023\\\/01\\\/its-our-navy\\\/#primaryimage\",\"url\":\"https:\\\/\\\/adf-magazine.com\\\/wp-content\\\/uploads\\\/2023\\\/01\\\/Gambo1.jpg\",\"contentUrl\":\"https:\\\/\\\/adf-magazine.com\\\/wp-content\\\/uploads\\\/2023\\\/01\\\/Gambo1.jpg\",\"width\":1080,\"height\":622},{\"@type\":\"BreadcrumbList\",\"@id\":\"https:\\\/\\\/adf-magazine.com\\\/2023\\\/01\\\/its-our-navy\\\/#breadcrumb\",\"itemListElement\":[{\"@type\":\"ListItem\",\"position\":1,\"name\":\"page d\u2019accueil\",\"item\":\"https:\\\/\\\/adf-magazine.com\\\/\"},{\"@type\":\"ListItem\",\"position\":2,\"name\":\"\u00ab C\u2019est Notre Marine \u00bb\"}]},{\"@type\":\"WebSite\",\"@id\":\"https:\\\/\\\/adf-magazine.com\\\/#website\",\"url\":\"https:\\\/\\\/adf-magazine.com\\\/\",\"name\":\"Africa Defense Forum\",\"description\":\"Africa Defense Forum\",\"potentialAction\":[{\"@type\":\"SearchAction\",\"target\":{\"@type\":\"EntryPoint\",\"urlTemplate\":\"https:\\\/\\\/adf-magazine.com\\\/?s={search_term_string}\"},\"query-input\":{\"@type\":\"PropertyValueSpecification\",\"valueRequired\":true,\"valueName\":\"search_term_string\"}}],\"inLanguage\":\"fr-FR\"},{\"@type\":\"Person\",\"@id\":\"https:\\\/\\\/adf-magazine.com\\\/#\\\/schema\\\/person\\\/f266a6061389568b5a11465bb38bc025\",\"name\":\"ADF\",\"image\":{\"@type\":\"ImageObject\",\"inLanguage\":\"fr-FR\",\"@id\":\"https:\\\/\\\/adf-magazine.com\\\/wp-content\\\/uploads\\\/2020\\\/05\\\/cropped-ADF_icon.jpg\",\"url\":\"https:\\\/\\\/adf-magazine.com\\\/wp-content\\\/uploads\\\/2020\\\/05\\\/cropped-ADF_icon.jpg\",\"contentUrl\":\"https:\\\/\\\/adf-magazine.com\\\/wp-content\\\/uploads\\\/2020\\\/05\\\/cropped-ADF_icon.jpg\",\"caption\":\"ADF\"},\"description\":\"ADF is a professional military magazine published quarterly by U.S. Africa Command to provide an international forum for African security professionals. ADF covers topics such as counter terrorism strategies, security and defense operations, transnational crime, and all other issues affecting peace, stability, and good governance on the African continent.\",\"sameAs\":[\"https:\\\/\\\/x.com\\\/ADFmagazine\"],\"url\":\"https:\\\/\\\/adf-magazine.com\\\/fr\\\/author\\\/adf\\\/\"}]}<\/script>\n<!-- \/ Yoast SEO plugin. -->","yoast_head_json":{"title":"\u00ab C\u2019est Notre Marine \u00bb - Africa Defense Forum","robots":{"index":"index","follow":"follow","max-snippet":"max-snippet:-1","max-image-preview":"max-image-preview:large","max-video-preview":"max-video-preview:-1"},"canonical":"https:\/\/adf-magazine.com\/2023\/01\/its-our-navy\/","og_locale":"fr_FR","og_type":"article","og_title":"\u00ab C\u2019est Notre Marine \u00bb - Africa Defense Forum","og_description":"Le vice-amiral Awwal Zubairu Gambo sert dans la Marine nig\u00e9riane depuis plus de trente ans. Sa carri\u00e8re a inclus des missions sur la strat\u00e9gie navale, les renseignements et la formation. Il a aussi servi en tant qu\u2019attach\u00e9 \u00e0 la d\u00e9fense. En 2017, il a \u00e9t\u00e9 coordinateur de la s\u00e9curit\u00e9 pour le Comit\u00e9 d\u2019assistance pr\u00e9sidentiel pour","og_url":"https:\/\/adf-magazine.com\/2023\/01\/its-our-navy\/","og_site_name":"Africa Defense Forum","article_publisher":"https:\/\/www.facebook.com\/ADFmagazine\/","article_published_time":"2023-01-20T17:30:57+00:00","article_modified_time":"2023-01-25T18:02:34+00:00","og_image":[{"width":1080,"height":720,"url":"https:\/\/adf-magazine.com\/wp-content\/uploads\/2023\/01\/Gambo4.jpg","type":"image\/jpeg"}],"author":"ADF","twitter_card":"summary_large_image","twitter_image":"https:\/\/adf-magazine.com\/wp-content\/uploads\/2023\/01\/Gambo4.jpg","twitter_creator":"@ADFmagazine","twitter_site":"@ADFmagazine","twitter_misc":{"\u00c9crit par":"ADF","Dur\u00e9e de lecture estim\u00e9e":"11 minutes"},"schema":{"@context":"https:\/\/schema.org","@graph":[{"@type":"Article","@id":"https:\/\/adf-magazine.com\/2023\/01\/its-our-navy\/#article","isPartOf":{"@id":"https:\/\/adf-magazine.com\/2023\/01\/its-our-navy\/"},"author":{"name":"ADF","@id":"https:\/\/adf-magazine.com\/#\/schema\/person\/f266a6061389568b5a11465bb38bc025"},"headline":"\u00ab C\u2019est Notre Marine \u00bb","datePublished":"2023-01-20T17:30:57+00:00","dateModified":"2023-01-25T18:02:34+00:00","mainEntityOfPage":{"@id":"https:\/\/adf-magazine.com\/2023\/01\/its-our-navy\/"},"wordCount":2300,"commentCount":0,"image":{"@id":"https:\/\/adf-magazine.com\/2023\/01\/its-our-navy\/#primaryimage"},"thumbnailUrl":"https:\/\/adf-magazine.com\/wp-content\/uploads\/2023\/01\/Gambo1.jpg","keywords":["Golfe de Guin\u00e9e","Marine","maritime","Nigeria","p\u00eache ill\u00e9gale","piraterie","Questions-R\u00e9ponses"],"articleSection":["articles"],"inLanguage":"fr-FR","potentialAction":[{"@type":"CommentAction","name":"Comment","target":["https:\/\/adf-magazine.com\/2023\/01\/its-our-navy\/#respond"]}]},{"@type":"WebPage","@id":"https:\/\/adf-magazine.com\/2023\/01\/its-our-navy\/","url":"https:\/\/adf-magazine.com\/2023\/01\/its-our-navy\/","name":"\u00ab C\u2019est Notre Marine \u00bb - Africa Defense Forum","isPartOf":{"@id":"https:\/\/adf-magazine.com\/#website"},"primaryImageOfPage":{"@id":"https:\/\/adf-magazine.com\/2023\/01\/its-our-navy\/#primaryimage"},"image":{"@id":"https:\/\/adf-magazine.com\/2023\/01\/its-our-navy\/#primaryimage"},"thumbnailUrl":"https:\/\/adf-magazine.com\/wp-content\/uploads\/2023\/01\/Gambo1.jpg","datePublished":"2023-01-20T17:30:57+00:00","dateModified":"2023-01-25T18:02:34+00:00","author":{"@id":"https:\/\/adf-magazine.com\/#\/schema\/person\/f266a6061389568b5a11465bb38bc025"},"breadcrumb":{"@id":"https:\/\/adf-magazine.com\/2023\/01\/its-our-navy\/#breadcrumb"},"inLanguage":"fr-FR","potentialAction":[{"@type":"ReadAction","target":["https:\/\/adf-magazine.com\/2023\/01\/its-our-navy\/"]}]},{"@type":"ImageObject","inLanguage":"fr-FR","@id":"https:\/\/adf-magazine.com\/2023\/01\/its-our-navy\/#primaryimage","url":"https:\/\/adf-magazine.com\/wp-content\/uploads\/2023\/01\/Gambo1.jpg","contentUrl":"https:\/\/adf-magazine.com\/wp-content\/uploads\/2023\/01\/Gambo1.jpg","width":1080,"height":622},{"@type":"BreadcrumbList","@id":"https:\/\/adf-magazine.com\/2023\/01\/its-our-navy\/#breadcrumb","itemListElement":[{"@type":"ListItem","position":1,"name":"page d\u2019accueil","item":"https:\/\/adf-magazine.com\/"},{"@type":"ListItem","position":2,"name":"\u00ab C\u2019est Notre Marine \u00bb"}]},{"@type":"WebSite","@id":"https:\/\/adf-magazine.com\/#website","url":"https:\/\/adf-magazine.com\/","name":"Africa Defense Forum","description":"Africa Defense Forum","potentialAction":[{"@type":"SearchAction","target":{"@type":"EntryPoint","urlTemplate":"https:\/\/adf-magazine.com\/?s={search_term_string}"},"query-input":{"@type":"PropertyValueSpecification","valueRequired":true,"valueName":"search_term_string"}}],"inLanguage":"fr-FR"},{"@type":"Person","@id":"https:\/\/adf-magazine.com\/#\/schema\/person\/f266a6061389568b5a11465bb38bc025","name":"ADF","image":{"@type":"ImageObject","inLanguage":"fr-FR","@id":"https:\/\/adf-magazine.com\/wp-content\/uploads\/2020\/05\/cropped-ADF_icon.jpg","url":"https:\/\/adf-magazine.com\/wp-content\/uploads\/2020\/05\/cropped-ADF_icon.jpg","contentUrl":"https:\/\/adf-magazine.com\/wp-content\/uploads\/2020\/05\/cropped-ADF_icon.jpg","caption":"ADF"},"description":"ADF is a professional military magazine published quarterly by U.S. Africa Command to provide an international forum for African security professionals. ADF covers topics such as counter terrorism strategies, security and defense operations, transnational crime, and all other issues affecting peace, stability, and good governance on the African continent.","sameAs":["https:\/\/x.com\/ADFmagazine"],"url":"https:\/\/adf-magazine.com\/fr\/author\/adf\/"}]}},"_links":{"self":[{"href":"https:\/\/adf-magazine.com\/fr\/wp-json\/wp\/v2\/posts\/72944","targetHints":{"allow":["GET"]}}],"collection":[{"href":"https:\/\/adf-magazine.com\/fr\/wp-json\/wp\/v2\/posts"}],"about":[{"href":"https:\/\/adf-magazine.com\/fr\/wp-json\/wp\/v2\/types\/post"}],"author":[{"embeddable":true,"href":"https:\/\/adf-magazine.com\/fr\/wp-json\/wp\/v2\/users\/1"}],"replies":[{"embeddable":true,"href":"https:\/\/adf-magazine.com\/fr\/wp-json\/wp\/v2\/comments?post=72944"}],"version-history":[{"count":0,"href":"https:\/\/adf-magazine.com\/fr\/wp-json\/wp\/v2\/posts\/72944\/revisions"}],"wp:featuredmedia":[{"embeddable":true,"href":"https:\/\/adf-magazine.com\/fr\/wp-json\/wp\/v2\/media\/72812"}],"wp:attachment":[{"href":"https:\/\/adf-magazine.com\/fr\/wp-json\/wp\/v2\/media?parent=72944"}],"wp:term":[{"taxonomy":"category","embeddable":true,"href":"https:\/\/adf-magazine.com\/fr\/wp-json\/wp\/v2\/categories?post=72944"},{"taxonomy":"post_tag","embeddable":true,"href":"https:\/\/adf-magazine.com\/fr\/wp-json\/wp\/v2\/tags?post=72944"}],"curies":[{"name":"wp","href":"https:\/\/api.w.org\/{rel}","templated":true}]}}