{"id":7121,"date":"2016-11-01T20:26:43","date_gmt":"2016-11-01T20:26:43","guid":{"rendered":"https:\/\/adf-magazine.com\/?p=7121"},"modified":"2016-11-10T18:54:19","modified_gmt":"2016-11-10T18:54:19","slug":"lerythree-veut-devenir-patrimoine-mondial-de-lunesco-pour-preserver-ses-joyaux-architecturaux","status":"publish","type":"post","link":"https:\/\/adf-magazine.com\/fr\/2016\/11\/lerythree-veut-devenir-patrimoine-mondial-de-lunesco-pour-preserver-ses-joyaux-architecturaux\/","title":{"rendered":"L\u2019\u00c9RYTHR\u00c9E VEUT DEVENIR PATRIMOINE MONDIAL DE L\u2019UNESCO POUR PR\u00c9SERVER SES JOYAUX ARCHITECTURAUX"},"content":{"rendered":"<p>REUTERS\/ PERSONNEL D\u2019<i>ADF<\/i><\/p>\n<p>La puissance coloniale italienne a quitt\u00e9 l\u2019\u00c9rythr\u00e9e en 1941, mais elle a laiss\u00e9 derri\u00e8re elle son patrimoine architectural. Aujourd\u2019hui, la capitale, Asmara, renferme les plus beaux exemples les mieux pr\u00e9serv\u00e9s de l\u2019architecture moderniste du 20e si\u00e8cle.<\/p>\n<p>Pour s\u2019assurer que ces b\u00e2timents pourront \u00eatre admir\u00e9s par les g\u00e9n\u00e9rations futures, les autorit\u00e9s \u00e9rythr\u00e9ennes veulent faire inscrire le site au patrimoine mondial de l\u2019UNESCO.<\/p>\n<p>\u00ab La ville est intacte et conserve son caract\u00e8re original \u00bb, a affirm\u00e9 Medhanie Teklemariam, coordonnateur du projet Patrimoine d\u2019Asmara, qui a dress\u00e9 l\u2019inventaire d\u2019environ 4.300 b\u00e2timents historiques. Le dossier de candidature au patrimoine mondial de l\u2019UNESCO a \u00e9t\u00e9 d\u00e9pos\u00e9 en 2016 et une d\u00e9cision devrait \u00eatre prise en 2017.<\/p>\n<p>Des architectes italiens ont surnomm\u00e9 Asmara \u00ab La Piccola Roma \u00bb, ou la petite Rome. Le cin\u00e9ma Impero, de style Art d\u00e9co, le minist\u00e8re de l\u2019\u00c9ducation, qui abritait autrefois le si\u00e8ge du parti fasciste italien, et la station-service futuriste Fiat Tagliero, en forme d\u2019avion, d\u00e9fiant les lois de l\u2019apesanteur avec sa paire d&rsquo;ailes en porte-\u00e0-faux de 15 m\u00e8tres construite en b\u00e9ton, flanquent les \u00e9l\u00e9gantes avenues de la ville.<\/p>\n<p>Si sa demande est accept\u00e9e, Asmara b\u00e9n\u00e9ficierait d\u2019une assistance technique pour r\u00e9nover et pr\u00e9server ses b\u00e2timents historiques, qui incluent des bureaux, des immeubles publics et des logements. Le statut de patrimoine mondial de l\u2019UNESCO favoriserait aussi le tourisme vers une destination qui passe souvent inaper\u00e7ue. L\u2019\u00c9rythr\u00e9e a des montagnes abruptes et une longue c\u00f4te bordant la mer Rouge, mais pas de cha\u00eene h\u00f4teli\u00e8re internationale.<\/p>\n<p>Les autorit\u00e9s ont \u00e9galement soigneusement prot\u00e9g\u00e9 le patrimoine architectural en respectant les r\u00e8glements de construction de 1938. De nouveaux r\u00e8glements sont en cours d\u2019\u00e9laboration, mais certaines r\u00e8gles, comme la limitation de la hauteur des b\u00e2timents \u00e0 60 m\u00e8tres, resteront probablement en vigueur.<\/p>\n<p>\u00ab Si nous d\u00e9passons cette hauteur, je pense que nous d\u00e9truirons la silhouette d\u2019Asmara \u00bb, a affirm\u00e9 Medhanie Teklemariam.<\/p>\n","protected":false},"excerpt":{"rendered":"<p>REUTERS\/ PERSONNEL D\u2019ADF La puissance coloniale italienne a quitt\u00e9 l\u2019\u00c9rythr\u00e9e en 1941, mais elle a laiss\u00e9 derri\u00e8re elle son patrimoine architectural. Aujourd\u2019hui, la capitale, Asmara, renferme les plus beaux exemples les mieux pr\u00e9serv\u00e9s de l\u2019architecture moderniste du 20e si\u00e8cle. Pour s\u2019assurer que ces b\u00e2timents pourront \u00eatre admir\u00e9s par les g\u00e9n\u00e9rations futures, les autorit\u00e9s \u00e9rythr\u00e9ennes veulent<\/p>\n","protected":false},"author":1,"featured_media":6514,"comment_status":"open","ping_status":"open","sticky":false,"template":"","format":"standard","meta":{"_acf_changed":false,"_monsterinsights_skip_tracking":false,"_monsterinsights_sitenote_active":false,"_monsterinsights_sitenote_note":"","_monsterinsights_sitenote_category":0,"_uf_show_specific_survey":0,"_uf_disable_surveys":false,"footnotes":""},"categories":[60,40],"tags":[],"class_list":{"0":"post-7121","1":"post","2":"type-post","3":"status-publish","4":"format-standard","5":"has-post-thumbnail","7":"category-l-afrique-aujourdhui","8":"category-rubriques"},"acf":[],"yoast_head":"<!-- This site is optimized with the Yoast SEO plugin v27.4 - https:\/\/yoast.com\/product\/yoast-seo-wordpress\/ -->\n<title>L\u2019\u00c9RYTHR\u00c9E VEUT DEVENIR PATRIMOINE MONDIAL DE L\u2019UNESCO POUR PR\u00c9SERVER SES JOYAUX ARCHITECTURAUX - Africa Defense Forum<\/title>\n<meta name=\"robots\" content=\"index, follow, max-snippet:-1, max-image-preview:large, max-video-preview:-1\" \/>\n<link rel=\"canonical\" href=\"https:\/\/adf-magazine.com\/2016\/11\/eritrea-seeks-unesco-status-to-preserve-architectural-gems\/\" \/>\n<meta property=\"og:locale\" content=\"fr_FR\" \/>\n<meta property=\"og:type\" content=\"article\" \/>\n<meta property=\"og:title\" content=\"L\u2019\u00c9RYTHR\u00c9E VEUT DEVENIR PATRIMOINE MONDIAL DE L\u2019UNESCO POUR PR\u00c9SERVER SES JOYAUX ARCHITECTURAUX - Africa Defense Forum\" \/>\n<meta property=\"og:description\" content=\"REUTERS\/ PERSONNEL D\u2019ADF La puissance coloniale italienne a quitt\u00e9 l\u2019\u00c9rythr\u00e9e en 1941, mais elle a laiss\u00e9 derri\u00e8re elle son patrimoine architectural. Aujourd\u2019hui, la capitale, Asmara, renferme les plus beaux exemples les mieux pr\u00e9serv\u00e9s de l\u2019architecture moderniste du 20e si\u00e8cle. Pour s\u2019assurer que ces b\u00e2timents pourront \u00eatre admir\u00e9s par les g\u00e9n\u00e9rations futures, les autorit\u00e9s \u00e9rythr\u00e9ennes veulent\" \/>\n<meta property=\"og:url\" content=\"https:\/\/adf-magazine.com\/2016\/11\/eritrea-seeks-unesco-status-to-preserve-architectural-gems\/\" \/>\n<meta property=\"og:site_name\" content=\"Africa Defense Forum\" \/>\n<meta property=\"article:publisher\" content=\"https:\/\/www.facebook.com\/ADFmagazine\/\" \/>\n<meta property=\"article:published_time\" content=\"2016-11-01T20:26:43+00:00\" \/>\n<meta property=\"article:modified_time\" content=\"2016-11-10T18:54:19+00:00\" \/>\n<meta property=\"og:image\" content=\"https:\/\/adf-magazine.com\/wp-content\/uploads\/2016\/10\/AT_italian.jpg\" \/>\n\t<meta property=\"og:image:width\" content=\"1080\" \/>\n\t<meta property=\"og:image:height\" content=\"713\" \/>\n\t<meta property=\"og:image:type\" content=\"image\/jpeg\" \/>\n<meta name=\"author\" content=\"ADF\" \/>\n<meta name=\"twitter:card\" content=\"summary_large_image\" \/>\n<meta name=\"twitter:creator\" content=\"@ADFmagazine\" \/>\n<meta name=\"twitter:site\" content=\"@ADFmagazine\" \/>\n<meta name=\"twitter:label1\" content=\"\u00c9crit par\" \/>\n\t<meta name=\"twitter:data1\" content=\"ADF\" \/>\n\t<meta name=\"twitter:label2\" content=\"Dur\u00e9e de lecture estim\u00e9e\" \/>\n\t<meta name=\"twitter:data2\" content=\"2 minutes\" \/>\n<script type=\"application\/ld+json\" class=\"yoast-schema-graph\">{\"@context\":\"https:\\\/\\\/schema.org\",\"@graph\":[{\"@type\":\"Article\",\"@id\":\"https:\\\/\\\/adf-magazine.com\\\/2016\\\/11\\\/eritrea-seeks-unesco-status-to-preserve-architectural-gems\\\/#article\",\"isPartOf\":{\"@id\":\"https:\\\/\\\/adf-magazine.com\\\/2016\\\/11\\\/eritrea-seeks-unesco-status-to-preserve-architectural-gems\\\/\"},\"author\":{\"name\":\"ADF\",\"@id\":\"https:\\\/\\\/adf-magazine.com\\\/#\\\/schema\\\/person\\\/f266a6061389568b5a11465bb38bc025\"},\"headline\":\"L\u2019\u00c9RYTHR\u00c9E VEUT DEVENIR PATRIMOINE MONDIAL DE L\u2019UNESCO POUR PR\u00c9SERVER SES JOYAUX ARCHITECTURAUX\",\"datePublished\":\"2016-11-01T20:26:43+00:00\",\"dateModified\":\"2016-11-10T18:54:19+00:00\",\"mainEntityOfPage\":{\"@id\":\"https:\\\/\\\/adf-magazine.com\\\/2016\\\/11\\\/eritrea-seeks-unesco-status-to-preserve-architectural-gems\\\/\"},\"wordCount\":373,\"commentCount\":0,\"image\":{\"@id\":\"https:\\\/\\\/adf-magazine.com\\\/2016\\\/11\\\/eritrea-seeks-unesco-status-to-preserve-architectural-gems\\\/#primaryimage\"},\"thumbnailUrl\":\"https:\\\/\\\/adf-magazine.com\\\/wp-content\\\/uploads\\\/2016\\\/10\\\/AT_italian.jpg\",\"articleSection\":[\"L\u2019Afrique aujourd\u2019hui\",\"rubriques\"],\"inLanguage\":\"fr-FR\",\"potentialAction\":[{\"@type\":\"CommentAction\",\"name\":\"Comment\",\"target\":[\"https:\\\/\\\/adf-magazine.com\\\/2016\\\/11\\\/eritrea-seeks-unesco-status-to-preserve-architectural-gems\\\/#respond\"]}]},{\"@type\":\"WebPage\",\"@id\":\"https:\\\/\\\/adf-magazine.com\\\/2016\\\/11\\\/eritrea-seeks-unesco-status-to-preserve-architectural-gems\\\/\",\"url\":\"https:\\\/\\\/adf-magazine.com\\\/2016\\\/11\\\/eritrea-seeks-unesco-status-to-preserve-architectural-gems\\\/\",\"name\":\"L\u2019\u00c9RYTHR\u00c9E VEUT DEVENIR PATRIMOINE MONDIAL DE L\u2019UNESCO POUR PR\u00c9SERVER SES JOYAUX ARCHITECTURAUX - Africa Defense Forum\",\"isPartOf\":{\"@id\":\"https:\\\/\\\/adf-magazine.com\\\/#website\"},\"primaryImageOfPage\":{\"@id\":\"https:\\\/\\\/adf-magazine.com\\\/2016\\\/11\\\/eritrea-seeks-unesco-status-to-preserve-architectural-gems\\\/#primaryimage\"},\"image\":{\"@id\":\"https:\\\/\\\/adf-magazine.com\\\/2016\\\/11\\\/eritrea-seeks-unesco-status-to-preserve-architectural-gems\\\/#primaryimage\"},\"thumbnailUrl\":\"https:\\\/\\\/adf-magazine.com\\\/wp-content\\\/uploads\\\/2016\\\/10\\\/AT_italian.jpg\",\"datePublished\":\"2016-11-01T20:26:43+00:00\",\"dateModified\":\"2016-11-10T18:54:19+00:00\",\"author\":{\"@id\":\"https:\\\/\\\/adf-magazine.com\\\/#\\\/schema\\\/person\\\/f266a6061389568b5a11465bb38bc025\"},\"breadcrumb\":{\"@id\":\"https:\\\/\\\/adf-magazine.com\\\/2016\\\/11\\\/eritrea-seeks-unesco-status-to-preserve-architectural-gems\\\/#breadcrumb\"},\"inLanguage\":\"fr-FR\",\"potentialAction\":[{\"@type\":\"ReadAction\",\"target\":[\"https:\\\/\\\/adf-magazine.com\\\/2016\\\/11\\\/eritrea-seeks-unesco-status-to-preserve-architectural-gems\\\/\"]}]},{\"@type\":\"ImageObject\",\"inLanguage\":\"fr-FR\",\"@id\":\"https:\\\/\\\/adf-magazine.com\\\/2016\\\/11\\\/eritrea-seeks-unesco-status-to-preserve-architectural-gems\\\/#primaryimage\",\"url\":\"https:\\\/\\\/adf-magazine.com\\\/wp-content\\\/uploads\\\/2016\\\/10\\\/AT_italian.jpg\",\"contentUrl\":\"https:\\\/\\\/adf-magazine.com\\\/wp-content\\\/uploads\\\/2016\\\/10\\\/AT_italian.jpg\",\"width\":1080,\"height\":713},{\"@type\":\"BreadcrumbList\",\"@id\":\"https:\\\/\\\/adf-magazine.com\\\/2016\\\/11\\\/eritrea-seeks-unesco-status-to-preserve-architectural-gems\\\/#breadcrumb\",\"itemListElement\":[{\"@type\":\"ListItem\",\"position\":1,\"name\":\"page d\u2019accueil\",\"item\":\"https:\\\/\\\/adf-magazine.com\\\/\"},{\"@type\":\"ListItem\",\"position\":2,\"name\":\"L\u2019\u00c9RYTHR\u00c9E VEUT DEVENIR PATRIMOINE MONDIAL DE L\u2019UNESCO POUR PR\u00c9SERVER SES JOYAUX ARCHITECTURAUX\"}]},{\"@type\":\"WebSite\",\"@id\":\"https:\\\/\\\/adf-magazine.com\\\/#website\",\"url\":\"https:\\\/\\\/adf-magazine.com\\\/\",\"name\":\"Africa Defense Forum\",\"description\":\"Africa Defense Forum\",\"potentialAction\":[{\"@type\":\"SearchAction\",\"target\":{\"@type\":\"EntryPoint\",\"urlTemplate\":\"https:\\\/\\\/adf-magazine.com\\\/?s={search_term_string}\"},\"query-input\":{\"@type\":\"PropertyValueSpecification\",\"valueRequired\":true,\"valueName\":\"search_term_string\"}}],\"inLanguage\":\"fr-FR\"},{\"@type\":\"Person\",\"@id\":\"https:\\\/\\\/adf-magazine.com\\\/#\\\/schema\\\/person\\\/f266a6061389568b5a11465bb38bc025\",\"name\":\"ADF\",\"image\":{\"@type\":\"ImageObject\",\"inLanguage\":\"fr-FR\",\"@id\":\"https:\\\/\\\/adf-magazine.com\\\/wp-content\\\/uploads\\\/2020\\\/05\\\/cropped-ADF_icon.jpg\",\"url\":\"https:\\\/\\\/adf-magazine.com\\\/wp-content\\\/uploads\\\/2020\\\/05\\\/cropped-ADF_icon.jpg\",\"contentUrl\":\"https:\\\/\\\/adf-magazine.com\\\/wp-content\\\/uploads\\\/2020\\\/05\\\/cropped-ADF_icon.jpg\",\"caption\":\"ADF\"},\"description\":\"ADF is a professional military magazine published quarterly by U.S. Africa Command to provide an international forum for African security professionals. ADF covers topics such as counter terrorism strategies, security and defense operations, transnational crime, and all other issues affecting peace, stability, and good governance on the African continent.\",\"sameAs\":[\"https:\\\/\\\/x.com\\\/ADFmagazine\"],\"url\":\"https:\\\/\\\/adf-magazine.com\\\/fr\\\/author\\\/adf\\\/\"}]}<\/script>\n<!-- \/ Yoast SEO plugin. -->","yoast_head_json":{"title":"L\u2019\u00c9RYTHR\u00c9E VEUT DEVENIR PATRIMOINE MONDIAL DE L\u2019UNESCO POUR PR\u00c9SERVER SES JOYAUX ARCHITECTURAUX - Africa Defense Forum","robots":{"index":"index","follow":"follow","max-snippet":"max-snippet:-1","max-image-preview":"max-image-preview:large","max-video-preview":"max-video-preview:-1"},"canonical":"https:\/\/adf-magazine.com\/2016\/11\/eritrea-seeks-unesco-status-to-preserve-architectural-gems\/","og_locale":"fr_FR","og_type":"article","og_title":"L\u2019\u00c9RYTHR\u00c9E VEUT DEVENIR PATRIMOINE MONDIAL DE L\u2019UNESCO POUR PR\u00c9SERVER SES JOYAUX ARCHITECTURAUX - Africa Defense Forum","og_description":"REUTERS\/ PERSONNEL D\u2019ADF La puissance coloniale italienne a quitt\u00e9 l\u2019\u00c9rythr\u00e9e en 1941, mais elle a laiss\u00e9 derri\u00e8re elle son patrimoine architectural. Aujourd\u2019hui, la capitale, Asmara, renferme les plus beaux exemples les mieux pr\u00e9serv\u00e9s de l\u2019architecture moderniste du 20e si\u00e8cle. Pour s\u2019assurer que ces b\u00e2timents pourront \u00eatre admir\u00e9s par les g\u00e9n\u00e9rations futures, les autorit\u00e9s \u00e9rythr\u00e9ennes veulent","og_url":"https:\/\/adf-magazine.com\/2016\/11\/eritrea-seeks-unesco-status-to-preserve-architectural-gems\/","og_site_name":"Africa Defense Forum","article_publisher":"https:\/\/www.facebook.com\/ADFmagazine\/","article_published_time":"2016-11-01T20:26:43+00:00","article_modified_time":"2016-11-10T18:54:19+00:00","og_image":[{"width":1080,"height":713,"url":"https:\/\/adf-magazine.com\/wp-content\/uploads\/2016\/10\/AT_italian.jpg","type":"image\/jpeg"}],"author":"ADF","twitter_card":"summary_large_image","twitter_creator":"@ADFmagazine","twitter_site":"@ADFmagazine","twitter_misc":{"\u00c9crit par":"ADF","Dur\u00e9e de lecture estim\u00e9e":"2 minutes"},"schema":{"@context":"https:\/\/schema.org","@graph":[{"@type":"Article","@id":"https:\/\/adf-magazine.com\/2016\/11\/eritrea-seeks-unesco-status-to-preserve-architectural-gems\/#article","isPartOf":{"@id":"https:\/\/adf-magazine.com\/2016\/11\/eritrea-seeks-unesco-status-to-preserve-architectural-gems\/"},"author":{"name":"ADF","@id":"https:\/\/adf-magazine.com\/#\/schema\/person\/f266a6061389568b5a11465bb38bc025"},"headline":"L\u2019\u00c9RYTHR\u00c9E VEUT DEVENIR PATRIMOINE MONDIAL DE L\u2019UNESCO POUR PR\u00c9SERVER SES JOYAUX ARCHITECTURAUX","datePublished":"2016-11-01T20:26:43+00:00","dateModified":"2016-11-10T18:54:19+00:00","mainEntityOfPage":{"@id":"https:\/\/adf-magazine.com\/2016\/11\/eritrea-seeks-unesco-status-to-preserve-architectural-gems\/"},"wordCount":373,"commentCount":0,"image":{"@id":"https:\/\/adf-magazine.com\/2016\/11\/eritrea-seeks-unesco-status-to-preserve-architectural-gems\/#primaryimage"},"thumbnailUrl":"https:\/\/adf-magazine.com\/wp-content\/uploads\/2016\/10\/AT_italian.jpg","articleSection":["L\u2019Afrique aujourd\u2019hui","rubriques"],"inLanguage":"fr-FR","potentialAction":[{"@type":"CommentAction","name":"Comment","target":["https:\/\/adf-magazine.com\/2016\/11\/eritrea-seeks-unesco-status-to-preserve-architectural-gems\/#respond"]}]},{"@type":"WebPage","@id":"https:\/\/adf-magazine.com\/2016\/11\/eritrea-seeks-unesco-status-to-preserve-architectural-gems\/","url":"https:\/\/adf-magazine.com\/2016\/11\/eritrea-seeks-unesco-status-to-preserve-architectural-gems\/","name":"L\u2019\u00c9RYTHR\u00c9E VEUT DEVENIR PATRIMOINE MONDIAL DE L\u2019UNESCO POUR PR\u00c9SERVER SES JOYAUX ARCHITECTURAUX - Africa Defense Forum","isPartOf":{"@id":"https:\/\/adf-magazine.com\/#website"},"primaryImageOfPage":{"@id":"https:\/\/adf-magazine.com\/2016\/11\/eritrea-seeks-unesco-status-to-preserve-architectural-gems\/#primaryimage"},"image":{"@id":"https:\/\/adf-magazine.com\/2016\/11\/eritrea-seeks-unesco-status-to-preserve-architectural-gems\/#primaryimage"},"thumbnailUrl":"https:\/\/adf-magazine.com\/wp-content\/uploads\/2016\/10\/AT_italian.jpg","datePublished":"2016-11-01T20:26:43+00:00","dateModified":"2016-11-10T18:54:19+00:00","author":{"@id":"https:\/\/adf-magazine.com\/#\/schema\/person\/f266a6061389568b5a11465bb38bc025"},"breadcrumb":{"@id":"https:\/\/adf-magazine.com\/2016\/11\/eritrea-seeks-unesco-status-to-preserve-architectural-gems\/#breadcrumb"},"inLanguage":"fr-FR","potentialAction":[{"@type":"ReadAction","target":["https:\/\/adf-magazine.com\/2016\/11\/eritrea-seeks-unesco-status-to-preserve-architectural-gems\/"]}]},{"@type":"ImageObject","inLanguage":"fr-FR","@id":"https:\/\/adf-magazine.com\/2016\/11\/eritrea-seeks-unesco-status-to-preserve-architectural-gems\/#primaryimage","url":"https:\/\/adf-magazine.com\/wp-content\/uploads\/2016\/10\/AT_italian.jpg","contentUrl":"https:\/\/adf-magazine.com\/wp-content\/uploads\/2016\/10\/AT_italian.jpg","width":1080,"height":713},{"@type":"BreadcrumbList","@id":"https:\/\/adf-magazine.com\/2016\/11\/eritrea-seeks-unesco-status-to-preserve-architectural-gems\/#breadcrumb","itemListElement":[{"@type":"ListItem","position":1,"name":"page d\u2019accueil","item":"https:\/\/adf-magazine.com\/"},{"@type":"ListItem","position":2,"name":"L\u2019\u00c9RYTHR\u00c9E VEUT DEVENIR PATRIMOINE MONDIAL DE L\u2019UNESCO POUR PR\u00c9SERVER SES JOYAUX ARCHITECTURAUX"}]},{"@type":"WebSite","@id":"https:\/\/adf-magazine.com\/#website","url":"https:\/\/adf-magazine.com\/","name":"Africa Defense Forum","description":"Africa Defense Forum","potentialAction":[{"@type":"SearchAction","target":{"@type":"EntryPoint","urlTemplate":"https:\/\/adf-magazine.com\/?s={search_term_string}"},"query-input":{"@type":"PropertyValueSpecification","valueRequired":true,"valueName":"search_term_string"}}],"inLanguage":"fr-FR"},{"@type":"Person","@id":"https:\/\/adf-magazine.com\/#\/schema\/person\/f266a6061389568b5a11465bb38bc025","name":"ADF","image":{"@type":"ImageObject","inLanguage":"fr-FR","@id":"https:\/\/adf-magazine.com\/wp-content\/uploads\/2020\/05\/cropped-ADF_icon.jpg","url":"https:\/\/adf-magazine.com\/wp-content\/uploads\/2020\/05\/cropped-ADF_icon.jpg","contentUrl":"https:\/\/adf-magazine.com\/wp-content\/uploads\/2020\/05\/cropped-ADF_icon.jpg","caption":"ADF"},"description":"ADF is a professional military magazine published quarterly by U.S. Africa Command to provide an international forum for African security professionals. ADF covers topics such as counter terrorism strategies, security and defense operations, transnational crime, and all other issues affecting peace, stability, and good governance on the African continent.","sameAs":["https:\/\/x.com\/ADFmagazine"],"url":"https:\/\/adf-magazine.com\/fr\/author\/adf\/"}]}},"_links":{"self":[{"href":"https:\/\/adf-magazine.com\/fr\/wp-json\/wp\/v2\/posts\/7121","targetHints":{"allow":["GET"]}}],"collection":[{"href":"https:\/\/adf-magazine.com\/fr\/wp-json\/wp\/v2\/posts"}],"about":[{"href":"https:\/\/adf-magazine.com\/fr\/wp-json\/wp\/v2\/types\/post"}],"author":[{"embeddable":true,"href":"https:\/\/adf-magazine.com\/fr\/wp-json\/wp\/v2\/users\/1"}],"replies":[{"embeddable":true,"href":"https:\/\/adf-magazine.com\/fr\/wp-json\/wp\/v2\/comments?post=7121"}],"version-history":[{"count":0,"href":"https:\/\/adf-magazine.com\/fr\/wp-json\/wp\/v2\/posts\/7121\/revisions"}],"wp:featuredmedia":[{"embeddable":true,"href":"https:\/\/adf-magazine.com\/fr\/wp-json\/wp\/v2\/media\/6514"}],"wp:attachment":[{"href":"https:\/\/adf-magazine.com\/fr\/wp-json\/wp\/v2\/media?parent=7121"}],"wp:term":[{"taxonomy":"category","embeddable":true,"href":"https:\/\/adf-magazine.com\/fr\/wp-json\/wp\/v2\/categories?post=7121"},{"taxonomy":"post_tag","embeddable":true,"href":"https:\/\/adf-magazine.com\/fr\/wp-json\/wp\/v2\/tags?post=7121"}],"curies":[{"name":"wp","href":"https:\/\/api.w.org\/{rel}","templated":true}]}}