{"id":6408,"date":"2016-07-19T15:58:31","date_gmt":"2016-07-19T15:58:31","guid":{"rendered":"https:\/\/adf-magazine.com\/?p=6408"},"modified":"2016-08-02T20:35:24","modified_gmt":"2016-08-02T20:35:24","slug":"amani-africa-ii-prepare-la-force-en-attente-a-relever-les-defis","status":"publish","type":"post","link":"https:\/\/adf-magazine.com\/fr\/2016\/07\/amani-africa-ii-prepare-la-force-en-attente-a-relever-les-defis\/","title":{"rendered":"AMANI AFRICA II PR\u00c9PARE LA FORCE EN ATTENTE \u00c0 RELEVER LES D\u00c9FIS"},"content":{"rendered":"<figure id=\"attachment_6129\" aria-describedby=\"caption-attachment-6129\" style=\"width: 150px\" class=\"wp-caption alignleft\"><a href=\"https:\/\/adf-magazine.com\/wp-content\/uploads\/2016\/06\/Zuma_Persp.jpg\"><img decoding=\"async\" class=\"wp-image-6129 size-thumbnail\" src=\"https:\/\/adf-magazine.com\/wp-content\/uploads\/2016\/06\/Zuma_Persp-150x150.jpg\" alt=\"Jacob Zuma, pr\u00e9sident de la R\u00e9publique d'Afrique du Sud, est intervenu au cours de la c\u00e9r\u00e9monie de cl\u00f4ture de l'exercice d'entra\u00eenement sur le terrain Amani Africa II \u00e0 Lohatla, dans la province du Cap-Nord, en Afrique du Sud, en novembre 2015. Son intervention a \u00e9t\u00e9 r\u00e9sum\u00e9e pour des raisons d\u2019espace.\" width=\"150\" height=\"150\" \/><\/a><figcaption id=\"caption-attachment-6129\" class=\"wp-caption-text\">Jacob Zuma,<br \/> pr\u00e9sident de la R\u00e9publique d&rsquo;Afrique du Sud, est intervenu au cours de la c\u00e9r\u00e9monie de cl\u00f4ture de l&rsquo;exercice d&rsquo;entra\u00eenement sur le terrain Amani Africa II \u00e0 Lohatla, dans la province du Cap-Nord, en Afrique du Sud, en novembre 2015. Son intervention a \u00e9t\u00e9 r\u00e9sum\u00e9e pour des raisons d\u2019espace.<\/figcaption><\/figure>\n<p>Cet exercice d\u00e9montre que l&rsquo;Afrique souhaite r\u00e9solument la paix et que le continent est \u00e9galement d\u00e9termin\u00e9 \u00e0 investir dans la paix. Nous proclamons souvent que nous voulons des solutions africaines aux probl\u00e8mes africains. Gr\u00e2ce \u00e0 cet exercice, nous d\u00e9montrons cet \u00e9tat de pr\u00e9paration \u00e0 r\u00e9soudre nos probl\u00e8mes sur le continent.<\/p>\n<p>Assur\u00e9ment, nous sommes fiers de proclamer aujourd&rsquo;hui que l&rsquo;exercice Amani Africa II a \u00e9t\u00e9 un remarquable succ\u00e8s. Nous avons franchi une \u00e9tape importante en vue de la mise en \u0153uvre op\u00e9rationnelle de la Force africaine en attente et de sa Capacit\u00e9 de D\u00e9ploiement Rapide. Nous nous sommes engag\u00e9s \u00e0 faire taire les armes sur notre continent d&rsquo;ici \u00e0 2020, conform\u00e9ment \u00e0 notre engagement en faveur de l&rsquo;Agenda 2063. Toutefois, il nous faudra \u00eatre pr\u00e9par\u00e9s \u00e0 intervenir efficacement dans des situations de crise afin de stabiliser nos pays lorsque la situation l&rsquo;exigera et que nous y serons appel\u00e9s.<\/p>\n<p>La r\u00e9alit\u00e9 est que certains pays de notre continent qui nous est cher sont encore en proie aux conflits, aux troubles civils et \u00e0 la guerre. Les populations de la R\u00e9publique centrafricaine, du Soudan du Sud, du Mali, de la Libye, de la Somalie et de l&rsquo;est de la R\u00e9publique d\u00e9mocratique du Congo vivent encore dans l&rsquo;espoir de parvenir \u00e0 la paix. Par cons\u00e9quent, en tant que dirigeants du continent, nous avons l&rsquo;obligation d&rsquo;aider les pays fr\u00e8res \u00e0 parvenir \u00e0 la paix. C&rsquo;est ce qui rend cet exercice si important.<\/p>\n<p>Il est particuli\u00e8rement r\u00e9confortant que les cinq r\u00e9gions de notre continent soient repr\u00e9sent\u00e9es dans cet exercice, \u00e0 travers les communaut\u00e9s \u00e9conomiques r\u00e9gionales et leurs brigades. La SADC (Communaut\u00e9 de d\u00e9veloppement de l&rsquo;Afrique australe), la Force en attente de l&rsquo;Afrique de l&rsquo;Est, le North Africa Regional Command (Commandement militaire r\u00e9gional pour l&rsquo;Afrique du Nord), la CEDEAO (Communaut\u00e9 \u00e9conomique des \u00c9tats de l&rsquo;Afrique de l&rsquo;Ouest) et les nations volontaires de la CARIC (Capacit\u00e9 africaine de r\u00e9ponse imm\u00e9diate aux crises) ont tous particip\u00e9 \u00e0 cet exercice historique, le premier de ce type.<\/p>\n<p>En plus de permettre d&rsquo;\u00e9valuer l&rsquo;harmonisation de nos forces, cet exercice a beaucoup contribu\u00e9 au renforcement de la coop\u00e9ration entre l&rsquo;Union africaine et les m\u00e9canismes r\u00e9gionaux dans la perspective des futures op\u00e9rations de maintien de la paix. Cet exercice a \u00e9galement un caract\u00e8re unique en ce sens qu&rsquo;il a mis en pratique la nature multidimensionnelle des op\u00e9rations de consolidation de la paix, en r\u00e9unissant l&rsquo;arm\u00e9e, la police et les \u00e9l\u00e9ments civils dans le cadre d&rsquo;une approche int\u00e9gr\u00e9e. \u00c0 cet \u00e9gard, nous f\u00e9licitons les pays et les r\u00e9gions qui ont particip\u00e9 \u00e0 cet exercice d&rsquo;avoir mis \u00e0 notre disposition les ressources et les mat\u00e9riels n\u00e9cessaires.<\/p>\n<p>Nous devons faire davantage en vue de mobiliser les ressources int\u00e9rieures afin de financer et doter de capacit\u00e9s nos op\u00e9rations de consolidation de la paix. La localisation et la mobilisation de nos propres sources de financement nous donneront les moyens de renforcer la viabilit\u00e9 de nos missions tout en assurant leur ma\u00eetrise et en comptant sur nos propres forces. Nous devons poursuivre sur la lanc\u00e9e de ce jalon que nous avons franchi, au fur et \u00e0 mesure que nous nous orientons vers la pleine capacit\u00e9 op\u00e9rationnelle.<\/p>\n<p>Cet exercice a \u00e9galement contribu\u00e9 \u00e0 consolider les relations fructueuses nou\u00e9es non seulement entre les diff\u00e9rentes forces arm\u00e9es, la police et les entit\u00e9s civiles participantes, mais \u00e9galement entre les pays d&rsquo;origine de ces forces. L&rsquo;opportunit\u00e9 pr\u00e9sent\u00e9e par Amani Africa II am\u00e9liorera aussi les relations entre les communaut\u00e9s \u00e9conomiques r\u00e9gionales et l&rsquo;Union africaine au niveau continental.<\/p>\n<p>En effet, nous sommes r\u00e9solument convaincus que les efforts collectifs entrepris par les composantes militaires, polici\u00e8res et civiles seront extr\u00eamement pr\u00e9cieux pour apporter une r\u00e9ponse efficace et cr\u00e9dible aux crises humanitaires sur le continent. Nous tenons \u00e0 f\u00e9liciter \u00e0 nouveau toutes les forces engag\u00e9es d&rsquo;avoir permis ce succ\u00e8s. Nous saluons \u00e9galement la Commission de l&rsquo;UA pour le leadership dont elle a fait preuve au niveau du si\u00e8ge strat\u00e9gique \u00e0 Addis-Abeba, en \u00c9thiopie.<\/p>\n<p>Au fur et \u00e0 mesure que nous d\u00e9velopperons nos capacit\u00e9s, nous poursuivrons \u00e9galement notre coop\u00e9ration avec les Nations Unies et avec les partenaires internationaux, parall\u00e8lement aux efforts que nous d\u00e9ployons pour instaurer la paix \u00e0 l&rsquo;\u00e9chelle du continent et \u00e0 l&rsquo;\u00e9chelle mondiale.<\/p>\n","protected":false},"excerpt":{"rendered":"<p>Cet exercice d\u00e9montre que l&rsquo;Afrique souhaite r\u00e9solument la paix et que le continent est \u00e9galement d\u00e9termin\u00e9 \u00e0 investir dans la paix. Nous proclamons souvent que nous voulons des solutions africaines aux probl\u00e8mes africains. Gr\u00e2ce \u00e0 cet exercice, nous d\u00e9montrons cet \u00e9tat de pr\u00e9paration \u00e0 r\u00e9soudre nos probl\u00e8mes sur le continent. Assur\u00e9ment, nous sommes fiers de<\/p>\n","protected":false},"author":1,"featured_media":6025,"comment_status":"open","ping_status":"open","sticky":false,"template":"","format":"standard","meta":{"_acf_changed":false,"_monsterinsights_skip_tracking":false,"_monsterinsights_sitenote_active":false,"_monsterinsights_sitenote_note":"","_monsterinsights_sitenote_category":0,"_uf_show_specific_survey":0,"_uf_disable_surveys":false,"footnotes":""},"categories":[70,40],"tags":[],"class_list":{"0":"post-6408","1":"post","2":"type-post","3":"status-publish","4":"format-standard","5":"has-post-thumbnail","7":"category-perspective-africaine","8":"category-rubriques"},"acf":[],"yoast_head":"<!-- This site is optimized with the Yoast SEO plugin v27.5 - https:\/\/yoast.com\/product\/yoast-seo-wordpress\/ -->\n<title>AMANI AFRICA II PR\u00c9PARE LA FORCE EN ATTENTE \u00c0 RELEVER LES D\u00c9FIS - Africa Defense Forum<\/title>\n<meta name=\"robots\" content=\"index, follow, max-snippet:-1, max-image-preview:large, max-video-preview:-1\" \/>\n<link rel=\"canonical\" href=\"https:\/\/adf-magazine.com\/2016\/07\/amani-africa-ii-prepares-standby-force-to-meet-challenges\/\" \/>\n<meta property=\"og:locale\" content=\"fr_FR\" \/>\n<meta property=\"og:type\" content=\"article\" \/>\n<meta property=\"og:title\" content=\"AMANI AFRICA II PR\u00c9PARE LA FORCE EN ATTENTE \u00c0 RELEVER LES D\u00c9FIS - Africa Defense Forum\" \/>\n<meta property=\"og:description\" content=\"Cet exercice d\u00e9montre que l&rsquo;Afrique souhaite r\u00e9solument la paix et que le continent est \u00e9galement d\u00e9termin\u00e9 \u00e0 investir dans la paix. Nous proclamons souvent que nous voulons des solutions africaines aux probl\u00e8mes africains. Gr\u00e2ce \u00e0 cet exercice, nous d\u00e9montrons cet \u00e9tat de pr\u00e9paration \u00e0 r\u00e9soudre nos probl\u00e8mes sur le continent. Assur\u00e9ment, nous sommes fiers de\" \/>\n<meta property=\"og:url\" content=\"https:\/\/adf-magazine.com\/2016\/07\/amani-africa-ii-prepares-standby-force-to-meet-challenges\/\" \/>\n<meta property=\"og:site_name\" content=\"Africa Defense Forum\" \/>\n<meta property=\"article:publisher\" content=\"https:\/\/www.facebook.com\/ADFmagazine\/\" \/>\n<meta property=\"article:published_time\" content=\"2016-07-19T15:58:31+00:00\" \/>\n<meta property=\"article:modified_time\" content=\"2016-08-02T20:35:24+00:00\" \/>\n<meta property=\"og:image\" content=\"https:\/\/adf-magazine.com\/wp-content\/uploads\/2016\/06\/Persp_GunLoad.jpg\" \/>\n\t<meta property=\"og:image:width\" content=\"1080\" \/>\n\t<meta property=\"og:image:height\" content=\"721\" \/>\n\t<meta property=\"og:image:type\" content=\"image\/jpeg\" \/>\n<meta name=\"author\" content=\"ADF\" \/>\n<meta name=\"twitter:card\" content=\"summary_large_image\" \/>\n<meta name=\"twitter:creator\" content=\"@ADFmagazine\" \/>\n<meta name=\"twitter:site\" content=\"@ADFmagazine\" \/>\n<meta name=\"twitter:label1\" content=\"\u00c9crit par\" \/>\n\t<meta name=\"twitter:data1\" content=\"ADF\" \/>\n\t<meta name=\"twitter:label2\" content=\"Dur\u00e9e de lecture estim\u00e9e\" \/>\n\t<meta name=\"twitter:data2\" content=\"4 minutes\" \/>\n<script type=\"application\/ld+json\" class=\"yoast-schema-graph\">{\"@context\":\"https:\\\/\\\/schema.org\",\"@graph\":[{\"@type\":\"Article\",\"@id\":\"https:\\\/\\\/adf-magazine.com\\\/2016\\\/07\\\/amani-africa-ii-prepares-standby-force-to-meet-challenges\\\/#article\",\"isPartOf\":{\"@id\":\"https:\\\/\\\/adf-magazine.com\\\/2016\\\/07\\\/amani-africa-ii-prepares-standby-force-to-meet-challenges\\\/\"},\"author\":{\"name\":\"ADF\",\"@id\":\"https:\\\/\\\/adf-magazine.com\\\/#\\\/schema\\\/person\\\/f266a6061389568b5a11465bb38bc025\"},\"headline\":\"AMANI AFRICA II PR\u00c9PARE LA FORCE EN ATTENTE \u00c0 RELEVER LES D\u00c9FIS\",\"datePublished\":\"2016-07-19T15:58:31+00:00\",\"dateModified\":\"2016-08-02T20:35:24+00:00\",\"mainEntityOfPage\":{\"@id\":\"https:\\\/\\\/adf-magazine.com\\\/2016\\\/07\\\/amani-africa-ii-prepares-standby-force-to-meet-challenges\\\/\"},\"wordCount\":851,\"commentCount\":0,\"image\":{\"@id\":\"https:\\\/\\\/adf-magazine.com\\\/2016\\\/07\\\/amani-africa-ii-prepares-standby-force-to-meet-challenges\\\/#primaryimage\"},\"thumbnailUrl\":\"https:\\\/\\\/adf-magazine.com\\\/wp-content\\\/uploads\\\/2016\\\/06\\\/Persp_GunLoad.jpg\",\"articleSection\":[\"Perspective africaine\",\"rubriques\"],\"inLanguage\":\"fr-FR\",\"potentialAction\":[{\"@type\":\"CommentAction\",\"name\":\"Comment\",\"target\":[\"https:\\\/\\\/adf-magazine.com\\\/2016\\\/07\\\/amani-africa-ii-prepares-standby-force-to-meet-challenges\\\/#respond\"]}]},{\"@type\":\"WebPage\",\"@id\":\"https:\\\/\\\/adf-magazine.com\\\/2016\\\/07\\\/amani-africa-ii-prepares-standby-force-to-meet-challenges\\\/\",\"url\":\"https:\\\/\\\/adf-magazine.com\\\/2016\\\/07\\\/amani-africa-ii-prepares-standby-force-to-meet-challenges\\\/\",\"name\":\"AMANI AFRICA II PR\u00c9PARE LA FORCE EN ATTENTE \u00c0 RELEVER LES D\u00c9FIS - Africa Defense Forum\",\"isPartOf\":{\"@id\":\"https:\\\/\\\/adf-magazine.com\\\/#website\"},\"primaryImageOfPage\":{\"@id\":\"https:\\\/\\\/adf-magazine.com\\\/2016\\\/07\\\/amani-africa-ii-prepares-standby-force-to-meet-challenges\\\/#primaryimage\"},\"image\":{\"@id\":\"https:\\\/\\\/adf-magazine.com\\\/2016\\\/07\\\/amani-africa-ii-prepares-standby-force-to-meet-challenges\\\/#primaryimage\"},\"thumbnailUrl\":\"https:\\\/\\\/adf-magazine.com\\\/wp-content\\\/uploads\\\/2016\\\/06\\\/Persp_GunLoad.jpg\",\"datePublished\":\"2016-07-19T15:58:31+00:00\",\"dateModified\":\"2016-08-02T20:35:24+00:00\",\"author\":{\"@id\":\"https:\\\/\\\/adf-magazine.com\\\/#\\\/schema\\\/person\\\/f266a6061389568b5a11465bb38bc025\"},\"breadcrumb\":{\"@id\":\"https:\\\/\\\/adf-magazine.com\\\/2016\\\/07\\\/amani-africa-ii-prepares-standby-force-to-meet-challenges\\\/#breadcrumb\"},\"inLanguage\":\"fr-FR\",\"potentialAction\":[{\"@type\":\"ReadAction\",\"target\":[\"https:\\\/\\\/adf-magazine.com\\\/2016\\\/07\\\/amani-africa-ii-prepares-standby-force-to-meet-challenges\\\/\"]}]},{\"@type\":\"ImageObject\",\"inLanguage\":\"fr-FR\",\"@id\":\"https:\\\/\\\/adf-magazine.com\\\/2016\\\/07\\\/amani-africa-ii-prepares-standby-force-to-meet-challenges\\\/#primaryimage\",\"url\":\"https:\\\/\\\/adf-magazine.com\\\/wp-content\\\/uploads\\\/2016\\\/06\\\/Persp_GunLoad.jpg\",\"contentUrl\":\"https:\\\/\\\/adf-magazine.com\\\/wp-content\\\/uploads\\\/2016\\\/06\\\/Persp_GunLoad.jpg\",\"width\":1080,\"height\":721},{\"@type\":\"BreadcrumbList\",\"@id\":\"https:\\\/\\\/adf-magazine.com\\\/2016\\\/07\\\/amani-africa-ii-prepares-standby-force-to-meet-challenges\\\/#breadcrumb\",\"itemListElement\":[{\"@type\":\"ListItem\",\"position\":1,\"name\":\"page d\u2019accueil\",\"item\":\"https:\\\/\\\/adf-magazine.com\\\/\"},{\"@type\":\"ListItem\",\"position\":2,\"name\":\"AMANI AFRICA II PR\u00c9PARE LA FORCE EN ATTENTE \u00c0 RELEVER LES D\u00c9FIS\"}]},{\"@type\":\"WebSite\",\"@id\":\"https:\\\/\\\/adf-magazine.com\\\/#website\",\"url\":\"https:\\\/\\\/adf-magazine.com\\\/\",\"name\":\"Africa Defense Forum\",\"description\":\"Africa Defense Forum\",\"potentialAction\":[{\"@type\":\"SearchAction\",\"target\":{\"@type\":\"EntryPoint\",\"urlTemplate\":\"https:\\\/\\\/adf-magazine.com\\\/?s={search_term_string}\"},\"query-input\":{\"@type\":\"PropertyValueSpecification\",\"valueRequired\":true,\"valueName\":\"search_term_string\"}}],\"inLanguage\":\"fr-FR\"},{\"@type\":\"Person\",\"@id\":\"https:\\\/\\\/adf-magazine.com\\\/#\\\/schema\\\/person\\\/f266a6061389568b5a11465bb38bc025\",\"name\":\"ADF\",\"image\":{\"@type\":\"ImageObject\",\"inLanguage\":\"fr-FR\",\"@id\":\"https:\\\/\\\/adf-magazine.com\\\/wp-content\\\/uploads\\\/2020\\\/05\\\/cropped-ADF_icon.jpg\",\"url\":\"https:\\\/\\\/adf-magazine.com\\\/wp-content\\\/uploads\\\/2020\\\/05\\\/cropped-ADF_icon.jpg\",\"contentUrl\":\"https:\\\/\\\/adf-magazine.com\\\/wp-content\\\/uploads\\\/2020\\\/05\\\/cropped-ADF_icon.jpg\",\"caption\":\"ADF\"},\"description\":\"ADF is a professional military magazine published quarterly by U.S. Africa Command to provide an international forum for African security professionals. ADF covers topics such as counter terrorism strategies, security and defense operations, transnational crime, and all other issues affecting peace, stability, and good governance on the African continent.\",\"sameAs\":[\"https:\\\/\\\/x.com\\\/ADFmagazine\"],\"url\":\"https:\\\/\\\/adf-magazine.com\\\/fr\\\/author\\\/adf\\\/\"}]}<\/script>\n<!-- \/ Yoast SEO plugin. -->","yoast_head_json":{"title":"AMANI AFRICA II PR\u00c9PARE LA FORCE EN ATTENTE \u00c0 RELEVER LES D\u00c9FIS - Africa Defense Forum","robots":{"index":"index","follow":"follow","max-snippet":"max-snippet:-1","max-image-preview":"max-image-preview:large","max-video-preview":"max-video-preview:-1"},"canonical":"https:\/\/adf-magazine.com\/2016\/07\/amani-africa-ii-prepares-standby-force-to-meet-challenges\/","og_locale":"fr_FR","og_type":"article","og_title":"AMANI AFRICA II PR\u00c9PARE LA FORCE EN ATTENTE \u00c0 RELEVER LES D\u00c9FIS - Africa Defense Forum","og_description":"Cet exercice d\u00e9montre que l&rsquo;Afrique souhaite r\u00e9solument la paix et que le continent est \u00e9galement d\u00e9termin\u00e9 \u00e0 investir dans la paix. Nous proclamons souvent que nous voulons des solutions africaines aux probl\u00e8mes africains. Gr\u00e2ce \u00e0 cet exercice, nous d\u00e9montrons cet \u00e9tat de pr\u00e9paration \u00e0 r\u00e9soudre nos probl\u00e8mes sur le continent. Assur\u00e9ment, nous sommes fiers de","og_url":"https:\/\/adf-magazine.com\/2016\/07\/amani-africa-ii-prepares-standby-force-to-meet-challenges\/","og_site_name":"Africa Defense Forum","article_publisher":"https:\/\/www.facebook.com\/ADFmagazine\/","article_published_time":"2016-07-19T15:58:31+00:00","article_modified_time":"2016-08-02T20:35:24+00:00","og_image":[{"width":1080,"height":721,"url":"https:\/\/adf-magazine.com\/wp-content\/uploads\/2016\/06\/Persp_GunLoad.jpg","type":"image\/jpeg"}],"author":"ADF","twitter_card":"summary_large_image","twitter_creator":"@ADFmagazine","twitter_site":"@ADFmagazine","twitter_misc":{"\u00c9crit par":"ADF","Dur\u00e9e de lecture estim\u00e9e":"4 minutes"},"schema":{"@context":"https:\/\/schema.org","@graph":[{"@type":"Article","@id":"https:\/\/adf-magazine.com\/2016\/07\/amani-africa-ii-prepares-standby-force-to-meet-challenges\/#article","isPartOf":{"@id":"https:\/\/adf-magazine.com\/2016\/07\/amani-africa-ii-prepares-standby-force-to-meet-challenges\/"},"author":{"name":"ADF","@id":"https:\/\/adf-magazine.com\/#\/schema\/person\/f266a6061389568b5a11465bb38bc025"},"headline":"AMANI AFRICA II PR\u00c9PARE LA FORCE EN ATTENTE \u00c0 RELEVER LES D\u00c9FIS","datePublished":"2016-07-19T15:58:31+00:00","dateModified":"2016-08-02T20:35:24+00:00","mainEntityOfPage":{"@id":"https:\/\/adf-magazine.com\/2016\/07\/amani-africa-ii-prepares-standby-force-to-meet-challenges\/"},"wordCount":851,"commentCount":0,"image":{"@id":"https:\/\/adf-magazine.com\/2016\/07\/amani-africa-ii-prepares-standby-force-to-meet-challenges\/#primaryimage"},"thumbnailUrl":"https:\/\/adf-magazine.com\/wp-content\/uploads\/2016\/06\/Persp_GunLoad.jpg","articleSection":["Perspective africaine","rubriques"],"inLanguage":"fr-FR","potentialAction":[{"@type":"CommentAction","name":"Comment","target":["https:\/\/adf-magazine.com\/2016\/07\/amani-africa-ii-prepares-standby-force-to-meet-challenges\/#respond"]}]},{"@type":"WebPage","@id":"https:\/\/adf-magazine.com\/2016\/07\/amani-africa-ii-prepares-standby-force-to-meet-challenges\/","url":"https:\/\/adf-magazine.com\/2016\/07\/amani-africa-ii-prepares-standby-force-to-meet-challenges\/","name":"AMANI AFRICA II PR\u00c9PARE LA FORCE EN ATTENTE \u00c0 RELEVER LES D\u00c9FIS - Africa Defense Forum","isPartOf":{"@id":"https:\/\/adf-magazine.com\/#website"},"primaryImageOfPage":{"@id":"https:\/\/adf-magazine.com\/2016\/07\/amani-africa-ii-prepares-standby-force-to-meet-challenges\/#primaryimage"},"image":{"@id":"https:\/\/adf-magazine.com\/2016\/07\/amani-africa-ii-prepares-standby-force-to-meet-challenges\/#primaryimage"},"thumbnailUrl":"https:\/\/adf-magazine.com\/wp-content\/uploads\/2016\/06\/Persp_GunLoad.jpg","datePublished":"2016-07-19T15:58:31+00:00","dateModified":"2016-08-02T20:35:24+00:00","author":{"@id":"https:\/\/adf-magazine.com\/#\/schema\/person\/f266a6061389568b5a11465bb38bc025"},"breadcrumb":{"@id":"https:\/\/adf-magazine.com\/2016\/07\/amani-africa-ii-prepares-standby-force-to-meet-challenges\/#breadcrumb"},"inLanguage":"fr-FR","potentialAction":[{"@type":"ReadAction","target":["https:\/\/adf-magazine.com\/2016\/07\/amani-africa-ii-prepares-standby-force-to-meet-challenges\/"]}]},{"@type":"ImageObject","inLanguage":"fr-FR","@id":"https:\/\/adf-magazine.com\/2016\/07\/amani-africa-ii-prepares-standby-force-to-meet-challenges\/#primaryimage","url":"https:\/\/adf-magazine.com\/wp-content\/uploads\/2016\/06\/Persp_GunLoad.jpg","contentUrl":"https:\/\/adf-magazine.com\/wp-content\/uploads\/2016\/06\/Persp_GunLoad.jpg","width":1080,"height":721},{"@type":"BreadcrumbList","@id":"https:\/\/adf-magazine.com\/2016\/07\/amani-africa-ii-prepares-standby-force-to-meet-challenges\/#breadcrumb","itemListElement":[{"@type":"ListItem","position":1,"name":"page d\u2019accueil","item":"https:\/\/adf-magazine.com\/"},{"@type":"ListItem","position":2,"name":"AMANI AFRICA II PR\u00c9PARE LA FORCE EN ATTENTE \u00c0 RELEVER LES D\u00c9FIS"}]},{"@type":"WebSite","@id":"https:\/\/adf-magazine.com\/#website","url":"https:\/\/adf-magazine.com\/","name":"Africa Defense Forum","description":"Africa Defense Forum","potentialAction":[{"@type":"SearchAction","target":{"@type":"EntryPoint","urlTemplate":"https:\/\/adf-magazine.com\/?s={search_term_string}"},"query-input":{"@type":"PropertyValueSpecification","valueRequired":true,"valueName":"search_term_string"}}],"inLanguage":"fr-FR"},{"@type":"Person","@id":"https:\/\/adf-magazine.com\/#\/schema\/person\/f266a6061389568b5a11465bb38bc025","name":"ADF","image":{"@type":"ImageObject","inLanguage":"fr-FR","@id":"https:\/\/adf-magazine.com\/wp-content\/uploads\/2020\/05\/cropped-ADF_icon.jpg","url":"https:\/\/adf-magazine.com\/wp-content\/uploads\/2020\/05\/cropped-ADF_icon.jpg","contentUrl":"https:\/\/adf-magazine.com\/wp-content\/uploads\/2020\/05\/cropped-ADF_icon.jpg","caption":"ADF"},"description":"ADF is a professional military magazine published quarterly by U.S. Africa Command to provide an international forum for African security professionals. ADF covers topics such as counter terrorism strategies, security and defense operations, transnational crime, and all other issues affecting peace, stability, and good governance on the African continent.","sameAs":["https:\/\/x.com\/ADFmagazine"],"url":"https:\/\/adf-magazine.com\/fr\/author\/adf\/"}]}},"_links":{"self":[{"href":"https:\/\/adf-magazine.com\/fr\/wp-json\/wp\/v2\/posts\/6408","targetHints":{"allow":["GET"]}}],"collection":[{"href":"https:\/\/adf-magazine.com\/fr\/wp-json\/wp\/v2\/posts"}],"about":[{"href":"https:\/\/adf-magazine.com\/fr\/wp-json\/wp\/v2\/types\/post"}],"author":[{"embeddable":true,"href":"https:\/\/adf-magazine.com\/fr\/wp-json\/wp\/v2\/users\/1"}],"replies":[{"embeddable":true,"href":"https:\/\/adf-magazine.com\/fr\/wp-json\/wp\/v2\/comments?post=6408"}],"version-history":[{"count":0,"href":"https:\/\/adf-magazine.com\/fr\/wp-json\/wp\/v2\/posts\/6408\/revisions"}],"wp:featuredmedia":[{"embeddable":true,"href":"https:\/\/adf-magazine.com\/fr\/wp-json\/wp\/v2\/media\/6025"}],"wp:attachment":[{"href":"https:\/\/adf-magazine.com\/fr\/wp-json\/wp\/v2\/media?parent=6408"}],"wp:term":[{"taxonomy":"category","embeddable":true,"href":"https:\/\/adf-magazine.com\/fr\/wp-json\/wp\/v2\/categories?post=6408"},{"taxonomy":"post_tag","embeddable":true,"href":"https:\/\/adf-magazine.com\/fr\/wp-json\/wp\/v2\/tags?post=6408"}],"curies":[{"name":"wp","href":"https:\/\/api.w.org\/{rel}","templated":true}]}}