{"id":41592,"date":"2022-11-14T10:33:22","date_gmt":"2022-11-14T15:33:22","guid":{"rendered":"https:\/\/adf-magazine.com\/?p=41592"},"modified":"2022-11-20T08:57:19","modified_gmt":"2022-11-20T13:57:19","slug":"les-cultivateurs-darachides-de-la-rca-font-face-aux-menaces-et-au-vol","status":"publish","type":"post","link":"https:\/\/adf-magazine.com\/fr\/2022\/11\/les-cultivateurs-darachides-de-la-rca-font-face-aux-menaces-et-au-vol\/","title":{"rendered":"Les Cultivateurs D\u2019arachides De La Rca Font Face Aux Menaces Et Au Vol"},"content":{"rendered":"<p>HISTOIRE ET PHOTOS PAR L\u2019AGENCE FRANCE-PRESSE<\/p>\n<p>Pour de nombreux cultivateurs d\u2019arachides dans la r\u00e9gion de Paoua (R\u00e9publique centrafricaine), la vie est une lutte quotidienne. Ils doivent relever les plantes du sol, r\u00e9colter les noix et les d\u00e9cortiquer. Puis, ils doivent survivre aux vols, aux extorsions ou pire dans une r\u00e9gion o\u00f9 les rebelles et les forces pro-gouvernementales se font la guerre.<\/p>\n<p>Jean-Paul Ndopaye, g\u00e9rant d\u2019un magasin d\u2019arachides, a d\u00e9clar\u00e9 \u00e0 Africanews : \u00ab C\u2019est l\u2019ins\u00e9curit\u00e9 qui nous emp\u00eache de d\u00e9velopper davantage nos r\u00e9coltes d\u2019arachides \u00e0 Paoua. Lorsque nous voulons envoyer nos produits \u00e0 Bangui, \u00e0 Berb\u00e9rati ou m\u00eame \u00e0 Bouar, nous pourrions rencontrer des brigands sur la route. \u00bb<\/p>\n<p>C\u00e9lestine Inforo, \u00e2g\u00e9e de 33 ans, d\u00e9cortique des arachides avec une douzaine d\u2019autres personnes dans les faubourgs de Paoua, ville de 40.000 habitants. Elle d\u00e9clare : \u00ab Il y a trop de menaces et de vols. Nous avons d\u00fb vendre notre production tr\u00e8s rapidement et \u00e0 bas prix. \u00bb<\/p>\n<p>Ses coll\u00e8gues et elle remplissent chacune plusieurs sacs en quelques heures, puis ceux-ci sont achemin\u00e9s avec un attelage de deux b\u0153ufs vers un entrep\u00f4t s\u00e9curis\u00e9 pr\u00eat\u00e9 par l\u2019organisation non gouvernementale Oxfam. Hors de l\u2019entrep\u00f4t, chaque sac est pes\u00e9 et enregistr\u00e9 avec un poids entre 35 et 45 kilos.<\/p>\n<p>Dans la ville, un sac d\u2019arachides d\u00e9cortiqu\u00e9es vaut environ 10.000 francs CFA (environ 17 dollars). Dans la capitale de Bangui, un sac se vend entre 20.000 et 30.000 francs CFA, d\u00e9clare Jean-Paul Ndopaye, pr\u00e9sident de l\u2019Union des riziculteurs de Paoua.<\/p>\n<p>La production d\u00e9passe fortement la demande dans la r\u00e9gion, ce qui fait baisser les prix, et 80 % de la population de la ville travaille dans l\u2019industrie de l\u2019arachide.<\/p>\n<p>La RCA est en proie \u00e0 une guerre civile depuis 2013. L\u2019intensit\u00e9 du conflit a diminu\u00e9 au cours des r\u00e9centes ann\u00e9es, mais elle est remont\u00e9e \u00e0 nouveau pendant les derni\u00e8res \u00e9lections pr\u00e9sidentielles de la fin 2020.<\/p>\n<p>\u00c0 l\u2019ombre d\u2019un manguier, les femmes transforment les arachides en huile, beurre et \u00ab kuli-kuli \u00bb, b\u00e2tonnets \u00e0 haute teneur nutritive. L\u2019une d\u2019elles fait r\u00f4tir les noix. Une autre malaxe le beurre d\u2019arachide sur une planche en bois.<\/p>\n<p>Mahoua Coulibaly, directrice locale du Programme alimentaire mondial, d\u00e9clare : \u00ab C\u2019est le traitement qui pose un probl\u00e8me. C\u2019est l\u00e0 que des investissements doivent \u00eatre faits pour le bien-\u00eatre de la population, mais pour le moment il n\u2019y a pas de fonds. \u00bb<\/p>\n","protected":false},"excerpt":{"rendered":"<p>HISTOIRE ET PHOTOS PAR L\u2019AGENCE FRANCE-PRESSE Pour de nombreux cultivateurs d\u2019arachides dans la r\u00e9gion de Paoua (R\u00e9publique centrafricaine), la vie est une lutte quotidienne. Ils doivent relever les plantes du sol, r\u00e9colter les noix et les d\u00e9cortiquer. Puis, ils doivent survivre aux vols, aux extorsions ou pire dans une r\u00e9gion o\u00f9 les rebelles et les<\/p>\n","protected":false},"author":1,"featured_media":36328,"comment_status":"open","ping_status":"closed","sticky":false,"template":"","format":"standard","meta":{"_acf_changed":false,"_monsterinsights_skip_tracking":false,"_monsterinsights_sitenote_active":false,"_monsterinsights_sitenote_note":"","_monsterinsights_sitenote_category":0,"_uf_show_specific_survey":0,"_uf_disable_surveys":false,"footnotes":""},"categories":[60,40],"tags":[],"class_list":{"0":"post-41592","1":"post","2":"type-post","3":"status-publish","4":"format-standard","5":"has-post-thumbnail","7":"category-l-afrique-aujourdhui","8":"category-rubriques"},"acf":[],"yoast_head":"<!-- This site is optimized with the Yoast SEO plugin v27.5 - https:\/\/yoast.com\/product\/yoast-seo-wordpress\/ -->\n<title>Les Cultivateurs D\u2019arachides De La Rca Font Face Aux Menaces Et Au Vol - Africa Defense Forum<\/title>\n<meta name=\"robots\" content=\"index, follow, max-snippet:-1, max-image-preview:large, max-video-preview:-1\" \/>\n<link rel=\"canonical\" href=\"https:\/\/adf-magazine.com\/fr\/2022\/11\/les-cultivateurs-darachides-de-la-rca-font-face-aux-menaces-et-au-vol\/\" \/>\n<meta property=\"og:locale\" content=\"fr_FR\" \/>\n<meta property=\"og:type\" content=\"article\" \/>\n<meta property=\"og:title\" content=\"Les Cultivateurs D\u2019arachides De La Rca Font Face Aux Menaces Et Au Vol - Africa Defense Forum\" \/>\n<meta property=\"og:description\" content=\"HISTOIRE ET PHOTOS PAR L\u2019AGENCE FRANCE-PRESSE Pour de nombreux cultivateurs d\u2019arachides dans la r\u00e9gion de Paoua (R\u00e9publique centrafricaine), la vie est une lutte quotidienne. Ils doivent relever les plantes du sol, r\u00e9colter les noix et les d\u00e9cortiquer. Puis, ils doivent survivre aux vols, aux extorsions ou pire dans une r\u00e9gion o\u00f9 les rebelles et les\" \/>\n<meta property=\"og:url\" content=\"https:\/\/adf-magazine.com\/fr\/2022\/11\/les-cultivateurs-darachides-de-la-rca-font-face-aux-menaces-et-au-vol\/\" \/>\n<meta property=\"og:site_name\" content=\"Africa Defense Forum\" \/>\n<meta property=\"article:publisher\" content=\"https:\/\/www.facebook.com\/ADFmagazine\/\" \/>\n<meta property=\"article:published_time\" content=\"2022-11-14T15:33:22+00:00\" \/>\n<meta property=\"article:modified_time\" content=\"2022-11-20T13:57:19+00:00\" \/>\n<meta property=\"og:image\" content=\"https:\/\/adf-magazine.com\/wp-content\/uploads\/2022\/10\/at-peanuts.jpg\" \/>\n\t<meta property=\"og:image:width\" content=\"1080\" \/>\n\t<meta property=\"og:image:height\" content=\"721\" \/>\n\t<meta property=\"og:image:type\" content=\"image\/jpeg\" \/>\n<meta name=\"author\" content=\"ADF\" \/>\n<meta name=\"twitter:card\" content=\"summary_large_image\" \/>\n<meta name=\"twitter:creator\" content=\"@ADFmagazine\" \/>\n<meta name=\"twitter:site\" content=\"@ADFmagazine\" \/>\n<meta name=\"twitter:label1\" content=\"\u00c9crit par\" \/>\n\t<meta name=\"twitter:data1\" content=\"ADF\" \/>\n\t<meta name=\"twitter:label2\" content=\"Dur\u00e9e de lecture estim\u00e9e\" \/>\n\t<meta name=\"twitter:data2\" content=\"2 minutes\" \/>\n<script type=\"application\/ld+json\" class=\"yoast-schema-graph\">{\"@context\":\"https:\\\/\\\/schema.org\",\"@graph\":[{\"@type\":\"Article\",\"@id\":\"https:\\\/\\\/adf-magazine.com\\\/fr\\\/2022\\\/11\\\/les-cultivateurs-darachides-de-la-rca-font-face-aux-menaces-et-au-vol\\\/#article\",\"isPartOf\":{\"@id\":\"https:\\\/\\\/adf-magazine.com\\\/fr\\\/2022\\\/11\\\/les-cultivateurs-darachides-de-la-rca-font-face-aux-menaces-et-au-vol\\\/\"},\"author\":{\"name\":\"ADF\",\"@id\":\"https:\\\/\\\/adf-magazine.com\\\/#\\\/schema\\\/person\\\/f266a6061389568b5a11465bb38bc025\"},\"headline\":\"Les Cultivateurs D\u2019arachides De La Rca Font Face Aux Menaces Et Au Vol\",\"datePublished\":\"2022-11-14T15:33:22+00:00\",\"dateModified\":\"2022-11-20T13:57:19+00:00\",\"mainEntityOfPage\":{\"@id\":\"https:\\\/\\\/adf-magazine.com\\\/fr\\\/2022\\\/11\\\/les-cultivateurs-darachides-de-la-rca-font-face-aux-menaces-et-au-vol\\\/\"},\"wordCount\":437,\"commentCount\":0,\"image\":{\"@id\":\"https:\\\/\\\/adf-magazine.com\\\/fr\\\/2022\\\/11\\\/les-cultivateurs-darachides-de-la-rca-font-face-aux-menaces-et-au-vol\\\/#primaryimage\"},\"thumbnailUrl\":\"https:\\\/\\\/adf-magazine.com\\\/wp-content\\\/uploads\\\/2022\\\/10\\\/at-peanuts.jpg\",\"articleSection\":[\"L\u2019Afrique aujourd\u2019hui\",\"rubriques\"],\"inLanguage\":\"fr-FR\",\"potentialAction\":[{\"@type\":\"CommentAction\",\"name\":\"Comment\",\"target\":[\"https:\\\/\\\/adf-magazine.com\\\/fr\\\/2022\\\/11\\\/les-cultivateurs-darachides-de-la-rca-font-face-aux-menaces-et-au-vol\\\/#respond\"]}]},{\"@type\":\"WebPage\",\"@id\":\"https:\\\/\\\/adf-magazine.com\\\/fr\\\/2022\\\/11\\\/les-cultivateurs-darachides-de-la-rca-font-face-aux-menaces-et-au-vol\\\/\",\"url\":\"https:\\\/\\\/adf-magazine.com\\\/fr\\\/2022\\\/11\\\/les-cultivateurs-darachides-de-la-rca-font-face-aux-menaces-et-au-vol\\\/\",\"name\":\"Les Cultivateurs D\u2019arachides De La Rca Font Face Aux Menaces Et Au Vol - Africa Defense Forum\",\"isPartOf\":{\"@id\":\"https:\\\/\\\/adf-magazine.com\\\/#website\"},\"primaryImageOfPage\":{\"@id\":\"https:\\\/\\\/adf-magazine.com\\\/fr\\\/2022\\\/11\\\/les-cultivateurs-darachides-de-la-rca-font-face-aux-menaces-et-au-vol\\\/#primaryimage\"},\"image\":{\"@id\":\"https:\\\/\\\/adf-magazine.com\\\/fr\\\/2022\\\/11\\\/les-cultivateurs-darachides-de-la-rca-font-face-aux-menaces-et-au-vol\\\/#primaryimage\"},\"thumbnailUrl\":\"https:\\\/\\\/adf-magazine.com\\\/wp-content\\\/uploads\\\/2022\\\/10\\\/at-peanuts.jpg\",\"datePublished\":\"2022-11-14T15:33:22+00:00\",\"dateModified\":\"2022-11-20T13:57:19+00:00\",\"author\":{\"@id\":\"https:\\\/\\\/adf-magazine.com\\\/#\\\/schema\\\/person\\\/f266a6061389568b5a11465bb38bc025\"},\"breadcrumb\":{\"@id\":\"https:\\\/\\\/adf-magazine.com\\\/fr\\\/2022\\\/11\\\/les-cultivateurs-darachides-de-la-rca-font-face-aux-menaces-et-au-vol\\\/#breadcrumb\"},\"inLanguage\":\"fr-FR\",\"potentialAction\":[{\"@type\":\"ReadAction\",\"target\":[\"https:\\\/\\\/adf-magazine.com\\\/fr\\\/2022\\\/11\\\/les-cultivateurs-darachides-de-la-rca-font-face-aux-menaces-et-au-vol\\\/\"]}]},{\"@type\":\"ImageObject\",\"inLanguage\":\"fr-FR\",\"@id\":\"https:\\\/\\\/adf-magazine.com\\\/fr\\\/2022\\\/11\\\/les-cultivateurs-darachides-de-la-rca-font-face-aux-menaces-et-au-vol\\\/#primaryimage\",\"url\":\"https:\\\/\\\/adf-magazine.com\\\/wp-content\\\/uploads\\\/2022\\\/10\\\/at-peanuts.jpg\",\"contentUrl\":\"https:\\\/\\\/adf-magazine.com\\\/wp-content\\\/uploads\\\/2022\\\/10\\\/at-peanuts.jpg\",\"width\":1080,\"height\":721},{\"@type\":\"BreadcrumbList\",\"@id\":\"https:\\\/\\\/adf-magazine.com\\\/fr\\\/2022\\\/11\\\/les-cultivateurs-darachides-de-la-rca-font-face-aux-menaces-et-au-vol\\\/#breadcrumb\",\"itemListElement\":[{\"@type\":\"ListItem\",\"position\":1,\"name\":\"page d\u2019accueil\",\"item\":\"https:\\\/\\\/adf-magazine.com\\\/\"},{\"@type\":\"ListItem\",\"position\":2,\"name\":\"Les Cultivateurs D\u2019arachides De La Rca Font Face Aux Menaces Et Au Vol\"}]},{\"@type\":\"WebSite\",\"@id\":\"https:\\\/\\\/adf-magazine.com\\\/#website\",\"url\":\"https:\\\/\\\/adf-magazine.com\\\/\",\"name\":\"Africa Defense Forum\",\"description\":\"Africa Defense Forum\",\"potentialAction\":[{\"@type\":\"SearchAction\",\"target\":{\"@type\":\"EntryPoint\",\"urlTemplate\":\"https:\\\/\\\/adf-magazine.com\\\/?s={search_term_string}\"},\"query-input\":{\"@type\":\"PropertyValueSpecification\",\"valueRequired\":true,\"valueName\":\"search_term_string\"}}],\"inLanguage\":\"fr-FR\"},{\"@type\":\"Person\",\"@id\":\"https:\\\/\\\/adf-magazine.com\\\/#\\\/schema\\\/person\\\/f266a6061389568b5a11465bb38bc025\",\"name\":\"ADF\",\"image\":{\"@type\":\"ImageObject\",\"inLanguage\":\"fr-FR\",\"@id\":\"https:\\\/\\\/adf-magazine.com\\\/wp-content\\\/uploads\\\/2020\\\/05\\\/cropped-ADF_icon.jpg\",\"url\":\"https:\\\/\\\/adf-magazine.com\\\/wp-content\\\/uploads\\\/2020\\\/05\\\/cropped-ADF_icon.jpg\",\"contentUrl\":\"https:\\\/\\\/adf-magazine.com\\\/wp-content\\\/uploads\\\/2020\\\/05\\\/cropped-ADF_icon.jpg\",\"caption\":\"ADF\"},\"description\":\"ADF is a professional military magazine published quarterly by U.S. Africa Command to provide an international forum for African security professionals. ADF covers topics such as counter terrorism strategies, security and defense operations, transnational crime, and all other issues affecting peace, stability, and good governance on the African continent.\",\"sameAs\":[\"https:\\\/\\\/x.com\\\/ADFmagazine\"],\"url\":\"https:\\\/\\\/adf-magazine.com\\\/fr\\\/author\\\/adf\\\/\"}]}<\/script>\n<!-- \/ Yoast SEO plugin. -->","yoast_head_json":{"title":"Les Cultivateurs D\u2019arachides De La Rca Font Face Aux Menaces Et Au Vol - Africa Defense Forum","robots":{"index":"index","follow":"follow","max-snippet":"max-snippet:-1","max-image-preview":"max-image-preview:large","max-video-preview":"max-video-preview:-1"},"canonical":"https:\/\/adf-magazine.com\/fr\/2022\/11\/les-cultivateurs-darachides-de-la-rca-font-face-aux-menaces-et-au-vol\/","og_locale":"fr_FR","og_type":"article","og_title":"Les Cultivateurs D\u2019arachides De La Rca Font Face Aux Menaces Et Au Vol - Africa Defense Forum","og_description":"HISTOIRE ET PHOTOS PAR L\u2019AGENCE FRANCE-PRESSE Pour de nombreux cultivateurs d\u2019arachides dans la r\u00e9gion de Paoua (R\u00e9publique centrafricaine), la vie est une lutte quotidienne. Ils doivent relever les plantes du sol, r\u00e9colter les noix et les d\u00e9cortiquer. Puis, ils doivent survivre aux vols, aux extorsions ou pire dans une r\u00e9gion o\u00f9 les rebelles et les","og_url":"https:\/\/adf-magazine.com\/fr\/2022\/11\/les-cultivateurs-darachides-de-la-rca-font-face-aux-menaces-et-au-vol\/","og_site_name":"Africa Defense Forum","article_publisher":"https:\/\/www.facebook.com\/ADFmagazine\/","article_published_time":"2022-11-14T15:33:22+00:00","article_modified_time":"2022-11-20T13:57:19+00:00","og_image":[{"width":1080,"height":721,"url":"https:\/\/adf-magazine.com\/wp-content\/uploads\/2022\/10\/at-peanuts.jpg","type":"image\/jpeg"}],"author":"ADF","twitter_card":"summary_large_image","twitter_creator":"@ADFmagazine","twitter_site":"@ADFmagazine","twitter_misc":{"\u00c9crit par":"ADF","Dur\u00e9e de lecture estim\u00e9e":"2 minutes"},"schema":{"@context":"https:\/\/schema.org","@graph":[{"@type":"Article","@id":"https:\/\/adf-magazine.com\/fr\/2022\/11\/les-cultivateurs-darachides-de-la-rca-font-face-aux-menaces-et-au-vol\/#article","isPartOf":{"@id":"https:\/\/adf-magazine.com\/fr\/2022\/11\/les-cultivateurs-darachides-de-la-rca-font-face-aux-menaces-et-au-vol\/"},"author":{"name":"ADF","@id":"https:\/\/adf-magazine.com\/#\/schema\/person\/f266a6061389568b5a11465bb38bc025"},"headline":"Les Cultivateurs D\u2019arachides De La Rca Font Face Aux Menaces Et Au Vol","datePublished":"2022-11-14T15:33:22+00:00","dateModified":"2022-11-20T13:57:19+00:00","mainEntityOfPage":{"@id":"https:\/\/adf-magazine.com\/fr\/2022\/11\/les-cultivateurs-darachides-de-la-rca-font-face-aux-menaces-et-au-vol\/"},"wordCount":437,"commentCount":0,"image":{"@id":"https:\/\/adf-magazine.com\/fr\/2022\/11\/les-cultivateurs-darachides-de-la-rca-font-face-aux-menaces-et-au-vol\/#primaryimage"},"thumbnailUrl":"https:\/\/adf-magazine.com\/wp-content\/uploads\/2022\/10\/at-peanuts.jpg","articleSection":["L\u2019Afrique aujourd\u2019hui","rubriques"],"inLanguage":"fr-FR","potentialAction":[{"@type":"CommentAction","name":"Comment","target":["https:\/\/adf-magazine.com\/fr\/2022\/11\/les-cultivateurs-darachides-de-la-rca-font-face-aux-menaces-et-au-vol\/#respond"]}]},{"@type":"WebPage","@id":"https:\/\/adf-magazine.com\/fr\/2022\/11\/les-cultivateurs-darachides-de-la-rca-font-face-aux-menaces-et-au-vol\/","url":"https:\/\/adf-magazine.com\/fr\/2022\/11\/les-cultivateurs-darachides-de-la-rca-font-face-aux-menaces-et-au-vol\/","name":"Les Cultivateurs D\u2019arachides De La Rca Font Face Aux Menaces Et Au Vol - Africa Defense Forum","isPartOf":{"@id":"https:\/\/adf-magazine.com\/#website"},"primaryImageOfPage":{"@id":"https:\/\/adf-magazine.com\/fr\/2022\/11\/les-cultivateurs-darachides-de-la-rca-font-face-aux-menaces-et-au-vol\/#primaryimage"},"image":{"@id":"https:\/\/adf-magazine.com\/fr\/2022\/11\/les-cultivateurs-darachides-de-la-rca-font-face-aux-menaces-et-au-vol\/#primaryimage"},"thumbnailUrl":"https:\/\/adf-magazine.com\/wp-content\/uploads\/2022\/10\/at-peanuts.jpg","datePublished":"2022-11-14T15:33:22+00:00","dateModified":"2022-11-20T13:57:19+00:00","author":{"@id":"https:\/\/adf-magazine.com\/#\/schema\/person\/f266a6061389568b5a11465bb38bc025"},"breadcrumb":{"@id":"https:\/\/adf-magazine.com\/fr\/2022\/11\/les-cultivateurs-darachides-de-la-rca-font-face-aux-menaces-et-au-vol\/#breadcrumb"},"inLanguage":"fr-FR","potentialAction":[{"@type":"ReadAction","target":["https:\/\/adf-magazine.com\/fr\/2022\/11\/les-cultivateurs-darachides-de-la-rca-font-face-aux-menaces-et-au-vol\/"]}]},{"@type":"ImageObject","inLanguage":"fr-FR","@id":"https:\/\/adf-magazine.com\/fr\/2022\/11\/les-cultivateurs-darachides-de-la-rca-font-face-aux-menaces-et-au-vol\/#primaryimage","url":"https:\/\/adf-magazine.com\/wp-content\/uploads\/2022\/10\/at-peanuts.jpg","contentUrl":"https:\/\/adf-magazine.com\/wp-content\/uploads\/2022\/10\/at-peanuts.jpg","width":1080,"height":721},{"@type":"BreadcrumbList","@id":"https:\/\/adf-magazine.com\/fr\/2022\/11\/les-cultivateurs-darachides-de-la-rca-font-face-aux-menaces-et-au-vol\/#breadcrumb","itemListElement":[{"@type":"ListItem","position":1,"name":"page d\u2019accueil","item":"https:\/\/adf-magazine.com\/"},{"@type":"ListItem","position":2,"name":"Les Cultivateurs D\u2019arachides De La Rca Font Face Aux Menaces Et Au Vol"}]},{"@type":"WebSite","@id":"https:\/\/adf-magazine.com\/#website","url":"https:\/\/adf-magazine.com\/","name":"Africa Defense Forum","description":"Africa Defense Forum","potentialAction":[{"@type":"SearchAction","target":{"@type":"EntryPoint","urlTemplate":"https:\/\/adf-magazine.com\/?s={search_term_string}"},"query-input":{"@type":"PropertyValueSpecification","valueRequired":true,"valueName":"search_term_string"}}],"inLanguage":"fr-FR"},{"@type":"Person","@id":"https:\/\/adf-magazine.com\/#\/schema\/person\/f266a6061389568b5a11465bb38bc025","name":"ADF","image":{"@type":"ImageObject","inLanguage":"fr-FR","@id":"https:\/\/adf-magazine.com\/wp-content\/uploads\/2020\/05\/cropped-ADF_icon.jpg","url":"https:\/\/adf-magazine.com\/wp-content\/uploads\/2020\/05\/cropped-ADF_icon.jpg","contentUrl":"https:\/\/adf-magazine.com\/wp-content\/uploads\/2020\/05\/cropped-ADF_icon.jpg","caption":"ADF"},"description":"ADF is a professional military magazine published quarterly by U.S. Africa Command to provide an international forum for African security professionals. ADF covers topics such as counter terrorism strategies, security and defense operations, transnational crime, and all other issues affecting peace, stability, and good governance on the African continent.","sameAs":["https:\/\/x.com\/ADFmagazine"],"url":"https:\/\/adf-magazine.com\/fr\/author\/adf\/"}]}},"_links":{"self":[{"href":"https:\/\/adf-magazine.com\/fr\/wp-json\/wp\/v2\/posts\/41592","targetHints":{"allow":["GET"]}}],"collection":[{"href":"https:\/\/adf-magazine.com\/fr\/wp-json\/wp\/v2\/posts"}],"about":[{"href":"https:\/\/adf-magazine.com\/fr\/wp-json\/wp\/v2\/types\/post"}],"author":[{"embeddable":true,"href":"https:\/\/adf-magazine.com\/fr\/wp-json\/wp\/v2\/users\/1"}],"replies":[{"embeddable":true,"href":"https:\/\/adf-magazine.com\/fr\/wp-json\/wp\/v2\/comments?post=41592"}],"version-history":[{"count":0,"href":"https:\/\/adf-magazine.com\/fr\/wp-json\/wp\/v2\/posts\/41592\/revisions"}],"wp:featuredmedia":[{"embeddable":true,"href":"https:\/\/adf-magazine.com\/fr\/wp-json\/wp\/v2\/media\/36328"}],"wp:attachment":[{"href":"https:\/\/adf-magazine.com\/fr\/wp-json\/wp\/v2\/media?parent=41592"}],"wp:term":[{"taxonomy":"category","embeddable":true,"href":"https:\/\/adf-magazine.com\/fr\/wp-json\/wp\/v2\/categories?post=41592"},{"taxonomy":"post_tag","embeddable":true,"href":"https:\/\/adf-magazine.com\/fr\/wp-json\/wp\/v2\/tags?post=41592"}],"curies":[{"name":"wp","href":"https:\/\/api.w.org\/{rel}","templated":true}]}}