{"id":36845,"date":"2022-11-07T16:01:43","date_gmt":"2022-11-07T21:01:43","guid":{"rendered":"https:\/\/adf-magazine.com\/?p=36845"},"modified":"2022-11-20T08:59:47","modified_gmt":"2022-11-20T13:59:47","slug":"ou-suis-je-34","status":"publish","type":"post","link":"https:\/\/adf-magazine.com\/fr\/2022\/11\/ou-suis-je-34\/","title":{"rendered":"O\u00d9 SUIS-JE ?"},"content":{"rendered":"<p>INDICES<\/p>\n<ol>\n<li>Les \u00eatres humains p\u00eachent et chassent dans cette r\u00e9gion depuis 2.000 ans. Ils ont cr\u00e9\u00e9 des monticules de fruits de mer, certains avec une longueur de plusieurs centaines de m\u00e8tres.<span class=\"Apple-converted-space\">\u00a0<\/span><\/li>\n<li>Certains monticules contiennent des lieux de s\u00e9pulture.<span class=\"Apple-converted-space\">\u00a0<\/span><\/li>\n<li>Cette zone s\u2019est form\u00e9e \u00e0 l\u2019int\u00e9rieur du delta de trois rivi\u00e8res.<\/li>\n<li>Elle inclut 200 \u00eeles et \u00eelots, des for\u00eats de mangroves et un m\u00e9lange d\u2019eau de mer et d\u2019eau douce.<\/li>\n<\/ol>\n<p>R\u00c9PONSE<span class=\"Apple-converted-space\">\u00a0 <\/span><b>Delta du Saloum (S\u00e9n\u00e9gal)<\/b><\/p>\n","protected":false},"excerpt":{"rendered":"<p>INDICES Les \u00eatres humains p\u00eachent et chassent dans cette r\u00e9gion depuis 2.000 ans. Ils ont cr\u00e9\u00e9 des monticules de fruits de mer, certains avec une longueur de plusieurs centaines de m\u00e8tres.\u00a0 Certains monticules contiennent des lieux de s\u00e9pulture.\u00a0 Cette zone s\u2019est form\u00e9e \u00e0 l\u2019int\u00e9rieur du delta de trois rivi\u00e8res. Elle inclut 200 \u00eeles et \u00eelots,<\/p>\n","protected":false},"author":1,"featured_media":36568,"comment_status":"open","ping_status":"closed","sticky":false,"template":"","format":"standard","meta":{"_acf_changed":false,"_monsterinsights_skip_tracking":false,"_monsterinsights_sitenote_active":false,"_monsterinsights_sitenote_note":"","_monsterinsights_sitenote_category":0,"_uf_show_specific_survey":0,"_uf_disable_surveys":false,"footnotes":""},"categories":[41,40],"tags":[],"class_list":{"0":"post-36845","1":"post","2":"type-post","3":"status-publish","4":"format-standard","5":"has-post-thumbnail","7":"category-ou-suis-je","8":"category-rubriques"},"acf":[],"yoast_head":"<!-- This site is optimized with the Yoast SEO plugin v27.4 - https:\/\/yoast.com\/product\/yoast-seo-wordpress\/ -->\n<title>O\u00d9 SUIS-JE ? - Africa Defense Forum<\/title>\n<meta name=\"robots\" content=\"index, follow, max-snippet:-1, max-image-preview:large, max-video-preview:-1\" \/>\n<link rel=\"canonical\" href=\"https:\/\/adf-magazine.com\/fr\/2022\/11\/ou-suis-je-34\/\" \/>\n<meta property=\"og:locale\" content=\"fr_FR\" \/>\n<meta property=\"og:type\" content=\"article\" \/>\n<meta property=\"og:title\" content=\"O\u00d9 SUIS-JE ? - Africa Defense Forum\" \/>\n<meta property=\"og:description\" content=\"INDICES Les \u00eatres humains p\u00eachent et chassent dans cette r\u00e9gion depuis 2.000 ans. Ils ont cr\u00e9\u00e9 des monticules de fruits de mer, certains avec une longueur de plusieurs centaines de m\u00e8tres.\u00a0 Certains monticules contiennent des lieux de s\u00e9pulture.\u00a0 Cette zone s\u2019est form\u00e9e \u00e0 l\u2019int\u00e9rieur du delta de trois rivi\u00e8res. Elle inclut 200 \u00eeles et \u00eelots,\" \/>\n<meta property=\"og:url\" content=\"https:\/\/adf-magazine.com\/fr\/2022\/11\/ou-suis-je-34\/\" \/>\n<meta property=\"og:site_name\" content=\"Africa Defense Forum\" \/>\n<meta property=\"article:publisher\" content=\"https:\/\/www.facebook.com\/ADFmagazine\/\" \/>\n<meta property=\"article:published_time\" content=\"2022-11-07T21:01:43+00:00\" \/>\n<meta property=\"article:modified_time\" content=\"2022-11-20T13:59:47+00:00\" \/>\n<meta property=\"og:image\" content=\"https:\/\/adf-magazine.com\/wp-content\/uploads\/2022\/10\/Where_694221852_CMYK.jpg\" \/>\n\t<meta property=\"og:image:width\" content=\"1080\" \/>\n\t<meta property=\"og:image:height\" content=\"720\" \/>\n\t<meta property=\"og:image:type\" content=\"image\/jpeg\" \/>\n<meta name=\"author\" content=\"ADF\" \/>\n<meta name=\"twitter:card\" content=\"summary_large_image\" \/>\n<meta name=\"twitter:creator\" content=\"@ADFmagazine\" \/>\n<meta name=\"twitter:site\" content=\"@ADFmagazine\" \/>\n<meta name=\"twitter:label1\" content=\"\u00c9crit par\" \/>\n\t<meta name=\"twitter:data1\" content=\"ADF\" \/>\n<script type=\"application\/ld+json\" class=\"yoast-schema-graph\">{\"@context\":\"https:\\\/\\\/schema.org\",\"@graph\":[{\"@type\":\"Article\",\"@id\":\"https:\\\/\\\/adf-magazine.com\\\/fr\\\/2022\\\/11\\\/ou-suis-je-34\\\/#article\",\"isPartOf\":{\"@id\":\"https:\\\/\\\/adf-magazine.com\\\/fr\\\/2022\\\/11\\\/ou-suis-je-34\\\/\"},\"author\":{\"name\":\"ADF\",\"@id\":\"https:\\\/\\\/adf-magazine.com\\\/#\\\/schema\\\/person\\\/f266a6061389568b5a11465bb38bc025\"},\"headline\":\"O\u00d9 SUIS-JE ?\",\"datePublished\":\"2022-11-07T21:01:43+00:00\",\"dateModified\":\"2022-11-20T13:59:47+00:00\",\"mainEntityOfPage\":{\"@id\":\"https:\\\/\\\/adf-magazine.com\\\/fr\\\/2022\\\/11\\\/ou-suis-je-34\\\/\"},\"wordCount\":88,\"commentCount\":0,\"image\":{\"@id\":\"https:\\\/\\\/adf-magazine.com\\\/fr\\\/2022\\\/11\\\/ou-suis-je-34\\\/#primaryimage\"},\"thumbnailUrl\":\"https:\\\/\\\/adf-magazine.com\\\/wp-content\\\/uploads\\\/2022\\\/10\\\/Where_694221852_CMYK.jpg\",\"articleSection\":[\"O\u00f9 suis-je ?\",\"rubriques\"],\"inLanguage\":\"fr-FR\",\"potentialAction\":[{\"@type\":\"CommentAction\",\"name\":\"Comment\",\"target\":[\"https:\\\/\\\/adf-magazine.com\\\/fr\\\/2022\\\/11\\\/ou-suis-je-34\\\/#respond\"]}]},{\"@type\":\"WebPage\",\"@id\":\"https:\\\/\\\/adf-magazine.com\\\/fr\\\/2022\\\/11\\\/ou-suis-je-34\\\/\",\"url\":\"https:\\\/\\\/adf-magazine.com\\\/fr\\\/2022\\\/11\\\/ou-suis-je-34\\\/\",\"name\":\"O\u00d9 SUIS-JE ? - Africa Defense Forum\",\"isPartOf\":{\"@id\":\"https:\\\/\\\/adf-magazine.com\\\/#website\"},\"primaryImageOfPage\":{\"@id\":\"https:\\\/\\\/adf-magazine.com\\\/fr\\\/2022\\\/11\\\/ou-suis-je-34\\\/#primaryimage\"},\"image\":{\"@id\":\"https:\\\/\\\/adf-magazine.com\\\/fr\\\/2022\\\/11\\\/ou-suis-je-34\\\/#primaryimage\"},\"thumbnailUrl\":\"https:\\\/\\\/adf-magazine.com\\\/wp-content\\\/uploads\\\/2022\\\/10\\\/Where_694221852_CMYK.jpg\",\"datePublished\":\"2022-11-07T21:01:43+00:00\",\"dateModified\":\"2022-11-20T13:59:47+00:00\",\"author\":{\"@id\":\"https:\\\/\\\/adf-magazine.com\\\/#\\\/schema\\\/person\\\/f266a6061389568b5a11465bb38bc025\"},\"breadcrumb\":{\"@id\":\"https:\\\/\\\/adf-magazine.com\\\/fr\\\/2022\\\/11\\\/ou-suis-je-34\\\/#breadcrumb\"},\"inLanguage\":\"fr-FR\",\"potentialAction\":[{\"@type\":\"ReadAction\",\"target\":[\"https:\\\/\\\/adf-magazine.com\\\/fr\\\/2022\\\/11\\\/ou-suis-je-34\\\/\"]}]},{\"@type\":\"ImageObject\",\"inLanguage\":\"fr-FR\",\"@id\":\"https:\\\/\\\/adf-magazine.com\\\/fr\\\/2022\\\/11\\\/ou-suis-je-34\\\/#primaryimage\",\"url\":\"https:\\\/\\\/adf-magazine.com\\\/wp-content\\\/uploads\\\/2022\\\/10\\\/Where_694221852_CMYK.jpg\",\"contentUrl\":\"https:\\\/\\\/adf-magazine.com\\\/wp-content\\\/uploads\\\/2022\\\/10\\\/Where_694221852_CMYK.jpg\",\"width\":1080,\"height\":720},{\"@type\":\"BreadcrumbList\",\"@id\":\"https:\\\/\\\/adf-magazine.com\\\/fr\\\/2022\\\/11\\\/ou-suis-je-34\\\/#breadcrumb\",\"itemListElement\":[{\"@type\":\"ListItem\",\"position\":1,\"name\":\"page d\u2019accueil\",\"item\":\"https:\\\/\\\/adf-magazine.com\\\/\"},{\"@type\":\"ListItem\",\"position\":2,\"name\":\"O\u00d9 SUIS-JE ?\"}]},{\"@type\":\"WebSite\",\"@id\":\"https:\\\/\\\/adf-magazine.com\\\/#website\",\"url\":\"https:\\\/\\\/adf-magazine.com\\\/\",\"name\":\"Africa Defense Forum\",\"description\":\"Africa Defense Forum\",\"potentialAction\":[{\"@type\":\"SearchAction\",\"target\":{\"@type\":\"EntryPoint\",\"urlTemplate\":\"https:\\\/\\\/adf-magazine.com\\\/?s={search_term_string}\"},\"query-input\":{\"@type\":\"PropertyValueSpecification\",\"valueRequired\":true,\"valueName\":\"search_term_string\"}}],\"inLanguage\":\"fr-FR\"},{\"@type\":\"Person\",\"@id\":\"https:\\\/\\\/adf-magazine.com\\\/#\\\/schema\\\/person\\\/f266a6061389568b5a11465bb38bc025\",\"name\":\"ADF\",\"image\":{\"@type\":\"ImageObject\",\"inLanguage\":\"fr-FR\",\"@id\":\"https:\\\/\\\/adf-magazine.com\\\/wp-content\\\/uploads\\\/2020\\\/05\\\/cropped-ADF_icon.jpg\",\"url\":\"https:\\\/\\\/adf-magazine.com\\\/wp-content\\\/uploads\\\/2020\\\/05\\\/cropped-ADF_icon.jpg\",\"contentUrl\":\"https:\\\/\\\/adf-magazine.com\\\/wp-content\\\/uploads\\\/2020\\\/05\\\/cropped-ADF_icon.jpg\",\"caption\":\"ADF\"},\"description\":\"ADF is a professional military magazine published quarterly by U.S. Africa Command to provide an international forum for African security professionals. ADF covers topics such as counter terrorism strategies, security and defense operations, transnational crime, and all other issues affecting peace, stability, and good governance on the African continent.\",\"sameAs\":[\"https:\\\/\\\/x.com\\\/ADFmagazine\"],\"url\":\"https:\\\/\\\/adf-magazine.com\\\/fr\\\/author\\\/adf\\\/\"}]}<\/script>\n<!-- \/ Yoast SEO plugin. -->","yoast_head_json":{"title":"O\u00d9 SUIS-JE ? - Africa Defense Forum","robots":{"index":"index","follow":"follow","max-snippet":"max-snippet:-1","max-image-preview":"max-image-preview:large","max-video-preview":"max-video-preview:-1"},"canonical":"https:\/\/adf-magazine.com\/fr\/2022\/11\/ou-suis-je-34\/","og_locale":"fr_FR","og_type":"article","og_title":"O\u00d9 SUIS-JE ? - Africa Defense Forum","og_description":"INDICES Les \u00eatres humains p\u00eachent et chassent dans cette r\u00e9gion depuis 2.000 ans. Ils ont cr\u00e9\u00e9 des monticules de fruits de mer, certains avec une longueur de plusieurs centaines de m\u00e8tres.\u00a0 Certains monticules contiennent des lieux de s\u00e9pulture.\u00a0 Cette zone s\u2019est form\u00e9e \u00e0 l\u2019int\u00e9rieur du delta de trois rivi\u00e8res. Elle inclut 200 \u00eeles et \u00eelots,","og_url":"https:\/\/adf-magazine.com\/fr\/2022\/11\/ou-suis-je-34\/","og_site_name":"Africa Defense Forum","article_publisher":"https:\/\/www.facebook.com\/ADFmagazine\/","article_published_time":"2022-11-07T21:01:43+00:00","article_modified_time":"2022-11-20T13:59:47+00:00","og_image":[{"width":1080,"height":720,"url":"https:\/\/adf-magazine.com\/wp-content\/uploads\/2022\/10\/Where_694221852_CMYK.jpg","type":"image\/jpeg"}],"author":"ADF","twitter_card":"summary_large_image","twitter_creator":"@ADFmagazine","twitter_site":"@ADFmagazine","twitter_misc":{"\u00c9crit par":"ADF"},"schema":{"@context":"https:\/\/schema.org","@graph":[{"@type":"Article","@id":"https:\/\/adf-magazine.com\/fr\/2022\/11\/ou-suis-je-34\/#article","isPartOf":{"@id":"https:\/\/adf-magazine.com\/fr\/2022\/11\/ou-suis-je-34\/"},"author":{"name":"ADF","@id":"https:\/\/adf-magazine.com\/#\/schema\/person\/f266a6061389568b5a11465bb38bc025"},"headline":"O\u00d9 SUIS-JE ?","datePublished":"2022-11-07T21:01:43+00:00","dateModified":"2022-11-20T13:59:47+00:00","mainEntityOfPage":{"@id":"https:\/\/adf-magazine.com\/fr\/2022\/11\/ou-suis-je-34\/"},"wordCount":88,"commentCount":0,"image":{"@id":"https:\/\/adf-magazine.com\/fr\/2022\/11\/ou-suis-je-34\/#primaryimage"},"thumbnailUrl":"https:\/\/adf-magazine.com\/wp-content\/uploads\/2022\/10\/Where_694221852_CMYK.jpg","articleSection":["O\u00f9 suis-je ?","rubriques"],"inLanguage":"fr-FR","potentialAction":[{"@type":"CommentAction","name":"Comment","target":["https:\/\/adf-magazine.com\/fr\/2022\/11\/ou-suis-je-34\/#respond"]}]},{"@type":"WebPage","@id":"https:\/\/adf-magazine.com\/fr\/2022\/11\/ou-suis-je-34\/","url":"https:\/\/adf-magazine.com\/fr\/2022\/11\/ou-suis-je-34\/","name":"O\u00d9 SUIS-JE ? - Africa Defense Forum","isPartOf":{"@id":"https:\/\/adf-magazine.com\/#website"},"primaryImageOfPage":{"@id":"https:\/\/adf-magazine.com\/fr\/2022\/11\/ou-suis-je-34\/#primaryimage"},"image":{"@id":"https:\/\/adf-magazine.com\/fr\/2022\/11\/ou-suis-je-34\/#primaryimage"},"thumbnailUrl":"https:\/\/adf-magazine.com\/wp-content\/uploads\/2022\/10\/Where_694221852_CMYK.jpg","datePublished":"2022-11-07T21:01:43+00:00","dateModified":"2022-11-20T13:59:47+00:00","author":{"@id":"https:\/\/adf-magazine.com\/#\/schema\/person\/f266a6061389568b5a11465bb38bc025"},"breadcrumb":{"@id":"https:\/\/adf-magazine.com\/fr\/2022\/11\/ou-suis-je-34\/#breadcrumb"},"inLanguage":"fr-FR","potentialAction":[{"@type":"ReadAction","target":["https:\/\/adf-magazine.com\/fr\/2022\/11\/ou-suis-je-34\/"]}]},{"@type":"ImageObject","inLanguage":"fr-FR","@id":"https:\/\/adf-magazine.com\/fr\/2022\/11\/ou-suis-je-34\/#primaryimage","url":"https:\/\/adf-magazine.com\/wp-content\/uploads\/2022\/10\/Where_694221852_CMYK.jpg","contentUrl":"https:\/\/adf-magazine.com\/wp-content\/uploads\/2022\/10\/Where_694221852_CMYK.jpg","width":1080,"height":720},{"@type":"BreadcrumbList","@id":"https:\/\/adf-magazine.com\/fr\/2022\/11\/ou-suis-je-34\/#breadcrumb","itemListElement":[{"@type":"ListItem","position":1,"name":"page d\u2019accueil","item":"https:\/\/adf-magazine.com\/"},{"@type":"ListItem","position":2,"name":"O\u00d9 SUIS-JE ?"}]},{"@type":"WebSite","@id":"https:\/\/adf-magazine.com\/#website","url":"https:\/\/adf-magazine.com\/","name":"Africa Defense Forum","description":"Africa Defense Forum","potentialAction":[{"@type":"SearchAction","target":{"@type":"EntryPoint","urlTemplate":"https:\/\/adf-magazine.com\/?s={search_term_string}"},"query-input":{"@type":"PropertyValueSpecification","valueRequired":true,"valueName":"search_term_string"}}],"inLanguage":"fr-FR"},{"@type":"Person","@id":"https:\/\/adf-magazine.com\/#\/schema\/person\/f266a6061389568b5a11465bb38bc025","name":"ADF","image":{"@type":"ImageObject","inLanguage":"fr-FR","@id":"https:\/\/adf-magazine.com\/wp-content\/uploads\/2020\/05\/cropped-ADF_icon.jpg","url":"https:\/\/adf-magazine.com\/wp-content\/uploads\/2020\/05\/cropped-ADF_icon.jpg","contentUrl":"https:\/\/adf-magazine.com\/wp-content\/uploads\/2020\/05\/cropped-ADF_icon.jpg","caption":"ADF"},"description":"ADF is a professional military magazine published quarterly by U.S. Africa Command to provide an international forum for African security professionals. ADF covers topics such as counter terrorism strategies, security and defense operations, transnational crime, and all other issues affecting peace, stability, and good governance on the African continent.","sameAs":["https:\/\/x.com\/ADFmagazine"],"url":"https:\/\/adf-magazine.com\/fr\/author\/adf\/"}]}},"_links":{"self":[{"href":"https:\/\/adf-magazine.com\/fr\/wp-json\/wp\/v2\/posts\/36845","targetHints":{"allow":["GET"]}}],"collection":[{"href":"https:\/\/adf-magazine.com\/fr\/wp-json\/wp\/v2\/posts"}],"about":[{"href":"https:\/\/adf-magazine.com\/fr\/wp-json\/wp\/v2\/types\/post"}],"author":[{"embeddable":true,"href":"https:\/\/adf-magazine.com\/fr\/wp-json\/wp\/v2\/users\/1"}],"replies":[{"embeddable":true,"href":"https:\/\/adf-magazine.com\/fr\/wp-json\/wp\/v2\/comments?post=36845"}],"version-history":[{"count":0,"href":"https:\/\/adf-magazine.com\/fr\/wp-json\/wp\/v2\/posts\/36845\/revisions"}],"wp:featuredmedia":[{"embeddable":true,"href":"https:\/\/adf-magazine.com\/fr\/wp-json\/wp\/v2\/media\/36568"}],"wp:attachment":[{"href":"https:\/\/adf-magazine.com\/fr\/wp-json\/wp\/v2\/media?parent=36845"}],"wp:term":[{"taxonomy":"category","embeddable":true,"href":"https:\/\/adf-magazine.com\/fr\/wp-json\/wp\/v2\/categories?post=36845"},{"taxonomy":"post_tag","embeddable":true,"href":"https:\/\/adf-magazine.com\/fr\/wp-json\/wp\/v2\/tags?post=36845"}],"curies":[{"name":"wp","href":"https:\/\/api.w.org\/{rel}","templated":true}]}}