{"id":36738,"date":"2022-11-01T15:44:19","date_gmt":"2022-11-01T19:44:19","guid":{"rendered":"https:\/\/adf-magazine.com\/?p=36738"},"modified":"2022-11-01T15:44:19","modified_gmt":"2022-11-01T19:44:19","slug":"le-coup-detat-du-burkina-faso-pourrait-ouvrir-la-voie-a-wagner","status":"publish","type":"post","link":"https:\/\/adf-magazine.com\/fr\/2022\/11\/le-coup-detat-du-burkina-faso-pourrait-ouvrir-la-voie-a-wagner\/","title":{"rendered":"Le coup d\u2019\u00c9tat du Burkina Faso pourrait ouvrir la voie \u00e0 Wagner"},"content":{"rendered":"<p style=\"font-weight: 400;\">PERSONNEL D\u2019ADF<\/p>\n<p style=\"font-weight: 400;\">Apr\u00e8s le deuxi\u00e8me coup d\u2019\u00c9tat du Burkina Faso le 30 septembre, les gens sont sortis dans les rues de Ouagadougou en brandissant le drapeau russe. Ils se sont rassembl\u00e9s en partie du fait des efforts de d\u00e9sinformation sans rel\u00e2che de la Russie, qui repr\u00e9sente Moscou comme une alli\u00e9e contre les terroristes. Mais ils ont aussi r\u00e9v\u00e9l\u00e9 quelque chose de plus profond concernant le Burkina Faso\u00a0: le pays aspire \u00e0 la paix.<\/p>\n<p style=\"font-weight: 400;\">\u00ab\u00a0La population souhaite \u00e0 tout prix trouver une sorte de sauveur pour la nation\u00a0\u00bb, a d\u00e9clar\u00e9 Jean-Herv\u00e9 Jezequel, directeur du projet Sahel de l\u2019International Crisis Group, le 7 octobre dans un podcast.<\/p>\n<p style=\"font-weight: 400;\">Les experts avertissent qu\u2019une paix qui suivrait un engagement russe est improbable. Il y a des indications que la Russie pourrait profiter de cette ouverture pour que ses mercenaires du groupe Wagner s\u2019installent au Burkina Faso, en suivant le mod\u00e8le qu\u2019elle a employ\u00e9 au Mali apr\u00e8s ses deux r\u00e9cents coups d\u2019\u00c9tat.<\/p>\n<p style=\"font-weight: 400;\">L\u2019instabilit\u00e9 continuelle du Burkina Faso en fait une cible attrayante pour le groupe Wagner. Les mines d\u2019or du pays sont convoit\u00e9es pour mieux financer la machine de guerre russe sur le continent et en Ukraine.<\/p>\n<p style=\"font-weight: 400;\">Lorsqu\u2019il a saisi le pouvoir et s\u2019est exprim\u00e9 devant le pays apr\u00e8s le tout dernier coup d\u2019\u00c9tat, le capitaine de l\u2019Arm\u00e9e de terre Ibrahim Traor\u00e9 a insinu\u00e9 qu\u2019il travaillait avec les mercenaires russes mais il ne s\u2019est pas engag\u00e9 \u00e0 le faire.<\/p>\n<p style=\"font-weight: 400;\">Lors d\u2019une conf\u00e9rence de presse t\u00e9l\u00e9vis\u00e9e, il a d\u00e9clar\u00e9\u00a0: \u00ab\u00a0Les Fran\u00e7ais sont nos partenaires depuis longtemps. Mais nous pourrions avoir aujourd\u2019hui d\u2019autres partenaires qui nous soutiennent. Nous avons en fait \u00e9tabli un partenariat avec la Russie. Nous devons le renforcer.\u00a0\u00bb<\/p>\n<p style=\"font-weight: 400;\">\u00ab\u00a0Nous pouvons donc avoir plusieurs partenariats avec toutes les puissances qui souhaitent nous aider dans cette lutte.\u00a0\u00bb<\/p>\n<p style=\"font-weight: 400;\">L\u2019analyste Samuel Ramani du groupe de r\u00e9flexion s\u00e9curitaire Royal United Services Institute pense que le capitaine Traor\u00e9 essayait de faire preuve de prudence avec les pays occidentaux et consid\u00e8re les r\u00e9sultats de Wagner au Mali comme un r\u00e9cit \u00e9difiant.<\/p>\n<p style=\"font-weight: 400;\">\u00ab\u00a0Je pense que le Burkina Faso veut \u00e9viter le pi\u00e8ge dans lequel le Mali est tomb\u00e9, d\u00e9clare-t-il \u00e0 la BBC. Ils sont maintenant compl\u00e8tement d\u00e9pendants et captur\u00e9s par l\u2019\u00c9tat russe.\u00a0\u00bb<\/p>\n<p style=\"font-weight: 400;\">Non seulement le groupe Wagner n\u2019a pas eu de bons r\u00e9sultats au Mali, mais ses agents ont aussi \u00e9t\u00e9 accus\u00e9s de crimes contre l\u2019humanit\u00e9 et de massacres de civils, y compris l\u2019ex\u00e9cution sommaire de 300 personnes dans le village malien de Moura.<\/p>\n<p style=\"font-weight: 400;\">\u00ab\u00a0Wagner engendre facilement le chaos, dit le Dr\u00a0Ramani. Mais en tant que force de combat, il a des difficult\u00e9s, en particulier sur les terrains nouveaux et hostiles.\u00a0\u00bb<\/p>\n<p style=\"font-weight: 400;\">Jean-Herv\u00e9 Jezequel d\u00e9clare que les ant\u00e9c\u00e9dents de Wagner au Mali r\u00e9v\u00e8lent qu\u2019il n\u2019am\u00e9liorera probablement pas la s\u00e9curit\u00e9 au Burkina Faso.<\/p>\n<p style=\"font-weight: 400;\">\u00ab\u00a0Il existe des limites s\u00e9rieuses, des carences \u00e9normes dans les capacit\u00e9s russes, dit-il. Jusqu\u2019\u00e0 pr\u00e9sent, je ne pense pas que l\u2019alliance avec la Russie ait fourni des avantages strat\u00e9giques au gouvernement malien.\u00a0\u00bb<\/p>\n<p style=\"font-weight: 400;\">Le co\u00fbt de l\u2019implication du groupe Wagner dans un pays semble \u00eatre l\u2019isolement mondial, les d\u00e9c\u00e8s des civils et la perte des ressources naturelles.<\/p>\n<p style=\"font-weight: 400;\">\u00ab\u00a0Une fois que les Russes viennent dans ces th\u00e9\u00e2tres, on ne peut pas les en sortir, d\u00e9clare le Dr\u00a0Ramani. La m\u00eame chose s\u2019est produite en R\u00e9publique centrafricaine.\u00a0\u00bb<\/p>\n<p style=\"font-weight: 400;\">Alors que le capitaine Traor\u00e9 \u00e9value ses options pour chercher des partenaires \u00e9trangers, les experts d\u00e9clarent que les Burkinab\u00e9s ont \u00e9t\u00e9 conduits \u00e0 adopter une perspective pro-russe et anti-fran\u00e7aise par le r\u00e9seau de propagande \u00e9labor\u00e9 qui existe au Sahel.<\/p>\n<p style=\"font-weight: 400;\">Cameron Hudson du Centre pour les \u00e9tudes strat\u00e9giques et internationales d\u00e9clare au magazine Foreign Policy\u00a0: \u00ab\u00a0Il ne fait aucun doute qu\u2019il existe une sorte de campagne d\u2019influence russe en cours dans ces pays, \u00e0 des fins vari\u00e9es. C\u2019est un contre-pouvoir dans ces pays, donc elle affaiblit le leadership de ces pays.\u00a0\u00bb<\/p>\n<p style=\"font-weight: 400;\">\u00ab\u00a0Je pense que c\u2019est l\u00e0 que les Russes peuvent prendre pied\u2026 l\u00e0 o\u00f9 il existe des transitions en cours, l\u00e0 o\u00f9 tout est mis en jeu dans l\u2019espace politique. C\u2019est une sorte de jeu de chaises musicales et les Russes contr\u00f4lent le tourne-disque.\u00a0\u00bb<\/p>\n","protected":false},"excerpt":{"rendered":"<p>PERSONNEL D\u2019ADF Apr\u00e8s le deuxi\u00e8me coup d\u2019\u00c9tat du Burkina Faso le 30 septembre, les gens sont sortis dans les rues de Ouagadougou en brandissant le drapeau russe. Ils se sont rassembl\u00e9s en partie du fait des efforts de d\u00e9sinformation sans rel\u00e2che de la Russie, qui repr\u00e9sente Moscou comme une alli\u00e9e contre les terroristes. Mais ils<\/p>\n","protected":false},"author":1,"featured_media":36733,"comment_status":"open","ping_status":"closed","sticky":false,"template":"","format":"standard","meta":{"_acf_changed":false,"_monsterinsights_skip_tracking":false,"_monsterinsights_sitenote_active":false,"_monsterinsights_sitenote_note":"","_monsterinsights_sitenote_category":0,"_uf_show_specific_survey":0,"_uf_disable_surveys":false,"footnotes":""},"categories":[331],"tags":[489,698,484,790,1021,434,882,617,618,487,539],"class_list":{"0":"post-36738","1":"post","2":"type-post","3":"status-publish","4":"format-standard","5":"has-post-thumbnail","7":"category-dernieres-nouvelles","8":"tag-burkina-faso-fr","9":"tag-coups-detat","10":"tag-extremisme","11":"tag-france-fr","12":"tag-insurrection","13":"tag-mali-fr","14":"tag-mercenaire","15":"tag-republique-centrafricaine","16":"tag-russie","17":"tag-sahel-fr","18":"tag-terrorisme"},"acf":[],"yoast_head":"<!-- This site is optimized with the Yoast SEO plugin v27.4 - https:\/\/yoast.com\/product\/yoast-seo-wordpress\/ -->\n<title>Le coup d\u2019\u00c9tat du Burkina Faso pourrait ouvrir la voie \u00e0 Wagner - Africa Defense Forum<\/title>\n<meta name=\"robots\" content=\"index, follow, max-snippet:-1, max-image-preview:large, max-video-preview:-1\" \/>\n<link rel=\"canonical\" href=\"https:\/\/adf-magazine.com\/fr\/2022\/11\/le-coup-detat-du-burkina-faso-pourrait-ouvrir-la-voie-a-wagner\/\" \/>\n<meta property=\"og:locale\" content=\"fr_FR\" \/>\n<meta property=\"og:type\" content=\"article\" \/>\n<meta property=\"og:title\" content=\"Le coup d\u2019\u00c9tat du Burkina Faso pourrait ouvrir la voie \u00e0 Wagner - Africa Defense Forum\" \/>\n<meta property=\"og:description\" content=\"PERSONNEL D\u2019ADF Apr\u00e8s le deuxi\u00e8me coup d\u2019\u00c9tat du Burkina Faso le 30 septembre, les gens sont sortis dans les rues de Ouagadougou en brandissant le drapeau russe. Ils se sont rassembl\u00e9s en partie du fait des efforts de d\u00e9sinformation sans rel\u00e2che de la Russie, qui repr\u00e9sente Moscou comme une alli\u00e9e contre les terroristes. Mais ils\" \/>\n<meta property=\"og:url\" content=\"https:\/\/adf-magazine.com\/fr\/2022\/11\/le-coup-detat-du-burkina-faso-pourrait-ouvrir-la-voie-a-wagner\/\" \/>\n<meta property=\"og:site_name\" content=\"Africa Defense Forum\" \/>\n<meta property=\"article:publisher\" content=\"https:\/\/www.facebook.com\/ADFmagazine\/\" \/>\n<meta property=\"article:published_time\" content=\"2022-11-01T19:44:19+00:00\" \/>\n<meta property=\"og:image\" content=\"https:\/\/adf-magazine.com\/wp-content\/uploads\/2022\/11\/GettyImages-1243768900.jpg\" \/>\n\t<meta property=\"og:image:width\" content=\"1024\" \/>\n\t<meta property=\"og:image:height\" content=\"678\" \/>\n\t<meta property=\"og:image:type\" content=\"image\/jpeg\" \/>\n<meta name=\"author\" content=\"ADF\" \/>\n<meta name=\"twitter:card\" content=\"summary_large_image\" \/>\n<meta name=\"twitter:creator\" content=\"@ADFmagazine\" \/>\n<meta name=\"twitter:site\" content=\"@ADFmagazine\" \/>\n<meta name=\"twitter:label1\" content=\"\u00c9crit par\" \/>\n\t<meta name=\"twitter:data1\" content=\"ADF\" \/>\n\t<meta name=\"twitter:label2\" content=\"Dur\u00e9e de lecture estim\u00e9e\" \/>\n\t<meta name=\"twitter:data2\" content=\"4 minutes\" \/>\n<script type=\"application\/ld+json\" class=\"yoast-schema-graph\">{\"@context\":\"https:\\\/\\\/schema.org\",\"@graph\":[{\"@type\":\"Article\",\"@id\":\"https:\\\/\\\/adf-magazine.com\\\/fr\\\/2022\\\/11\\\/le-coup-detat-du-burkina-faso-pourrait-ouvrir-la-voie-a-wagner\\\/#article\",\"isPartOf\":{\"@id\":\"https:\\\/\\\/adf-magazine.com\\\/fr\\\/2022\\\/11\\\/le-coup-detat-du-burkina-faso-pourrait-ouvrir-la-voie-a-wagner\\\/\"},\"author\":{\"name\":\"ADF\",\"@id\":\"https:\\\/\\\/adf-magazine.com\\\/#\\\/schema\\\/person\\\/f266a6061389568b5a11465bb38bc025\"},\"headline\":\"Le coup d\u2019\u00c9tat du Burkina Faso pourrait ouvrir la voie \u00e0 Wagner\",\"datePublished\":\"2022-11-01T19:44:19+00:00\",\"mainEntityOfPage\":{\"@id\":\"https:\\\/\\\/adf-magazine.com\\\/fr\\\/2022\\\/11\\\/le-coup-detat-du-burkina-faso-pourrait-ouvrir-la-voie-a-wagner\\\/\"},\"wordCount\":766,\"commentCount\":0,\"image\":{\"@id\":\"https:\\\/\\\/adf-magazine.com\\\/fr\\\/2022\\\/11\\\/le-coup-detat-du-burkina-faso-pourrait-ouvrir-la-voie-a-wagner\\\/#primaryimage\"},\"thumbnailUrl\":\"https:\\\/\\\/adf-magazine.com\\\/wp-content\\\/uploads\\\/2022\\\/11\\\/GettyImages-1243768900.jpg\",\"keywords\":[\"Burkina Faso\",\"coups d\u2019\u00e9tat\",\"extr\u00e9misme\",\"France\",\"insurrection\",\"Mali\",\"mercenaire\",\"R\u00e9publique centrafricaine\",\"Russie\",\"Sahel\",\"Terrorisme\"],\"articleSection\":[\"Actualit\u00e9s du Jour\"],\"inLanguage\":\"fr-FR\",\"potentialAction\":[{\"@type\":\"CommentAction\",\"name\":\"Comment\",\"target\":[\"https:\\\/\\\/adf-magazine.com\\\/fr\\\/2022\\\/11\\\/le-coup-detat-du-burkina-faso-pourrait-ouvrir-la-voie-a-wagner\\\/#respond\"]}]},{\"@type\":\"WebPage\",\"@id\":\"https:\\\/\\\/adf-magazine.com\\\/fr\\\/2022\\\/11\\\/le-coup-detat-du-burkina-faso-pourrait-ouvrir-la-voie-a-wagner\\\/\",\"url\":\"https:\\\/\\\/adf-magazine.com\\\/fr\\\/2022\\\/11\\\/le-coup-detat-du-burkina-faso-pourrait-ouvrir-la-voie-a-wagner\\\/\",\"name\":\"Le coup d\u2019\u00c9tat du Burkina Faso pourrait ouvrir la voie \u00e0 Wagner - Africa Defense Forum\",\"isPartOf\":{\"@id\":\"https:\\\/\\\/adf-magazine.com\\\/#website\"},\"primaryImageOfPage\":{\"@id\":\"https:\\\/\\\/adf-magazine.com\\\/fr\\\/2022\\\/11\\\/le-coup-detat-du-burkina-faso-pourrait-ouvrir-la-voie-a-wagner\\\/#primaryimage\"},\"image\":{\"@id\":\"https:\\\/\\\/adf-magazine.com\\\/fr\\\/2022\\\/11\\\/le-coup-detat-du-burkina-faso-pourrait-ouvrir-la-voie-a-wagner\\\/#primaryimage\"},\"thumbnailUrl\":\"https:\\\/\\\/adf-magazine.com\\\/wp-content\\\/uploads\\\/2022\\\/11\\\/GettyImages-1243768900.jpg\",\"datePublished\":\"2022-11-01T19:44:19+00:00\",\"author\":{\"@id\":\"https:\\\/\\\/adf-magazine.com\\\/#\\\/schema\\\/person\\\/f266a6061389568b5a11465bb38bc025\"},\"breadcrumb\":{\"@id\":\"https:\\\/\\\/adf-magazine.com\\\/fr\\\/2022\\\/11\\\/le-coup-detat-du-burkina-faso-pourrait-ouvrir-la-voie-a-wagner\\\/#breadcrumb\"},\"inLanguage\":\"fr-FR\",\"potentialAction\":[{\"@type\":\"ReadAction\",\"target\":[\"https:\\\/\\\/adf-magazine.com\\\/fr\\\/2022\\\/11\\\/le-coup-detat-du-burkina-faso-pourrait-ouvrir-la-voie-a-wagner\\\/\"]}]},{\"@type\":\"ImageObject\",\"inLanguage\":\"fr-FR\",\"@id\":\"https:\\\/\\\/adf-magazine.com\\\/fr\\\/2022\\\/11\\\/le-coup-detat-du-burkina-faso-pourrait-ouvrir-la-voie-a-wagner\\\/#primaryimage\",\"url\":\"https:\\\/\\\/adf-magazine.com\\\/wp-content\\\/uploads\\\/2022\\\/11\\\/GettyImages-1243768900.jpg\",\"contentUrl\":\"https:\\\/\\\/adf-magazine.com\\\/wp-content\\\/uploads\\\/2022\\\/11\\\/GettyImages-1243768900.jpg\",\"width\":1024,\"height\":678,\"caption\":\"TOPSHOT - Supporters of Burkina Faso's new junta leader Ibrahim Traore hold national flags of Burkina Faso and Russia during a demonstration near the national radio and television headquarters (RTB) in Ouagadougou on October 6, 2022. - Captain Ibrahim Traore was appointed as president of Burkina Faso on October 5, according to an official statement, after the West African country's second coup in less than nine months. (Photo by Issouf SANOGO \\\/ AFP) (Photo by ISSOUF SANOGO\\\/AFP via Getty Images)\"},{\"@type\":\"BreadcrumbList\",\"@id\":\"https:\\\/\\\/adf-magazine.com\\\/fr\\\/2022\\\/11\\\/le-coup-detat-du-burkina-faso-pourrait-ouvrir-la-voie-a-wagner\\\/#breadcrumb\",\"itemListElement\":[{\"@type\":\"ListItem\",\"position\":1,\"name\":\"page d\u2019accueil\",\"item\":\"https:\\\/\\\/adf-magazine.com\\\/\"},{\"@type\":\"ListItem\",\"position\":2,\"name\":\"Le coup d\u2019\u00c9tat du Burkina Faso pourrait ouvrir la voie \u00e0 Wagner\"}]},{\"@type\":\"WebSite\",\"@id\":\"https:\\\/\\\/adf-magazine.com\\\/#website\",\"url\":\"https:\\\/\\\/adf-magazine.com\\\/\",\"name\":\"Africa Defense Forum\",\"description\":\"Africa Defense Forum\",\"potentialAction\":[{\"@type\":\"SearchAction\",\"target\":{\"@type\":\"EntryPoint\",\"urlTemplate\":\"https:\\\/\\\/adf-magazine.com\\\/?s={search_term_string}\"},\"query-input\":{\"@type\":\"PropertyValueSpecification\",\"valueRequired\":true,\"valueName\":\"search_term_string\"}}],\"inLanguage\":\"fr-FR\"},{\"@type\":\"Person\",\"@id\":\"https:\\\/\\\/adf-magazine.com\\\/#\\\/schema\\\/person\\\/f266a6061389568b5a11465bb38bc025\",\"name\":\"ADF\",\"image\":{\"@type\":\"ImageObject\",\"inLanguage\":\"fr-FR\",\"@id\":\"https:\\\/\\\/adf-magazine.com\\\/wp-content\\\/uploads\\\/2020\\\/05\\\/cropped-ADF_icon.jpg\",\"url\":\"https:\\\/\\\/adf-magazine.com\\\/wp-content\\\/uploads\\\/2020\\\/05\\\/cropped-ADF_icon.jpg\",\"contentUrl\":\"https:\\\/\\\/adf-magazine.com\\\/wp-content\\\/uploads\\\/2020\\\/05\\\/cropped-ADF_icon.jpg\",\"caption\":\"ADF\"},\"description\":\"ADF is a professional military magazine published quarterly by U.S. Africa Command to provide an international forum for African security professionals. ADF covers topics such as counter terrorism strategies, security and defense operations, transnational crime, and all other issues affecting peace, stability, and good governance on the African continent.\",\"sameAs\":[\"https:\\\/\\\/x.com\\\/ADFmagazine\"],\"url\":\"https:\\\/\\\/adf-magazine.com\\\/fr\\\/author\\\/adf\\\/\"}]}<\/script>\n<!-- \/ Yoast SEO plugin. -->","yoast_head_json":{"title":"Le coup d\u2019\u00c9tat du Burkina Faso pourrait ouvrir la voie \u00e0 Wagner - Africa Defense Forum","robots":{"index":"index","follow":"follow","max-snippet":"max-snippet:-1","max-image-preview":"max-image-preview:large","max-video-preview":"max-video-preview:-1"},"canonical":"https:\/\/adf-magazine.com\/fr\/2022\/11\/le-coup-detat-du-burkina-faso-pourrait-ouvrir-la-voie-a-wagner\/","og_locale":"fr_FR","og_type":"article","og_title":"Le coup d\u2019\u00c9tat du Burkina Faso pourrait ouvrir la voie \u00e0 Wagner - Africa Defense Forum","og_description":"PERSONNEL D\u2019ADF Apr\u00e8s le deuxi\u00e8me coup d\u2019\u00c9tat du Burkina Faso le 30 septembre, les gens sont sortis dans les rues de Ouagadougou en brandissant le drapeau russe. Ils se sont rassembl\u00e9s en partie du fait des efforts de d\u00e9sinformation sans rel\u00e2che de la Russie, qui repr\u00e9sente Moscou comme une alli\u00e9e contre les terroristes. Mais ils","og_url":"https:\/\/adf-magazine.com\/fr\/2022\/11\/le-coup-detat-du-burkina-faso-pourrait-ouvrir-la-voie-a-wagner\/","og_site_name":"Africa Defense Forum","article_publisher":"https:\/\/www.facebook.com\/ADFmagazine\/","article_published_time":"2022-11-01T19:44:19+00:00","og_image":[{"width":1024,"height":678,"url":"https:\/\/adf-magazine.com\/wp-content\/uploads\/2022\/11\/GettyImages-1243768900.jpg","type":"image\/jpeg"}],"author":"ADF","twitter_card":"summary_large_image","twitter_creator":"@ADFmagazine","twitter_site":"@ADFmagazine","twitter_misc":{"\u00c9crit par":"ADF","Dur\u00e9e de lecture estim\u00e9e":"4 minutes"},"schema":{"@context":"https:\/\/schema.org","@graph":[{"@type":"Article","@id":"https:\/\/adf-magazine.com\/fr\/2022\/11\/le-coup-detat-du-burkina-faso-pourrait-ouvrir-la-voie-a-wagner\/#article","isPartOf":{"@id":"https:\/\/adf-magazine.com\/fr\/2022\/11\/le-coup-detat-du-burkina-faso-pourrait-ouvrir-la-voie-a-wagner\/"},"author":{"name":"ADF","@id":"https:\/\/adf-magazine.com\/#\/schema\/person\/f266a6061389568b5a11465bb38bc025"},"headline":"Le coup d\u2019\u00c9tat du Burkina Faso pourrait ouvrir la voie \u00e0 Wagner","datePublished":"2022-11-01T19:44:19+00:00","mainEntityOfPage":{"@id":"https:\/\/adf-magazine.com\/fr\/2022\/11\/le-coup-detat-du-burkina-faso-pourrait-ouvrir-la-voie-a-wagner\/"},"wordCount":766,"commentCount":0,"image":{"@id":"https:\/\/adf-magazine.com\/fr\/2022\/11\/le-coup-detat-du-burkina-faso-pourrait-ouvrir-la-voie-a-wagner\/#primaryimage"},"thumbnailUrl":"https:\/\/adf-magazine.com\/wp-content\/uploads\/2022\/11\/GettyImages-1243768900.jpg","keywords":["Burkina Faso","coups d\u2019\u00e9tat","extr\u00e9misme","France","insurrection","Mali","mercenaire","R\u00e9publique centrafricaine","Russie","Sahel","Terrorisme"],"articleSection":["Actualit\u00e9s du Jour"],"inLanguage":"fr-FR","potentialAction":[{"@type":"CommentAction","name":"Comment","target":["https:\/\/adf-magazine.com\/fr\/2022\/11\/le-coup-detat-du-burkina-faso-pourrait-ouvrir-la-voie-a-wagner\/#respond"]}]},{"@type":"WebPage","@id":"https:\/\/adf-magazine.com\/fr\/2022\/11\/le-coup-detat-du-burkina-faso-pourrait-ouvrir-la-voie-a-wagner\/","url":"https:\/\/adf-magazine.com\/fr\/2022\/11\/le-coup-detat-du-burkina-faso-pourrait-ouvrir-la-voie-a-wagner\/","name":"Le coup d\u2019\u00c9tat du Burkina Faso pourrait ouvrir la voie \u00e0 Wagner - Africa Defense Forum","isPartOf":{"@id":"https:\/\/adf-magazine.com\/#website"},"primaryImageOfPage":{"@id":"https:\/\/adf-magazine.com\/fr\/2022\/11\/le-coup-detat-du-burkina-faso-pourrait-ouvrir-la-voie-a-wagner\/#primaryimage"},"image":{"@id":"https:\/\/adf-magazine.com\/fr\/2022\/11\/le-coup-detat-du-burkina-faso-pourrait-ouvrir-la-voie-a-wagner\/#primaryimage"},"thumbnailUrl":"https:\/\/adf-magazine.com\/wp-content\/uploads\/2022\/11\/GettyImages-1243768900.jpg","datePublished":"2022-11-01T19:44:19+00:00","author":{"@id":"https:\/\/adf-magazine.com\/#\/schema\/person\/f266a6061389568b5a11465bb38bc025"},"breadcrumb":{"@id":"https:\/\/adf-magazine.com\/fr\/2022\/11\/le-coup-detat-du-burkina-faso-pourrait-ouvrir-la-voie-a-wagner\/#breadcrumb"},"inLanguage":"fr-FR","potentialAction":[{"@type":"ReadAction","target":["https:\/\/adf-magazine.com\/fr\/2022\/11\/le-coup-detat-du-burkina-faso-pourrait-ouvrir-la-voie-a-wagner\/"]}]},{"@type":"ImageObject","inLanguage":"fr-FR","@id":"https:\/\/adf-magazine.com\/fr\/2022\/11\/le-coup-detat-du-burkina-faso-pourrait-ouvrir-la-voie-a-wagner\/#primaryimage","url":"https:\/\/adf-magazine.com\/wp-content\/uploads\/2022\/11\/GettyImages-1243768900.jpg","contentUrl":"https:\/\/adf-magazine.com\/wp-content\/uploads\/2022\/11\/GettyImages-1243768900.jpg","width":1024,"height":678,"caption":"TOPSHOT - Supporters of Burkina Faso's new junta leader Ibrahim Traore hold national flags of Burkina Faso and Russia during a demonstration near the national radio and television headquarters (RTB) in Ouagadougou on October 6, 2022. - Captain Ibrahim Traore was appointed as president of Burkina Faso on October 5, according to an official statement, after the West African country's second coup in less than nine months. (Photo by Issouf SANOGO \/ AFP) (Photo by ISSOUF SANOGO\/AFP via Getty Images)"},{"@type":"BreadcrumbList","@id":"https:\/\/adf-magazine.com\/fr\/2022\/11\/le-coup-detat-du-burkina-faso-pourrait-ouvrir-la-voie-a-wagner\/#breadcrumb","itemListElement":[{"@type":"ListItem","position":1,"name":"page d\u2019accueil","item":"https:\/\/adf-magazine.com\/"},{"@type":"ListItem","position":2,"name":"Le coup d\u2019\u00c9tat du Burkina Faso pourrait ouvrir la voie \u00e0 Wagner"}]},{"@type":"WebSite","@id":"https:\/\/adf-magazine.com\/#website","url":"https:\/\/adf-magazine.com\/","name":"Africa Defense Forum","description":"Africa Defense Forum","potentialAction":[{"@type":"SearchAction","target":{"@type":"EntryPoint","urlTemplate":"https:\/\/adf-magazine.com\/?s={search_term_string}"},"query-input":{"@type":"PropertyValueSpecification","valueRequired":true,"valueName":"search_term_string"}}],"inLanguage":"fr-FR"},{"@type":"Person","@id":"https:\/\/adf-magazine.com\/#\/schema\/person\/f266a6061389568b5a11465bb38bc025","name":"ADF","image":{"@type":"ImageObject","inLanguage":"fr-FR","@id":"https:\/\/adf-magazine.com\/wp-content\/uploads\/2020\/05\/cropped-ADF_icon.jpg","url":"https:\/\/adf-magazine.com\/wp-content\/uploads\/2020\/05\/cropped-ADF_icon.jpg","contentUrl":"https:\/\/adf-magazine.com\/wp-content\/uploads\/2020\/05\/cropped-ADF_icon.jpg","caption":"ADF"},"description":"ADF is a professional military magazine published quarterly by U.S. Africa Command to provide an international forum for African security professionals. ADF covers topics such as counter terrorism strategies, security and defense operations, transnational crime, and all other issues affecting peace, stability, and good governance on the African continent.","sameAs":["https:\/\/x.com\/ADFmagazine"],"url":"https:\/\/adf-magazine.com\/fr\/author\/adf\/"}]}},"_links":{"self":[{"href":"https:\/\/adf-magazine.com\/fr\/wp-json\/wp\/v2\/posts\/36738","targetHints":{"allow":["GET"]}}],"collection":[{"href":"https:\/\/adf-magazine.com\/fr\/wp-json\/wp\/v2\/posts"}],"about":[{"href":"https:\/\/adf-magazine.com\/fr\/wp-json\/wp\/v2\/types\/post"}],"author":[{"embeddable":true,"href":"https:\/\/adf-magazine.com\/fr\/wp-json\/wp\/v2\/users\/1"}],"replies":[{"embeddable":true,"href":"https:\/\/adf-magazine.com\/fr\/wp-json\/wp\/v2\/comments?post=36738"}],"version-history":[{"count":0,"href":"https:\/\/adf-magazine.com\/fr\/wp-json\/wp\/v2\/posts\/36738\/revisions"}],"wp:featuredmedia":[{"embeddable":true,"href":"https:\/\/adf-magazine.com\/fr\/wp-json\/wp\/v2\/media\/36733"}],"wp:attachment":[{"href":"https:\/\/adf-magazine.com\/fr\/wp-json\/wp\/v2\/media?parent=36738"}],"wp:term":[{"taxonomy":"category","embeddable":true,"href":"https:\/\/adf-magazine.com\/fr\/wp-json\/wp\/v2\/categories?post=36738"},{"taxonomy":"post_tag","embeddable":true,"href":"https:\/\/adf-magazine.com\/fr\/wp-json\/wp\/v2\/tags?post=36738"}],"curies":[{"name":"wp","href":"https:\/\/api.w.org\/{rel}","templated":true}]}}