{"id":36103,"date":"2022-10-11T13:57:51","date_gmt":"2022-10-11T17:57:51","guid":{"rendered":"https:\/\/adf-magazine.com\/?p=36103"},"modified":"2022-10-11T13:58:38","modified_gmt":"2022-10-11T17:58:38","slug":"la-detention-des-soldats-ivoiriens-au-mali-fait-augmenter-les-tensions-dans-la-region","status":"publish","type":"post","link":"https:\/\/adf-magazine.com\/fr\/2022\/10\/la-detention-des-soldats-ivoiriens-au-mali-fait-augmenter-les-tensions-dans-la-region\/","title":{"rendered":"La d\u00e9tention des soldats ivoiriens au Mali fait augmenter les tensions dans la r\u00e9gion"},"content":{"rendered":"<p style=\"font-weight: 400;\">PERSONNEL D\u2019ADF<\/p>\n<p style=\"font-weight: 400;\">Les chefs de la junte malienne au pouvoir se sont r\u00e9unis avec une d\u00e9l\u00e9gation de responsables ouest-africains de haut niveau qui souhaitent la lib\u00e9ration des 46 soldats de C\u00f4te d\u2019Ivoire d\u00e9tenus au Mali depuis juillet. Cette d\u00e9tention refl\u00e8te la relation de plus en plus tendue entre le Mali et son voisin du Sud et la communaut\u00e9 internationale.<\/p>\n<p style=\"font-weight: 400;\">La r\u00e9union entre le colonel Assimi Go\u00efta, chef de la junte, et le pr\u00e9sident ghan\u00e9en Nana Akufo-Addo, le pr\u00e9sident gambien Adama Barrow et le ministre togolais des Affaires \u00e9trang\u00e8res Robert Dussey n\u2019a produit aucun changement dans la situation des gardiens de la paix que le Mali a accus\u00e9s de trafic d\u2019armes et de conspiration pour renverser le gouvernement dirig\u00e9 par la junte.<\/p>\n<p style=\"font-weight: 400;\">L\u2019analyste Alec Smith a \u00e9crit sur le site web Grey Dynamics qu\u2019il pense que la relation entre le Mali et la C\u00f4te d\u2019Ivoire continuera \u00e0 se d\u00e9grader au cours des prochains mois. Les tensions actuelles entre les deux pays ont commenc\u00e9 lorsque la junte a annonc\u00e9 qu\u2019elle retarderait le retour \u00e0 la d\u00e9mocratie jusqu\u2019en 2024, selon M.\u00a0Smith.<\/p>\n<p style=\"font-weight: 400;\">Les soldats ivoiriens aujourd\u2019hui d\u00e9tenus comme otages sont arriv\u00e9s \u00e0 Bamako pour soutenir la MINUSMA (Mission multidimensionnelle int\u00e9gr\u00e9e des Nations unies pour la stabilisation au Mali). Cela fait de nombreuses ann\u00e9es que les troupes ivoiriennes sont affect\u00e9es \u00e0 la MINUSMA.<\/p>\n<p style=\"font-weight: 400;\">Cet \u00e9v\u00e9nement est devenu une pr\u00e9occupation nationale en C\u00f4te d\u2019Ivoire\u00a0: le mois dernier, des membres des familles des soldats d\u00e9tenus et des centaines de manifestants sont sortis dans les rues pour exiger que des mesures soient prises.<\/p>\n<p style=\"font-weight: 400;\">\u00ab\u00a0Ils doivent lib\u00e9rer ces enfants. Ce ne sont que de simples soldats. Ils ne sont pas des criminels. Ils n\u2019ont rien \u00e0 voir avec la politique malienne\u00a0\u00bb, a d\u00e9clar\u00e9 Ass\u00e9tou Kon\u00e9, m\u00e8re d\u2019un soldat d\u00e9tenu, \u00e0 africanews.<\/p>\n<p style=\"font-weight: 400;\">La junte est de plus en plus hostile face \u00e0 la MINUSMA, alors m\u00eame qu\u2019elle travaille plus \u00e9troitement avec les mercenaires du groupe Wagner soutenu par la Russie.<\/p>\n<p style=\"font-weight: 400;\">Une d\u00e9l\u00e9gation de la CEDEAO (Communaut\u00e9 \u00e9conomique des \u00c9tats de l\u2019Afrique de l\u2019Ouest) a \u00e9t\u00e9 envoy\u00e9e apr\u00e8s la requ\u00eate de la C\u00f4te d\u2019Ivoire pour une r\u00e9union sp\u00e9ciale du block r\u00e9gional dans le but d\u2019aider \u00e0 obtenir la lib\u00e9ration des gardiens de la paix, qui ont \u00e9t\u00e9 arr\u00eat\u00e9s lorsqu\u2019ils ont atterri \u00e0 l\u2019a\u00e9roport de Bamako le 10 juillet.<\/p>\n<p style=\"font-weight: 400;\">Trois femmes soldats ont \u00e9t\u00e9 lib\u00e9r\u00e9es au d\u00e9but septembre \u00e0 la suite d\u2019une m\u00e9diation par le Togo.<\/p>\n<p style=\"font-weight: 400;\">Initialement, la junte a d\u00e9clar\u00e9 qu\u2019elle ne se r\u00e9unirait pas avec les repr\u00e9sentants de la CEDEAO. Elle a dit que le probl\u00e8me existait uniquement entre le Mali et la C\u00f4te d\u2019Ivoire.<\/p>\n<p style=\"font-weight: 400;\">Elle a accus\u00e9 les forces ivoiriennes d\u2019\u00eatre des mercenaires et de planifier le renversement du gouvernement militaire, qui a pris le pouvoir \u00e0 la suite des coups d\u2019\u00c9tat de 2020 et 2021.<\/p>\n<p style=\"font-weight: 400;\">Amadou Coulibaly, ministre ivoirien des Communications, a d\u00e9clar\u00e9 que les chefs militaires maliens, dont certains sont issus des forces sp\u00e9ciales, savent un peu trop bien comment renverser un gouvernement.<\/p>\n<p style=\"font-weight: 400;\">\u00ab\u00a0Ceci n\u2019est pas fait par des touristes qui arrivent \u00e0 l\u2019a\u00e9roport, ramassent leur passeport pour partir et remplissent des formulaires de police\u00a0\u00bb, a-t-il dit lors d\u2019un briefing de presse.<\/p>\n<p style=\"font-weight: 400;\">Entre-temps, la junte du Mali travaille ouvertement avec les mercenaires du groupe Wagner qui ont particip\u00e9 \u00e0 de nombreuses attaques contre les civils dans le Nord du pays. Les morts civiles ont doubl\u00e9 depuis que Wagner est arriv\u00e9 dans le pays au d\u00e9but 2022.<\/p>\n<p style=\"font-weight: 400;\">Les soup\u00e7ons de la junte \u00e0 l\u2019\u00e9gard des soldats ivoiriens refl\u00e8tent son hostilit\u00e9 croissante face aux forces de maintien de la paix dans le pays. Elle a bri\u00e8vement suspendu la rotation des gardiens de la paix apr\u00e8s avoir arr\u00eat\u00e9 les Ivoiriens. Elle a exclu de son espace a\u00e9rien dans le Nord tous les a\u00e9ronefs sauf les chasseurs russes, ce qui interdit en fait tout soutien a\u00e9rien de la MINUSMA dans la r\u00e9gion.<\/p>\n<p style=\"font-weight: 400;\">\u00c0 cause de cette hostilit\u00e9, plusieurs pays, notamment la Su\u00e8de, l\u2019\u00c9gypte et le B\u00e9nin, ont abandonn\u00e9 la mission ou annonc\u00e9 qu\u2019ils pr\u00e9voyaient de le faire dans un avenir proche.<\/p>\n<p style=\"font-weight: 400;\">Le Mali a offert de renvoyer les gardiens de la paix, partiellement en \u00e9change de la remise par la C\u00f4te d\u2019Ivoire de certains dissidents politiques, cens\u00e9s \u00eatre Karim Ke\u00efta, fils de l\u2019ancien pr\u00e9sident malien Ibrahim Boubacar Ke\u00efta, et Ti\u00e9man Hubert Coulibaly, ancien ministre de la D\u00e9fense et des Affaires \u00e9trang\u00e8res dans l\u2019administration Ke\u00efta, selon africanews.com.<\/p>\n<p style=\"font-weight: 400;\">La C\u00f4te d\u2019Ivoire a refus\u00e9, en appelant ces demandes du chantage. Elle a dit qu\u2019elle est pr\u00eate \u00e0 de longues n\u00e9gociations pour lib\u00e9rer les gardiens de la paix.<\/p>\n<p style=\"font-weight: 400;\">\u00ab\u00a0Nos soldats ne sont pas des mercenaires, ils sont des otages\u00a0\u00bb, a dit M.\u00a0Coulibaly.<\/p>\n","protected":false},"excerpt":{"rendered":"<p>PERSONNEL D\u2019ADF Les chefs de la junte malienne au pouvoir se sont r\u00e9unis avec une d\u00e9l\u00e9gation de responsables ouest-africains de haut niveau qui souhaitent la lib\u00e9ration des 46 soldats de C\u00f4te d\u2019Ivoire d\u00e9tenus au Mali depuis juillet. Cette d\u00e9tention refl\u00e8te la relation de plus en plus tendue entre le Mali et son voisin du Sud<\/p>\n","protected":false},"author":1,"featured_media":36096,"comment_status":"open","ping_status":"closed","sticky":false,"template":"","format":"standard","meta":{"_acf_changed":false,"_monsterinsights_skip_tracking":false,"_monsterinsights_sitenote_active":false,"_monsterinsights_sitenote_note":"","_monsterinsights_sitenote_category":0,"_uf_show_specific_survey":0,"_uf_disable_surveys":false,"footnotes":""},"categories":[331],"tags":[565,644,710,666,433,739,434,883,816],"class_list":{"0":"post-36103","1":"post","2":"type-post","3":"status-publish","4":"format-standard","5":"has-post-thumbnail","7":"category-dernieres-nouvelles","8":"tag-afrique-de-louest","9":"tag-cedeao-fr","10":"tag-cote-divoire","11":"tag-gambie","12":"tag-ghana-fr","13":"tag-maintien-de-la-paix","14":"tag-mali-fr","15":"tag-minusma-fr","16":"tag-togo-fr"},"acf":[],"yoast_head":"<!-- This site is optimized with the Yoast SEO plugin v27.4 - https:\/\/yoast.com\/product\/yoast-seo-wordpress\/ -->\n<title>La d\u00e9tention des soldats ivoiriens au Mali fait augmenter les tensions dans la r\u00e9gion - Africa Defense Forum<\/title>\n<meta name=\"robots\" content=\"index, follow, max-snippet:-1, max-image-preview:large, max-video-preview:-1\" \/>\n<link rel=\"canonical\" href=\"https:\/\/adf-magazine.com\/fr\/2022\/10\/la-detention-des-soldats-ivoiriens-au-mali-fait-augmenter-les-tensions-dans-la-region\/\" \/>\n<meta property=\"og:locale\" content=\"fr_FR\" \/>\n<meta property=\"og:type\" content=\"article\" \/>\n<meta property=\"og:title\" content=\"La d\u00e9tention des soldats ivoiriens au Mali fait augmenter les tensions dans la r\u00e9gion - Africa Defense Forum\" \/>\n<meta property=\"og:description\" content=\"PERSONNEL D\u2019ADF Les chefs de la junte malienne au pouvoir se sont r\u00e9unis avec une d\u00e9l\u00e9gation de responsables ouest-africains de haut niveau qui souhaitent la lib\u00e9ration des 46 soldats de C\u00f4te d\u2019Ivoire d\u00e9tenus au Mali depuis juillet. Cette d\u00e9tention refl\u00e8te la relation de plus en plus tendue entre le Mali et son voisin du Sud\" \/>\n<meta property=\"og:url\" content=\"https:\/\/adf-magazine.com\/fr\/2022\/10\/la-detention-des-soldats-ivoiriens-au-mali-fait-augmenter-les-tensions-dans-la-region\/\" \/>\n<meta property=\"og:site_name\" content=\"Africa Defense Forum\" \/>\n<meta property=\"article:publisher\" content=\"https:\/\/www.facebook.com\/ADFmagazine\/\" \/>\n<meta property=\"article:published_time\" content=\"2022-10-11T17:57:51+00:00\" \/>\n<meta property=\"article:modified_time\" content=\"2022-10-11T17:58:38+00:00\" \/>\n<meta property=\"og:image\" content=\"https:\/\/adf-magazine.com\/wp-content\/uploads\/2022\/10\/GettyImages-1242288785.jpg\" \/>\n\t<meta property=\"og:image:width\" content=\"1080\" \/>\n\t<meta property=\"og:image:height\" content=\"720\" \/>\n\t<meta property=\"og:image:type\" content=\"image\/jpeg\" \/>\n<meta name=\"author\" content=\"ADF\" \/>\n<meta name=\"twitter:card\" content=\"summary_large_image\" \/>\n<meta name=\"twitter:creator\" content=\"@ADFmagazine\" \/>\n<meta name=\"twitter:site\" content=\"@ADFmagazine\" \/>\n<meta name=\"twitter:label1\" content=\"\u00c9crit par\" \/>\n\t<meta name=\"twitter:data1\" content=\"ADF\" \/>\n\t<meta name=\"twitter:label2\" content=\"Dur\u00e9e de lecture estim\u00e9e\" \/>\n\t<meta name=\"twitter:data2\" content=\"4 minutes\" \/>\n<script type=\"application\/ld+json\" class=\"yoast-schema-graph\">{\"@context\":\"https:\\\/\\\/schema.org\",\"@graph\":[{\"@type\":\"Article\",\"@id\":\"https:\\\/\\\/adf-magazine.com\\\/fr\\\/2022\\\/10\\\/la-detention-des-soldats-ivoiriens-au-mali-fait-augmenter-les-tensions-dans-la-region\\\/#article\",\"isPartOf\":{\"@id\":\"https:\\\/\\\/adf-magazine.com\\\/fr\\\/2022\\\/10\\\/la-detention-des-soldats-ivoiriens-au-mali-fait-augmenter-les-tensions-dans-la-region\\\/\"},\"author\":{\"name\":\"ADF\",\"@id\":\"https:\\\/\\\/adf-magazine.com\\\/#\\\/schema\\\/person\\\/f266a6061389568b5a11465bb38bc025\"},\"headline\":\"La d\u00e9tention des soldats ivoiriens au Mali fait augmenter les tensions dans la r\u00e9gion\",\"datePublished\":\"2022-10-11T17:57:51+00:00\",\"dateModified\":\"2022-10-11T17:58:38+00:00\",\"mainEntityOfPage\":{\"@id\":\"https:\\\/\\\/adf-magazine.com\\\/fr\\\/2022\\\/10\\\/la-detention-des-soldats-ivoiriens-au-mali-fait-augmenter-les-tensions-dans-la-region\\\/\"},\"wordCount\":875,\"commentCount\":0,\"image\":{\"@id\":\"https:\\\/\\\/adf-magazine.com\\\/fr\\\/2022\\\/10\\\/la-detention-des-soldats-ivoiriens-au-mali-fait-augmenter-les-tensions-dans-la-region\\\/#primaryimage\"},\"thumbnailUrl\":\"https:\\\/\\\/adf-magazine.com\\\/wp-content\\\/uploads\\\/2022\\\/10\\\/GettyImages-1242288785.jpg\",\"keywords\":[\"Afrique de l\u2019Ouest\",\"CEDEAO\",\"C\u00f4te d\u2019Ivoire\",\"Gambie\",\"Ghana\",\"Maintien de la paix\",\"Mali\",\"MINUSMA\",\"Togo\"],\"articleSection\":[\"Actualit\u00e9s du Jour\"],\"inLanguage\":\"fr-FR\",\"potentialAction\":[{\"@type\":\"CommentAction\",\"name\":\"Comment\",\"target\":[\"https:\\\/\\\/adf-magazine.com\\\/fr\\\/2022\\\/10\\\/la-detention-des-soldats-ivoiriens-au-mali-fait-augmenter-les-tensions-dans-la-region\\\/#respond\"]}]},{\"@type\":\"WebPage\",\"@id\":\"https:\\\/\\\/adf-magazine.com\\\/fr\\\/2022\\\/10\\\/la-detention-des-soldats-ivoiriens-au-mali-fait-augmenter-les-tensions-dans-la-region\\\/\",\"url\":\"https:\\\/\\\/adf-magazine.com\\\/fr\\\/2022\\\/10\\\/la-detention-des-soldats-ivoiriens-au-mali-fait-augmenter-les-tensions-dans-la-region\\\/\",\"name\":\"La d\u00e9tention des soldats ivoiriens au Mali fait augmenter les tensions dans la r\u00e9gion - Africa Defense Forum\",\"isPartOf\":{\"@id\":\"https:\\\/\\\/adf-magazine.com\\\/#website\"},\"primaryImageOfPage\":{\"@id\":\"https:\\\/\\\/adf-magazine.com\\\/fr\\\/2022\\\/10\\\/la-detention-des-soldats-ivoiriens-au-mali-fait-augmenter-les-tensions-dans-la-region\\\/#primaryimage\"},\"image\":{\"@id\":\"https:\\\/\\\/adf-magazine.com\\\/fr\\\/2022\\\/10\\\/la-detention-des-soldats-ivoiriens-au-mali-fait-augmenter-les-tensions-dans-la-region\\\/#primaryimage\"},\"thumbnailUrl\":\"https:\\\/\\\/adf-magazine.com\\\/wp-content\\\/uploads\\\/2022\\\/10\\\/GettyImages-1242288785.jpg\",\"datePublished\":\"2022-10-11T17:57:51+00:00\",\"dateModified\":\"2022-10-11T17:58:38+00:00\",\"author\":{\"@id\":\"https:\\\/\\\/adf-magazine.com\\\/#\\\/schema\\\/person\\\/f266a6061389568b5a11465bb38bc025\"},\"breadcrumb\":{\"@id\":\"https:\\\/\\\/adf-magazine.com\\\/fr\\\/2022\\\/10\\\/la-detention-des-soldats-ivoiriens-au-mali-fait-augmenter-les-tensions-dans-la-region\\\/#breadcrumb\"},\"inLanguage\":\"fr-FR\",\"potentialAction\":[{\"@type\":\"ReadAction\",\"target\":[\"https:\\\/\\\/adf-magazine.com\\\/fr\\\/2022\\\/10\\\/la-detention-des-soldats-ivoiriens-au-mali-fait-augmenter-les-tensions-dans-la-region\\\/\"]}]},{\"@type\":\"ImageObject\",\"inLanguage\":\"fr-FR\",\"@id\":\"https:\\\/\\\/adf-magazine.com\\\/fr\\\/2022\\\/10\\\/la-detention-des-soldats-ivoiriens-au-mali-fait-augmenter-les-tensions-dans-la-region\\\/#primaryimage\",\"url\":\"https:\\\/\\\/adf-magazine.com\\\/wp-content\\\/uploads\\\/2022\\\/10\\\/GettyImages-1242288785.jpg\",\"contentUrl\":\"https:\\\/\\\/adf-magazine.com\\\/wp-content\\\/uploads\\\/2022\\\/10\\\/GettyImages-1242288785.jpg\",\"width\":1080,\"height\":720,\"caption\":\"Le g\u00e9n\u00e9ral Lassina Doumbia, chef d\u2019\u00e9tat-major de l\u2019arm\u00e9e de terre ivoirienne, parle aux familles des soldats de la C\u00f4te d\u2019Ivoire d\u00e9tenus au Mali. AFP\\\/GETTY IMAGES\"},{\"@type\":\"BreadcrumbList\",\"@id\":\"https:\\\/\\\/adf-magazine.com\\\/fr\\\/2022\\\/10\\\/la-detention-des-soldats-ivoiriens-au-mali-fait-augmenter-les-tensions-dans-la-region\\\/#breadcrumb\",\"itemListElement\":[{\"@type\":\"ListItem\",\"position\":1,\"name\":\"page d\u2019accueil\",\"item\":\"https:\\\/\\\/adf-magazine.com\\\/\"},{\"@type\":\"ListItem\",\"position\":2,\"name\":\"La d\u00e9tention des soldats ivoiriens au Mali fait augmenter les tensions dans la r\u00e9gion\"}]},{\"@type\":\"WebSite\",\"@id\":\"https:\\\/\\\/adf-magazine.com\\\/#website\",\"url\":\"https:\\\/\\\/adf-magazine.com\\\/\",\"name\":\"Africa Defense Forum\",\"description\":\"Africa Defense Forum\",\"potentialAction\":[{\"@type\":\"SearchAction\",\"target\":{\"@type\":\"EntryPoint\",\"urlTemplate\":\"https:\\\/\\\/adf-magazine.com\\\/?s={search_term_string}\"},\"query-input\":{\"@type\":\"PropertyValueSpecification\",\"valueRequired\":true,\"valueName\":\"search_term_string\"}}],\"inLanguage\":\"fr-FR\"},{\"@type\":\"Person\",\"@id\":\"https:\\\/\\\/adf-magazine.com\\\/#\\\/schema\\\/person\\\/f266a6061389568b5a11465bb38bc025\",\"name\":\"ADF\",\"image\":{\"@type\":\"ImageObject\",\"inLanguage\":\"fr-FR\",\"@id\":\"https:\\\/\\\/adf-magazine.com\\\/wp-content\\\/uploads\\\/2020\\\/05\\\/cropped-ADF_icon.jpg\",\"url\":\"https:\\\/\\\/adf-magazine.com\\\/wp-content\\\/uploads\\\/2020\\\/05\\\/cropped-ADF_icon.jpg\",\"contentUrl\":\"https:\\\/\\\/adf-magazine.com\\\/wp-content\\\/uploads\\\/2020\\\/05\\\/cropped-ADF_icon.jpg\",\"caption\":\"ADF\"},\"description\":\"ADF is a professional military magazine published quarterly by U.S. Africa Command to provide an international forum for African security professionals. ADF covers topics such as counter terrorism strategies, security and defense operations, transnational crime, and all other issues affecting peace, stability, and good governance on the African continent.\",\"sameAs\":[\"https:\\\/\\\/x.com\\\/ADFmagazine\"],\"url\":\"https:\\\/\\\/adf-magazine.com\\\/fr\\\/author\\\/adf\\\/\"}]}<\/script>\n<!-- \/ Yoast SEO plugin. -->","yoast_head_json":{"title":"La d\u00e9tention des soldats ivoiriens au Mali fait augmenter les tensions dans la r\u00e9gion - Africa Defense Forum","robots":{"index":"index","follow":"follow","max-snippet":"max-snippet:-1","max-image-preview":"max-image-preview:large","max-video-preview":"max-video-preview:-1"},"canonical":"https:\/\/adf-magazine.com\/fr\/2022\/10\/la-detention-des-soldats-ivoiriens-au-mali-fait-augmenter-les-tensions-dans-la-region\/","og_locale":"fr_FR","og_type":"article","og_title":"La d\u00e9tention des soldats ivoiriens au Mali fait augmenter les tensions dans la r\u00e9gion - Africa Defense Forum","og_description":"PERSONNEL D\u2019ADF Les chefs de la junte malienne au pouvoir se sont r\u00e9unis avec une d\u00e9l\u00e9gation de responsables ouest-africains de haut niveau qui souhaitent la lib\u00e9ration des 46 soldats de C\u00f4te d\u2019Ivoire d\u00e9tenus au Mali depuis juillet. Cette d\u00e9tention refl\u00e8te la relation de plus en plus tendue entre le Mali et son voisin du Sud","og_url":"https:\/\/adf-magazine.com\/fr\/2022\/10\/la-detention-des-soldats-ivoiriens-au-mali-fait-augmenter-les-tensions-dans-la-region\/","og_site_name":"Africa Defense Forum","article_publisher":"https:\/\/www.facebook.com\/ADFmagazine\/","article_published_time":"2022-10-11T17:57:51+00:00","article_modified_time":"2022-10-11T17:58:38+00:00","og_image":[{"width":1080,"height":720,"url":"https:\/\/adf-magazine.com\/wp-content\/uploads\/2022\/10\/GettyImages-1242288785.jpg","type":"image\/jpeg"}],"author":"ADF","twitter_card":"summary_large_image","twitter_creator":"@ADFmagazine","twitter_site":"@ADFmagazine","twitter_misc":{"\u00c9crit par":"ADF","Dur\u00e9e de lecture estim\u00e9e":"4 minutes"},"schema":{"@context":"https:\/\/schema.org","@graph":[{"@type":"Article","@id":"https:\/\/adf-magazine.com\/fr\/2022\/10\/la-detention-des-soldats-ivoiriens-au-mali-fait-augmenter-les-tensions-dans-la-region\/#article","isPartOf":{"@id":"https:\/\/adf-magazine.com\/fr\/2022\/10\/la-detention-des-soldats-ivoiriens-au-mali-fait-augmenter-les-tensions-dans-la-region\/"},"author":{"name":"ADF","@id":"https:\/\/adf-magazine.com\/#\/schema\/person\/f266a6061389568b5a11465bb38bc025"},"headline":"La d\u00e9tention des soldats ivoiriens au Mali fait augmenter les tensions dans la r\u00e9gion","datePublished":"2022-10-11T17:57:51+00:00","dateModified":"2022-10-11T17:58:38+00:00","mainEntityOfPage":{"@id":"https:\/\/adf-magazine.com\/fr\/2022\/10\/la-detention-des-soldats-ivoiriens-au-mali-fait-augmenter-les-tensions-dans-la-region\/"},"wordCount":875,"commentCount":0,"image":{"@id":"https:\/\/adf-magazine.com\/fr\/2022\/10\/la-detention-des-soldats-ivoiriens-au-mali-fait-augmenter-les-tensions-dans-la-region\/#primaryimage"},"thumbnailUrl":"https:\/\/adf-magazine.com\/wp-content\/uploads\/2022\/10\/GettyImages-1242288785.jpg","keywords":["Afrique de l\u2019Ouest","CEDEAO","C\u00f4te d\u2019Ivoire","Gambie","Ghana","Maintien de la paix","Mali","MINUSMA","Togo"],"articleSection":["Actualit\u00e9s du Jour"],"inLanguage":"fr-FR","potentialAction":[{"@type":"CommentAction","name":"Comment","target":["https:\/\/adf-magazine.com\/fr\/2022\/10\/la-detention-des-soldats-ivoiriens-au-mali-fait-augmenter-les-tensions-dans-la-region\/#respond"]}]},{"@type":"WebPage","@id":"https:\/\/adf-magazine.com\/fr\/2022\/10\/la-detention-des-soldats-ivoiriens-au-mali-fait-augmenter-les-tensions-dans-la-region\/","url":"https:\/\/adf-magazine.com\/fr\/2022\/10\/la-detention-des-soldats-ivoiriens-au-mali-fait-augmenter-les-tensions-dans-la-region\/","name":"La d\u00e9tention des soldats ivoiriens au Mali fait augmenter les tensions dans la r\u00e9gion - Africa Defense Forum","isPartOf":{"@id":"https:\/\/adf-magazine.com\/#website"},"primaryImageOfPage":{"@id":"https:\/\/adf-magazine.com\/fr\/2022\/10\/la-detention-des-soldats-ivoiriens-au-mali-fait-augmenter-les-tensions-dans-la-region\/#primaryimage"},"image":{"@id":"https:\/\/adf-magazine.com\/fr\/2022\/10\/la-detention-des-soldats-ivoiriens-au-mali-fait-augmenter-les-tensions-dans-la-region\/#primaryimage"},"thumbnailUrl":"https:\/\/adf-magazine.com\/wp-content\/uploads\/2022\/10\/GettyImages-1242288785.jpg","datePublished":"2022-10-11T17:57:51+00:00","dateModified":"2022-10-11T17:58:38+00:00","author":{"@id":"https:\/\/adf-magazine.com\/#\/schema\/person\/f266a6061389568b5a11465bb38bc025"},"breadcrumb":{"@id":"https:\/\/adf-magazine.com\/fr\/2022\/10\/la-detention-des-soldats-ivoiriens-au-mali-fait-augmenter-les-tensions-dans-la-region\/#breadcrumb"},"inLanguage":"fr-FR","potentialAction":[{"@type":"ReadAction","target":["https:\/\/adf-magazine.com\/fr\/2022\/10\/la-detention-des-soldats-ivoiriens-au-mali-fait-augmenter-les-tensions-dans-la-region\/"]}]},{"@type":"ImageObject","inLanguage":"fr-FR","@id":"https:\/\/adf-magazine.com\/fr\/2022\/10\/la-detention-des-soldats-ivoiriens-au-mali-fait-augmenter-les-tensions-dans-la-region\/#primaryimage","url":"https:\/\/adf-magazine.com\/wp-content\/uploads\/2022\/10\/GettyImages-1242288785.jpg","contentUrl":"https:\/\/adf-magazine.com\/wp-content\/uploads\/2022\/10\/GettyImages-1242288785.jpg","width":1080,"height":720,"caption":"Le g\u00e9n\u00e9ral Lassina Doumbia, chef d\u2019\u00e9tat-major de l\u2019arm\u00e9e de terre ivoirienne, parle aux familles des soldats de la C\u00f4te d\u2019Ivoire d\u00e9tenus au Mali. AFP\/GETTY IMAGES"},{"@type":"BreadcrumbList","@id":"https:\/\/adf-magazine.com\/fr\/2022\/10\/la-detention-des-soldats-ivoiriens-au-mali-fait-augmenter-les-tensions-dans-la-region\/#breadcrumb","itemListElement":[{"@type":"ListItem","position":1,"name":"page d\u2019accueil","item":"https:\/\/adf-magazine.com\/"},{"@type":"ListItem","position":2,"name":"La d\u00e9tention des soldats ivoiriens au Mali fait augmenter les tensions dans la r\u00e9gion"}]},{"@type":"WebSite","@id":"https:\/\/adf-magazine.com\/#website","url":"https:\/\/adf-magazine.com\/","name":"Africa Defense Forum","description":"Africa Defense Forum","potentialAction":[{"@type":"SearchAction","target":{"@type":"EntryPoint","urlTemplate":"https:\/\/adf-magazine.com\/?s={search_term_string}"},"query-input":{"@type":"PropertyValueSpecification","valueRequired":true,"valueName":"search_term_string"}}],"inLanguage":"fr-FR"},{"@type":"Person","@id":"https:\/\/adf-magazine.com\/#\/schema\/person\/f266a6061389568b5a11465bb38bc025","name":"ADF","image":{"@type":"ImageObject","inLanguage":"fr-FR","@id":"https:\/\/adf-magazine.com\/wp-content\/uploads\/2020\/05\/cropped-ADF_icon.jpg","url":"https:\/\/adf-magazine.com\/wp-content\/uploads\/2020\/05\/cropped-ADF_icon.jpg","contentUrl":"https:\/\/adf-magazine.com\/wp-content\/uploads\/2020\/05\/cropped-ADF_icon.jpg","caption":"ADF"},"description":"ADF is a professional military magazine published quarterly by U.S. Africa Command to provide an international forum for African security professionals. ADF covers topics such as counter terrorism strategies, security and defense operations, transnational crime, and all other issues affecting peace, stability, and good governance on the African continent.","sameAs":["https:\/\/x.com\/ADFmagazine"],"url":"https:\/\/adf-magazine.com\/fr\/author\/adf\/"}]}},"_links":{"self":[{"href":"https:\/\/adf-magazine.com\/fr\/wp-json\/wp\/v2\/posts\/36103","targetHints":{"allow":["GET"]}}],"collection":[{"href":"https:\/\/adf-magazine.com\/fr\/wp-json\/wp\/v2\/posts"}],"about":[{"href":"https:\/\/adf-magazine.com\/fr\/wp-json\/wp\/v2\/types\/post"}],"author":[{"embeddable":true,"href":"https:\/\/adf-magazine.com\/fr\/wp-json\/wp\/v2\/users\/1"}],"replies":[{"embeddable":true,"href":"https:\/\/adf-magazine.com\/fr\/wp-json\/wp\/v2\/comments?post=36103"}],"version-history":[{"count":0,"href":"https:\/\/adf-magazine.com\/fr\/wp-json\/wp\/v2\/posts\/36103\/revisions"}],"wp:featuredmedia":[{"embeddable":true,"href":"https:\/\/adf-magazine.com\/fr\/wp-json\/wp\/v2\/media\/36096"}],"wp:attachment":[{"href":"https:\/\/adf-magazine.com\/fr\/wp-json\/wp\/v2\/media?parent=36103"}],"wp:term":[{"taxonomy":"category","embeddable":true,"href":"https:\/\/adf-magazine.com\/fr\/wp-json\/wp\/v2\/categories?post=36103"},{"taxonomy":"post_tag","embeddable":true,"href":"https:\/\/adf-magazine.com\/fr\/wp-json\/wp\/v2\/tags?post=36103"}],"curies":[{"name":"wp","href":"https:\/\/api.w.org\/{rel}","templated":true}]}}