{"id":33438,"date":"2022-06-21T15:02:20","date_gmt":"2022-06-21T19:02:20","guid":{"rendered":"https:\/\/adf-magazine.com\/?p=33438"},"modified":"2022-06-21T15:02:42","modified_gmt":"2022-06-21T19:02:42","slug":"un-groupe-regional-met-en-oeuvre-son-plan-pour-creer-une-force-militaire-en-rdc","status":"publish","type":"post","link":"https:\/\/adf-magazine.com\/fr\/2022\/06\/un-groupe-regional-met-en-oeuvre-son-plan-pour-creer-une-force-militaire-en-rdc\/","title":{"rendered":"Un groupe r\u00e9gional met en \u0153uvre son plan pour cr\u00e9er une force militaire en RDC"},"content":{"rendered":"<p style=\"font-weight: 400;\">PERSONNEL D\u2019ADF<\/p>\n<p style=\"font-weight: 400;\">La Communaut\u00e9 d\u2019Afrique de l\u2019Est (CAE) met en \u0153uvre son projet de cr\u00e9ation d\u2019une force militaire qui sera d\u00e9ploy\u00e9e dans la r\u00e9gion tourment\u00e9e de l\u2019Est de la R\u00e9publique d\u00e9mocratique du Congo (RDC).<\/p>\n<p style=\"font-weight: 400;\">La RDC a officiellement rejoint la CAE en tant que septi\u00e8me \u00e9tat partenaire de ce block r\u00e9gional le 29 mars. Les autres pays membres sont le Burundi, le Kenya, l\u2019Ouganda, le Rwanda, le Soudan du Sud et la Tanzanie.<\/p>\n<p style=\"font-weight: 400;\">Moins d\u2019un mois plus tard, la CAE a vot\u00e9 pour \u00e9tablir une force militaire r\u00e9gionale afin de faire face aux groupes arm\u00e9s qui tourmentent l\u2019Est de la RDC depuis des dizaines d\u2019ann\u00e9es. Le Kenya et l\u2019Ouganda y ont d\u00e9j\u00e0 des soldats qui luttent contre les rebelles. Le Rwanda souhaitait envoyer ses soldats en 2021 mais les politiciens de la RDC ont rejet\u00e9 cette offre. Dans le cadre du nouvel accord de la CAE, les soldats rwandais feront partie de la force r\u00e9gionale.<\/p>\n<p style=\"font-weight: 400;\">Lors d\u2019une r\u00e9union \u00e0 Goma le 6 juin, les chefs r\u00e9gionaux des forces de d\u00e9fense ont discut\u00e9 de la structure de la force et l\u2019importance de la mission.<\/p>\n<p style=\"font-weight: 400;\">Le g\u00e9n\u00e9ral Robert Kibochi, chef des Forces de d\u00e9fense du Kenya (KDF), a d\u00e9clar\u00e9\u00a0: \u00ab\u00a0La s\u00e9curit\u00e9 et la stabilit\u00e9 dans l\u2019Est de la RDC sont vitales pour la prosp\u00e9rit\u00e9 r\u00e9gionale car cela assurera un environnement convivial dans lequel tous les autres aspects de l\u2019int\u00e9gration r\u00e9gionale avanceront. En tant que r\u00e9gion, nous devons donc collectivement soutenir les efforts visant \u00e0 relever les d\u00e9fis de s\u00e9curit\u00e9 et restaurer la paix et la stabilit\u00e9 dans l\u2019Est de la RDC, afin de permettre \u00e0 notre peuple d\u2019exploiter pleinement le potentiel offert par l\u2019int\u00e9gration r\u00e9gionale.\u00a0\u00bb<\/p>\n<p style=\"font-weight: 400;\">Le Mouvement du 23 mars, \u00e9galement appel\u00e9 M23, est un groupe de militants rebelles qui a r\u00e9cemment lanc\u00e9 sa plus grande offensive depuis dix ans dans l\u2019Est de la RDC. Des dizaines de milliers de civils ont fui la recrudescence de la violence. Le groupe avait lanc\u00e9 la plus r\u00e9cente grande r\u00e9bellion dans l\u2019Est de la RDC en 2012 avant sa d\u00e9faite quelques mois plus tard.<\/p>\n<p style=\"font-weight: 400;\">Les attaques r\u00e9centes du M23 ont cibl\u00e9 les forces de la RDC et les membres de la MONUSCO (mission de maintien de la paix des Nations unies en RDC).<\/p>\n<p style=\"font-weight: 400;\">La RDC n\u00e9cessite l\u2019aide de la CEA. Bien que son budget militaire annuel, estim\u00e9 \u00e0 570 millions de dollars, soit comparable \u00e0 celui d\u2019autres pays de la r\u00e9gion, les soldats de la RDC sont mal \u00e9quip\u00e9s. Les armes de la RDC sont pour la plupart des m\u00e9langes d\u2019armes russes et sovi\u00e9tiques d\u2019occasion acquises entre 1970 et 2000. Au cours des ann\u00e9es r\u00e9centes, l\u2019Ukraine \u00e9tait le plus grand fournisseur d\u2019armes de la RDC, mais elle est aujourd\u2019hui en guerre.<\/p>\n<p style=\"font-weight: 400;\">Le 7 juin, les chefs des forces de d\u00e9fense des \u00e9tats membres de la CAE ont convenu du besoin \u00ab\u00a0urgent\u00a0\u00bb d\u2019envoyer une force r\u00e9gionale pour aider \u00e0 mettre fin \u00e0 la violence dans l\u2019Est de la RDC.<\/p>\n<p style=\"font-weight: 400;\">Les autorit\u00e9s reconnaissent qu\u2019une intervention militaire sera insuffisante pour assurer la paix dans la r\u00e9gion. Selon un responsable de l\u2019ONU, la RDC devra continuer \u00e0 n\u00e9gocier avec les rebelles.<\/p>\n<p style=\"font-weight: 400;\">Les officiels d\u00e9clarent qu\u2019une assistance fournie pour restaurer la stabilit\u00e9 dans ce pays assailli sert les int\u00e9r\u00eats r\u00e9gionaux. La RDC a des fronti\u00e8res avec neuf autres pays, un record pour le continent. Lors d\u2019une r\u00e9union du Conseil de s\u00e9curit\u00e9 des Nations unies \u00e0 la fin mai, un repr\u00e9sentant du Kenya a d\u00e9clar\u00e9 que le sort de la RDC d\u00e9terminerait \u00e0 beaucoup d\u2019\u00e9gards le sort de toute la r\u00e9gion.<\/p>\n<p style=\"font-weight: 400;\">Malgr\u00e9 son adh\u00e9sion au groupe r\u00e9gional inter-gouvernemental, la RDC a des relations fragiles avec le Rwanda voisin. Les relations entre la RDC et le Rwanda sont tendues depuis que les Hutus accus\u00e9s du massacre des Tutsis pendant le g\u00e9nocide rwandais de 1994 sont arriv\u00e9s en masse dans l\u2019Est de la RDC. Tout r\u00e9cemment le 5 juin dernier, le pr\u00e9sident F\u00e9lix Tshisekedi de la RDC a d\u00e9clar\u00e9 qu\u2019il \u00e9tait certain que le Rwanda soutenait les rebelles du M23.<\/p>\n<p style=\"font-weight: 400;\">Les responsables rwandais ont absolument rejet\u00e9 les all\u00e9gations congolaises, en disant que les rebelles ne sont pas des Rwandais mais plut\u00f4t des ressortissants congolais dont les dol\u00e9ances devraient \u00eatre r\u00e9solues par la RDC.<\/p>\n","protected":false},"excerpt":{"rendered":"<p>PERSONNEL D\u2019ADF La Communaut\u00e9 d\u2019Afrique de l\u2019Est (CAE) met en \u0153uvre son projet de cr\u00e9ation d\u2019une force militaire qui sera d\u00e9ploy\u00e9e dans la r\u00e9gion tourment\u00e9e de l\u2019Est de la R\u00e9publique d\u00e9mocratique du Congo (RDC). La RDC a officiellement rejoint la CAE en tant que septi\u00e8me \u00e9tat partenaire de ce block r\u00e9gional le 29 mars. Les<\/p>\n","protected":false},"author":1,"featured_media":33431,"comment_status":"open","ping_status":"open","sticky":false,"template":"","format":"standard","meta":{"_acf_changed":false,"_monsterinsights_skip_tracking":false,"_monsterinsights_sitenote_active":false,"_monsterinsights_sitenote_note":"","_monsterinsights_sitenote_category":0,"_uf_show_specific_survey":0,"_uf_disable_surveys":false,"footnotes":""},"categories":[331],"tags":[],"class_list":{"0":"post-33438","1":"post","2":"type-post","3":"status-publish","4":"format-standard","5":"has-post-thumbnail","7":"category-dernieres-nouvelles"},"acf":[],"yoast_head":"<!-- This site is optimized with the Yoast SEO plugin v27.4 - https:\/\/yoast.com\/product\/yoast-seo-wordpress\/ -->\n<title>Un groupe r\u00e9gional met en \u0153uvre son plan pour cr\u00e9er une force militaire en RDC - Africa Defense Forum<\/title>\n<meta name=\"robots\" content=\"index, follow, max-snippet:-1, max-image-preview:large, max-video-preview:-1\" \/>\n<link rel=\"canonical\" href=\"https:\/\/adf-magazine.com\/fr\/2022\/06\/un-groupe-regional-met-en-oeuvre-son-plan-pour-creer-une-force-militaire-en-rdc\/\" \/>\n<meta property=\"og:locale\" content=\"fr_FR\" \/>\n<meta property=\"og:type\" content=\"article\" \/>\n<meta property=\"og:title\" content=\"Un groupe r\u00e9gional met en \u0153uvre son plan pour cr\u00e9er une force militaire en RDC - Africa Defense Forum\" \/>\n<meta property=\"og:description\" content=\"PERSONNEL D\u2019ADF La Communaut\u00e9 d\u2019Afrique de l\u2019Est (CAE) met en \u0153uvre son projet de cr\u00e9ation d\u2019une force militaire qui sera d\u00e9ploy\u00e9e dans la r\u00e9gion tourment\u00e9e de l\u2019Est de la R\u00e9publique d\u00e9mocratique du Congo (RDC). La RDC a officiellement rejoint la CAE en tant que septi\u00e8me \u00e9tat partenaire de ce block r\u00e9gional le 29 mars. Les\" \/>\n<meta property=\"og:url\" content=\"https:\/\/adf-magazine.com\/fr\/2022\/06\/un-groupe-regional-met-en-oeuvre-son-plan-pour-creer-une-force-militaire-en-rdc\/\" \/>\n<meta property=\"og:site_name\" content=\"Africa Defense Forum\" \/>\n<meta property=\"article:publisher\" content=\"https:\/\/www.facebook.com\/ADFmagazine\/\" \/>\n<meta property=\"article:published_time\" content=\"2022-06-21T19:02:20+00:00\" \/>\n<meta property=\"article:modified_time\" content=\"2022-06-21T19:02:42+00:00\" \/>\n<meta property=\"og:image\" content=\"https:\/\/adf-magazine.com\/wp-content\/uploads\/2022\/06\/AP21204540371154.jpg\" \/>\n\t<meta property=\"og:image:width\" content=\"1080\" \/>\n\t<meta property=\"og:image:height\" content=\"709\" \/>\n\t<meta property=\"og:image:type\" content=\"image\/jpeg\" \/>\n<meta name=\"author\" content=\"ADF\" \/>\n<meta name=\"twitter:card\" content=\"summary_large_image\" \/>\n<meta name=\"twitter:creator\" content=\"@ADFmagazine\" \/>\n<meta name=\"twitter:site\" content=\"@ADFmagazine\" \/>\n<meta name=\"twitter:label1\" content=\"\u00c9crit par\" \/>\n\t<meta name=\"twitter:data1\" content=\"ADF\" \/>\n\t<meta name=\"twitter:label2\" content=\"Dur\u00e9e de lecture estim\u00e9e\" \/>\n\t<meta name=\"twitter:data2\" content=\"4 minutes\" \/>\n<script type=\"application\/ld+json\" class=\"yoast-schema-graph\">{\"@context\":\"https:\\\/\\\/schema.org\",\"@graph\":[{\"@type\":\"Article\",\"@id\":\"https:\\\/\\\/adf-magazine.com\\\/fr\\\/2022\\\/06\\\/un-groupe-regional-met-en-oeuvre-son-plan-pour-creer-une-force-militaire-en-rdc\\\/#article\",\"isPartOf\":{\"@id\":\"https:\\\/\\\/adf-magazine.com\\\/fr\\\/2022\\\/06\\\/un-groupe-regional-met-en-oeuvre-son-plan-pour-creer-une-force-militaire-en-rdc\\\/\"},\"author\":{\"name\":\"ADF\",\"@id\":\"https:\\\/\\\/adf-magazine.com\\\/#\\\/schema\\\/person\\\/f266a6061389568b5a11465bb38bc025\"},\"headline\":\"Un groupe r\u00e9gional met en \u0153uvre son plan pour cr\u00e9er une force militaire en RDC\",\"datePublished\":\"2022-06-21T19:02:20+00:00\",\"dateModified\":\"2022-06-21T19:02:42+00:00\",\"mainEntityOfPage\":{\"@id\":\"https:\\\/\\\/adf-magazine.com\\\/fr\\\/2022\\\/06\\\/un-groupe-regional-met-en-oeuvre-son-plan-pour-creer-une-force-militaire-en-rdc\\\/\"},\"wordCount\":793,\"commentCount\":0,\"image\":{\"@id\":\"https:\\\/\\\/adf-magazine.com\\\/fr\\\/2022\\\/06\\\/un-groupe-regional-met-en-oeuvre-son-plan-pour-creer-une-force-militaire-en-rdc\\\/#primaryimage\"},\"thumbnailUrl\":\"https:\\\/\\\/adf-magazine.com\\\/wp-content\\\/uploads\\\/2022\\\/06\\\/AP21204540371154.jpg\",\"articleSection\":[\"Actualit\u00e9s du Jour\"],\"inLanguage\":\"fr-FR\",\"potentialAction\":[{\"@type\":\"CommentAction\",\"name\":\"Comment\",\"target\":[\"https:\\\/\\\/adf-magazine.com\\\/fr\\\/2022\\\/06\\\/un-groupe-regional-met-en-oeuvre-son-plan-pour-creer-une-force-militaire-en-rdc\\\/#respond\"]}]},{\"@type\":\"WebPage\",\"@id\":\"https:\\\/\\\/adf-magazine.com\\\/fr\\\/2022\\\/06\\\/un-groupe-regional-met-en-oeuvre-son-plan-pour-creer-une-force-militaire-en-rdc\\\/\",\"url\":\"https:\\\/\\\/adf-magazine.com\\\/fr\\\/2022\\\/06\\\/un-groupe-regional-met-en-oeuvre-son-plan-pour-creer-une-force-militaire-en-rdc\\\/\",\"name\":\"Un groupe r\u00e9gional met en \u0153uvre son plan pour cr\u00e9er une force militaire en RDC - Africa Defense Forum\",\"isPartOf\":{\"@id\":\"https:\\\/\\\/adf-magazine.com\\\/#website\"},\"primaryImageOfPage\":{\"@id\":\"https:\\\/\\\/adf-magazine.com\\\/fr\\\/2022\\\/06\\\/un-groupe-regional-met-en-oeuvre-son-plan-pour-creer-une-force-militaire-en-rdc\\\/#primaryimage\"},\"image\":{\"@id\":\"https:\\\/\\\/adf-magazine.com\\\/fr\\\/2022\\\/06\\\/un-groupe-regional-met-en-oeuvre-son-plan-pour-creer-une-force-militaire-en-rdc\\\/#primaryimage\"},\"thumbnailUrl\":\"https:\\\/\\\/adf-magazine.com\\\/wp-content\\\/uploads\\\/2022\\\/06\\\/AP21204540371154.jpg\",\"datePublished\":\"2022-06-21T19:02:20+00:00\",\"dateModified\":\"2022-06-21T19:02:42+00:00\",\"author\":{\"@id\":\"https:\\\/\\\/adf-magazine.com\\\/#\\\/schema\\\/person\\\/f266a6061389568b5a11465bb38bc025\"},\"breadcrumb\":{\"@id\":\"https:\\\/\\\/adf-magazine.com\\\/fr\\\/2022\\\/06\\\/un-groupe-regional-met-en-oeuvre-son-plan-pour-creer-une-force-militaire-en-rdc\\\/#breadcrumb\"},\"inLanguage\":\"fr-FR\",\"potentialAction\":[{\"@type\":\"ReadAction\",\"target\":[\"https:\\\/\\\/adf-magazine.com\\\/fr\\\/2022\\\/06\\\/un-groupe-regional-met-en-oeuvre-son-plan-pour-creer-une-force-militaire-en-rdc\\\/\"]}]},{\"@type\":\"ImageObject\",\"inLanguage\":\"fr-FR\",\"@id\":\"https:\\\/\\\/adf-magazine.com\\\/fr\\\/2022\\\/06\\\/un-groupe-regional-met-en-oeuvre-son-plan-pour-creer-une-force-militaire-en-rdc\\\/#primaryimage\",\"url\":\"https:\\\/\\\/adf-magazine.com\\\/wp-content\\\/uploads\\\/2022\\\/06\\\/AP21204540371154.jpg\",\"contentUrl\":\"https:\\\/\\\/adf-magazine.com\\\/wp-content\\\/uploads\\\/2022\\\/06\\\/AP21204540371154.jpg\",\"width\":1080,\"height\":709,\"caption\":\"Des soldats congolais et des casques bleus conduisent une patrouille dans la zone d\u2019une attaque pr\u00e8s de la municipalit\u00e9 d\u2019Oicha en R\u00e9publique d\u00e9mocratique du Congo. THE ASSOCIATED PRESS\"},{\"@type\":\"BreadcrumbList\",\"@id\":\"https:\\\/\\\/adf-magazine.com\\\/fr\\\/2022\\\/06\\\/un-groupe-regional-met-en-oeuvre-son-plan-pour-creer-une-force-militaire-en-rdc\\\/#breadcrumb\",\"itemListElement\":[{\"@type\":\"ListItem\",\"position\":1,\"name\":\"page d\u2019accueil\",\"item\":\"https:\\\/\\\/adf-magazine.com\\\/\"},{\"@type\":\"ListItem\",\"position\":2,\"name\":\"Un groupe r\u00e9gional met en \u0153uvre son plan pour cr\u00e9er une force militaire en RDC\"}]},{\"@type\":\"WebSite\",\"@id\":\"https:\\\/\\\/adf-magazine.com\\\/#website\",\"url\":\"https:\\\/\\\/adf-magazine.com\\\/\",\"name\":\"Africa Defense Forum\",\"description\":\"Africa Defense Forum\",\"potentialAction\":[{\"@type\":\"SearchAction\",\"target\":{\"@type\":\"EntryPoint\",\"urlTemplate\":\"https:\\\/\\\/adf-magazine.com\\\/?s={search_term_string}\"},\"query-input\":{\"@type\":\"PropertyValueSpecification\",\"valueRequired\":true,\"valueName\":\"search_term_string\"}}],\"inLanguage\":\"fr-FR\"},{\"@type\":\"Person\",\"@id\":\"https:\\\/\\\/adf-magazine.com\\\/#\\\/schema\\\/person\\\/f266a6061389568b5a11465bb38bc025\",\"name\":\"ADF\",\"image\":{\"@type\":\"ImageObject\",\"inLanguage\":\"fr-FR\",\"@id\":\"https:\\\/\\\/adf-magazine.com\\\/wp-content\\\/uploads\\\/2020\\\/05\\\/cropped-ADF_icon.jpg\",\"url\":\"https:\\\/\\\/adf-magazine.com\\\/wp-content\\\/uploads\\\/2020\\\/05\\\/cropped-ADF_icon.jpg\",\"contentUrl\":\"https:\\\/\\\/adf-magazine.com\\\/wp-content\\\/uploads\\\/2020\\\/05\\\/cropped-ADF_icon.jpg\",\"caption\":\"ADF\"},\"description\":\"ADF is a professional military magazine published quarterly by U.S. Africa Command to provide an international forum for African security professionals. ADF covers topics such as counter terrorism strategies, security and defense operations, transnational crime, and all other issues affecting peace, stability, and good governance on the African continent.\",\"sameAs\":[\"https:\\\/\\\/x.com\\\/ADFmagazine\"],\"url\":\"https:\\\/\\\/adf-magazine.com\\\/fr\\\/author\\\/adf\\\/\"}]}<\/script>\n<!-- \/ Yoast SEO plugin. -->","yoast_head_json":{"title":"Un groupe r\u00e9gional met en \u0153uvre son plan pour cr\u00e9er une force militaire en RDC - Africa Defense Forum","robots":{"index":"index","follow":"follow","max-snippet":"max-snippet:-1","max-image-preview":"max-image-preview:large","max-video-preview":"max-video-preview:-1"},"canonical":"https:\/\/adf-magazine.com\/fr\/2022\/06\/un-groupe-regional-met-en-oeuvre-son-plan-pour-creer-une-force-militaire-en-rdc\/","og_locale":"fr_FR","og_type":"article","og_title":"Un groupe r\u00e9gional met en \u0153uvre son plan pour cr\u00e9er une force militaire en RDC - Africa Defense Forum","og_description":"PERSONNEL D\u2019ADF La Communaut\u00e9 d\u2019Afrique de l\u2019Est (CAE) met en \u0153uvre son projet de cr\u00e9ation d\u2019une force militaire qui sera d\u00e9ploy\u00e9e dans la r\u00e9gion tourment\u00e9e de l\u2019Est de la R\u00e9publique d\u00e9mocratique du Congo (RDC). La RDC a officiellement rejoint la CAE en tant que septi\u00e8me \u00e9tat partenaire de ce block r\u00e9gional le 29 mars. Les","og_url":"https:\/\/adf-magazine.com\/fr\/2022\/06\/un-groupe-regional-met-en-oeuvre-son-plan-pour-creer-une-force-militaire-en-rdc\/","og_site_name":"Africa Defense Forum","article_publisher":"https:\/\/www.facebook.com\/ADFmagazine\/","article_published_time":"2022-06-21T19:02:20+00:00","article_modified_time":"2022-06-21T19:02:42+00:00","og_image":[{"width":1080,"height":709,"url":"https:\/\/adf-magazine.com\/wp-content\/uploads\/2022\/06\/AP21204540371154.jpg","type":"image\/jpeg"}],"author":"ADF","twitter_card":"summary_large_image","twitter_creator":"@ADFmagazine","twitter_site":"@ADFmagazine","twitter_misc":{"\u00c9crit par":"ADF","Dur\u00e9e de lecture estim\u00e9e":"4 minutes"},"schema":{"@context":"https:\/\/schema.org","@graph":[{"@type":"Article","@id":"https:\/\/adf-magazine.com\/fr\/2022\/06\/un-groupe-regional-met-en-oeuvre-son-plan-pour-creer-une-force-militaire-en-rdc\/#article","isPartOf":{"@id":"https:\/\/adf-magazine.com\/fr\/2022\/06\/un-groupe-regional-met-en-oeuvre-son-plan-pour-creer-une-force-militaire-en-rdc\/"},"author":{"name":"ADF","@id":"https:\/\/adf-magazine.com\/#\/schema\/person\/f266a6061389568b5a11465bb38bc025"},"headline":"Un groupe r\u00e9gional met en \u0153uvre son plan pour cr\u00e9er une force militaire en RDC","datePublished":"2022-06-21T19:02:20+00:00","dateModified":"2022-06-21T19:02:42+00:00","mainEntityOfPage":{"@id":"https:\/\/adf-magazine.com\/fr\/2022\/06\/un-groupe-regional-met-en-oeuvre-son-plan-pour-creer-une-force-militaire-en-rdc\/"},"wordCount":793,"commentCount":0,"image":{"@id":"https:\/\/adf-magazine.com\/fr\/2022\/06\/un-groupe-regional-met-en-oeuvre-son-plan-pour-creer-une-force-militaire-en-rdc\/#primaryimage"},"thumbnailUrl":"https:\/\/adf-magazine.com\/wp-content\/uploads\/2022\/06\/AP21204540371154.jpg","articleSection":["Actualit\u00e9s du Jour"],"inLanguage":"fr-FR","potentialAction":[{"@type":"CommentAction","name":"Comment","target":["https:\/\/adf-magazine.com\/fr\/2022\/06\/un-groupe-regional-met-en-oeuvre-son-plan-pour-creer-une-force-militaire-en-rdc\/#respond"]}]},{"@type":"WebPage","@id":"https:\/\/adf-magazine.com\/fr\/2022\/06\/un-groupe-regional-met-en-oeuvre-son-plan-pour-creer-une-force-militaire-en-rdc\/","url":"https:\/\/adf-magazine.com\/fr\/2022\/06\/un-groupe-regional-met-en-oeuvre-son-plan-pour-creer-une-force-militaire-en-rdc\/","name":"Un groupe r\u00e9gional met en \u0153uvre son plan pour cr\u00e9er une force militaire en RDC - Africa Defense Forum","isPartOf":{"@id":"https:\/\/adf-magazine.com\/#website"},"primaryImageOfPage":{"@id":"https:\/\/adf-magazine.com\/fr\/2022\/06\/un-groupe-regional-met-en-oeuvre-son-plan-pour-creer-une-force-militaire-en-rdc\/#primaryimage"},"image":{"@id":"https:\/\/adf-magazine.com\/fr\/2022\/06\/un-groupe-regional-met-en-oeuvre-son-plan-pour-creer-une-force-militaire-en-rdc\/#primaryimage"},"thumbnailUrl":"https:\/\/adf-magazine.com\/wp-content\/uploads\/2022\/06\/AP21204540371154.jpg","datePublished":"2022-06-21T19:02:20+00:00","dateModified":"2022-06-21T19:02:42+00:00","author":{"@id":"https:\/\/adf-magazine.com\/#\/schema\/person\/f266a6061389568b5a11465bb38bc025"},"breadcrumb":{"@id":"https:\/\/adf-magazine.com\/fr\/2022\/06\/un-groupe-regional-met-en-oeuvre-son-plan-pour-creer-une-force-militaire-en-rdc\/#breadcrumb"},"inLanguage":"fr-FR","potentialAction":[{"@type":"ReadAction","target":["https:\/\/adf-magazine.com\/fr\/2022\/06\/un-groupe-regional-met-en-oeuvre-son-plan-pour-creer-une-force-militaire-en-rdc\/"]}]},{"@type":"ImageObject","inLanguage":"fr-FR","@id":"https:\/\/adf-magazine.com\/fr\/2022\/06\/un-groupe-regional-met-en-oeuvre-son-plan-pour-creer-une-force-militaire-en-rdc\/#primaryimage","url":"https:\/\/adf-magazine.com\/wp-content\/uploads\/2022\/06\/AP21204540371154.jpg","contentUrl":"https:\/\/adf-magazine.com\/wp-content\/uploads\/2022\/06\/AP21204540371154.jpg","width":1080,"height":709,"caption":"Des soldats congolais et des casques bleus conduisent une patrouille dans la zone d\u2019une attaque pr\u00e8s de la municipalit\u00e9 d\u2019Oicha en R\u00e9publique d\u00e9mocratique du Congo. THE ASSOCIATED PRESS"},{"@type":"BreadcrumbList","@id":"https:\/\/adf-magazine.com\/fr\/2022\/06\/un-groupe-regional-met-en-oeuvre-son-plan-pour-creer-une-force-militaire-en-rdc\/#breadcrumb","itemListElement":[{"@type":"ListItem","position":1,"name":"page d\u2019accueil","item":"https:\/\/adf-magazine.com\/"},{"@type":"ListItem","position":2,"name":"Un groupe r\u00e9gional met en \u0153uvre son plan pour cr\u00e9er une force militaire en RDC"}]},{"@type":"WebSite","@id":"https:\/\/adf-magazine.com\/#website","url":"https:\/\/adf-magazine.com\/","name":"Africa Defense Forum","description":"Africa Defense Forum","potentialAction":[{"@type":"SearchAction","target":{"@type":"EntryPoint","urlTemplate":"https:\/\/adf-magazine.com\/?s={search_term_string}"},"query-input":{"@type":"PropertyValueSpecification","valueRequired":true,"valueName":"search_term_string"}}],"inLanguage":"fr-FR"},{"@type":"Person","@id":"https:\/\/adf-magazine.com\/#\/schema\/person\/f266a6061389568b5a11465bb38bc025","name":"ADF","image":{"@type":"ImageObject","inLanguage":"fr-FR","@id":"https:\/\/adf-magazine.com\/wp-content\/uploads\/2020\/05\/cropped-ADF_icon.jpg","url":"https:\/\/adf-magazine.com\/wp-content\/uploads\/2020\/05\/cropped-ADF_icon.jpg","contentUrl":"https:\/\/adf-magazine.com\/wp-content\/uploads\/2020\/05\/cropped-ADF_icon.jpg","caption":"ADF"},"description":"ADF is a professional military magazine published quarterly by U.S. Africa Command to provide an international forum for African security professionals. ADF covers topics such as counter terrorism strategies, security and defense operations, transnational crime, and all other issues affecting peace, stability, and good governance on the African continent.","sameAs":["https:\/\/x.com\/ADFmagazine"],"url":"https:\/\/adf-magazine.com\/fr\/author\/adf\/"}]}},"_links":{"self":[{"href":"https:\/\/adf-magazine.com\/fr\/wp-json\/wp\/v2\/posts\/33438","targetHints":{"allow":["GET"]}}],"collection":[{"href":"https:\/\/adf-magazine.com\/fr\/wp-json\/wp\/v2\/posts"}],"about":[{"href":"https:\/\/adf-magazine.com\/fr\/wp-json\/wp\/v2\/types\/post"}],"author":[{"embeddable":true,"href":"https:\/\/adf-magazine.com\/fr\/wp-json\/wp\/v2\/users\/1"}],"replies":[{"embeddable":true,"href":"https:\/\/adf-magazine.com\/fr\/wp-json\/wp\/v2\/comments?post=33438"}],"version-history":[{"count":0,"href":"https:\/\/adf-magazine.com\/fr\/wp-json\/wp\/v2\/posts\/33438\/revisions"}],"wp:featuredmedia":[{"embeddable":true,"href":"https:\/\/adf-magazine.com\/fr\/wp-json\/wp\/v2\/media\/33431"}],"wp:attachment":[{"href":"https:\/\/adf-magazine.com\/fr\/wp-json\/wp\/v2\/media?parent=33438"}],"wp:term":[{"taxonomy":"category","embeddable":true,"href":"https:\/\/adf-magazine.com\/fr\/wp-json\/wp\/v2\/categories?post=33438"},{"taxonomy":"post_tag","embeddable":true,"href":"https:\/\/adf-magazine.com\/fr\/wp-json\/wp\/v2\/tags?post=33438"}],"curies":[{"name":"wp","href":"https:\/\/api.w.org\/{rel}","templated":true}]}}