{"id":32786,"date":"2022-05-10T13:47:26","date_gmt":"2022-05-10T17:47:26","guid":{"rendered":"https:\/\/adf-magazine.com\/?p=32786"},"modified":"2022-05-10T13:47:59","modified_gmt":"2022-05-10T17:47:59","slug":"une-mise-en-scene-de-massacre-au-mali-revele-le-scenario-de-wagner","status":"publish","type":"post","link":"https:\/\/adf-magazine.com\/fr\/2022\/05\/une-mise-en-scene-de-massacre-au-mali-revele-le-scenario-de-wagner\/","title":{"rendered":"Une mise en sc\u00e8ne de massacre au Mali r\u00e9v\u00e8le le sc\u00e9nario de Wagner"},"content":{"rendered":"<p>PERSONNEL D\u2019ADF<\/p>\n<p>En quelques mois, les relations entre le Mali et une grande partie du reste du monde s\u2019est profond\u00e9ment d\u00e9t\u00e9rior\u00e9e, alors que la Russie essaie de tirer profit de la vacance de pouvoir qu\u2019elle a aid\u00e9 \u00e0 cr\u00e9er.<\/p>\n<p>Les experts d\u00e9clarent que tout cela fait partie du plan du Kremlin pour l\u2019Afrique, employant les mercenaires du groupe Wagner obscur pour faire avancer ses objectifs.<\/p>\n<p>Les r\u00e9cents d\u00e9veloppements au Mali refl\u00e8tent ces plans.<\/p>\n<p>La Russie \u00e9tait sujette \u00e0 une pression internationale intense en avril apr\u00e8s l\u2019accusation selon laquelle les combattants de Wagner avaient massacr\u00e9 des centaines de civils, le m\u00eame type d\u2019atrocit\u00e9 que le groupe \u00e9tait accus\u00e9 d\u2019avoir commis dans plusieurs autres pays africains.<\/p>\n<p>Le 22 avril, l\u2019arm\u00e9e fran\u00e7aise a affirm\u00e9 que les mercenaires de Wagner avaient enterr\u00e9 les cadavres des civils maliens pr\u00e8s d\u2019une base militaire dans le Mali central pour essayer de mettre en sc\u00e8ne un massacre qu\u2019ils pensaient accuser la France d\u2019avoir commis.<\/p>\n<p>Le 19 avril, la France avait transf\u00e9r\u00e9 officiellement sa base de Gossi aux forces maliennes.<\/p>\n<p>Le journaliste Wassim Nasr rapporte sur France 24\u00a0: \u00ab\u00a0Cette m\u00eame nuit, [l\u2019arm\u00e9e fran\u00e7aise] a obtenu une vid\u00e9o des soldats maliens \u00e0 la base qui dormaient dehors pr\u00e8s des agents de Wagner, lesquels \u00e9taient dans des tentes. Le jeudi [21 avril], la surveillance fran\u00e7aise a constat\u00e9 que les soldats de Wagner jetaient du sable sur des cadavres.\u00a0\u00bb<\/p>\n<p>La France a aussi partag\u00e9 des articles affich\u00e9s sur ce qui \u00e9tait selon elle un compte Twitter falsifi\u00e9 qui faisait partie du stratag\u00e8me. Les Fran\u00e7ais ont d\u00e9crit en d\u00e9tail comment leur drone avait observ\u00e9 un agent de Wagner filmant la duperie et ont fait co\u00efncider la vid\u00e9o de Wagner et les captures d\u2019\u00e9cran avec le faux compte de Twitter.<\/p>\n<p>Le 2 mai, la junte malienne au pouvoir a appel\u00e9 le drone fran\u00e7ais survolant la base de Gossi un vol \u00ab\u00a0ill\u00e9gal\u00a0\u00bb et a rompu les accords de d\u00e9fense sign\u00e9s en 2014 avec la France, en condamnant les \u00ab\u00a0violations flagrantes\u00a0\u00bb de sa souverainet\u00e9 nationale.<\/p>\n<p>Avec plusieurs centaines de mercenaires au Mali, la Russie pourrait profiter du retrait des autres troupes \u00e9trang\u00e8res.<\/p>\n<p>Raphael Parens, chercheur ind\u00e9pendant en s\u00e9curit\u00e9 qui a publi\u00e9 en mars une \u00e9tude intitul\u00e9e \u00ab\u00a0Le sc\u00e9nario du groupe Wagner en Afrique\u00a0\u00bb, d\u00e9clare que les actes du groupe sur le continent indiquent clairement que les mercenaires sont une branche secr\u00e8te du Kremlin.<\/p>\n<p>\u00ab\u00a0Son statut en tant qu\u2019entrepreneur ind\u00e9pendant lui offre un certain degr\u00e9 d\u2019impr\u00e9visibilit\u00e9 tout en donnant aussi \u00e0 la Russie un d\u00e9ni plausible lors de la prise de d\u00e9cision de politique \u00e9trang\u00e8re\u00a0\u00bb, a-t-il dit le 26 avril lors d\u2019un panel en ligne accueilli par le Foreign Policy Research Institute. \u00ab\u00a0Le groupe peut agir de fa\u00e7on \u00e0 prendre ses distances avec l\u2019\u00e9tat proprement dit tout en donnant aussi \u00e0 la Russie un outil pour d\u00e9velopper une coop\u00e9ration militaire avec les autres \u00e9tats.\u00a0\u00bb<\/p>\n<p>Son \u00e9tude d\u00e9crit l\u2019approche \u00e0 trois volets de Wagner face aux pays africains.<\/p>\n<ol>\n<li>Conduire des campagnes de d\u00e9sinformation et des campagnes progouvernementales.<\/li>\n<li>Obtenir des paiements par l\u2019interm\u00e9diaire de concessions mini\u00e8res pour extraire les ressources naturelles.<\/li>\n<li>S\u2019ing\u00e9rer dans la s\u00e9curit\u00e9 nationale avec des gardes du corps, des formateurs militaires et des conseillers contre l\u2019insurrection.<\/li>\n<\/ol>\n<p>Il a d\u00e9clar\u00e9 au site d\u2019actualit\u00e9s Al-Monitor\u00a0: \u00ab\u00a0Wagner peut souvent jouer un r\u00f4le que l\u2019\u00e9tat russe ne souhaite pas franchir, que ce soit l\u2019intervention directe dans la r\u00e9pression gouvernementale sur le terrain, le d\u00e9veloppement de ces relations \u00e9conomiques, l\u2019obtention de ces ressources directes que le gouvernement russe aurait peut-\u00eatre un peu plus de difficult\u00e9 \u00e0 obtenir.\u00a0\u00bb<\/p>\n<p>\u00ab\u00a0\u00c0 bien des \u00e9gards, [Wagner] fait le sale boulot.\u00a0\u00bb<\/p>\n<p>Contrairement \u00e0 ses tentatives de mystification par la propagande et la d\u00e9sinformation, le groupe Wagner n\u2019est pas en Afrique pour lib\u00e9rer les gens en proie au terrorisme et \u00e0 la r\u00e9bellion.<\/p>\n<p>Les mercenaires russes sont sur le continent pour faire avancer l\u2019agenda r\u00e9gressif et expansionniste de Poutine.<\/p>\n<p>Joseph Siegle, directeur de la recherche au Centre africain pour les \u00e9tudes strat\u00e9giques, a r\u00e9cemment appel\u00e9 Wagner un \u00ab\u00a0outil de coercition\u00a0\u00bb pour avoir sap\u00e9 la d\u00e9mocratie et amen\u00e9 les pays sous l\u2019influence russe.<\/p>\n<p>\u00ab\u00a0Wagner n\u2019est pas une force antiterroriste. Wagner est un outil du gouvernement russe pour essayer de faire avancer ses objectifs de politique \u00e9trang\u00e8re, a-t-il dit au magazine Foreign Policy. Ils sont l\u00e0 pour aider la junte au pouvoir parce que la junte favorise les int\u00e9r\u00eats de Moscou visant \u00e0 d\u00e9placer la France et l\u2019UE [Union europ\u00e9enne].\u00a0\u00bb<\/p>\n<p>Le groupe Wagner a des milliers de mercenaires d\u00e9ploy\u00e9s en Libye, au Mali, en R\u00e9publique centrafricaine (RCA) et au Soudan. Il a aussi \u00e9t\u00e9 actif \u00e0 Madagascar et au Mozambique. Il projette une expansion au Burkina Faso, qui a \u00e9t\u00e9 r\u00e9cemment compromis par un coup d\u2019\u00e9tat militaire, et on dit qu\u2019il convoite la R\u00e9publique d\u00e9mocratique du Congo et sa volatilit\u00e9.<\/p>\n<p>La Russie a sign\u00e9 un accord militaire avec le Cameroun en avril pour collaborer dans les domaines de la d\u00e9fense et la politique de s\u00e9curit\u00e9, la formation militaire, l\u2019\u00e9ducation militaire, la m\u00e9decine et la topographie.<\/p>\n<p>L\u2019empreinte de Poutine sur le continent continue \u00e0 augmenter alors que davantage de pays africains sont sujets \u00e0 des coups d\u2019\u00e9tat et deviennent des dictatures.<\/p>\n<p>La Russie voit des opportunit\u00e9s pour soutenir les chefs autoritaires et saper l\u2019ordre d\u00e9mocratique, selon le Dr\u00a0Siegle.<\/p>\n<p>\u00ab\u00a0La Russie ne peut pas tr\u00e8s bien entrer en comp\u00e9tition au sein de cet ordre, dit-il \u00e0 Al Jazeera. Si la d\u00e9mocratie est retenue comme ultime mod\u00e8le ambitieux de gouvernance, ceci est une limitation pour la Russie.\u00a0\u00bb<\/p>\n","protected":false},"excerpt":{"rendered":"<p>PERSONNEL D\u2019ADF En quelques mois, les relations entre le Mali et une grande partie du reste du monde s\u2019est profond\u00e9ment d\u00e9t\u00e9rior\u00e9e, alors que la Russie essaie de tirer profit de la vacance de pouvoir qu\u2019elle a aid\u00e9 \u00e0 cr\u00e9er. Les experts d\u00e9clarent que tout cela fait partie du plan du Kremlin pour l\u2019Afrique, employant les<\/p>\n","protected":false},"author":1,"featured_media":32779,"comment_status":"open","ping_status":"open","sticky":false,"template":"","format":"standard","meta":{"_acf_changed":false,"_monsterinsights_skip_tracking":false,"_monsterinsights_sitenote_active":false,"_monsterinsights_sitenote_note":"","_monsterinsights_sitenote_category":0,"_uf_show_specific_survey":0,"_uf_disable_surveys":false,"footnotes":""},"categories":[331],"tags":[790,434,882,618],"class_list":{"0":"post-32786","1":"post","2":"type-post","3":"status-publish","4":"format-standard","5":"has-post-thumbnail","7":"category-dernieres-nouvelles","8":"tag-france-fr","9":"tag-mali-fr","10":"tag-mercenaire","11":"tag-russie"},"acf":[],"yoast_head":"<!-- This site is optimized with the Yoast SEO plugin v27.5 - https:\/\/yoast.com\/product\/yoast-seo-wordpress\/ -->\n<title>Une mise en sc\u00e8ne de massacre au Mali r\u00e9v\u00e8le le sc\u00e9nario de Wagner - Africa Defense Forum<\/title>\n<meta name=\"robots\" content=\"index, follow, max-snippet:-1, max-image-preview:large, max-video-preview:-1\" \/>\n<link rel=\"canonical\" href=\"https:\/\/adf-magazine.com\/fr\/2022\/05\/une-mise-en-scene-de-massacre-au-mali-revele-le-scenario-de-wagner\/\" \/>\n<meta property=\"og:locale\" content=\"fr_FR\" \/>\n<meta property=\"og:type\" content=\"article\" \/>\n<meta property=\"og:title\" content=\"Une mise en sc\u00e8ne de massacre au Mali r\u00e9v\u00e8le le sc\u00e9nario de Wagner - Africa Defense Forum\" \/>\n<meta property=\"og:description\" content=\"PERSONNEL D\u2019ADF En quelques mois, les relations entre le Mali et une grande partie du reste du monde s\u2019est profond\u00e9ment d\u00e9t\u00e9rior\u00e9e, alors que la Russie essaie de tirer profit de la vacance de pouvoir qu\u2019elle a aid\u00e9 \u00e0 cr\u00e9er. Les experts d\u00e9clarent que tout cela fait partie du plan du Kremlin pour l\u2019Afrique, employant les\" \/>\n<meta property=\"og:url\" content=\"https:\/\/adf-magazine.com\/fr\/2022\/05\/une-mise-en-scene-de-massacre-au-mali-revele-le-scenario-de-wagner\/\" \/>\n<meta property=\"og:site_name\" content=\"Africa Defense Forum\" \/>\n<meta property=\"article:publisher\" content=\"https:\/\/www.facebook.com\/ADFmagazine\/\" \/>\n<meta property=\"article:published_time\" content=\"2022-05-10T17:47:26+00:00\" \/>\n<meta property=\"article:modified_time\" content=\"2022-05-10T17:47:59+00:00\" \/>\n<meta property=\"og:image\" content=\"https:\/\/adf-magazine.com\/wp-content\/uploads\/2022\/05\/AP22112753817547.jpg\" \/>\n\t<meta property=\"og:image:width\" content=\"1080\" \/>\n\t<meta property=\"og:image:height\" content=\"720\" \/>\n\t<meta property=\"og:image:type\" content=\"image\/jpeg\" \/>\n<meta name=\"author\" content=\"ADF\" \/>\n<meta name=\"twitter:card\" content=\"summary_large_image\" \/>\n<meta name=\"twitter:creator\" content=\"@ADFmagazine\" \/>\n<meta name=\"twitter:site\" content=\"@ADFmagazine\" \/>\n<meta name=\"twitter:label1\" content=\"\u00c9crit par\" \/>\n\t<meta name=\"twitter:data1\" content=\"ADF\" \/>\n\t<meta name=\"twitter:label2\" content=\"Dur\u00e9e de lecture estim\u00e9e\" \/>\n\t<meta name=\"twitter:data2\" content=\"4 minutes\" \/>\n<script type=\"application\/ld+json\" class=\"yoast-schema-graph\">{\"@context\":\"https:\\\/\\\/schema.org\",\"@graph\":[{\"@type\":\"Article\",\"@id\":\"https:\\\/\\\/adf-magazine.com\\\/fr\\\/2022\\\/05\\\/une-mise-en-scene-de-massacre-au-mali-revele-le-scenario-de-wagner\\\/#article\",\"isPartOf\":{\"@id\":\"https:\\\/\\\/adf-magazine.com\\\/fr\\\/2022\\\/05\\\/une-mise-en-scene-de-massacre-au-mali-revele-le-scenario-de-wagner\\\/\"},\"author\":{\"name\":\"ADF\",\"@id\":\"https:\\\/\\\/adf-magazine.com\\\/#\\\/schema\\\/person\\\/f266a6061389568b5a11465bb38bc025\"},\"headline\":\"Une mise en sc\u00e8ne de massacre au Mali r\u00e9v\u00e8le le sc\u00e9nario de Wagner\",\"datePublished\":\"2022-05-10T17:47:26+00:00\",\"dateModified\":\"2022-05-10T17:47:59+00:00\",\"mainEntityOfPage\":{\"@id\":\"https:\\\/\\\/adf-magazine.com\\\/fr\\\/2022\\\/05\\\/une-mise-en-scene-de-massacre-au-mali-revele-le-scenario-de-wagner\\\/\"},\"wordCount\":1013,\"commentCount\":0,\"image\":{\"@id\":\"https:\\\/\\\/adf-magazine.com\\\/fr\\\/2022\\\/05\\\/une-mise-en-scene-de-massacre-au-mali-revele-le-scenario-de-wagner\\\/#primaryimage\"},\"thumbnailUrl\":\"https:\\\/\\\/adf-magazine.com\\\/wp-content\\\/uploads\\\/2022\\\/05\\\/AP22112753817547.jpg\",\"keywords\":[\"France\",\"Mali\",\"mercenaire\",\"Russie\"],\"articleSection\":[\"Actualit\u00e9s du Jour\"],\"inLanguage\":\"fr-FR\",\"potentialAction\":[{\"@type\":\"CommentAction\",\"name\":\"Comment\",\"target\":[\"https:\\\/\\\/adf-magazine.com\\\/fr\\\/2022\\\/05\\\/une-mise-en-scene-de-massacre-au-mali-revele-le-scenario-de-wagner\\\/#respond\"]}]},{\"@type\":\"WebPage\",\"@id\":\"https:\\\/\\\/adf-magazine.com\\\/fr\\\/2022\\\/05\\\/une-mise-en-scene-de-massacre-au-mali-revele-le-scenario-de-wagner\\\/\",\"url\":\"https:\\\/\\\/adf-magazine.com\\\/fr\\\/2022\\\/05\\\/une-mise-en-scene-de-massacre-au-mali-revele-le-scenario-de-wagner\\\/\",\"name\":\"Une mise en sc\u00e8ne de massacre au Mali r\u00e9v\u00e8le le sc\u00e9nario de Wagner - Africa Defense Forum\",\"isPartOf\":{\"@id\":\"https:\\\/\\\/adf-magazine.com\\\/#website\"},\"primaryImageOfPage\":{\"@id\":\"https:\\\/\\\/adf-magazine.com\\\/fr\\\/2022\\\/05\\\/une-mise-en-scene-de-massacre-au-mali-revele-le-scenario-de-wagner\\\/#primaryimage\"},\"image\":{\"@id\":\"https:\\\/\\\/adf-magazine.com\\\/fr\\\/2022\\\/05\\\/une-mise-en-scene-de-massacre-au-mali-revele-le-scenario-de-wagner\\\/#primaryimage\"},\"thumbnailUrl\":\"https:\\\/\\\/adf-magazine.com\\\/wp-content\\\/uploads\\\/2022\\\/05\\\/AP22112753817547.jpg\",\"datePublished\":\"2022-05-10T17:47:26+00:00\",\"dateModified\":\"2022-05-10T17:47:59+00:00\",\"author\":{\"@id\":\"https:\\\/\\\/adf-magazine.com\\\/#\\\/schema\\\/person\\\/f266a6061389568b5a11465bb38bc025\"},\"breadcrumb\":{\"@id\":\"https:\\\/\\\/adf-magazine.com\\\/fr\\\/2022\\\/05\\\/une-mise-en-scene-de-massacre-au-mali-revele-le-scenario-de-wagner\\\/#breadcrumb\"},\"inLanguage\":\"fr-FR\",\"potentialAction\":[{\"@type\":\"ReadAction\",\"target\":[\"https:\\\/\\\/adf-magazine.com\\\/fr\\\/2022\\\/05\\\/une-mise-en-scene-de-massacre-au-mali-revele-le-scenario-de-wagner\\\/\"]}]},{\"@type\":\"ImageObject\",\"inLanguage\":\"fr-FR\",\"@id\":\"https:\\\/\\\/adf-magazine.com\\\/fr\\\/2022\\\/05\\\/une-mise-en-scene-de-massacre-au-mali-revele-le-scenario-de-wagner\\\/#primaryimage\",\"url\":\"https:\\\/\\\/adf-magazine.com\\\/wp-content\\\/uploads\\\/2022\\\/05\\\/AP22112753817547.jpg\",\"contentUrl\":\"https:\\\/\\\/adf-magazine.com\\\/wp-content\\\/uploads\\\/2022\\\/05\\\/AP22112753817547.jpg\",\"width\":1080,\"height\":720,\"caption\":\"Le 22 avril, l\u2019arm\u00e9e fran\u00e7aise a publi\u00e9 ce qui est selon elle une vid\u00e9o de surveillance montrant des mercenaires russes enterrant des cadavres pr\u00e8s d\u2019une base militaire dans le centre du Mali. THE ASSOCIATED PRESS\"},{\"@type\":\"BreadcrumbList\",\"@id\":\"https:\\\/\\\/adf-magazine.com\\\/fr\\\/2022\\\/05\\\/une-mise-en-scene-de-massacre-au-mali-revele-le-scenario-de-wagner\\\/#breadcrumb\",\"itemListElement\":[{\"@type\":\"ListItem\",\"position\":1,\"name\":\"page d\u2019accueil\",\"item\":\"https:\\\/\\\/adf-magazine.com\\\/\"},{\"@type\":\"ListItem\",\"position\":2,\"name\":\"Une mise en sc\u00e8ne de massacre au Mali r\u00e9v\u00e8le le sc\u00e9nario de Wagner\"}]},{\"@type\":\"WebSite\",\"@id\":\"https:\\\/\\\/adf-magazine.com\\\/#website\",\"url\":\"https:\\\/\\\/adf-magazine.com\\\/\",\"name\":\"Africa Defense Forum\",\"description\":\"Africa Defense Forum\",\"potentialAction\":[{\"@type\":\"SearchAction\",\"target\":{\"@type\":\"EntryPoint\",\"urlTemplate\":\"https:\\\/\\\/adf-magazine.com\\\/?s={search_term_string}\"},\"query-input\":{\"@type\":\"PropertyValueSpecification\",\"valueRequired\":true,\"valueName\":\"search_term_string\"}}],\"inLanguage\":\"fr-FR\"},{\"@type\":\"Person\",\"@id\":\"https:\\\/\\\/adf-magazine.com\\\/#\\\/schema\\\/person\\\/f266a6061389568b5a11465bb38bc025\",\"name\":\"ADF\",\"image\":{\"@type\":\"ImageObject\",\"inLanguage\":\"fr-FR\",\"@id\":\"https:\\\/\\\/adf-magazine.com\\\/wp-content\\\/uploads\\\/2020\\\/05\\\/cropped-ADF_icon.jpg\",\"url\":\"https:\\\/\\\/adf-magazine.com\\\/wp-content\\\/uploads\\\/2020\\\/05\\\/cropped-ADF_icon.jpg\",\"contentUrl\":\"https:\\\/\\\/adf-magazine.com\\\/wp-content\\\/uploads\\\/2020\\\/05\\\/cropped-ADF_icon.jpg\",\"caption\":\"ADF\"},\"description\":\"ADF is a professional military magazine published quarterly by U.S. Africa Command to provide an international forum for African security professionals. ADF covers topics such as counter terrorism strategies, security and defense operations, transnational crime, and all other issues affecting peace, stability, and good governance on the African continent.\",\"sameAs\":[\"https:\\\/\\\/x.com\\\/ADFmagazine\"],\"url\":\"https:\\\/\\\/adf-magazine.com\\\/fr\\\/author\\\/adf\\\/\"}]}<\/script>\n<!-- \/ Yoast SEO plugin. -->","yoast_head_json":{"title":"Une mise en sc\u00e8ne de massacre au Mali r\u00e9v\u00e8le le sc\u00e9nario de Wagner - Africa Defense Forum","robots":{"index":"index","follow":"follow","max-snippet":"max-snippet:-1","max-image-preview":"max-image-preview:large","max-video-preview":"max-video-preview:-1"},"canonical":"https:\/\/adf-magazine.com\/fr\/2022\/05\/une-mise-en-scene-de-massacre-au-mali-revele-le-scenario-de-wagner\/","og_locale":"fr_FR","og_type":"article","og_title":"Une mise en sc\u00e8ne de massacre au Mali r\u00e9v\u00e8le le sc\u00e9nario de Wagner - Africa Defense Forum","og_description":"PERSONNEL D\u2019ADF En quelques mois, les relations entre le Mali et une grande partie du reste du monde s\u2019est profond\u00e9ment d\u00e9t\u00e9rior\u00e9e, alors que la Russie essaie de tirer profit de la vacance de pouvoir qu\u2019elle a aid\u00e9 \u00e0 cr\u00e9er. Les experts d\u00e9clarent que tout cela fait partie du plan du Kremlin pour l\u2019Afrique, employant les","og_url":"https:\/\/adf-magazine.com\/fr\/2022\/05\/une-mise-en-scene-de-massacre-au-mali-revele-le-scenario-de-wagner\/","og_site_name":"Africa Defense Forum","article_publisher":"https:\/\/www.facebook.com\/ADFmagazine\/","article_published_time":"2022-05-10T17:47:26+00:00","article_modified_time":"2022-05-10T17:47:59+00:00","og_image":[{"width":1080,"height":720,"url":"https:\/\/adf-magazine.com\/wp-content\/uploads\/2022\/05\/AP22112753817547.jpg","type":"image\/jpeg"}],"author":"ADF","twitter_card":"summary_large_image","twitter_creator":"@ADFmagazine","twitter_site":"@ADFmagazine","twitter_misc":{"\u00c9crit par":"ADF","Dur\u00e9e de lecture estim\u00e9e":"4 minutes"},"schema":{"@context":"https:\/\/schema.org","@graph":[{"@type":"Article","@id":"https:\/\/adf-magazine.com\/fr\/2022\/05\/une-mise-en-scene-de-massacre-au-mali-revele-le-scenario-de-wagner\/#article","isPartOf":{"@id":"https:\/\/adf-magazine.com\/fr\/2022\/05\/une-mise-en-scene-de-massacre-au-mali-revele-le-scenario-de-wagner\/"},"author":{"name":"ADF","@id":"https:\/\/adf-magazine.com\/#\/schema\/person\/f266a6061389568b5a11465bb38bc025"},"headline":"Une mise en sc\u00e8ne de massacre au Mali r\u00e9v\u00e8le le sc\u00e9nario de Wagner","datePublished":"2022-05-10T17:47:26+00:00","dateModified":"2022-05-10T17:47:59+00:00","mainEntityOfPage":{"@id":"https:\/\/adf-magazine.com\/fr\/2022\/05\/une-mise-en-scene-de-massacre-au-mali-revele-le-scenario-de-wagner\/"},"wordCount":1013,"commentCount":0,"image":{"@id":"https:\/\/adf-magazine.com\/fr\/2022\/05\/une-mise-en-scene-de-massacre-au-mali-revele-le-scenario-de-wagner\/#primaryimage"},"thumbnailUrl":"https:\/\/adf-magazine.com\/wp-content\/uploads\/2022\/05\/AP22112753817547.jpg","keywords":["France","Mali","mercenaire","Russie"],"articleSection":["Actualit\u00e9s du Jour"],"inLanguage":"fr-FR","potentialAction":[{"@type":"CommentAction","name":"Comment","target":["https:\/\/adf-magazine.com\/fr\/2022\/05\/une-mise-en-scene-de-massacre-au-mali-revele-le-scenario-de-wagner\/#respond"]}]},{"@type":"WebPage","@id":"https:\/\/adf-magazine.com\/fr\/2022\/05\/une-mise-en-scene-de-massacre-au-mali-revele-le-scenario-de-wagner\/","url":"https:\/\/adf-magazine.com\/fr\/2022\/05\/une-mise-en-scene-de-massacre-au-mali-revele-le-scenario-de-wagner\/","name":"Une mise en sc\u00e8ne de massacre au Mali r\u00e9v\u00e8le le sc\u00e9nario de Wagner - Africa Defense Forum","isPartOf":{"@id":"https:\/\/adf-magazine.com\/#website"},"primaryImageOfPage":{"@id":"https:\/\/adf-magazine.com\/fr\/2022\/05\/une-mise-en-scene-de-massacre-au-mali-revele-le-scenario-de-wagner\/#primaryimage"},"image":{"@id":"https:\/\/adf-magazine.com\/fr\/2022\/05\/une-mise-en-scene-de-massacre-au-mali-revele-le-scenario-de-wagner\/#primaryimage"},"thumbnailUrl":"https:\/\/adf-magazine.com\/wp-content\/uploads\/2022\/05\/AP22112753817547.jpg","datePublished":"2022-05-10T17:47:26+00:00","dateModified":"2022-05-10T17:47:59+00:00","author":{"@id":"https:\/\/adf-magazine.com\/#\/schema\/person\/f266a6061389568b5a11465bb38bc025"},"breadcrumb":{"@id":"https:\/\/adf-magazine.com\/fr\/2022\/05\/une-mise-en-scene-de-massacre-au-mali-revele-le-scenario-de-wagner\/#breadcrumb"},"inLanguage":"fr-FR","potentialAction":[{"@type":"ReadAction","target":["https:\/\/adf-magazine.com\/fr\/2022\/05\/une-mise-en-scene-de-massacre-au-mali-revele-le-scenario-de-wagner\/"]}]},{"@type":"ImageObject","inLanguage":"fr-FR","@id":"https:\/\/adf-magazine.com\/fr\/2022\/05\/une-mise-en-scene-de-massacre-au-mali-revele-le-scenario-de-wagner\/#primaryimage","url":"https:\/\/adf-magazine.com\/wp-content\/uploads\/2022\/05\/AP22112753817547.jpg","contentUrl":"https:\/\/adf-magazine.com\/wp-content\/uploads\/2022\/05\/AP22112753817547.jpg","width":1080,"height":720,"caption":"Le 22 avril, l\u2019arm\u00e9e fran\u00e7aise a publi\u00e9 ce qui est selon elle une vid\u00e9o de surveillance montrant des mercenaires russes enterrant des cadavres pr\u00e8s d\u2019une base militaire dans le centre du Mali. THE ASSOCIATED PRESS"},{"@type":"BreadcrumbList","@id":"https:\/\/adf-magazine.com\/fr\/2022\/05\/une-mise-en-scene-de-massacre-au-mali-revele-le-scenario-de-wagner\/#breadcrumb","itemListElement":[{"@type":"ListItem","position":1,"name":"page d\u2019accueil","item":"https:\/\/adf-magazine.com\/"},{"@type":"ListItem","position":2,"name":"Une mise en sc\u00e8ne de massacre au Mali r\u00e9v\u00e8le le sc\u00e9nario de Wagner"}]},{"@type":"WebSite","@id":"https:\/\/adf-magazine.com\/#website","url":"https:\/\/adf-magazine.com\/","name":"Africa Defense Forum","description":"Africa Defense Forum","potentialAction":[{"@type":"SearchAction","target":{"@type":"EntryPoint","urlTemplate":"https:\/\/adf-magazine.com\/?s={search_term_string}"},"query-input":{"@type":"PropertyValueSpecification","valueRequired":true,"valueName":"search_term_string"}}],"inLanguage":"fr-FR"},{"@type":"Person","@id":"https:\/\/adf-magazine.com\/#\/schema\/person\/f266a6061389568b5a11465bb38bc025","name":"ADF","image":{"@type":"ImageObject","inLanguage":"fr-FR","@id":"https:\/\/adf-magazine.com\/wp-content\/uploads\/2020\/05\/cropped-ADF_icon.jpg","url":"https:\/\/adf-magazine.com\/wp-content\/uploads\/2020\/05\/cropped-ADF_icon.jpg","contentUrl":"https:\/\/adf-magazine.com\/wp-content\/uploads\/2020\/05\/cropped-ADF_icon.jpg","caption":"ADF"},"description":"ADF is a professional military magazine published quarterly by U.S. Africa Command to provide an international forum for African security professionals. ADF covers topics such as counter terrorism strategies, security and defense operations, transnational crime, and all other issues affecting peace, stability, and good governance on the African continent.","sameAs":["https:\/\/x.com\/ADFmagazine"],"url":"https:\/\/adf-magazine.com\/fr\/author\/adf\/"}]}},"_links":{"self":[{"href":"https:\/\/adf-magazine.com\/fr\/wp-json\/wp\/v2\/posts\/32786","targetHints":{"allow":["GET"]}}],"collection":[{"href":"https:\/\/adf-magazine.com\/fr\/wp-json\/wp\/v2\/posts"}],"about":[{"href":"https:\/\/adf-magazine.com\/fr\/wp-json\/wp\/v2\/types\/post"}],"author":[{"embeddable":true,"href":"https:\/\/adf-magazine.com\/fr\/wp-json\/wp\/v2\/users\/1"}],"replies":[{"embeddable":true,"href":"https:\/\/adf-magazine.com\/fr\/wp-json\/wp\/v2\/comments?post=32786"}],"version-history":[{"count":0,"href":"https:\/\/adf-magazine.com\/fr\/wp-json\/wp\/v2\/posts\/32786\/revisions"}],"wp:featuredmedia":[{"embeddable":true,"href":"https:\/\/adf-magazine.com\/fr\/wp-json\/wp\/v2\/media\/32779"}],"wp:attachment":[{"href":"https:\/\/adf-magazine.com\/fr\/wp-json\/wp\/v2\/media?parent=32786"}],"wp:term":[{"taxonomy":"category","embeddable":true,"href":"https:\/\/adf-magazine.com\/fr\/wp-json\/wp\/v2\/categories?post=32786"},{"taxonomy":"post_tag","embeddable":true,"href":"https:\/\/adf-magazine.com\/fr\/wp-json\/wp\/v2\/tags?post=32786"}],"curies":[{"name":"wp","href":"https:\/\/api.w.org\/{rel}","templated":true}]}}