{"id":32615,"date":"2022-05-09T09:10:17","date_gmt":"2022-05-09T13:10:17","guid":{"rendered":"https:\/\/adf-magazine.com\/?p=32615"},"modified":"2022-05-09T17:28:42","modified_gmt":"2022-05-09T21:28:42","slug":"defendez-quelque-chose-ou-laissez-tout-tomber","status":"publish","type":"post","link":"https:\/\/adf-magazine.com\/fr\/2022\/05\/defendez-quelque-chose-ou-laissez-tout-tomber\/","title":{"rendered":"D\u00e9fendez Quelque Chose Ou Laissez Tout Tomber"},"content":{"rendered":"<p>Appel\u00e9 affectueusement le \u00ab Baba de l\u2019Afrique \u00bb ou le \u00ab p\u00e8re de l\u2019Afrique \u00bb, Olusegun Obasanjo est un officier militaire, homme d\u2019\u00e9tat, pacificateur et d\u00e9fenseur des droits humains. N\u00e9 en 1937 dans le Sud-Ouest du Nigeria, il passe plus de vingt ans dans les forces arm\u00e9es et atteint le grade de g\u00e9n\u00e9ral (deux \u00e9toiles). Il est deux fois chef de l\u2019\u00e9tat du Nigeria, la premi\u00e8re de 1976 \u00e0 1979 et la deuxi\u00e8me de 1999 \u00e0 2007. En 1979, il devient le premier chef militaire africain \u00e0 remettre le pouvoir \u00e0 un gouvernement civil. En 2007, il participe au premier transfert de pouvoir d\u2019une administration civile \u00e0 une autre au Nigeria. Apr\u00e8s sa pr\u00e9sidence, il sert de m\u00e9diateur dans de nombreux conflits et conduit des efforts de surveillance des \u00e9lections sur le continent. En 2021, il est nomm\u00e9 envoy\u00e9 de l\u2019Union africaine pour la Corne de l\u2019Afrique. Il a parl\u00e9 par t\u00e9l\u00e9phone avec ADF depuis sa r\u00e9sidence d\u2019Abeokuta au Nigeria. Ses commentaires ont \u00e9t\u00e9 modifi\u00e9s pour les adapter au pr\u00e9sent format.<\/p>\n<p><i>ADF : Lorsque vous \u00e9tiez jeune, pourquoi avez-vous d\u00e9cid\u00e9 de servir votre pays dans les Forces arm\u00e9es ?<\/i><\/p>\n<p><b>M. Obasanjo :<\/b> \u00c0 l\u2019\u00e9poque, les opportunit\u00e9s d\u2019\u00e9ducation sup\u00e9rieure au Nigeria \u00e9taient limit\u00e9es. Vers le milieu des ann\u00e9es cinquante lorsque je finissais mes \u00e9tudes secondaires, le Nigeria poss\u00e9dait une seule universit\u00e9. J\u2019ai \u00e9t\u00e9 accept\u00e9 \u00e0 l\u2019universit\u00e9 d\u2019Ibadan mais je n\u2019avais pas de bourse, et donc je n\u2019ai pas pu y aller. Puis est venue l\u2019opportunit\u00e9 de continuer mes \u00e9tudes gr\u00e2ce \u00e0 l\u2019arm\u00e9e, lorsque j\u2019ai vu une publicit\u00e9 pour devenir cadet militaire. C\u2019\u00e9tait une question de n\u00e9cessit\u00e9, d\u2019enthousiasme et d\u2019attrait pour quelque chose de nouveau. Je n\u2019\u00e9tais pas issu de ce que vous appelleriez une famille militaire. La tradition familiale \u00e9tait celle des luttes intertribales, ce genre de chose. C\u2019est cela qui distinguait ma famille. Mais personne dans ma famille n\u2019avait rejoint l\u2019arm\u00e9e avant que je le fasse. C\u2019est ce qui m\u2019a pouss\u00e9. C\u2019\u00e9tait la curiosit\u00e9, l\u2019enthousiasme et la n\u00e9cessit\u00e9.<\/p>\n<figure id=\"attachment_32087\" aria-describedby=\"caption-attachment-32087\" style=\"width: 1080px\" class=\"wp-caption aligncenter\"><a href=\"https:\/\/adf-magazine.com\/wp-content\/uploads\/2022\/04\/QandA_AP670530072_CMYK.jpg\"><img fetchpriority=\"high\" decoding=\"async\" class=\"size-full wp-image-32087\" src=\"https:\/\/adf-magazine.com\/wp-content\/uploads\/2022\/04\/QandA_AP670530072_CMYK.jpg\" alt=\"\" width=\"1080\" height=\"654\" srcset=\"https:\/\/adf-magazine.com\/wp-content\/uploads\/2022\/04\/QandA_AP670530072_CMYK.jpg 1080w, https:\/\/adf-magazine.com\/wp-content\/uploads\/2022\/04\/QandA_AP670530072_CMYK-300x182.jpg 300w, https:\/\/adf-magazine.com\/wp-content\/uploads\/2022\/04\/QandA_AP670530072_CMYK-1024x620.jpg 1024w, https:\/\/adf-magazine.com\/wp-content\/uploads\/2022\/04\/QandA_AP670530072_CMYK-768x465.jpg 768w\" sizes=\"(max-width: 1080px) 100vw, 1080px\" \/><\/a><figcaption id=\"caption-attachment-32087\" class=\"wp-caption-text\">Olusegun Obasanjo (au centre) pr\u00e9side \u00e0 la capitulation des Forces arm\u00e9es du Biafra pendant la guerre civile du Nigeria en 1967. THE ASSOCIATED PRESS<\/figcaption><\/figure>\n<p><i>ADF : Au cours de vos plus de vingt ann\u00e9es de service militaire, y a-t-il eu un \u00e9v\u00e9nement qui \u00e9tait le plus important ? Qu\u2019est-ce qui vous a marqu\u00e9 ?<\/i><\/p>\n<p><b>M. Obasanjo :<\/b> Je vous mentionnerais sans doute deux choses. La premi\u00e8re \u00e9tait ma formation \u00e0 Accra, au Ghana. J\u2019avais rejoint les forces arm\u00e9es avant l\u2019ind\u00e9pendance du Nigeria et, \u00e0 l\u2019\u00e9poque, nous avions ce qu\u2019ils appelaient une \u00e9cole de formation pour les \u00e9l\u00e8ves-officiers en Afrique occidentale britannique, au Ghana. C\u2018est l\u00e0 que j\u2019ai rencontr\u00e9 des \u00e9l\u00e8ves de Sierra Leone, des \u00e9l\u00e8ves-officiers ghan\u00e9ens, des \u00e9l\u00e8ves-officiers nig\u00e9rians provenant de toutes les r\u00e9gions : des Yorubas, des Igbo, des gens du Nord. Et ce fut vraiment une exp\u00e9rience tr\u00e8s importante dans ma vie. Elle \u00e9tait tr\u00e8s marquante. J\u2019ai continu\u00e9 en perfectionnant ma formation militaire au Royaume-Uni o\u00f9 il n\u2019y avait pas seulement des \u00e9tudiants africains, mais aussi des \u00e9tudiants provenant du reste du Commonwealth. De fa\u00e7on toute pr\u00e9coce dans ma vie, ce fut tr\u00e8s \u00e9difiant et un peu d\u00e9terminant.<\/p>\n<p>L\u2019autre \u00e9v\u00e9nement, et le plus important, s\u2019est pass\u00e9 lorsque je suis all\u00e9 participer \u00e0 l\u2019op\u00e9ration de maintien de la paix des Nations unies au Congo en 1960. Elle \u00e9tait graphique. Les le\u00e7ons que j\u2019ai tir\u00e9es lors de ces premiers jours de ma formation et mon exposition pr\u00e9coce au service international pour le maintien de la paix en tant que tr\u00e8s jeune officier restent ineffa\u00e7ables dans mes souvenirs et dans ma vie.<\/p>\n<figure id=\"attachment_32099\" aria-describedby=\"caption-attachment-32099\" style=\"width: 1080px\" class=\"wp-caption aligncenter\"><a href=\"https:\/\/adf-magazine.com\/wp-content\/uploads\/2022\/04\/QandA_wikimedia_02_CMYK.jpg\"><img decoding=\"async\" class=\"size-full wp-image-32099\" src=\"https:\/\/adf-magazine.com\/wp-content\/uploads\/2022\/04\/QandA_wikimedia_02_CMYK.jpg\" alt=\"\" width=\"1080\" height=\"737\" srcset=\"https:\/\/adf-magazine.com\/wp-content\/uploads\/2022\/04\/QandA_wikimedia_02_CMYK.jpg 1080w, https:\/\/adf-magazine.com\/wp-content\/uploads\/2022\/04\/QandA_wikimedia_02_CMYK-300x205.jpg 300w, https:\/\/adf-magazine.com\/wp-content\/uploads\/2022\/04\/QandA_wikimedia_02_CMYK-1024x699.jpg 1024w, https:\/\/adf-magazine.com\/wp-content\/uploads\/2022\/04\/QandA_wikimedia_02_CMYK-768x524.jpg 768w\" sizes=\"(max-width: 1080px) 100vw, 1080px\" \/><\/a><figcaption id=\"caption-attachment-32099\" class=\"wp-caption-text\">Le pr\u00e9sident des \u00c9tats-Unis Jimmy Carter rencontre le g\u00e9n\u00e9ral Obasanjo lors d\u2019une visite officielle au Nigeria en 1978.<br \/>NARA (ADMINISTRATION DES ARCHIVES ET DES RECUEILS NATIONAUX DES \u00c9TATS-UNIS)<\/figcaption><\/figure>\n<p><i>ADF : Vous vous \u00eates ardemment oppos\u00e9 aux r\u00e9gimes militaires du Nigeria. En fait, en 1979 vous \u00eates devenu le premier chef d\u2019\u00e9tat militaire nig\u00e9rian \u00e0 transf\u00e9rer le pouvoir \u00e0 un gouvernement civil d\u00e9mocratiquement \u00e9lu. Qu\u2019est-ce qui vous a pouss\u00e9 vers le leadership civil ?<\/i><\/p>\n<p><b>M. Obasanjo :<\/b> C\u2019\u00e9tait surtout sous l\u2019influence de ma formation militaire. Dans la formation que j\u2019ai re\u00e7ue, les forces arm\u00e9es d\u00e9pendent de l\u2019autorit\u00e9 civile. Ceci a \u00e9t\u00e9 inculqu\u00e9 dans ma propre formation et dans ma vie. Lorsque l\u2019Afrique a commenc\u00e9 \u00e0 \u00eatre sujette \u00e0 des coups d\u2019\u00e9tat peu apr\u00e8s la p\u00e9riode d\u2019ind\u00e9pendance, c\u2019\u00e9tait contraire \u00e0 ma formation. C\u2019\u00e9tait contraire \u00e0 l\u2019\u00e9thique des forces arm\u00e9es. L\u2019autre chose que j\u2019ai constat\u00e9e, c\u2019est qu\u2019en fait cela sape l\u2019organisation des forces arm\u00e9es. L\u2019arm\u00e9e est une organisation hi\u00e9rarchique. Lorsque vous avez un homme qui hier \u00e9tait sous vos ordres mais maintenant am\u00e8ne son fusil au palais pr\u00e9sidentiel et ordonne l\u2019ex\u00e9cution ou l\u2019arrestation du pr\u00e9sident ou du Premier ministre, puis devient le pr\u00e9sident militaire, cela d\u00e9sorganise la hi\u00e9rarchie des forces arm\u00e9es. Cela est contraire \u00e0 la camaraderie militaire. Je pense que la meilleure chose \u00e0 faire, c\u2019est ramener l\u2019arm\u00e9e l\u00e0 o\u00f9 elle devrait \u00eatre : dans les casernes. Je pense que nous devrions \u00e9loigner l\u2019arm\u00e9e du gouvernement et nous assurer de sa bonne formation, de son bon professionnalisme, de son bon \u00e9quipement. C\u2019est ce que veulent les soldats : \u00eatre pr\u00eats \u00e0 servir pour soutenir l\u2019autorit\u00e9 civile.<\/p>\n<p><i>ADF : Vous avez pass\u00e9 trois ann\u00e9es en prison de 1995 \u00e0 1998 pour avoir oppos\u00e9 le r\u00e9gime militaire de Sani Abacha. Pourquoi avez-vous d\u00e9fendu ces principes d\u00e9mocratiques en sachant que vous pourriez payer un tribut tellement lourd ?<\/i><\/p>\n<p><b>M. Obasanjo :<\/b> Si vous croyez en quelque chose, vous devez \u00eatre pr\u00eat \u00e0 faire des sacrifices pour cela. Vous ne pouvez pas pr\u00e9tendre que vous croyez en quelque chose sans \u00eatre pr\u00eat \u00e0 payer le prix n\u00e9cessaire. Je pense que les forces arm\u00e9es ne devraient pas gouverner, et j\u2019ai agi en cons\u00e9quence lorsque j\u2019ai d\u00fb le faire. Je pense que si vous ne d\u00e9fendez rien, vous laisserez tout tomber. Dans une vie d\u00e9di\u00e9e aux principes, \u00e0 certaines normes et r\u00e8gles, vous devez \u00eatre d\u00e9sireux de payer ce qu\u2019il faut payer. En fin de compte, les faits pourraient montrer que vous avez raison, mais s\u2019ils montrent que vous avez tort, vous devez aussi \u00eatre pr\u00eat \u00e0 l\u2019accepter. Au fil des ann\u00e9es, il semblerait que j\u2019ai eu raison sur ce point.<\/p>\n<figure id=\"attachment_32091\" aria-describedby=\"caption-attachment-32091\" style=\"width: 1080px\" class=\"wp-caption aligncenter\"><a href=\"https:\/\/adf-magazine.com\/wp-content\/uploads\/2022\/04\/QandA_AP7801280921_CMYK.jpg\"><img decoding=\"async\" class=\"size-full wp-image-32091\" src=\"https:\/\/adf-magazine.com\/wp-content\/uploads\/2022\/04\/QandA_AP7801280921_CMYK.jpg\" alt=\"\" width=\"1080\" height=\"1561\" srcset=\"https:\/\/adf-magazine.com\/wp-content\/uploads\/2022\/04\/QandA_AP7801280921_CMYK.jpg 1080w, https:\/\/adf-magazine.com\/wp-content\/uploads\/2022\/04\/QandA_AP7801280921_CMYK-300x434.jpg 300w, https:\/\/adf-magazine.com\/wp-content\/uploads\/2022\/04\/QandA_AP7801280921_CMYK-708x1024.jpg 708w, https:\/\/adf-magazine.com\/wp-content\/uploads\/2022\/04\/QandA_AP7801280921_CMYK-768x1110.jpg 768w, https:\/\/adf-magazine.com\/wp-content\/uploads\/2022\/04\/QandA_AP7801280921_CMYK-1063x1536.jpg 1063w\" sizes=\"(max-width: 1080px) 100vw, 1080px\" \/><\/a><figcaption id=\"caption-attachment-32091\" class=\"wp-caption-text\">Le g\u00e9n\u00e9ral Obasanjo, chef d\u2019\u00e9tat du Nigeria, \u00e0 Lagos en 1978 THE ASSOCIATED PRESS<\/figcaption><\/figure>\n<p><i>ADF : Lorsque vous avez \u00e9t\u00e9 lib\u00e9r\u00e9, vous avez fait campagne en tant que civil et vous avez \u00e9t\u00e9 \u00e9lu pr\u00e9sident en 1999. En tant que pr\u00e9sident, vous avez fait du professionnalisme militaire l\u2019une de vos premi\u00e8res priorit\u00e9s. Apr\u00e8s \u00eatre entr\u00e9 en fonction, vous avez forc\u00e9 93 officiers militaires \u00e0 prendre leur retraite. Pourquoi \u00e9tait-ce important et quel est le signal que cela a envoy\u00e9 aux soldats et au pays ?<\/i><\/p>\n<p><b>M. Obasanjo :<\/b> Nous avions ce jeu de chaises musicales, o\u00f9 l\u2019arm\u00e9e limogeait les civils, puis les civils revenaient et l\u2019arm\u00e9e les limogeait \u00e0 nouveau, ainsi de suite. Les gens disaient : \u00ab \u00c9coutez, que peut-on faire pour stopper cette s\u00e9rie de coups d\u2019\u00e9tat ? \u00bb Certains disaient : \u00ab Nous pouvons \u00e9crire dans la constitution que les coups d\u2019\u00e9tat sont une trahison. \u00bb Le probl\u00e8me avec cela, c\u2019est que les auteurs des coups d\u2019\u00e9tat savent bien que c\u2019est une trahison. C\u2019est pourquoi ils ne laissent rien au hasard. J\u2019ai pens\u00e9 qu\u2019en facilitant les choses pour que les gens ne participent pas aux coups d\u2019\u00e9tat, on peut s\u2019assurer que, quelle que soit la dur\u00e9e de l\u2019\u00e9ch\u00e9ancier, les coups d\u2019\u00e9tat ne seront pas b\u00e9n\u00e9fiques pour ceux qui y participent ou qui en obtiennent un maximum d\u2019avantages. Alors c\u2019est plus facile pour les gens de ne pas vouloir de coups d\u2019\u00e9tat. C\u2019est pourquoi j\u2019ai mis ces officiers \u00e0 la retraite. Ce n\u2019\u00e9tait pas parce qu\u2019ils \u00e9taient mauvais par ailleurs : plus tard, nous avons r\u00e9int\u00e9gr\u00e9 certains d\u2019entre eux dans les forces arm\u00e9es, nous en avons nomm\u00e9 d\u2019autres ambassadeurs, nous avons m\u00eame demand\u00e9 \u00e0 certains autres de rejoindre des partis politiques, etc. Certains ont \u00e9t\u00e9 d\u00e9mocratiquement \u00e9lus gouverneurs. Mais les coups d\u2019\u00e9tat ont \u00e9t\u00e9 d\u00e9courag\u00e9s et ils le restent aujourd\u2019hui. L\u2019id\u00e9e, c\u2019est que lorsque vous \u00eates un militaire professionnel, vous devez rester professionnel. D\u00e9dier votre vie \u00e0 servir votre pays et votre peuple et \u00e0 servir l\u2019humanit\u00e9 de cette fa\u00e7on. Si \u00e0 un moment quelconque vous d\u00e9cidez de changer de m\u00e9tier, vous \u00eates libre de le faire. Mais n\u2019utilisez pas les forces arm\u00e9es et le fusil qui vous est donn\u00e9 pour prot\u00e9ger votre pays aux fins de la destruction de ce pays. Ne prenez pas en charge la direction de votre pays sous la menace des armes.<\/p>\n<figure id=\"attachment_32095\" aria-describedby=\"caption-attachment-32095\" style=\"width: 1080px\" class=\"wp-caption aligncenter\"><a href=\"https:\/\/adf-magazine.com\/wp-content\/uploads\/2022\/04\/QandA_GM1DVBZLCJAA_CMYK.jpg\"><img loading=\"lazy\" decoding=\"async\" class=\"size-full wp-image-32095\" src=\"https:\/\/adf-magazine.com\/wp-content\/uploads\/2022\/04\/QandA_GM1DVBZLCJAA_CMYK.jpg\" alt=\"\" width=\"1080\" height=\"692\" srcset=\"https:\/\/adf-magazine.com\/wp-content\/uploads\/2022\/04\/QandA_GM1DVBZLCJAA_CMYK.jpg 1080w, https:\/\/adf-magazine.com\/wp-content\/uploads\/2022\/04\/QandA_GM1DVBZLCJAA_CMYK-300x192.jpg 300w, https:\/\/adf-magazine.com\/wp-content\/uploads\/2022\/04\/QandA_GM1DVBZLCJAA_CMYK-1024x656.jpg 1024w, https:\/\/adf-magazine.com\/wp-content\/uploads\/2022\/04\/QandA_GM1DVBZLCJAA_CMYK-768x492.jpg 768w, https:\/\/adf-magazine.com\/wp-content\/uploads\/2022\/04\/QandA_GM1DVBZLCJAA_CMYK-210x136.jpg 210w\" sizes=\"(max-width: 1080px) 100vw, 1080px\" \/><\/a><figcaption id=\"caption-attachment-32095\" class=\"wp-caption-text\">Le pr\u00e9sident sortant Obasanjo du Nigeria vote dans un lieu de scrutin de sa ville natale d\u2019Abeokuta en 2007. Ces \u00e9lections ont marqu\u00e9 le premier transfert de pouvoir d\u2019un pr\u00e9sident civil \u00e0 un autre. Reuters<\/figcaption><\/figure>\n<p><i>ADF : Comment avez-vous essay\u00e9 d\u2019instituer le professionnalisme militaire au Nigeria lorsque vous \u00e9tiez en fonction :<\/i><\/p>\n<p><b>M. Obasanjo :<\/b> Du fait de mes propres ant\u00e9c\u00e9dents de caserne, depuis le grade de sous-lieutenant \u00e0 celui de g\u00e9n\u00e9ral (deux \u00e9toiles), je sais ce que veut un officier militaire. Il veut \u00eatre bien entra\u00een\u00e9. Il veut \u00eatre bien \u00e9quip\u00e9. Il veut un logement raisonnable. Pendant notre guerre civile, l\u2019arm\u00e9e nig\u00e9riane est pass\u00e9e d\u2019un jour \u00e0 l\u2019autre d\u2019environ 12.000 soldats \u00e0 plus d\u2019un quart de million. L\u2019un des plus grands probl\u00e8mes \u00e9tait le logement et j\u2019ai fait tr\u00e8s attention \u00e0 cela. Nous avons m\u00eame achet\u00e9 des mat\u00e9riaux pr\u00e9fabriqu\u00e9s pour pouvoir construire nos propres casernes. C\u2019\u00e9tait tr\u00e8s important. L\u2019entra\u00eenement l\u2019\u00e9tait aussi. Nous avons fait attention d\u2019assurer une formation au Nigeria et hors du pays. Nous avons \u00e9tabli le premier coll\u00e8ge d\u2019\u00e9tat-major. Nous sommes aussi all\u00e9s jusqu\u2019\u00e0 cr\u00e9er l\u2019Institut national pour la politique et les \u00e9tudes strat\u00e9giques, qui est en partie militaire et en partie civil. Tout cela \u00e9tait une fa\u00e7on de vraiment renforcer le professionnalisme. Une autre chose que nous avons introduite est le financement. Lorsque j\u2019\u00e9tais jeune officier, on pouvait obtenir un pr\u00eat pour acheter une voiture. J\u2019ai r\u00e9tabli cela pour que les jeunes officiers puissent acheter leur propre voiture et repayer le pr\u00eat en cinq ans. Simplement pour leur donner les choses normales de base qui existaient lorsque j\u2019avais commenc\u00e9 ma carri\u00e8re militaire. Elles avaient disparu lorsque les forces arm\u00e9es avaient particip\u00e9 \u00e0 la guerre civile et atteint des effectifs presque incontr\u00f4lables. Tout ce qu\u2019il fallait faire pour renforcer le bien-\u00eatre et la satisfaction des officiers et des soldats \u00e9tait pour eux de se sentir fiers d\u2019\u00eatre des militaires.<\/p>\n<p><i>ADF : Vous avez de longs ant\u00e9c\u00e9dents de m\u00e9diateur et vous avez jou\u00e9 un r\u00f4le dans les conflits en Afrique du Sud, en Angola, au Burundi, au Mozambique, en Namibie, en R\u00e9publique d\u00e9mocratique du Congo et au Tchad. En 2008, vous avez \u00e9t\u00e9 nomm\u00e9 envoy\u00e9 sp\u00e9cial du secr\u00e9taire g\u00e9n\u00e9ral des Nations unies pour la r\u00e9gion des Grands Lacs. Quelles sont les aptitudes et les id\u00e9es sp\u00e9ciales que vous essayez d\u2019utiliser pour arbitrer les conflits ?<\/i><\/p>\n<p><b>M. Obasanjo :<\/b> Mon \u00e9ducation est particuli\u00e8rement utile pour la m\u00e9diation. J\u2019ai \u00e9t\u00e9 \u00e9lev\u00e9 dans une culture o\u00f9 la m\u00e9diation est consid\u00e9r\u00e9e comme faisant partie de la vie et de notre exp\u00e9rience v\u00e9cue. Nous pensons que, o\u00f9 que se trouvent les gens, il y aura toujours quelque chose \u00e0 arbitrer, \u00e0 r\u00e9concilier, \u00e0 apaiser, etc. Un m\u00e9diateur doit entendre toutes les parties et rester absolument neutre. Je ne dis pas que vous n\u2019ayez pas d\u2019\u00e9motion en tant qu\u2019\u00eatre humain, mais ces \u00e9motions doivent \u00eatre ma\u00eetris\u00e9es. Vous devez aussi conna\u00eetre le contexte de tout probl\u00e8me que vous essayez d\u2019arbitrer. Quel est l\u2019historique ? Que s\u2019est-il pass\u00e9 auparavant ? Vous devez conna\u00eetre le minimum que les deux parties accepteront. Il y aura un vide et votre travail doit consister \u00e0 combler progressivement ce vide. Si une partie dit \u00ab J\u2019accepterai cinq \u00bb et l\u2019autre demande dix, comment amener celle qui dit seulement \u00ab cinq \u00bb \u00e0 dire six et celle qui dit \u00ab dix \u00bb \u00e0 dire neuf ? Vous commencez \u00e0 combler le vide. Nous pensons qu\u2019un m\u00e9diateur doit \u00eatre patient. Quoi qu\u2019il arrive, vous l\u2019acceptez sans \u00eatre irrit\u00e9. Les gens parleront contre vous mais vous devez d\u00e9fendre la v\u00e9rit\u00e9. Les gens n\u2019aiment pas en g\u00e9n\u00e9ral entendre cela. Chaque c\u00f4t\u00e9 souhaite penser qu\u2019il a gagn\u00e9 et un bon m\u00e9diateur donnera \u00e0 chacun le sentiment d\u2019avoir gagn\u00e9.<\/p>\n<figure id=\"attachment_32071\" aria-describedby=\"caption-attachment-32071\" style=\"width: 1080px\" class=\"wp-caption aligncenter\"><a href=\"https:\/\/adf-magazine.com\/wp-content\/uploads\/2022\/04\/QandA_1149463615_CMYK.jpg\"><img loading=\"lazy\" decoding=\"async\" class=\"size-full wp-image-32071\" src=\"https:\/\/adf-magazine.com\/wp-content\/uploads\/2022\/04\/QandA_1149463615_CMYK.jpg\" alt=\"\" width=\"1080\" height=\"720\" srcset=\"https:\/\/adf-magazine.com\/wp-content\/uploads\/2022\/04\/QandA_1149463615_CMYK.jpg 1080w, https:\/\/adf-magazine.com\/wp-content\/uploads\/2022\/04\/QandA_1149463615_CMYK-300x200.jpg 300w, https:\/\/adf-magazine.com\/wp-content\/uploads\/2022\/04\/QandA_1149463615_CMYK-1024x683.jpg 1024w, https:\/\/adf-magazine.com\/wp-content\/uploads\/2022\/04\/QandA_1149463615_CMYK-768x512.jpg 768w, https:\/\/adf-magazine.com\/wp-content\/uploads\/2022\/04\/QandA_1149463615_CMYK-272x182.jpg 272w\" sizes=\"(max-width: 1080px) 100vw, 1080px\" \/><\/a><figcaption id=\"caption-attachment-32071\" class=\"wp-caption-text\">Des soldats d\u00e9filent dans Abuja le 12 juin 2019 pendant la c\u00e9l\u00e9bration de la F\u00eate de la D\u00e9mocratie au Nigeria. Cette date comm\u00e9more l\u2019anniversaire des premi\u00e8res \u00e9lections libres du Nigeria. AFP\/GETTY IMAGES<\/figcaption><\/figure>\n<p><i>ADF : Votre carri\u00e8re militaire vous a-t-elle aid\u00e9 ?<\/i><\/p>\n<p><b>M. Obasanjo :<\/b> Dans l\u2019arm\u00e9e, vous apprenez qu\u2019\u00e0 la fin de presque toutes les guerres ou tous les conflits, il y a toujours une n\u00e9gociation, une m\u00e9diation, une discussion, une r\u00e9conciliation. Dans mon propre pays, nous avons men\u00e9 une guerre civile o\u00f9 nous avons d\u00e9truit le pont le plus long que nous avions, la seule raffinerie que nous avions, les deux c\u00f4t\u00e9s ont fait des morts. C\u2019\u00e9tait une guerre que nous n\u2019aurions jamais d\u00fb faire mais \u00e0 la fin nous devions toujours nous r\u00e9concilier. La m\u00e9diation exige des aptitudes bas\u00e9es sur l\u2019exp\u00e9rience, des aptitudes que vous obtenez aupr\u00e8s de la culture du peuple. Dans notre r\u00e9gion du monde, nous disons qu\u2019un m\u00e9diateur devrait \u00eatre pr\u00eat \u00e0 recevoir un coup de poing. Un m\u00e9diateur ne doit pas prendre parti. Bien s\u00fbr, il y a certaines choses que vous apprenez dans l\u2019arm\u00e9e. Par exemple, comment traiter les prisonniers de guerre ? Ces choses que j\u2019ai not\u00e9es au cours des m\u00e9diations sont aussi essentielles. Chaque groupe devrait avoir le sentiment qu\u2019il a quelque chose \u00e0 gagner. Il ne devrait pas y avoir de vainqueur ou de vaincu.<\/p>\n<p><i>ADF : Depuis votre d\u00e9part, l\u2019un des r\u00f4les que vous avez jou\u00e9s sur le continent est celui d\u2019observateur des \u00e9lections, tout derni\u00e8rement en \u00c9thiopie. Pourquoi la surveillance des \u00e9lections est-elle importante pour vous ?<\/i><\/p>\n<p><b>M. Obasanjo :<\/b> La surveillance des \u00e9lections donne, en particulier \u00e0 l\u2019opposition, le sentiment que tout va bien se passer. Elle d\u00e9clare que le groupe ou le parti au pouvoir ne va pas ignorer les circonstances. Elle encourage la paix et la cr\u00e9dibilit\u00e9 des \u00e9lections.<\/p>\n<p>Bien entendu, il n\u2019existe pas d\u2019\u00e9lection qui puisse \u00eatre jamais consid\u00e9r\u00e9e comme absolument parfaite. Peu importe si la mission des observateurs est \u00e9tendue ou m\u00e9ticuleuse, il y aura toujours des choses qu\u2019ils ne pourront pas voir. Mais il y a un sentiment dans le pays selon lequel les missions des observateurs sont engag\u00e9es : si les choses tournent mal, ces gens les d\u00e9nonceront. Je dis toujours aux pays o\u00f9 je me rends pour les missions d\u2019observateur d\u2019\u00e9lection : \u00ab Nous sommes des observateurs ; nous ne sommes pas des interventionnistes. Nous rapporterons ce que nous avons vu, mais nous ne sommes pas des juges. \u00bb Nous offrons aussi des suggestions et des recommandations sur la fa\u00e7on d\u2019am\u00e9liorer les choses. Dans certains cas, cela fonctionne. Au d\u00e9but, je ne voulais pas aller en \u00c9thiopie. Je me demandais : \u00ab \u00c0 quoi va servir une \u00e9lection ? \u00bb L\u2019ambassadeur Moussa Faki, pr\u00e9sident de l\u2019UA, m\u2019a appel\u00e9 et je lui ai dit \u00ab Je suis peu enclin. \u00bb Il m\u2019a demand\u00e9 \u00ab \u00c0 quoi voudriez-vous que serve une \u00e9lection en \u00c9thiopie ? \u00bb J\u2019ai r\u00e9pondu : \u00ab Je voudrais qu\u2019elle ouvre la voie \u00e0 des n\u00e9gociations. Qu\u2019elle ouvre la voie \u00e0 des discussions entre les Tigr\u00e9ens et le gouvernement central et entre les diff\u00e9rents groupes \u00e9thiopiens. \u00bb. Et l\u2019ambassadeur m\u2019a dit : \u00ab Eh bien, c\u2019est pour cela que vous devriez accepter cette responsabilit\u00e9. Si vous \u00eates l\u00e0-bas, vous pourriez \u00eatre capable de les encourager \u00e0 le faire. \u00bb C\u2019est la raison pour laquelle j\u2019y suis all\u00e9 et, dans une certaine mesure, il avait raison. Bien que nous ne soyons pas encore au point o\u00f9 nous devrions \u00eatre en \u00c9thiopie, je crois qu\u2019apr\u00e8s les \u00e9lections tout le monde est plus ou moins d\u00e9sireux de parler. Une mission d\u2019observateur des \u00e9lections ne r\u00e9sout pas tous les probl\u00e8mes mais elle peut \u00eatre utile, mettons-la en \u0153uvre.<\/p>\n<p><i>ADF : Alors que l\u2019Afrique \u00e9merge de la pand\u00e9mie du Covid-19, quel est votre plus grand espoir pour cette g\u00e9n\u00e9ration de leaders du secteur de la s\u00e9curit\u00e9 et de leaders civils ? Comment devraient-ils saisir cette opportunit\u00e9 ? Avez-vous des conseils ?<\/i><\/p>\n<p><b>M. Obasanjo :<\/b> Il existe un certain nombre de choses \u00e0 l\u2019avenir et il y a des outils pour nous guider. Nous avons la Vision pour l\u2019Afrique 2030 de l\u2019ONU ; nous avons le programme l\u2019Afrique que nous voulons en 2063. Nous avons des d\u00e9fis qui existent pour nous tous. Nous avons le d\u00e9fi du changement climatique, les d\u00e9fis de s\u00e9curit\u00e9 dans toute l\u2019Afrique, le terrorisme local, le terrorisme international, la mauvaise gestion de nos \u00e9conomies, la mauvaise gouvernance et, en plus de tout, nous avons la pand\u00e9mie de Covid-19. Que puis-je dire ? Bien que les choses paraissent sombres, si nous \u0153uvrons ensemble nationalement, r\u00e9gionalement et sur l\u2019ensemble du continent, je pense que nous nous en sortirons ensemble plut\u00f4t que de nous noyer individuellement. Ce dont nous avons besoin n\u2019est pas hors de port\u00e9e. Nous devons r\u00e9aliser que le monde dans lequel nous vivons ne va pas tout nous donner sur un plateau d\u2019or. Nous devons lutter. Nous devons faire savoir au monde que nous faisons partie de ce monde et que nous travaillerons dur pour obtenir ce dont nous avons besoin. Nous pouvons le faire ensemble au sein de nos communaut\u00e9s, ensemble dans notre nation et ensemble sur le continent. Il doit exister un partenariat en Afrique, une int\u00e9gration en particulier sur le plan \u00e9conomique et un partenariat entre l\u2019Afrique et le reste du monde. Les jeunes doivent r\u00e9aliser que personne ne devrait leur dire qu\u2019ils sont les leaders de demain. Moi, je leur dirais \u00ab votre leadership commence aujourd\u2019hui \u00bb. Sinon, certains vont d\u00e9truire leur avenir. Ils doivent en faire partie aujourd\u2019hui, pour que leurs lendemains ne soient pas d\u00e9truits.<span class=\"Apple-converted-space\">\u00a0\u00a0<\/span><\/p>\n","protected":false},"excerpt":{"rendered":"<p>Appel\u00e9 affectueusement le \u00ab Baba de l\u2019Afrique \u00bb ou le \u00ab p\u00e8re de l\u2019Afrique \u00bb, Olusegun Obasanjo est un officier militaire, homme d\u2019\u00e9tat, pacificateur et d\u00e9fenseur des droits humains. N\u00e9 en 1937 dans le Sud-Ouest du Nigeria, il passe plus de vingt ans dans les forces arm\u00e9es et atteint le grade de g\u00e9n\u00e9ral (deux \u00e9toiles).<\/p>\n","protected":false},"author":1,"featured_media":32075,"comment_status":"open","ping_status":"open","sticky":false,"template":"","format":"standard","meta":{"_acf_changed":false,"_monsterinsights_skip_tracking":false,"_monsterinsights_sitenote_active":false,"_monsterinsights_sitenote_note":"","_monsterinsights_sitenote_category":0,"_uf_show_specific_survey":0,"_uf_disable_surveys":false,"footnotes":""},"categories":[42],"tags":[698,699,435,996],"class_list":{"0":"post-32615","1":"post","2":"type-post","3":"status-publish","4":"format-standard","5":"has-post-thumbnail","7":"category-articles","8":"tag-coups-detat","9":"tag-elections-fr","10":"tag-nigeria-fr","11":"tag-questions-reponses"},"acf":[],"yoast_head":"<!-- This site is optimized with the Yoast SEO plugin v27.4 - https:\/\/yoast.com\/product\/yoast-seo-wordpress\/ -->\n<title>D\u00e9fendez Quelque Chose Ou Laissez Tout Tomber - Africa Defense Forum<\/title>\n<meta name=\"robots\" content=\"index, follow, max-snippet:-1, max-image-preview:large, max-video-preview:-1\" \/>\n<link rel=\"canonical\" href=\"https:\/\/adf-magazine.com\/fr\/2022\/05\/defendez-quelque-chose-ou-laissez-tout-tomber\/\" \/>\n<meta property=\"og:locale\" content=\"fr_FR\" \/>\n<meta property=\"og:type\" content=\"article\" \/>\n<meta property=\"og:title\" content=\"D\u00e9fendez Quelque Chose Ou Laissez Tout Tomber - Africa Defense Forum\" \/>\n<meta property=\"og:description\" content=\"Appel\u00e9 affectueusement le \u00ab Baba de l\u2019Afrique \u00bb ou le \u00ab p\u00e8re de l\u2019Afrique \u00bb, Olusegun Obasanjo est un officier militaire, homme d\u2019\u00e9tat, pacificateur et d\u00e9fenseur des droits humains. N\u00e9 en 1937 dans le Sud-Ouest du Nigeria, il passe plus de vingt ans dans les forces arm\u00e9es et atteint le grade de g\u00e9n\u00e9ral (deux \u00e9toiles).\" \/>\n<meta property=\"og:url\" content=\"https:\/\/adf-magazine.com\/fr\/2022\/05\/defendez-quelque-chose-ou-laissez-tout-tomber\/\" \/>\n<meta property=\"og:site_name\" content=\"Africa Defense Forum\" \/>\n<meta property=\"article:publisher\" content=\"https:\/\/www.facebook.com\/ADFmagazine\/\" \/>\n<meta property=\"article:published_time\" content=\"2022-05-09T13:10:17+00:00\" \/>\n<meta property=\"article:modified_time\" content=\"2022-05-09T21:28:42+00:00\" \/>\n<meta property=\"og:image\" content=\"https:\/\/adf-magazine.com\/wp-content\/uploads\/2022\/04\/QandA_GM1DVBZLCJAA_CMYK.jpg\" \/>\n\t<meta property=\"og:image:width\" content=\"1080\" \/>\n\t<meta property=\"og:image:height\" content=\"692\" \/>\n\t<meta property=\"og:image:type\" content=\"image\/jpeg\" \/>\n<meta name=\"author\" content=\"ADF\" \/>\n<meta name=\"twitter:card\" content=\"summary_large_image\" \/>\n<meta name=\"twitter:image\" content=\"https:\/\/adf-magazine.com\/wp-content\/uploads\/2022\/04\/QandA_GM1DVBZLCJAA_CMYK.jpg\" \/>\n<meta name=\"twitter:creator\" content=\"@ADFmagazine\" \/>\n<meta name=\"twitter:site\" content=\"@ADFmagazine\" \/>\n<meta name=\"twitter:label1\" content=\"\u00c9crit par\" \/>\n\t<meta name=\"twitter:data1\" content=\"ADF\" \/>\n\t<meta name=\"twitter:label2\" content=\"Dur\u00e9e de lecture estim\u00e9e\" \/>\n\t<meta name=\"twitter:data2\" content=\"14 minutes\" \/>\n<script type=\"application\/ld+json\" class=\"yoast-schema-graph\">{\"@context\":\"https:\\\/\\\/schema.org\",\"@graph\":[{\"@type\":\"Article\",\"@id\":\"https:\\\/\\\/adf-magazine.com\\\/fr\\\/2022\\\/05\\\/defendez-quelque-chose-ou-laissez-tout-tomber\\\/#article\",\"isPartOf\":{\"@id\":\"https:\\\/\\\/adf-magazine.com\\\/fr\\\/2022\\\/05\\\/defendez-quelque-chose-ou-laissez-tout-tomber\\\/\"},\"author\":{\"name\":\"ADF\",\"@id\":\"https:\\\/\\\/adf-magazine.com\\\/#\\\/schema\\\/person\\\/f266a6061389568b5a11465bb38bc025\"},\"headline\":\"D\u00e9fendez Quelque Chose Ou Laissez Tout Tomber\",\"datePublished\":\"2022-05-09T13:10:17+00:00\",\"dateModified\":\"2022-05-09T21:28:42+00:00\",\"mainEntityOfPage\":{\"@id\":\"https:\\\/\\\/adf-magazine.com\\\/fr\\\/2022\\\/05\\\/defendez-quelque-chose-ou-laissez-tout-tomber\\\/\"},\"wordCount\":3285,\"commentCount\":0,\"image\":{\"@id\":\"https:\\\/\\\/adf-magazine.com\\\/fr\\\/2022\\\/05\\\/defendez-quelque-chose-ou-laissez-tout-tomber\\\/#primaryimage\"},\"thumbnailUrl\":\"https:\\\/\\\/adf-magazine.com\\\/wp-content\\\/uploads\\\/2022\\\/04\\\/QandA_1180331072_CMYK.jpg\",\"keywords\":[\"coups d\u2019\u00e9tat\",\"elections\",\"Nigeria\",\"Questions-R\u00e9ponses\"],\"articleSection\":[\"articles\"],\"inLanguage\":\"fr-FR\",\"potentialAction\":[{\"@type\":\"CommentAction\",\"name\":\"Comment\",\"target\":[\"https:\\\/\\\/adf-magazine.com\\\/fr\\\/2022\\\/05\\\/defendez-quelque-chose-ou-laissez-tout-tomber\\\/#respond\"]}]},{\"@type\":\"WebPage\",\"@id\":\"https:\\\/\\\/adf-magazine.com\\\/fr\\\/2022\\\/05\\\/defendez-quelque-chose-ou-laissez-tout-tomber\\\/\",\"url\":\"https:\\\/\\\/adf-magazine.com\\\/fr\\\/2022\\\/05\\\/defendez-quelque-chose-ou-laissez-tout-tomber\\\/\",\"name\":\"D\u00e9fendez Quelque Chose Ou Laissez Tout Tomber - Africa Defense Forum\",\"isPartOf\":{\"@id\":\"https:\\\/\\\/adf-magazine.com\\\/#website\"},\"primaryImageOfPage\":{\"@id\":\"https:\\\/\\\/adf-magazine.com\\\/fr\\\/2022\\\/05\\\/defendez-quelque-chose-ou-laissez-tout-tomber\\\/#primaryimage\"},\"image\":{\"@id\":\"https:\\\/\\\/adf-magazine.com\\\/fr\\\/2022\\\/05\\\/defendez-quelque-chose-ou-laissez-tout-tomber\\\/#primaryimage\"},\"thumbnailUrl\":\"https:\\\/\\\/adf-magazine.com\\\/wp-content\\\/uploads\\\/2022\\\/04\\\/QandA_1180331072_CMYK.jpg\",\"datePublished\":\"2022-05-09T13:10:17+00:00\",\"dateModified\":\"2022-05-09T21:28:42+00:00\",\"author\":{\"@id\":\"https:\\\/\\\/adf-magazine.com\\\/#\\\/schema\\\/person\\\/f266a6061389568b5a11465bb38bc025\"},\"breadcrumb\":{\"@id\":\"https:\\\/\\\/adf-magazine.com\\\/fr\\\/2022\\\/05\\\/defendez-quelque-chose-ou-laissez-tout-tomber\\\/#breadcrumb\"},\"inLanguage\":\"fr-FR\",\"potentialAction\":[{\"@type\":\"ReadAction\",\"target\":[\"https:\\\/\\\/adf-magazine.com\\\/fr\\\/2022\\\/05\\\/defendez-quelque-chose-ou-laissez-tout-tomber\\\/\"]}]},{\"@type\":\"ImageObject\",\"inLanguage\":\"fr-FR\",\"@id\":\"https:\\\/\\\/adf-magazine.com\\\/fr\\\/2022\\\/05\\\/defendez-quelque-chose-ou-laissez-tout-tomber\\\/#primaryimage\",\"url\":\"https:\\\/\\\/adf-magazine.com\\\/wp-content\\\/uploads\\\/2022\\\/04\\\/QandA_1180331072_CMYK.jpg\",\"contentUrl\":\"https:\\\/\\\/adf-magazine.com\\\/wp-content\\\/uploads\\\/2022\\\/04\\\/QandA_1180331072_CMYK.jpg\",\"width\":1080,\"height\":706},{\"@type\":\"BreadcrumbList\",\"@id\":\"https:\\\/\\\/adf-magazine.com\\\/fr\\\/2022\\\/05\\\/defendez-quelque-chose-ou-laissez-tout-tomber\\\/#breadcrumb\",\"itemListElement\":[{\"@type\":\"ListItem\",\"position\":1,\"name\":\"page d\u2019accueil\",\"item\":\"https:\\\/\\\/adf-magazine.com\\\/\"},{\"@type\":\"ListItem\",\"position\":2,\"name\":\"D\u00e9fendez Quelque Chose Ou Laissez Tout Tomber\"}]},{\"@type\":\"WebSite\",\"@id\":\"https:\\\/\\\/adf-magazine.com\\\/#website\",\"url\":\"https:\\\/\\\/adf-magazine.com\\\/\",\"name\":\"Africa Defense Forum\",\"description\":\"Africa Defense Forum\",\"potentialAction\":[{\"@type\":\"SearchAction\",\"target\":{\"@type\":\"EntryPoint\",\"urlTemplate\":\"https:\\\/\\\/adf-magazine.com\\\/?s={search_term_string}\"},\"query-input\":{\"@type\":\"PropertyValueSpecification\",\"valueRequired\":true,\"valueName\":\"search_term_string\"}}],\"inLanguage\":\"fr-FR\"},{\"@type\":\"Person\",\"@id\":\"https:\\\/\\\/adf-magazine.com\\\/#\\\/schema\\\/person\\\/f266a6061389568b5a11465bb38bc025\",\"name\":\"ADF\",\"image\":{\"@type\":\"ImageObject\",\"inLanguage\":\"fr-FR\",\"@id\":\"https:\\\/\\\/adf-magazine.com\\\/wp-content\\\/uploads\\\/2020\\\/05\\\/cropped-ADF_icon.jpg\",\"url\":\"https:\\\/\\\/adf-magazine.com\\\/wp-content\\\/uploads\\\/2020\\\/05\\\/cropped-ADF_icon.jpg\",\"contentUrl\":\"https:\\\/\\\/adf-magazine.com\\\/wp-content\\\/uploads\\\/2020\\\/05\\\/cropped-ADF_icon.jpg\",\"caption\":\"ADF\"},\"description\":\"ADF is a professional military magazine published quarterly by U.S. Africa Command to provide an international forum for African security professionals. ADF covers topics such as counter terrorism strategies, security and defense operations, transnational crime, and all other issues affecting peace, stability, and good governance on the African continent.\",\"sameAs\":[\"https:\\\/\\\/x.com\\\/ADFmagazine\"],\"url\":\"https:\\\/\\\/adf-magazine.com\\\/fr\\\/author\\\/adf\\\/\"}]}<\/script>\n<!-- \/ Yoast SEO plugin. -->","yoast_head_json":{"title":"D\u00e9fendez Quelque Chose Ou Laissez Tout Tomber - Africa Defense Forum","robots":{"index":"index","follow":"follow","max-snippet":"max-snippet:-1","max-image-preview":"max-image-preview:large","max-video-preview":"max-video-preview:-1"},"canonical":"https:\/\/adf-magazine.com\/fr\/2022\/05\/defendez-quelque-chose-ou-laissez-tout-tomber\/","og_locale":"fr_FR","og_type":"article","og_title":"D\u00e9fendez Quelque Chose Ou Laissez Tout Tomber - Africa Defense Forum","og_description":"Appel\u00e9 affectueusement le \u00ab Baba de l\u2019Afrique \u00bb ou le \u00ab p\u00e8re de l\u2019Afrique \u00bb, Olusegun Obasanjo est un officier militaire, homme d\u2019\u00e9tat, pacificateur et d\u00e9fenseur des droits humains. N\u00e9 en 1937 dans le Sud-Ouest du Nigeria, il passe plus de vingt ans dans les forces arm\u00e9es et atteint le grade de g\u00e9n\u00e9ral (deux \u00e9toiles).","og_url":"https:\/\/adf-magazine.com\/fr\/2022\/05\/defendez-quelque-chose-ou-laissez-tout-tomber\/","og_site_name":"Africa Defense Forum","article_publisher":"https:\/\/www.facebook.com\/ADFmagazine\/","article_published_time":"2022-05-09T13:10:17+00:00","article_modified_time":"2022-05-09T21:28:42+00:00","og_image":[{"width":1080,"height":692,"url":"https:\/\/adf-magazine.com\/wp-content\/uploads\/2022\/04\/QandA_GM1DVBZLCJAA_CMYK.jpg","type":"image\/jpeg"}],"author":"ADF","twitter_card":"summary_large_image","twitter_image":"https:\/\/adf-magazine.com\/wp-content\/uploads\/2022\/04\/QandA_GM1DVBZLCJAA_CMYK.jpg","twitter_creator":"@ADFmagazine","twitter_site":"@ADFmagazine","twitter_misc":{"\u00c9crit par":"ADF","Dur\u00e9e de lecture estim\u00e9e":"14 minutes"},"schema":{"@context":"https:\/\/schema.org","@graph":[{"@type":"Article","@id":"https:\/\/adf-magazine.com\/fr\/2022\/05\/defendez-quelque-chose-ou-laissez-tout-tomber\/#article","isPartOf":{"@id":"https:\/\/adf-magazine.com\/fr\/2022\/05\/defendez-quelque-chose-ou-laissez-tout-tomber\/"},"author":{"name":"ADF","@id":"https:\/\/adf-magazine.com\/#\/schema\/person\/f266a6061389568b5a11465bb38bc025"},"headline":"D\u00e9fendez Quelque Chose Ou Laissez Tout Tomber","datePublished":"2022-05-09T13:10:17+00:00","dateModified":"2022-05-09T21:28:42+00:00","mainEntityOfPage":{"@id":"https:\/\/adf-magazine.com\/fr\/2022\/05\/defendez-quelque-chose-ou-laissez-tout-tomber\/"},"wordCount":3285,"commentCount":0,"image":{"@id":"https:\/\/adf-magazine.com\/fr\/2022\/05\/defendez-quelque-chose-ou-laissez-tout-tomber\/#primaryimage"},"thumbnailUrl":"https:\/\/adf-magazine.com\/wp-content\/uploads\/2022\/04\/QandA_1180331072_CMYK.jpg","keywords":["coups d\u2019\u00e9tat","elections","Nigeria","Questions-R\u00e9ponses"],"articleSection":["articles"],"inLanguage":"fr-FR","potentialAction":[{"@type":"CommentAction","name":"Comment","target":["https:\/\/adf-magazine.com\/fr\/2022\/05\/defendez-quelque-chose-ou-laissez-tout-tomber\/#respond"]}]},{"@type":"WebPage","@id":"https:\/\/adf-magazine.com\/fr\/2022\/05\/defendez-quelque-chose-ou-laissez-tout-tomber\/","url":"https:\/\/adf-magazine.com\/fr\/2022\/05\/defendez-quelque-chose-ou-laissez-tout-tomber\/","name":"D\u00e9fendez Quelque Chose Ou Laissez Tout Tomber - Africa Defense Forum","isPartOf":{"@id":"https:\/\/adf-magazine.com\/#website"},"primaryImageOfPage":{"@id":"https:\/\/adf-magazine.com\/fr\/2022\/05\/defendez-quelque-chose-ou-laissez-tout-tomber\/#primaryimage"},"image":{"@id":"https:\/\/adf-magazine.com\/fr\/2022\/05\/defendez-quelque-chose-ou-laissez-tout-tomber\/#primaryimage"},"thumbnailUrl":"https:\/\/adf-magazine.com\/wp-content\/uploads\/2022\/04\/QandA_1180331072_CMYK.jpg","datePublished":"2022-05-09T13:10:17+00:00","dateModified":"2022-05-09T21:28:42+00:00","author":{"@id":"https:\/\/adf-magazine.com\/#\/schema\/person\/f266a6061389568b5a11465bb38bc025"},"breadcrumb":{"@id":"https:\/\/adf-magazine.com\/fr\/2022\/05\/defendez-quelque-chose-ou-laissez-tout-tomber\/#breadcrumb"},"inLanguage":"fr-FR","potentialAction":[{"@type":"ReadAction","target":["https:\/\/adf-magazine.com\/fr\/2022\/05\/defendez-quelque-chose-ou-laissez-tout-tomber\/"]}]},{"@type":"ImageObject","inLanguage":"fr-FR","@id":"https:\/\/adf-magazine.com\/fr\/2022\/05\/defendez-quelque-chose-ou-laissez-tout-tomber\/#primaryimage","url":"https:\/\/adf-magazine.com\/wp-content\/uploads\/2022\/04\/QandA_1180331072_CMYK.jpg","contentUrl":"https:\/\/adf-magazine.com\/wp-content\/uploads\/2022\/04\/QandA_1180331072_CMYK.jpg","width":1080,"height":706},{"@type":"BreadcrumbList","@id":"https:\/\/adf-magazine.com\/fr\/2022\/05\/defendez-quelque-chose-ou-laissez-tout-tomber\/#breadcrumb","itemListElement":[{"@type":"ListItem","position":1,"name":"page d\u2019accueil","item":"https:\/\/adf-magazine.com\/"},{"@type":"ListItem","position":2,"name":"D\u00e9fendez Quelque Chose Ou Laissez Tout Tomber"}]},{"@type":"WebSite","@id":"https:\/\/adf-magazine.com\/#website","url":"https:\/\/adf-magazine.com\/","name":"Africa Defense Forum","description":"Africa Defense Forum","potentialAction":[{"@type":"SearchAction","target":{"@type":"EntryPoint","urlTemplate":"https:\/\/adf-magazine.com\/?s={search_term_string}"},"query-input":{"@type":"PropertyValueSpecification","valueRequired":true,"valueName":"search_term_string"}}],"inLanguage":"fr-FR"},{"@type":"Person","@id":"https:\/\/adf-magazine.com\/#\/schema\/person\/f266a6061389568b5a11465bb38bc025","name":"ADF","image":{"@type":"ImageObject","inLanguage":"fr-FR","@id":"https:\/\/adf-magazine.com\/wp-content\/uploads\/2020\/05\/cropped-ADF_icon.jpg","url":"https:\/\/adf-magazine.com\/wp-content\/uploads\/2020\/05\/cropped-ADF_icon.jpg","contentUrl":"https:\/\/adf-magazine.com\/wp-content\/uploads\/2020\/05\/cropped-ADF_icon.jpg","caption":"ADF"},"description":"ADF is a professional military magazine published quarterly by U.S. Africa Command to provide an international forum for African security professionals. ADF covers topics such as counter terrorism strategies, security and defense operations, transnational crime, and all other issues affecting peace, stability, and good governance on the African continent.","sameAs":["https:\/\/x.com\/ADFmagazine"],"url":"https:\/\/adf-magazine.com\/fr\/author\/adf\/"}]}},"_links":{"self":[{"href":"https:\/\/adf-magazine.com\/fr\/wp-json\/wp\/v2\/posts\/32615","targetHints":{"allow":["GET"]}}],"collection":[{"href":"https:\/\/adf-magazine.com\/fr\/wp-json\/wp\/v2\/posts"}],"about":[{"href":"https:\/\/adf-magazine.com\/fr\/wp-json\/wp\/v2\/types\/post"}],"author":[{"embeddable":true,"href":"https:\/\/adf-magazine.com\/fr\/wp-json\/wp\/v2\/users\/1"}],"replies":[{"embeddable":true,"href":"https:\/\/adf-magazine.com\/fr\/wp-json\/wp\/v2\/comments?post=32615"}],"version-history":[{"count":0,"href":"https:\/\/adf-magazine.com\/fr\/wp-json\/wp\/v2\/posts\/32615\/revisions"}],"wp:featuredmedia":[{"embeddable":true,"href":"https:\/\/adf-magazine.com\/fr\/wp-json\/wp\/v2\/media\/32075"}],"wp:attachment":[{"href":"https:\/\/adf-magazine.com\/fr\/wp-json\/wp\/v2\/media?parent=32615"}],"wp:term":[{"taxonomy":"category","embeddable":true,"href":"https:\/\/adf-magazine.com\/fr\/wp-json\/wp\/v2\/categories?post=32615"},{"taxonomy":"post_tag","embeddable":true,"href":"https:\/\/adf-magazine.com\/fr\/wp-json\/wp\/v2\/tags?post=32615"}],"curies":[{"name":"wp","href":"https:\/\/api.w.org\/{rel}","templated":true}]}}