{"id":29325,"date":"2021-12-15T10:34:28","date_gmt":"2021-12-15T15:34:28","guid":{"rendered":"https:\/\/adf-magazine.com\/?p=29325"},"modified":"2021-12-15T10:34:55","modified_gmt":"2021-12-15T15:34:55","slug":"le-nouvel-accord-de-gouvernement-du-soudan-ne-satisfait-pas-les-defenseurs-de-la-democratie","status":"publish","type":"post","link":"https:\/\/adf-magazine.com\/fr\/2021\/12\/le-nouvel-accord-de-gouvernement-du-soudan-ne-satisfait-pas-les-defenseurs-de-la-democratie\/","title":{"rendered":"Le nouvel accord de gouvernement du Soudan ne satisfait pas les d\u00e9fenseurs de la d\u00e9mocratie"},"content":{"rendered":"<p>PERSONNEL D\u2019ADF<\/p>\n<p>Les membres du mouvement protestataire au Soudan d\u00e9noncent un accord r\u00e9vis\u00e9 de partage du pouvoir r\u00e9cemment conclu par les forces arm\u00e9es du pays et le leadership civil. Beaucoup esp\u00e9raient que l\u2019accord mettrait le pays sur la voie de la d\u00e9mocratie mais craignent maintenant qu\u2019il ne permette aux militaires de maintenir leur emprise sur la nation.<\/p>\n<p>Le nouvel accord a \u00e9t\u00e9 sign\u00e9 \u00e0 la fin novembre par le Premier ministre Abdalla Hamdok et le g\u00e9n\u00e9ral Abdel Fattah al-Burhan un mois environ apr\u00e8s le coup d\u2019\u00c9tat militaire dirig\u00e9 par ce dernier, au cours duquel M. Hamdok et les membres civils du Conseil de souverainet\u00e9 du pays avaient \u00e9t\u00e9 arr\u00eat\u00e9s.<\/p>\n<p>Cet accord de quatorze points cr\u00e9e un nouveau Conseil de souverainet\u00e9\u00a0; Abdalla Hamdok est reconduit dans ses fonctions mais certains pensent que sa situation est politiquement affaiblie. Le plan soutient l\u2019accord de paix de Juba, lib\u00e8re les prisonniers politiques et \u00e9tablit un conseil l\u00e9gislatif. Il demande aussi la r\u00e9forme du Comit\u00e9 de d\u00e9mant\u00e8lement charg\u00e9 de r\u00e9cup\u00e9rer la terre et les ressources naturelles acquises ill\u00e9galement par l\u2019ex-dictateur Omar el-Beshir et ses acolytes.<\/p>\n<p>Pendant la c\u00e9r\u00e9monie de signature, Abdalla Hamdok a d\u00e9clar\u00e9 qu\u2019il \u00e9tait en faveur de l\u2019accord comme moyen d\u2019\u00e9viter d\u2019enfoncer plus encore le Soudan dans le conflit politique.<\/p>\n<p>\u00ab\u00a0Nous pouvons tous emp\u00eacher notre pays de plonger dans l\u2019inconnu\u00a0\u00bb, a-t-il dit.<\/p>\n<p>La date de transition vers un r\u00e9gime civil est omise de l\u2019accord. Les analystes sugg\u00e8rent que cela pourrait permettre aux forces arm\u00e9es de rester au pouvoir ind\u00e9finiment.<\/p>\n<p>Le manque d\u2019un calendrier de transition vers un r\u00e9gime pleinement civil a aliment\u00e9 les manifestations g\u00e9n\u00e9ralis\u00e9es contre les militaires.<\/p>\n<p>\u00ab\u00a0L\u2019exigence centrale des manifestants dans la rue n\u2019\u00e9tait pas de lib\u00e9rer Hamdok, mais d\u2019\u00e9liminer les militaires de la politique\u00a0\u00bb, \u00e9crit Kholood Khair, directrice associ\u00e9e du groupe de r\u00e9flexion Insight Strategy Partners bas\u00e9 \u00e0 Khartoum, sur Twitter.<\/p>\n<p>Kholood Khair explique que l\u2019accord r\u00e9vis\u00e9 \u00ab\u00a0dissimule\u00a0\u00bb le coup d\u2019\u00c9tat pour r\u00e9duire la pression internationale sur le g\u00e9n\u00e9ral et ses sympathisants.<\/p>\n<p>Le nouvel accord n\u2019inclut aucun r\u00f4le pour l\u2019Alliance pour la libert\u00e9 et le changement (FFC), coalition qui soutenait M. Hamdok. En \u00e9liminant la FFC de l\u2019accord r\u00e9vis\u00e9, les forces du g\u00e9n\u00e9ral ont effectivement isol\u00e9 le Premier ministre, qui d\u00e9pend maintenant de l\u2019arm\u00e9e pour sa survie politique, selon Mme Khair.<\/p>\n<p>\u00ab\u00a0Sans pare-choc entre le PM et l\u2019arm\u00e9e, il est sujet, non pas \u00e0 une pression militaire moins forte, mais \u00e0 une plus forte\u00a0\u00bb, \u00e9crit-elle.<\/p>\n<p>Le g\u00e9n\u00e9ral al-Burhan \u00e9tait pr\u00e9sident du Conseil de souverainet\u00e9 conjoint militaire\/civil \u00e9tabli pour gouverner le pays apr\u00e8s le renversement d\u2019Omar el-Beshir en 2019.<\/p>\n","protected":false},"excerpt":{"rendered":"<p>PERSONNEL D\u2019ADF Les membres du mouvement protestataire au Soudan d\u00e9noncent un accord r\u00e9vis\u00e9 de partage du pouvoir r\u00e9cemment conclu par les forces arm\u00e9es du pays et le leadership civil. Beaucoup esp\u00e9raient que l\u2019accord mettrait le pays sur la voie de la d\u00e9mocratie mais craignent maintenant qu\u2019il ne permette aux militaires de maintenir leur emprise sur<\/p>\n","protected":false},"author":1,"featured_media":29318,"comment_status":"open","ping_status":"open","sticky":false,"template":"","format":"standard","meta":{"_acf_changed":false,"_monsterinsights_skip_tracking":false,"_monsterinsights_sitenote_active":false,"_monsterinsights_sitenote_note":"","_monsterinsights_sitenote_category":0,"_uf_show_specific_survey":0,"_uf_disable_surveys":false,"footnotes":""},"categories":[331],"tags":[698,699,643],"class_list":{"0":"post-29325","1":"post","2":"type-post","3":"status-publish","4":"format-standard","5":"has-post-thumbnail","7":"category-dernieres-nouvelles","8":"tag-coups-detat","9":"tag-elections-fr","10":"tag-soudan"},"acf":[],"yoast_head":"<!-- This site is optimized with the Yoast SEO plugin v27.5 - https:\/\/yoast.com\/product\/yoast-seo-wordpress\/ -->\n<title>Le nouvel accord de gouvernement du Soudan ne satisfait pas les d\u00e9fenseurs de la d\u00e9mocratie - Africa Defense Forum<\/title>\n<meta name=\"robots\" content=\"index, follow, max-snippet:-1, max-image-preview:large, max-video-preview:-1\" \/>\n<link rel=\"canonical\" href=\"https:\/\/adf-magazine.com\/fr\/2021\/12\/le-nouvel-accord-de-gouvernement-du-soudan-ne-satisfait-pas-les-defenseurs-de-la-democratie\/\" \/>\n<meta property=\"og:locale\" content=\"fr_FR\" \/>\n<meta property=\"og:type\" content=\"article\" \/>\n<meta property=\"og:title\" content=\"Le nouvel accord de gouvernement du Soudan ne satisfait pas les d\u00e9fenseurs de la d\u00e9mocratie - Africa Defense Forum\" \/>\n<meta property=\"og:description\" content=\"PERSONNEL D\u2019ADF Les membres du mouvement protestataire au Soudan d\u00e9noncent un accord r\u00e9vis\u00e9 de partage du pouvoir r\u00e9cemment conclu par les forces arm\u00e9es du pays et le leadership civil. Beaucoup esp\u00e9raient que l\u2019accord mettrait le pays sur la voie de la d\u00e9mocratie mais craignent maintenant qu\u2019il ne permette aux militaires de maintenir leur emprise sur\" \/>\n<meta property=\"og:url\" content=\"https:\/\/adf-magazine.com\/fr\/2021\/12\/le-nouvel-accord-de-gouvernement-du-soudan-ne-satisfait-pas-les-defenseurs-de-la-democratie\/\" \/>\n<meta property=\"og:site_name\" content=\"Africa Defense Forum\" \/>\n<meta property=\"article:publisher\" content=\"https:\/\/www.facebook.com\/ADFmagazine\/\" \/>\n<meta property=\"article:published_time\" content=\"2021-12-15T15:34:28+00:00\" \/>\n<meta property=\"article:modified_time\" content=\"2021-12-15T15:34:55+00:00\" \/>\n<meta property=\"og:image\" content=\"https:\/\/adf-magazine.com\/wp-content\/uploads\/2021\/12\/GettyImages-1237055032.jpg\" \/>\n\t<meta property=\"og:image:width\" content=\"1080\" \/>\n\t<meta property=\"og:image:height\" content=\"720\" \/>\n\t<meta property=\"og:image:type\" content=\"image\/jpeg\" \/>\n<meta name=\"author\" content=\"ADF\" \/>\n<meta name=\"twitter:card\" content=\"summary_large_image\" \/>\n<meta name=\"twitter:creator\" content=\"@ADFmagazine\" \/>\n<meta name=\"twitter:site\" content=\"@ADFmagazine\" \/>\n<meta name=\"twitter:label1\" content=\"\u00c9crit par\" \/>\n\t<meta name=\"twitter:data1\" content=\"ADF\" \/>\n\t<meta name=\"twitter:label2\" content=\"Dur\u00e9e de lecture estim\u00e9e\" \/>\n\t<meta name=\"twitter:data2\" content=\"2 minutes\" \/>\n<script type=\"application\/ld+json\" class=\"yoast-schema-graph\">{\"@context\":\"https:\\\/\\\/schema.org\",\"@graph\":[{\"@type\":\"Article\",\"@id\":\"https:\\\/\\\/adf-magazine.com\\\/fr\\\/2021\\\/12\\\/le-nouvel-accord-de-gouvernement-du-soudan-ne-satisfait-pas-les-defenseurs-de-la-democratie\\\/#article\",\"isPartOf\":{\"@id\":\"https:\\\/\\\/adf-magazine.com\\\/fr\\\/2021\\\/12\\\/le-nouvel-accord-de-gouvernement-du-soudan-ne-satisfait-pas-les-defenseurs-de-la-democratie\\\/\"},\"author\":{\"name\":\"ADF\",\"@id\":\"https:\\\/\\\/adf-magazine.com\\\/#\\\/schema\\\/person\\\/f266a6061389568b5a11465bb38bc025\"},\"headline\":\"Le nouvel accord de gouvernement du Soudan ne satisfait pas les d\u00e9fenseurs de la d\u00e9mocratie\",\"datePublished\":\"2021-12-15T15:34:28+00:00\",\"dateModified\":\"2021-12-15T15:34:55+00:00\",\"mainEntityOfPage\":{\"@id\":\"https:\\\/\\\/adf-magazine.com\\\/fr\\\/2021\\\/12\\\/le-nouvel-accord-de-gouvernement-du-soudan-ne-satisfait-pas-les-defenseurs-de-la-democratie\\\/\"},\"wordCount\":505,\"commentCount\":0,\"image\":{\"@id\":\"https:\\\/\\\/adf-magazine.com\\\/fr\\\/2021\\\/12\\\/le-nouvel-accord-de-gouvernement-du-soudan-ne-satisfait-pas-les-defenseurs-de-la-democratie\\\/#primaryimage\"},\"thumbnailUrl\":\"https:\\\/\\\/adf-magazine.com\\\/wp-content\\\/uploads\\\/2021\\\/12\\\/GettyImages-1237055032.jpg\",\"keywords\":[\"coups d\u2019\u00e9tat\",\"elections\",\"Soudan\"],\"articleSection\":[\"Actualit\u00e9s du Jour\"],\"inLanguage\":\"fr-FR\",\"potentialAction\":[{\"@type\":\"CommentAction\",\"name\":\"Comment\",\"target\":[\"https:\\\/\\\/adf-magazine.com\\\/fr\\\/2021\\\/12\\\/le-nouvel-accord-de-gouvernement-du-soudan-ne-satisfait-pas-les-defenseurs-de-la-democratie\\\/#respond\"]}]},{\"@type\":\"WebPage\",\"@id\":\"https:\\\/\\\/adf-magazine.com\\\/fr\\\/2021\\\/12\\\/le-nouvel-accord-de-gouvernement-du-soudan-ne-satisfait-pas-les-defenseurs-de-la-democratie\\\/\",\"url\":\"https:\\\/\\\/adf-magazine.com\\\/fr\\\/2021\\\/12\\\/le-nouvel-accord-de-gouvernement-du-soudan-ne-satisfait-pas-les-defenseurs-de-la-democratie\\\/\",\"name\":\"Le nouvel accord de gouvernement du Soudan ne satisfait pas les d\u00e9fenseurs de la d\u00e9mocratie - Africa Defense Forum\",\"isPartOf\":{\"@id\":\"https:\\\/\\\/adf-magazine.com\\\/#website\"},\"primaryImageOfPage\":{\"@id\":\"https:\\\/\\\/adf-magazine.com\\\/fr\\\/2021\\\/12\\\/le-nouvel-accord-de-gouvernement-du-soudan-ne-satisfait-pas-les-defenseurs-de-la-democratie\\\/#primaryimage\"},\"image\":{\"@id\":\"https:\\\/\\\/adf-magazine.com\\\/fr\\\/2021\\\/12\\\/le-nouvel-accord-de-gouvernement-du-soudan-ne-satisfait-pas-les-defenseurs-de-la-democratie\\\/#primaryimage\"},\"thumbnailUrl\":\"https:\\\/\\\/adf-magazine.com\\\/wp-content\\\/uploads\\\/2021\\\/12\\\/GettyImages-1237055032.jpg\",\"datePublished\":\"2021-12-15T15:34:28+00:00\",\"dateModified\":\"2021-12-15T15:34:55+00:00\",\"author\":{\"@id\":\"https:\\\/\\\/adf-magazine.com\\\/#\\\/schema\\\/person\\\/f266a6061389568b5a11465bb38bc025\"},\"breadcrumb\":{\"@id\":\"https:\\\/\\\/adf-magazine.com\\\/fr\\\/2021\\\/12\\\/le-nouvel-accord-de-gouvernement-du-soudan-ne-satisfait-pas-les-defenseurs-de-la-democratie\\\/#breadcrumb\"},\"inLanguage\":\"fr-FR\",\"potentialAction\":[{\"@type\":\"ReadAction\",\"target\":[\"https:\\\/\\\/adf-magazine.com\\\/fr\\\/2021\\\/12\\\/le-nouvel-accord-de-gouvernement-du-soudan-ne-satisfait-pas-les-defenseurs-de-la-democratie\\\/\"]}]},{\"@type\":\"ImageObject\",\"inLanguage\":\"fr-FR\",\"@id\":\"https:\\\/\\\/adf-magazine.com\\\/fr\\\/2021\\\/12\\\/le-nouvel-accord-de-gouvernement-du-soudan-ne-satisfait-pas-les-defenseurs-de-la-democratie\\\/#primaryimage\",\"url\":\"https:\\\/\\\/adf-magazine.com\\\/wp-content\\\/uploads\\\/2021\\\/12\\\/GettyImages-1237055032.jpg\",\"contentUrl\":\"https:\\\/\\\/adf-magazine.com\\\/wp-content\\\/uploads\\\/2021\\\/12\\\/GettyImages-1237055032.jpg\",\"width\":1080,\"height\":720,\"caption\":\"Les Soudanais de Khartoum manifestent contre l\u2019accord qui maintient le gouvernement sous le contr\u00f4le des militaires apr\u00e8s la r\u00e9int\u00e9gration du Premier ministre Abdalla Hamdok. AFP\\\/GETTY IMAGES\"},{\"@type\":\"BreadcrumbList\",\"@id\":\"https:\\\/\\\/adf-magazine.com\\\/fr\\\/2021\\\/12\\\/le-nouvel-accord-de-gouvernement-du-soudan-ne-satisfait-pas-les-defenseurs-de-la-democratie\\\/#breadcrumb\",\"itemListElement\":[{\"@type\":\"ListItem\",\"position\":1,\"name\":\"page d\u2019accueil\",\"item\":\"https:\\\/\\\/adf-magazine.com\\\/\"},{\"@type\":\"ListItem\",\"position\":2,\"name\":\"Le nouvel accord de gouvernement du Soudan ne satisfait pas les d\u00e9fenseurs de la d\u00e9mocratie\"}]},{\"@type\":\"WebSite\",\"@id\":\"https:\\\/\\\/adf-magazine.com\\\/#website\",\"url\":\"https:\\\/\\\/adf-magazine.com\\\/\",\"name\":\"Africa Defense Forum\",\"description\":\"Africa Defense Forum\",\"potentialAction\":[{\"@type\":\"SearchAction\",\"target\":{\"@type\":\"EntryPoint\",\"urlTemplate\":\"https:\\\/\\\/adf-magazine.com\\\/?s={search_term_string}\"},\"query-input\":{\"@type\":\"PropertyValueSpecification\",\"valueRequired\":true,\"valueName\":\"search_term_string\"}}],\"inLanguage\":\"fr-FR\"},{\"@type\":\"Person\",\"@id\":\"https:\\\/\\\/adf-magazine.com\\\/#\\\/schema\\\/person\\\/f266a6061389568b5a11465bb38bc025\",\"name\":\"ADF\",\"image\":{\"@type\":\"ImageObject\",\"inLanguage\":\"fr-FR\",\"@id\":\"https:\\\/\\\/adf-magazine.com\\\/wp-content\\\/uploads\\\/2020\\\/05\\\/cropped-ADF_icon.jpg\",\"url\":\"https:\\\/\\\/adf-magazine.com\\\/wp-content\\\/uploads\\\/2020\\\/05\\\/cropped-ADF_icon.jpg\",\"contentUrl\":\"https:\\\/\\\/adf-magazine.com\\\/wp-content\\\/uploads\\\/2020\\\/05\\\/cropped-ADF_icon.jpg\",\"caption\":\"ADF\"},\"description\":\"ADF is a professional military magazine published quarterly by U.S. Africa Command to provide an international forum for African security professionals. ADF covers topics such as counter terrorism strategies, security and defense operations, transnational crime, and all other issues affecting peace, stability, and good governance on the African continent.\",\"sameAs\":[\"https:\\\/\\\/x.com\\\/ADFmagazine\"],\"url\":\"https:\\\/\\\/adf-magazine.com\\\/fr\\\/author\\\/adf\\\/\"}]}<\/script>\n<!-- \/ Yoast SEO plugin. -->","yoast_head_json":{"title":"Le nouvel accord de gouvernement du Soudan ne satisfait pas les d\u00e9fenseurs de la d\u00e9mocratie - Africa Defense Forum","robots":{"index":"index","follow":"follow","max-snippet":"max-snippet:-1","max-image-preview":"max-image-preview:large","max-video-preview":"max-video-preview:-1"},"canonical":"https:\/\/adf-magazine.com\/fr\/2021\/12\/le-nouvel-accord-de-gouvernement-du-soudan-ne-satisfait-pas-les-defenseurs-de-la-democratie\/","og_locale":"fr_FR","og_type":"article","og_title":"Le nouvel accord de gouvernement du Soudan ne satisfait pas les d\u00e9fenseurs de la d\u00e9mocratie - Africa Defense Forum","og_description":"PERSONNEL D\u2019ADF Les membres du mouvement protestataire au Soudan d\u00e9noncent un accord r\u00e9vis\u00e9 de partage du pouvoir r\u00e9cemment conclu par les forces arm\u00e9es du pays et le leadership civil. Beaucoup esp\u00e9raient que l\u2019accord mettrait le pays sur la voie de la d\u00e9mocratie mais craignent maintenant qu\u2019il ne permette aux militaires de maintenir leur emprise sur","og_url":"https:\/\/adf-magazine.com\/fr\/2021\/12\/le-nouvel-accord-de-gouvernement-du-soudan-ne-satisfait-pas-les-defenseurs-de-la-democratie\/","og_site_name":"Africa Defense Forum","article_publisher":"https:\/\/www.facebook.com\/ADFmagazine\/","article_published_time":"2021-12-15T15:34:28+00:00","article_modified_time":"2021-12-15T15:34:55+00:00","og_image":[{"width":1080,"height":720,"url":"https:\/\/adf-magazine.com\/wp-content\/uploads\/2021\/12\/GettyImages-1237055032.jpg","type":"image\/jpeg"}],"author":"ADF","twitter_card":"summary_large_image","twitter_creator":"@ADFmagazine","twitter_site":"@ADFmagazine","twitter_misc":{"\u00c9crit par":"ADF","Dur\u00e9e de lecture estim\u00e9e":"2 minutes"},"schema":{"@context":"https:\/\/schema.org","@graph":[{"@type":"Article","@id":"https:\/\/adf-magazine.com\/fr\/2021\/12\/le-nouvel-accord-de-gouvernement-du-soudan-ne-satisfait-pas-les-defenseurs-de-la-democratie\/#article","isPartOf":{"@id":"https:\/\/adf-magazine.com\/fr\/2021\/12\/le-nouvel-accord-de-gouvernement-du-soudan-ne-satisfait-pas-les-defenseurs-de-la-democratie\/"},"author":{"name":"ADF","@id":"https:\/\/adf-magazine.com\/#\/schema\/person\/f266a6061389568b5a11465bb38bc025"},"headline":"Le nouvel accord de gouvernement du Soudan ne satisfait pas les d\u00e9fenseurs de la d\u00e9mocratie","datePublished":"2021-12-15T15:34:28+00:00","dateModified":"2021-12-15T15:34:55+00:00","mainEntityOfPage":{"@id":"https:\/\/adf-magazine.com\/fr\/2021\/12\/le-nouvel-accord-de-gouvernement-du-soudan-ne-satisfait-pas-les-defenseurs-de-la-democratie\/"},"wordCount":505,"commentCount":0,"image":{"@id":"https:\/\/adf-magazine.com\/fr\/2021\/12\/le-nouvel-accord-de-gouvernement-du-soudan-ne-satisfait-pas-les-defenseurs-de-la-democratie\/#primaryimage"},"thumbnailUrl":"https:\/\/adf-magazine.com\/wp-content\/uploads\/2021\/12\/GettyImages-1237055032.jpg","keywords":["coups d\u2019\u00e9tat","elections","Soudan"],"articleSection":["Actualit\u00e9s du Jour"],"inLanguage":"fr-FR","potentialAction":[{"@type":"CommentAction","name":"Comment","target":["https:\/\/adf-magazine.com\/fr\/2021\/12\/le-nouvel-accord-de-gouvernement-du-soudan-ne-satisfait-pas-les-defenseurs-de-la-democratie\/#respond"]}]},{"@type":"WebPage","@id":"https:\/\/adf-magazine.com\/fr\/2021\/12\/le-nouvel-accord-de-gouvernement-du-soudan-ne-satisfait-pas-les-defenseurs-de-la-democratie\/","url":"https:\/\/adf-magazine.com\/fr\/2021\/12\/le-nouvel-accord-de-gouvernement-du-soudan-ne-satisfait-pas-les-defenseurs-de-la-democratie\/","name":"Le nouvel accord de gouvernement du Soudan ne satisfait pas les d\u00e9fenseurs de la d\u00e9mocratie - Africa Defense Forum","isPartOf":{"@id":"https:\/\/adf-magazine.com\/#website"},"primaryImageOfPage":{"@id":"https:\/\/adf-magazine.com\/fr\/2021\/12\/le-nouvel-accord-de-gouvernement-du-soudan-ne-satisfait-pas-les-defenseurs-de-la-democratie\/#primaryimage"},"image":{"@id":"https:\/\/adf-magazine.com\/fr\/2021\/12\/le-nouvel-accord-de-gouvernement-du-soudan-ne-satisfait-pas-les-defenseurs-de-la-democratie\/#primaryimage"},"thumbnailUrl":"https:\/\/adf-magazine.com\/wp-content\/uploads\/2021\/12\/GettyImages-1237055032.jpg","datePublished":"2021-12-15T15:34:28+00:00","dateModified":"2021-12-15T15:34:55+00:00","author":{"@id":"https:\/\/adf-magazine.com\/#\/schema\/person\/f266a6061389568b5a11465bb38bc025"},"breadcrumb":{"@id":"https:\/\/adf-magazine.com\/fr\/2021\/12\/le-nouvel-accord-de-gouvernement-du-soudan-ne-satisfait-pas-les-defenseurs-de-la-democratie\/#breadcrumb"},"inLanguage":"fr-FR","potentialAction":[{"@type":"ReadAction","target":["https:\/\/adf-magazine.com\/fr\/2021\/12\/le-nouvel-accord-de-gouvernement-du-soudan-ne-satisfait-pas-les-defenseurs-de-la-democratie\/"]}]},{"@type":"ImageObject","inLanguage":"fr-FR","@id":"https:\/\/adf-magazine.com\/fr\/2021\/12\/le-nouvel-accord-de-gouvernement-du-soudan-ne-satisfait-pas-les-defenseurs-de-la-democratie\/#primaryimage","url":"https:\/\/adf-magazine.com\/wp-content\/uploads\/2021\/12\/GettyImages-1237055032.jpg","contentUrl":"https:\/\/adf-magazine.com\/wp-content\/uploads\/2021\/12\/GettyImages-1237055032.jpg","width":1080,"height":720,"caption":"Les Soudanais de Khartoum manifestent contre l\u2019accord qui maintient le gouvernement sous le contr\u00f4le des militaires apr\u00e8s la r\u00e9int\u00e9gration du Premier ministre Abdalla Hamdok. AFP\/GETTY IMAGES"},{"@type":"BreadcrumbList","@id":"https:\/\/adf-magazine.com\/fr\/2021\/12\/le-nouvel-accord-de-gouvernement-du-soudan-ne-satisfait-pas-les-defenseurs-de-la-democratie\/#breadcrumb","itemListElement":[{"@type":"ListItem","position":1,"name":"page d\u2019accueil","item":"https:\/\/adf-magazine.com\/"},{"@type":"ListItem","position":2,"name":"Le nouvel accord de gouvernement du Soudan ne satisfait pas les d\u00e9fenseurs de la d\u00e9mocratie"}]},{"@type":"WebSite","@id":"https:\/\/adf-magazine.com\/#website","url":"https:\/\/adf-magazine.com\/","name":"Africa Defense Forum","description":"Africa Defense Forum","potentialAction":[{"@type":"SearchAction","target":{"@type":"EntryPoint","urlTemplate":"https:\/\/adf-magazine.com\/?s={search_term_string}"},"query-input":{"@type":"PropertyValueSpecification","valueRequired":true,"valueName":"search_term_string"}}],"inLanguage":"fr-FR"},{"@type":"Person","@id":"https:\/\/adf-magazine.com\/#\/schema\/person\/f266a6061389568b5a11465bb38bc025","name":"ADF","image":{"@type":"ImageObject","inLanguage":"fr-FR","@id":"https:\/\/adf-magazine.com\/wp-content\/uploads\/2020\/05\/cropped-ADF_icon.jpg","url":"https:\/\/adf-magazine.com\/wp-content\/uploads\/2020\/05\/cropped-ADF_icon.jpg","contentUrl":"https:\/\/adf-magazine.com\/wp-content\/uploads\/2020\/05\/cropped-ADF_icon.jpg","caption":"ADF"},"description":"ADF is a professional military magazine published quarterly by U.S. Africa Command to provide an international forum for African security professionals. ADF covers topics such as counter terrorism strategies, security and defense operations, transnational crime, and all other issues affecting peace, stability, and good governance on the African continent.","sameAs":["https:\/\/x.com\/ADFmagazine"],"url":"https:\/\/adf-magazine.com\/fr\/author\/adf\/"}]}},"_links":{"self":[{"href":"https:\/\/adf-magazine.com\/fr\/wp-json\/wp\/v2\/posts\/29325","targetHints":{"allow":["GET"]}}],"collection":[{"href":"https:\/\/adf-magazine.com\/fr\/wp-json\/wp\/v2\/posts"}],"about":[{"href":"https:\/\/adf-magazine.com\/fr\/wp-json\/wp\/v2\/types\/post"}],"author":[{"embeddable":true,"href":"https:\/\/adf-magazine.com\/fr\/wp-json\/wp\/v2\/users\/1"}],"replies":[{"embeddable":true,"href":"https:\/\/adf-magazine.com\/fr\/wp-json\/wp\/v2\/comments?post=29325"}],"version-history":[{"count":0,"href":"https:\/\/adf-magazine.com\/fr\/wp-json\/wp\/v2\/posts\/29325\/revisions"}],"wp:featuredmedia":[{"embeddable":true,"href":"https:\/\/adf-magazine.com\/fr\/wp-json\/wp\/v2\/media\/29318"}],"wp:attachment":[{"href":"https:\/\/adf-magazine.com\/fr\/wp-json\/wp\/v2\/media?parent=29325"}],"wp:term":[{"taxonomy":"category","embeddable":true,"href":"https:\/\/adf-magazine.com\/fr\/wp-json\/wp\/v2\/categories?post=29325"},{"taxonomy":"post_tag","embeddable":true,"href":"https:\/\/adf-magazine.com\/fr\/wp-json\/wp\/v2\/tags?post=29325"}],"curies":[{"name":"wp","href":"https:\/\/api.w.org\/{rel}","templated":true}]}}