{"id":27601,"date":"2021-10-13T13:24:44","date_gmt":"2021-10-13T17:24:44","guid":{"rendered":"https:\/\/adf-magazine.com\/?p=27601"},"modified":"2021-10-25T11:53:58","modified_gmt":"2021-10-25T15:53:58","slug":"le-titre-dofficier-de-police-de-lannee-responsabilise-les-femmes-gardiennes-de-la-paix","status":"publish","type":"post","link":"https:\/\/adf-magazine.com\/fr\/2021\/10\/le-titre-dofficier-de-police-de-lannee-responsabilise-les-femmes-gardiennes-de-la-paix\/","title":{"rendered":"Le titre d\u2019officier de police de l\u2019ann\u00e9e responsabilise les femmes gardiennes de la paix"},"content":{"rendered":"<p>MISSION DE L\u2019ONU AU SOUDAN DU SUD<\/p>\n<p>L\u2019inspecteur en chef Doreen Mazuba Malambo de Zambie croit en une devise simple : \u00ab Lorsque vous \u00e9duquez une femme, vous \u00e9duquez une nation. \u00bb.<\/p>\n<p>Elle a apport\u00e9 ce bon sens dans plus d\u2019une d\u00e9cennie de service aux missions de maintien de la paix sur le continent africain, o\u00f9 elle a aid\u00e9 \u00e0 prot\u00e9ger les femmes et les enfants en proie aux conflits. Dans son affectation pr\u00e9sente \u00e0 la MINUSS (Mission des Nations unies au Soudan du Sud), elle a \u00e9t\u00e9 nomm\u00e9e Offici\u00e8re de police de l\u2019ann\u00e9e pour les Nations unies.<\/p>\n<p>\u00ab J\u2019ai toujours pens\u00e9 que les femmes doivent \u00eatre entendues sur toute question qui impacte directement leur vie quotidienne, d\u00e9clare-t-elle. Mon travail de conseill\u00e8re en mati\u00e8re d\u2019\u00e9galit\u00e9 des sexes me permet d\u2019\u0153uvrer chaque jour pour la responsabilisation des femmes et des jeunes filles soudanaises. \u00catre capable de d\u00e9velopper les aptitudes des agences locales du maintien de l\u2019ordre est un avantage suppl\u00e9mentaire. \u00bb<\/p>\n<p>L\u2019inspecteur Malambo est affect\u00e9e au Soudan du Sud depuis 2016, ayant commenc\u00e9 comme formatrice de la force de police int\u00e9gr\u00e9e conjointe. Trois mois apr\u00e8s son arriv\u00e9e dans le pays, la guerre \u00e9clate. Avant longtemps, elle se retrouve dans le camp de la MINUSS pour aider les gens qui s\u2019y sont r\u00e9fugi\u00e9s \u00e0 la h\u00e2te.<span class=\"Apple-converted-space\">\u00a0<\/span><\/p>\n<p>\u00ab J\u2019avais moi-m\u00eame peur, mais je savais que si un policier en uniforme montre des signes de peur, ces femmes n\u2019auront plus aucun espoir, d\u00e9clare-t-elle. J\u2019ai donc commenc\u00e9 \u00e0 les encourager et \u00e0 leur dire que les combats prendront fin, qu\u2019ils se termineront. \u00bb<span class=\"Apple-converted-space\">\u00a0<\/span><\/p>\n<p>L\u2019inspecteur Malambo est une m\u00e8re c\u00e9libataire, qui ressent de la compassion pour la d\u00e9tresse de ceux qui sont s\u00e9par\u00e9s de leur famille ou attaqu\u00e9s dans le conflit. Elle encourage les femmes \u00e0 devenir des pacificatrices. \u00ab J\u2019ai d\u00fb en influencer quelques-unes, car bient\u00f4t un grand nombre de femmes ont commenc\u00e9 \u00e0 exiger que leurs \u00e9poux cessent de se battre, d\u00e9clare-t-elle. Nous avons commenc\u00e9 \u00e0 voir des hommes qui entraient dans l\u2019enceinte de la MINUSS pour d\u00e9poser leurs armes. \u00bb<\/p>\n<p>Elle dit qu\u2019elle \u00e9tait \u00ab boulevers\u00e9e et honor\u00e9e \u00bb de recevoir le prix, mais elle pense que le service rendu aux personnes n\u00e9cessiteuses est le plus grand privil\u00e8ge. \u00ab La vraie r\u00e9compense, pour moi en tant que gardienne de la paix, en tant qu\u2019officier de police et en tant que femme, c\u2019est l\u2019opportunit\u00e9 de servir une cause qui transcende toutes les fronti\u00e8res : une paix durable pour tous, y compris les personnes marginalis\u00e9es, d\u00e9plac\u00e9es et handicap\u00e9es. \u00bb<\/p>\n","protected":false},"excerpt":{"rendered":"<p>MISSION DE L\u2019ONU AU SOUDAN DU SUD L\u2019inspecteur en chef Doreen Mazuba Malambo de Zambie croit en une devise simple : \u00ab Lorsque vous \u00e9duquez une femme, vous \u00e9duquez une nation. \u00bb. Elle a apport\u00e9 ce bon sens dans plus d\u2019une d\u00e9cennie de service aux missions de maintien de la paix sur le continent africain,<\/p>\n","protected":false},"author":1,"featured_media":27180,"comment_status":"open","ping_status":"open","sticky":false,"template":"","format":"standard","meta":{"_acf_changed":false,"_monsterinsights_skip_tracking":false,"_monsterinsights_sitenote_active":false,"_monsterinsights_sitenote_note":"","_monsterinsights_sitenote_category":0,"_uf_show_specific_survey":0,"_uf_disable_surveys":false,"footnotes":""},"categories":[51,40],"tags":[739,740,738,732],"class_list":{"0":"post-27601","1":"post","2":"type-post","3":"status-publish","4":"format-standard","5":"has-post-thumbnail","7":"category-defense-et-securite","8":"category-rubriques","9":"tag-maintien-de-la-paix","10":"tag-minuss","11":"tag-soudan-du-sud","12":"tag-zambie"},"acf":[],"yoast_head":"<!-- This site is optimized with the Yoast SEO plugin v27.4 - https:\/\/yoast.com\/product\/yoast-seo-wordpress\/ -->\n<title>Le titre d\u2019officier de police de l\u2019ann\u00e9e responsabilise les femmes gardiennes de la paix - Africa Defense Forum<\/title>\n<meta name=\"robots\" content=\"index, follow, max-snippet:-1, max-image-preview:large, max-video-preview:-1\" \/>\n<link rel=\"canonical\" href=\"https:\/\/adf-magazine.com\/fr\/2021\/10\/le-titre-dofficier-de-police-de-lannee-responsabilise-les-femmes-gardiennes-de-la-paix\/\" \/>\n<meta property=\"og:locale\" content=\"fr_FR\" \/>\n<meta property=\"og:type\" content=\"article\" \/>\n<meta property=\"og:title\" content=\"Le titre d\u2019officier de police de l\u2019ann\u00e9e responsabilise les femmes gardiennes de la paix - Africa Defense Forum\" \/>\n<meta property=\"og:description\" content=\"MISSION DE L\u2019ONU AU SOUDAN DU SUD L\u2019inspecteur en chef Doreen Mazuba Malambo de Zambie croit en une devise simple : \u00ab Lorsque vous \u00e9duquez une femme, vous \u00e9duquez une nation. \u00bb. Elle a apport\u00e9 ce bon sens dans plus d\u2019une d\u00e9cennie de service aux missions de maintien de la paix sur le continent africain,\" \/>\n<meta property=\"og:url\" content=\"https:\/\/adf-magazine.com\/fr\/2021\/10\/le-titre-dofficier-de-police-de-lannee-responsabilise-les-femmes-gardiennes-de-la-paix\/\" \/>\n<meta property=\"og:site_name\" content=\"Africa Defense Forum\" \/>\n<meta property=\"article:publisher\" content=\"https:\/\/www.facebook.com\/ADFmagazine\/\" \/>\n<meta property=\"article:published_time\" content=\"2021-10-13T17:24:44+00:00\" \/>\n<meta property=\"article:modified_time\" content=\"2021-10-25T15:53:58+00:00\" \/>\n<meta property=\"og:image\" content=\"https:\/\/adf-magazine.com\/wp-content\/uploads\/2021\/10\/DefSec_EqAqJKXWMAESmjz_CMYK.jpg\" \/>\n\t<meta property=\"og:image:width\" content=\"1080\" \/>\n\t<meta property=\"og:image:height\" content=\"720\" \/>\n\t<meta property=\"og:image:type\" content=\"image\/jpeg\" \/>\n<meta name=\"author\" content=\"ADF\" \/>\n<meta name=\"twitter:card\" content=\"summary_large_image\" \/>\n<meta name=\"twitter:creator\" content=\"@ADFmagazine\" \/>\n<meta name=\"twitter:site\" content=\"@ADFmagazine\" \/>\n<meta name=\"twitter:label1\" content=\"\u00c9crit par\" \/>\n\t<meta name=\"twitter:data1\" content=\"ADF\" \/>\n\t<meta name=\"twitter:label2\" content=\"Dur\u00e9e de lecture estim\u00e9e\" \/>\n\t<meta name=\"twitter:data2\" content=\"2 minutes\" \/>\n<script type=\"application\/ld+json\" class=\"yoast-schema-graph\">{\"@context\":\"https:\\\/\\\/schema.org\",\"@graph\":[{\"@type\":\"Article\",\"@id\":\"https:\\\/\\\/adf-magazine.com\\\/fr\\\/2021\\\/10\\\/le-titre-dofficier-de-police-de-lannee-responsabilise-les-femmes-gardiennes-de-la-paix\\\/#article\",\"isPartOf\":{\"@id\":\"https:\\\/\\\/adf-magazine.com\\\/fr\\\/2021\\\/10\\\/le-titre-dofficier-de-police-de-lannee-responsabilise-les-femmes-gardiennes-de-la-paix\\\/\"},\"author\":{\"name\":\"ADF\",\"@id\":\"https:\\\/\\\/adf-magazine.com\\\/#\\\/schema\\\/person\\\/f266a6061389568b5a11465bb38bc025\"},\"headline\":\"Le titre d\u2019officier de police de l\u2019ann\u00e9e responsabilise les femmes gardiennes de la paix\",\"datePublished\":\"2021-10-13T17:24:44+00:00\",\"dateModified\":\"2021-10-25T15:53:58+00:00\",\"mainEntityOfPage\":{\"@id\":\"https:\\\/\\\/adf-magazine.com\\\/fr\\\/2021\\\/10\\\/le-titre-dofficier-de-police-de-lannee-responsabilise-les-femmes-gardiennes-de-la-paix\\\/\"},\"wordCount\":469,\"commentCount\":0,\"image\":{\"@id\":\"https:\\\/\\\/adf-magazine.com\\\/fr\\\/2021\\\/10\\\/le-titre-dofficier-de-police-de-lannee-responsabilise-les-femmes-gardiennes-de-la-paix\\\/#primaryimage\"},\"thumbnailUrl\":\"https:\\\/\\\/adf-magazine.com\\\/wp-content\\\/uploads\\\/2021\\\/10\\\/DefSec_EqAqJKXWMAESmjz_CMYK.jpg\",\"keywords\":[\"Maintien de la paix\",\"MINUSS\",\"Soudan du Sud\",\"Zambie\"],\"articleSection\":[\"D\u00e9fense et s\u00e9curit\u00e9\",\"rubriques\"],\"inLanguage\":\"fr-FR\",\"potentialAction\":[{\"@type\":\"CommentAction\",\"name\":\"Comment\",\"target\":[\"https:\\\/\\\/adf-magazine.com\\\/fr\\\/2021\\\/10\\\/le-titre-dofficier-de-police-de-lannee-responsabilise-les-femmes-gardiennes-de-la-paix\\\/#respond\"]}]},{\"@type\":\"WebPage\",\"@id\":\"https:\\\/\\\/adf-magazine.com\\\/fr\\\/2021\\\/10\\\/le-titre-dofficier-de-police-de-lannee-responsabilise-les-femmes-gardiennes-de-la-paix\\\/\",\"url\":\"https:\\\/\\\/adf-magazine.com\\\/fr\\\/2021\\\/10\\\/le-titre-dofficier-de-police-de-lannee-responsabilise-les-femmes-gardiennes-de-la-paix\\\/\",\"name\":\"Le titre d\u2019officier de police de l\u2019ann\u00e9e responsabilise les femmes gardiennes de la paix - Africa Defense Forum\",\"isPartOf\":{\"@id\":\"https:\\\/\\\/adf-magazine.com\\\/#website\"},\"primaryImageOfPage\":{\"@id\":\"https:\\\/\\\/adf-magazine.com\\\/fr\\\/2021\\\/10\\\/le-titre-dofficier-de-police-de-lannee-responsabilise-les-femmes-gardiennes-de-la-paix\\\/#primaryimage\"},\"image\":{\"@id\":\"https:\\\/\\\/adf-magazine.com\\\/fr\\\/2021\\\/10\\\/le-titre-dofficier-de-police-de-lannee-responsabilise-les-femmes-gardiennes-de-la-paix\\\/#primaryimage\"},\"thumbnailUrl\":\"https:\\\/\\\/adf-magazine.com\\\/wp-content\\\/uploads\\\/2021\\\/10\\\/DefSec_EqAqJKXWMAESmjz_CMYK.jpg\",\"datePublished\":\"2021-10-13T17:24:44+00:00\",\"dateModified\":\"2021-10-25T15:53:58+00:00\",\"author\":{\"@id\":\"https:\\\/\\\/adf-magazine.com\\\/#\\\/schema\\\/person\\\/f266a6061389568b5a11465bb38bc025\"},\"breadcrumb\":{\"@id\":\"https:\\\/\\\/adf-magazine.com\\\/fr\\\/2021\\\/10\\\/le-titre-dofficier-de-police-de-lannee-responsabilise-les-femmes-gardiennes-de-la-paix\\\/#breadcrumb\"},\"inLanguage\":\"fr-FR\",\"potentialAction\":[{\"@type\":\"ReadAction\",\"target\":[\"https:\\\/\\\/adf-magazine.com\\\/fr\\\/2021\\\/10\\\/le-titre-dofficier-de-police-de-lannee-responsabilise-les-femmes-gardiennes-de-la-paix\\\/\"]}]},{\"@type\":\"ImageObject\",\"inLanguage\":\"fr-FR\",\"@id\":\"https:\\\/\\\/adf-magazine.com\\\/fr\\\/2021\\\/10\\\/le-titre-dofficier-de-police-de-lannee-responsabilise-les-femmes-gardiennes-de-la-paix\\\/#primaryimage\",\"url\":\"https:\\\/\\\/adf-magazine.com\\\/wp-content\\\/uploads\\\/2021\\\/10\\\/DefSec_EqAqJKXWMAESmjz_CMYK.jpg\",\"contentUrl\":\"https:\\\/\\\/adf-magazine.com\\\/wp-content\\\/uploads\\\/2021\\\/10\\\/DefSec_EqAqJKXWMAESmjz_CMYK.jpg\",\"width\":1080,\"height\":720},{\"@type\":\"BreadcrumbList\",\"@id\":\"https:\\\/\\\/adf-magazine.com\\\/fr\\\/2021\\\/10\\\/le-titre-dofficier-de-police-de-lannee-responsabilise-les-femmes-gardiennes-de-la-paix\\\/#breadcrumb\",\"itemListElement\":[{\"@type\":\"ListItem\",\"position\":1,\"name\":\"page d\u2019accueil\",\"item\":\"https:\\\/\\\/adf-magazine.com\\\/\"},{\"@type\":\"ListItem\",\"position\":2,\"name\":\"Le titre d\u2019officier de police de l\u2019ann\u00e9e responsabilise les femmes gardiennes de la paix\"}]},{\"@type\":\"WebSite\",\"@id\":\"https:\\\/\\\/adf-magazine.com\\\/#website\",\"url\":\"https:\\\/\\\/adf-magazine.com\\\/\",\"name\":\"Africa Defense Forum\",\"description\":\"Africa Defense Forum\",\"potentialAction\":[{\"@type\":\"SearchAction\",\"target\":{\"@type\":\"EntryPoint\",\"urlTemplate\":\"https:\\\/\\\/adf-magazine.com\\\/?s={search_term_string}\"},\"query-input\":{\"@type\":\"PropertyValueSpecification\",\"valueRequired\":true,\"valueName\":\"search_term_string\"}}],\"inLanguage\":\"fr-FR\"},{\"@type\":\"Person\",\"@id\":\"https:\\\/\\\/adf-magazine.com\\\/#\\\/schema\\\/person\\\/f266a6061389568b5a11465bb38bc025\",\"name\":\"ADF\",\"image\":{\"@type\":\"ImageObject\",\"inLanguage\":\"fr-FR\",\"@id\":\"https:\\\/\\\/adf-magazine.com\\\/wp-content\\\/uploads\\\/2020\\\/05\\\/cropped-ADF_icon.jpg\",\"url\":\"https:\\\/\\\/adf-magazine.com\\\/wp-content\\\/uploads\\\/2020\\\/05\\\/cropped-ADF_icon.jpg\",\"contentUrl\":\"https:\\\/\\\/adf-magazine.com\\\/wp-content\\\/uploads\\\/2020\\\/05\\\/cropped-ADF_icon.jpg\",\"caption\":\"ADF\"},\"description\":\"ADF is a professional military magazine published quarterly by U.S. Africa Command to provide an international forum for African security professionals. ADF covers topics such as counter terrorism strategies, security and defense operations, transnational crime, and all other issues affecting peace, stability, and good governance on the African continent.\",\"sameAs\":[\"https:\\\/\\\/x.com\\\/ADFmagazine\"],\"url\":\"https:\\\/\\\/adf-magazine.com\\\/fr\\\/author\\\/adf\\\/\"}]}<\/script>\n<!-- \/ Yoast SEO plugin. -->","yoast_head_json":{"title":"Le titre d\u2019officier de police de l\u2019ann\u00e9e responsabilise les femmes gardiennes de la paix - Africa Defense Forum","robots":{"index":"index","follow":"follow","max-snippet":"max-snippet:-1","max-image-preview":"max-image-preview:large","max-video-preview":"max-video-preview:-1"},"canonical":"https:\/\/adf-magazine.com\/fr\/2021\/10\/le-titre-dofficier-de-police-de-lannee-responsabilise-les-femmes-gardiennes-de-la-paix\/","og_locale":"fr_FR","og_type":"article","og_title":"Le titre d\u2019officier de police de l\u2019ann\u00e9e responsabilise les femmes gardiennes de la paix - Africa Defense Forum","og_description":"MISSION DE L\u2019ONU AU SOUDAN DU SUD L\u2019inspecteur en chef Doreen Mazuba Malambo de Zambie croit en une devise simple : \u00ab Lorsque vous \u00e9duquez une femme, vous \u00e9duquez une nation. \u00bb. Elle a apport\u00e9 ce bon sens dans plus d\u2019une d\u00e9cennie de service aux missions de maintien de la paix sur le continent africain,","og_url":"https:\/\/adf-magazine.com\/fr\/2021\/10\/le-titre-dofficier-de-police-de-lannee-responsabilise-les-femmes-gardiennes-de-la-paix\/","og_site_name":"Africa Defense Forum","article_publisher":"https:\/\/www.facebook.com\/ADFmagazine\/","article_published_time":"2021-10-13T17:24:44+00:00","article_modified_time":"2021-10-25T15:53:58+00:00","og_image":[{"width":1080,"height":720,"url":"https:\/\/adf-magazine.com\/wp-content\/uploads\/2021\/10\/DefSec_EqAqJKXWMAESmjz_CMYK.jpg","type":"image\/jpeg"}],"author":"ADF","twitter_card":"summary_large_image","twitter_creator":"@ADFmagazine","twitter_site":"@ADFmagazine","twitter_misc":{"\u00c9crit par":"ADF","Dur\u00e9e de lecture estim\u00e9e":"2 minutes"},"schema":{"@context":"https:\/\/schema.org","@graph":[{"@type":"Article","@id":"https:\/\/adf-magazine.com\/fr\/2021\/10\/le-titre-dofficier-de-police-de-lannee-responsabilise-les-femmes-gardiennes-de-la-paix\/#article","isPartOf":{"@id":"https:\/\/adf-magazine.com\/fr\/2021\/10\/le-titre-dofficier-de-police-de-lannee-responsabilise-les-femmes-gardiennes-de-la-paix\/"},"author":{"name":"ADF","@id":"https:\/\/adf-magazine.com\/#\/schema\/person\/f266a6061389568b5a11465bb38bc025"},"headline":"Le titre d\u2019officier de police de l\u2019ann\u00e9e responsabilise les femmes gardiennes de la paix","datePublished":"2021-10-13T17:24:44+00:00","dateModified":"2021-10-25T15:53:58+00:00","mainEntityOfPage":{"@id":"https:\/\/adf-magazine.com\/fr\/2021\/10\/le-titre-dofficier-de-police-de-lannee-responsabilise-les-femmes-gardiennes-de-la-paix\/"},"wordCount":469,"commentCount":0,"image":{"@id":"https:\/\/adf-magazine.com\/fr\/2021\/10\/le-titre-dofficier-de-police-de-lannee-responsabilise-les-femmes-gardiennes-de-la-paix\/#primaryimage"},"thumbnailUrl":"https:\/\/adf-magazine.com\/wp-content\/uploads\/2021\/10\/DefSec_EqAqJKXWMAESmjz_CMYK.jpg","keywords":["Maintien de la paix","MINUSS","Soudan du Sud","Zambie"],"articleSection":["D\u00e9fense et s\u00e9curit\u00e9","rubriques"],"inLanguage":"fr-FR","potentialAction":[{"@type":"CommentAction","name":"Comment","target":["https:\/\/adf-magazine.com\/fr\/2021\/10\/le-titre-dofficier-de-police-de-lannee-responsabilise-les-femmes-gardiennes-de-la-paix\/#respond"]}]},{"@type":"WebPage","@id":"https:\/\/adf-magazine.com\/fr\/2021\/10\/le-titre-dofficier-de-police-de-lannee-responsabilise-les-femmes-gardiennes-de-la-paix\/","url":"https:\/\/adf-magazine.com\/fr\/2021\/10\/le-titre-dofficier-de-police-de-lannee-responsabilise-les-femmes-gardiennes-de-la-paix\/","name":"Le titre d\u2019officier de police de l\u2019ann\u00e9e responsabilise les femmes gardiennes de la paix - Africa Defense Forum","isPartOf":{"@id":"https:\/\/adf-magazine.com\/#website"},"primaryImageOfPage":{"@id":"https:\/\/adf-magazine.com\/fr\/2021\/10\/le-titre-dofficier-de-police-de-lannee-responsabilise-les-femmes-gardiennes-de-la-paix\/#primaryimage"},"image":{"@id":"https:\/\/adf-magazine.com\/fr\/2021\/10\/le-titre-dofficier-de-police-de-lannee-responsabilise-les-femmes-gardiennes-de-la-paix\/#primaryimage"},"thumbnailUrl":"https:\/\/adf-magazine.com\/wp-content\/uploads\/2021\/10\/DefSec_EqAqJKXWMAESmjz_CMYK.jpg","datePublished":"2021-10-13T17:24:44+00:00","dateModified":"2021-10-25T15:53:58+00:00","author":{"@id":"https:\/\/adf-magazine.com\/#\/schema\/person\/f266a6061389568b5a11465bb38bc025"},"breadcrumb":{"@id":"https:\/\/adf-magazine.com\/fr\/2021\/10\/le-titre-dofficier-de-police-de-lannee-responsabilise-les-femmes-gardiennes-de-la-paix\/#breadcrumb"},"inLanguage":"fr-FR","potentialAction":[{"@type":"ReadAction","target":["https:\/\/adf-magazine.com\/fr\/2021\/10\/le-titre-dofficier-de-police-de-lannee-responsabilise-les-femmes-gardiennes-de-la-paix\/"]}]},{"@type":"ImageObject","inLanguage":"fr-FR","@id":"https:\/\/adf-magazine.com\/fr\/2021\/10\/le-titre-dofficier-de-police-de-lannee-responsabilise-les-femmes-gardiennes-de-la-paix\/#primaryimage","url":"https:\/\/adf-magazine.com\/wp-content\/uploads\/2021\/10\/DefSec_EqAqJKXWMAESmjz_CMYK.jpg","contentUrl":"https:\/\/adf-magazine.com\/wp-content\/uploads\/2021\/10\/DefSec_EqAqJKXWMAESmjz_CMYK.jpg","width":1080,"height":720},{"@type":"BreadcrumbList","@id":"https:\/\/adf-magazine.com\/fr\/2021\/10\/le-titre-dofficier-de-police-de-lannee-responsabilise-les-femmes-gardiennes-de-la-paix\/#breadcrumb","itemListElement":[{"@type":"ListItem","position":1,"name":"page d\u2019accueil","item":"https:\/\/adf-magazine.com\/"},{"@type":"ListItem","position":2,"name":"Le titre d\u2019officier de police de l\u2019ann\u00e9e responsabilise les femmes gardiennes de la paix"}]},{"@type":"WebSite","@id":"https:\/\/adf-magazine.com\/#website","url":"https:\/\/adf-magazine.com\/","name":"Africa Defense Forum","description":"Africa Defense Forum","potentialAction":[{"@type":"SearchAction","target":{"@type":"EntryPoint","urlTemplate":"https:\/\/adf-magazine.com\/?s={search_term_string}"},"query-input":{"@type":"PropertyValueSpecification","valueRequired":true,"valueName":"search_term_string"}}],"inLanguage":"fr-FR"},{"@type":"Person","@id":"https:\/\/adf-magazine.com\/#\/schema\/person\/f266a6061389568b5a11465bb38bc025","name":"ADF","image":{"@type":"ImageObject","inLanguage":"fr-FR","@id":"https:\/\/adf-magazine.com\/wp-content\/uploads\/2020\/05\/cropped-ADF_icon.jpg","url":"https:\/\/adf-magazine.com\/wp-content\/uploads\/2020\/05\/cropped-ADF_icon.jpg","contentUrl":"https:\/\/adf-magazine.com\/wp-content\/uploads\/2020\/05\/cropped-ADF_icon.jpg","caption":"ADF"},"description":"ADF is a professional military magazine published quarterly by U.S. Africa Command to provide an international forum for African security professionals. ADF covers topics such as counter terrorism strategies, security and defense operations, transnational crime, and all other issues affecting peace, stability, and good governance on the African continent.","sameAs":["https:\/\/x.com\/ADFmagazine"],"url":"https:\/\/adf-magazine.com\/fr\/author\/adf\/"}]}},"_links":{"self":[{"href":"https:\/\/adf-magazine.com\/fr\/wp-json\/wp\/v2\/posts\/27601","targetHints":{"allow":["GET"]}}],"collection":[{"href":"https:\/\/adf-magazine.com\/fr\/wp-json\/wp\/v2\/posts"}],"about":[{"href":"https:\/\/adf-magazine.com\/fr\/wp-json\/wp\/v2\/types\/post"}],"author":[{"embeddable":true,"href":"https:\/\/adf-magazine.com\/fr\/wp-json\/wp\/v2\/users\/1"}],"replies":[{"embeddable":true,"href":"https:\/\/adf-magazine.com\/fr\/wp-json\/wp\/v2\/comments?post=27601"}],"version-history":[{"count":0,"href":"https:\/\/adf-magazine.com\/fr\/wp-json\/wp\/v2\/posts\/27601\/revisions"}],"wp:featuredmedia":[{"embeddable":true,"href":"https:\/\/adf-magazine.com\/fr\/wp-json\/wp\/v2\/media\/27180"}],"wp:attachment":[{"href":"https:\/\/adf-magazine.com\/fr\/wp-json\/wp\/v2\/media?parent=27601"}],"wp:term":[{"taxonomy":"category","embeddable":true,"href":"https:\/\/adf-magazine.com\/fr\/wp-json\/wp\/v2\/categories?post=27601"},{"taxonomy":"post_tag","embeddable":true,"href":"https:\/\/adf-magazine.com\/fr\/wp-json\/wp\/v2\/tags?post=27601"}],"curies":[{"name":"wp","href":"https:\/\/api.w.org\/{rel}","templated":true}]}}