{"id":25046,"date":"2021-06-21T12:55:07","date_gmt":"2021-06-21T16:55:07","guid":{"rendered":"https:\/\/adf-magazine.com\/?p=25046"},"modified":"2021-07-19T11:26:58","modified_gmt":"2021-07-19T15:26:58","slug":"la-rdc-utilise-son-experience-pour-combattre-le-covid-19","status":"publish","type":"post","link":"https:\/\/adf-magazine.com\/fr\/2021\/06\/la-rdc-utilise-son-experience-pour-combattre-le-covid-19\/","title":{"rendered":"La RDC utilise son exp\u00e9rience pour combattre le Covid-19"},"content":{"rendered":"<p>Personnel D\u2019<i>ADF<\/i> | Photos par AFP\/Getty Images<\/p>\n<p>Au d\u00e9but de l\u2019\u00e9pid\u00e9mie d\u2019Ebola de 2018 dans la r\u00e9gion orientale de la R\u00e9publique d\u00e9mocratique du Congo (RDC), les enqu\u00eateurs de recherche des contacts utilisaient des formulaires papier et les ont remplis chaque jour pour chaque contact effectu\u00e9. \u00c0 la fin de la journ\u00e9e, les enqu\u00eateurs remettaient les formulaires \u00e0 leurs superviseurs qui alertaient les m\u00e9decins en cas d\u2019indication de sympt\u00f4me de l\u2019Ebola. Le processus \u00e9tait lent, fastidieux et bureaucratique.<\/p>\n<p>L\u2019Organisation mondiale de la sant\u00e9 (OMS) a not\u00e9 que les formulaires attiraient aussi une attention inutile et ind\u00e9sirable sur les enqu\u00eateurs. Parfois, les gens les chassaient.<\/p>\n<p>Les enqu\u00eateurs ont plus tard \u00e9chang\u00e9 leurs formulaires contre des t\u00e9l\u00e9phones mobiles. Ils ont recueilli les donn\u00e9es discr\u00e8tement et ont transmis les informations aux superviseurs depuis le terrain, en utilisant une application appel\u00e9e Go.Data. Les \u00e9pid\u00e9miologistes ont pu acc\u00e9der aux donn\u00e9es presque en temps r\u00e9el et agir rapidement.<\/p>\n<figure id=\"attachment_24588\" aria-describedby=\"caption-attachment-24588\" style=\"width: 1080px\" class=\"wp-caption aligncenter\"><a href=\"https:\/\/adf-magazine.com\/wp-content\/uploads\/2021\/06\/DRC_1144054341_CMYK_Gradient.jpg\"><img fetchpriority=\"high\" decoding=\"async\" class=\"size-full wp-image-24588\" src=\"https:\/\/adf-magazine.com\/wp-content\/uploads\/2021\/06\/DRC_1144054341_CMYK_Gradient.jpg\" alt=\"\" width=\"1080\" height=\"720\" srcset=\"https:\/\/adf-magazine.com\/wp-content\/uploads\/2021\/06\/DRC_1144054341_CMYK_Gradient.jpg 1080w, https:\/\/adf-magazine.com\/wp-content\/uploads\/2021\/06\/DRC_1144054341_CMYK_Gradient-300x200.jpg 300w, https:\/\/adf-magazine.com\/wp-content\/uploads\/2021\/06\/DRC_1144054341_CMYK_Gradient-1024x683.jpg 1024w, https:\/\/adf-magazine.com\/wp-content\/uploads\/2021\/06\/DRC_1144054341_CMYK_Gradient-768x512.jpg 768w, https:\/\/adf-magazine.com\/wp-content\/uploads\/2021\/06\/DRC_1144054341_CMYK_Gradient-272x182.jpg 272w\" sizes=\"(max-width: 1080px) 100vw, 1080px\" \/><\/a><figcaption id=\"caption-attachment-24588\" class=\"wp-caption-text\">Les membres de la famille observent l\u2019enterrement d\u2019une victime de l\u2019Ebola.<\/figcaption><\/figure>\n<p>Sur le site Web de l\u2019OMS, Armand Bejtullahu, chef de projet de l\u2019OMS et un des principaux architectes de l\u2019outil, d\u00e9clare : \u00ab Il est particuli\u00e8rement focalis\u00e9 sur la collecte et la gestion des cas et des donn\u00e9es de contact. Ceci permet au logiciel de produire des \u00e9l\u00e9ments tels que les formulaires de suivi des contacts et la visualisation dynamique des cha\u00eenes de transmission. \u00bb<\/p>\n<p>Le R\u00e9seau mondial d\u2019alerte et de r\u00e9ponse aux \u00e9pid\u00e9mies indique que Go.Data est d\u00e9sormais utilis\u00e9e dans le monde entier pour tracer les personnes infect\u00e9es par le Covid-19.<\/p>\n<p>La RDC a une vaste exp\u00e9rience de lutte contre les maladies. Avant le Covid-19 et l\u2019Ebola, la RDC avait \u00e9t\u00e9 frapp\u00e9e par des \u00e9pid\u00e9mies de sida. On pense g\u00e9n\u00e9ralement que le virus VIH qui cause le sida est originaire de Kinshasa (RDC), ayant \u00e9t\u00e9 transmis des chimpanz\u00e9s aux humains vers 1920. En 1976, le premier cas d\u2019Ebola a \u00e9t\u00e9 d\u00e9couvert, en RDC \u00e9galement.<\/p>\n<p>Le Covid-19 est apparu dans des circonstances similaires aux deux autres maladies, mais en Chine cette fois au lieu de l\u2019Afrique.<\/p>\n<p>Maintenant, les chercheurs pensent que la r\u00e9ponse au VIH et \u00e0 l\u2019Ebola peut \u00e9clairer et aider \u00e0 orienter la r\u00e9ponse au Covid-19.<\/p>\n<figure id=\"attachment_24592\" aria-describedby=\"caption-attachment-24592\" style=\"width: 1080px\" class=\"wp-caption aligncenter\"><a href=\"https:\/\/adf-magazine.com\/wp-content\/uploads\/2021\/06\/DRC_1165483854_CMYK.jpg\"><img decoding=\"async\" class=\"size-full wp-image-24592\" src=\"https:\/\/adf-magazine.com\/wp-content\/uploads\/2021\/06\/DRC_1165483854_CMYK.jpg\" alt=\"\" width=\"1080\" height=\"720\" srcset=\"https:\/\/adf-magazine.com\/wp-content\/uploads\/2021\/06\/DRC_1165483854_CMYK.jpg 1080w, https:\/\/adf-magazine.com\/wp-content\/uploads\/2021\/06\/DRC_1165483854_CMYK-300x200.jpg 300w, https:\/\/adf-magazine.com\/wp-content\/uploads\/2021\/06\/DRC_1165483854_CMYK-1024x683.jpg 1024w, https:\/\/adf-magazine.com\/wp-content\/uploads\/2021\/06\/DRC_1165483854_CMYK-768x512.jpg 768w, https:\/\/adf-magazine.com\/wp-content\/uploads\/2021\/06\/DRC_1165483854_CMYK-272x182.jpg 272w\" sizes=\"(max-width: 1080px) 100vw, 1080px\" \/><\/a><figcaption id=\"caption-attachment-24592\" class=\"wp-caption-text\">Les chaussures d\u2019un gardien de la paix des Nations unies sont nettoy\u00e9es avec une solution au chlore avant qu\u2019il ne parte d\u2019un centre de traitement de l\u2019Ebola \u00e0 Mangina (R\u00e9publique d\u00e9mocratique du Congo).<\/figcaption><\/figure>\n<p>\u00ab En tant que chercheurs poss\u00e9dant une vaste exp\u00e9rience dans la pr\u00e9vention du VIH\/sida, les vaccins et les th\u00e9rapies, certains ayant aussi une exp\u00e9rience avec l\u2019Ebola, nous pensons qu\u2019il est crucial de d\u00e9velopper la r\u00e9ponse \u00e0 la pand\u00e9mie du Covid-19 en fonction des le\u00e7ons provenant de la pand\u00e9mie du sida et des r\u00e9centes \u00e9pid\u00e9mies d\u2019Ebola \u00bb, ont \u00e9crit des chercheurs pour <i>The New England Journal of Medicine<\/i> en octobre 2020.<\/p>\n<p>Les chercheurs d\u00e9clarent que les \u00e9pid\u00e9mies du sida et de l\u2019Ebola ont prouv\u00e9 que les interventions devaient \u00eatre bas\u00e9es sur une \u00ab science solide \u00bb. Ils disent que le Covid-19 \u00ab pr\u00e9sente une opportunit\u00e9 importante de d\u00e9ploiement intelligent de nos connaissances durement obtenues \u00bb.<\/p>\n<p><strong>DE NOUVELLES PROC\u00c9DURES DE R\u00c9PONSE<\/strong><\/p>\n<p>La pand\u00e9mie d\u2019Ebola de 2014 \u00e0 2016 en Afrique de l\u2019Ouest a forc\u00e9 les professionnels des soins de sant\u00e9 \u00e0 changer la fa\u00e7on dont ils r\u00e9pondent aux \u00e9pid\u00e9mies et aux autres crises de sant\u00e9. L\u2019OMS et d\u2019autres organisations ont \u00e9mis les recommandations suivantes pour appliquer ces le\u00e7ons aux \u00e9pid\u00e9mies futures :<\/p>\n<p><b><i>La recherche doit \u00eatre au c\u0153ur de la r\u00e9ponse aux urgences de sant\u00e9.<\/i><\/b> Le plan de recherche et d\u00e9velop-pement de l\u2019OMS a \u00e9t\u00e9 cr\u00e9\u00e9 en 2016 pour d\u00e9clencher l\u2019activation rapide de la recherche et du d\u00e9veloppement pendant les \u00e9pid\u00e9mies. Les professionnels ont utilis\u00e9 le plan pour acc\u00e9l\u00e9rer le d\u00e9pistage, les vaccins et les traitements efficaces pendant la r\u00e9ponse de 2018 \u00e0 2020 \u00e0 l\u2019Ebola en RDC.<\/p>\n<p>\u00ab L\u2019int\u00e9gration de la recherche \u00e9thiquement correcte et rigoureuse dans les r\u00e9ponses aux urgences assure que le monde soit mieux pr\u00e9par\u00e9 \u00e0 la prochaine \u00e9pid\u00e9mie de maladie \u00bb, selon le rapport de l\u2019OMS.<\/p>\n<p><b><i>Le d\u00e9pistage rapide en laboratoire peut faire toute la diff\u00e9rence dans la r\u00e9ponse \u00e0 une crise de sant\u00e9.<\/i><\/b> Les r\u00e9sultats de test plus rapides se traduisent par un acc\u00e8s plus rapide aux soins, ce qui augmente la probabilit\u00e9 de survie.<span class=\"Apple-converted-space\">\u00a0<\/span><\/p>\n<p>L\u2019OMS indique : \u00ab Un diagnostic rapide aide \u00e0 emp\u00eacher la propagation de la maladie aupr\u00e8s de la famille, des amis et autres personnes du r\u00e9seau social de ceux qui sont confirm\u00e9s positifs pour l\u2019Ebola. Plus ces contacts sont identifi\u00e9s rapidement, plus ils peuvent \u00eatre vaccin\u00e9s rapidement et prot\u00e9g\u00e9s contre la maladie. \u00bb<\/p>\n<figure id=\"attachment_24584\" aria-describedby=\"caption-attachment-24584\" style=\"width: 1080px\" class=\"wp-caption aligncenter\"><a href=\"https:\/\/adf-magazine.com\/wp-content\/uploads\/2021\/06\/DRC_1129577302_CMYK.jpg\"><img decoding=\"async\" class=\"size-full wp-image-24584\" src=\"https:\/\/adf-magazine.com\/wp-content\/uploads\/2021\/06\/DRC_1129577302_CMYK.jpg\" alt=\"\" width=\"1080\" height=\"720\" srcset=\"https:\/\/adf-magazine.com\/wp-content\/uploads\/2021\/06\/DRC_1129577302_CMYK.jpg 1080w, https:\/\/adf-magazine.com\/wp-content\/uploads\/2021\/06\/DRC_1129577302_CMYK-300x200.jpg 300w, https:\/\/adf-magazine.com\/wp-content\/uploads\/2021\/06\/DRC_1129577302_CMYK-1024x683.jpg 1024w, https:\/\/adf-magazine.com\/wp-content\/uploads\/2021\/06\/DRC_1129577302_CMYK-768x512.jpg 768w, https:\/\/adf-magazine.com\/wp-content\/uploads\/2021\/06\/DRC_1129577302_CMYK-272x182.jpg 272w\" sizes=\"(max-width: 1080px) 100vw, 1080px\" \/><\/a><figcaption id=\"caption-attachment-24584\" class=\"wp-caption-text\">L\u2019ing\u00e9nieur \u00e9lectricien Victoire Muhindo d\u00e9montre comment fonctionne sa machine automatique de lavage des mains pour aider \u00e0 combattre l\u2019Ebola dans la R\u00e9publique d\u00e9mocratique du Congo.<\/figcaption><\/figure>\n<p><b><i>La communaut\u00e9 doit \u00eatre engag\u00e9e dans la r\u00e9ponse.<\/i><\/b> Une approche universelle \u00e0 l\u2019engagement public ne fonctionne pas. Chaque communaut\u00e9 est unique et souhaite des intervenants qui sont familiaris\u00e9s avec la r\u00e9gion et parlent la langue locale. Parfois, lorsque des \u00e9trangers essaient de porter assistance, ils sont accueillis par la r\u00e9sistance et l\u2019incr\u00e9dulit\u00e9. Dans bien des cas, la science et le contr\u00f4le de la maladie s\u2019opposent aux coutumes locales.<\/p>\n<p><b><i>Former les professionnels des soins de sant\u00e9 sur les caract\u00e9ristiques de la maladie.<\/i><\/b> Pendant l\u2019\u00e9pid\u00e9mie d\u2019Ebola en RDC, une \u00e9tude a indiqu\u00e9 que 85 % du personnel clinicien croyaient qu\u2019ils pouvaient \u00e9viter l\u2019infection s\u2019ils ne serraient pas la main ou ne touchaient pas les gens. La correction de cette fiction fut une partie critique de la r\u00e9ponse, en particulier pour les professionnels de la sant\u00e9.<\/p>\n<p><b><i>Soutenir les survivants.<\/i><\/b> Pendant la crise de l\u2019Ebola en Afrique de l\u2019Ouest, les survivants n\u2019obtenaient pas l\u2019attention de suivi dont ils avaient besoin pour faire face aux d\u00e9fis m\u00e9dicaux, psychologiques et sociaux potentiels. Ils avaient besoin de soutien pour r\u00e9duire au minimum les risques de transmission additionnelle de la maladie.<\/p>\n<p>Selon la maladie, les professionnels de la sant\u00e9 doivent \u00e9tablir des protocoles de suivi. Les survivants de l\u2019Ebola ont obtenu des examens mensuels de suivi pendant six mois et des examens trimestriels pendant un an.<\/p>\n<p>Les survivants de l\u2019Ebola ont souvent des probl\u00e8mes de vision, pouvant m\u00eame conduire \u00e0 la c\u00e9cit\u00e9 permanente. En Afrique de l\u2019Ouest, des cliniques des yeux ont \u00e9t\u00e9 \u00e9tablies de bonne heure pour identifier et traiter les gens.<\/p>\n<p><b><i>Organiser un m\u00e9canisme de financement de la r\u00e9ponse rapide.<\/i><\/b> Les \u00e9pid\u00e9mies de maladie avancent souvent plus rapidement que l\u2019affectation de l\u2019argent \u00e0 la r\u00e9ponse. Du fait des \u00e9pid\u00e9mies d\u2019Ebola, l\u2019OMS a appris \u00e0 mettre en place une r\u00e9ponse rapide appel\u00e9e le Fonds de contingence pour les urgences, pour que l\u2019argent soit imm\u00e9diatement disponible pour faire d\u00e9marrer la r\u00e9ponse.<\/p>\n<p>Le fonds est \u00e9tonnamment versatile. L\u2019OMS l\u2019a utilis\u00e9 pour r\u00e9pondre \u00e0 plus de 100 \u00e9v\u00e9nements, notamment les \u00e9pid\u00e9mies d\u2019Ebola, les cyclones au Mozambique et la crise des r\u00e9fugi\u00e9s rohingya au Bangladesh.<\/p>\n<p><b><i>Une crise est une opportunit\u00e9 de construire des ponts.<\/i><\/b> Les crises m\u00e9dicales exigent que les scientifiques et les professionnels des soins de sant\u00e9 travaillent \u00e9troitement avec le public. L\u2019\u00e9pid\u00e9mie du sida a montr\u00e9 que la collaboration entre les chercheurs et le public \u00e9tait possible, et n\u00e9cessaire.<\/p>\n<p><i>The New England Journal of Medicine<\/i> explique : \u00ab Les champions du sida ont fait pression sur les scientifiques pour qu\u2019ils agissent plus rapidement, pour qu\u2019ils soient plus transparents et qu\u2019ils communiquent clairement la justification et les m\u00e9thodes scientifiques. Les r\u00e9sultats ont \u00e9t\u00e9 des \u00e9ch\u00e9anciers plus courts pour l\u2019investigation scientifique, les examens r\u00e8glementaires et la mise en \u0153uvre des interventions efficaces. \u00bb<span class=\"Apple-converted-space\">\u00a0\u00a0<\/span><\/p>\n<hr \/>\n<p><b>Le num\u00e9rique change tout<\/b><\/p>\n<p>Personnel D\u2019<i>ADF<\/i><\/p>\n<p>Les \u00e9pid\u00e9mies d\u2019Ebola ont confirm\u00e9 la valeur d\u2019utiliser les donn\u00e9es num\u00e9riques et les t\u00e9l\u00e9phones mobiles comme outils m\u00e9dicaux. Des programmes mobiles d\u2019archivage \u00e9lectronique des dossiers de sant\u00e9, appel\u00e9s parfois mHealth, offrent souvent quelque chose que l\u2019archivage traditionnel ne peut pas offrir : la vitesse et la polyvalence.<\/p>\n<p>Dans sa recherche sur les \u00e9pid\u00e9mies d\u2019Ebola, la Fondation des initiatives de sant\u00e9 d\u00e9clare que mHealth permet aux responsables de \u00ab diffuser rapidement les derni\u00e8res informations aux professionnels des soins de sant\u00e9 en premi\u00e8re ligne \u00bb. La fondation ajoute que l\u2019acc\u00e9l\u00e9ration des communications est \u00ab g\u00e9n\u00e9ralement b\u00e9n\u00e9fique pour toute r\u00e9ponse \u00e9tendue de sant\u00e9 publique \u00bb.<\/p>\n<p>Dans une \u00e9tude de 2015, la Brookings Institution note que les unit\u00e9s de traitement de l\u2019Ebola b\u00e9n\u00e9ficient de l\u2019utilisation des dossiers num\u00e9riques plut\u00f4t que des documents papier, en partie parce que les dossiers papiers ne peuvent pas \u00eatre retir\u00e9s d\u2019une unit\u00e9 de traitement. Deborah Theobald, cofondatrice de Vecna Technologies (qui a cr\u00e9\u00e9 la plateforme mHealth au Nigeria), remarque que \u00ab si le patient est isol\u00e9, la documentation papier l\u2019est aussi \u00bb.<\/p>\n<p>Brookings note que, malgr\u00e9 les avantages de mHealth, les obstacles existant dans certains pays emp\u00eacheront de b\u00e9n\u00e9ficier pleinement de ces technologies. Un grand nombre de pays en voie de d\u00e9veloppement manquent d\u2019infrastructure \u00e9lectrique n\u00e9cessaire pour exploiter les appareils mobiles. Et m\u00eame apr\u00e8s l\u2019Ebola, de nombreux pays continuent \u00e0 avoir une r\u00e9glementation de soins de sant\u00e9 difficile.<span class=\"Apple-converted-space\">\u00a0<\/span><\/p>\n<p>L\u2019institut remarque : \u00ab Il faut souvent une situation d\u2019urgence comme la crise de l\u2019Ebola pour mettre en place des changements importants. Le succ\u00e8s \u00e0 long terme est possible seulement si les leaders cr\u00e9ent un environnement qui est plus convivial pour mHealth. \u00bb<\/p>\n<hr \/>\n<p><b>L\u2019exp\u00e9rience se traduit par la polyvalence<\/b><\/p>\n<p>Personnel D\u2019<i>ADF<\/i><\/p>\n<p>L\u2019exp\u00e9rience pour faire face \u00e0 l\u2019Ebola s\u2019est av\u00e9r\u00e9e si pr\u00e9cieuse que les \u00ab v\u00e9t\u00e9rans \u00bb de l\u2019Ebola sont envoy\u00e9s aux points sensibles du Covid-19 pour employer leur expertise.<\/p>\n<p>Au d\u00e9but 2020, Chiara Camassa, responsable administrative pour le PAM (Programme alimentaire mondial des Nations unies), a \u00e9t\u00e9 envoy\u00e9e en Ha\u00efti comme \u00ab point focal \u00bb de l\u2019agence pour les questions li\u00e9es au Covid-19. Son affectation \u00e9tait due \u00e0 son exp\u00e9-rience avec l\u2019Ebola en Afrique de l\u2019Ouest en 2014.<\/p>\n<p>Pendant la crise de l\u2019Ebola, Mme Camassa avait travaill\u00e9 \u00e0 partir du centre de r\u00e9ponse r\u00e9gional du PAM \u00e0 Accra (Ghana), selon les Nations unies. Elle avait d\u00fb s\u2019adapter rapidement et son r\u00f4le s\u2019\u00e9tait \u00e9tendu bien au-del\u00e0 de la distribution alimentaire. \u00ab Elle \u00e9tait responsable pour le d\u00e9ploiement et le suivi des ressources, surtout des g\u00e9n\u00e9ratrices, des structures pr\u00e9fabriqu\u00e9es, des structures sanitaires et autre mat\u00e9riel pour les centres de traitement, les bureaux et l\u2019infrastructure dans tous les trois pays affect\u00e9s : la Guin\u00e9e, le Liberia et la Sierra Leone \u00bb, d\u00e9clare l\u2019ONU.<\/p>\n<p>Natasha Nadazdin du PAM d\u00e9clare que la mortalit\u00e9 pendant la crise de l\u2019Ebola aurait pu \u00eatre beaucoup plus \u00e9lev\u00e9e si son agence n\u2019\u00e9tait pas sortie de ses domaines traditionnels d\u2019expertise.<\/p>\n<figure id=\"attachment_24596\" aria-describedby=\"caption-attachment-24596\" style=\"width: 1080px\" class=\"wp-caption aligncenter\"><a href=\"https:\/\/adf-magazine.com\/wp-content\/uploads\/2021\/06\/DRC_1183891497_CMYK.jpg\"><img loading=\"lazy\" decoding=\"async\" class=\"size-full wp-image-24596\" src=\"https:\/\/adf-magazine.com\/wp-content\/uploads\/2021\/06\/DRC_1183891497_CMYK.jpg\" alt=\"\" width=\"1080\" height=\"720\" srcset=\"https:\/\/adf-magazine.com\/wp-content\/uploads\/2021\/06\/DRC_1183891497_CMYK.jpg 1080w, https:\/\/adf-magazine.com\/wp-content\/uploads\/2021\/06\/DRC_1183891497_CMYK-300x200.jpg 300w, https:\/\/adf-magazine.com\/wp-content\/uploads\/2021\/06\/DRC_1183891497_CMYK-1024x683.jpg 1024w, https:\/\/adf-magazine.com\/wp-content\/uploads\/2021\/06\/DRC_1183891497_CMYK-768x512.jpg 768w, https:\/\/adf-magazine.com\/wp-content\/uploads\/2021\/06\/DRC_1183891497_CMYK-272x182.jpg 272w\" sizes=\"(max-width: 1080px) 100vw, 1080px\" \/><\/a><figcaption id=\"caption-attachment-24596\" class=\"wp-caption-text\">Un m\u00e9decin est inocul\u00e9 avec un vaccin de l\u2019Ebola \u00e0 Goma (R\u00e9publique d\u00e9mocratique du Congo).<\/figcaption><\/figure>\n<p>Selon le rapport de l\u2019ONU, elle dit : \u00ab L\u2019id\u00e9e initiale \u00e9tait le fait qu\u2019il s\u2019agissait d\u2019une crise m\u00e9dicale et que nous ne pouvions pas franchir certaines limites, nous ne devions pas faire ce que l\u2019Organisation mondiale de la sant\u00e9 (OMS) devait faire. Mais lorsque nous avons r\u00e9alis\u00e9 la dimension potentielle de cette crise, il est alors devenu clair que le PAM devait s\u2019impliquer tr\u00e8s s\u00e9rieusement \u00e0 cause de sa capacit\u00e9 logistique d\u2019achat rapide et d\u2019organisation de la cha\u00eene d\u2019approvisionnement. \u00bb<\/p>\n<p>Dans un \u00e9ditorial de 2015, Margaret Chan, directrice de l\u2019OMS \u00e0 l\u2019\u00e9poque, \u00e9crivit : \u00ab L\u2019\u00e9pid\u00e9mie d\u2019Ebola nous a enseign\u00e9 un grand nombre de le\u00e7ons, parmi lesquelles le fait que la r\u00e9ponse aux \u00e9pid\u00e9mies et aux urgences doit commencer et finir au niveau du terrain. Cela veut dire que certaines capacit\u00e9s cl\u00e9s doivent \u00eatre en place avant de lancer une r\u00e9ponse, notamment le leadership et la coordination, le soutien technique, la logistique, la gestion des ressources humaines et les communications. \u00bb<\/p>\n<p>\u00ab Elle a aussi montr\u00e9 que les organisations qui \u0153uvrent pour contenir les \u00e9pid\u00e9mies et les urgences doivent collaborer \u00e9troitement. \u00bb<\/p>\n","protected":false},"excerpt":{"rendered":"<p>Personnel D\u2019ADF | Photos par AFP\/Getty Images Au d\u00e9but de l\u2019\u00e9pid\u00e9mie d\u2019Ebola de 2018 dans la r\u00e9gion orientale de la R\u00e9publique d\u00e9mocratique du Congo (RDC), les enqu\u00eateurs de recherche des contacts utilisaient des formulaires papier et les ont remplis chaque jour pour chaque contact effectu\u00e9. \u00c0 la fin de la journ\u00e9e, les enqu\u00eateurs remettaient les<\/p>\n","protected":false},"author":1,"featured_media":24580,"comment_status":"open","ping_status":"open","sticky":false,"template":"","format":"standard","meta":{"_acf_changed":false,"_monsterinsights_skip_tracking":false,"_monsterinsights_sitenote_active":false,"_monsterinsights_sitenote_note":"","_monsterinsights_sitenote_category":0,"_uf_show_specific_survey":0,"_uf_disable_surveys":false,"footnotes":""},"categories":[42],"tags":[],"class_list":{"0":"post-25046","1":"post","2":"type-post","3":"status-publish","4":"format-standard","5":"has-post-thumbnail","7":"category-articles"},"acf":[],"yoast_head":"<!-- This site is optimized with the Yoast SEO plugin v27.5 - https:\/\/yoast.com\/product\/yoast-seo-wordpress\/ -->\n<title>La RDC utilise son exp\u00e9rience pour combattre le Covid-19 - Africa Defense Forum<\/title>\n<meta name=\"robots\" content=\"index, follow, max-snippet:-1, max-image-preview:large, max-video-preview:-1\" \/>\n<link rel=\"canonical\" href=\"https:\/\/adf-magazine.com\/fr\/2021\/06\/la-rdc-utilise-son-experience-pour-combattre-le-covid-19\/\" \/>\n<meta property=\"og:locale\" content=\"fr_FR\" \/>\n<meta property=\"og:type\" content=\"article\" \/>\n<meta property=\"og:title\" content=\"La RDC utilise son exp\u00e9rience pour combattre le Covid-19 - Africa Defense Forum\" \/>\n<meta property=\"og:description\" content=\"Personnel D\u2019ADF | Photos par AFP\/Getty Images Au d\u00e9but de l\u2019\u00e9pid\u00e9mie d\u2019Ebola de 2018 dans la r\u00e9gion orientale de la R\u00e9publique d\u00e9mocratique du Congo (RDC), les enqu\u00eateurs de recherche des contacts utilisaient des formulaires papier et les ont remplis chaque jour pour chaque contact effectu\u00e9. \u00c0 la fin de la journ\u00e9e, les enqu\u00eateurs remettaient les\" \/>\n<meta property=\"og:url\" content=\"https:\/\/adf-magazine.com\/fr\/2021\/06\/la-rdc-utilise-son-experience-pour-combattre-le-covid-19\/\" \/>\n<meta property=\"og:site_name\" content=\"Africa Defense Forum\" \/>\n<meta property=\"article:publisher\" content=\"https:\/\/www.facebook.com\/ADFmagazine\/\" \/>\n<meta property=\"article:published_time\" content=\"2021-06-21T16:55:07+00:00\" \/>\n<meta property=\"article:modified_time\" content=\"2021-07-19T15:26:58+00:00\" \/>\n<meta property=\"og:image\" content=\"https:\/\/adf-magazine.com\/wp-content\/uploads\/2021\/06\/DRC_1129577302_CMYK.jpg\" \/>\n\t<meta property=\"og:image:width\" content=\"1080\" \/>\n\t<meta property=\"og:image:height\" content=\"720\" \/>\n\t<meta property=\"og:image:type\" content=\"image\/jpeg\" \/>\n<meta name=\"author\" content=\"ADF\" \/>\n<meta name=\"twitter:card\" content=\"summary_large_image\" \/>\n<meta name=\"twitter:image\" content=\"https:\/\/adf-magazine.com\/wp-content\/uploads\/2021\/06\/DRC_1129577302_CMYK.jpg\" \/>\n<meta name=\"twitter:creator\" content=\"@ADFmagazine\" \/>\n<meta name=\"twitter:site\" content=\"@ADFmagazine\" \/>\n<meta name=\"twitter:label1\" content=\"\u00c9crit par\" \/>\n\t<meta name=\"twitter:data1\" content=\"ADF\" \/>\n\t<meta name=\"twitter:label2\" content=\"Dur\u00e9e de lecture estim\u00e9e\" \/>\n\t<meta name=\"twitter:data2\" content=\"10 minutes\" \/>\n<script type=\"application\/ld+json\" class=\"yoast-schema-graph\">{\"@context\":\"https:\\\/\\\/schema.org\",\"@graph\":[{\"@type\":\"Article\",\"@id\":\"https:\\\/\\\/adf-magazine.com\\\/fr\\\/2021\\\/06\\\/la-rdc-utilise-son-experience-pour-combattre-le-covid-19\\\/#article\",\"isPartOf\":{\"@id\":\"https:\\\/\\\/adf-magazine.com\\\/fr\\\/2021\\\/06\\\/la-rdc-utilise-son-experience-pour-combattre-le-covid-19\\\/\"},\"author\":{\"name\":\"ADF\",\"@id\":\"https:\\\/\\\/adf-magazine.com\\\/#\\\/schema\\\/person\\\/f266a6061389568b5a11465bb38bc025\"},\"headline\":\"La RDC utilise son exp\u00e9rience pour combattre le Covid-19\",\"datePublished\":\"2021-06-21T16:55:07+00:00\",\"dateModified\":\"2021-07-19T15:26:58+00:00\",\"mainEntityOfPage\":{\"@id\":\"https:\\\/\\\/adf-magazine.com\\\/fr\\\/2021\\\/06\\\/la-rdc-utilise-son-experience-pour-combattre-le-covid-19\\\/\"},\"wordCount\":2201,\"commentCount\":0,\"image\":{\"@id\":\"https:\\\/\\\/adf-magazine.com\\\/fr\\\/2021\\\/06\\\/la-rdc-utilise-son-experience-pour-combattre-le-covid-19\\\/#primaryimage\"},\"thumbnailUrl\":\"https:\\\/\\\/adf-magazine.com\\\/wp-content\\\/uploads\\\/2021\\\/06\\\/DRC_1016731408_CMYK.jpg\",\"articleSection\":[\"articles\"],\"inLanguage\":\"fr-FR\",\"potentialAction\":[{\"@type\":\"CommentAction\",\"name\":\"Comment\",\"target\":[\"https:\\\/\\\/adf-magazine.com\\\/fr\\\/2021\\\/06\\\/la-rdc-utilise-son-experience-pour-combattre-le-covid-19\\\/#respond\"]}]},{\"@type\":\"WebPage\",\"@id\":\"https:\\\/\\\/adf-magazine.com\\\/fr\\\/2021\\\/06\\\/la-rdc-utilise-son-experience-pour-combattre-le-covid-19\\\/\",\"url\":\"https:\\\/\\\/adf-magazine.com\\\/fr\\\/2021\\\/06\\\/la-rdc-utilise-son-experience-pour-combattre-le-covid-19\\\/\",\"name\":\"La RDC utilise son exp\u00e9rience pour combattre le Covid-19 - Africa Defense Forum\",\"isPartOf\":{\"@id\":\"https:\\\/\\\/adf-magazine.com\\\/#website\"},\"primaryImageOfPage\":{\"@id\":\"https:\\\/\\\/adf-magazine.com\\\/fr\\\/2021\\\/06\\\/la-rdc-utilise-son-experience-pour-combattre-le-covid-19\\\/#primaryimage\"},\"image\":{\"@id\":\"https:\\\/\\\/adf-magazine.com\\\/fr\\\/2021\\\/06\\\/la-rdc-utilise-son-experience-pour-combattre-le-covid-19\\\/#primaryimage\"},\"thumbnailUrl\":\"https:\\\/\\\/adf-magazine.com\\\/wp-content\\\/uploads\\\/2021\\\/06\\\/DRC_1016731408_CMYK.jpg\",\"datePublished\":\"2021-06-21T16:55:07+00:00\",\"dateModified\":\"2021-07-19T15:26:58+00:00\",\"author\":{\"@id\":\"https:\\\/\\\/adf-magazine.com\\\/#\\\/schema\\\/person\\\/f266a6061389568b5a11465bb38bc025\"},\"breadcrumb\":{\"@id\":\"https:\\\/\\\/adf-magazine.com\\\/fr\\\/2021\\\/06\\\/la-rdc-utilise-son-experience-pour-combattre-le-covid-19\\\/#breadcrumb\"},\"inLanguage\":\"fr-FR\",\"potentialAction\":[{\"@type\":\"ReadAction\",\"target\":[\"https:\\\/\\\/adf-magazine.com\\\/fr\\\/2021\\\/06\\\/la-rdc-utilise-son-experience-pour-combattre-le-covid-19\\\/\"]}]},{\"@type\":\"ImageObject\",\"inLanguage\":\"fr-FR\",\"@id\":\"https:\\\/\\\/adf-magazine.com\\\/fr\\\/2021\\\/06\\\/la-rdc-utilise-son-experience-pour-combattre-le-covid-19\\\/#primaryimage\",\"url\":\"https:\\\/\\\/adf-magazine.com\\\/wp-content\\\/uploads\\\/2021\\\/06\\\/DRC_1016731408_CMYK.jpg\",\"contentUrl\":\"https:\\\/\\\/adf-magazine.com\\\/wp-content\\\/uploads\\\/2021\\\/06\\\/DRC_1016731408_CMYK.jpg\",\"width\":1080,\"height\":720},{\"@type\":\"BreadcrumbList\",\"@id\":\"https:\\\/\\\/adf-magazine.com\\\/fr\\\/2021\\\/06\\\/la-rdc-utilise-son-experience-pour-combattre-le-covid-19\\\/#breadcrumb\",\"itemListElement\":[{\"@type\":\"ListItem\",\"position\":1,\"name\":\"page d\u2019accueil\",\"item\":\"https:\\\/\\\/adf-magazine.com\\\/\"},{\"@type\":\"ListItem\",\"position\":2,\"name\":\"La RDC utilise son exp\u00e9rience pour combattre le Covid-19\"}]},{\"@type\":\"WebSite\",\"@id\":\"https:\\\/\\\/adf-magazine.com\\\/#website\",\"url\":\"https:\\\/\\\/adf-magazine.com\\\/\",\"name\":\"Africa Defense Forum\",\"description\":\"Africa Defense Forum\",\"potentialAction\":[{\"@type\":\"SearchAction\",\"target\":{\"@type\":\"EntryPoint\",\"urlTemplate\":\"https:\\\/\\\/adf-magazine.com\\\/?s={search_term_string}\"},\"query-input\":{\"@type\":\"PropertyValueSpecification\",\"valueRequired\":true,\"valueName\":\"search_term_string\"}}],\"inLanguage\":\"fr-FR\"},{\"@type\":\"Person\",\"@id\":\"https:\\\/\\\/adf-magazine.com\\\/#\\\/schema\\\/person\\\/f266a6061389568b5a11465bb38bc025\",\"name\":\"ADF\",\"image\":{\"@type\":\"ImageObject\",\"inLanguage\":\"fr-FR\",\"@id\":\"https:\\\/\\\/adf-magazine.com\\\/wp-content\\\/uploads\\\/2020\\\/05\\\/cropped-ADF_icon.jpg\",\"url\":\"https:\\\/\\\/adf-magazine.com\\\/wp-content\\\/uploads\\\/2020\\\/05\\\/cropped-ADF_icon.jpg\",\"contentUrl\":\"https:\\\/\\\/adf-magazine.com\\\/wp-content\\\/uploads\\\/2020\\\/05\\\/cropped-ADF_icon.jpg\",\"caption\":\"ADF\"},\"description\":\"ADF is a professional military magazine published quarterly by U.S. Africa Command to provide an international forum for African security professionals. ADF covers topics such as counter terrorism strategies, security and defense operations, transnational crime, and all other issues affecting peace, stability, and good governance on the African continent.\",\"sameAs\":[\"https:\\\/\\\/x.com\\\/ADFmagazine\"],\"url\":\"https:\\\/\\\/adf-magazine.com\\\/fr\\\/author\\\/adf\\\/\"}]}<\/script>\n<!-- \/ Yoast SEO plugin. -->","yoast_head_json":{"title":"La RDC utilise son exp\u00e9rience pour combattre le Covid-19 - Africa Defense Forum","robots":{"index":"index","follow":"follow","max-snippet":"max-snippet:-1","max-image-preview":"max-image-preview:large","max-video-preview":"max-video-preview:-1"},"canonical":"https:\/\/adf-magazine.com\/fr\/2021\/06\/la-rdc-utilise-son-experience-pour-combattre-le-covid-19\/","og_locale":"fr_FR","og_type":"article","og_title":"La RDC utilise son exp\u00e9rience pour combattre le Covid-19 - Africa Defense Forum","og_description":"Personnel D\u2019ADF | Photos par AFP\/Getty Images Au d\u00e9but de l\u2019\u00e9pid\u00e9mie d\u2019Ebola de 2018 dans la r\u00e9gion orientale de la R\u00e9publique d\u00e9mocratique du Congo (RDC), les enqu\u00eateurs de recherche des contacts utilisaient des formulaires papier et les ont remplis chaque jour pour chaque contact effectu\u00e9. \u00c0 la fin de la journ\u00e9e, les enqu\u00eateurs remettaient les","og_url":"https:\/\/adf-magazine.com\/fr\/2021\/06\/la-rdc-utilise-son-experience-pour-combattre-le-covid-19\/","og_site_name":"Africa Defense Forum","article_publisher":"https:\/\/www.facebook.com\/ADFmagazine\/","article_published_time":"2021-06-21T16:55:07+00:00","article_modified_time":"2021-07-19T15:26:58+00:00","og_image":[{"width":1080,"height":720,"url":"https:\/\/adf-magazine.com\/wp-content\/uploads\/2021\/06\/DRC_1129577302_CMYK.jpg","type":"image\/jpeg"}],"author":"ADF","twitter_card":"summary_large_image","twitter_image":"https:\/\/adf-magazine.com\/wp-content\/uploads\/2021\/06\/DRC_1129577302_CMYK.jpg","twitter_creator":"@ADFmagazine","twitter_site":"@ADFmagazine","twitter_misc":{"\u00c9crit par":"ADF","Dur\u00e9e de lecture estim\u00e9e":"10 minutes"},"schema":{"@context":"https:\/\/schema.org","@graph":[{"@type":"Article","@id":"https:\/\/adf-magazine.com\/fr\/2021\/06\/la-rdc-utilise-son-experience-pour-combattre-le-covid-19\/#article","isPartOf":{"@id":"https:\/\/adf-magazine.com\/fr\/2021\/06\/la-rdc-utilise-son-experience-pour-combattre-le-covid-19\/"},"author":{"name":"ADF","@id":"https:\/\/adf-magazine.com\/#\/schema\/person\/f266a6061389568b5a11465bb38bc025"},"headline":"La RDC utilise son exp\u00e9rience pour combattre le Covid-19","datePublished":"2021-06-21T16:55:07+00:00","dateModified":"2021-07-19T15:26:58+00:00","mainEntityOfPage":{"@id":"https:\/\/adf-magazine.com\/fr\/2021\/06\/la-rdc-utilise-son-experience-pour-combattre-le-covid-19\/"},"wordCount":2201,"commentCount":0,"image":{"@id":"https:\/\/adf-magazine.com\/fr\/2021\/06\/la-rdc-utilise-son-experience-pour-combattre-le-covid-19\/#primaryimage"},"thumbnailUrl":"https:\/\/adf-magazine.com\/wp-content\/uploads\/2021\/06\/DRC_1016731408_CMYK.jpg","articleSection":["articles"],"inLanguage":"fr-FR","potentialAction":[{"@type":"CommentAction","name":"Comment","target":["https:\/\/adf-magazine.com\/fr\/2021\/06\/la-rdc-utilise-son-experience-pour-combattre-le-covid-19\/#respond"]}]},{"@type":"WebPage","@id":"https:\/\/adf-magazine.com\/fr\/2021\/06\/la-rdc-utilise-son-experience-pour-combattre-le-covid-19\/","url":"https:\/\/adf-magazine.com\/fr\/2021\/06\/la-rdc-utilise-son-experience-pour-combattre-le-covid-19\/","name":"La RDC utilise son exp\u00e9rience pour combattre le Covid-19 - Africa Defense Forum","isPartOf":{"@id":"https:\/\/adf-magazine.com\/#website"},"primaryImageOfPage":{"@id":"https:\/\/adf-magazine.com\/fr\/2021\/06\/la-rdc-utilise-son-experience-pour-combattre-le-covid-19\/#primaryimage"},"image":{"@id":"https:\/\/adf-magazine.com\/fr\/2021\/06\/la-rdc-utilise-son-experience-pour-combattre-le-covid-19\/#primaryimage"},"thumbnailUrl":"https:\/\/adf-magazine.com\/wp-content\/uploads\/2021\/06\/DRC_1016731408_CMYK.jpg","datePublished":"2021-06-21T16:55:07+00:00","dateModified":"2021-07-19T15:26:58+00:00","author":{"@id":"https:\/\/adf-magazine.com\/#\/schema\/person\/f266a6061389568b5a11465bb38bc025"},"breadcrumb":{"@id":"https:\/\/adf-magazine.com\/fr\/2021\/06\/la-rdc-utilise-son-experience-pour-combattre-le-covid-19\/#breadcrumb"},"inLanguage":"fr-FR","potentialAction":[{"@type":"ReadAction","target":["https:\/\/adf-magazine.com\/fr\/2021\/06\/la-rdc-utilise-son-experience-pour-combattre-le-covid-19\/"]}]},{"@type":"ImageObject","inLanguage":"fr-FR","@id":"https:\/\/adf-magazine.com\/fr\/2021\/06\/la-rdc-utilise-son-experience-pour-combattre-le-covid-19\/#primaryimage","url":"https:\/\/adf-magazine.com\/wp-content\/uploads\/2021\/06\/DRC_1016731408_CMYK.jpg","contentUrl":"https:\/\/adf-magazine.com\/wp-content\/uploads\/2021\/06\/DRC_1016731408_CMYK.jpg","width":1080,"height":720},{"@type":"BreadcrumbList","@id":"https:\/\/adf-magazine.com\/fr\/2021\/06\/la-rdc-utilise-son-experience-pour-combattre-le-covid-19\/#breadcrumb","itemListElement":[{"@type":"ListItem","position":1,"name":"page d\u2019accueil","item":"https:\/\/adf-magazine.com\/"},{"@type":"ListItem","position":2,"name":"La RDC utilise son exp\u00e9rience pour combattre le Covid-19"}]},{"@type":"WebSite","@id":"https:\/\/adf-magazine.com\/#website","url":"https:\/\/adf-magazine.com\/","name":"Africa Defense Forum","description":"Africa Defense Forum","potentialAction":[{"@type":"SearchAction","target":{"@type":"EntryPoint","urlTemplate":"https:\/\/adf-magazine.com\/?s={search_term_string}"},"query-input":{"@type":"PropertyValueSpecification","valueRequired":true,"valueName":"search_term_string"}}],"inLanguage":"fr-FR"},{"@type":"Person","@id":"https:\/\/adf-magazine.com\/#\/schema\/person\/f266a6061389568b5a11465bb38bc025","name":"ADF","image":{"@type":"ImageObject","inLanguage":"fr-FR","@id":"https:\/\/adf-magazine.com\/wp-content\/uploads\/2020\/05\/cropped-ADF_icon.jpg","url":"https:\/\/adf-magazine.com\/wp-content\/uploads\/2020\/05\/cropped-ADF_icon.jpg","contentUrl":"https:\/\/adf-magazine.com\/wp-content\/uploads\/2020\/05\/cropped-ADF_icon.jpg","caption":"ADF"},"description":"ADF is a professional military magazine published quarterly by U.S. Africa Command to provide an international forum for African security professionals. ADF covers topics such as counter terrorism strategies, security and defense operations, transnational crime, and all other issues affecting peace, stability, and good governance on the African continent.","sameAs":["https:\/\/x.com\/ADFmagazine"],"url":"https:\/\/adf-magazine.com\/fr\/author\/adf\/"}]}},"_links":{"self":[{"href":"https:\/\/adf-magazine.com\/fr\/wp-json\/wp\/v2\/posts\/25046","targetHints":{"allow":["GET"]}}],"collection":[{"href":"https:\/\/adf-magazine.com\/fr\/wp-json\/wp\/v2\/posts"}],"about":[{"href":"https:\/\/adf-magazine.com\/fr\/wp-json\/wp\/v2\/types\/post"}],"author":[{"embeddable":true,"href":"https:\/\/adf-magazine.com\/fr\/wp-json\/wp\/v2\/users\/1"}],"replies":[{"embeddable":true,"href":"https:\/\/adf-magazine.com\/fr\/wp-json\/wp\/v2\/comments?post=25046"}],"version-history":[{"count":0,"href":"https:\/\/adf-magazine.com\/fr\/wp-json\/wp\/v2\/posts\/25046\/revisions"}],"wp:featuredmedia":[{"embeddable":true,"href":"https:\/\/adf-magazine.com\/fr\/wp-json\/wp\/v2\/media\/24580"}],"wp:attachment":[{"href":"https:\/\/adf-magazine.com\/fr\/wp-json\/wp\/v2\/media?parent=25046"}],"wp:term":[{"taxonomy":"category","embeddable":true,"href":"https:\/\/adf-magazine.com\/fr\/wp-json\/wp\/v2\/categories?post=25046"},{"taxonomy":"post_tag","embeddable":true,"href":"https:\/\/adf-magazine.com\/fr\/wp-json\/wp\/v2\/tags?post=25046"}],"curies":[{"name":"wp","href":"https:\/\/api.w.org\/{rel}","templated":true}]}}