{"id":25009,"date":"2021-06-16T13:11:51","date_gmt":"2021-06-16T17:11:51","guid":{"rendered":"https:\/\/adf-magazine.com\/?p=25009"},"modified":"2021-06-16T13:12:24","modified_gmt":"2021-06-16T17:12:24","slug":"la-mort-du-chef-de-boko-haram-pourrait-faire-pencher-le-rapport-de-force-au-sahel","status":"publish","type":"post","link":"https:\/\/adf-magazine.com\/fr\/2021\/06\/la-mort-du-chef-de-boko-haram-pourrait-faire-pencher-le-rapport-de-force-au-sahel\/","title":{"rendered":"La mort du chef de Boko Haram pourrait faire pencher le rapport de force au Sahel"},"content":{"rendered":"<p>PERSONNEL D\u2019<em>ADF<\/em><\/p>\n<p>La mort pr\u00e9sum\u00e9e d\u2019Abubakar Shekau, chef de Boko Haram, au Nigeria en mai dernier met en doute l\u2019avenir de cette organisation extr\u00e9miste notoire dans le pays et marque la possibilit\u00e9 d\u2019un transfert de pouvoir pour le b\u00e9n\u00e9fice de son rival, la Province d\u2019Afrique de l\u2019Ouest de l\u2019\u00c9tat islamique (PAOEI).<\/p>\n<p>Les forces arm\u00e9es nig\u00e9rianes d\u00e9clarent qu\u2019elles essaient de confirmer les all\u00e9gations de la PAOEI. C\u2019est la sixi\u00e8me fois depuis 2009 que la mort d\u2019Abubakar Shekau est annonc\u00e9e. Cette ann\u00e9e, apr\u00e8s avoir surv\u00e9cu une attaque au Niger, il \u00e9tait revenu au Nigeria et avait pris le contr\u00f4le de Boko Haram.<\/p>\n<p>Sous son contr\u00f4le, l\u2019organisation est devenue plus violente en massacrant des milliers de personnes et provoquant la fuite de plus de 2 millions de leur foyer.<\/p>\n<p>Bien qu\u2019il n\u2019ait pas \u00e9t\u00e9 vu depuis l\u2019annonce de sa mort, un enregistrement audio de sa voix s\u2019exprimant dans la langue haoussa a commenc\u00e9 \u00e0 \u00eatre diffus\u00e9 dans la r\u00e9gion deux jours apr\u00e8s l\u2019affrontement avec la PAOEI.<\/p>\n<p>Boko Haram et la PAOEI s\u2019affrontent depuis que la PAOEI s\u2019est s\u00e9par\u00e9e en 2016, apr\u00e8s l\u2019opposition de ses chefs contre les tactiques brutales qu\u2019Abubakar Shekau employait contre les coreligionnaires musulmans dans le Nord-Est. Depuis lors, la PAOEI bas\u00e9e pr\u00e8s du lac Tchad s\u2019est d\u00e9velopp\u00e9e. L\u2019International Crisis Group estime que la PAOEI poss\u00e8de 5.000 membres, compar\u00e9 aux 2.000 de Boko Haram.<\/p>\n<p>Depuis 2019, la PAOEI \u00e9tend davantage son territoire, au Nord du Nigeria et dans le pays voisin du Cameroun\u00a0; elle est aussi influente au Niger et au Tchad. La for\u00eat de Sambisa avait \u00e9chapp\u00e9 \u00e0 son contr\u00f4le et Boko Haram y \u00e9tait bas\u00e9 jusqu\u2019aux combats de mai.<\/p>\n<p>L\u2019analyste de la s\u00e9curit\u00e9 Bish Johnson a d\u00e9clar\u00e9 \u00e0 Plus TV Africa bas\u00e9e au Nigeria\u00a0: \u00ab\u00a0Ils se battent pour la supr\u00e9matie et la renomm\u00e9e\u00a0: le groupe qui obtiendra les hommages du public. Le fait qu\u2019ils se battent entre eux est une bonne nouvelle.\u00a0\u00bb<\/p>\n<p>Mais comme beaucoup d\u2019autres analystes, M. Johnson avertit qu\u2019il ne faut pas accepter les nouvelles du d\u00e9c\u00e8s de M. Shekau sans preuve.<\/p>\n<p>\u00ab\u00a0Observez le corps avant de le d\u00e9clarer mort, puis utilisez son ADN pour confirmer\u00a0\u00bb, d\u00e9clare l\u2019expert en s\u00e9curit\u00e9 Ona Ekhomu \u00e0 TVC News Nigeria.<\/p>\n<p>Bien que certains analystes consid\u00e8rent que la mort d\u2019Abubakar Shekau, si elle est confirm\u00e9e, repr\u00e9sente probablement la fin de Boko Haram, M. Johnson pense que cette organisation se regroupera et d\u00e9signera un nouveau chef qui sera probablement aussi brutal que lui, sinon plus.<\/p>\n<p>La mont\u00e9e de la PAOEI ne repr\u00e9sente pas non plus une insurrection plus douce ou plus bienveillante, selon M. Ekhomu.<\/p>\n<p>La PAOEI a commenc\u00e9 ses activit\u00e9s en collectant des imp\u00f4ts aupr\u00e8s des r\u00e9sidents du bassin du lac Tchad et en pr\u00e9tendant offrir une protection aux gens qui vivaient dans des lieux o\u00f9 la s\u00e9curit\u00e9 officielle n\u2019existait pas. Pendant quelque temps, ces actes ont assur\u00e9 le soutien de certains r\u00e9sidents dans le territoire de la PAOEI, ce qui a rendu difficile son \u00e9radication par les forces gouvernementales.<\/p>\n<p>Toutefois, la PAOEI a r\u00e9cemment adopt\u00e9 des moyens de contr\u00f4le plus violents, en attaquant les avant-postes du gouvernement et en punissant les gens qui coop\u00e9raient avec ce dernier.<\/p>\n<p>\u00ab\u00a0Ce n\u2019est plus un djihad inoffensif, d\u00e9clare M. Ekhomu. Ces gens sont des tueurs. La PAOEI d\u2019aujourd\u2019hui s\u2019est engag\u00e9e dans une mission de massacre.\u00a0\u00bb<\/p>\n","protected":false},"excerpt":{"rendered":"<p>PERSONNEL D\u2019ADF La mort pr\u00e9sum\u00e9e d\u2019Abubakar Shekau, chef de Boko Haram, au Nigeria en mai dernier met en doute l\u2019avenir de cette organisation extr\u00e9miste notoire dans le pays et marque la possibilit\u00e9 d\u2019un transfert de pouvoir pour le b\u00e9n\u00e9fice de son rival, la Province d\u2019Afrique de l\u2019Ouest de l\u2019\u00c9tat islamique (PAOEI). Les forces arm\u00e9es nig\u00e9rianes<\/p>\n","protected":false},"author":1,"featured_media":25002,"comment_status":"open","ping_status":"open","sticky":false,"template":"","format":"standard","meta":{"_acf_changed":false,"_monsterinsights_skip_tracking":false,"_monsterinsights_sitenote_active":false,"_monsterinsights_sitenote_note":"","_monsterinsights_sitenote_category":0,"_uf_show_specific_survey":0,"_uf_disable_surveys":false,"footnotes":""},"categories":[331],"tags":[],"class_list":{"0":"post-25009","1":"post","2":"type-post","3":"status-publish","4":"format-standard","5":"has-post-thumbnail","7":"category-dernieres-nouvelles"},"acf":[],"yoast_head":"<!-- This site is optimized with the Yoast SEO plugin v27.4 - https:\/\/yoast.com\/product\/yoast-seo-wordpress\/ -->\n<title>La mort du chef de Boko Haram pourrait faire pencher le rapport de force au Sahel - Africa Defense Forum<\/title>\n<meta name=\"robots\" content=\"index, follow, max-snippet:-1, max-image-preview:large, max-video-preview:-1\" \/>\n<link rel=\"canonical\" href=\"https:\/\/adf-magazine.com\/fr\/2021\/06\/la-mort-du-chef-de-boko-haram-pourrait-faire-pencher-le-rapport-de-force-au-sahel\/\" \/>\n<meta property=\"og:locale\" content=\"fr_FR\" \/>\n<meta property=\"og:type\" content=\"article\" \/>\n<meta property=\"og:title\" content=\"La mort du chef de Boko Haram pourrait faire pencher le rapport de force au Sahel - Africa Defense Forum\" \/>\n<meta property=\"og:description\" content=\"PERSONNEL D\u2019ADF La mort pr\u00e9sum\u00e9e d\u2019Abubakar Shekau, chef de Boko Haram, au Nigeria en mai dernier met en doute l\u2019avenir de cette organisation extr\u00e9miste notoire dans le pays et marque la possibilit\u00e9 d\u2019un transfert de pouvoir pour le b\u00e9n\u00e9fice de son rival, la Province d\u2019Afrique de l\u2019Ouest de l\u2019\u00c9tat islamique (PAOEI). Les forces arm\u00e9es nig\u00e9rianes\" \/>\n<meta property=\"og:url\" content=\"https:\/\/adf-magazine.com\/fr\/2021\/06\/la-mort-du-chef-de-boko-haram-pourrait-faire-pencher-le-rapport-de-force-au-sahel\/\" \/>\n<meta property=\"og:site_name\" content=\"Africa Defense Forum\" \/>\n<meta property=\"article:publisher\" content=\"https:\/\/www.facebook.com\/ADFmagazine\/\" \/>\n<meta property=\"article:published_time\" content=\"2021-06-16T17:11:51+00:00\" \/>\n<meta property=\"article:modified_time\" content=\"2021-06-16T17:12:24+00:00\" \/>\n<meta property=\"og:image\" content=\"https:\/\/adf-magazine.com\/wp-content\/uploads\/2021\/06\/2021-06-06T190828Z_271853690_RC27VN9I19BB_RTRMADP_3_NIGERIA-SECURITY-INSURGENCY.jpg\" \/>\n\t<meta property=\"og:image:width\" content=\"1080\" \/>\n\t<meta property=\"og:image:height\" content=\"606\" \/>\n\t<meta property=\"og:image:type\" content=\"image\/jpeg\" \/>\n<meta name=\"author\" content=\"ADF\" \/>\n<meta name=\"twitter:card\" content=\"summary_large_image\" \/>\n<meta name=\"twitter:creator\" content=\"@ADFmagazine\" \/>\n<meta name=\"twitter:site\" content=\"@ADFmagazine\" \/>\n<meta name=\"twitter:label1\" content=\"\u00c9crit par\" \/>\n\t<meta name=\"twitter:data1\" content=\"ADF\" \/>\n\t<meta name=\"twitter:label2\" content=\"Dur\u00e9e de lecture estim\u00e9e\" \/>\n\t<meta name=\"twitter:data2\" content=\"3 minutes\" \/>\n<script type=\"application\/ld+json\" class=\"yoast-schema-graph\">{\"@context\":\"https:\\\/\\\/schema.org\",\"@graph\":[{\"@type\":\"Article\",\"@id\":\"https:\\\/\\\/adf-magazine.com\\\/fr\\\/2021\\\/06\\\/la-mort-du-chef-de-boko-haram-pourrait-faire-pencher-le-rapport-de-force-au-sahel\\\/#article\",\"isPartOf\":{\"@id\":\"https:\\\/\\\/adf-magazine.com\\\/fr\\\/2021\\\/06\\\/la-mort-du-chef-de-boko-haram-pourrait-faire-pencher-le-rapport-de-force-au-sahel\\\/\"},\"author\":{\"name\":\"ADF\",\"@id\":\"https:\\\/\\\/adf-magazine.com\\\/#\\\/schema\\\/person\\\/f266a6061389568b5a11465bb38bc025\"},\"headline\":\"La mort du chef de Boko Haram pourrait faire pencher le rapport de force au Sahel\",\"datePublished\":\"2021-06-16T17:11:51+00:00\",\"dateModified\":\"2021-06-16T17:12:24+00:00\",\"mainEntityOfPage\":{\"@id\":\"https:\\\/\\\/adf-magazine.com\\\/fr\\\/2021\\\/06\\\/la-mort-du-chef-de-boko-haram-pourrait-faire-pencher-le-rapport-de-force-au-sahel\\\/\"},\"wordCount\":636,\"commentCount\":0,\"image\":{\"@id\":\"https:\\\/\\\/adf-magazine.com\\\/fr\\\/2021\\\/06\\\/la-mort-du-chef-de-boko-haram-pourrait-faire-pencher-le-rapport-de-force-au-sahel\\\/#primaryimage\"},\"thumbnailUrl\":\"https:\\\/\\\/adf-magazine.com\\\/wp-content\\\/uploads\\\/2021\\\/06\\\/2021-06-06T190828Z_271853690_RC27VN9I19BB_RTRMADP_3_NIGERIA-SECURITY-INSURGENCY.jpg\",\"articleSection\":[\"Actualit\u00e9s du Jour\"],\"inLanguage\":\"fr-FR\",\"potentialAction\":[{\"@type\":\"CommentAction\",\"name\":\"Comment\",\"target\":[\"https:\\\/\\\/adf-magazine.com\\\/fr\\\/2021\\\/06\\\/la-mort-du-chef-de-boko-haram-pourrait-faire-pencher-le-rapport-de-force-au-sahel\\\/#respond\"]}]},{\"@type\":\"WebPage\",\"@id\":\"https:\\\/\\\/adf-magazine.com\\\/fr\\\/2021\\\/06\\\/la-mort-du-chef-de-boko-haram-pourrait-faire-pencher-le-rapport-de-force-au-sahel\\\/\",\"url\":\"https:\\\/\\\/adf-magazine.com\\\/fr\\\/2021\\\/06\\\/la-mort-du-chef-de-boko-haram-pourrait-faire-pencher-le-rapport-de-force-au-sahel\\\/\",\"name\":\"La mort du chef de Boko Haram pourrait faire pencher le rapport de force au Sahel - Africa Defense Forum\",\"isPartOf\":{\"@id\":\"https:\\\/\\\/adf-magazine.com\\\/#website\"},\"primaryImageOfPage\":{\"@id\":\"https:\\\/\\\/adf-magazine.com\\\/fr\\\/2021\\\/06\\\/la-mort-du-chef-de-boko-haram-pourrait-faire-pencher-le-rapport-de-force-au-sahel\\\/#primaryimage\"},\"image\":{\"@id\":\"https:\\\/\\\/adf-magazine.com\\\/fr\\\/2021\\\/06\\\/la-mort-du-chef-de-boko-haram-pourrait-faire-pencher-le-rapport-de-force-au-sahel\\\/#primaryimage\"},\"thumbnailUrl\":\"https:\\\/\\\/adf-magazine.com\\\/wp-content\\\/uploads\\\/2021\\\/06\\\/2021-06-06T190828Z_271853690_RC27VN9I19BB_RTRMADP_3_NIGERIA-SECURITY-INSURGENCY.jpg\",\"datePublished\":\"2021-06-16T17:11:51+00:00\",\"dateModified\":\"2021-06-16T17:12:24+00:00\",\"author\":{\"@id\":\"https:\\\/\\\/adf-magazine.com\\\/#\\\/schema\\\/person\\\/f266a6061389568b5a11465bb38bc025\"},\"breadcrumb\":{\"@id\":\"https:\\\/\\\/adf-magazine.com\\\/fr\\\/2021\\\/06\\\/la-mort-du-chef-de-boko-haram-pourrait-faire-pencher-le-rapport-de-force-au-sahel\\\/#breadcrumb\"},\"inLanguage\":\"fr-FR\",\"potentialAction\":[{\"@type\":\"ReadAction\",\"target\":[\"https:\\\/\\\/adf-magazine.com\\\/fr\\\/2021\\\/06\\\/la-mort-du-chef-de-boko-haram-pourrait-faire-pencher-le-rapport-de-force-au-sahel\\\/\"]}]},{\"@type\":\"ImageObject\",\"inLanguage\":\"fr-FR\",\"@id\":\"https:\\\/\\\/adf-magazine.com\\\/fr\\\/2021\\\/06\\\/la-mort-du-chef-de-boko-haram-pourrait-faire-pencher-le-rapport-de-force-au-sahel\\\/#primaryimage\",\"url\":\"https:\\\/\\\/adf-magazine.com\\\/wp-content\\\/uploads\\\/2021\\\/06\\\/2021-06-06T190828Z_271853690_RC27VN9I19BB_RTRMADP_3_NIGERIA-SECURITY-INSURGENCY.jpg\",\"contentUrl\":\"https:\\\/\\\/adf-magazine.com\\\/wp-content\\\/uploads\\\/2021\\\/06\\\/2021-06-06T190828Z_271853690_RC27VN9I19BB_RTRMADP_3_NIGERIA-SECURITY-INSURGENCY.jpg\",\"width\":1080,\"height\":606,\"caption\":\"Il a \u00e9t\u00e9 signal\u00e9 qu\u2019Abubakar Shekau, chef de Boko Haram, s\u2019est suicid\u00e9 pour \u00e9viter d\u2019\u00eatre captur\u00e9 lors d\u2019une bataille avec la Province d\u2019Afrique de l\u2019Ouest de l\u2019\u00c9tat islamique, laquelle s\u2019\u00e9tait s\u00e9par\u00e9e de Boko Haram en 2016. REUTERS\"},{\"@type\":\"BreadcrumbList\",\"@id\":\"https:\\\/\\\/adf-magazine.com\\\/fr\\\/2021\\\/06\\\/la-mort-du-chef-de-boko-haram-pourrait-faire-pencher-le-rapport-de-force-au-sahel\\\/#breadcrumb\",\"itemListElement\":[{\"@type\":\"ListItem\",\"position\":1,\"name\":\"page d\u2019accueil\",\"item\":\"https:\\\/\\\/adf-magazine.com\\\/\"},{\"@type\":\"ListItem\",\"position\":2,\"name\":\"La mort du chef de Boko Haram pourrait faire pencher le rapport de force au Sahel\"}]},{\"@type\":\"WebSite\",\"@id\":\"https:\\\/\\\/adf-magazine.com\\\/#website\",\"url\":\"https:\\\/\\\/adf-magazine.com\\\/\",\"name\":\"Africa Defense Forum\",\"description\":\"Africa Defense Forum\",\"potentialAction\":[{\"@type\":\"SearchAction\",\"target\":{\"@type\":\"EntryPoint\",\"urlTemplate\":\"https:\\\/\\\/adf-magazine.com\\\/?s={search_term_string}\"},\"query-input\":{\"@type\":\"PropertyValueSpecification\",\"valueRequired\":true,\"valueName\":\"search_term_string\"}}],\"inLanguage\":\"fr-FR\"},{\"@type\":\"Person\",\"@id\":\"https:\\\/\\\/adf-magazine.com\\\/#\\\/schema\\\/person\\\/f266a6061389568b5a11465bb38bc025\",\"name\":\"ADF\",\"image\":{\"@type\":\"ImageObject\",\"inLanguage\":\"fr-FR\",\"@id\":\"https:\\\/\\\/adf-magazine.com\\\/wp-content\\\/uploads\\\/2020\\\/05\\\/cropped-ADF_icon.jpg\",\"url\":\"https:\\\/\\\/adf-magazine.com\\\/wp-content\\\/uploads\\\/2020\\\/05\\\/cropped-ADF_icon.jpg\",\"contentUrl\":\"https:\\\/\\\/adf-magazine.com\\\/wp-content\\\/uploads\\\/2020\\\/05\\\/cropped-ADF_icon.jpg\",\"caption\":\"ADF\"},\"description\":\"ADF is a professional military magazine published quarterly by U.S. Africa Command to provide an international forum for African security professionals. ADF covers topics such as counter terrorism strategies, security and defense operations, transnational crime, and all other issues affecting peace, stability, and good governance on the African continent.\",\"sameAs\":[\"https:\\\/\\\/x.com\\\/ADFmagazine\"],\"url\":\"https:\\\/\\\/adf-magazine.com\\\/fr\\\/author\\\/adf\\\/\"}]}<\/script>\n<!-- \/ Yoast SEO plugin. -->","yoast_head_json":{"title":"La mort du chef de Boko Haram pourrait faire pencher le rapport de force au Sahel - Africa Defense Forum","robots":{"index":"index","follow":"follow","max-snippet":"max-snippet:-1","max-image-preview":"max-image-preview:large","max-video-preview":"max-video-preview:-1"},"canonical":"https:\/\/adf-magazine.com\/fr\/2021\/06\/la-mort-du-chef-de-boko-haram-pourrait-faire-pencher-le-rapport-de-force-au-sahel\/","og_locale":"fr_FR","og_type":"article","og_title":"La mort du chef de Boko Haram pourrait faire pencher le rapport de force au Sahel - Africa Defense Forum","og_description":"PERSONNEL D\u2019ADF La mort pr\u00e9sum\u00e9e d\u2019Abubakar Shekau, chef de Boko Haram, au Nigeria en mai dernier met en doute l\u2019avenir de cette organisation extr\u00e9miste notoire dans le pays et marque la possibilit\u00e9 d\u2019un transfert de pouvoir pour le b\u00e9n\u00e9fice de son rival, la Province d\u2019Afrique de l\u2019Ouest de l\u2019\u00c9tat islamique (PAOEI). Les forces arm\u00e9es nig\u00e9rianes","og_url":"https:\/\/adf-magazine.com\/fr\/2021\/06\/la-mort-du-chef-de-boko-haram-pourrait-faire-pencher-le-rapport-de-force-au-sahel\/","og_site_name":"Africa Defense Forum","article_publisher":"https:\/\/www.facebook.com\/ADFmagazine\/","article_published_time":"2021-06-16T17:11:51+00:00","article_modified_time":"2021-06-16T17:12:24+00:00","og_image":[{"width":1080,"height":606,"url":"https:\/\/adf-magazine.com\/wp-content\/uploads\/2021\/06\/2021-06-06T190828Z_271853690_RC27VN9I19BB_RTRMADP_3_NIGERIA-SECURITY-INSURGENCY.jpg","type":"image\/jpeg"}],"author":"ADF","twitter_card":"summary_large_image","twitter_creator":"@ADFmagazine","twitter_site":"@ADFmagazine","twitter_misc":{"\u00c9crit par":"ADF","Dur\u00e9e de lecture estim\u00e9e":"3 minutes"},"schema":{"@context":"https:\/\/schema.org","@graph":[{"@type":"Article","@id":"https:\/\/adf-magazine.com\/fr\/2021\/06\/la-mort-du-chef-de-boko-haram-pourrait-faire-pencher-le-rapport-de-force-au-sahel\/#article","isPartOf":{"@id":"https:\/\/adf-magazine.com\/fr\/2021\/06\/la-mort-du-chef-de-boko-haram-pourrait-faire-pencher-le-rapport-de-force-au-sahel\/"},"author":{"name":"ADF","@id":"https:\/\/adf-magazine.com\/#\/schema\/person\/f266a6061389568b5a11465bb38bc025"},"headline":"La mort du chef de Boko Haram pourrait faire pencher le rapport de force au Sahel","datePublished":"2021-06-16T17:11:51+00:00","dateModified":"2021-06-16T17:12:24+00:00","mainEntityOfPage":{"@id":"https:\/\/adf-magazine.com\/fr\/2021\/06\/la-mort-du-chef-de-boko-haram-pourrait-faire-pencher-le-rapport-de-force-au-sahel\/"},"wordCount":636,"commentCount":0,"image":{"@id":"https:\/\/adf-magazine.com\/fr\/2021\/06\/la-mort-du-chef-de-boko-haram-pourrait-faire-pencher-le-rapport-de-force-au-sahel\/#primaryimage"},"thumbnailUrl":"https:\/\/adf-magazine.com\/wp-content\/uploads\/2021\/06\/2021-06-06T190828Z_271853690_RC27VN9I19BB_RTRMADP_3_NIGERIA-SECURITY-INSURGENCY.jpg","articleSection":["Actualit\u00e9s du Jour"],"inLanguage":"fr-FR","potentialAction":[{"@type":"CommentAction","name":"Comment","target":["https:\/\/adf-magazine.com\/fr\/2021\/06\/la-mort-du-chef-de-boko-haram-pourrait-faire-pencher-le-rapport-de-force-au-sahel\/#respond"]}]},{"@type":"WebPage","@id":"https:\/\/adf-magazine.com\/fr\/2021\/06\/la-mort-du-chef-de-boko-haram-pourrait-faire-pencher-le-rapport-de-force-au-sahel\/","url":"https:\/\/adf-magazine.com\/fr\/2021\/06\/la-mort-du-chef-de-boko-haram-pourrait-faire-pencher-le-rapport-de-force-au-sahel\/","name":"La mort du chef de Boko Haram pourrait faire pencher le rapport de force au Sahel - Africa Defense Forum","isPartOf":{"@id":"https:\/\/adf-magazine.com\/#website"},"primaryImageOfPage":{"@id":"https:\/\/adf-magazine.com\/fr\/2021\/06\/la-mort-du-chef-de-boko-haram-pourrait-faire-pencher-le-rapport-de-force-au-sahel\/#primaryimage"},"image":{"@id":"https:\/\/adf-magazine.com\/fr\/2021\/06\/la-mort-du-chef-de-boko-haram-pourrait-faire-pencher-le-rapport-de-force-au-sahel\/#primaryimage"},"thumbnailUrl":"https:\/\/adf-magazine.com\/wp-content\/uploads\/2021\/06\/2021-06-06T190828Z_271853690_RC27VN9I19BB_RTRMADP_3_NIGERIA-SECURITY-INSURGENCY.jpg","datePublished":"2021-06-16T17:11:51+00:00","dateModified":"2021-06-16T17:12:24+00:00","author":{"@id":"https:\/\/adf-magazine.com\/#\/schema\/person\/f266a6061389568b5a11465bb38bc025"},"breadcrumb":{"@id":"https:\/\/adf-magazine.com\/fr\/2021\/06\/la-mort-du-chef-de-boko-haram-pourrait-faire-pencher-le-rapport-de-force-au-sahel\/#breadcrumb"},"inLanguage":"fr-FR","potentialAction":[{"@type":"ReadAction","target":["https:\/\/adf-magazine.com\/fr\/2021\/06\/la-mort-du-chef-de-boko-haram-pourrait-faire-pencher-le-rapport-de-force-au-sahel\/"]}]},{"@type":"ImageObject","inLanguage":"fr-FR","@id":"https:\/\/adf-magazine.com\/fr\/2021\/06\/la-mort-du-chef-de-boko-haram-pourrait-faire-pencher-le-rapport-de-force-au-sahel\/#primaryimage","url":"https:\/\/adf-magazine.com\/wp-content\/uploads\/2021\/06\/2021-06-06T190828Z_271853690_RC27VN9I19BB_RTRMADP_3_NIGERIA-SECURITY-INSURGENCY.jpg","contentUrl":"https:\/\/adf-magazine.com\/wp-content\/uploads\/2021\/06\/2021-06-06T190828Z_271853690_RC27VN9I19BB_RTRMADP_3_NIGERIA-SECURITY-INSURGENCY.jpg","width":1080,"height":606,"caption":"Il a \u00e9t\u00e9 signal\u00e9 qu\u2019Abubakar Shekau, chef de Boko Haram, s\u2019est suicid\u00e9 pour \u00e9viter d\u2019\u00eatre captur\u00e9 lors d\u2019une bataille avec la Province d\u2019Afrique de l\u2019Ouest de l\u2019\u00c9tat islamique, laquelle s\u2019\u00e9tait s\u00e9par\u00e9e de Boko Haram en 2016. REUTERS"},{"@type":"BreadcrumbList","@id":"https:\/\/adf-magazine.com\/fr\/2021\/06\/la-mort-du-chef-de-boko-haram-pourrait-faire-pencher-le-rapport-de-force-au-sahel\/#breadcrumb","itemListElement":[{"@type":"ListItem","position":1,"name":"page d\u2019accueil","item":"https:\/\/adf-magazine.com\/"},{"@type":"ListItem","position":2,"name":"La mort du chef de Boko Haram pourrait faire pencher le rapport de force au Sahel"}]},{"@type":"WebSite","@id":"https:\/\/adf-magazine.com\/#website","url":"https:\/\/adf-magazine.com\/","name":"Africa Defense Forum","description":"Africa Defense Forum","potentialAction":[{"@type":"SearchAction","target":{"@type":"EntryPoint","urlTemplate":"https:\/\/adf-magazine.com\/?s={search_term_string}"},"query-input":{"@type":"PropertyValueSpecification","valueRequired":true,"valueName":"search_term_string"}}],"inLanguage":"fr-FR"},{"@type":"Person","@id":"https:\/\/adf-magazine.com\/#\/schema\/person\/f266a6061389568b5a11465bb38bc025","name":"ADF","image":{"@type":"ImageObject","inLanguage":"fr-FR","@id":"https:\/\/adf-magazine.com\/wp-content\/uploads\/2020\/05\/cropped-ADF_icon.jpg","url":"https:\/\/adf-magazine.com\/wp-content\/uploads\/2020\/05\/cropped-ADF_icon.jpg","contentUrl":"https:\/\/adf-magazine.com\/wp-content\/uploads\/2020\/05\/cropped-ADF_icon.jpg","caption":"ADF"},"description":"ADF is a professional military magazine published quarterly by U.S. Africa Command to provide an international forum for African security professionals. ADF covers topics such as counter terrorism strategies, security and defense operations, transnational crime, and all other issues affecting peace, stability, and good governance on the African continent.","sameAs":["https:\/\/x.com\/ADFmagazine"],"url":"https:\/\/adf-magazine.com\/fr\/author\/adf\/"}]}},"_links":{"self":[{"href":"https:\/\/adf-magazine.com\/fr\/wp-json\/wp\/v2\/posts\/25009","targetHints":{"allow":["GET"]}}],"collection":[{"href":"https:\/\/adf-magazine.com\/fr\/wp-json\/wp\/v2\/posts"}],"about":[{"href":"https:\/\/adf-magazine.com\/fr\/wp-json\/wp\/v2\/types\/post"}],"author":[{"embeddable":true,"href":"https:\/\/adf-magazine.com\/fr\/wp-json\/wp\/v2\/users\/1"}],"replies":[{"embeddable":true,"href":"https:\/\/adf-magazine.com\/fr\/wp-json\/wp\/v2\/comments?post=25009"}],"version-history":[{"count":0,"href":"https:\/\/adf-magazine.com\/fr\/wp-json\/wp\/v2\/posts\/25009\/revisions"}],"wp:featuredmedia":[{"embeddable":true,"href":"https:\/\/adf-magazine.com\/fr\/wp-json\/wp\/v2\/media\/25002"}],"wp:attachment":[{"href":"https:\/\/adf-magazine.com\/fr\/wp-json\/wp\/v2\/media?parent=25009"}],"wp:term":[{"taxonomy":"category","embeddable":true,"href":"https:\/\/adf-magazine.com\/fr\/wp-json\/wp\/v2\/categories?post=25009"},{"taxonomy":"post_tag","embeddable":true,"href":"https:\/\/adf-magazine.com\/fr\/wp-json\/wp\/v2\/tags?post=25009"}],"curies":[{"name":"wp","href":"https:\/\/api.w.org\/{rel}","templated":true}]}}