{"id":20327,"date":"2020-12-28T08:55:49","date_gmt":"2020-12-28T13:55:49","guid":{"rendered":"https:\/\/adf-magazine.com\/?p=20327"},"modified":"2021-02-16T12:07:13","modified_gmt":"2021-02-16T17:07:13","slug":"comment-preparer-la-securite-du-futur","status":"publish","type":"post","link":"https:\/\/adf-magazine.com\/fr\/2020\/12\/comment-preparer-la-securite-du-futur\/","title":{"rendered":"Comment pr\u00e9parer la s\u00e9curit\u00e9 du futur"},"content":{"rendered":"<p>PERSONNEL D\u2019<i>ADF<\/i><\/p>\n<p>Il y a 20 ans, peu de personnes connaissaient l\u2019expression \u00ab guerre cybern\u00e9tique \u00bb. La plupart des pays ne consid\u00e9raient pas l\u2019extr\u00e9misme religieux comme une menace. Et l\u2019on pensait que la piraterie avait \u00e9t\u00e9 \u00e9limin\u00e9e cent ans auparavant.<span class=\"Apple-converted-space\">\u00a0<\/span><\/p>\n<p>Les choses peuvent changer rapidement.<span class=\"Apple-converted-space\">\u00a0<\/span><\/p>\n<p>Lorsque les chefs des arm\u00e9es de terre d\u2019Afrique se sont r\u00e9unis \u00e0 Addis-Abeba (\u00c9thiopie) en f\u00e9vrier 2020, ils ont contempl\u00e9 le futur. Cette Conf\u00e9rence au sommet des forces terrestres africaines (ALFS) parrain\u00e9e par l\u2019Arm\u00e9e de terre des \u00c9tats-Unis pour l\u2019Afrique (USARAF) et organis\u00e9e conjointement par les Forces de d\u00e9fense nationale \u00e9thiopiennes (ENDF) offre une opportunit\u00e9 de regarder au-del\u00e0 de l\u2019horizon et de commencer \u00e0 se pr\u00e9parer pour affronter les menaces qui deviendront tr\u00e8s r\u00e9pandues dans quelques ann\u00e9es.<span class=\"Apple-converted-space\">\u00a0<\/span><\/p>\n<p>\u00ab Il est toujours plus facile d\u2019anticiper que de corriger \u00bb, a d\u00e9clar\u00e9 aux leaders r\u00e9unis le g\u00e9n\u00e9ral Birame Diop, chef d\u2019\u00e9tat-major de la d\u00e9fense du S\u00e9n\u00e9gal.<span class=\"Apple-converted-space\">\u00a0<\/span><\/p>\n<p>L\u2019anticipation \u00e9tait \u00e0 l\u2019ordre du jour. Le th\u00e8me de l\u2019ALFS 2020 \u00e9tait : \u00ab La s\u00e9curit\u00e9 de demain exige un leadership aujourd\u2019hui \u00bb. Parmi les sujets abord\u00e9s, on compte notamment la pr\u00e9paration aux catastrophes naturelles, les \u00e9tudes de cas dans les missions multi-nationales de maintien de la paix et la modernisation de l\u2019\u00e9ducation militaire pour satisfaire aux exigences du 21\u00e8me si\u00e8cle. Des ateliers anim\u00e9s par des experts en la mati\u00e8re ont \u00e9t\u00e9 organis\u00e9s chaque jour dans des salles priv\u00e9es. Dans ces ateliers, les chefs de la d\u00e9fense ont eu l\u2019opportunit\u00e9 de parler librement et de d\u00e9velopper des relations avec leurs homologues de tout le continent.<span class=\"Apple-converted-space\">\u00a0<\/span><\/p>\n<figure id=\"attachment_19782\" aria-describedby=\"caption-attachment-19782\" style=\"width: 1080px\" class=\"wp-caption aligncenter\"><a href=\"https:\/\/adf-magazine.com\/wp-content\/uploads\/2020\/12\/49722577103_6a18ca5bfb_o.jpg\"><img fetchpriority=\"high\" decoding=\"async\" class=\"size-full wp-image-19782\" src=\"https:\/\/adf-magazine.com\/wp-content\/uploads\/2020\/12\/49722577103_6a18ca5bfb_o.jpg\" alt=\"\" width=\"1080\" height=\"720\" srcset=\"https:\/\/adf-magazine.com\/wp-content\/uploads\/2020\/12\/49722577103_6a18ca5bfb_o.jpg 1080w, https:\/\/adf-magazine.com\/wp-content\/uploads\/2020\/12\/49722577103_6a18ca5bfb_o-300x200.jpg 300w, https:\/\/adf-magazine.com\/wp-content\/uploads\/2020\/12\/49722577103_6a18ca5bfb_o-1024x683.jpg 1024w, https:\/\/adf-magazine.com\/wp-content\/uploads\/2020\/12\/49722577103_6a18ca5bfb_o-768x512.jpg 768w, https:\/\/adf-magazine.com\/wp-content\/uploads\/2020\/12\/49722577103_6a18ca5bfb_o-272x182.jpg 272w\" sizes=\"(max-width: 1080px) 100vw, 1080px\" \/><\/a><figcaption id=\"caption-attachment-19782\" class=\"wp-caption-text\">Des participants se serrent la main lors de la Conf\u00e9rence au sommet des forces terrestres africaines \u00e0 Addis-Abeba (\u00c9thiopie) en f\u00e9vrier 2020. USARAF<\/figcaption><\/figure>\n<p>\u00ab Cela cr\u00e9e un environnement propice \u00e0 la rencontre pour les chefs africains de la s\u00e9curit\u00e9 \u00bb, d\u00e9clare le lieutenant-g\u00e9n\u00e9ral Molla Hailemariam, commandant des forces terrestres des ENDF et co-h\u00f4te de l\u2019\u00e9v\u00e9nement. \u00ab Il nous donne la chance<br \/>\nde construire et de poursuivre les relations. \u00bb<\/p>\n<p>La huiti\u00e8me ALFS a battu les records de participation. Elle a r\u00e9uni 42 chefs africains des forces terrestres, 8 alli\u00e9s et partenaires mondiaux d\u2019Europe et d\u2019autres r\u00e9gions du monde, et 12 partenaires d\u2019\u00e9tat des \u00c9tats-Unis.<span class=\"Apple-converted-space\">\u00a0<\/span><\/p>\n<p>Le g\u00e9n\u00e9ral Molla a d\u00e9clar\u00e9 qu\u2019il pensait avec confiance que les alliances d\u00e9velopp\u00e9es lors de cet \u00e9v\u00e9nement perdureraient. \u00ab Cela nous a donn\u00e9 une bonne opportunit\u00e9 de d\u00e9terminer comment nous pouvons ajouter \u00e0 ce que font les autres pays, a-t-il d\u00e9clar\u00e9. Nous interfa\u00e7ons au niveau du face \u00e0 face mais aussi r\u00e9gionalement. C\u2019est tout \u00e0 fait crucial. \u00bb<\/p>\n<p>L\u2019un des faits saillants de la semaine \u00e9tait le forum des leaders non grad\u00e9s de haut rang du commandement, qui s\u2019est tenu simultan\u00e9ment. Le sergent-major de commandement Charles W. Gregory Jr. de l\u2019USARAF a d\u00e9clar\u00e9 que le d\u00e9veloppement d\u2019un corps de sous-officiers responsabilis\u00e9s en Afrique est vital pour am\u00e9liorer la formation et l\u2019utilisation de la technologie dans les forces arm\u00e9es nationales. Il a d\u00e9clar\u00e9 \u00e0 son auditoire que \u00ab chaque commandant a un sergent \u00bb, et qu\u2019un sergent responsabilis\u00e9 peut aider le commandant \u00e0 identifier les \u00ab angles morts \u00bb de la structure de la force pour la pr\u00e9parer aux d\u00e9fis du futur.<\/p>\n<p>\u00ab Si vous esp\u00e9rez et priez que quelque chose ne se produise pas, mais vous vous y pr\u00e9parez toujours, vous serez pr\u00eat lorsque cette sale journ\u00e9e viendra \u00bb, a d\u00e9clar\u00e9 le sergent-major Gregory.<span class=\"Apple-converted-space\">\u00a0<\/span><\/p>\n<figure id=\"attachment_19778\" aria-describedby=\"caption-attachment-19778\" style=\"width: 1080px\" class=\"wp-caption aligncenter\"><a href=\"https:\/\/adf-magazine.com\/wp-content\/uploads\/2020\/12\/49561955747_4080c37355_o.jpg\"><img decoding=\"async\" class=\"size-full wp-image-19778\" src=\"https:\/\/adf-magazine.com\/wp-content\/uploads\/2020\/12\/49561955747_4080c37355_o.jpg\" alt=\"\" width=\"1080\" height=\"720\" srcset=\"https:\/\/adf-magazine.com\/wp-content\/uploads\/2020\/12\/49561955747_4080c37355_o.jpg 1080w, https:\/\/adf-magazine.com\/wp-content\/uploads\/2020\/12\/49561955747_4080c37355_o-300x200.jpg 300w, https:\/\/adf-magazine.com\/wp-content\/uploads\/2020\/12\/49561955747_4080c37355_o-1024x683.jpg 1024w, https:\/\/adf-magazine.com\/wp-content\/uploads\/2020\/12\/49561955747_4080c37355_o-768x512.jpg 768w, https:\/\/adf-magazine.com\/wp-content\/uploads\/2020\/12\/49561955747_4080c37355_o-272x182.jpg 272w\" sizes=\"(max-width: 1080px) 100vw, 1080px\" \/><\/a><figcaption id=\"caption-attachment-19778\" class=\"wp-caption-text\">Le major-g\u00e9n\u00e9ral Lapthe Chau Flora de l\u2019Arm\u00e9e de terre des \u00c9tats-Unis, commandant adjoint de l\u2019Arm\u00e9e de terre des \u00c9tats-Unis pour l\u2019Afrique, accueille les d\u00e9l\u00e9gu\u00e9s \u00e0 l\u2019ALFS 2020. USARAF<\/figcaption><\/figure>\n<p>Les \u00c9tats-Unis ont fait des investissements pour aider les forces arm\u00e9es africaines \u00e0 former la prochaine g\u00e9n\u00e9ration de sous-officiers gr\u00e2ce \u00e0 sa strat\u00e9gie de formation des non-grad\u00e9s d\u2019Afrique, qui s\u2019efforce de standardiser la formation des sous-officiers dans des pays tels que le Kenya, le Maroc, le Mozambique et le S\u00e9n\u00e9gal. Le g\u00e9n\u00e9ral Stephen Townsend, commandant de l\u2019\u00e9tat-major unifi\u00e9 des \u00c9tats-Unis pour l\u2019Afrique, appelle un corps professionnels de sous-officiers la \u00ab charpente \u00bb d\u2019une force arm\u00e9e efficace.<\/p>\n<p>L\u2019adjudante junior Menbere Akele Kibret d\u2019\u00c9thiopie \u00e9tait la premi\u00e8re femme sous-officier participant \u00e0 l\u2019\u00e9v\u00e8nement. Elle a d\u00e9clar\u00e9 \u00e0 l\u2019auditoire que les femmes faisaient des progr\u00e8s dans les forces arm\u00e9es \u00e9thiopiennes, en particulier dans le secteur cybern\u00e9tique, mais qu\u2019elle aimerait voir davantage.<span class=\"Apple-converted-space\">\u00a0<\/span><\/p>\n<p>\u00ab Dans l\u2019Arm\u00e9e de l\u2019air \u00e9thiopienne, nous avons beaucoup de femmes techniciennes, ing\u00e9nieures, et beaucoup d\u2019expertes. Mais ce n\u2019est pas suffisant ; le nombre est trop faible, a-t-elle d\u00e9clar\u00e9. Comment donc l\u2019augmenter et inclure la participation de davantage de femmes et les responsabiliser dans tous les aspects du secteur des forces arm\u00e9es ? En particulier dans des r\u00f4les professionnels et de leadership ? \u00bb<\/p>\n<p>Dans ses conclusions, le g\u00e9n\u00e9ral Townsend a soulign\u00e9 l\u2019importance de la date de l\u2019\u00e9v\u00e9nement. Il a not\u00e9 le transfert prochain des responsabilit\u00e9s de s\u00e9curit\u00e9 en Somalie, de la mission de l\u2019Union africaine en Somalie aux Forces arm\u00e9es nationales somaliennes en 2021. Il a abord\u00e9 le th\u00e8me de la guerre civile insoluble en Libye. Et il a fait r\u00e9f\u00e9rence \u00e0 la menace de terreur qui tourmente le Sahel. Le g\u00e9n\u00e9ral Townsend a d\u00e9clar\u00e9 que les leaders qui affronteront ces menaces de s\u00e9curit\u00e9 et d\u2019autres aussi \u00ab sont assis ici dans cette salle \u00bb.<\/p>\n<p>\u00ab Nous sommes arriv\u00e9s \u00e0 un moment de d\u00e9cision collective en ce qui concerne la s\u00e9curit\u00e9 future de l\u2019Afrique, a-t-il dit. L\u2019avenir que nous souhaitons tous voir, une Afrique plus s\u00e9curitaire, stable et prosp\u00e8re, est ax\u00e9 sur le leadership africain et les forces arm\u00e9es africaines assurant la s\u00e9curit\u00e9 r\u00e9gionale. \u00bb<\/p>\n<hr \/>\n<h3>Points de vue de la Conf\u00e9rence au sommet<\/h3>\n<p><strong>Pendant l\u2019ALFS 2020, les commandants ont parl\u00e9 \u00e0 <i>ADF<\/i> pour partager leurs pens\u00e9es sur les plus urgentes questions de s\u00e9curit\u00e9 dans leur pays et ont d\u00e9crit les le\u00e7ons qu\u2019ils avaient tir\u00e9es de la conf\u00e9rence. Voici les points de vue de quatre leaders de la s\u00e9curit\u00e9 sur le continent.<span class=\"Apple-converted-space\">\u00a0<\/span><\/strong><\/p>\n<p>Articles et photos du PERSONNEL D\u2019<i>ADF<span class=\"Apple-converted-space\">\u00a0<\/span><\/i><\/p>\n<h5 id=\"une_armee\">Une arm\u00e9e<span class=\"Apple-converted-space\">\u00a0<\/span>en pleine croissance<\/h5>\n<figure id=\"attachment_20030\" aria-describedby=\"caption-attachment-20030\" style=\"width: 150px\" class=\"wp-caption alignleft\"><a href=\"https:\/\/adf-magazine.com\/wp-content\/uploads\/2020\/12\/Service1_CMYK.jpg\"><img decoding=\"async\" class=\"wp-image-20030 size-thumbnail\" src=\"https:\/\/adf-magazine.com\/wp-content\/uploads\/2020\/12\/Service1_CMYK-150x150.jpg\" alt=\"\" width=\"150\" height=\"150\" \/><\/a><figcaption id=\"caption-attachment-20030\" class=\"wp-caption-text\">G\u00e9n\u00e9ral de brigade Alfred Service, chef du groupe sp\u00e9cial de la R\u00e9publique centrafricaine pour la protection de la r\u00e9publique<\/figcaption><\/figure>\n<p>La R\u00e9publique centrafricaine reconstruit ses Forces arm\u00e9es \u00e0 partir de z\u00e9ro. Apr\u00e8s une crise nationale en 2013 et 2014, de nombreuses unit\u00e9s des Forces arm\u00e9es de la Centrafrique furent dissoutes et le pays lan\u00e7a une campagne nationale pour recruter, former et professionnaliser les Forces arm\u00e9es.<span class=\"Apple-converted-space\">\u00a0<\/span><\/p>\n<p>Jusqu\u2019en 2018, la majeure partie du pays \u00e9tait toujours d\u00e9pourvue de lois et contr\u00f4l\u00e9e par des rebelles et autres acteurs non gouvernementaux. Un plan de d\u00e9fense nationale sign\u00e9 par le pr\u00e9sident de la Centrafrique d\u00e9crit les \u00e9tapes n\u00e9cessaires pour cr\u00e9er une arm\u00e9e de garnison de 9.900 personnes stationn\u00e9e dans 4 zones en 2022. La moiti\u00e9 environ des soldats seront plac\u00e9s \u00e0 l\u2019ext\u00e9rieur de la capitale de Bangui, y compris un grand nombre dans les zones contr\u00f4l\u00e9es par les rebelles.<span class=\"Apple-converted-space\">\u00a0<\/span><\/p>\n<p>Le g\u00e9n\u00e9ral de brigade Alfred Service, chef du groupe sp\u00e9cial de Centrafrique pour la protection de la r\u00e9publique, a d\u00e9clar\u00e9 qu\u2019il y a beaucoup \u00e0 faire mais qu\u2019il est optimiste. \u00ab Nous avons beaucoup de d\u00e9fis \u00e0 relever, par exemple, le d\u00e9fi de d\u00e9veloppement, le d\u00e9fi par rapport \u00e0 la situation s\u00e9curitaire du pays avec les groupes arm\u00e9s qui occupent les zones mini\u00e8res et qui ne respectent pas la loi. Et nous avons un certain nombre de bandits qu\u2019il faut traduire en justice. \u00bb<\/p>\n<p>Le g\u00e9n\u00e9ral Service d\u00e9clare qu\u2019il a profit\u00e9 de la conf\u00e9rence ALFS pour partager ses exp\u00e9riences avec ses coll\u00e8gues sur les circonstances particuli\u00e8res de travail aux c\u00f4t\u00e9s d\u2019une mission multi-nationale. La Centrafrique h\u00e9berge une mission de l\u2019ONU de 13.000 personnes.<span class=\"Apple-converted-space\">\u00a0<\/span><\/p>\n<p>\u00ab Nous avons parl\u00e9 de travailler en prenant compte de la multidimensionalit\u00e9 des choses : les affaires politiques, les affaires civiles, la protection des civils. Aussi, le processus d\u00e9cisionnel ; comment on doit le faire dans une mission multinationale. Un certain nombre de choses \u00e0 savoir pour \u00eatre ensemble dans cette direction. \u00bb<\/p>\n<p>Alors qu\u2019il parlait au d\u00e9but 2020, le g\u00e9n\u00e9ral Service contemplait les \u00e9lections nationales de la Centrafrique pr\u00e9vue pour d\u00e9cembre comme une \u00e9tape de r\u00e9f\u00e9rence pour le pays. \u201cLa reconstruction du pays a besoin de d\u00e9mocratie. Nous avons fait des \u00e9lections de 2015 avec les Nations unies. Il nous faut continuer avec les \u00e9lections parce que, pour avoir l\u2019autorit\u00e9 l\u00e9gitime, il faut \u00e9viter un changement de pouvoir par la force. C\u2019est les \u00e9lections qui doivent \u00eatre valoris\u00e9es pour que le peuple donne leur mandat aux dirigeants. \u00bb<\/p>\n<p>Le chemin a \u00e9t\u00e9 tortueux mais le g\u00e9n\u00e9ral Service d\u00e9clare qu\u2019il a de l\u2019espoir pour l\u2019avenir du pays. \u00ab Il y a des d\u00e9fis \u00e0 relever mais on va dans la bonne direction, parce qu\u2019on est l\u00e0 ensemble. \u00bb<\/p>\n<hr \/>\n<h5 id=\"une_experience\">Une exp\u00e9rience de maintien de la paix durement obtenue<\/h5>\n<figure id=\"attachment_20321\" aria-describedby=\"caption-attachment-20321\" style=\"width: 150px\" class=\"wp-caption alignleft\"><a href=\"https:\/\/adf-magazine.com\/wp-content\/uploads\/2020\/12\/Mulenga-2-1.jpg\"><img loading=\"lazy\" decoding=\"async\" class=\"wp-image-20321 size-thumbnail\" src=\"https:\/\/adf-magazine.com\/wp-content\/uploads\/2020\/12\/Mulenga-2-1-150x150.jpg\" alt=\"\" width=\"150\" height=\"150\" \/><\/a><figcaption id=\"caption-attachment-20321\" class=\"wp-caption-text\">G\u00e9n\u00e9ral de brigade Gilbert Mulenga, chef des op\u00e9rations de l\u2019Arm\u00e9e de terre de Zambie<\/figcaption><\/figure>\n<p>Le g\u00e9n\u00e9ral de brigade Gilbert Mulenga, chef des op\u00e9rations de l\u2019Arm\u00e9e de terre de Zambie, a \u00e9prouv\u00e9 les points hauts et les points bas du maintien de la paix. Il a particip\u00e9 \u00e0 des missions en Angola, en R\u00e9publique d\u00e9mocratique du Congo et en Sierra Leone, et il a command\u00e9 le bataillon zambien (ZAMBATT) en R\u00e9publique centrafricaine.<span class=\"Apple-converted-space\">\u00a0<\/span><\/p>\n<p>Il se souvient du d\u00e9sespoir qu\u2019il a ressenti en 2000 lorsque plus de 200 gardiens de la paix de Zambie avaient \u00e9t\u00e9 pris en otage en Sierra Leone. Mais il a aussi partag\u00e9 un triomphe en 2018 lorsque les Nations unies ont class\u00e9 les Zambiens comme contingent le plus performant de la mission de la Centrafrique.<span class=\"Apple-converted-space\">\u00a0<\/span><\/p>\n<p>Il d\u00e9clare que son pays am\u00e8ne avec lui sa riche histoire \u00e0 la<span class=\"Apple-converted-space\">\u00a0 <\/span>formation au maintien de la paix. \u00ab Notre formation est bas\u00e9e sur le sc\u00e9nario ; quoiqu\u2019il se passe en Centrafrique, nous donnons ce sc\u00e9nario aux soldats et nous observons comment ils r\u00e9agissent, d\u00e9clare-t-il. Ceux d\u2019entre nous qui ont \u00e9t\u00e9 sur le terrain les guident. Si vous constatez une lacune quelconque, vous la comblez avec des consignes qui proviennent de l\u2019exp\u00e9rience. \u00bb<\/p>\n<p>Le plus r\u00e9cent d\u00e9ploiement de soldats, appel\u00e9 ZAMBATT 5, est le cinqui\u00e8me contingent zambien \u00e0 se rendre en Centrafrique. Le g\u00e9n\u00e9ral Mulenga d\u00e9clare que, lorsque l\u2019entra\u00eenement a commenc\u00e9 il y a 5 ans, il \u00e9tait conduit \u00e0 100 % par des formateurs am\u00e9ricains et quelques autres forces \u00e9trang\u00e8res. Aujourd\u2019hui, il est conduit par des Zambiens et les formateurs am\u00e9ricains sont essentiellement des observateurs.<span class=\"Apple-converted-space\">\u00a0<\/span><\/p>\n<p>\u00ab Nous fournissons aujourd\u2019hui la majeure partie des formateurs ; la plupart d\u2019entre eux ont de l\u2019exp\u00e9rience dans ces missions, en particulier en Centrafrique, et ils partagent donc aussi leurs exp\u00e9riences avec les soldats \u00bb, d\u00e9clare le g\u00e9n\u00e9ral Mulenga.<span class=\"Apple-converted-space\">\u00a0<\/span><\/p>\n<p>La mission en Centrafrique n\u2019est pas une mission tranquille. Le g\u00e9n\u00e9ral Mulenga d\u00e9clare que ses hommes ont affront\u00e9 des rebelles qui tiraient des roquettes de mortier de 107 mm mont\u00e9es sur des v\u00e9hicules Land Cruiser. La pr\u00e9paration \u00e0 cette r\u00e9alit\u00e9 a n\u00e9cessit\u00e9 un changement dans la formation.<span class=\"Apple-converted-space\">\u00a0<\/span><\/p>\n<p>\u00ab Pour les nouvelles recrues qui partent en mission, vous devez les pr\u00e9parer psychologiquement, mentalement et physiquement, d\u00e9clare-t-il. Ce n\u2019est pas en fait un environnement o\u00f9 il existe une paix \u00e0 maintenir, mais une paix \u00e0 imposer. \u00bb<\/p>\n<p>Lors de sa participation \u00e0 l\u2019ALFS, le g\u00e9n\u00e9ral Mulenga a parl\u00e9 avec ses coll\u00e8gues de la n\u00e9cessit\u00e9 de s\u2019adapter \u00e0 la guerre asym\u00e9trique, du besoin d\u2019avoir une sensibilisation situationnelle lors de l\u2019entr\u00e9e dans l\u2019environnement op\u00e9rationnel et, surtout, de l\u2019importance de bien comprendre le mandat de la mission. \u00ab Si vous ne comprenez pas le mandat, vous pourriez agir hors de ce mandat, d\u00e9clare-t-il. Le mandat de l\u2019ONU doit \u00eatre prot\u00e9g\u00e9 \u00e0 tout prix. \u00bb <span class=\"Apple-converted-space\">\u00a0<\/span><\/p>\n<hr \/>\n<h5 id=\"la_sante\">La sant\u00e9<span class=\"Apple-converted-space\">\u00a0<\/span>en premi\u00e8re ligne<\/h5>\n<figure id=\"attachment_19954\" aria-describedby=\"caption-attachment-19954\" style=\"width: 150px\" class=\"wp-caption alignleft\"><a href=\"https:\/\/adf-magazine.com\/wp-content\/uploads\/2020\/12\/Mequantie-2.jpg\"><img loading=\"lazy\" decoding=\"async\" class=\"wp-image-19954 size-thumbnail\" src=\"https:\/\/adf-magazine.com\/wp-content\/uploads\/2020\/12\/Mequantie-2-150x150.jpg\" alt=\"\" width=\"150\" height=\"150\" \/><\/a><figcaption id=\"caption-attachment-19954\" class=\"wp-caption-text\">G\u00e9n\u00e9ral de brigade Tensay Yilma Mequantie, commandant int\u00e9rimaire pour la sant\u00e9 dans les Forces de d\u00e9fense nationale \u00e9thiopiennes<\/figcaption><\/figure>\n<p>La pr\u00e9paration \u00e0 la pand\u00e9mie \u00e9tait primordiale pendant les premiers mois de 2020, alors que le Covid-19 se propageait dans le monde. Pour le g\u00e9n\u00e9ral de brigade Tensay Yilma Mequantie, commandant int\u00e9rimaire pour la sant\u00e9 dans les Forces de d\u00e9fense nationale \u00e9thiopiennes (ENDF), c\u2019\u00e9tait une pr\u00e9occupation constante.<span class=\"Apple-converted-space\">\u00a0<\/span><\/p>\n<p><span class=\"Apple-converted-space\">\u00a0<\/span>\u00ab L\u2019arm\u00e9e est tr\u00e8s expos\u00e9e compar\u00e9 \u00e0 d\u2019autres secteurs, d\u00e9clare-t-il. Ils sont en premi\u00e8re ligne, ils vont \u00e0 droite et \u00e0 gauche. Ils communiquent avec une grande partie de la soci\u00e9t\u00e9. Ils sont expos\u00e9s directement \u00e0 la pand\u00e9mie. \u00bb<span class=\"Apple-converted-space\">\u00a0<\/span><\/p>\n<p>Avant la confirmation du premier cas positif de Covid-19 en \u00c9thiopie, les ENDF ont \u00e9tabli un comit\u00e9 pour d\u00e9velopper un plan de pr\u00e9vention en coordination avec le minist\u00e8re de la Sant\u00e9 publique. Les ENDF se sont aussi appuy\u00e9es sur les connaissances ramen\u00e9es par les 26 soldats \u00e9thiopiens qui avaient \u00e9t\u00e9 d\u00e9ploy\u00e9s au Liberia lors de l\u2019\u00e9pid\u00e9mie d\u2019Ebola de 2014 pour fournir une assistance m\u00e9dicale.<span class=\"Apple-converted-space\">\u00a0<\/span><\/p>\n<p>\u00ab En tant que force arm\u00e9e, nous \u0153uvrons avec des connaissances communes, en connaissant la source de la maladie, la transmission de la maladie, et comment nous la contr\u00f4lons, d\u00e9clare le g\u00e9n\u00e9ral Tensay. Ces connaissances devraient \u00eatre transf\u00e9r\u00e9es \u00e0 l\u2019arm\u00e9e par l\u2019\u00e9ducation, par des d\u00e9monstrations. \u00bb<span class=\"Apple-converted-space\">\u00a0<\/span><\/p>\n<p>Comme beaucoup d\u2019autres forces de s\u00e9curit\u00e9 africaines, les ENDF sont vuln\u00e9rables aux maladies telles que le VIH\/sida, le paludisme et le chol\u00e9ra. Le g\u00e9n\u00e9ral Tensay d\u00e9clare que les ENDF ont enregistr\u00e9 un succ\u00e8s particulier contre la propagation du paludisme. Il a \u00e9voqu\u00e9 un syst\u00e8me d\u2019alerte pr\u00e9coce de la maladie et des \u00ab groupes de surveillance continue \u00bb dans les forces arm\u00e9es qui surveillent les \u00e9pid\u00e9mies et offrent aux soldats une formation dans les meilleures pratiques.<span class=\"Apple-converted-space\">\u00a0<\/span><\/p>\n<p>\u00ab Le paludisme est end\u00e9mique dans notre pays, d\u00e9clare-t-il \u00e0 <i>ADF<\/i>. Auparavant, beaucoup de gens trouvaient la mort \u00e0 cause du paludisme, mais plus aujourd\u2019hui. Nous avons beaucoup de mat\u00e9riel de protection, notamment de la gel\u00e9e de protection, des filets pour insectes, des uniformes trait\u00e9s correctement [pour repousser les moustiques]. \u00bb<\/p>\n<p>Le g\u00e9n\u00e9ral Tensay d\u00e9clare que l\u2019ALFS est une opportunit\u00e9 pour le personnel m\u00e9dical des forces arm\u00e9es \u00e9thiopiennes de d\u00e9velopper les relations forg\u00e9es pendant Justified Accord, exercice de l\u2019Arm\u00e9e de terre des \u00c9tats-Unis pour l\u2019Afrique de 2019 en \u00c9thiopie. Pendant cet exercice, les m\u00e9decins du 212\u00e8me h\u00f4pital de soutien au combat, 30\u00e8me brigade m\u00e9dicale de l\u2019Arm\u00e9e de terre des \u00c9tats-Unis, se sont entra\u00een\u00e9s avec l\u2019\u00e9quipe de l\u2019h\u00f4pital des forces arm\u00e9es \u00e0 Addis-Abeba. Le g\u00e9n\u00e9ral Tensay d\u00e9clare que le partenariat entre les deux pays s\u2019est renforc\u00e9 depuis lors, et inclut d\u00e9sormais une formation sur les soins des bless\u00e9s au combat.<span class=\"Apple-converted-space\">\u00a0<\/span><\/p>\n<p>\u00ab C\u2019est une occasion de nous r\u00e9unir, pour que dans une guerre future quelconque ou dans un moment difficile, nous ayons des connaissances communes, d\u00e9clare le g\u00e9n\u00e9ral Tensay. Nous nous sommes pr\u00e9par\u00e9s ensemble. \u00bb <span class=\"Apple-converted-space\">\u00a0<\/span><\/p>\n<hr \/>\n<h5 id=\"comment_se\">Comment se<span class=\"Apple-converted-space\">\u00a0<\/span>pr\u00e9parer pour le pire<\/h5>\n<figure id=\"attachment_20026\" aria-describedby=\"caption-attachment-20026\" style=\"width: 150px\" class=\"wp-caption alignleft\"><a href=\"https:\/\/adf-magazine.com\/wp-content\/uploads\/2020\/12\/Servansing-2.jpg\"><img loading=\"lazy\" decoding=\"async\" class=\"wp-image-20026 size-thumbnail\" src=\"https:\/\/adf-magazine.com\/wp-content\/uploads\/2020\/12\/Servansing-2-150x150.jpg\" alt=\"\" width=\"150\" height=\"150\" \/><\/a><figcaption id=\"caption-attachment-20026\" class=\"wp-caption-text\">Khemraj Servansing, commissaire de police adjoint de l\u2019\u00eele Maurice et officier charg\u00e9 du Centre national de r\u00e9duction et de gestion des risques li\u00e9s aux catastrophes<\/figcaption><\/figure>\n<p>Pour l\u2019\u00eele Maurice, la s\u00e9curit\u00e9 commence par la pr\u00e9paration aux catastrophes. Ce petit pays insulaire de l\u2019oc\u00e9an Indien est expos\u00e9 aux cyclones, aux tsunamis et aux inondations.<span class=\"Apple-converted-space\">\u00a0<\/span><\/p>\n<p>Mais Khemraj Servansing, commissaire de police adjoint de l\u2019\u00eele Maurice, pense que, bien que le pays soit sujet \u00e0 des inconv\u00e9nients g\u00e9ographiques, son \u00e9tat de pr\u00e9paration lui donne un avantage. \u00ab Nous sommes expos\u00e9s aux catastrophes naturelles. C\u2019est la nature et on ne peut pas la changer, d\u00e9clare-t-il. Notre gouvernement a investi \u00e9norm\u00e9ment dans le secteur de la r\u00e9duction des risques li\u00e9s aux catastrophes. \u00bb<\/p>\n<p>Le commissaire Servansing dirige le centre de r\u00e9duction et de gestion des risques li\u00e9s aux catastrophes de l\u2019\u00eele Maurice, qui avait \u00e9t\u00e9 cr\u00e9\u00e9 en 2015.<span class=\"Apple-converted-space\">\u00a0<\/span><\/p>\n<p>Lorsqu\u2019une menace, par exemple un cyclone, est d\u00e9cel\u00e9e, le pays active un centre national des op\u00e9rations d\u2019urgence multi-agences. Le comit\u00e9 national des crises du pays coordonne les centres locaux de gestion des urgences dans chacune des 12 municipalit\u00e9s du pays. Le processus doit \u00eatre transparent. En cas de tsunami, ils ont moins de 6 heures pour amener les habitants dans un lieu s\u00fbr.<\/p>\n<p>\u00ab Nous ne nous concentrons pas seulement sur la r\u00e9ponse, d\u00e9clare le commissaire Servansing. Nous n\u2019attendons pas que la catastrophe survienne. Nous devons \u00eatre proactifs. \u00bb<\/p>\n<p>L\u2019\u00eele Maurice a aussi cr\u00e9\u00e9 une carte des risques et investit 2 % de son produit national brut annuel dans les mesures de r\u00e9silience. Cette pr\u00e9paration co\u00fbte beaucoup d\u2019argent et de temps, mais le commissaire Servansing pense qu\u2019elle en vaut la peine.<span class=\"Apple-converted-space\">\u00a0<\/span><\/p>\n<p>Il y a quatre ans, l\u2019infrastructure de r\u00e9ponse du pays en faisait la treizi\u00e8me nation la plus vuln\u00e9rable du monde pour les catastrophes, selon World Risk Report. En date de 2019, elle est class\u00e9e 47\u00e8me.<span class=\"Apple-converted-space\">\u00a0<\/span><\/p>\n<p>\u00ab Vous r\u00e9duisez les risques parce que, si un \u00e9v\u00e9nement majeur survient, les pertes \u00e9conomiques subies par le pays co\u00fbteront bien plus que ce que vous allez investir dans la r\u00e9duction des risques li\u00e9s aux catastrophes \u00bb, d\u00e9clare le commissaire Servansing.<span class=\"Apple-converted-space\">\u00a0<\/span><\/p>\n<p>\u00c0 l\u2019ALFS, le commissaire Servansing \u00e9tait particuli\u00e8rement int\u00e9ress\u00e9 \u00e0 \u00e9couter les pays et les experts qui ont de l\u2019exp\u00e9rience dans les catastro-phes naturelles \u00e0 grande \u00e9chelle. Il d\u00e9clare que tous les pays doivent avoir un plan pour coordonner l\u2019assistance qu\u2019ils re\u00e7oivent, pour superviser les actions des organisations non gouvernementales, et pour permettre aux articles humanitaires d\u2019\u00eatre d\u00e9douan\u00e9s pour entrer dans le pays.<span class=\"Apple-converted-space\">\u00a0<\/span><\/p>\n<p>\u00ab L\u2019organisation de la r\u00e9ception pour que toutes ces organisations entrent dans le pays n\u2019est pas simple. C\u2019est tr\u00e8s compliqu\u00e9, d\u00e9clare-t-il. Il incombe au pays h\u00f4te d\u2019assumer cette responsabilit\u00e9. C\u2019est \u00e0 vous, et non pas \u00e0 elles, de diriger les op\u00e9rations. Donc nous devons avoir un plan. \u00bb<\/p>\n","protected":false},"excerpt":{"rendered":"<p>PERSONNEL D\u2019ADF Il y a 20 ans, peu de personnes connaissaient l\u2019expression \u00ab guerre cybern\u00e9tique \u00bb. La plupart des pays ne consid\u00e9raient pas l\u2019extr\u00e9misme religieux comme une menace. Et l\u2019on pensait que la piraterie avait \u00e9t\u00e9 \u00e9limin\u00e9e cent ans auparavant.\u00a0 Les choses peuvent changer rapidement.\u00a0 Lorsque les chefs des arm\u00e9es de terre d\u2019Afrique se sont<\/p>\n","protected":false},"author":1,"featured_media":19834,"comment_status":"open","ping_status":"open","sticky":false,"template":"","format":"standard","meta":{"_acf_changed":false,"_monsterinsights_skip_tracking":false,"_monsterinsights_sitenote_active":false,"_monsterinsights_sitenote_note":"","_monsterinsights_sitenote_category":0,"_uf_show_specific_survey":0,"_uf_disable_surveys":false,"footnotes":""},"categories":[42],"tags":[],"class_list":{"0":"post-20327","1":"post","2":"type-post","3":"status-publish","4":"format-standard","5":"has-post-thumbnail","7":"category-articles"},"acf":[],"yoast_head":"<!-- This site is optimized with the Yoast SEO plugin v27.5 - https:\/\/yoast.com\/product\/yoast-seo-wordpress\/ -->\n<title>Comment pr\u00e9parer la s\u00e9curit\u00e9 du futur - Africa Defense Forum<\/title>\n<meta name=\"robots\" content=\"index, follow, max-snippet:-1, max-image-preview:large, max-video-preview:-1\" \/>\n<link rel=\"canonical\" href=\"https:\/\/adf-magazine.com\/fr\/2020\/12\/comment-preparer-la-securite-du-futur\/\" \/>\n<meta property=\"og:locale\" content=\"fr_FR\" \/>\n<meta property=\"og:type\" content=\"article\" \/>\n<meta property=\"og:title\" content=\"Comment pr\u00e9parer la s\u00e9curit\u00e9 du futur - Africa Defense Forum\" \/>\n<meta property=\"og:description\" content=\"PERSONNEL D\u2019ADF Il y a 20 ans, peu de personnes connaissaient l\u2019expression \u00ab guerre cybern\u00e9tique \u00bb. La plupart des pays ne consid\u00e9raient pas l\u2019extr\u00e9misme religieux comme une menace. Et l\u2019on pensait que la piraterie avait \u00e9t\u00e9 \u00e9limin\u00e9e cent ans auparavant.\u00a0 Les choses peuvent changer rapidement.\u00a0 Lorsque les chefs des arm\u00e9es de terre d\u2019Afrique se sont\" \/>\n<meta property=\"og:url\" content=\"https:\/\/adf-magazine.com\/fr\/2020\/12\/comment-preparer-la-securite-du-futur\/\" \/>\n<meta property=\"og:site_name\" content=\"Africa Defense Forum\" \/>\n<meta property=\"article:publisher\" content=\"https:\/\/www.facebook.com\/ADFmagazine\/\" \/>\n<meta property=\"article:published_time\" content=\"2020-12-28T13:55:49+00:00\" \/>\n<meta property=\"article:modified_time\" content=\"2021-02-16T17:07:13+00:00\" \/>\n<meta property=\"og:image\" content=\"https:\/\/adf-magazine.com\/wp-content\/uploads\/2020\/12\/49722577103_6a18ca5bfb_o.jpg\" \/>\n\t<meta property=\"og:image:width\" content=\"1080\" \/>\n\t<meta property=\"og:image:height\" content=\"720\" \/>\n\t<meta property=\"og:image:type\" content=\"image\/jpeg\" \/>\n<meta name=\"author\" content=\"ADF\" \/>\n<meta name=\"twitter:card\" content=\"summary_large_image\" \/>\n<meta name=\"twitter:image\" content=\"https:\/\/adf-magazine.com\/wp-content\/uploads\/2020\/12\/49722577103_6a18ca5bfb_o.jpg\" \/>\n<meta name=\"twitter:creator\" content=\"@ADFmagazine\" \/>\n<meta name=\"twitter:site\" content=\"@ADFmagazine\" \/>\n<meta name=\"twitter:label1\" content=\"\u00c9crit par\" \/>\n\t<meta name=\"twitter:data1\" content=\"ADF\" \/>\n\t<meta name=\"twitter:label2\" content=\"Dur\u00e9e de lecture estim\u00e9e\" \/>\n\t<meta name=\"twitter:data2\" content=\"14 minutes\" \/>\n<script type=\"application\/ld+json\" class=\"yoast-schema-graph\">{\"@context\":\"https:\\\/\\\/schema.org\",\"@graph\":[{\"@type\":\"Article\",\"@id\":\"https:\\\/\\\/adf-magazine.com\\\/fr\\\/2020\\\/12\\\/comment-preparer-la-securite-du-futur\\\/#article\",\"isPartOf\":{\"@id\":\"https:\\\/\\\/adf-magazine.com\\\/fr\\\/2020\\\/12\\\/comment-preparer-la-securite-du-futur\\\/\"},\"author\":{\"name\":\"ADF\",\"@id\":\"https:\\\/\\\/adf-magazine.com\\\/#\\\/schema\\\/person\\\/f266a6061389568b5a11465bb38bc025\"},\"headline\":\"Comment pr\u00e9parer la s\u00e9curit\u00e9 du futur\",\"datePublished\":\"2020-12-28T13:55:49+00:00\",\"dateModified\":\"2021-02-16T17:07:13+00:00\",\"mainEntityOfPage\":{\"@id\":\"https:\\\/\\\/adf-magazine.com\\\/fr\\\/2020\\\/12\\\/comment-preparer-la-securite-du-futur\\\/\"},\"wordCount\":3235,\"commentCount\":0,\"image\":{\"@id\":\"https:\\\/\\\/adf-magazine.com\\\/fr\\\/2020\\\/12\\\/comment-preparer-la-securite-du-futur\\\/#primaryimage\"},\"thumbnailUrl\":\"https:\\\/\\\/adf-magazine.com\\\/wp-content\\\/uploads\\\/2020\\\/12\\\/DSC_0041.jpg\",\"articleSection\":[\"articles\"],\"inLanguage\":\"fr-FR\",\"potentialAction\":[{\"@type\":\"CommentAction\",\"name\":\"Comment\",\"target\":[\"https:\\\/\\\/adf-magazine.com\\\/fr\\\/2020\\\/12\\\/comment-preparer-la-securite-du-futur\\\/#respond\"]}]},{\"@type\":\"WebPage\",\"@id\":\"https:\\\/\\\/adf-magazine.com\\\/fr\\\/2020\\\/12\\\/comment-preparer-la-securite-du-futur\\\/\",\"url\":\"https:\\\/\\\/adf-magazine.com\\\/fr\\\/2020\\\/12\\\/comment-preparer-la-securite-du-futur\\\/\",\"name\":\"Comment pr\u00e9parer la s\u00e9curit\u00e9 du futur - Africa Defense Forum\",\"isPartOf\":{\"@id\":\"https:\\\/\\\/adf-magazine.com\\\/#website\"},\"primaryImageOfPage\":{\"@id\":\"https:\\\/\\\/adf-magazine.com\\\/fr\\\/2020\\\/12\\\/comment-preparer-la-securite-du-futur\\\/#primaryimage\"},\"image\":{\"@id\":\"https:\\\/\\\/adf-magazine.com\\\/fr\\\/2020\\\/12\\\/comment-preparer-la-securite-du-futur\\\/#primaryimage\"},\"thumbnailUrl\":\"https:\\\/\\\/adf-magazine.com\\\/wp-content\\\/uploads\\\/2020\\\/12\\\/DSC_0041.jpg\",\"datePublished\":\"2020-12-28T13:55:49+00:00\",\"dateModified\":\"2021-02-16T17:07:13+00:00\",\"author\":{\"@id\":\"https:\\\/\\\/adf-magazine.com\\\/#\\\/schema\\\/person\\\/f266a6061389568b5a11465bb38bc025\"},\"breadcrumb\":{\"@id\":\"https:\\\/\\\/adf-magazine.com\\\/fr\\\/2020\\\/12\\\/comment-preparer-la-securite-du-futur\\\/#breadcrumb\"},\"inLanguage\":\"fr-FR\",\"potentialAction\":[{\"@type\":\"ReadAction\",\"target\":[\"https:\\\/\\\/adf-magazine.com\\\/fr\\\/2020\\\/12\\\/comment-preparer-la-securite-du-futur\\\/\"]}]},{\"@type\":\"ImageObject\",\"inLanguage\":\"fr-FR\",\"@id\":\"https:\\\/\\\/adf-magazine.com\\\/fr\\\/2020\\\/12\\\/comment-preparer-la-securite-du-futur\\\/#primaryimage\",\"url\":\"https:\\\/\\\/adf-magazine.com\\\/wp-content\\\/uploads\\\/2020\\\/12\\\/DSC_0041.jpg\",\"contentUrl\":\"https:\\\/\\\/adf-magazine.com\\\/wp-content\\\/uploads\\\/2020\\\/12\\\/DSC_0041.jpg\",\"width\":1080,\"height\":714},{\"@type\":\"BreadcrumbList\",\"@id\":\"https:\\\/\\\/adf-magazine.com\\\/fr\\\/2020\\\/12\\\/comment-preparer-la-securite-du-futur\\\/#breadcrumb\",\"itemListElement\":[{\"@type\":\"ListItem\",\"position\":1,\"name\":\"page d\u2019accueil\",\"item\":\"https:\\\/\\\/adf-magazine.com\\\/\"},{\"@type\":\"ListItem\",\"position\":2,\"name\":\"Comment pr\u00e9parer la s\u00e9curit\u00e9 du futur\"}]},{\"@type\":\"WebSite\",\"@id\":\"https:\\\/\\\/adf-magazine.com\\\/#website\",\"url\":\"https:\\\/\\\/adf-magazine.com\\\/\",\"name\":\"Africa Defense Forum\",\"description\":\"Africa Defense Forum\",\"potentialAction\":[{\"@type\":\"SearchAction\",\"target\":{\"@type\":\"EntryPoint\",\"urlTemplate\":\"https:\\\/\\\/adf-magazine.com\\\/?s={search_term_string}\"},\"query-input\":{\"@type\":\"PropertyValueSpecification\",\"valueRequired\":true,\"valueName\":\"search_term_string\"}}],\"inLanguage\":\"fr-FR\"},{\"@type\":\"Person\",\"@id\":\"https:\\\/\\\/adf-magazine.com\\\/#\\\/schema\\\/person\\\/f266a6061389568b5a11465bb38bc025\",\"name\":\"ADF\",\"image\":{\"@type\":\"ImageObject\",\"inLanguage\":\"fr-FR\",\"@id\":\"https:\\\/\\\/adf-magazine.com\\\/wp-content\\\/uploads\\\/2020\\\/05\\\/cropped-ADF_icon.jpg\",\"url\":\"https:\\\/\\\/adf-magazine.com\\\/wp-content\\\/uploads\\\/2020\\\/05\\\/cropped-ADF_icon.jpg\",\"contentUrl\":\"https:\\\/\\\/adf-magazine.com\\\/wp-content\\\/uploads\\\/2020\\\/05\\\/cropped-ADF_icon.jpg\",\"caption\":\"ADF\"},\"description\":\"ADF is a professional military magazine published quarterly by U.S. Africa Command to provide an international forum for African security professionals. ADF covers topics such as counter terrorism strategies, security and defense operations, transnational crime, and all other issues affecting peace, stability, and good governance on the African continent.\",\"sameAs\":[\"https:\\\/\\\/x.com\\\/ADFmagazine\"],\"url\":\"https:\\\/\\\/adf-magazine.com\\\/fr\\\/author\\\/adf\\\/\"}]}<\/script>\n<!-- \/ Yoast SEO plugin. -->","yoast_head_json":{"title":"Comment pr\u00e9parer la s\u00e9curit\u00e9 du futur - Africa Defense Forum","robots":{"index":"index","follow":"follow","max-snippet":"max-snippet:-1","max-image-preview":"max-image-preview:large","max-video-preview":"max-video-preview:-1"},"canonical":"https:\/\/adf-magazine.com\/fr\/2020\/12\/comment-preparer-la-securite-du-futur\/","og_locale":"fr_FR","og_type":"article","og_title":"Comment pr\u00e9parer la s\u00e9curit\u00e9 du futur - Africa Defense Forum","og_description":"PERSONNEL D\u2019ADF Il y a 20 ans, peu de personnes connaissaient l\u2019expression \u00ab guerre cybern\u00e9tique \u00bb. La plupart des pays ne consid\u00e9raient pas l\u2019extr\u00e9misme religieux comme une menace. Et l\u2019on pensait que la piraterie avait \u00e9t\u00e9 \u00e9limin\u00e9e cent ans auparavant.\u00a0 Les choses peuvent changer rapidement.\u00a0 Lorsque les chefs des arm\u00e9es de terre d\u2019Afrique se sont","og_url":"https:\/\/adf-magazine.com\/fr\/2020\/12\/comment-preparer-la-securite-du-futur\/","og_site_name":"Africa Defense Forum","article_publisher":"https:\/\/www.facebook.com\/ADFmagazine\/","article_published_time":"2020-12-28T13:55:49+00:00","article_modified_time":"2021-02-16T17:07:13+00:00","og_image":[{"width":1080,"height":720,"url":"https:\/\/adf-magazine.com\/wp-content\/uploads\/2020\/12\/49722577103_6a18ca5bfb_o.jpg","type":"image\/jpeg"}],"author":"ADF","twitter_card":"summary_large_image","twitter_image":"https:\/\/adf-magazine.com\/wp-content\/uploads\/2020\/12\/49722577103_6a18ca5bfb_o.jpg","twitter_creator":"@ADFmagazine","twitter_site":"@ADFmagazine","twitter_misc":{"\u00c9crit par":"ADF","Dur\u00e9e de lecture estim\u00e9e":"14 minutes"},"schema":{"@context":"https:\/\/schema.org","@graph":[{"@type":"Article","@id":"https:\/\/adf-magazine.com\/fr\/2020\/12\/comment-preparer-la-securite-du-futur\/#article","isPartOf":{"@id":"https:\/\/adf-magazine.com\/fr\/2020\/12\/comment-preparer-la-securite-du-futur\/"},"author":{"name":"ADF","@id":"https:\/\/adf-magazine.com\/#\/schema\/person\/f266a6061389568b5a11465bb38bc025"},"headline":"Comment pr\u00e9parer la s\u00e9curit\u00e9 du futur","datePublished":"2020-12-28T13:55:49+00:00","dateModified":"2021-02-16T17:07:13+00:00","mainEntityOfPage":{"@id":"https:\/\/adf-magazine.com\/fr\/2020\/12\/comment-preparer-la-securite-du-futur\/"},"wordCount":3235,"commentCount":0,"image":{"@id":"https:\/\/adf-magazine.com\/fr\/2020\/12\/comment-preparer-la-securite-du-futur\/#primaryimage"},"thumbnailUrl":"https:\/\/adf-magazine.com\/wp-content\/uploads\/2020\/12\/DSC_0041.jpg","articleSection":["articles"],"inLanguage":"fr-FR","potentialAction":[{"@type":"CommentAction","name":"Comment","target":["https:\/\/adf-magazine.com\/fr\/2020\/12\/comment-preparer-la-securite-du-futur\/#respond"]}]},{"@type":"WebPage","@id":"https:\/\/adf-magazine.com\/fr\/2020\/12\/comment-preparer-la-securite-du-futur\/","url":"https:\/\/adf-magazine.com\/fr\/2020\/12\/comment-preparer-la-securite-du-futur\/","name":"Comment pr\u00e9parer la s\u00e9curit\u00e9 du futur - Africa Defense Forum","isPartOf":{"@id":"https:\/\/adf-magazine.com\/#website"},"primaryImageOfPage":{"@id":"https:\/\/adf-magazine.com\/fr\/2020\/12\/comment-preparer-la-securite-du-futur\/#primaryimage"},"image":{"@id":"https:\/\/adf-magazine.com\/fr\/2020\/12\/comment-preparer-la-securite-du-futur\/#primaryimage"},"thumbnailUrl":"https:\/\/adf-magazine.com\/wp-content\/uploads\/2020\/12\/DSC_0041.jpg","datePublished":"2020-12-28T13:55:49+00:00","dateModified":"2021-02-16T17:07:13+00:00","author":{"@id":"https:\/\/adf-magazine.com\/#\/schema\/person\/f266a6061389568b5a11465bb38bc025"},"breadcrumb":{"@id":"https:\/\/adf-magazine.com\/fr\/2020\/12\/comment-preparer-la-securite-du-futur\/#breadcrumb"},"inLanguage":"fr-FR","potentialAction":[{"@type":"ReadAction","target":["https:\/\/adf-magazine.com\/fr\/2020\/12\/comment-preparer-la-securite-du-futur\/"]}]},{"@type":"ImageObject","inLanguage":"fr-FR","@id":"https:\/\/adf-magazine.com\/fr\/2020\/12\/comment-preparer-la-securite-du-futur\/#primaryimage","url":"https:\/\/adf-magazine.com\/wp-content\/uploads\/2020\/12\/DSC_0041.jpg","contentUrl":"https:\/\/adf-magazine.com\/wp-content\/uploads\/2020\/12\/DSC_0041.jpg","width":1080,"height":714},{"@type":"BreadcrumbList","@id":"https:\/\/adf-magazine.com\/fr\/2020\/12\/comment-preparer-la-securite-du-futur\/#breadcrumb","itemListElement":[{"@type":"ListItem","position":1,"name":"page d\u2019accueil","item":"https:\/\/adf-magazine.com\/"},{"@type":"ListItem","position":2,"name":"Comment pr\u00e9parer la s\u00e9curit\u00e9 du futur"}]},{"@type":"WebSite","@id":"https:\/\/adf-magazine.com\/#website","url":"https:\/\/adf-magazine.com\/","name":"Africa Defense Forum","description":"Africa Defense Forum","potentialAction":[{"@type":"SearchAction","target":{"@type":"EntryPoint","urlTemplate":"https:\/\/adf-magazine.com\/?s={search_term_string}"},"query-input":{"@type":"PropertyValueSpecification","valueRequired":true,"valueName":"search_term_string"}}],"inLanguage":"fr-FR"},{"@type":"Person","@id":"https:\/\/adf-magazine.com\/#\/schema\/person\/f266a6061389568b5a11465bb38bc025","name":"ADF","image":{"@type":"ImageObject","inLanguage":"fr-FR","@id":"https:\/\/adf-magazine.com\/wp-content\/uploads\/2020\/05\/cropped-ADF_icon.jpg","url":"https:\/\/adf-magazine.com\/wp-content\/uploads\/2020\/05\/cropped-ADF_icon.jpg","contentUrl":"https:\/\/adf-magazine.com\/wp-content\/uploads\/2020\/05\/cropped-ADF_icon.jpg","caption":"ADF"},"description":"ADF is a professional military magazine published quarterly by U.S. Africa Command to provide an international forum for African security professionals. ADF covers topics such as counter terrorism strategies, security and defense operations, transnational crime, and all other issues affecting peace, stability, and good governance on the African continent.","sameAs":["https:\/\/x.com\/ADFmagazine"],"url":"https:\/\/adf-magazine.com\/fr\/author\/adf\/"}]}},"_links":{"self":[{"href":"https:\/\/adf-magazine.com\/fr\/wp-json\/wp\/v2\/posts\/20327","targetHints":{"allow":["GET"]}}],"collection":[{"href":"https:\/\/adf-magazine.com\/fr\/wp-json\/wp\/v2\/posts"}],"about":[{"href":"https:\/\/adf-magazine.com\/fr\/wp-json\/wp\/v2\/types\/post"}],"author":[{"embeddable":true,"href":"https:\/\/adf-magazine.com\/fr\/wp-json\/wp\/v2\/users\/1"}],"replies":[{"embeddable":true,"href":"https:\/\/adf-magazine.com\/fr\/wp-json\/wp\/v2\/comments?post=20327"}],"version-history":[{"count":0,"href":"https:\/\/adf-magazine.com\/fr\/wp-json\/wp\/v2\/posts\/20327\/revisions"}],"wp:featuredmedia":[{"embeddable":true,"href":"https:\/\/adf-magazine.com\/fr\/wp-json\/wp\/v2\/media\/19834"}],"wp:attachment":[{"href":"https:\/\/adf-magazine.com\/fr\/wp-json\/wp\/v2\/media?parent=20327"}],"wp:term":[{"taxonomy":"category","embeddable":true,"href":"https:\/\/adf-magazine.com\/fr\/wp-json\/wp\/v2\/categories?post=20327"},{"taxonomy":"post_tag","embeddable":true,"href":"https:\/\/adf-magazine.com\/fr\/wp-json\/wp\/v2\/tags?post=20327"}],"curies":[{"name":"wp","href":"https:\/\/api.w.org\/{rel}","templated":true}]}}