{"id":19529,"date":"2020-12-09T14:49:34","date_gmt":"2020-12-09T19:49:34","guid":{"rendered":"https:\/\/adf-magazine.com\/?p=19529"},"modified":"2020-12-10T13:02:45","modified_gmt":"2020-12-10T18:02:45","slug":"le-cameroun-est-scandalise-par-les-attaques-contre-les-ecoles","status":"publish","type":"post","link":"https:\/\/adf-magazine.com\/fr\/2020\/12\/le-cameroun-est-scandalise-par-les-attaques-contre-les-ecoles\/","title":{"rendered":"Le Cameroun est scandalis\u00e9 par les attaques contre les \u00e9coles"},"content":{"rendered":"<p>PERSONNEL D\u2019<em>ADF<\/em><\/p>\n<p>Le nom du groupe terroriste Boko Haram signifie essentiellement \u00ab\u00a0l\u2019\u00e9ducation occidentale est interdite\u00a0\u00bb. Une s\u00e9rie d\u2019attaques contre les \u00e9coles dans le Nord du Cameroun montre que le groupe honore cette promesse meurtri\u00e8re.<\/p>\n<p>La r\u00e9gion de l\u2019Extr\u00eame-Nord du Cameroun, situ\u00e9e entre le Nigeria \u00e0 l\u2019Ouest et le Tchad \u00e0 l\u2019Est, est aux premi\u00e8res lignes de l\u2019insurrection de Boko Haram. Elle a enregistr\u00e9 une forte hausse de violence. Les statistiques indiquent environ 400 incidents au cours des douze derniers mois, soit une augmentation de 90\u00a0% par rapport \u00e0 l\u2019ann\u00e9e pr\u00e9c\u00e9dente, selon une analyse du Centre africain pour les \u00e9tudes strat\u00e9giques.<\/p>\n<p>Ousmanu Amadou Garga, du minist\u00e8re camerounais de l\u2019\u00c9ducation de base, a d\u00e9clar\u00e9 que les r\u00e9centes attaques de Boko Haram, notamment les attentats suicides, ont forc\u00e9 des milliers d\u2019\u00e9l\u00e8ves et leurs enseignants \u00e0 s\u2019enfuir.<\/p>\n<p>\u00ab\u00a0Soixante-deux \u00e9coles ont \u00e9t\u00e9 ferm\u00e9es. Les enfants doivent \u00eatre (instruits) dans d\u2019autres \u00e9coles tr\u00e8s loin de leur village, ou ils sont forc\u00e9s d\u2019abandonner l\u2019\u00e9cole\u00a0\u00bb, a-t-il dit dans une d\u00e9claration publique, en notant que 34.054 \u00e9l\u00e8ves ont \u00e9t\u00e9 r\u00e9pertori\u00e9s sur la liste des personnes d\u00e9plac\u00e9es internes (IDP). \u00ab\u00a0Nous avons des \u00e9l\u00e8ves des communaut\u00e9s d\u2019h\u00e9bergement\u00a0; nous avons m\u00eame des \u00e9l\u00e8ves r\u00e9fugi\u00e9s.\u00a0\u00bb<\/p>\n<p>Selon les forces arm\u00e9es du Cameroun, les militants islamistes ont incendi\u00e9 treize \u00e9coles et ont enlev\u00e9 au moins 200 personnes pour les ran\u00e7onner en juillet et en ao\u00fbt.<\/p>\n<p>Depuis 2014, Boko Haram a cibl\u00e9 les civils de la r\u00e9gion de l\u2019Extr\u00eame-Nord dans les \u00e9coles, les march\u00e9s, les camps de r\u00e9fugi\u00e9s, les mosqu\u00e9es, les \u00e9glises et les arr\u00eats de bus. Depuis 2015, le groupe recrute souvent les enfants par la force et les utilisent comme kamikazes dans le bassin du lac Tchad, qui inclut le Cameroun, selon l\u2019Unicef.<\/p>\n<p>Un activiste local a d\u00e9crit ainsi \u00e0 Human Rights Watch les tactiques de Boko Haram, \u00e0 la suite d\u2019une attaque du mois d\u2019ao\u00fbt contre un camp IDP dans laquelle 19 personnes au moins ont trouv\u00e9 la mort, y compris deux kamikazes que plusieurs r\u00e9fugi\u00e9s identifi\u00e8rent comme \u00e9tant des enfants\u00a0:<\/p>\n<p>\u00ab\u00a0Ils utilisent des kamikazes, et souvent ce sont des enfants ou des femmes\u00a0; de cette fa\u00e7on ils peuvent agir sans \u00eatre remarqu\u00e9s. Si les autorit\u00e9s ne d\u00e9ploient pas davantage de personnel des forces de s\u00e9curit\u00e9 dans notre r\u00e9gion, elles manqueront \u00e0 leur devoir fondamental de prot\u00e9ger les gens. Elles devraient emp\u00eacher Boko Haram de cibler les civils de nouveau, et prot\u00e9ger les communaut\u00e9s de personnes d\u00e9plac\u00e9es contre les attaques \u00e0 l\u2019avenir.\u00a0\u00bb<\/p>\n<p>Le groupe extr\u00e9miste avait lanc\u00e9 une insurrection arm\u00e9e contre le Nigeria en 2009. Depuis lors, il a massacr\u00e9 des dizaines de milliers de personnes, commis des enl\u00e8vements en masse et provoqu\u00e9 la fuite de millions de personnes dans la r\u00e9gion. En 2015, un groupe dissident de Boko Haram a fait all\u00e9geance \u00e0 l\u2019\u00c9tat islamique et a adopt\u00e9 le nom de Province d\u2019Afrique de l\u2019Ouest de l\u2019\u00c9tat islamique.<\/p>\n<p>Pr\u00e8s de 322.000 personnes ont abandonn\u00e9 leur foyer et sont devenues des d\u00e9plac\u00e9s internes dans la r\u00e9gion de l\u2019Extr\u00eame-Nord. Le Cameroun h\u00e9berge aussi environ 113.000 r\u00e9fugi\u00e9s nig\u00e9rians qui ont fui les attaques de Boko Haram.<\/p>\n<p>En 2018, le pr\u00e9sident Muhammadu Buhari du Nigeria a approuv\u00e9 l\u2019achat d\u2019un \u00e9quipement de s\u00e9curit\u00e9 d\u2019une valeur de 2,6 millions de dollars pour combattre les insurg\u00e9s. L\u2019efficacit\u00e9 des mesures dans son pays a pouss\u00e9 Boko Haram plus loin vers le Cameroun, o\u00f9 les meurtres, les enl\u00e8vements, les vols et les destructions de biens se produisent presque chaque jour.<\/p>\n<p>Les 62 \u00e9coles ferm\u00e9es dans la r\u00e9gion de l\u2019Extr\u00eame-Nord sont situ\u00e9s \u00e0 la fronti\u00e8re de l\u2019\u00c9tat nig\u00e9rian de Borno, o\u00f9 Boko Haram est le plus actif.<\/p>\n<p>\u00ab\u00a0La fermeture des \u00e9coles dans le Nord-Cameroun montre \u00e0 quel point le pays est d\u00e9pass\u00e9 par le double d\u00e9fi de la pand\u00e9mie et du militantisme islamique\u00a0\u00bb, d\u00e9clare Yonas, repr\u00e9sentant du groupe religieux Portes Ouvertes qui est actif dans la r\u00e9gion.<\/p>\n","protected":false},"excerpt":{"rendered":"<p>PERSONNEL D\u2019ADF Le nom du groupe terroriste Boko Haram signifie essentiellement \u00ab\u00a0l\u2019\u00e9ducation occidentale est interdite\u00a0\u00bb. Une s\u00e9rie d\u2019attaques contre les \u00e9coles dans le Nord du Cameroun montre que le groupe honore cette promesse meurtri\u00e8re. La r\u00e9gion de l\u2019Extr\u00eame-Nord du Cameroun, situ\u00e9e entre le Nigeria \u00e0 l\u2019Ouest et le Tchad \u00e0 l\u2019Est, est aux premi\u00e8res lignes<\/p>\n","protected":false},"author":1,"featured_media":19526,"comment_status":"open","ping_status":"open","sticky":false,"template":"","format":"standard","meta":{"_acf_changed":false,"_monsterinsights_skip_tracking":false,"_monsterinsights_sitenote_active":false,"_monsterinsights_sitenote_note":"","_monsterinsights_sitenote_category":0,"_uf_show_specific_survey":0,"_uf_disable_surveys":false,"footnotes":""},"categories":[331],"tags":[],"class_list":{"0":"post-19529","1":"post","2":"type-post","3":"status-publish","4":"format-standard","5":"has-post-thumbnail","7":"category-dernieres-nouvelles"},"acf":[],"yoast_head":"<!-- This site is optimized with the Yoast SEO plugin v27.5 - https:\/\/yoast.com\/product\/yoast-seo-wordpress\/ -->\n<title>Le Cameroun est scandalis\u00e9 par les attaques contre les \u00e9coles - Africa Defense Forum<\/title>\n<meta name=\"robots\" content=\"index, follow, max-snippet:-1, max-image-preview:large, max-video-preview:-1\" \/>\n<link rel=\"canonical\" href=\"https:\/\/adf-magazine.com\/fr\/2020\/12\/le-cameroun-est-scandalise-par-les-attaques-contre-les-ecoles\/\" \/>\n<meta property=\"og:locale\" content=\"fr_FR\" \/>\n<meta property=\"og:type\" content=\"article\" \/>\n<meta property=\"og:title\" content=\"Le Cameroun est scandalis\u00e9 par les attaques contre les \u00e9coles - Africa Defense Forum\" \/>\n<meta property=\"og:description\" content=\"PERSONNEL D\u2019ADF Le nom du groupe terroriste Boko Haram signifie essentiellement \u00ab\u00a0l\u2019\u00e9ducation occidentale est interdite\u00a0\u00bb. Une s\u00e9rie d\u2019attaques contre les \u00e9coles dans le Nord du Cameroun montre que le groupe honore cette promesse meurtri\u00e8re. La r\u00e9gion de l\u2019Extr\u00eame-Nord du Cameroun, situ\u00e9e entre le Nigeria \u00e0 l\u2019Ouest et le Tchad \u00e0 l\u2019Est, est aux premi\u00e8res lignes\" \/>\n<meta property=\"og:url\" content=\"https:\/\/adf-magazine.com\/fr\/2020\/12\/le-cameroun-est-scandalise-par-les-attaques-contre-les-ecoles\/\" \/>\n<meta property=\"og:site_name\" content=\"Africa Defense Forum\" \/>\n<meta property=\"article:publisher\" content=\"https:\/\/www.facebook.com\/ADFmagazine\/\" \/>\n<meta property=\"article:published_time\" content=\"2020-12-09T19:49:34+00:00\" \/>\n<meta property=\"article:modified_time\" content=\"2020-12-10T18:02:45+00:00\" \/>\n<meta property=\"og:image\" content=\"https:\/\/adf-magazine.com\/wp-content\/uploads\/2020\/12\/GettyImages-1207342267.jpg\" \/>\n\t<meta property=\"og:image:width\" content=\"1080\" \/>\n\t<meta property=\"og:image:height\" content=\"720\" \/>\n\t<meta property=\"og:image:type\" content=\"image\/jpeg\" \/>\n<meta name=\"author\" content=\"ADF\" \/>\n<meta name=\"twitter:card\" content=\"summary_large_image\" \/>\n<meta name=\"twitter:creator\" content=\"@ADFmagazine\" \/>\n<meta name=\"twitter:site\" content=\"@ADFmagazine\" \/>\n<meta name=\"twitter:label1\" content=\"\u00c9crit par\" \/>\n\t<meta name=\"twitter:data1\" content=\"ADF\" \/>\n\t<meta name=\"twitter:label2\" content=\"Dur\u00e9e de lecture estim\u00e9e\" \/>\n\t<meta name=\"twitter:data2\" content=\"4 minutes\" \/>\n<script type=\"application\/ld+json\" class=\"yoast-schema-graph\">{\"@context\":\"https:\\\/\\\/schema.org\",\"@graph\":[{\"@type\":\"Article\",\"@id\":\"https:\\\/\\\/adf-magazine.com\\\/fr\\\/2020\\\/12\\\/le-cameroun-est-scandalise-par-les-attaques-contre-les-ecoles\\\/#article\",\"isPartOf\":{\"@id\":\"https:\\\/\\\/adf-magazine.com\\\/fr\\\/2020\\\/12\\\/le-cameroun-est-scandalise-par-les-attaques-contre-les-ecoles\\\/\"},\"author\":{\"name\":\"ADF\",\"@id\":\"https:\\\/\\\/adf-magazine.com\\\/#\\\/schema\\\/person\\\/f266a6061389568b5a11465bb38bc025\"},\"headline\":\"Le Cameroun est scandalis\u00e9 par les attaques contre les \u00e9coles\",\"datePublished\":\"2020-12-09T19:49:34+00:00\",\"dateModified\":\"2020-12-10T18:02:45+00:00\",\"mainEntityOfPage\":{\"@id\":\"https:\\\/\\\/adf-magazine.com\\\/fr\\\/2020\\\/12\\\/le-cameroun-est-scandalise-par-les-attaques-contre-les-ecoles\\\/\"},\"wordCount\":728,\"commentCount\":0,\"image\":{\"@id\":\"https:\\\/\\\/adf-magazine.com\\\/fr\\\/2020\\\/12\\\/le-cameroun-est-scandalise-par-les-attaques-contre-les-ecoles\\\/#primaryimage\"},\"thumbnailUrl\":\"https:\\\/\\\/adf-magazine.com\\\/wp-content\\\/uploads\\\/2020\\\/12\\\/GettyImages-1207342267.jpg\",\"articleSection\":[\"Actualit\u00e9s du Jour\"],\"inLanguage\":\"fr-FR\",\"potentialAction\":[{\"@type\":\"CommentAction\",\"name\":\"Comment\",\"target\":[\"https:\\\/\\\/adf-magazine.com\\\/fr\\\/2020\\\/12\\\/le-cameroun-est-scandalise-par-les-attaques-contre-les-ecoles\\\/#respond\"]}]},{\"@type\":\"WebPage\",\"@id\":\"https:\\\/\\\/adf-magazine.com\\\/fr\\\/2020\\\/12\\\/le-cameroun-est-scandalise-par-les-attaques-contre-les-ecoles\\\/\",\"url\":\"https:\\\/\\\/adf-magazine.com\\\/fr\\\/2020\\\/12\\\/le-cameroun-est-scandalise-par-les-attaques-contre-les-ecoles\\\/\",\"name\":\"Le Cameroun est scandalis\u00e9 par les attaques contre les \u00e9coles - Africa Defense Forum\",\"isPartOf\":{\"@id\":\"https:\\\/\\\/adf-magazine.com\\\/#website\"},\"primaryImageOfPage\":{\"@id\":\"https:\\\/\\\/adf-magazine.com\\\/fr\\\/2020\\\/12\\\/le-cameroun-est-scandalise-par-les-attaques-contre-les-ecoles\\\/#primaryimage\"},\"image\":{\"@id\":\"https:\\\/\\\/adf-magazine.com\\\/fr\\\/2020\\\/12\\\/le-cameroun-est-scandalise-par-les-attaques-contre-les-ecoles\\\/#primaryimage\"},\"thumbnailUrl\":\"https:\\\/\\\/adf-magazine.com\\\/wp-content\\\/uploads\\\/2020\\\/12\\\/GettyImages-1207342267.jpg\",\"datePublished\":\"2020-12-09T19:49:34+00:00\",\"dateModified\":\"2020-12-10T18:02:45+00:00\",\"author\":{\"@id\":\"https:\\\/\\\/adf-magazine.com\\\/#\\\/schema\\\/person\\\/f266a6061389568b5a11465bb38bc025\"},\"breadcrumb\":{\"@id\":\"https:\\\/\\\/adf-magazine.com\\\/fr\\\/2020\\\/12\\\/le-cameroun-est-scandalise-par-les-attaques-contre-les-ecoles\\\/#breadcrumb\"},\"inLanguage\":\"fr-FR\",\"potentialAction\":[{\"@type\":\"ReadAction\",\"target\":[\"https:\\\/\\\/adf-magazine.com\\\/fr\\\/2020\\\/12\\\/le-cameroun-est-scandalise-par-les-attaques-contre-les-ecoles\\\/\"]}]},{\"@type\":\"ImageObject\",\"inLanguage\":\"fr-FR\",\"@id\":\"https:\\\/\\\/adf-magazine.com\\\/fr\\\/2020\\\/12\\\/le-cameroun-est-scandalise-par-les-attaques-contre-les-ecoles\\\/#primaryimage\",\"url\":\"https:\\\/\\\/adf-magazine.com\\\/wp-content\\\/uploads\\\/2020\\\/12\\\/GettyImages-1207342267.jpg\",\"contentUrl\":\"https:\\\/\\\/adf-magazine.com\\\/wp-content\\\/uploads\\\/2020\\\/12\\\/GettyImages-1207342267.jpg\",\"width\":1080,\"height\":720,\"caption\":\"Des enfants nig\u00e9rians suivent les cours d\u2019une \u00e9cole religieuse dans un camp de r\u00e9fugi\u00e9s de la r\u00e9gion de l\u2019Extr\u00eame-Nord du Cameroun. AFP\\\/GETTY IMAGES\"},{\"@type\":\"BreadcrumbList\",\"@id\":\"https:\\\/\\\/adf-magazine.com\\\/fr\\\/2020\\\/12\\\/le-cameroun-est-scandalise-par-les-attaques-contre-les-ecoles\\\/#breadcrumb\",\"itemListElement\":[{\"@type\":\"ListItem\",\"position\":1,\"name\":\"page d\u2019accueil\",\"item\":\"https:\\\/\\\/adf-magazine.com\\\/\"},{\"@type\":\"ListItem\",\"position\":2,\"name\":\"Le Cameroun est scandalis\u00e9 par les attaques contre les \u00e9coles\"}]},{\"@type\":\"WebSite\",\"@id\":\"https:\\\/\\\/adf-magazine.com\\\/#website\",\"url\":\"https:\\\/\\\/adf-magazine.com\\\/\",\"name\":\"Africa Defense Forum\",\"description\":\"Africa Defense Forum\",\"potentialAction\":[{\"@type\":\"SearchAction\",\"target\":{\"@type\":\"EntryPoint\",\"urlTemplate\":\"https:\\\/\\\/adf-magazine.com\\\/?s={search_term_string}\"},\"query-input\":{\"@type\":\"PropertyValueSpecification\",\"valueRequired\":true,\"valueName\":\"search_term_string\"}}],\"inLanguage\":\"fr-FR\"},{\"@type\":\"Person\",\"@id\":\"https:\\\/\\\/adf-magazine.com\\\/#\\\/schema\\\/person\\\/f266a6061389568b5a11465bb38bc025\",\"name\":\"ADF\",\"image\":{\"@type\":\"ImageObject\",\"inLanguage\":\"fr-FR\",\"@id\":\"https:\\\/\\\/adf-magazine.com\\\/wp-content\\\/uploads\\\/2020\\\/05\\\/cropped-ADF_icon.jpg\",\"url\":\"https:\\\/\\\/adf-magazine.com\\\/wp-content\\\/uploads\\\/2020\\\/05\\\/cropped-ADF_icon.jpg\",\"contentUrl\":\"https:\\\/\\\/adf-magazine.com\\\/wp-content\\\/uploads\\\/2020\\\/05\\\/cropped-ADF_icon.jpg\",\"caption\":\"ADF\"},\"description\":\"ADF is a professional military magazine published quarterly by U.S. Africa Command to provide an international forum for African security professionals. ADF covers topics such as counter terrorism strategies, security and defense operations, transnational crime, and all other issues affecting peace, stability, and good governance on the African continent.\",\"sameAs\":[\"https:\\\/\\\/x.com\\\/ADFmagazine\"],\"url\":\"https:\\\/\\\/adf-magazine.com\\\/fr\\\/author\\\/adf\\\/\"}]}<\/script>\n<!-- \/ Yoast SEO plugin. -->","yoast_head_json":{"title":"Le Cameroun est scandalis\u00e9 par les attaques contre les \u00e9coles - Africa Defense Forum","robots":{"index":"index","follow":"follow","max-snippet":"max-snippet:-1","max-image-preview":"max-image-preview:large","max-video-preview":"max-video-preview:-1"},"canonical":"https:\/\/adf-magazine.com\/fr\/2020\/12\/le-cameroun-est-scandalise-par-les-attaques-contre-les-ecoles\/","og_locale":"fr_FR","og_type":"article","og_title":"Le Cameroun est scandalis\u00e9 par les attaques contre les \u00e9coles - Africa Defense Forum","og_description":"PERSONNEL D\u2019ADF Le nom du groupe terroriste Boko Haram signifie essentiellement \u00ab\u00a0l\u2019\u00e9ducation occidentale est interdite\u00a0\u00bb. Une s\u00e9rie d\u2019attaques contre les \u00e9coles dans le Nord du Cameroun montre que le groupe honore cette promesse meurtri\u00e8re. La r\u00e9gion de l\u2019Extr\u00eame-Nord du Cameroun, situ\u00e9e entre le Nigeria \u00e0 l\u2019Ouest et le Tchad \u00e0 l\u2019Est, est aux premi\u00e8res lignes","og_url":"https:\/\/adf-magazine.com\/fr\/2020\/12\/le-cameroun-est-scandalise-par-les-attaques-contre-les-ecoles\/","og_site_name":"Africa Defense Forum","article_publisher":"https:\/\/www.facebook.com\/ADFmagazine\/","article_published_time":"2020-12-09T19:49:34+00:00","article_modified_time":"2020-12-10T18:02:45+00:00","og_image":[{"width":1080,"height":720,"url":"https:\/\/adf-magazine.com\/wp-content\/uploads\/2020\/12\/GettyImages-1207342267.jpg","type":"image\/jpeg"}],"author":"ADF","twitter_card":"summary_large_image","twitter_creator":"@ADFmagazine","twitter_site":"@ADFmagazine","twitter_misc":{"\u00c9crit par":"ADF","Dur\u00e9e de lecture estim\u00e9e":"4 minutes"},"schema":{"@context":"https:\/\/schema.org","@graph":[{"@type":"Article","@id":"https:\/\/adf-magazine.com\/fr\/2020\/12\/le-cameroun-est-scandalise-par-les-attaques-contre-les-ecoles\/#article","isPartOf":{"@id":"https:\/\/adf-magazine.com\/fr\/2020\/12\/le-cameroun-est-scandalise-par-les-attaques-contre-les-ecoles\/"},"author":{"name":"ADF","@id":"https:\/\/adf-magazine.com\/#\/schema\/person\/f266a6061389568b5a11465bb38bc025"},"headline":"Le Cameroun est scandalis\u00e9 par les attaques contre les \u00e9coles","datePublished":"2020-12-09T19:49:34+00:00","dateModified":"2020-12-10T18:02:45+00:00","mainEntityOfPage":{"@id":"https:\/\/adf-magazine.com\/fr\/2020\/12\/le-cameroun-est-scandalise-par-les-attaques-contre-les-ecoles\/"},"wordCount":728,"commentCount":0,"image":{"@id":"https:\/\/adf-magazine.com\/fr\/2020\/12\/le-cameroun-est-scandalise-par-les-attaques-contre-les-ecoles\/#primaryimage"},"thumbnailUrl":"https:\/\/adf-magazine.com\/wp-content\/uploads\/2020\/12\/GettyImages-1207342267.jpg","articleSection":["Actualit\u00e9s du Jour"],"inLanguage":"fr-FR","potentialAction":[{"@type":"CommentAction","name":"Comment","target":["https:\/\/adf-magazine.com\/fr\/2020\/12\/le-cameroun-est-scandalise-par-les-attaques-contre-les-ecoles\/#respond"]}]},{"@type":"WebPage","@id":"https:\/\/adf-magazine.com\/fr\/2020\/12\/le-cameroun-est-scandalise-par-les-attaques-contre-les-ecoles\/","url":"https:\/\/adf-magazine.com\/fr\/2020\/12\/le-cameroun-est-scandalise-par-les-attaques-contre-les-ecoles\/","name":"Le Cameroun est scandalis\u00e9 par les attaques contre les \u00e9coles - Africa Defense Forum","isPartOf":{"@id":"https:\/\/adf-magazine.com\/#website"},"primaryImageOfPage":{"@id":"https:\/\/adf-magazine.com\/fr\/2020\/12\/le-cameroun-est-scandalise-par-les-attaques-contre-les-ecoles\/#primaryimage"},"image":{"@id":"https:\/\/adf-magazine.com\/fr\/2020\/12\/le-cameroun-est-scandalise-par-les-attaques-contre-les-ecoles\/#primaryimage"},"thumbnailUrl":"https:\/\/adf-magazine.com\/wp-content\/uploads\/2020\/12\/GettyImages-1207342267.jpg","datePublished":"2020-12-09T19:49:34+00:00","dateModified":"2020-12-10T18:02:45+00:00","author":{"@id":"https:\/\/adf-magazine.com\/#\/schema\/person\/f266a6061389568b5a11465bb38bc025"},"breadcrumb":{"@id":"https:\/\/adf-magazine.com\/fr\/2020\/12\/le-cameroun-est-scandalise-par-les-attaques-contre-les-ecoles\/#breadcrumb"},"inLanguage":"fr-FR","potentialAction":[{"@type":"ReadAction","target":["https:\/\/adf-magazine.com\/fr\/2020\/12\/le-cameroun-est-scandalise-par-les-attaques-contre-les-ecoles\/"]}]},{"@type":"ImageObject","inLanguage":"fr-FR","@id":"https:\/\/adf-magazine.com\/fr\/2020\/12\/le-cameroun-est-scandalise-par-les-attaques-contre-les-ecoles\/#primaryimage","url":"https:\/\/adf-magazine.com\/wp-content\/uploads\/2020\/12\/GettyImages-1207342267.jpg","contentUrl":"https:\/\/adf-magazine.com\/wp-content\/uploads\/2020\/12\/GettyImages-1207342267.jpg","width":1080,"height":720,"caption":"Des enfants nig\u00e9rians suivent les cours d\u2019une \u00e9cole religieuse dans un camp de r\u00e9fugi\u00e9s de la r\u00e9gion de l\u2019Extr\u00eame-Nord du Cameroun. AFP\/GETTY IMAGES"},{"@type":"BreadcrumbList","@id":"https:\/\/adf-magazine.com\/fr\/2020\/12\/le-cameroun-est-scandalise-par-les-attaques-contre-les-ecoles\/#breadcrumb","itemListElement":[{"@type":"ListItem","position":1,"name":"page d\u2019accueil","item":"https:\/\/adf-magazine.com\/"},{"@type":"ListItem","position":2,"name":"Le Cameroun est scandalis\u00e9 par les attaques contre les \u00e9coles"}]},{"@type":"WebSite","@id":"https:\/\/adf-magazine.com\/#website","url":"https:\/\/adf-magazine.com\/","name":"Africa Defense Forum","description":"Africa Defense Forum","potentialAction":[{"@type":"SearchAction","target":{"@type":"EntryPoint","urlTemplate":"https:\/\/adf-magazine.com\/?s={search_term_string}"},"query-input":{"@type":"PropertyValueSpecification","valueRequired":true,"valueName":"search_term_string"}}],"inLanguage":"fr-FR"},{"@type":"Person","@id":"https:\/\/adf-magazine.com\/#\/schema\/person\/f266a6061389568b5a11465bb38bc025","name":"ADF","image":{"@type":"ImageObject","inLanguage":"fr-FR","@id":"https:\/\/adf-magazine.com\/wp-content\/uploads\/2020\/05\/cropped-ADF_icon.jpg","url":"https:\/\/adf-magazine.com\/wp-content\/uploads\/2020\/05\/cropped-ADF_icon.jpg","contentUrl":"https:\/\/adf-magazine.com\/wp-content\/uploads\/2020\/05\/cropped-ADF_icon.jpg","caption":"ADF"},"description":"ADF is a professional military magazine published quarterly by U.S. Africa Command to provide an international forum for African security professionals. ADF covers topics such as counter terrorism strategies, security and defense operations, transnational crime, and all other issues affecting peace, stability, and good governance on the African continent.","sameAs":["https:\/\/x.com\/ADFmagazine"],"url":"https:\/\/adf-magazine.com\/fr\/author\/adf\/"}]}},"_links":{"self":[{"href":"https:\/\/adf-magazine.com\/fr\/wp-json\/wp\/v2\/posts\/19529","targetHints":{"allow":["GET"]}}],"collection":[{"href":"https:\/\/adf-magazine.com\/fr\/wp-json\/wp\/v2\/posts"}],"about":[{"href":"https:\/\/adf-magazine.com\/fr\/wp-json\/wp\/v2\/types\/post"}],"author":[{"embeddable":true,"href":"https:\/\/adf-magazine.com\/fr\/wp-json\/wp\/v2\/users\/1"}],"replies":[{"embeddable":true,"href":"https:\/\/adf-magazine.com\/fr\/wp-json\/wp\/v2\/comments?post=19529"}],"version-history":[{"count":0,"href":"https:\/\/adf-magazine.com\/fr\/wp-json\/wp\/v2\/posts\/19529\/revisions"}],"wp:featuredmedia":[{"embeddable":true,"href":"https:\/\/adf-magazine.com\/fr\/wp-json\/wp\/v2\/media\/19526"}],"wp:attachment":[{"href":"https:\/\/adf-magazine.com\/fr\/wp-json\/wp\/v2\/media?parent=19529"}],"wp:term":[{"taxonomy":"category","embeddable":true,"href":"https:\/\/adf-magazine.com\/fr\/wp-json\/wp\/v2\/categories?post=19529"},{"taxonomy":"post_tag","embeddable":true,"href":"https:\/\/adf-magazine.com\/fr\/wp-json\/wp\/v2\/tags?post=19529"}],"curies":[{"name":"wp","href":"https:\/\/api.w.org\/{rel}","templated":true}]}}