{"id":15506,"date":"2020-05-15T14:21:26","date_gmt":"2020-05-15T14:21:26","guid":{"rendered":"https:\/\/adf-magazine.com\/?p=15506"},"modified":"2020-06-22T13:01:24","modified_gmt":"2020-06-22T17:01:24","slug":"les-touristes-commemorent-un-anniversaire-triste-avec-l-annee-du-retour","status":"publish","type":"post","link":"https:\/\/adf-magazine.com\/fr\/2020\/05\/les-touristes-commemorent-un-anniversaire-triste-avec-l-annee-du-retour\/","title":{"rendered":"Les touristes comm\u00e9morent un anniversaire triste avec l\u2019\u00ab Ann\u00e9e du retour \u00bb"},"content":{"rendered":"<p>AGENCE FRANCE-PRESSE | PHOTOS PAR AFP\/GETTY IMAGES<\/p>\n<p>Des milliers de touristes afro-am\u00e9ricains ont afflu\u00e9 au Ghana dans le cadre de l\u2019\u00ab Ann\u00e9e du retour \u00bb, qui comm\u00e9more le 400\u00e8me anniversaire de la traite des esclaves.<span class=\"Apple-converted-space\">\u00a0<\/span><\/p>\n<p>\u00ab Il s\u2019agit de comprendre mon histoire et mes racines. Le lieu d\u2019o\u00f9 je suis venue \u00bb, d\u00e9clare la pr\u00eacheuse am\u00e9ricaine Roxanne Caleb. \u00ab J\u2019ai beaucoup de gratitude pour \u00eatre venue ici dans le cadre de l\u2019Ann\u00e9e du retour. \u00bb<\/p>\n<p>Le fort de Cape Coast, \u00e0 150 kilom\u00e8tres de la capitale d\u2019Accra, est une attraction majeure pour les visiteurs.<\/p>\n<p>Ce fort blanchi \u00e0 la chaux et d\u00e9ployant une ligne de canons \u00e9tait l\u2019une des douzaines de prisons qui parsemaient la c\u00f4te atlantique et o\u00f9 les esclaves \u00e9taient enferm\u00e9s avant leur voyage au Nouveau Monde.<\/p>\n<p>Une succession d\u2019Afro-Am\u00e9ricains \u00e9minents se sont rendus sur le site en 2019 pour comm\u00e9morer l\u2019anniversaire de l\u2019arriv\u00e9e en 1619 des premiers esclaves dans la colonie de Virginie, portion du territoire qui deviendrait plus tard les \u00c9tats-Unis.<\/p>\n<p>C\u2019est un rite de passage charg\u00e9 d\u2019\u00e9motion pour les visiteurs.<\/p>\n<p>Sampson Nii Addy, agent du service correctionnel au service de police de Montgomery dans l\u2019\u00e9tat am\u00e9ricain de l\u2019Alabama, d\u00e9clare que sa famille et lui-m\u00eame ont pens\u00e9 que le tour \u00e9tait \u00e9ducatif.<\/p>\n<p>\u00ab Je pense que tous les Noirs doivent commencer \u00e0 apprendre l\u2019histoire, apprendre comment les gens \u00e9taient trait\u00e9s, d\u00e9clare cet homme \u00e2g\u00e9 de 52 ans. Nous ne pouvons pas oublier l\u2019histoire, mais nous pouvons toujours en apprendre quelque chose. \u00bb<\/p>\n<p>Le Ghana, qui est l\u2019une des d\u00e9mocraties les plus stables du continent, se pr\u00e9sente depuis longtemps comme lieu de destination pour les Afro-Am\u00e9ricains qui souhaitent explorer leur h\u00e9ritage et m\u00eame s\u2019y installer de fa\u00e7on permanente.<\/p>\n<p>En 2009, le pr\u00e9sident Barack Obama a visit\u00e9 avec sa famille le fort de Cape Coast et lui a rendu hommage.<span class=\"Apple-converted-space\">\u00a0<\/span><\/p>\n<p>L\u2019Ann\u00e9e du retour a fourni un nouvel \u00e9lan et le pays pr\u00e9voit que le nombre de ses visiteurs augmentera de 350.000 en 2018 \u00e0 500.000 en 2019, y compris 45.000 Afro-Am\u00e9ricains.<span class=\"Apple-converted-space\">\u00a0<\/span><\/p>\n<p>Kojo Keelson est depuis neuf ans un guide pour les groupes de visiteurs du fort de Cape Coast. Il d\u00e9clare qu\u2019une hausse d\u2019int\u00e9r\u00eat a \u00e9t\u00e9 constat\u00e9e en 2019, alors que le Ghana s\u2019attendait \u00e0 gagner des revenus de 925 millions de dollars dus au tourisme.<\/p>\n<p>\u00ab C\u2019est comme un p\u00e8lerinage. Cette ann\u00e9e, nous avons beaucoup plus d\u2019Afro-Am\u00e9ricains compar\u00e9 \u00e0 l\u2019ann\u00e9e pr\u00e9c\u00e9dente, d\u00e9clare-t-il. Je les exhorte tous \u00e0 rentrer au foyer et \u00e0 \u00e9prouver et se reconnecter avec la m\u00e8re patrie. \u00bb<\/p>\n","protected":false},"excerpt":{"rendered":"<p>AGENCE FRANCE-PRESSE | PHOTOS PAR AFP\/GETTY IMAGES Des milliers de touristes afro-am\u00e9ricains ont afflu\u00e9 au Ghana dans le cadre de l\u2019\u00ab Ann\u00e9e du retour \u00bb, qui comm\u00e9more le 400\u00e8me anniversaire de la traite des esclaves.\u00a0 \u00ab Il s\u2019agit de comprendre mon histoire et mes racines. Le lieu d\u2019o\u00f9 je suis venue \u00bb, d\u00e9clare la pr\u00eacheuse<\/p>\n","protected":false},"author":1,"featured_media":15373,"comment_status":"open","ping_status":"open","sticky":false,"template":"","format":"standard","meta":{"_acf_changed":false,"_monsterinsights_skip_tracking":false,"_monsterinsights_sitenote_active":false,"_monsterinsights_sitenote_note":"","_monsterinsights_sitenote_category":0,"_uf_show_specific_survey":0,"_uf_disable_surveys":false,"footnotes":""},"categories":[52,40],"tags":[],"class_list":{"0":"post-15506","1":"post","2":"type-post","3":"status-publish","4":"format-standard","5":"has-post-thumbnail","7":"category-point-de-vue-mondial","8":"category-rubriques"},"acf":[],"yoast_head":"<!-- This site is optimized with the Yoast SEO plugin v27.4 - https:\/\/yoast.com\/product\/yoast-seo-wordpress\/ -->\n<title>Les touristes comm\u00e9morent un anniversaire triste avec l\u2019\u00ab Ann\u00e9e du retour \u00bb - Africa Defense Forum<\/title>\n<meta name=\"robots\" content=\"index, follow, max-snippet:-1, max-image-preview:large, max-video-preview:-1\" \/>\n<link rel=\"canonical\" href=\"https:\/\/adf-magazine.com\/2020\/05\/tourists-mark-somber-anniversary-with-year-of-return\/\" \/>\n<meta property=\"og:locale\" content=\"fr_FR\" \/>\n<meta property=\"og:type\" content=\"article\" \/>\n<meta property=\"og:title\" content=\"Les touristes comm\u00e9morent un anniversaire triste avec l\u2019\u00ab Ann\u00e9e du retour \u00bb - Africa Defense Forum\" \/>\n<meta property=\"og:description\" content=\"AGENCE FRANCE-PRESSE | PHOTOS PAR AFP\/GETTY IMAGES Des milliers de touristes afro-am\u00e9ricains ont afflu\u00e9 au Ghana dans le cadre de l\u2019\u00ab Ann\u00e9e du retour \u00bb, qui comm\u00e9more le 400\u00e8me anniversaire de la traite des esclaves.\u00a0 \u00ab Il s\u2019agit de comprendre mon histoire et mes racines. Le lieu d\u2019o\u00f9 je suis venue \u00bb, d\u00e9clare la pr\u00eacheuse\" \/>\n<meta property=\"og:url\" content=\"https:\/\/adf-magazine.com\/2020\/05\/tourists-mark-somber-anniversary-with-year-of-return\/\" \/>\n<meta property=\"og:site_name\" content=\"Africa Defense Forum\" \/>\n<meta property=\"article:publisher\" content=\"https:\/\/www.facebook.com\/ADFmagazine\/\" \/>\n<meta property=\"article:published_time\" content=\"2020-05-15T14:21:26+00:00\" \/>\n<meta property=\"article:modified_time\" content=\"2020-06-22T17:01:24+00:00\" \/>\n<meta property=\"og:image\" content=\"https:\/\/adf-magazine.com\/wp-content\/uploads\/2020\/05\/wo-castle.jpg\" \/>\n\t<meta property=\"og:image:width\" content=\"1080\" \/>\n\t<meta property=\"og:image:height\" content=\"720\" \/>\n\t<meta property=\"og:image:type\" content=\"image\/jpeg\" \/>\n<meta name=\"author\" content=\"ADF\" \/>\n<meta name=\"twitter:card\" content=\"summary_large_image\" \/>\n<meta name=\"twitter:creator\" content=\"@ADFmagazine\" \/>\n<meta name=\"twitter:site\" content=\"@ADFmagazine\" \/>\n<meta name=\"twitter:label1\" content=\"\u00c9crit par\" \/>\n\t<meta name=\"twitter:data1\" content=\"ADF\" \/>\n\t<meta name=\"twitter:label2\" content=\"Dur\u00e9e de lecture estim\u00e9e\" \/>\n\t<meta name=\"twitter:data2\" content=\"2 minutes\" \/>\n<script type=\"application\/ld+json\" class=\"yoast-schema-graph\">{\"@context\":\"https:\\\/\\\/schema.org\",\"@graph\":[{\"@type\":\"Article\",\"@id\":\"https:\\\/\\\/adf-magazine.com\\\/2020\\\/05\\\/tourists-mark-somber-anniversary-with-year-of-return\\\/#article\",\"isPartOf\":{\"@id\":\"https:\\\/\\\/adf-magazine.com\\\/2020\\\/05\\\/tourists-mark-somber-anniversary-with-year-of-return\\\/\"},\"author\":{\"name\":\"ADF\",\"@id\":\"https:\\\/\\\/adf-magazine.com\\\/#\\\/schema\\\/person\\\/f266a6061389568b5a11465bb38bc025\"},\"headline\":\"Les touristes comm\u00e9morent un anniversaire triste avec l\u2019\u00ab Ann\u00e9e du retour \u00bb\",\"datePublished\":\"2020-05-15T14:21:26+00:00\",\"dateModified\":\"2020-06-22T17:01:24+00:00\",\"mainEntityOfPage\":{\"@id\":\"https:\\\/\\\/adf-magazine.com\\\/2020\\\/05\\\/tourists-mark-somber-anniversary-with-year-of-return\\\/\"},\"wordCount\":463,\"commentCount\":0,\"image\":{\"@id\":\"https:\\\/\\\/adf-magazine.com\\\/2020\\\/05\\\/tourists-mark-somber-anniversary-with-year-of-return\\\/#primaryimage\"},\"thumbnailUrl\":\"https:\\\/\\\/adf-magazine.com\\\/wp-content\\\/uploads\\\/2020\\\/05\\\/wo-castle.jpg\",\"articleSection\":[\"Point de vue mondial\",\"rubriques\"],\"inLanguage\":\"fr-FR\",\"potentialAction\":[{\"@type\":\"CommentAction\",\"name\":\"Comment\",\"target\":[\"https:\\\/\\\/adf-magazine.com\\\/2020\\\/05\\\/tourists-mark-somber-anniversary-with-year-of-return\\\/#respond\"]}]},{\"@type\":\"WebPage\",\"@id\":\"https:\\\/\\\/adf-magazine.com\\\/2020\\\/05\\\/tourists-mark-somber-anniversary-with-year-of-return\\\/\",\"url\":\"https:\\\/\\\/adf-magazine.com\\\/2020\\\/05\\\/tourists-mark-somber-anniversary-with-year-of-return\\\/\",\"name\":\"Les touristes comm\u00e9morent un anniversaire triste avec l\u2019\u00ab Ann\u00e9e du retour \u00bb - Africa Defense Forum\",\"isPartOf\":{\"@id\":\"https:\\\/\\\/adf-magazine.com\\\/#website\"},\"primaryImageOfPage\":{\"@id\":\"https:\\\/\\\/adf-magazine.com\\\/2020\\\/05\\\/tourists-mark-somber-anniversary-with-year-of-return\\\/#primaryimage\"},\"image\":{\"@id\":\"https:\\\/\\\/adf-magazine.com\\\/2020\\\/05\\\/tourists-mark-somber-anniversary-with-year-of-return\\\/#primaryimage\"},\"thumbnailUrl\":\"https:\\\/\\\/adf-magazine.com\\\/wp-content\\\/uploads\\\/2020\\\/05\\\/wo-castle.jpg\",\"datePublished\":\"2020-05-15T14:21:26+00:00\",\"dateModified\":\"2020-06-22T17:01:24+00:00\",\"author\":{\"@id\":\"https:\\\/\\\/adf-magazine.com\\\/#\\\/schema\\\/person\\\/f266a6061389568b5a11465bb38bc025\"},\"breadcrumb\":{\"@id\":\"https:\\\/\\\/adf-magazine.com\\\/2020\\\/05\\\/tourists-mark-somber-anniversary-with-year-of-return\\\/#breadcrumb\"},\"inLanguage\":\"fr-FR\",\"potentialAction\":[{\"@type\":\"ReadAction\",\"target\":[\"https:\\\/\\\/adf-magazine.com\\\/2020\\\/05\\\/tourists-mark-somber-anniversary-with-year-of-return\\\/\"]}]},{\"@type\":\"ImageObject\",\"inLanguage\":\"fr-FR\",\"@id\":\"https:\\\/\\\/adf-magazine.com\\\/2020\\\/05\\\/tourists-mark-somber-anniversary-with-year-of-return\\\/#primaryimage\",\"url\":\"https:\\\/\\\/adf-magazine.com\\\/wp-content\\\/uploads\\\/2020\\\/05\\\/wo-castle.jpg\",\"contentUrl\":\"https:\\\/\\\/adf-magazine.com\\\/wp-content\\\/uploads\\\/2020\\\/05\\\/wo-castle.jpg\",\"width\":1080,\"height\":720},{\"@type\":\"BreadcrumbList\",\"@id\":\"https:\\\/\\\/adf-magazine.com\\\/2020\\\/05\\\/tourists-mark-somber-anniversary-with-year-of-return\\\/#breadcrumb\",\"itemListElement\":[{\"@type\":\"ListItem\",\"position\":1,\"name\":\"page d\u2019accueil\",\"item\":\"https:\\\/\\\/adf-magazine.com\\\/\"},{\"@type\":\"ListItem\",\"position\":2,\"name\":\"Les touristes comm\u00e9morent un anniversaire triste avec l\u2019\u00ab Ann\u00e9e du retour \u00bb\"}]},{\"@type\":\"WebSite\",\"@id\":\"https:\\\/\\\/adf-magazine.com\\\/#website\",\"url\":\"https:\\\/\\\/adf-magazine.com\\\/\",\"name\":\"Africa Defense Forum\",\"description\":\"Africa Defense Forum\",\"potentialAction\":[{\"@type\":\"SearchAction\",\"target\":{\"@type\":\"EntryPoint\",\"urlTemplate\":\"https:\\\/\\\/adf-magazine.com\\\/?s={search_term_string}\"},\"query-input\":{\"@type\":\"PropertyValueSpecification\",\"valueRequired\":true,\"valueName\":\"search_term_string\"}}],\"inLanguage\":\"fr-FR\"},{\"@type\":\"Person\",\"@id\":\"https:\\\/\\\/adf-magazine.com\\\/#\\\/schema\\\/person\\\/f266a6061389568b5a11465bb38bc025\",\"name\":\"ADF\",\"image\":{\"@type\":\"ImageObject\",\"inLanguage\":\"fr-FR\",\"@id\":\"https:\\\/\\\/adf-magazine.com\\\/wp-content\\\/uploads\\\/2020\\\/05\\\/cropped-ADF_icon.jpg\",\"url\":\"https:\\\/\\\/adf-magazine.com\\\/wp-content\\\/uploads\\\/2020\\\/05\\\/cropped-ADF_icon.jpg\",\"contentUrl\":\"https:\\\/\\\/adf-magazine.com\\\/wp-content\\\/uploads\\\/2020\\\/05\\\/cropped-ADF_icon.jpg\",\"caption\":\"ADF\"},\"description\":\"ADF is a professional military magazine published quarterly by U.S. Africa Command to provide an international forum for African security professionals. ADF covers topics such as counter terrorism strategies, security and defense operations, transnational crime, and all other issues affecting peace, stability, and good governance on the African continent.\",\"sameAs\":[\"https:\\\/\\\/x.com\\\/ADFmagazine\"],\"url\":\"https:\\\/\\\/adf-magazine.com\\\/fr\\\/author\\\/adf\\\/\"}]}<\/script>\n<!-- \/ Yoast SEO plugin. -->","yoast_head_json":{"title":"Les touristes comm\u00e9morent un anniversaire triste avec l\u2019\u00ab Ann\u00e9e du retour \u00bb - Africa Defense Forum","robots":{"index":"index","follow":"follow","max-snippet":"max-snippet:-1","max-image-preview":"max-image-preview:large","max-video-preview":"max-video-preview:-1"},"canonical":"https:\/\/adf-magazine.com\/2020\/05\/tourists-mark-somber-anniversary-with-year-of-return\/","og_locale":"fr_FR","og_type":"article","og_title":"Les touristes comm\u00e9morent un anniversaire triste avec l\u2019\u00ab Ann\u00e9e du retour \u00bb - Africa Defense Forum","og_description":"AGENCE FRANCE-PRESSE | PHOTOS PAR AFP\/GETTY IMAGES Des milliers de touristes afro-am\u00e9ricains ont afflu\u00e9 au Ghana dans le cadre de l\u2019\u00ab Ann\u00e9e du retour \u00bb, qui comm\u00e9more le 400\u00e8me anniversaire de la traite des esclaves.\u00a0 \u00ab Il s\u2019agit de comprendre mon histoire et mes racines. Le lieu d\u2019o\u00f9 je suis venue \u00bb, d\u00e9clare la pr\u00eacheuse","og_url":"https:\/\/adf-magazine.com\/2020\/05\/tourists-mark-somber-anniversary-with-year-of-return\/","og_site_name":"Africa Defense Forum","article_publisher":"https:\/\/www.facebook.com\/ADFmagazine\/","article_published_time":"2020-05-15T14:21:26+00:00","article_modified_time":"2020-06-22T17:01:24+00:00","og_image":[{"width":1080,"height":720,"url":"https:\/\/adf-magazine.com\/wp-content\/uploads\/2020\/05\/wo-castle.jpg","type":"image\/jpeg"}],"author":"ADF","twitter_card":"summary_large_image","twitter_creator":"@ADFmagazine","twitter_site":"@ADFmagazine","twitter_misc":{"\u00c9crit par":"ADF","Dur\u00e9e de lecture estim\u00e9e":"2 minutes"},"schema":{"@context":"https:\/\/schema.org","@graph":[{"@type":"Article","@id":"https:\/\/adf-magazine.com\/2020\/05\/tourists-mark-somber-anniversary-with-year-of-return\/#article","isPartOf":{"@id":"https:\/\/adf-magazine.com\/2020\/05\/tourists-mark-somber-anniversary-with-year-of-return\/"},"author":{"name":"ADF","@id":"https:\/\/adf-magazine.com\/#\/schema\/person\/f266a6061389568b5a11465bb38bc025"},"headline":"Les touristes comm\u00e9morent un anniversaire triste avec l\u2019\u00ab Ann\u00e9e du retour \u00bb","datePublished":"2020-05-15T14:21:26+00:00","dateModified":"2020-06-22T17:01:24+00:00","mainEntityOfPage":{"@id":"https:\/\/adf-magazine.com\/2020\/05\/tourists-mark-somber-anniversary-with-year-of-return\/"},"wordCount":463,"commentCount":0,"image":{"@id":"https:\/\/adf-magazine.com\/2020\/05\/tourists-mark-somber-anniversary-with-year-of-return\/#primaryimage"},"thumbnailUrl":"https:\/\/adf-magazine.com\/wp-content\/uploads\/2020\/05\/wo-castle.jpg","articleSection":["Point de vue mondial","rubriques"],"inLanguage":"fr-FR","potentialAction":[{"@type":"CommentAction","name":"Comment","target":["https:\/\/adf-magazine.com\/2020\/05\/tourists-mark-somber-anniversary-with-year-of-return\/#respond"]}]},{"@type":"WebPage","@id":"https:\/\/adf-magazine.com\/2020\/05\/tourists-mark-somber-anniversary-with-year-of-return\/","url":"https:\/\/adf-magazine.com\/2020\/05\/tourists-mark-somber-anniversary-with-year-of-return\/","name":"Les touristes comm\u00e9morent un anniversaire triste avec l\u2019\u00ab Ann\u00e9e du retour \u00bb - Africa Defense Forum","isPartOf":{"@id":"https:\/\/adf-magazine.com\/#website"},"primaryImageOfPage":{"@id":"https:\/\/adf-magazine.com\/2020\/05\/tourists-mark-somber-anniversary-with-year-of-return\/#primaryimage"},"image":{"@id":"https:\/\/adf-magazine.com\/2020\/05\/tourists-mark-somber-anniversary-with-year-of-return\/#primaryimage"},"thumbnailUrl":"https:\/\/adf-magazine.com\/wp-content\/uploads\/2020\/05\/wo-castle.jpg","datePublished":"2020-05-15T14:21:26+00:00","dateModified":"2020-06-22T17:01:24+00:00","author":{"@id":"https:\/\/adf-magazine.com\/#\/schema\/person\/f266a6061389568b5a11465bb38bc025"},"breadcrumb":{"@id":"https:\/\/adf-magazine.com\/2020\/05\/tourists-mark-somber-anniversary-with-year-of-return\/#breadcrumb"},"inLanguage":"fr-FR","potentialAction":[{"@type":"ReadAction","target":["https:\/\/adf-magazine.com\/2020\/05\/tourists-mark-somber-anniversary-with-year-of-return\/"]}]},{"@type":"ImageObject","inLanguage":"fr-FR","@id":"https:\/\/adf-magazine.com\/2020\/05\/tourists-mark-somber-anniversary-with-year-of-return\/#primaryimage","url":"https:\/\/adf-magazine.com\/wp-content\/uploads\/2020\/05\/wo-castle.jpg","contentUrl":"https:\/\/adf-magazine.com\/wp-content\/uploads\/2020\/05\/wo-castle.jpg","width":1080,"height":720},{"@type":"BreadcrumbList","@id":"https:\/\/adf-magazine.com\/2020\/05\/tourists-mark-somber-anniversary-with-year-of-return\/#breadcrumb","itemListElement":[{"@type":"ListItem","position":1,"name":"page d\u2019accueil","item":"https:\/\/adf-magazine.com\/"},{"@type":"ListItem","position":2,"name":"Les touristes comm\u00e9morent un anniversaire triste avec l\u2019\u00ab Ann\u00e9e du retour \u00bb"}]},{"@type":"WebSite","@id":"https:\/\/adf-magazine.com\/#website","url":"https:\/\/adf-magazine.com\/","name":"Africa Defense Forum","description":"Africa Defense Forum","potentialAction":[{"@type":"SearchAction","target":{"@type":"EntryPoint","urlTemplate":"https:\/\/adf-magazine.com\/?s={search_term_string}"},"query-input":{"@type":"PropertyValueSpecification","valueRequired":true,"valueName":"search_term_string"}}],"inLanguage":"fr-FR"},{"@type":"Person","@id":"https:\/\/adf-magazine.com\/#\/schema\/person\/f266a6061389568b5a11465bb38bc025","name":"ADF","image":{"@type":"ImageObject","inLanguage":"fr-FR","@id":"https:\/\/adf-magazine.com\/wp-content\/uploads\/2020\/05\/cropped-ADF_icon.jpg","url":"https:\/\/adf-magazine.com\/wp-content\/uploads\/2020\/05\/cropped-ADF_icon.jpg","contentUrl":"https:\/\/adf-magazine.com\/wp-content\/uploads\/2020\/05\/cropped-ADF_icon.jpg","caption":"ADF"},"description":"ADF is a professional military magazine published quarterly by U.S. Africa Command to provide an international forum for African security professionals. ADF covers topics such as counter terrorism strategies, security and defense operations, transnational crime, and all other issues affecting peace, stability, and good governance on the African continent.","sameAs":["https:\/\/x.com\/ADFmagazine"],"url":"https:\/\/adf-magazine.com\/fr\/author\/adf\/"}]}},"_links":{"self":[{"href":"https:\/\/adf-magazine.com\/fr\/wp-json\/wp\/v2\/posts\/15506","targetHints":{"allow":["GET"]}}],"collection":[{"href":"https:\/\/adf-magazine.com\/fr\/wp-json\/wp\/v2\/posts"}],"about":[{"href":"https:\/\/adf-magazine.com\/fr\/wp-json\/wp\/v2\/types\/post"}],"author":[{"embeddable":true,"href":"https:\/\/adf-magazine.com\/fr\/wp-json\/wp\/v2\/users\/1"}],"replies":[{"embeddable":true,"href":"https:\/\/adf-magazine.com\/fr\/wp-json\/wp\/v2\/comments?post=15506"}],"version-history":[{"count":0,"href":"https:\/\/adf-magazine.com\/fr\/wp-json\/wp\/v2\/posts\/15506\/revisions"}],"wp:featuredmedia":[{"embeddable":true,"href":"https:\/\/adf-magazine.com\/fr\/wp-json\/wp\/v2\/media\/15373"}],"wp:attachment":[{"href":"https:\/\/adf-magazine.com\/fr\/wp-json\/wp\/v2\/media?parent=15506"}],"wp:term":[{"taxonomy":"category","embeddable":true,"href":"https:\/\/adf-magazine.com\/fr\/wp-json\/wp\/v2\/categories?post=15506"},{"taxonomy":"post_tag","embeddable":true,"href":"https:\/\/adf-magazine.com\/fr\/wp-json\/wp\/v2\/tags?post=15506"}],"curies":[{"name":"wp","href":"https:\/\/api.w.org\/{rel}","templated":true}]}}