{"id":139363,"date":"2026-09-01T15:18:57","date_gmt":"2026-09-01T19:18:57","guid":{"rendered":"https:\/\/adf-magazine.com\/?p=139363"},"modified":"2026-09-01T15:18:57","modified_gmt":"2026-09-01T19:18:57","slug":"les-groupes-terroristes-sont-beneficiaires-des-mines-dor-du-sahel","status":"publish","type":"post","link":"https:\/\/adf-magazine.com\/fr\/2026\/09\/les-groupes-terroristes-sont-beneficiaires-des-mines-dor-du-sahel\/","title":{"rendered":"Les groupes terroristes sont b\u00e9n\u00e9ficiaires des mines d\u2019or du Sahel"},"content":{"rendered":"<p style=\"font-weight: 400;\">Les terroristes du Sahel prennent pour cible les mines d\u2019or et les communaut\u00e9s voisines pour obtenir des revenus, des recrues et des armes telles que les explosifs. Dans certains cas, les terroristes ont \u00e9tabli des bases \u00e0 proximit\u00e9.<\/p>\n<p style=\"font-weight: 400;\">Plut\u00f4t que d\u2019attaquer directement les mines, le Groupe de soutien \u00e0 l\u2019islam et aux musulmans (GSIM) et l\u2019\u00c9tat islamique dans le Grand Sahara (EIGS) se sont \u00e9tablis dans les communaut\u00e9s voisines dans plusieurs r\u00e9gions du Burkina Faso, du Mali et du Niger, ainsi que sur les routes qui relient les zones d\u2019extraction entre elles et au reste du monde.<\/p>\n<p style=\"font-weight: 400;\">Ces groupes ciblent les zones d\u2019extraction industrielles et artisanales.<\/p>\n<p style=\"font-weight: 400;\">H\u00e9ni Nsaibia, analyste senior pour l\u2019Afrique de l\u2019Ouest au projet ACLED (Armed Conflict Location and Event Data), a r\u00e9cemment \u00e9crit\u00a0: \u00ab\u00a0\u00c0 mesure que les groupes militants se propagent dans de nouvelles r\u00e9gions, il est rare qu\u2019ils se concentrent seulement sur les mines. Ils interfacent plut\u00f4t avec les mineurs, les commer\u00e7ants, les routes de transport et les communaut\u00e9s voisines qui soutiennent l\u2019activit\u00e9 mini\u00e8re et en d\u00e9pendent pour leurs moyens de subsistance.\u00a0\u00bb<\/p>\n<p style=\"font-weight: 400;\">En fin de compte, leur but consiste \u00e0 contr\u00f4ler les communaut\u00e9s, leurs ressources et l\u2019infrastructure de soutien qu\u2019elles fournissent, selon lui.<\/p>\n<p style=\"font-weight: 400;\">Le Burkina Faso est devenu le focus de la majorit\u00e9 de la violence li\u00e9e \u00e0 l\u2019extraction\u00a0: 75\u00a0% de tous les \u00e9v\u00e9nements violents se produisent dans le pays. ACLED a examin\u00e9 44\u00a0sites miniers dans les trois pays de l\u2019Alliance des \u00c9tats du Sahel (AES) et a d\u00e9couvert que la majeure partie des activit\u00e9s terroristes se produit \u00e0 moins de 10\u00a0km des mines, plut\u00f4t que dans les mines proprement dites.<\/p>\n<p style=\"font-weight: 400;\">La mine d\u2019Inata au Nord du Burkina Faso pr\u00e8s de la fronti\u00e8re malienne est devenue la premi\u00e8re mine cibl\u00e9e par les terroristes en 2018. La junte au pouvoir a ferm\u00e9 la mine en 2024. En date de juin dernier, la mine et la r\u00e9gion avoisinante sont sous le contr\u00f4le du GSIM, selon ACLED.<\/p>\n<p style=\"font-weight: 400;\">\u00ab\u00a0La fa\u00e7on dont le GSIM et l\u2019EIGS profitent du secteur minier est indirecte. Les gens doivent d\u2019abord extraire\u00a0\u00bb, a d\u00e9clar\u00e9 Lucia Bird Ruiz Benitez de Lugo, directrice de l\u2019Observatoire d\u2019Afrique de l\u2019Ouest \u00e0 la GI-TOC (Global Initiative Against Transnational Organized Crime), lors d\u2019un webinaire r\u00e9cent de l\u2019ILC (International Land Coalition).<\/p>\n<p style=\"font-weight: 400;\">Le GSIM et l\u2019EIGS imposent ensuite des paiements, comme imp\u00f4ts ou extorsion, aux mineurs et aux autres membres des communaut\u00e9s, souvent sous forme d\u2019or qui peut \u00eatre stock\u00e9 et blanchi ult\u00e9rieurement pour obtenir rapidement de l\u2019argent comptant.<\/p>\n<p style=\"font-weight: 400;\">\u00ab\u00a0Nous avons constat\u00e9 \u00e0 la suite de descentes sur les bases, en particulier celles du GSIM, que les groupes peuvent parfois poss\u00e9der d\u2019\u00e9normes quantit\u00e9s d\u2019or\u00a0\u00bb, a-t-elle dit.<\/p>\n<p style=\"font-weight: 400;\">Un grand nombre de communaut\u00e9s mini\u00e8res sont situ\u00e9es dans les r\u00e9gions frontali\u00e8res, telles que la r\u00e9gion de Kayes \u00e0 l\u2019Ouest du Mali et \u00e0 la fronti\u00e8re du S\u00e9n\u00e9gal o\u00f9 80\u00a0% de l\u2019or du pays est extrait. La fronti\u00e8re Sud du Burkina Faso avec le Ghana est devenue une source de revenu pour le GSIM \u00e0 mesure que les mineurs ghan\u00e9ens envoient l\u2019or au Burkina Faso pour sa transformation, selon elle.<\/p>\n<p style=\"font-weight: 400;\">La r\u00e9gion du Liptako-Gourma commune au Burkina Faso, au Mali et au Niger est depuis longtemps un point sensible de concurrence entre le GSIM et l\u2019EIGS. Elle contient aussi la plus grande mine d\u2019or du Burkina Faso \u00e0 Essakan\u00e9. Certaines des plus importantes mines d\u2019or du Niger, notamment la mine de Samira, sont situ\u00e9es de l\u2019autre c\u00f4t\u00e9 de la fronti\u00e8re.<\/p>\n<p style=\"font-weight: 400;\">\u00c0 mesure que le GSIM et l\u2019EIGS cherchent \u00e0 agrandir leur empreinte r\u00e9gionale, il est probable que la violence li\u00e9e aux mines augmentera au-del\u00e0 des pays de l\u2019AES, selon H\u00e9ni Nsaibia.<\/p>\n<p style=\"font-weight: 400;\">\u00ab\u00a0L\u2019expansion du GSIM vers les fronti\u00e8res du S\u00e9n\u00e9gal, de la Guin\u00e9e, de la C\u00f4te d\u2019Ivoire et du Ghana fait craindre que le mod\u00e8le d\u00e9j\u00e0 observ\u00e9 dans la r\u00e9gion centrale du Sahel ne se propage plus au Sud vers le littoral d\u2019Afrique de l\u2019Ouest\u00a0\u00bb, \u00e9crit-il dans un rapport pour ACLED et l\u2019ILC.<\/p>\n<p style=\"font-weight: 400;\">Il est aussi probable que les communaut\u00e9s mini\u00e8res du Nord-Ouest du Centre-Nord du Nigeria seront des cibles pour le GSIM et l\u2019EIGS\u00a0: les deux groupes ont d\u00e9j\u00e0 une prise de pied dans ces r\u00e9gions, pr\u00e9cise-t-il.<\/p>\n<p style=\"font-weight: 400;\">\u00ab\u00a0Les zones mini\u00e8res sont d\u00e9sormais plus que de simples sites d\u2019extraction des ressources. Elles servent de plus en plus d\u2019indicateurs d\u2019une dynamique de conflit plus vaste, montrant comment les gouvernements contr\u00f4lent les ressources min\u00e9rales et comment la violence localis\u00e9e peut se propager et perturber les activit\u00e9s \u00e9conomiques vitales.\u00a0\u00bb<\/p>\n","protected":false},"excerpt":{"rendered":"<p>Les terroristes du Sahel prennent pour cible les mines d\u2019or et les communaut\u00e9s voisines pour obtenir des revenus, des recrues et des armes telles que les explosifs. Dans certains cas, les terroristes ont \u00e9tabli des bases \u00e0 proximit\u00e9. Plut\u00f4t que d\u2019attaquer directement les mines, le Groupe de soutien \u00e0 l\u2019islam et aux musulmans (GSIM) et<\/p>\n","protected":false},"author":1,"featured_media":139357,"comment_status":"open","ping_status":"closed","sticky":false,"template":"","format":"standard","meta":{"_acf_changed":false,"_monsterinsights_skip_tracking":false,"_uf_show_specific_survey":0,"_uf_disable_surveys":false,"footnotes":""},"categories":[331],"tags":[489,1912,434,1152,488,487,1282],"class_list":["post-139363","post","type-post","status-publish","format-standard","has-post-thumbnail","category-dernieres-nouvelles","tag-burkina-faso-fr","tag-islamic-state","tag-mali-fr","tag-mining-fr","tag-niger-fr","tag-sahel-fr","tag-terrorism-fr"],"acf":[],"yoast_head":"<!-- This site is optimized with the Yoast SEO plugin v28.4 - https:\/\/yoast.com\/product\/yoast-seo-wordpress\/ -->\n<title>Les groupes terroristes sont b\u00e9n\u00e9ficiaires des mines d\u2019or du Sahel - Africa Defense Forum<\/title>\n<meta name=\"robots\" content=\"index, follow, max-snippet:-1, max-image-preview:large, max-video-preview:-1\" \/>\n<link rel=\"canonical\" href=\"https:\/\/adf-magazine.com\/ar\/?p=139365\" \/>\n<meta property=\"og:locale\" content=\"fr_FR\" \/>\n<meta property=\"og:type\" content=\"article\" \/>\n<meta property=\"og:title\" content=\"Les groupes terroristes sont b\u00e9n\u00e9ficiaires des mines d\u2019or du Sahel - Africa Defense Forum\" \/>\n<meta property=\"og:description\" content=\"Les terroristes du Sahel prennent pour cible les mines d\u2019or et les communaut\u00e9s voisines pour obtenir des revenus, des recrues et des armes telles que les explosifs. Dans certains cas, les terroristes ont \u00e9tabli des bases \u00e0 proximit\u00e9. Plut\u00f4t que d\u2019attaquer directement les mines, le Groupe de soutien \u00e0 l\u2019islam et aux musulmans (GSIM) et\" \/>\n<meta property=\"og:url\" content=\"https:\/\/adf-magazine.com\/ar\/?p=139365\" \/>\n<meta property=\"og:site_name\" content=\"Africa Defense Forum\" \/>\n<meta property=\"article:publisher\" content=\"https:\/\/www.facebook.com\/ADFmagazine\/\" \/>\n<meta property=\"article:published_time\" content=\"2026-09-01T19:18:57+00:00\" \/>\n<meta property=\"og:image\" content=\"https:\/\/adf-magazine.com\/wp-content\/uploads\/2026\/09\/AES-GOLD-1.webp\" \/>\n\t<meta property=\"og:image:width\" content=\"1080\" \/>\n\t<meta property=\"og:image:height\" content=\"810\" \/>\n\t<meta property=\"og:image:type\" content=\"image\/webp\" \/>\n<meta name=\"author\" content=\"ADF\" \/>\n<meta name=\"twitter:card\" content=\"summary_large_image\" \/>\n<meta name=\"twitter:creator\" content=\"@ADFmagazine\" \/>\n<meta name=\"twitter:site\" content=\"@ADFmagazine\" \/>\n<meta name=\"twitter:label1\" content=\"\u00c9crit par\" \/>\n\t<meta name=\"twitter:data1\" content=\"ADF\" \/>\n\t<meta name=\"twitter:label2\" content=\"Dur\u00e9e de lecture estim\u00e9e\" \/>\n\t<meta name=\"twitter:data2\" content=\"4 minutes\" \/>\n<script type=\"application\/ld+json\" class=\"yoast-schema-graph\">{\"@context\":\"https:\\\/\\\/schema.org\",\"@graph\":[{\"@type\":\"Article\",\"@id\":\"https:\\\/\\\/adf-magazine.com\\\/ar\\\/?p=139365#article\",\"isPartOf\":{\"@id\":\"https:\\\/\\\/adf-magazine.com\\\/ar\\\/?p=139365\"},\"author\":{\"name\":\"ADF\",\"@id\":\"https:\\\/\\\/adf-magazine.com\\\/#\\\/schema\\\/person\\\/f266a6061389568b5a11465bb38bc025\"},\"headline\":\"Les groupes terroristes sont b\u00e9n\u00e9ficiaires des mines d\u2019or du Sahel\",\"datePublished\":\"2026-09-01T19:18:57+00:00\",\"mainEntityOfPage\":{\"@id\":\"https:\\\/\\\/adf-magazine.com\\\/ar\\\/?p=139365\"},\"wordCount\":837,\"commentCount\":0,\"image\":{\"@id\":\"https:\\\/\\\/adf-magazine.com\\\/ar\\\/?p=139365#primaryimage\"},\"thumbnailUrl\":\"https:\\\/\\\/adf-magazine.com\\\/wp-content\\\/uploads\\\/2026\\\/09\\\/AES-GOLD-1.webp\",\"keywords\":[\"Burkina Faso\",\"Islamic State\",\"Mali\",\"mining\",\"Niger\",\"Sahel\",\"Terrorism\"],\"articleSection\":[\"Actualit\u00e9s du Jour\"],\"inLanguage\":\"fr-FR\",\"potentialAction\":[{\"@type\":\"CommentAction\",\"name\":\"Comment\",\"target\":[\"https:\\\/\\\/adf-magazine.com\\\/ar\\\/?p=139365#respond\"]}]},{\"@type\":\"WebPage\",\"@id\":\"https:\\\/\\\/adf-magazine.com\\\/ar\\\/?p=139365\",\"url\":\"https:\\\/\\\/adf-magazine.com\\\/ar\\\/?p=139365\",\"name\":\"Les groupes terroristes sont b\u00e9n\u00e9ficiaires des mines d\u2019or du Sahel - Africa Defense Forum\",\"isPartOf\":{\"@id\":\"https:\\\/\\\/adf-magazine.com\\\/#website\"},\"primaryImageOfPage\":{\"@id\":\"https:\\\/\\\/adf-magazine.com\\\/ar\\\/?p=139365#primaryimage\"},\"image\":{\"@id\":\"https:\\\/\\\/adf-magazine.com\\\/ar\\\/?p=139365#primaryimage\"},\"thumbnailUrl\":\"https:\\\/\\\/adf-magazine.com\\\/wp-content\\\/uploads\\\/2026\\\/09\\\/AES-GOLD-1.webp\",\"datePublished\":\"2026-09-01T19:18:57+00:00\",\"author\":{\"@id\":\"https:\\\/\\\/adf-magazine.com\\\/#\\\/schema\\\/person\\\/f266a6061389568b5a11465bb38bc025\"},\"breadcrumb\":{\"@id\":\"https:\\\/\\\/adf-magazine.com\\\/ar\\\/?p=139365#breadcrumb\"},\"inLanguage\":\"fr-FR\",\"potentialAction\":[{\"@type\":\"ReadAction\",\"target\":[\"https:\\\/\\\/adf-magazine.com\\\/ar\\\/?p=139365\"]}]},{\"@type\":\"ImageObject\",\"inLanguage\":\"fr-FR\",\"@id\":\"https:\\\/\\\/adf-magazine.com\\\/ar\\\/?p=139365#primaryimage\",\"url\":\"https:\\\/\\\/adf-magazine.com\\\/wp-content\\\/uploads\\\/2026\\\/09\\\/AES-GOLD-1.webp\",\"contentUrl\":\"https:\\\/\\\/adf-magazine.com\\\/wp-content\\\/uploads\\\/2026\\\/09\\\/AES-GOLD-1.webp\",\"width\":1080,\"height\":810,\"caption\":\"Les groupes terroristes sah\u00e9liens prennent pour cible les communaut\u00e9s pr\u00e8s des mines d\u2019or industrielles et artisanales au Burkina Faso, au Mali et au Niger pour servir de sources de financement et de combattants, et de bases d\u2019op\u00e9rations. AFP\\\/GETTY IMAGES\"},{\"@type\":\"BreadcrumbList\",\"@id\":\"https:\\\/\\\/adf-magazine.com\\\/ar\\\/?p=139365#breadcrumb\",\"itemListElement\":[{\"@type\":\"ListItem\",\"position\":1,\"name\":\"page d\u2019accueil\",\"item\":\"https:\\\/\\\/adf-magazine.com\\\/pt-pt\\\/\"},{\"@type\":\"ListItem\",\"position\":2,\"name\":\"Les groupes terroristes sont b\u00e9n\u00e9ficiaires des mines d\u2019or du Sahel\"}]},{\"@type\":\"WebSite\",\"@id\":\"https:\\\/\\\/adf-magazine.com\\\/#website\",\"url\":\"https:\\\/\\\/adf-magazine.com\\\/\",\"name\":\"Africa Defense Forum\",\"description\":\"Africa Defense Forum\",\"potentialAction\":[{\"@type\":\"SearchAction\",\"target\":{\"@type\":\"EntryPoint\",\"urlTemplate\":\"https:\\\/\\\/adf-magazine.com\\\/?s={search_term_string}\"},\"query-input\":{\"@type\":\"PropertyValueSpecification\",\"valueRequired\":true,\"valueName\":\"search_term_string\"}}],\"inLanguage\":\"fr-FR\"},{\"@type\":\"Person\",\"@id\":\"https:\\\/\\\/adf-magazine.com\\\/#\\\/schema\\\/person\\\/f266a6061389568b5a11465bb38bc025\",\"name\":\"ADF\",\"image\":{\"@type\":\"ImageObject\",\"inLanguage\":\"fr-FR\",\"@id\":\"https:\\\/\\\/adf-magazine.com\\\/wp-content\\\/uploads\\\/2020\\\/05\\\/cropped-ADF_icon.jpg\",\"url\":\"https:\\\/\\\/adf-magazine.com\\\/wp-content\\\/uploads\\\/2020\\\/05\\\/cropped-ADF_icon.jpg\",\"contentUrl\":\"https:\\\/\\\/adf-magazine.com\\\/wp-content\\\/uploads\\\/2020\\\/05\\\/cropped-ADF_icon.jpg\",\"caption\":\"ADF\"},\"description\":\"ADF is a professional military magazine published quarterly by U.S. Africa Command to provide an international forum for African security professionals. ADF covers topics such as counter terrorism strategies, security and defense operations, transnational crime, and all other issues affecting peace, stability, and good governance on the African continent.\",\"sameAs\":[\"https:\\\/\\\/x.com\\\/ADFmagazine\"],\"url\":\"https:\\\/\\\/adf-magazine.com\\\/fr\\\/author\\\/adf\\\/\"}]}<\/script>\n<!-- \/ Yoast SEO plugin. -->","yoast_head_json":{"title":"Les groupes terroristes sont b\u00e9n\u00e9ficiaires des mines d\u2019or du Sahel - Africa Defense Forum","robots":{"index":"index","follow":"follow","max-snippet":"max-snippet:-1","max-image-preview":"max-image-preview:large","max-video-preview":"max-video-preview:-1"},"canonical":"https:\/\/adf-magazine.com\/ar\/?p=139365","og_locale":"fr_FR","og_type":"article","og_title":"Les groupes terroristes sont b\u00e9n\u00e9ficiaires des mines d\u2019or du Sahel - Africa Defense Forum","og_description":"Les terroristes du Sahel prennent pour cible les mines d\u2019or et les communaut\u00e9s voisines pour obtenir des revenus, des recrues et des armes telles que les explosifs. Dans certains cas, les terroristes ont \u00e9tabli des bases \u00e0 proximit\u00e9. Plut\u00f4t que d\u2019attaquer directement les mines, le Groupe de soutien \u00e0 l\u2019islam et aux musulmans (GSIM) et","og_url":"https:\/\/adf-magazine.com\/ar\/?p=139365","og_site_name":"Africa Defense Forum","article_publisher":"https:\/\/www.facebook.com\/ADFmagazine\/","article_published_time":"2026-09-01T19:18:57+00:00","og_image":[{"width":1080,"height":810,"url":"https:\/\/adf-magazine.com\/wp-content\/uploads\/2026\/09\/AES-GOLD-1.webp","type":"image\/webp"}],"author":"ADF","twitter_card":"summary_large_image","twitter_creator":"@ADFmagazine","twitter_site":"@ADFmagazine","twitter_misc":{"\u00c9crit par":"ADF","Dur\u00e9e de lecture estim\u00e9e":"4 minutes"},"schema":{"@context":"https:\/\/schema.org","@graph":[{"@type":"Article","@id":"https:\/\/adf-magazine.com\/ar\/?p=139365#article","isPartOf":{"@id":"https:\/\/adf-magazine.com\/ar\/?p=139365"},"author":{"name":"ADF","@id":"https:\/\/adf-magazine.com\/#\/schema\/person\/f266a6061389568b5a11465bb38bc025"},"headline":"Les groupes terroristes sont b\u00e9n\u00e9ficiaires des mines d\u2019or du Sahel","datePublished":"2026-09-01T19:18:57+00:00","mainEntityOfPage":{"@id":"https:\/\/adf-magazine.com\/ar\/?p=139365"},"wordCount":837,"commentCount":0,"image":{"@id":"https:\/\/adf-magazine.com\/ar\/?p=139365#primaryimage"},"thumbnailUrl":"https:\/\/adf-magazine.com\/wp-content\/uploads\/2026\/09\/AES-GOLD-1.webp","keywords":["Burkina Faso","Islamic State","Mali","mining","Niger","Sahel","Terrorism"],"articleSection":["Actualit\u00e9s du Jour"],"inLanguage":"fr-FR","potentialAction":[{"@type":"CommentAction","name":"Comment","target":["https:\/\/adf-magazine.com\/ar\/?p=139365#respond"]}]},{"@type":"WebPage","@id":"https:\/\/adf-magazine.com\/ar\/?p=139365","url":"https:\/\/adf-magazine.com\/ar\/?p=139365","name":"Les groupes terroristes sont b\u00e9n\u00e9ficiaires des mines d\u2019or du Sahel - Africa Defense Forum","isPartOf":{"@id":"https:\/\/adf-magazine.com\/#website"},"primaryImageOfPage":{"@id":"https:\/\/adf-magazine.com\/ar\/?p=139365#primaryimage"},"image":{"@id":"https:\/\/adf-magazine.com\/ar\/?p=139365#primaryimage"},"thumbnailUrl":"https:\/\/adf-magazine.com\/wp-content\/uploads\/2026\/09\/AES-GOLD-1.webp","datePublished":"2026-09-01T19:18:57+00:00","author":{"@id":"https:\/\/adf-magazine.com\/#\/schema\/person\/f266a6061389568b5a11465bb38bc025"},"breadcrumb":{"@id":"https:\/\/adf-magazine.com\/ar\/?p=139365#breadcrumb"},"inLanguage":"fr-FR","potentialAction":[{"@type":"ReadAction","target":["https:\/\/adf-magazine.com\/ar\/?p=139365"]}]},{"@type":"ImageObject","inLanguage":"fr-FR","@id":"https:\/\/adf-magazine.com\/ar\/?p=139365#primaryimage","url":"https:\/\/adf-magazine.com\/wp-content\/uploads\/2026\/09\/AES-GOLD-1.webp","contentUrl":"https:\/\/adf-magazine.com\/wp-content\/uploads\/2026\/09\/AES-GOLD-1.webp","width":1080,"height":810,"caption":"Les groupes terroristes sah\u00e9liens prennent pour cible les communaut\u00e9s pr\u00e8s des mines d\u2019or industrielles et artisanales au Burkina Faso, au Mali et au Niger pour servir de sources de financement et de combattants, et de bases d\u2019op\u00e9rations. AFP\/GETTY IMAGES"},{"@type":"BreadcrumbList","@id":"https:\/\/adf-magazine.com\/ar\/?p=139365#breadcrumb","itemListElement":[{"@type":"ListItem","position":1,"name":"page d\u2019accueil","item":"https:\/\/adf-magazine.com\/pt-pt\/"},{"@type":"ListItem","position":2,"name":"Les groupes terroristes sont b\u00e9n\u00e9ficiaires des mines d\u2019or du Sahel"}]},{"@type":"WebSite","@id":"https:\/\/adf-magazine.com\/#website","url":"https:\/\/adf-magazine.com\/","name":"Africa Defense Forum","description":"Africa Defense Forum","potentialAction":[{"@type":"SearchAction","target":{"@type":"EntryPoint","urlTemplate":"https:\/\/adf-magazine.com\/?s={search_term_string}"},"query-input":{"@type":"PropertyValueSpecification","valueRequired":true,"valueName":"search_term_string"}}],"inLanguage":"fr-FR"},{"@type":"Person","@id":"https:\/\/adf-magazine.com\/#\/schema\/person\/f266a6061389568b5a11465bb38bc025","name":"ADF","image":{"@type":"ImageObject","inLanguage":"fr-FR","@id":"https:\/\/adf-magazine.com\/wp-content\/uploads\/2020\/05\/cropped-ADF_icon.jpg","url":"https:\/\/adf-magazine.com\/wp-content\/uploads\/2020\/05\/cropped-ADF_icon.jpg","contentUrl":"https:\/\/adf-magazine.com\/wp-content\/uploads\/2020\/05\/cropped-ADF_icon.jpg","caption":"ADF"},"description":"ADF is a professional military magazine published quarterly by U.S. Africa Command to provide an international forum for African security professionals. ADF covers topics such as counter terrorism strategies, security and defense operations, transnational crime, and all other issues affecting peace, stability, and good governance on the African continent.","sameAs":["https:\/\/x.com\/ADFmagazine"],"url":"https:\/\/adf-magazine.com\/fr\/author\/adf\/"}]}},"_links":{"self":[{"href":"https:\/\/adf-magazine.com\/fr\/wp-json\/wp\/v2\/posts\/139363","targetHints":{"allow":["GET"]}}],"collection":[{"href":"https:\/\/adf-magazine.com\/fr\/wp-json\/wp\/v2\/posts"}],"about":[{"href":"https:\/\/adf-magazine.com\/fr\/wp-json\/wp\/v2\/types\/post"}],"author":[{"embeddable":true,"href":"https:\/\/adf-magazine.com\/fr\/wp-json\/wp\/v2\/users\/1"}],"replies":[{"embeddable":true,"href":"https:\/\/adf-magazine.com\/fr\/wp-json\/wp\/v2\/comments?post=139363"}],"version-history":[{"count":1,"href":"https:\/\/adf-magazine.com\/fr\/wp-json\/wp\/v2\/posts\/139363\/revisions"}],"predecessor-version":[{"id":139364,"href":"https:\/\/adf-magazine.com\/fr\/wp-json\/wp\/v2\/posts\/139363\/revisions\/139364"}],"wp:featuredmedia":[{"embeddable":true,"href":"https:\/\/adf-magazine.com\/fr\/wp-json\/wp\/v2\/media\/139357"}],"wp:attachment":[{"href":"https:\/\/adf-magazine.com\/fr\/wp-json\/wp\/v2\/media?parent=139363"}],"wp:term":[{"taxonomy":"category","embeddable":true,"href":"https:\/\/adf-magazine.com\/fr\/wp-json\/wp\/v2\/categories?post=139363"},{"taxonomy":"post_tag","embeddable":true,"href":"https:\/\/adf-magazine.com\/fr\/wp-json\/wp\/v2\/tags?post=139363"}],"curies":[{"name":"wp","href":"https:\/\/api.w.org\/{rel}","templated":true}]}}