{"id":139324,"date":"2026-09-01T14:03:45","date_gmt":"2026-09-01T18:03:45","guid":{"rendered":"https:\/\/adf-magazine.com\/?p=139324"},"modified":"2026-09-01T14:04:08","modified_gmt":"2026-09-01T18:04:08","slug":"daech-a-lintention-detablir-des-bastions-au-mozambique","status":"publish","type":"post","link":"https:\/\/adf-magazine.com\/fr\/2026\/09\/daech-a-lintention-detablir-des-bastions-au-mozambique\/","title":{"rendered":"Daech a l\u2019intention d\u2019\u00e9tablir des bastions au Mozambique"},"content":{"rendered":"<p style=\"font-weight: 400;\">Le 7 octobre 2025, un groupe d\u2019hommes fortement arm\u00e9s en tenue militaire a visit\u00e9 une mosqu\u00e9e de Moc\u00edmboa da Praia, ville du littoral dans la province du Cabo Delgado. L\u2019un d\u2019eux s\u2019est exprim\u00e9 devant une foule d\u2019hommes, de femmes et d\u2019enfants en pr\u00e9sentant le groupe, appel\u00e9 \u00c9tat islamique au Mozambique (ISPM), comme autorit\u00e9 l\u00e9gitime au lieu du gouvernement du Mozambique.<\/p>\n<p style=\"font-weight: 400;\">Il leur a dit qu\u2019ils avaient le devoir de soutenir la djihad du groupe et qu\u2019il existait \u00ab\u00a0deux gouvernements, celui des non-croyants et celui des musulmans\u00a0\u00bb. Il les a avertis de ne pas collaborer avec les autorit\u00e9s ou de participer \u00e0 leurs r\u00e9unions.<\/p>\n<p style=\"font-weight: 400;\">Au cours des derni\u00e8res ann\u00e9es, l\u2019ISPM a chang\u00e9 son approche au Cabo Delgado en offrant une alternative de gouvernement sectaire et religieux pour gagner une certaine l\u00e9gitimit\u00e9 et \u00e9tablir un bastion parmi les communaut\u00e9s locales. Peter Bofin, analyste senior pour l\u2019Afrique du Sud-Est au projet ACLED (Armed Conflict Location and Event Data), d\u00e9clare que le groupe a d\u00e9coup\u00e9 une zone d\u2019influence particuli\u00e8re qui s\u2019\u00e9tend sur plus de 100\u00a0km de littoral et \u00e0 50\u00a0km vers l\u2019int\u00e9rieur des terres.<\/p>\n<p style=\"font-weight: 400;\">\u00ab\u00a0L\u2019ISPM est engag\u00e9 dans un projet politique\u00a0\u00bb, \u00e9crit-il dans un rapport du 26 juin.<\/p>\n<p style=\"font-weight: 400;\">Au sein de cette enclave, le groupe militant cherche \u00e0 mieux se connecter avec les habitants\u00a0; il maintient une base et d\u00e9tient une certaine libert\u00e9 de mouvement malgr\u00e9 la pr\u00e9sence des forces de s\u00e9curit\u00e9 de l\u2019\u00c9tat et un contingent de la Force de d\u00e9fense du Rwanda. Depuis 2023, l\u2019organisation mondiale de l\u2019\u00c9tat islamique a encourag\u00e9 ce changement d\u2019approche de l\u2019ISPM et l\u2019a mis en lumi\u00e8re sur ses cha\u00eenes m\u00e9diatiques.<\/p>\n<p style=\"font-weight: 400;\">\u00ab\u00a0Dans cette zone d\u2019influence, les insurg\u00e9s ont essay\u00e9 de d\u00e9finir une circonscription civile pour soutenir leurs actes, \u00e9crit M.\u00a0Bofin. Ils ont aussi \u00e9tabli une posture politique g\u00e9n\u00e9rale qui rejette l\u2019\u00e9tat la\u00efque et d\u00e9fend la gouvernance bas\u00e9e sur leur interpr\u00e9tation des lois islamiques. \u2026 Bien qu\u2019exprim\u00e9s en termes religieux sectaires, ces mod\u00e8les sont aussi influenc\u00e9s par des consid\u00e9rations ethniques et politiques de longue date. En cons\u00e9quence, la pr\u00e9sence du groupe sera difficile \u00e0 \u00e9liminer par des moyens purement militaires.\u00a0\u00bb<\/p>\n<p style=\"font-weight: 400;\">Vers la fin 2023, le groupe \u00e9tait devenu affili\u00e9 \u00e0 l\u2019\u00c9tat islamique\u00a0; il avait un nouveau leadership et avait adopt\u00e9 une approche moins violente vis-\u00e0-vis des communaut\u00e9s dans sa zone d\u2019influence. Ceci se refl\u00e9tait dans les donn\u00e9es d\u2019ACLED concernant le ciblage des civils. En m\u00eame temps, les activit\u00e9s non violentes de l\u2019ISPM s\u2019\u00e9taient fortement intensifi\u00e9es, notamment les visites des communaut\u00e9s pour gagner un soutien ou dissuader la coop\u00e9ration avec les forces de l\u2019\u00c9tat, les sermons occasionnels et l\u2019achat de vivres dans les villages, parfois en imposant des prix et une valeur pour les biens \u00e9chang\u00e9s.<\/p>\n<p style=\"font-weight: 400;\">\u00ab\u00a0Le ciblage des civils est rest\u00e9 n\u00e9gligeable sur le littoral, bien que la base principale de l\u2019ISPM y soit localis\u00e9e, alors qu\u2019ailleurs le ciblage des civils reste un \u00e9l\u00e9ment important du conflit, en particulier dans le Sud. \u2026 Le ciblage des civils par l\u2019ISPM a conduit \u00e0 la fuite des habitants et, sans habitant, le contr\u00f4le du territoire est peu utile.\u00a0\u00bb<\/p>\n<p style=\"font-weight: 400;\">Bien que l\u2019\u00e9volution tactique de l\u2019ISPM ait r\u00e9v\u00e9l\u00e9 ses ambitions politiques et territoriales, M.\u00a0Bofin d\u00e9clare que le d\u00e9veloppement de cette entreprise ne fait que commencer, sans indication tangible de gouvernance ou de participation communautaire, par exemple l\u2019\u00e9tablissement d\u2019une \u00e9cole. Il serait donc judicieux pour le gouvernement mozambicain d\u2019intensifier sa pr\u00e9sence officielle et militaire tout en am\u00e9liorant l\u2019infrastructure publique.<\/p>\n<p style=\"font-weight: 400;\">\u00ab\u00a0Pour l\u2019\u00c9tat, le d\u00e9fi consiste \u00e0 s\u2019assurer de maintenir une pr\u00e9sence minime dans cette r\u00e9gion, principalement par le biais des forces de s\u00e9curit\u00e9 mozambicaines et rwandaises, pour que l\u2019ISPM ne puisse pas se transformer autorit\u00e9 quasi-gouvernementale quelconque. Un tel d\u00e9veloppement faciliterait beaucoup le recrutement et le financement. En outre, il devra regagner lui-m\u00eame son autorit\u00e9 et sa l\u00e9gitimit\u00e9.\u00a0\u00bb<\/p>\n<p style=\"font-weight: 400;\">Apr\u00e8s sa visite du Mozambique, l\u2019expert onusien des droits de l\u2019homme Ben Saul a encourag\u00e9 le gouvernement \u00e0 continuer la mise en \u0153uvre de sa strat\u00e9gie de contre-terrorisme au-del\u00e0 d\u2019une approche fortement militaris\u00e9e, pour affronter les conditions sous-jacentes du terrorisme.<\/p>\n<p style=\"font-weight: 400;\">\u00ab\u00a0Apr\u00e8s neuf ans de violence horrible, je reconnais les efforts importants faits par le Mozambique et ses partenaires pour emp\u00eacher et lutter contre le terrorisme, notamment la reconqu\u00eate et la stabilisation de nombreuses r\u00e9gions\u00a0; ceci a permis \u00e0 un grand nombre de personnes d\u00e9plac\u00e9es de retourner chez elles\u00a0\u00bb, a-t-il d\u00e9clar\u00e9 le 14 ao\u00fbt.<\/p>\n<p style=\"font-weight: 400;\">\u00ab\u00a0Une approche exhaustive est essentielle. Le gouvernement et les partenaires internationaux devraient intensifier leurs efforts pour lutter contre l\u2019id\u00e9ologie extr\u00e9miste violente, renforcer les institutions de l\u2019\u00c9tat et le d\u00e9veloppement humain dans le Nord, assurer que les communaut\u00e9s du Cabo Delgado soient \u00e9quitablement b\u00e9n\u00e9ficiaires des riches ressources naturelles de la province, r\u00e9glementer efficacement les industries d\u2019extraction et renforcer la gouvernance inclusive.\u00a0\u00bb<\/p>\n","protected":false},"excerpt":{"rendered":"<p>Le 7 octobre 2025, un groupe d\u2019hommes fortement arm\u00e9s en tenue militaire a visit\u00e9 une mosqu\u00e9e de Moc\u00edmboa da Praia, ville du littoral dans la province du Cabo Delgado. L\u2019un d\u2019eux s\u2019est exprim\u00e9 devant une foule d\u2019hommes, de femmes et d\u2019enfants en pr\u00e9sentant le groupe, appel\u00e9 \u00c9tat islamique au Mozambique (ISPM), comme autorit\u00e9 l\u00e9gitime au<\/p>\n","protected":false},"author":1,"featured_media":139319,"comment_status":"open","ping_status":"closed","sticky":false,"template":"","format":"standard","meta":{"_acf_changed":false,"_monsterinsights_skip_tracking":false,"_uf_show_specific_survey":0,"_uf_disable_surveys":false,"footnotes":""},"categories":[331],"tags":[484,1021,1912,464,466,1282],"class_list":["post-139324","post","type-post","status-publish","format-standard","has-post-thumbnail","category-dernieres-nouvelles","tag-extremisme","tag-insurrection","tag-islamic-state","tag-mozambique-fr","tag-rwanda-fr","tag-terrorism-fr"],"acf":[],"yoast_head":"<!-- This site is optimized with the Yoast SEO plugin v28.4 - https:\/\/yoast.com\/product\/yoast-seo-wordpress\/ -->\n<title>Daech a l\u2019intention d\u2019\u00e9tablir des bastions au Mozambique - Africa Defense Forum<\/title>\n<meta name=\"robots\" content=\"index, follow, max-snippet:-1, max-image-preview:large, max-video-preview:-1\" \/>\n<link rel=\"canonical\" href=\"https:\/\/adf-magazine.com\/fr\/2026\/09\/daech-a-lintention-detablir-des-bastions-au-mozambique\/\" \/>\n<meta property=\"og:locale\" content=\"fr_FR\" \/>\n<meta property=\"og:type\" content=\"article\" \/>\n<meta property=\"og:title\" content=\"Daech a l\u2019intention d\u2019\u00e9tablir des bastions au Mozambique - Africa Defense Forum\" \/>\n<meta property=\"og:description\" content=\"Le 7 octobre 2025, un groupe d\u2019hommes fortement arm\u00e9s en tenue militaire a visit\u00e9 une mosqu\u00e9e de Moc\u00edmboa da Praia, ville du littoral dans la province du Cabo Delgado. L\u2019un d\u2019eux s\u2019est exprim\u00e9 devant une foule d\u2019hommes, de femmes et d\u2019enfants en pr\u00e9sentant le groupe, appel\u00e9 \u00c9tat islamique au Mozambique (ISPM), comme autorit\u00e9 l\u00e9gitime au\" \/>\n<meta property=\"og:url\" content=\"https:\/\/adf-magazine.com\/fr\/2026\/09\/daech-a-lintention-detablir-des-bastions-au-mozambique\/\" \/>\n<meta property=\"og:site_name\" content=\"Africa Defense Forum\" \/>\n<meta property=\"article:publisher\" content=\"https:\/\/www.facebook.com\/ADFmagazine\/\" \/>\n<meta property=\"article:published_time\" content=\"2026-09-01T18:03:45+00:00\" \/>\n<meta property=\"article:modified_time\" content=\"2026-09-01T18:04:08+00:00\" \/>\n<meta property=\"og:image\" content=\"https:\/\/adf-magazine.com\/wp-content\/uploads\/2026\/09\/ISM-STRONGHOLD1.webp\" \/>\n\t<meta property=\"og:image:width\" content=\"1080\" \/>\n\t<meta property=\"og:image:height\" content=\"791\" \/>\n\t<meta property=\"og:image:type\" content=\"image\/webp\" \/>\n<meta name=\"author\" content=\"ADF\" \/>\n<meta name=\"twitter:card\" content=\"summary_large_image\" \/>\n<meta name=\"twitter:creator\" content=\"@ADFmagazine\" \/>\n<meta name=\"twitter:site\" content=\"@ADFmagazine\" \/>\n<meta name=\"twitter:label1\" content=\"\u00c9crit par\" \/>\n\t<meta name=\"twitter:data1\" content=\"ADF\" \/>\n\t<meta name=\"twitter:label2\" content=\"Dur\u00e9e de lecture estim\u00e9e\" \/>\n\t<meta name=\"twitter:data2\" content=\"4 minutes\" \/>\n<script type=\"application\/ld+json\" class=\"yoast-schema-graph\">{\"@context\":\"https:\\\/\\\/schema.org\",\"@graph\":[{\"@type\":\"Article\",\"@id\":\"https:\\\/\\\/adf-magazine.com\\\/fr\\\/2026\\\/09\\\/daech-a-lintention-detablir-des-bastions-au-mozambique\\\/#article\",\"isPartOf\":{\"@id\":\"https:\\\/\\\/adf-magazine.com\\\/fr\\\/2026\\\/09\\\/daech-a-lintention-detablir-des-bastions-au-mozambique\\\/\"},\"author\":{\"name\":\"ADF\",\"@id\":\"https:\\\/\\\/adf-magazine.com\\\/#\\\/schema\\\/person\\\/f266a6061389568b5a11465bb38bc025\"},\"headline\":\"Daech a l\u2019intention d\u2019\u00e9tablir des bastions au Mozambique\",\"datePublished\":\"2026-09-01T18:03:45+00:00\",\"dateModified\":\"2026-09-01T18:04:08+00:00\",\"mainEntityOfPage\":{\"@id\":\"https:\\\/\\\/adf-magazine.com\\\/fr\\\/2026\\\/09\\\/daech-a-lintention-detablir-des-bastions-au-mozambique\\\/\"},\"wordCount\":890,\"commentCount\":0,\"image\":{\"@id\":\"https:\\\/\\\/adf-magazine.com\\\/fr\\\/2026\\\/09\\\/daech-a-lintention-detablir-des-bastions-au-mozambique\\\/#primaryimage\"},\"thumbnailUrl\":\"https:\\\/\\\/adf-magazine.com\\\/wp-content\\\/uploads\\\/2026\\\/09\\\/ISM-STRONGHOLD1.webp\",\"keywords\":[\"extr\u00e9misme\",\"insurrection\",\"Islamic State\",\"Mozambique\",\"Rwanda\",\"Terrorism\"],\"articleSection\":[\"Actualit\u00e9s du Jour\"],\"inLanguage\":\"fr-FR\",\"potentialAction\":[{\"@type\":\"CommentAction\",\"name\":\"Comment\",\"target\":[\"https:\\\/\\\/adf-magazine.com\\\/fr\\\/2026\\\/09\\\/daech-a-lintention-detablir-des-bastions-au-mozambique\\\/#respond\"]}]},{\"@type\":\"WebPage\",\"@id\":\"https:\\\/\\\/adf-magazine.com\\\/fr\\\/2026\\\/09\\\/daech-a-lintention-detablir-des-bastions-au-mozambique\\\/\",\"url\":\"https:\\\/\\\/adf-magazine.com\\\/fr\\\/2026\\\/09\\\/daech-a-lintention-detablir-des-bastions-au-mozambique\\\/\",\"name\":\"Daech a l\u2019intention d\u2019\u00e9tablir des bastions au Mozambique - Africa Defense Forum\",\"isPartOf\":{\"@id\":\"https:\\\/\\\/adf-magazine.com\\\/#website\"},\"primaryImageOfPage\":{\"@id\":\"https:\\\/\\\/adf-magazine.com\\\/fr\\\/2026\\\/09\\\/daech-a-lintention-detablir-des-bastions-au-mozambique\\\/#primaryimage\"},\"image\":{\"@id\":\"https:\\\/\\\/adf-magazine.com\\\/fr\\\/2026\\\/09\\\/daech-a-lintention-detablir-des-bastions-au-mozambique\\\/#primaryimage\"},\"thumbnailUrl\":\"https:\\\/\\\/adf-magazine.com\\\/wp-content\\\/uploads\\\/2026\\\/09\\\/ISM-STRONGHOLD1.webp\",\"datePublished\":\"2026-09-01T18:03:45+00:00\",\"dateModified\":\"2026-09-01T18:04:08+00:00\",\"author\":{\"@id\":\"https:\\\/\\\/adf-magazine.com\\\/#\\\/schema\\\/person\\\/f266a6061389568b5a11465bb38bc025\"},\"breadcrumb\":{\"@id\":\"https:\\\/\\\/adf-magazine.com\\\/fr\\\/2026\\\/09\\\/daech-a-lintention-detablir-des-bastions-au-mozambique\\\/#breadcrumb\"},\"inLanguage\":\"fr-FR\",\"potentialAction\":[{\"@type\":\"ReadAction\",\"target\":[\"https:\\\/\\\/adf-magazine.com\\\/fr\\\/2026\\\/09\\\/daech-a-lintention-detablir-des-bastions-au-mozambique\\\/\"]}]},{\"@type\":\"ImageObject\",\"inLanguage\":\"fr-FR\",\"@id\":\"https:\\\/\\\/adf-magazine.com\\\/fr\\\/2026\\\/09\\\/daech-a-lintention-detablir-des-bastions-au-mozambique\\\/#primaryimage\",\"url\":\"https:\\\/\\\/adf-magazine.com\\\/wp-content\\\/uploads\\\/2026\\\/09\\\/ISM-STRONGHOLD1.webp\",\"contentUrl\":\"https:\\\/\\\/adf-magazine.com\\\/wp-content\\\/uploads\\\/2026\\\/09\\\/ISM-STRONGHOLD1.webp\",\"width\":1080,\"height\":791,\"caption\":\"Cette image, montrant deux photos des insurg\u00e9s de l\u2019ISPM faisant un sermon dans une mosqu\u00e9e de Moc\u00edmboa da Praia, a \u00e9t\u00e9 publi\u00e9e dans al-Naba, hebdomadaire de l\u2019\u00c9tat islamique, le 9 octobre 2025. AL-NABA\"},{\"@type\":\"BreadcrumbList\",\"@id\":\"https:\\\/\\\/adf-magazine.com\\\/fr\\\/2026\\\/09\\\/daech-a-lintention-detablir-des-bastions-au-mozambique\\\/#breadcrumb\",\"itemListElement\":[{\"@type\":\"ListItem\",\"position\":1,\"name\":\"page d\u2019accueil\",\"item\":\"https:\\\/\\\/adf-magazine.com\\\/pt-pt\\\/\"},{\"@type\":\"ListItem\",\"position\":2,\"name\":\"Daech a l\u2019intention d\u2019\u00e9tablir des bastions au Mozambique\"}]},{\"@type\":\"WebSite\",\"@id\":\"https:\\\/\\\/adf-magazine.com\\\/#website\",\"url\":\"https:\\\/\\\/adf-magazine.com\\\/\",\"name\":\"Africa Defense Forum\",\"description\":\"Africa Defense Forum\",\"potentialAction\":[{\"@type\":\"SearchAction\",\"target\":{\"@type\":\"EntryPoint\",\"urlTemplate\":\"https:\\\/\\\/adf-magazine.com\\\/?s={search_term_string}\"},\"query-input\":{\"@type\":\"PropertyValueSpecification\",\"valueRequired\":true,\"valueName\":\"search_term_string\"}}],\"inLanguage\":\"fr-FR\"},{\"@type\":\"Person\",\"@id\":\"https:\\\/\\\/adf-magazine.com\\\/#\\\/schema\\\/person\\\/f266a6061389568b5a11465bb38bc025\",\"name\":\"ADF\",\"image\":{\"@type\":\"ImageObject\",\"inLanguage\":\"fr-FR\",\"@id\":\"https:\\\/\\\/adf-magazine.com\\\/wp-content\\\/uploads\\\/2020\\\/05\\\/cropped-ADF_icon.jpg\",\"url\":\"https:\\\/\\\/adf-magazine.com\\\/wp-content\\\/uploads\\\/2020\\\/05\\\/cropped-ADF_icon.jpg\",\"contentUrl\":\"https:\\\/\\\/adf-magazine.com\\\/wp-content\\\/uploads\\\/2020\\\/05\\\/cropped-ADF_icon.jpg\",\"caption\":\"ADF\"},\"description\":\"ADF is a professional military magazine published quarterly by U.S. Africa Command to provide an international forum for African security professionals. ADF covers topics such as counter terrorism strategies, security and defense operations, transnational crime, and all other issues affecting peace, stability, and good governance on the African continent.\",\"sameAs\":[\"https:\\\/\\\/x.com\\\/ADFmagazine\"],\"url\":\"https:\\\/\\\/adf-magazine.com\\\/fr\\\/author\\\/adf\\\/\"}]}<\/script>\n<!-- \/ Yoast SEO plugin. -->","yoast_head_json":{"title":"Daech a l\u2019intention d\u2019\u00e9tablir des bastions au Mozambique - Africa Defense Forum","robots":{"index":"index","follow":"follow","max-snippet":"max-snippet:-1","max-image-preview":"max-image-preview:large","max-video-preview":"max-video-preview:-1"},"canonical":"https:\/\/adf-magazine.com\/fr\/2026\/09\/daech-a-lintention-detablir-des-bastions-au-mozambique\/","og_locale":"fr_FR","og_type":"article","og_title":"Daech a l\u2019intention d\u2019\u00e9tablir des bastions au Mozambique - Africa Defense Forum","og_description":"Le 7 octobre 2025, un groupe d\u2019hommes fortement arm\u00e9s en tenue militaire a visit\u00e9 une mosqu\u00e9e de Moc\u00edmboa da Praia, ville du littoral dans la province du Cabo Delgado. L\u2019un d\u2019eux s\u2019est exprim\u00e9 devant une foule d\u2019hommes, de femmes et d\u2019enfants en pr\u00e9sentant le groupe, appel\u00e9 \u00c9tat islamique au Mozambique (ISPM), comme autorit\u00e9 l\u00e9gitime au","og_url":"https:\/\/adf-magazine.com\/fr\/2026\/09\/daech-a-lintention-detablir-des-bastions-au-mozambique\/","og_site_name":"Africa Defense Forum","article_publisher":"https:\/\/www.facebook.com\/ADFmagazine\/","article_published_time":"2026-09-01T18:03:45+00:00","article_modified_time":"2026-09-01T18:04:08+00:00","og_image":[{"width":1080,"height":791,"url":"https:\/\/adf-magazine.com\/wp-content\/uploads\/2026\/09\/ISM-STRONGHOLD1.webp","type":"image\/webp"}],"author":"ADF","twitter_card":"summary_large_image","twitter_creator":"@ADFmagazine","twitter_site":"@ADFmagazine","twitter_misc":{"\u00c9crit par":"ADF","Dur\u00e9e de lecture estim\u00e9e":"4 minutes"},"schema":{"@context":"https:\/\/schema.org","@graph":[{"@type":"Article","@id":"https:\/\/adf-magazine.com\/fr\/2026\/09\/daech-a-lintention-detablir-des-bastions-au-mozambique\/#article","isPartOf":{"@id":"https:\/\/adf-magazine.com\/fr\/2026\/09\/daech-a-lintention-detablir-des-bastions-au-mozambique\/"},"author":{"name":"ADF","@id":"https:\/\/adf-magazine.com\/#\/schema\/person\/f266a6061389568b5a11465bb38bc025"},"headline":"Daech a l\u2019intention d\u2019\u00e9tablir des bastions au Mozambique","datePublished":"2026-09-01T18:03:45+00:00","dateModified":"2026-09-01T18:04:08+00:00","mainEntityOfPage":{"@id":"https:\/\/adf-magazine.com\/fr\/2026\/09\/daech-a-lintention-detablir-des-bastions-au-mozambique\/"},"wordCount":890,"commentCount":0,"image":{"@id":"https:\/\/adf-magazine.com\/fr\/2026\/09\/daech-a-lintention-detablir-des-bastions-au-mozambique\/#primaryimage"},"thumbnailUrl":"https:\/\/adf-magazine.com\/wp-content\/uploads\/2026\/09\/ISM-STRONGHOLD1.webp","keywords":["extr\u00e9misme","insurrection","Islamic State","Mozambique","Rwanda","Terrorism"],"articleSection":["Actualit\u00e9s du Jour"],"inLanguage":"fr-FR","potentialAction":[{"@type":"CommentAction","name":"Comment","target":["https:\/\/adf-magazine.com\/fr\/2026\/09\/daech-a-lintention-detablir-des-bastions-au-mozambique\/#respond"]}]},{"@type":"WebPage","@id":"https:\/\/adf-magazine.com\/fr\/2026\/09\/daech-a-lintention-detablir-des-bastions-au-mozambique\/","url":"https:\/\/adf-magazine.com\/fr\/2026\/09\/daech-a-lintention-detablir-des-bastions-au-mozambique\/","name":"Daech a l\u2019intention d\u2019\u00e9tablir des bastions au Mozambique - Africa Defense Forum","isPartOf":{"@id":"https:\/\/adf-magazine.com\/#website"},"primaryImageOfPage":{"@id":"https:\/\/adf-magazine.com\/fr\/2026\/09\/daech-a-lintention-detablir-des-bastions-au-mozambique\/#primaryimage"},"image":{"@id":"https:\/\/adf-magazine.com\/fr\/2026\/09\/daech-a-lintention-detablir-des-bastions-au-mozambique\/#primaryimage"},"thumbnailUrl":"https:\/\/adf-magazine.com\/wp-content\/uploads\/2026\/09\/ISM-STRONGHOLD1.webp","datePublished":"2026-09-01T18:03:45+00:00","dateModified":"2026-09-01T18:04:08+00:00","author":{"@id":"https:\/\/adf-magazine.com\/#\/schema\/person\/f266a6061389568b5a11465bb38bc025"},"breadcrumb":{"@id":"https:\/\/adf-magazine.com\/fr\/2026\/09\/daech-a-lintention-detablir-des-bastions-au-mozambique\/#breadcrumb"},"inLanguage":"fr-FR","potentialAction":[{"@type":"ReadAction","target":["https:\/\/adf-magazine.com\/fr\/2026\/09\/daech-a-lintention-detablir-des-bastions-au-mozambique\/"]}]},{"@type":"ImageObject","inLanguage":"fr-FR","@id":"https:\/\/adf-magazine.com\/fr\/2026\/09\/daech-a-lintention-detablir-des-bastions-au-mozambique\/#primaryimage","url":"https:\/\/adf-magazine.com\/wp-content\/uploads\/2026\/09\/ISM-STRONGHOLD1.webp","contentUrl":"https:\/\/adf-magazine.com\/wp-content\/uploads\/2026\/09\/ISM-STRONGHOLD1.webp","width":1080,"height":791,"caption":"Cette image, montrant deux photos des insurg\u00e9s de l\u2019ISPM faisant un sermon dans une mosqu\u00e9e de Moc\u00edmboa da Praia, a \u00e9t\u00e9 publi\u00e9e dans al-Naba, hebdomadaire de l\u2019\u00c9tat islamique, le 9 octobre 2025. AL-NABA"},{"@type":"BreadcrumbList","@id":"https:\/\/adf-magazine.com\/fr\/2026\/09\/daech-a-lintention-detablir-des-bastions-au-mozambique\/#breadcrumb","itemListElement":[{"@type":"ListItem","position":1,"name":"page d\u2019accueil","item":"https:\/\/adf-magazine.com\/pt-pt\/"},{"@type":"ListItem","position":2,"name":"Daech a l\u2019intention d\u2019\u00e9tablir des bastions au Mozambique"}]},{"@type":"WebSite","@id":"https:\/\/adf-magazine.com\/#website","url":"https:\/\/adf-magazine.com\/","name":"Africa Defense Forum","description":"Africa Defense Forum","potentialAction":[{"@type":"SearchAction","target":{"@type":"EntryPoint","urlTemplate":"https:\/\/adf-magazine.com\/?s={search_term_string}"},"query-input":{"@type":"PropertyValueSpecification","valueRequired":true,"valueName":"search_term_string"}}],"inLanguage":"fr-FR"},{"@type":"Person","@id":"https:\/\/adf-magazine.com\/#\/schema\/person\/f266a6061389568b5a11465bb38bc025","name":"ADF","image":{"@type":"ImageObject","inLanguage":"fr-FR","@id":"https:\/\/adf-magazine.com\/wp-content\/uploads\/2020\/05\/cropped-ADF_icon.jpg","url":"https:\/\/adf-magazine.com\/wp-content\/uploads\/2020\/05\/cropped-ADF_icon.jpg","contentUrl":"https:\/\/adf-magazine.com\/wp-content\/uploads\/2020\/05\/cropped-ADF_icon.jpg","caption":"ADF"},"description":"ADF is a professional military magazine published quarterly by U.S. Africa Command to provide an international forum for African security professionals. ADF covers topics such as counter terrorism strategies, security and defense operations, transnational crime, and all other issues affecting peace, stability, and good governance on the African continent.","sameAs":["https:\/\/x.com\/ADFmagazine"],"url":"https:\/\/adf-magazine.com\/fr\/author\/adf\/"}]}},"_links":{"self":[{"href":"https:\/\/adf-magazine.com\/fr\/wp-json\/wp\/v2\/posts\/139324","targetHints":{"allow":["GET"]}}],"collection":[{"href":"https:\/\/adf-magazine.com\/fr\/wp-json\/wp\/v2\/posts"}],"about":[{"href":"https:\/\/adf-magazine.com\/fr\/wp-json\/wp\/v2\/types\/post"}],"author":[{"embeddable":true,"href":"https:\/\/adf-magazine.com\/fr\/wp-json\/wp\/v2\/users\/1"}],"replies":[{"embeddable":true,"href":"https:\/\/adf-magazine.com\/fr\/wp-json\/wp\/v2\/comments?post=139324"}],"version-history":[{"count":1,"href":"https:\/\/adf-magazine.com\/fr\/wp-json\/wp\/v2\/posts\/139324\/revisions"}],"predecessor-version":[{"id":139325,"href":"https:\/\/adf-magazine.com\/fr\/wp-json\/wp\/v2\/posts\/139324\/revisions\/139325"}],"wp:featuredmedia":[{"embeddable":true,"href":"https:\/\/adf-magazine.com\/fr\/wp-json\/wp\/v2\/media\/139319"}],"wp:attachment":[{"href":"https:\/\/adf-magazine.com\/fr\/wp-json\/wp\/v2\/media?parent=139324"}],"wp:term":[{"taxonomy":"category","embeddable":true,"href":"https:\/\/adf-magazine.com\/fr\/wp-json\/wp\/v2\/categories?post=139324"},{"taxonomy":"post_tag","embeddable":true,"href":"https:\/\/adf-magazine.com\/fr\/wp-json\/wp\/v2\/tags?post=139324"}],"curies":[{"name":"wp","href":"https:\/\/api.w.org\/{rel}","templated":true}]}}