{"id":138852,"date":"2026-08-11T14:24:58","date_gmt":"2026-08-11T18:24:58","guid":{"rendered":"https:\/\/adf-magazine.com\/?p=138852"},"modified":"2026-08-11T14:25:17","modified_gmt":"2026-08-11T18:25:17","slug":"les-etats-unis-et-le-maroc-construisent-un-centre-de-formation-militaire","status":"publish","type":"post","link":"https:\/\/adf-magazine.com\/fr\/2026\/08\/les-etats-unis-et-le-maroc-construisent-un-centre-de-formation-militaire\/","title":{"rendered":"Les \u00c9tats-Unis et le Maroc construisent un centre de formation militaire"},"content":{"rendered":"<p style=\"font-weight: 400;\">Des plans sont \u00e9labor\u00e9s au Maroc pour construire le Centre d\u2019entra\u00eenement et d\u2019exp\u00e9rimentation militaire multidomaine pour l\u2019Afrique (AMTEC), qui promet de servir de phare pour l\u2019entra\u00eenement s\u00e9curitaire et militaire pr\u00e9sent et futur sur le continent.<\/p>\n<p style=\"font-weight: 400;\">L\u2019AMTEC, pr\u00e9vu pour ouvrir ses portes \u00e0 Tan-Tan d\u00e8s 2030, comprendra trois \u00e9l\u00e9ments\u00a0: une zone d\u2019entra\u00eenement multidomaine, une acad\u00e9mie des drones et un centre d\u2019innovation et d\u2019exp\u00e9rimentation. Les Forces arm\u00e9es royales (FAR) marocaines et l\u2019\u00e9tat-major unifi\u00e9 des \u00c9tats-Unis pour l\u2019Afrique (AFRICOM) ont sign\u00e9 un protocole d\u2019accord au quartier g\u00e9n\u00e9ral d\u2019AFRICOM le 13 juillet.<\/p>\n<p style=\"font-weight: 400;\">\u00ab\u00a0La pr\u00e9paration du Maroc, d\u00e9montr\u00e9e par nos installations existantes et notre personnel qualifi\u00e9, assure une mise en \u0153uvre rapide du concept \u00e0 la r\u00e9alit\u00e9 op\u00e9rationnelle et offre aux industries marocaines et am\u00e9ricaines un partenaire fiable et capable pour l\u2019innovation conjointe et des opportunit\u00e9s d\u2019exportation\u00a0\u00bb, a d\u00e9clar\u00e9 le g\u00e9n\u00e9ral Mohammed Berrid des FAR, commandant de la zone Sud.<\/p>\n<p style=\"font-weight: 400;\">Le colonel Michael Gacheru, chef de la division d\u2019engagement r\u00e9gional d\u2019AFRICOM, a d\u00e9clar\u00e9 que les plans de cr\u00e9ation de l\u2019AMTEC signalent une autre \u00e9tape en avant dans le partenariat de longue date entre le Maroc et les \u00c9tats-Unis, alors que les deux pays partagent l\u2019engagement de contrer le terrorisme et d\u2019assurer la stabilit\u00e9 sur le continent.<\/p>\n<p style=\"font-weight: 400;\">Il a dit au site d\u2019actualit\u00e9 marocain Le360 pour un article du 14 juillet\u00a0: \u00ab\u00a0L\u2019AMTEC incarne plusieurs d\u00e9cennies de collaboration entre le Maroc et les \u00c9tats-Unis. Ce partenariat de mise en commun des ressources repr\u00e9sente la paix fond\u00e9e sur la force, la responsabilit\u00e9 commune et les progr\u00e8s conjoints dans les secteurs de l\u2019industrie et de la technologie. Notre but commun de cr\u00e9er un environnement stable propice \u00e0 la prosp\u00e9rit\u00e9 forme la fondation de cette nouvelle phase.\u00a0\u00bb<\/p>\n<p style=\"font-weight: 400;\">La zone d\u2019entra\u00eenement multidomaine offrira un complexe d\u2019espaces pour pr\u00e9parer les soldats \u00e0 utiliser les syst\u00e8mes d\u2019armement, les syst\u00e8mes d\u00e9fensifs et les plateformes de communication. Elle permettra aux soldats d\u2019op\u00e9rer sur tout le spectre \u00e9lectromagn\u00e9tique en utilisant les fr\u00e9quences radio, micro-ondes, infrarouges, de lumi\u00e8re visible, de rayons X et de haute fr\u00e9quence pour qu\u2019ils soient mis \u00e0 l\u2019\u00e9preuve et s\u2019entra\u00eenent dans les op\u00e9rations offensives et d\u00e9fensives, recueillent les renseignements et connectent les syst\u00e8mes d\u2019armement.<\/p>\n<p style=\"font-weight: 400;\">L\u2019acad\u00e9mie des drones formera les op\u00e9rateurs, les formateurs et les planificateurs du Maroc et d\u2019autres pays africains pour qu\u2019ils am\u00e9liorent leurs aptitudes contre les menaces terroristes d\u2019Afrique de l\u2019Ouest. Les \u00e9tudiants obtiendront les comp\u00e9tences et les connaissances n\u00e9cessaires pour int\u00e9grer les drones dans de plus vastes op\u00e9rations en se concentrant sur la d\u00e9congestion de l\u2019espace a\u00e9rien, l\u2019int\u00e9gration multidomaine, les capacit\u00e9s de frappe et la synchronisation du renseignement, de la surveillance et de la reconnaissance.<\/p>\n<p style=\"font-weight: 400;\">Le centre d\u2019innovation et d\u2019exp\u00e9rimentation d\u00e9veloppera, testera et \u00e9valuera les capacit\u00e9s \u00e9mergentes en se concentrant sur des solutions \u00e9conomiques et \u00e9volutives pour les op\u00e9rations de contre-terrorisme et de s\u00e9curit\u00e9 r\u00e9gionale. Le but du centre est de former des partenariats avec le monde universitaire en int\u00e9grant les experts et les institutions dans des \u00e9quipes de conception pluridisciplinaires.<\/p>\n<p style=\"font-weight: 400;\">Le g\u00e9n\u00e9ral Dagvin Anderson, commandant d\u2019AFRICOM, a d\u00e9clar\u00e9\u00a0: \u00ab\u00a0Le Centre d\u2019entra\u00eenement et d\u2019exp\u00e9rimentation militaire multidomaine pour l\u2019Afrique am\u00e9liorera l\u2019\u00e9tat de pr\u00e9paration et d\u00e9veloppera les capacit\u00e9s des deux pays. Ce partenariat repr\u00e9sente une excellente opportunit\u00e9 pour les bases industrielles de d\u00e9fense am\u00e9ricaines et africaines, ainsi que pour les \u00e9tablissements universitaires, en vue d\u2019exp\u00e9rimenter, d\u2019innover et de d\u00e9velopper des solutions \u00e9volutives et adaptables dans les technologies \u00e9mergentes.\u00a0\u00bb<\/p>\n<p style=\"font-weight: 400;\">L\u2019AMTEC souhaite b\u00e2tir des nouvelles capacit\u00e9s de r\u00e9seau dans les zones distantes et d\u00e9favoris\u00e9es, afin de soutenir un d\u00e9veloppement s\u00e9curitaire et \u00e9conomique tout en offrant aux concepteurs des industries de d\u00e9fense marocaine et am\u00e9ricaine des opportunit\u00e9s pour tester et exp\u00e9rimenter. La colonel Gacheru anticipe que l\u2019AMTEC servira de banc d\u2019essai pour les futures technologies sans fil et les syst\u00e8mes de d\u00e9tection.<\/p>\n<p style=\"font-weight: 400;\">\u00ab\u00a0L\u2019AMTEC n\u2019est pas simplement un outil militaire\u00a0; il repr\u00e9sente un moteur de croissance \u00e9conomique future et de progr\u00e8s technologique pour le Maroc, les \u00c9tats-Unis et toute la r\u00e9gion, dit-il. Le centre offrira un environnement id\u00e9al pour que les secteurs de d\u00e9fense, technologiques et universitaires des deux pays testent, \u00e9valuent et am\u00e9liorent les technologies \u00e9mergentes en int\u00e9grant des experts et des institutions universitaires aux c\u00f4t\u00e9s des op\u00e9rateurs militaires au sein d\u2019\u00e9quipes de conception pluridisciplinaires, pour ainsi encourager l\u2019innovation et la collaboration.\u00a0\u00bb<\/p>\n<p style=\"font-weight: 400;\">L\u2019exercice annuel African Lion 2027, organis\u00e9 au Maroc, servira de d\u00e9monstrateur pour l\u2019AMTEC. Cet exercice est devenu un terrain d\u2019essai pour int\u00e9grer les syst\u00e8mes de haute technologie dans les environnements op\u00e9rationnels, o\u00f9 les partenaires de l\u2019industrie travaillent avec les forces arm\u00e9es pour tester les syst\u00e8mes ax\u00e9s sur l\u2019intelligence artificielle, les plateformes autonomes et les outils de communication de pointe.<\/p>\n<p style=\"font-weight: 400;\">Puisque le Sahel est devenu l\u2019\u00e9picentre mondial du terrorisme, les partenariats et la collaboration sont essentiels, d\u00e9clare le colonel Gacheru. Alors que les pays africains s\u2019unissent pour affronter ensemble la menace croissante du terrorisme, on anticipe que le Maroc jouera un r\u00f4le cl\u00e9 en tant que chef de file de l\u2019industrie de la d\u00e9fense.<\/p>\n<p style=\"font-weight: 400;\">\u00ab\u00a0L\u2019AMTEC offrira un espace collaboratif o\u00f9 des relations de confiance peuvent \u00eatre b\u00e2ties, ainsi que les capacit\u00e9s qui permettront aux pays africains d\u2019assurer leur propre s\u00e9curit\u00e9 territoriale et d\u2019emp\u00eacher les groupes terroristes de cro\u00eetre, recruter et conduire des op\u00e9rations.\u00a0\u00bb<\/p>\n","protected":false},"excerpt":{"rendered":"<p>Des plans sont \u00e9labor\u00e9s au Maroc pour construire le Centre d\u2019entra\u00eenement et d\u2019exp\u00e9rimentation militaire multidomaine pour l\u2019Afrique (AMTEC), qui promet de servir de phare pour l\u2019entra\u00eenement s\u00e9curitaire et militaire pr\u00e9sent et futur sur le continent. L\u2019AMTEC, pr\u00e9vu pour ouvrir ses portes \u00e0 Tan-Tan d\u00e8s 2030, comprendra trois \u00e9l\u00e9ments\u00a0: une zone d\u2019entra\u00eenement multidomaine, une acad\u00e9mie des<\/p>\n","protected":false},"author":1,"featured_media":138847,"comment_status":"open","ping_status":"closed","sticky":false,"template":"","format":"standard","meta":{"_acf_changed":false,"_monsterinsights_skip_tracking":false,"_uf_show_specific_survey":0,"_uf_disable_surveys":false,"footnotes":""},"categories":[331],"tags":[565,1396,1192,487],"class_list":["post-138852","post","type-post","status-publish","format-standard","has-post-thumbnail","category-dernieres-nouvelles","tag-afrique-de-louest","tag-exercice-de-formation","tag-morocco-fr","tag-sahel-fr"],"acf":[],"yoast_head":"<!-- This site is optimized with the Yoast SEO plugin v28.3 - https:\/\/yoast.com\/product\/yoast-seo-wordpress\/ -->\n<title>Les \u00c9tats-Unis et le Maroc construisent un centre de formation militaire - Africa Defense Forum<\/title>\n<meta name=\"robots\" content=\"index, follow, max-snippet:-1, max-image-preview:large, max-video-preview:-1\" \/>\n<link rel=\"canonical\" href=\"https:\/\/adf-magazine.com\/ar\/?p=138854\" \/>\n<meta property=\"og:locale\" content=\"fr_FR\" \/>\n<meta property=\"og:type\" content=\"article\" \/>\n<meta property=\"og:title\" content=\"Les \u00c9tats-Unis et le Maroc construisent un centre de formation militaire - Africa Defense Forum\" \/>\n<meta property=\"og:description\" content=\"Des plans sont \u00e9labor\u00e9s au Maroc pour construire le Centre d\u2019entra\u00eenement et d\u2019exp\u00e9rimentation militaire multidomaine pour l\u2019Afrique (AMTEC), qui promet de servir de phare pour l\u2019entra\u00eenement s\u00e9curitaire et militaire pr\u00e9sent et futur sur le continent. L\u2019AMTEC, pr\u00e9vu pour ouvrir ses portes \u00e0 Tan-Tan d\u00e8s 2030, comprendra trois \u00e9l\u00e9ments\u00a0: une zone d\u2019entra\u00eenement multidomaine, une acad\u00e9mie des\" \/>\n<meta property=\"og:url\" content=\"https:\/\/adf-magazine.com\/ar\/?p=138854\" \/>\n<meta property=\"og:site_name\" content=\"Africa Defense Forum\" \/>\n<meta property=\"article:publisher\" content=\"https:\/\/www.facebook.com\/ADFmagazine\/\" \/>\n<meta property=\"article:published_time\" content=\"2026-08-11T18:24:58+00:00\" \/>\n<meta property=\"article:modified_time\" content=\"2026-08-11T18:25:17+00:00\" \/>\n<meta property=\"og:image\" content=\"https:\/\/adf-magazine.com\/wp-content\/uploads\/2026\/08\/AMTEC2.webp\" \/>\n\t<meta property=\"og:image:width\" content=\"1080\" \/>\n\t<meta property=\"og:image:height\" content=\"720\" \/>\n\t<meta property=\"og:image:type\" content=\"image\/webp\" \/>\n<meta name=\"author\" content=\"ADF\" \/>\n<meta name=\"twitter:card\" content=\"summary_large_image\" \/>\n<meta name=\"twitter:creator\" content=\"@ADFmagazine\" \/>\n<meta name=\"twitter:site\" content=\"@ADFmagazine\" \/>\n<meta name=\"twitter:label1\" content=\"\u00c9crit par\" \/>\n\t<meta name=\"twitter:data1\" content=\"ADF\" \/>\n\t<meta name=\"twitter:label2\" content=\"Dur\u00e9e de lecture estim\u00e9e\" \/>\n\t<meta name=\"twitter:data2\" content=\"5 minutes\" \/>\n<script type=\"application\/ld+json\" class=\"yoast-schema-graph\">{\"@context\":\"https:\\\/\\\/schema.org\",\"@graph\":[{\"@type\":\"Article\",\"@id\":\"https:\\\/\\\/adf-magazine.com\\\/ar\\\/?p=138854#article\",\"isPartOf\":{\"@id\":\"https:\\\/\\\/adf-magazine.com\\\/ar\\\/?p=138854\"},\"author\":{\"name\":\"ADF\",\"@id\":\"https:\\\/\\\/adf-magazine.com\\\/#\\\/schema\\\/person\\\/f266a6061389568b5a11465bb38bc025\"},\"headline\":\"Les \u00c9tats-Unis et le Maroc construisent un centre de formation militaire\",\"datePublished\":\"2026-08-11T18:24:58+00:00\",\"dateModified\":\"2026-08-11T18:25:17+00:00\",\"mainEntityOfPage\":{\"@id\":\"https:\\\/\\\/adf-magazine.com\\\/ar\\\/?p=138854\"},\"wordCount\":1024,\"commentCount\":0,\"image\":{\"@id\":\"https:\\\/\\\/adf-magazine.com\\\/ar\\\/?p=138854#primaryimage\"},\"thumbnailUrl\":\"https:\\\/\\\/adf-magazine.com\\\/wp-content\\\/uploads\\\/2026\\\/08\\\/AMTEC2.webp\",\"keywords\":[\"Afrique de l\u2019Ouest\",\"exercice de formation\",\"Morocco\",\"Sahel\"],\"articleSection\":[\"Actualit\u00e9s du Jour\"],\"inLanguage\":\"fr-FR\",\"potentialAction\":[{\"@type\":\"CommentAction\",\"name\":\"Comment\",\"target\":[\"https:\\\/\\\/adf-magazine.com\\\/ar\\\/?p=138854#respond\"]}]},{\"@type\":\"WebPage\",\"@id\":\"https:\\\/\\\/adf-magazine.com\\\/ar\\\/?p=138854\",\"url\":\"https:\\\/\\\/adf-magazine.com\\\/ar\\\/?p=138854\",\"name\":\"Les \u00c9tats-Unis et le Maroc construisent un centre de formation militaire - Africa Defense Forum\",\"isPartOf\":{\"@id\":\"https:\\\/\\\/adf-magazine.com\\\/#website\"},\"primaryImageOfPage\":{\"@id\":\"https:\\\/\\\/adf-magazine.com\\\/ar\\\/?p=138854#primaryimage\"},\"image\":{\"@id\":\"https:\\\/\\\/adf-magazine.com\\\/ar\\\/?p=138854#primaryimage\"},\"thumbnailUrl\":\"https:\\\/\\\/adf-magazine.com\\\/wp-content\\\/uploads\\\/2026\\\/08\\\/AMTEC2.webp\",\"datePublished\":\"2026-08-11T18:24:58+00:00\",\"dateModified\":\"2026-08-11T18:25:17+00:00\",\"author\":{\"@id\":\"https:\\\/\\\/adf-magazine.com\\\/#\\\/schema\\\/person\\\/f266a6061389568b5a11465bb38bc025\"},\"breadcrumb\":{\"@id\":\"https:\\\/\\\/adf-magazine.com\\\/ar\\\/?p=138854#breadcrumb\"},\"inLanguage\":\"fr-FR\",\"potentialAction\":[{\"@type\":\"ReadAction\",\"target\":[\"https:\\\/\\\/adf-magazine.com\\\/ar\\\/?p=138854\"]}]},{\"@type\":\"ImageObject\",\"inLanguage\":\"fr-FR\",\"@id\":\"https:\\\/\\\/adf-magazine.com\\\/ar\\\/?p=138854#primaryimage\",\"url\":\"https:\\\/\\\/adf-magazine.com\\\/wp-content\\\/uploads\\\/2026\\\/08\\\/AMTEC2.webp\",\"contentUrl\":\"https:\\\/\\\/adf-magazine.com\\\/wp-content\\\/uploads\\\/2026\\\/08\\\/AMTEC2.webp\",\"width\":1080,\"height\":720,\"caption\":\"Le g\u00e9n\u00e9ral Mohammed Berrid des Forces arm\u00e9es royales du Maroc (\u00e0 droite) et le g\u00e9n\u00e9ral Dagvin Anderson, commandant d\u2019AFRICOM, se serrent la main \u00e0 Stuttgart (Allemagne) le 13 juillet 2026 apr\u00e8s avoir sign\u00e9 des accords pour \u00e9tablir le Centre d\u2019entra\u00eenement et d\u2019exp\u00e9rimentation militaire multidomaine pour l\u2019Afrique \u00e0 Tan-Tan (Maroc) d\u00e8s 2030. DAVID KIMERY\\\/AFRICOM\"},{\"@type\":\"BreadcrumbList\",\"@id\":\"https:\\\/\\\/adf-magazine.com\\\/ar\\\/?p=138854#breadcrumb\",\"itemListElement\":[{\"@type\":\"ListItem\",\"position\":1,\"name\":\"page d\u2019accueil\",\"item\":\"https:\\\/\\\/adf-magazine.com\\\/pt-pt\\\/\"},{\"@type\":\"ListItem\",\"position\":2,\"name\":\"Les \u00c9tats-Unis et le Maroc construisent un centre de formation militaire\"}]},{\"@type\":\"WebSite\",\"@id\":\"https:\\\/\\\/adf-magazine.com\\\/#website\",\"url\":\"https:\\\/\\\/adf-magazine.com\\\/\",\"name\":\"Africa Defense Forum\",\"description\":\"Africa Defense Forum\",\"potentialAction\":[{\"@type\":\"SearchAction\",\"target\":{\"@type\":\"EntryPoint\",\"urlTemplate\":\"https:\\\/\\\/adf-magazine.com\\\/?s={search_term_string}\"},\"query-input\":{\"@type\":\"PropertyValueSpecification\",\"valueRequired\":true,\"valueName\":\"search_term_string\"}}],\"inLanguage\":\"fr-FR\"},{\"@type\":\"Person\",\"@id\":\"https:\\\/\\\/adf-magazine.com\\\/#\\\/schema\\\/person\\\/f266a6061389568b5a11465bb38bc025\",\"name\":\"ADF\",\"image\":{\"@type\":\"ImageObject\",\"inLanguage\":\"fr-FR\",\"@id\":\"https:\\\/\\\/adf-magazine.com\\\/wp-content\\\/uploads\\\/2020\\\/05\\\/cropped-ADF_icon.jpg\",\"url\":\"https:\\\/\\\/adf-magazine.com\\\/wp-content\\\/uploads\\\/2020\\\/05\\\/cropped-ADF_icon.jpg\",\"contentUrl\":\"https:\\\/\\\/adf-magazine.com\\\/wp-content\\\/uploads\\\/2020\\\/05\\\/cropped-ADF_icon.jpg\",\"caption\":\"ADF\"},\"description\":\"ADF is a professional military magazine published quarterly by U.S. Africa Command to provide an international forum for African security professionals. ADF covers topics such as counter terrorism strategies, security and defense operations, transnational crime, and all other issues affecting peace, stability, and good governance on the African continent.\",\"sameAs\":[\"https:\\\/\\\/x.com\\\/ADFmagazine\"],\"url\":\"https:\\\/\\\/adf-magazine.com\\\/fr\\\/author\\\/adf\\\/\"}]}<\/script>\n<!-- \/ Yoast SEO plugin. -->","yoast_head_json":{"title":"Les \u00c9tats-Unis et le Maroc construisent un centre de formation militaire - Africa Defense Forum","robots":{"index":"index","follow":"follow","max-snippet":"max-snippet:-1","max-image-preview":"max-image-preview:large","max-video-preview":"max-video-preview:-1"},"canonical":"https:\/\/adf-magazine.com\/ar\/?p=138854","og_locale":"fr_FR","og_type":"article","og_title":"Les \u00c9tats-Unis et le Maroc construisent un centre de formation militaire - Africa Defense Forum","og_description":"Des plans sont \u00e9labor\u00e9s au Maroc pour construire le Centre d\u2019entra\u00eenement et d\u2019exp\u00e9rimentation militaire multidomaine pour l\u2019Afrique (AMTEC), qui promet de servir de phare pour l\u2019entra\u00eenement s\u00e9curitaire et militaire pr\u00e9sent et futur sur le continent. L\u2019AMTEC, pr\u00e9vu pour ouvrir ses portes \u00e0 Tan-Tan d\u00e8s 2030, comprendra trois \u00e9l\u00e9ments\u00a0: une zone d\u2019entra\u00eenement multidomaine, une acad\u00e9mie des","og_url":"https:\/\/adf-magazine.com\/ar\/?p=138854","og_site_name":"Africa Defense Forum","article_publisher":"https:\/\/www.facebook.com\/ADFmagazine\/","article_published_time":"2026-08-11T18:24:58+00:00","article_modified_time":"2026-08-11T18:25:17+00:00","og_image":[{"width":1080,"height":720,"url":"https:\/\/adf-magazine.com\/wp-content\/uploads\/2026\/08\/AMTEC2.webp","type":"image\/webp"}],"author":"ADF","twitter_card":"summary_large_image","twitter_creator":"@ADFmagazine","twitter_site":"@ADFmagazine","twitter_misc":{"\u00c9crit par":"ADF","Dur\u00e9e de lecture estim\u00e9e":"5 minutes"},"schema":{"@context":"https:\/\/schema.org","@graph":[{"@type":"Article","@id":"https:\/\/adf-magazine.com\/ar\/?p=138854#article","isPartOf":{"@id":"https:\/\/adf-magazine.com\/ar\/?p=138854"},"author":{"name":"ADF","@id":"https:\/\/adf-magazine.com\/#\/schema\/person\/f266a6061389568b5a11465bb38bc025"},"headline":"Les \u00c9tats-Unis et le Maroc construisent un centre de formation militaire","datePublished":"2026-08-11T18:24:58+00:00","dateModified":"2026-08-11T18:25:17+00:00","mainEntityOfPage":{"@id":"https:\/\/adf-magazine.com\/ar\/?p=138854"},"wordCount":1024,"commentCount":0,"image":{"@id":"https:\/\/adf-magazine.com\/ar\/?p=138854#primaryimage"},"thumbnailUrl":"https:\/\/adf-magazine.com\/wp-content\/uploads\/2026\/08\/AMTEC2.webp","keywords":["Afrique de l\u2019Ouest","exercice de formation","Morocco","Sahel"],"articleSection":["Actualit\u00e9s du Jour"],"inLanguage":"fr-FR","potentialAction":[{"@type":"CommentAction","name":"Comment","target":["https:\/\/adf-magazine.com\/ar\/?p=138854#respond"]}]},{"@type":"WebPage","@id":"https:\/\/adf-magazine.com\/ar\/?p=138854","url":"https:\/\/adf-magazine.com\/ar\/?p=138854","name":"Les \u00c9tats-Unis et le Maroc construisent un centre de formation militaire - Africa Defense Forum","isPartOf":{"@id":"https:\/\/adf-magazine.com\/#website"},"primaryImageOfPage":{"@id":"https:\/\/adf-magazine.com\/ar\/?p=138854#primaryimage"},"image":{"@id":"https:\/\/adf-magazine.com\/ar\/?p=138854#primaryimage"},"thumbnailUrl":"https:\/\/adf-magazine.com\/wp-content\/uploads\/2026\/08\/AMTEC2.webp","datePublished":"2026-08-11T18:24:58+00:00","dateModified":"2026-08-11T18:25:17+00:00","author":{"@id":"https:\/\/adf-magazine.com\/#\/schema\/person\/f266a6061389568b5a11465bb38bc025"},"breadcrumb":{"@id":"https:\/\/adf-magazine.com\/ar\/?p=138854#breadcrumb"},"inLanguage":"fr-FR","potentialAction":[{"@type":"ReadAction","target":["https:\/\/adf-magazine.com\/ar\/?p=138854"]}]},{"@type":"ImageObject","inLanguage":"fr-FR","@id":"https:\/\/adf-magazine.com\/ar\/?p=138854#primaryimage","url":"https:\/\/adf-magazine.com\/wp-content\/uploads\/2026\/08\/AMTEC2.webp","contentUrl":"https:\/\/adf-magazine.com\/wp-content\/uploads\/2026\/08\/AMTEC2.webp","width":1080,"height":720,"caption":"Le g\u00e9n\u00e9ral Mohammed Berrid des Forces arm\u00e9es royales du Maroc (\u00e0 droite) et le g\u00e9n\u00e9ral Dagvin Anderson, commandant d\u2019AFRICOM, se serrent la main \u00e0 Stuttgart (Allemagne) le 13 juillet 2026 apr\u00e8s avoir sign\u00e9 des accords pour \u00e9tablir le Centre d\u2019entra\u00eenement et d\u2019exp\u00e9rimentation militaire multidomaine pour l\u2019Afrique \u00e0 Tan-Tan (Maroc) d\u00e8s 2030. DAVID KIMERY\/AFRICOM"},{"@type":"BreadcrumbList","@id":"https:\/\/adf-magazine.com\/ar\/?p=138854#breadcrumb","itemListElement":[{"@type":"ListItem","position":1,"name":"page d\u2019accueil","item":"https:\/\/adf-magazine.com\/pt-pt\/"},{"@type":"ListItem","position":2,"name":"Les \u00c9tats-Unis et le Maroc construisent un centre de formation militaire"}]},{"@type":"WebSite","@id":"https:\/\/adf-magazine.com\/#website","url":"https:\/\/adf-magazine.com\/","name":"Africa Defense Forum","description":"Africa Defense Forum","potentialAction":[{"@type":"SearchAction","target":{"@type":"EntryPoint","urlTemplate":"https:\/\/adf-magazine.com\/?s={search_term_string}"},"query-input":{"@type":"PropertyValueSpecification","valueRequired":true,"valueName":"search_term_string"}}],"inLanguage":"fr-FR"},{"@type":"Person","@id":"https:\/\/adf-magazine.com\/#\/schema\/person\/f266a6061389568b5a11465bb38bc025","name":"ADF","image":{"@type":"ImageObject","inLanguage":"fr-FR","@id":"https:\/\/adf-magazine.com\/wp-content\/uploads\/2020\/05\/cropped-ADF_icon.jpg","url":"https:\/\/adf-magazine.com\/wp-content\/uploads\/2020\/05\/cropped-ADF_icon.jpg","contentUrl":"https:\/\/adf-magazine.com\/wp-content\/uploads\/2020\/05\/cropped-ADF_icon.jpg","caption":"ADF"},"description":"ADF is a professional military magazine published quarterly by U.S. Africa Command to provide an international forum for African security professionals. ADF covers topics such as counter terrorism strategies, security and defense operations, transnational crime, and all other issues affecting peace, stability, and good governance on the African continent.","sameAs":["https:\/\/x.com\/ADFmagazine"],"url":"https:\/\/adf-magazine.com\/fr\/author\/adf\/"}]}},"_links":{"self":[{"href":"https:\/\/adf-magazine.com\/fr\/wp-json\/wp\/v2\/posts\/138852","targetHints":{"allow":["GET"]}}],"collection":[{"href":"https:\/\/adf-magazine.com\/fr\/wp-json\/wp\/v2\/posts"}],"about":[{"href":"https:\/\/adf-magazine.com\/fr\/wp-json\/wp\/v2\/types\/post"}],"author":[{"embeddable":true,"href":"https:\/\/adf-magazine.com\/fr\/wp-json\/wp\/v2\/users\/1"}],"replies":[{"embeddable":true,"href":"https:\/\/adf-magazine.com\/fr\/wp-json\/wp\/v2\/comments?post=138852"}],"version-history":[{"count":1,"href":"https:\/\/adf-magazine.com\/fr\/wp-json\/wp\/v2\/posts\/138852\/revisions"}],"predecessor-version":[{"id":138853,"href":"https:\/\/adf-magazine.com\/fr\/wp-json\/wp\/v2\/posts\/138852\/revisions\/138853"}],"wp:featuredmedia":[{"embeddable":true,"href":"https:\/\/adf-magazine.com\/fr\/wp-json\/wp\/v2\/media\/138847"}],"wp:attachment":[{"href":"https:\/\/adf-magazine.com\/fr\/wp-json\/wp\/v2\/media?parent=138852"}],"wp:term":[{"taxonomy":"category","embeddable":true,"href":"https:\/\/adf-magazine.com\/fr\/wp-json\/wp\/v2\/categories?post=138852"},{"taxonomy":"post_tag","embeddable":true,"href":"https:\/\/adf-magazine.com\/fr\/wp-json\/wp\/v2\/tags?post=138852"}],"curies":[{"name":"wp","href":"https:\/\/api.w.org\/{rel}","templated":true}]}}